{"id":238429,"date":"2024-08-04T07:16:35","date_gmt":"2024-08-04T11:16:35","guid":{"rendered":"https:\/\/www.eldiario.net\/portal\/?p=238429"},"modified":"2024-08-04T07:16:35","modified_gmt":"2024-08-04T11:16:35","slug":"dolar-paralelo-sigue-subiendo-y-gobierno-sin-soluciones-solo-pretextos","status":"publish","type":"post","link":"https:\/\/www.eldiario.net\/portal\/2024\/08\/04\/dolar-paralelo-sigue-subiendo-y-gobierno-sin-soluciones-solo-pretextos\/","title":{"rendered":"D\u00f3lar paralelo sigue subiendo y  Gobierno sin soluciones solo pretextos"},"content":{"rendered":"<p>El d\u00f3lar estadounidense mantiene una tendencia alcista en el mercado paralelo, que supera en algunos casos los 15 bolivianos, y el Gobierno sin dar soluci\u00f3n a la escasez de divisas, solo pretextos.<br \/>\nLos diferentes reportes de medios digitales muestran el incremento del precio del d\u00f3lar en el mercado nacional, en especial en las fronteras, donde la divisa ya se cotizaba por encima de los 9 bolivianos.<br \/>\nEl pasado fin de semana, se report\u00f3 que en Santa Cruz ya habr\u00eda superado la barrera de los 15 bolivianos y que al paso que se iba hasta fin de a\u00f1o podr\u00eda pasar los 20 bolivianos; mientras el Gobierno no brinda soluciones, s\u00f3lo pretextos, seg\u00fan los economistas.<br \/>\nEl origen del d\u00f3lar paralelo fue provocado por la decisi\u00f3n del Banco Central de Bolivia (BCB) en 2023, cuando fij\u00f3 un tipo de cambio preferencial para los exportadores, con el fin de aumentar las divisas en la entidad emisora.<br \/>\nSin embargo, la soluci\u00f3n no lleg\u00f3 y en febrero de la presente gesti\u00f3n con el fin de generar d\u00f3lares lanz\u00f3 el Bono BCB en d\u00f3lares, cuya recaudaci\u00f3n alcanz\u00f3 m\u00e1s de 250 millones de d\u00f3lares, debido a la compra realizada por la Gestora con los ahorros de los aportantes.<br \/>\nLamentablemente las autoridades a la fecha no presentaron una posici\u00f3n respecto a la subida del d\u00f3lar en el mercado paralelo y s\u00f3lo el viceministro de Defensa del Consumidor, Jorge Silva, atin\u00f3 a decir que denuncien a los librecambistas y a todo que venda d\u00f3lares por encima del oficial.<br \/>\nLos economistas recuerdan que el Gobierno fij\u00f3 el tipo de cambio fijo, y el BCB ser\u00eda el responsable de mantener el valor oficial, pero por la ca\u00edda de las reservas, en especial de las divisas, no puede cumplir con su tarea.<br \/>\nAhora, el economista Gonzalo Ch\u00e1vez plante\u00f3 una alternativa, volver al d\u00f3lar flexible \u201csucio\u201d, como \u00e9l lo denomina, para aliviar la presi\u00f3n.<\/p>\n","protected":false},"excerpt":{"rendered":"<p>El d\u00f3lar estadounidense mantiene una tendencia alcista en el mercado paralelo, que supera en algunos casos los 15 bolivianos, y el Gobierno sin dar soluci\u00f3n a la escasez de divisas, solo pretextos. Los diferentes reportes de medios digitales muestran el incremento del precio del d\u00f3lar en el mercado nacional, en especial en las fronteras, donde [&hellip;]<\/p>\n","protected":false},"author":1,"featured_media":194689,"comment_status":"open","ping_status":"open","sticky":false,"template":"","format":"standard","meta":{"_acf_changed":false,"footnotes":""},"categories":[7],"tags":[],"class_list":["post-238429","post","type-post","status-publish","format-standard","has-post-thumbnail","category-economia"],"acf":{"antetitulo":""},"yoast_head":"<!-- This site is optimized with the Yoast SEO plugin v28.3 - https:\/\/yoast.com\/product\/yoast-seo-wordpress\/ -->\n<title>D\u00f3lar paralelo sigue subiendo y Gobierno sin soluciones solo pretextos - El Diario - Bolivia<\/title>\n<meta name=\"robots\" content=\"index, follow, max-snippet:-1, max-image-preview:large, max-video-preview:-1\" \/>\n<link rel=\"canonical\" href=\"https:\/\/www.eldiario.net\/portal\/2024\/08\/04\/dolar-paralelo-sigue-subiendo-y-gobierno-sin-soluciones-solo-pretextos\/\" \/>\n<meta property=\"og:locale\" content=\"es_ES\" \/>\n<meta property=\"og:type\" content=\"article\" \/>\n<meta property=\"og:title\" content=\"D\u00f3lar paralelo sigue subiendo y Gobierno sin soluciones solo pretextos - El Diario - Bolivia\" \/>\n<meta property=\"og:description\" content=\"El d\u00f3lar estadounidense mantiene una tendencia alcista en el mercado paralelo, que supera en algunos casos los 15 bolivianos, y el Gobierno sin dar soluci\u00f3n a la escasez de divisas, solo pretextos. Los diferentes reportes de medios digitales muestran el incremento del precio del d\u00f3lar en el mercado nacional, en especial en las fronteras, donde [&hellip;]\" \/>\n<meta property=\"og:url\" content=\"https:\/\/www.eldiario.net\/portal\/2024\/08\/04\/dolar-paralelo-sigue-subiendo-y-gobierno-sin-soluciones-solo-pretextos\/\" \/>\n<meta property=\"og:site_name\" content=\"El Diario - Bolivia\" \/>\n<meta property=\"article:publisher\" content=\"https:\/\/www.facebook.com\/eldiario.bolivia\/\" \/>\n<meta property=\"article:published_time\" content=\"2024-08-04T11:16:35+00:00\" \/>\n<meta property=\"og:image\" content=\"https:\/\/www.eldiario.net\/portal\/wp-content\/uploads\/2023\/12\/Economia.jpg\" \/>\n\t<meta property=\"og:image:width\" content=\"800\" \/>\n\t<meta property=\"og:image:height\" content=\"500\" \/>\n\t<meta property=\"og:image:type\" content=\"image\/jpeg\" \/>\n<meta name=\"author\" content=\"Jeanette\" \/>\n<meta name=\"twitter:card\" content=\"summary_large_image\" \/>\n<meta name=\"twitter:creator\" content=\"@eldiario_net\" \/>\n<meta name=\"twitter:site\" content=\"@eldiario_net\" \/>\n<meta name=\"twitter:label1\" content=\"Escrito por\" \/>\n\t<meta name=\"twitter:data1\" content=\"Jeanette\" \/>\n\t<meta name=\"twitter:label2\" content=\"Tiempo de lectura\" \/>\n\t<meta name=\"twitter:data2\" content=\"2 minutos\" \/>\n<script type=\"application\/ld+json\" class=\"yoast-schema-graph\">{\"@context\":\"https:\\\/\\\/schema.org\",\"@graph\":[{\"@type\":\"Article\",\"@id\":\"https:\\\/\\\/www.eldiario.net\\\/portal\\\/2024\\\/08\\\/04\\\/dolar-paralelo-sigue-subiendo-y-gobierno-sin-soluciones-solo-pretextos\\\/#article\",\"isPartOf\":{\"@id\":\"https:\\\/\\\/www.eldiario.net\\\/portal\\\/2024\\\/08\\\/04\\\/dolar-paralelo-sigue-subiendo-y-gobierno-sin-soluciones-solo-pretextos\\\/\"},\"author\":{\"name\":\"Jeanette\",\"@id\":\"https:\\\/\\\/www.eldiario.net\\\/portal\\\/#\\\/schema\\\/person\\\/f46445640444750d7d753ccd04ae01b7\"},\"headline\":\"D\u00f3lar paralelo sigue subiendo y Gobierno sin soluciones solo pretextos\",\"datePublished\":\"2024-08-04T11:16:35+00:00\",\"mainEntityOfPage\":{\"@id\":\"https:\\\/\\\/www.eldiario.net\\\/portal\\\/2024\\\/08\\\/04\\\/dolar-paralelo-sigue-subiendo-y-gobierno-sin-soluciones-solo-pretextos\\\/\"},\"wordCount\":341,\"commentCount\":0,\"publisher\":{\"@id\":\"https:\\\/\\\/www.eldiario.net\\\/portal\\\/#organization\"},\"image\":{\"@id\":\"https:\\\/\\\/www.eldiario.net\\\/portal\\\/2024\\\/08\\\/04\\\/dolar-paralelo-sigue-subiendo-y-gobierno-sin-soluciones-solo-pretextos\\\/#primaryimage\"},\"thumbnailUrl\":\"https:\\\/\\\/www.eldiario.net\\\/portal\\\/wp-content\\\/uploads\\\/2023\\\/12\\\/Economia.jpg\",\"articleSection\":[\"Econom\u00eda\"],\"inLanguage\":\"es\",\"potentialAction\":[{\"@type\":\"CommentAction\",\"name\":\"Comment\",\"target\":[\"https:\\\/\\\/www.eldiario.net\\\/portal\\\/2024\\\/08\\\/04\\\/dolar-paralelo-sigue-subiendo-y-gobierno-sin-soluciones-solo-pretextos\\\/#respond\"]}]},{\"@type\":\"WebPage\",\"@id\":\"https:\\\/\\\/www.eldiario.net\\\/portal\\\/2024\\\/08\\\/04\\\/dolar-paralelo-sigue-subiendo-y-gobierno-sin-soluciones-solo-pretextos\\\/\",\"url\":\"https:\\\/\\\/www.eldiario.net\\\/portal\\\/2024\\\/08\\\/04\\\/dolar-paralelo-sigue-subiendo-y-gobierno-sin-soluciones-solo-pretextos\\\/\",\"name\":\"D\u00f3lar paralelo sigue subiendo y Gobierno sin soluciones solo pretextos - El Diario - Bolivia\",\"isPartOf\":{\"@id\":\"https:\\\/\\\/www.eldiario.net\\\/portal\\\/#website\"},\"primaryImageOfPage\":{\"@id\":\"https:\\\/\\\/www.eldiario.net\\\/portal\\\/2024\\\/08\\\/04\\\/dolar-paralelo-sigue-subiendo-y-gobierno-sin-soluciones-solo-pretextos\\\/#primaryimage\"},\"image\":{\"@id\":\"https:\\\/\\\/www.eldiario.net\\\/portal\\\/2024\\\/08\\\/04\\\/dolar-paralelo-sigue-subiendo-y-gobierno-sin-soluciones-solo-pretextos\\\/#primaryimage\"},\"thumbnailUrl\":\"https:\\\/\\\/www.eldiario.net\\\/portal\\\/wp-content\\\/uploads\\\/2023\\\/12\\\/Economia.jpg\",\"datePublished\":\"2024-08-04T11:16:35+00:00\",\"breadcrumb\":{\"@id\":\"https:\\\/\\\/www.eldiario.net\\\/portal\\\/2024\\\/08\\\/04\\\/dolar-paralelo-sigue-subiendo-y-gobierno-sin-soluciones-solo-pretextos\\\/#breadcrumb\"},\"inLanguage\":\"es\",\"potentialAction\":[{\"@type\":\"ReadAction\",\"target\":[\"https:\\\/\\\/www.eldiario.net\\\/portal\\\/2024\\\/08\\\/04\\\/dolar-paralelo-sigue-subiendo-y-gobierno-sin-soluciones-solo-pretextos\\\/\"]}]},{\"@type\":\"ImageObject\",\"inLanguage\":\"es\",\"@id\":\"https:\\\/\\\/www.eldiario.net\\\/portal\\\/2024\\\/08\\\/04\\\/dolar-paralelo-sigue-subiendo-y-gobierno-sin-soluciones-solo-pretextos\\\/#primaryimage\",\"url\":\"https:\\\/\\\/www.eldiario.net\\\/portal\\\/wp-content\\\/uploads\\\/2023\\\/12\\\/Economia.jpg\",\"contentUrl\":\"https:\\\/\\\/www.eldiario.net\\\/portal\\\/wp-content\\\/uploads\\\/2023\\\/12\\\/Economia.jpg\",\"width\":800,\"height\":500},{\"@type\":\"BreadcrumbList\",\"@id\":\"https:\\\/\\\/www.eldiario.net\\\/portal\\\/2024\\\/08\\\/04\\\/dolar-paralelo-sigue-subiendo-y-gobierno-sin-soluciones-solo-pretextos\\\/#breadcrumb\",\"itemListElement\":[{\"@type\":\"ListItem\",\"position\":1,\"name\":\"Portada\",\"item\":\"https:\\\/\\\/www.eldiario.net\\\/portal\\\/\"},{\"@type\":\"ListItem\",\"position\":2,\"name\":\"D\u00f3lar paralelo sigue subiendo y Gobierno sin soluciones solo pretextos\"}]},{\"@type\":\"WebSite\",\"@id\":\"https:\\\/\\\/www.eldiario.net\\\/portal\\\/#website\",\"url\":\"https:\\\/\\\/www.eldiario.net\\\/portal\\\/\",\"name\":\"El Diario - Decano de la prensa nacional\",\"description\":\"El Diario - Decano de la prensa nacional\",\"publisher\":{\"@id\":\"https:\\\/\\\/www.eldiario.net\\\/portal\\\/#organization\"},\"potentialAction\":[{\"@type\":\"SearchAction\",\"target\":{\"@type\":\"EntryPoint\",\"urlTemplate\":\"https:\\\/\\\/www.eldiario.net\\\/portal\\\/?s={search_term_string}\"},\"query-input\":{\"@type\":\"PropertyValueSpecification\",\"valueRequired\":true,\"valueName\":\"search_term_string\"}}],\"inLanguage\":\"es\"},{\"@type\":\"Organization\",\"@id\":\"https:\\\/\\\/www.eldiario.net\\\/portal\\\/#organization\",\"name\":\"El Diario - Decano de la prensa nacional\",\"url\":\"https:\\\/\\\/www.eldiario.net\\\/portal\\\/\",\"logo\":{\"@type\":\"ImageObject\",\"inLanguage\":\"es\",\"@id\":\"https:\\\/\\\/www.eldiario.net\\\/portal\\\/#\\\/schema\\\/logo\\\/image\\\/\",\"url\":\"https:\\\/\\\/www.eldiario.net\\\/portal\\\/wp-content\\\/uploads\\\/2023\\\/07\\\/logo_ED.jpg\",\"contentUrl\":\"https:\\\/\\\/www.eldiario.net\\\/portal\\\/wp-content\\\/uploads\\\/2023\\\/07\\\/logo_ED.jpg\",\"width\":272,\"height\":52,\"caption\":\"El Diario - Decano de la prensa nacional\"},\"image\":{\"@id\":\"https:\\\/\\\/www.eldiario.net\\\/portal\\\/#\\\/schema\\\/logo\\\/image\\\/\"},\"sameAs\":[\"https:\\\/\\\/www.facebook.com\\\/eldiario.bolivia\\\/\",\"https:\\\/\\\/x.com\\\/eldiario_net\"]},{\"@type\":\"Person\",\"@id\":\"https:\\\/\\\/www.eldiario.net\\\/portal\\\/#\\\/schema\\\/person\\\/f46445640444750d7d753ccd04ae01b7\",\"name\":\"Jeanette\",\"image\":{\"@type\":\"ImageObject\",\"inLanguage\":\"es\",\"@id\":\"https:\\\/\\\/secure.gravatar.com\\\/avatar\\\/3ea2118a5f7dad2b7138b1187a6b7ee55f160b9968b66013c3a3ef39dd7e5798?s=96&d=mm&r=g\",\"url\":\"https:\\\/\\\/secure.gravatar.com\\\/avatar\\\/3ea2118a5f7dad2b7138b1187a6b7ee55f160b9968b66013c3a3ef39dd7e5798?s=96&d=mm&r=g\",\"contentUrl\":\"https:\\\/\\\/secure.gravatar.com\\\/avatar\\\/3ea2118a5f7dad2b7138b1187a6b7ee55f160b9968b66013c3a3ef39dd7e5798?s=96&d=mm&r=g\",\"caption\":\"Jeanette\"},\"sameAs\":[\"https:\\\/\\\/www.eldiario.net\\\/portal\"],\"url\":\"https:\\\/\\\/www.eldiario.net\\\/portal\\\/author\\\/jeanette\\\/\"}]}<\/script>\n<!-- \/ Yoast SEO plugin. -->","yoast_head_json":{"title":"D\u00f3lar paralelo sigue subiendo y Gobierno sin soluciones solo pretextos - El Diario - Bolivia","robots":{"index":"index","follow":"follow","max-snippet":"max-snippet:-1","max-image-preview":"max-image-preview:large","max-video-preview":"max-video-preview:-1"},"canonical":"https:\/\/www.eldiario.net\/portal\/2024\/08\/04\/dolar-paralelo-sigue-subiendo-y-gobierno-sin-soluciones-solo-pretextos\/","og_locale":"es_ES","og_type":"article","og_title":"D\u00f3lar paralelo sigue subiendo y Gobierno sin soluciones solo pretextos - El Diario - Bolivia","og_description":"El d\u00f3lar estadounidense mantiene una tendencia alcista en el mercado paralelo, que supera en algunos casos los 15 bolivianos, y el Gobierno sin dar soluci\u00f3n a la escasez de divisas, solo pretextos. Los diferentes reportes de medios digitales muestran el incremento del precio del d\u00f3lar en el mercado nacional, en especial en las fronteras, donde [&hellip;]","og_url":"https:\/\/www.eldiario.net\/portal\/2024\/08\/04\/dolar-paralelo-sigue-subiendo-y-gobierno-sin-soluciones-solo-pretextos\/","og_site_name":"El Diario - Bolivia","article_publisher":"https:\/\/www.facebook.com\/eldiario.bolivia\/","article_published_time":"2024-08-04T11:16:35+00:00","og_image":[{"width":800,"height":500,"url":"https:\/\/www.eldiario.net\/portal\/wp-content\/uploads\/2023\/12\/Economia.jpg","type":"image\/jpeg"}],"author":"Jeanette","twitter_card":"summary_large_image","twitter_creator":"@eldiario_net","twitter_site":"@eldiario_net","twitter_misc":{"Escrito por":"Jeanette","Tiempo de lectura":"2 minutos"},"schema":{"@context":"https:\/\/schema.org","@graph":[{"@type":"Article","@id":"https:\/\/www.eldiario.net\/portal\/2024\/08\/04\/dolar-paralelo-sigue-subiendo-y-gobierno-sin-soluciones-solo-pretextos\/#article","isPartOf":{"@id":"https:\/\/www.eldiario.net\/portal\/2024\/08\/04\/dolar-paralelo-sigue-subiendo-y-gobierno-sin-soluciones-solo-pretextos\/"},"author":{"name":"Jeanette","@id":"https:\/\/www.eldiario.net\/portal\/#\/schema\/person\/f46445640444750d7d753ccd04ae01b7"},"headline":"D\u00f3lar paralelo sigue subiendo y Gobierno sin soluciones solo pretextos","datePublished":"2024-08-04T11:16:35+00:00","mainEntityOfPage":{"@id":"https:\/\/www.eldiario.net\/portal\/2024\/08\/04\/dolar-paralelo-sigue-subiendo-y-gobierno-sin-soluciones-solo-pretextos\/"},"wordCount":341,"commentCount":0,"publisher":{"@id":"https:\/\/www.eldiario.net\/portal\/#organization"},"image":{"@id":"https:\/\/www.eldiario.net\/portal\/2024\/08\/04\/dolar-paralelo-sigue-subiendo-y-gobierno-sin-soluciones-solo-pretextos\/#primaryimage"},"thumbnailUrl":"https:\/\/www.eldiario.net\/portal\/wp-content\/uploads\/2023\/12\/Economia.jpg","articleSection":["Econom\u00eda"],"inLanguage":"es","potentialAction":[{"@type":"CommentAction","name":"Comment","target":["https:\/\/www.eldiario.net\/portal\/2024\/08\/04\/dolar-paralelo-sigue-subiendo-y-gobierno-sin-soluciones-solo-pretextos\/#respond"]}]},{"@type":"WebPage","@id":"https:\/\/www.eldiario.net\/portal\/2024\/08\/04\/dolar-paralelo-sigue-subiendo-y-gobierno-sin-soluciones-solo-pretextos\/","url":"https:\/\/www.eldiario.net\/portal\/2024\/08\/04\/dolar-paralelo-sigue-subiendo-y-gobierno-sin-soluciones-solo-pretextos\/","name":"D\u00f3lar paralelo sigue subiendo y Gobierno sin soluciones solo pretextos - El Diario - Bolivia","isPartOf":{"@id":"https:\/\/www.eldiario.net\/portal\/#website"},"primaryImageOfPage":{"@id":"https:\/\/www.eldiario.net\/portal\/2024\/08\/04\/dolar-paralelo-sigue-subiendo-y-gobierno-sin-soluciones-solo-pretextos\/#primaryimage"},"image":{"@id":"https:\/\/www.eldiario.net\/portal\/2024\/08\/04\/dolar-paralelo-sigue-subiendo-y-gobierno-sin-soluciones-solo-pretextos\/#primaryimage"},"thumbnailUrl":"https:\/\/www.eldiario.net\/portal\/wp-content\/uploads\/2023\/12\/Economia.jpg","datePublished":"2024-08-04T11:16:35+00:00","breadcrumb":{"@id":"https:\/\/www.eldiario.net\/portal\/2024\/08\/04\/dolar-paralelo-sigue-subiendo-y-gobierno-sin-soluciones-solo-pretextos\/#breadcrumb"},"inLanguage":"es","potentialAction":[{"@type":"ReadAction","target":["https:\/\/www.eldiario.net\/portal\/2024\/08\/04\/dolar-paralelo-sigue-subiendo-y-gobierno-sin-soluciones-solo-pretextos\/"]}]},{"@type":"ImageObject","inLanguage":"es","@id":"https:\/\/www.eldiario.net\/portal\/2024\/08\/04\/dolar-paralelo-sigue-subiendo-y-gobierno-sin-soluciones-solo-pretextos\/#primaryimage","url":"https:\/\/www.eldiario.net\/portal\/wp-content\/uploads\/2023\/12\/Economia.jpg","contentUrl":"https:\/\/www.eldiario.net\/portal\/wp-content\/uploads\/2023\/12\/Economia.jpg","width":800,"height":500},{"@type":"BreadcrumbList","@id":"https:\/\/www.eldiario.net\/portal\/2024\/08\/04\/dolar-paralelo-sigue-subiendo-y-gobierno-sin-soluciones-solo-pretextos\/#breadcrumb","itemListElement":[{"@type":"ListItem","position":1,"name":"Portada","item":"https:\/\/www.eldiario.net\/portal\/"},{"@type":"ListItem","position":2,"name":"D\u00f3lar paralelo sigue subiendo y Gobierno sin soluciones solo pretextos"}]},{"@type":"WebSite","@id":"https:\/\/www.eldiario.net\/portal\/#website","url":"https:\/\/www.eldiario.net\/portal\/","name":"El Diario - Decano de la prensa nacional","description":"El Diario - Decano de la prensa nacional","publisher":{"@id":"https:\/\/www.eldiario.net\/portal\/#organization"},"potentialAction":[{"@type":"SearchAction","target":{"@type":"EntryPoint","urlTemplate":"https:\/\/www.eldiario.net\/portal\/?s={search_term_string}"},"query-input":{"@type":"PropertyValueSpecification","valueRequired":true,"valueName":"search_term_string"}}],"inLanguage":"es"},{"@type":"Organization","@id":"https:\/\/www.eldiario.net\/portal\/#organization","name":"El Diario - Decano de la prensa nacional","url":"https:\/\/www.eldiario.net\/portal\/","logo":{"@type":"ImageObject","inLanguage":"es","@id":"https:\/\/www.eldiario.net\/portal\/#\/schema\/logo\/image\/","url":"https:\/\/www.eldiario.net\/portal\/wp-content\/uploads\/2023\/07\/logo_ED.jpg","contentUrl":"https:\/\/www.eldiario.net\/portal\/wp-content\/uploads\/2023\/07\/logo_ED.jpg","width":272,"height":52,"caption":"El Diario - Decano de la prensa nacional"},"image":{"@id":"https:\/\/www.eldiario.net\/portal\/#\/schema\/logo\/image\/"},"sameAs":["https:\/\/www.facebook.com\/eldiario.bolivia\/","https:\/\/x.com\/eldiario_net"]},{"@type":"Person","@id":"https:\/\/www.eldiario.net\/portal\/#\/schema\/person\/f46445640444750d7d753ccd04ae01b7","name":"Jeanette","image":{"@type":"ImageObject","inLanguage":"es","@id":"https:\/\/secure.gravatar.com\/avatar\/3ea2118a5f7dad2b7138b1187a6b7ee55f160b9968b66013c3a3ef39dd7e5798?s=96&d=mm&r=g","url":"https:\/\/secure.gravatar.com\/avatar\/3ea2118a5f7dad2b7138b1187a6b7ee55f160b9968b66013c3a3ef39dd7e5798?s=96&d=mm&r=g","contentUrl":"https:\/\/secure.gravatar.com\/avatar\/3ea2118a5f7dad2b7138b1187a6b7ee55f160b9968b66013c3a3ef39dd7e5798?s=96&d=mm&r=g","caption":"Jeanette"},"sameAs":["https:\/\/www.eldiario.net\/portal"],"url":"https:\/\/www.eldiario.net\/portal\/author\/jeanette\/"}]}},"_links":{"self":[{"href":"https:\/\/www.eldiario.net\/portal\/wp-json\/wp\/v2\/posts\/238429","targetHints":{"allow":["GET"]}}],"collection":[{"href":"https:\/\/www.eldiario.net\/portal\/wp-json\/wp\/v2\/posts"}],"about":[{"href":"https:\/\/www.eldiario.net\/portal\/wp-json\/wp\/v2\/types\/post"}],"author":[{"embeddable":true,"href":"https:\/\/www.eldiario.net\/portal\/wp-json\/wp\/v2\/users\/1"}],"replies":[{"embeddable":true,"href":"https:\/\/www.eldiario.net\/portal\/wp-json\/wp\/v2\/comments?post=238429"}],"version-history":[{"count":1,"href":"https:\/\/www.eldiario.net\/portal\/wp-json\/wp\/v2\/posts\/238429\/revisions"}],"predecessor-version":[{"id":238430,"href":"https:\/\/www.eldiario.net\/portal\/wp-json\/wp\/v2\/posts\/238429\/revisions\/238430"}],"wp:featuredmedia":[{"embeddable":true,"href":"https:\/\/www.eldiario.net\/portal\/wp-json\/wp\/v2\/media\/194689"}],"wp:attachment":[{"href":"https:\/\/www.eldiario.net\/portal\/wp-json\/wp\/v2\/media?parent=238429"}],"wp:term":[{"taxonomy":"category","embeddable":true,"href":"https:\/\/www.eldiario.net\/portal\/wp-json\/wp\/v2\/categories?post=238429"},{"taxonomy":"post_tag","embeddable":true,"href":"https:\/\/www.eldiario.net\/portal\/wp-json\/wp\/v2\/tags?post=238429"}],"curies":[{"name":"wp","href":"https:\/\/api.w.org\/{rel}","templated":true}]}}