{"id":238426,"date":"2024-08-04T07:15:44","date_gmt":"2024-08-04T11:15:44","guid":{"rendered":"https:\/\/www.eldiario.net\/portal\/?p=238426"},"modified":"2024-08-04T07:15:44","modified_gmt":"2024-08-04T11:15:44","slug":"plantearon-propuestas-en-la-reunion-de-evaluacion","status":"publish","type":"post","link":"https:\/\/www.eldiario.net\/portal\/2024\/08\/04\/plantearon-propuestas-en-la-reunion-de-evaluacion\/","title":{"rendered":"Plantearon propuestas en la reuni\u00f3n de evaluaci\u00f3n"},"content":{"rendered":"<p>En julio, empresarios y Gobierno se reunieron para evaluar los avances de los 10 puntos acordados en febrero de la presente gesti\u00f3n y el sector privado plante\u00f3 propuestas, que deber\u00e1n ser analizados por el \u00d3rgano Ejecutivo para su implementaci\u00f3n, ante la situaci\u00f3n delicada de la econom\u00eda nacional.<br \/>\nEl 23 y el 31 de julio pasado, una delegaci\u00f3n de la Confederaci\u00f3n de Empresarios Privados de Bolivia (CEPB), encabezada por su presidente Giovanni Ortu\u00f1o y conformada por los m\u00e1ximos representantes de la C\u00e1mara Nacional de Exportadores de Bolivia (Caneb), la Asociaci\u00f3n de Bancos Privados de Bolivia (Asoban), la Asociaci\u00f3n de Entidades Financieras Especializadas en Microfinanzas (Asofin), la Asociaci\u00f3n Nacional de Mineros Medianos (ANMM) y la C\u00e1mara Boliviana de Electricidad (CBE), se reunieron con el ministro de Econom\u00eda y Finanzas P\u00fablicas, Marcelo Montenegro y los viceministros del \u00e1rea, para evaluar los avances y resultados del Acuerdo de los 10 puntos y analizar la aplicaci\u00f3n de nuevas medidas que permitan enfrentar los problemas de la econom\u00eda.<br \/>\nAl respecto, el presidente de la CEPB, Giovanni Ortu\u00f1o, explic\u00f3 que desde mediados de julio se reactivaron los encuentros de coordinaci\u00f3n para evaluar el avance de los Acuerdos y analizar la implementaci\u00f3n de nuevas medidas, ante la persistencia de los problemas que ya se identificaron a principios de a\u00f1o y que se agravaron en las \u00faltimas semanas.<br \/>\n\u201cLos acuerdos del 19 de febrero son el resultado del proceso de di\u00e1logo p\u00fablico &#8211; privado iniciado con el presidente Luis Arce en 2023, que van a continuar implement\u00e1ndose, con ciertos ajustes. Sin embargo, la complejidad de la situaci\u00f3n actual y la aparici\u00f3n de nuevos conflictos nos demandan di\u00e1logo, coordinaci\u00f3n y reacci\u00f3n constante, que pueden ser m\u00e1s efectivos en espacios ya existentes. Lo que ahora corresponde es proponer y debatir nuevas medidas que logren enfrentar adecuadamente los problemas urgentes, es decir aquellos que no pueden esperar procesos y debates extensos y complejos\u201d, afirm\u00f3.<br \/>\nAsimismo, inform\u00f3 que en el di\u00e1logo con el ministro Montenegro se logr\u00f3 coincidir en algunas medidas en las \u00e1reas de exportaciones, energ\u00eda y producci\u00f3n, aunque aclar\u00f3 que \u00e9stas ser\u00e1n analizadas por el equipo econ\u00f3mico del gobierno y deber\u00e1n ser aprobadas por el propio Presidente.<br \/>\n\u201cHemos presentado propuestas, tanto de aplicaci\u00f3n inmediata como de car\u00e1cter estructural, pero tambi\u00e9n hemos escuchado las ideas y an\u00e1lisis de las autoridades, algunas de ellas coincidentes con las nuestras; en todo caso la decisi\u00f3n le corresponde al gobierno\u201d, se\u00f1al\u00f3.<br \/>\nOrtu\u00f1o fue enf\u00e1tico al indicar que \u201cel empresariado espera que las medidas propuestas y otras que sean pertinentes puedan ser anunciadas en el menor tiempo posible, ya que la situaci\u00f3n que enfrentan los sectores productivos, las regiones y la propia ciudadan\u00eda es cada vez m\u00e1s dif\u00edcil y demorar la toma de decisiones contribuye a los problemas\u201d.<\/p>\n<p>En relaci\u00f3n al di\u00e1logo p\u00fablico privado y el Acuerdo del 19 de febrero, lament\u00f3 que haya voces que pretenden negar o descalificar los avances logrados hasta hoy e insisti\u00f3 en que \u201cel di\u00e1logo es el \u00fanico camino que puede asegurarnos las mejores condiciones para enfrentar los problemas, porque no solamente permite encontrar consensos, sino que ampl\u00eda la visi\u00f3n del an\u00e1lisis y las opciones para alcanzar soluciones\u201d.<br \/>\nFinalmente expres\u00f3 su preocupaci\u00f3n por el incremento de medidas de presi\u00f3n que, en su criterio no debieran reemplazar al di\u00e1logo y el consenso \u201cEstamos en un momento muy dif\u00edcil para el pa\u00eds, y en este momento, todos los sectores econ\u00f3micos, pol\u00edticos y sociales, sin distinci\u00f3n y m\u00e1s all\u00e1 de cualquier diferencia, debemos asumir los mismos objetivos de reconocer y enfrentar la cr\u00edtica situaci\u00f3n y contribuir a las soluciones, y la \u00fanica forma de hacerlo es a trav\u00e9s del di\u00e1logo abierto, transparente, respetuoso y efectivo\u201d, finaliz\u00f3.<\/p>\n<p>&nbsp;<\/p>\n","protected":false},"excerpt":{"rendered":"<p>En julio, empresarios y Gobierno se reunieron para evaluar los avances de los 10 puntos acordados en febrero de la presente gesti\u00f3n y el sector privado plante\u00f3 propuestas, que deber\u00e1n ser analizados por el \u00d3rgano Ejecutivo para su implementaci\u00f3n, ante la situaci\u00f3n delicada de la econom\u00eda nacional. El 23 y el 31 de julio pasado, [&hellip;]<\/p>\n","protected":false},"author":1,"featured_media":238427,"comment_status":"open","ping_status":"open","sticky":false,"template":"","format":"standard","meta":{"_acf_changed":false,"footnotes":""},"categories":[7],"tags":[],"class_list":["post-238426","post","type-post","status-publish","format-standard","has-post-thumbnail","category-economia"],"acf":{"antetitulo":"Empresarios"},"yoast_head":"<!-- This site is optimized with the Yoast SEO plugin v28.3 - https:\/\/yoast.com\/product\/yoast-seo-wordpress\/ -->\n<title>Plantearon propuestas en la reuni\u00f3n de evaluaci\u00f3n - El Diario - Bolivia<\/title>\n<meta name=\"robots\" content=\"index, follow, max-snippet:-1, max-image-preview:large, max-video-preview:-1\" \/>\n<link rel=\"canonical\" href=\"https:\/\/www.eldiario.net\/portal\/2024\/08\/04\/plantearon-propuestas-en-la-reunion-de-evaluacion\/\" \/>\n<meta property=\"og:locale\" content=\"es_ES\" \/>\n<meta property=\"og:type\" content=\"article\" \/>\n<meta property=\"og:title\" content=\"Plantearon propuestas en la reuni\u00f3n de evaluaci\u00f3n - El Diario - Bolivia\" \/>\n<meta property=\"og:description\" content=\"En julio, empresarios y Gobierno se reunieron para evaluar los avances de los 10 puntos acordados en febrero de la presente gesti\u00f3n y el sector privado plante\u00f3 propuestas, que deber\u00e1n ser analizados por el \u00d3rgano Ejecutivo para su implementaci\u00f3n, ante la situaci\u00f3n delicada de la econom\u00eda nacional. El 23 y el 31 de julio pasado, [&hellip;]\" \/>\n<meta property=\"og:url\" content=\"https:\/\/www.eldiario.net\/portal\/2024\/08\/04\/plantearon-propuestas-en-la-reunion-de-evaluacion\/\" \/>\n<meta property=\"og:site_name\" content=\"El Diario - Bolivia\" \/>\n<meta property=\"article:publisher\" content=\"https:\/\/www.facebook.com\/eldiario.bolivia\/\" \/>\n<meta property=\"article:published_time\" content=\"2024-08-04T11:15:44+00:00\" \/>\n<meta property=\"og:image\" content=\"https:\/\/www.eldiario.net\/portal\/wp-content\/uploads\/2024\/08\/reunion.jpg\" \/>\n\t<meta property=\"og:image:width\" content=\"1081\" \/>\n\t<meta property=\"og:image:height\" content=\"720\" \/>\n\t<meta property=\"og:image:type\" content=\"image\/jpeg\" \/>\n<meta name=\"author\" content=\"Jeanette\" \/>\n<meta name=\"twitter:card\" content=\"summary_large_image\" \/>\n<meta name=\"twitter:creator\" content=\"@eldiario_net\" \/>\n<meta name=\"twitter:site\" content=\"@eldiario_net\" \/>\n<meta name=\"twitter:label1\" content=\"Escrito por\" \/>\n\t<meta name=\"twitter:data1\" content=\"Jeanette\" \/>\n\t<meta name=\"twitter:label2\" content=\"Tiempo de lectura\" \/>\n\t<meta name=\"twitter:data2\" content=\"3 minutos\" \/>\n<script type=\"application\/ld+json\" class=\"yoast-schema-graph\">{\"@context\":\"https:\\\/\\\/schema.org\",\"@graph\":[{\"@type\":\"Article\",\"@id\":\"https:\\\/\\\/www.eldiario.net\\\/portal\\\/2024\\\/08\\\/04\\\/plantearon-propuestas-en-la-reunion-de-evaluacion\\\/#article\",\"isPartOf\":{\"@id\":\"https:\\\/\\\/www.eldiario.net\\\/portal\\\/2024\\\/08\\\/04\\\/plantearon-propuestas-en-la-reunion-de-evaluacion\\\/\"},\"author\":{\"name\":\"Jeanette\",\"@id\":\"https:\\\/\\\/www.eldiario.net\\\/portal\\\/#\\\/schema\\\/person\\\/f46445640444750d7d753ccd04ae01b7\"},\"headline\":\"Plantearon propuestas en la reuni\u00f3n de evaluaci\u00f3n\",\"datePublished\":\"2024-08-04T11:15:44+00:00\",\"mainEntityOfPage\":{\"@id\":\"https:\\\/\\\/www.eldiario.net\\\/portal\\\/2024\\\/08\\\/04\\\/plantearon-propuestas-en-la-reunion-de-evaluacion\\\/\"},\"wordCount\":674,\"commentCount\":0,\"publisher\":{\"@id\":\"https:\\\/\\\/www.eldiario.net\\\/portal\\\/#organization\"},\"image\":{\"@id\":\"https:\\\/\\\/www.eldiario.net\\\/portal\\\/2024\\\/08\\\/04\\\/plantearon-propuestas-en-la-reunion-de-evaluacion\\\/#primaryimage\"},\"thumbnailUrl\":\"https:\\\/\\\/www.eldiario.net\\\/portal\\\/wp-content\\\/uploads\\\/2024\\\/08\\\/reunion.jpg\",\"articleSection\":[\"Econom\u00eda\"],\"inLanguage\":\"es\",\"potentialAction\":[{\"@type\":\"CommentAction\",\"name\":\"Comment\",\"target\":[\"https:\\\/\\\/www.eldiario.net\\\/portal\\\/2024\\\/08\\\/04\\\/plantearon-propuestas-en-la-reunion-de-evaluacion\\\/#respond\"]}]},{\"@type\":\"WebPage\",\"@id\":\"https:\\\/\\\/www.eldiario.net\\\/portal\\\/2024\\\/08\\\/04\\\/plantearon-propuestas-en-la-reunion-de-evaluacion\\\/\",\"url\":\"https:\\\/\\\/www.eldiario.net\\\/portal\\\/2024\\\/08\\\/04\\\/plantearon-propuestas-en-la-reunion-de-evaluacion\\\/\",\"name\":\"Plantearon propuestas en la reuni\u00f3n de evaluaci\u00f3n - El Diario - Bolivia\",\"isPartOf\":{\"@id\":\"https:\\\/\\\/www.eldiario.net\\\/portal\\\/#website\"},\"primaryImageOfPage\":{\"@id\":\"https:\\\/\\\/www.eldiario.net\\\/portal\\\/2024\\\/08\\\/04\\\/plantearon-propuestas-en-la-reunion-de-evaluacion\\\/#primaryimage\"},\"image\":{\"@id\":\"https:\\\/\\\/www.eldiario.net\\\/portal\\\/2024\\\/08\\\/04\\\/plantearon-propuestas-en-la-reunion-de-evaluacion\\\/#primaryimage\"},\"thumbnailUrl\":\"https:\\\/\\\/www.eldiario.net\\\/portal\\\/wp-content\\\/uploads\\\/2024\\\/08\\\/reunion.jpg\",\"datePublished\":\"2024-08-04T11:15:44+00:00\",\"breadcrumb\":{\"@id\":\"https:\\\/\\\/www.eldiario.net\\\/portal\\\/2024\\\/08\\\/04\\\/plantearon-propuestas-en-la-reunion-de-evaluacion\\\/#breadcrumb\"},\"inLanguage\":\"es\",\"potentialAction\":[{\"@type\":\"ReadAction\",\"target\":[\"https:\\\/\\\/www.eldiario.net\\\/portal\\\/2024\\\/08\\\/04\\\/plantearon-propuestas-en-la-reunion-de-evaluacion\\\/\"]}]},{\"@type\":\"ImageObject\",\"inLanguage\":\"es\",\"@id\":\"https:\\\/\\\/www.eldiario.net\\\/portal\\\/2024\\\/08\\\/04\\\/plantearon-propuestas-en-la-reunion-de-evaluacion\\\/#primaryimage\",\"url\":\"https:\\\/\\\/www.eldiario.net\\\/portal\\\/wp-content\\\/uploads\\\/2024\\\/08\\\/reunion.jpg\",\"contentUrl\":\"https:\\\/\\\/www.eldiario.net\\\/portal\\\/wp-content\\\/uploads\\\/2024\\\/08\\\/reunion.jpg\",\"width\":1081,\"height\":720,\"caption\":\"Reuni\u00f3n de empresarios con Gobierno.\"},{\"@type\":\"BreadcrumbList\",\"@id\":\"https:\\\/\\\/www.eldiario.net\\\/portal\\\/2024\\\/08\\\/04\\\/plantearon-propuestas-en-la-reunion-de-evaluacion\\\/#breadcrumb\",\"itemListElement\":[{\"@type\":\"ListItem\",\"position\":1,\"name\":\"Portada\",\"item\":\"https:\\\/\\\/www.eldiario.net\\\/portal\\\/\"},{\"@type\":\"ListItem\",\"position\":2,\"name\":\"Plantearon propuestas en la reuni\u00f3n de evaluaci\u00f3n\"}]},{\"@type\":\"WebSite\",\"@id\":\"https:\\\/\\\/www.eldiario.net\\\/portal\\\/#website\",\"url\":\"https:\\\/\\\/www.eldiario.net\\\/portal\\\/\",\"name\":\"El Diario - Decano de la prensa nacional\",\"description\":\"El Diario - Decano de la prensa nacional\",\"publisher\":{\"@id\":\"https:\\\/\\\/www.eldiario.net\\\/portal\\\/#organization\"},\"potentialAction\":[{\"@type\":\"SearchAction\",\"target\":{\"@type\":\"EntryPoint\",\"urlTemplate\":\"https:\\\/\\\/www.eldiario.net\\\/portal\\\/?s={search_term_string}\"},\"query-input\":{\"@type\":\"PropertyValueSpecification\",\"valueRequired\":true,\"valueName\":\"search_term_string\"}}],\"inLanguage\":\"es\"},{\"@type\":\"Organization\",\"@id\":\"https:\\\/\\\/www.eldiario.net\\\/portal\\\/#organization\",\"name\":\"El Diario - Decano de la prensa nacional\",\"url\":\"https:\\\/\\\/www.eldiario.net\\\/portal\\\/\",\"logo\":{\"@type\":\"ImageObject\",\"inLanguage\":\"es\",\"@id\":\"https:\\\/\\\/www.eldiario.net\\\/portal\\\/#\\\/schema\\\/logo\\\/image\\\/\",\"url\":\"https:\\\/\\\/www.eldiario.net\\\/portal\\\/wp-content\\\/uploads\\\/2023\\\/07\\\/logo_ED.jpg\",\"contentUrl\":\"https:\\\/\\\/www.eldiario.net\\\/portal\\\/wp-content\\\/uploads\\\/2023\\\/07\\\/logo_ED.jpg\",\"width\":272,\"height\":52,\"caption\":\"El Diario - Decano de la prensa nacional\"},\"image\":{\"@id\":\"https:\\\/\\\/www.eldiario.net\\\/portal\\\/#\\\/schema\\\/logo\\\/image\\\/\"},\"sameAs\":[\"https:\\\/\\\/www.facebook.com\\\/eldiario.bolivia\\\/\",\"https:\\\/\\\/x.com\\\/eldiario_net\"]},{\"@type\":\"Person\",\"@id\":\"https:\\\/\\\/www.eldiario.net\\\/portal\\\/#\\\/schema\\\/person\\\/f46445640444750d7d753ccd04ae01b7\",\"name\":\"Jeanette\",\"image\":{\"@type\":\"ImageObject\",\"inLanguage\":\"es\",\"@id\":\"https:\\\/\\\/secure.gravatar.com\\\/avatar\\\/3ea2118a5f7dad2b7138b1187a6b7ee55f160b9968b66013c3a3ef39dd7e5798?s=96&d=mm&r=g\",\"url\":\"https:\\\/\\\/secure.gravatar.com\\\/avatar\\\/3ea2118a5f7dad2b7138b1187a6b7ee55f160b9968b66013c3a3ef39dd7e5798?s=96&d=mm&r=g\",\"contentUrl\":\"https:\\\/\\\/secure.gravatar.com\\\/avatar\\\/3ea2118a5f7dad2b7138b1187a6b7ee55f160b9968b66013c3a3ef39dd7e5798?s=96&d=mm&r=g\",\"caption\":\"Jeanette\"},\"sameAs\":[\"https:\\\/\\\/www.eldiario.net\\\/portal\"],\"url\":\"https:\\\/\\\/www.eldiario.net\\\/portal\\\/author\\\/jeanette\\\/\"}]}<\/script>\n<!-- \/ Yoast SEO plugin. -->","yoast_head_json":{"title":"Plantearon propuestas en la reuni\u00f3n de evaluaci\u00f3n - El Diario - Bolivia","robots":{"index":"index","follow":"follow","max-snippet":"max-snippet:-1","max-image-preview":"max-image-preview:large","max-video-preview":"max-video-preview:-1"},"canonical":"https:\/\/www.eldiario.net\/portal\/2024\/08\/04\/plantearon-propuestas-en-la-reunion-de-evaluacion\/","og_locale":"es_ES","og_type":"article","og_title":"Plantearon propuestas en la reuni\u00f3n de evaluaci\u00f3n - El Diario - Bolivia","og_description":"En julio, empresarios y Gobierno se reunieron para evaluar los avances de los 10 puntos acordados en febrero de la presente gesti\u00f3n y el sector privado plante\u00f3 propuestas, que deber\u00e1n ser analizados por el \u00d3rgano Ejecutivo para su implementaci\u00f3n, ante la situaci\u00f3n delicada de la econom\u00eda nacional. El 23 y el 31 de julio pasado, [&hellip;]","og_url":"https:\/\/www.eldiario.net\/portal\/2024\/08\/04\/plantearon-propuestas-en-la-reunion-de-evaluacion\/","og_site_name":"El Diario - Bolivia","article_publisher":"https:\/\/www.facebook.com\/eldiario.bolivia\/","article_published_time":"2024-08-04T11:15:44+00:00","og_image":[{"width":1081,"height":720,"url":"https:\/\/www.eldiario.net\/portal\/wp-content\/uploads\/2024\/08\/reunion.jpg","type":"image\/jpeg"}],"author":"Jeanette","twitter_card":"summary_large_image","twitter_creator":"@eldiario_net","twitter_site":"@eldiario_net","twitter_misc":{"Escrito por":"Jeanette","Tiempo de lectura":"3 minutos"},"schema":{"@context":"https:\/\/schema.org","@graph":[{"@type":"Article","@id":"https:\/\/www.eldiario.net\/portal\/2024\/08\/04\/plantearon-propuestas-en-la-reunion-de-evaluacion\/#article","isPartOf":{"@id":"https:\/\/www.eldiario.net\/portal\/2024\/08\/04\/plantearon-propuestas-en-la-reunion-de-evaluacion\/"},"author":{"name":"Jeanette","@id":"https:\/\/www.eldiario.net\/portal\/#\/schema\/person\/f46445640444750d7d753ccd04ae01b7"},"headline":"Plantearon propuestas en la reuni\u00f3n de evaluaci\u00f3n","datePublished":"2024-08-04T11:15:44+00:00","mainEntityOfPage":{"@id":"https:\/\/www.eldiario.net\/portal\/2024\/08\/04\/plantearon-propuestas-en-la-reunion-de-evaluacion\/"},"wordCount":674,"commentCount":0,"publisher":{"@id":"https:\/\/www.eldiario.net\/portal\/#organization"},"image":{"@id":"https:\/\/www.eldiario.net\/portal\/2024\/08\/04\/plantearon-propuestas-en-la-reunion-de-evaluacion\/#primaryimage"},"thumbnailUrl":"https:\/\/www.eldiario.net\/portal\/wp-content\/uploads\/2024\/08\/reunion.jpg","articleSection":["Econom\u00eda"],"inLanguage":"es","potentialAction":[{"@type":"CommentAction","name":"Comment","target":["https:\/\/www.eldiario.net\/portal\/2024\/08\/04\/plantearon-propuestas-en-la-reunion-de-evaluacion\/#respond"]}]},{"@type":"WebPage","@id":"https:\/\/www.eldiario.net\/portal\/2024\/08\/04\/plantearon-propuestas-en-la-reunion-de-evaluacion\/","url":"https:\/\/www.eldiario.net\/portal\/2024\/08\/04\/plantearon-propuestas-en-la-reunion-de-evaluacion\/","name":"Plantearon propuestas en la reuni\u00f3n de evaluaci\u00f3n - El Diario - Bolivia","isPartOf":{"@id":"https:\/\/www.eldiario.net\/portal\/#website"},"primaryImageOfPage":{"@id":"https:\/\/www.eldiario.net\/portal\/2024\/08\/04\/plantearon-propuestas-en-la-reunion-de-evaluacion\/#primaryimage"},"image":{"@id":"https:\/\/www.eldiario.net\/portal\/2024\/08\/04\/plantearon-propuestas-en-la-reunion-de-evaluacion\/#primaryimage"},"thumbnailUrl":"https:\/\/www.eldiario.net\/portal\/wp-content\/uploads\/2024\/08\/reunion.jpg","datePublished":"2024-08-04T11:15:44+00:00","breadcrumb":{"@id":"https:\/\/www.eldiario.net\/portal\/2024\/08\/04\/plantearon-propuestas-en-la-reunion-de-evaluacion\/#breadcrumb"},"inLanguage":"es","potentialAction":[{"@type":"ReadAction","target":["https:\/\/www.eldiario.net\/portal\/2024\/08\/04\/plantearon-propuestas-en-la-reunion-de-evaluacion\/"]}]},{"@type":"ImageObject","inLanguage":"es","@id":"https:\/\/www.eldiario.net\/portal\/2024\/08\/04\/plantearon-propuestas-en-la-reunion-de-evaluacion\/#primaryimage","url":"https:\/\/www.eldiario.net\/portal\/wp-content\/uploads\/2024\/08\/reunion.jpg","contentUrl":"https:\/\/www.eldiario.net\/portal\/wp-content\/uploads\/2024\/08\/reunion.jpg","width":1081,"height":720,"caption":"Reuni\u00f3n de empresarios con Gobierno."},{"@type":"BreadcrumbList","@id":"https:\/\/www.eldiario.net\/portal\/2024\/08\/04\/plantearon-propuestas-en-la-reunion-de-evaluacion\/#breadcrumb","itemListElement":[{"@type":"ListItem","position":1,"name":"Portada","item":"https:\/\/www.eldiario.net\/portal\/"},{"@type":"ListItem","position":2,"name":"Plantearon propuestas en la reuni\u00f3n de evaluaci\u00f3n"}]},{"@type":"WebSite","@id":"https:\/\/www.eldiario.net\/portal\/#website","url":"https:\/\/www.eldiario.net\/portal\/","name":"El Diario - Decano de la prensa nacional","description":"El Diario - Decano de la prensa nacional","publisher":{"@id":"https:\/\/www.eldiario.net\/portal\/#organization"},"potentialAction":[{"@type":"SearchAction","target":{"@type":"EntryPoint","urlTemplate":"https:\/\/www.eldiario.net\/portal\/?s={search_term_string}"},"query-input":{"@type":"PropertyValueSpecification","valueRequired":true,"valueName":"search_term_string"}}],"inLanguage":"es"},{"@type":"Organization","@id":"https:\/\/www.eldiario.net\/portal\/#organization","name":"El Diario - Decano de la prensa nacional","url":"https:\/\/www.eldiario.net\/portal\/","logo":{"@type":"ImageObject","inLanguage":"es","@id":"https:\/\/www.eldiario.net\/portal\/#\/schema\/logo\/image\/","url":"https:\/\/www.eldiario.net\/portal\/wp-content\/uploads\/2023\/07\/logo_ED.jpg","contentUrl":"https:\/\/www.eldiario.net\/portal\/wp-content\/uploads\/2023\/07\/logo_ED.jpg","width":272,"height":52,"caption":"El Diario - Decano de la prensa nacional"},"image":{"@id":"https:\/\/www.eldiario.net\/portal\/#\/schema\/logo\/image\/"},"sameAs":["https:\/\/www.facebook.com\/eldiario.bolivia\/","https:\/\/x.com\/eldiario_net"]},{"@type":"Person","@id":"https:\/\/www.eldiario.net\/portal\/#\/schema\/person\/f46445640444750d7d753ccd04ae01b7","name":"Jeanette","image":{"@type":"ImageObject","inLanguage":"es","@id":"https:\/\/secure.gravatar.com\/avatar\/3ea2118a5f7dad2b7138b1187a6b7ee55f160b9968b66013c3a3ef39dd7e5798?s=96&d=mm&r=g","url":"https:\/\/secure.gravatar.com\/avatar\/3ea2118a5f7dad2b7138b1187a6b7ee55f160b9968b66013c3a3ef39dd7e5798?s=96&d=mm&r=g","contentUrl":"https:\/\/secure.gravatar.com\/avatar\/3ea2118a5f7dad2b7138b1187a6b7ee55f160b9968b66013c3a3ef39dd7e5798?s=96&d=mm&r=g","caption":"Jeanette"},"sameAs":["https:\/\/www.eldiario.net\/portal"],"url":"https:\/\/www.eldiario.net\/portal\/author\/jeanette\/"}]}},"_links":{"self":[{"href":"https:\/\/www.eldiario.net\/portal\/wp-json\/wp\/v2\/posts\/238426","targetHints":{"allow":["GET"]}}],"collection":[{"href":"https:\/\/www.eldiario.net\/portal\/wp-json\/wp\/v2\/posts"}],"about":[{"href":"https:\/\/www.eldiario.net\/portal\/wp-json\/wp\/v2\/types\/post"}],"author":[{"embeddable":true,"href":"https:\/\/www.eldiario.net\/portal\/wp-json\/wp\/v2\/users\/1"}],"replies":[{"embeddable":true,"href":"https:\/\/www.eldiario.net\/portal\/wp-json\/wp\/v2\/comments?post=238426"}],"version-history":[{"count":1,"href":"https:\/\/www.eldiario.net\/portal\/wp-json\/wp\/v2\/posts\/238426\/revisions"}],"predecessor-version":[{"id":238428,"href":"https:\/\/www.eldiario.net\/portal\/wp-json\/wp\/v2\/posts\/238426\/revisions\/238428"}],"wp:featuredmedia":[{"embeddable":true,"href":"https:\/\/www.eldiario.net\/portal\/wp-json\/wp\/v2\/media\/238427"}],"wp:attachment":[{"href":"https:\/\/www.eldiario.net\/portal\/wp-json\/wp\/v2\/media?parent=238426"}],"wp:term":[{"taxonomy":"category","embeddable":true,"href":"https:\/\/www.eldiario.net\/portal\/wp-json\/wp\/v2\/categories?post=238426"},{"taxonomy":"post_tag","embeddable":true,"href":"https:\/\/www.eldiario.net\/portal\/wp-json\/wp\/v2\/tags?post=238426"}],"curies":[{"name":"wp","href":"https:\/\/api.w.org\/{rel}","templated":true}]}}