{"id":238415,"date":"2024-08-04T07:12:02","date_gmt":"2024-08-04T11:12:02","guid":{"rendered":"https:\/\/www.eldiario.net\/portal\/?p=238415"},"modified":"2024-08-04T07:12:02","modified_gmt":"2024-08-04T11:12:02","slug":"observada-gestion-parlamentaria","status":"publish","type":"post","link":"https:\/\/www.eldiario.net\/portal\/2024\/08\/04\/observada-gestion-parlamentaria\/","title":{"rendered":"Observada gesti\u00f3n parlamentaria"},"content":{"rendered":"<p><em>Ciertamente, la opini\u00f3n p\u00fablica observa que en la Asamblea Legislativa Plurinacional siguen prevaleciendo los intereses partidarios, por lo que se trata de legislar para favorecer al MAS, partido que arrib\u00f3 al poder en el a\u00f1o 2006 y se mantiene hasta el presente, con un breve intervalo por un gobierno transitorio. Durante catorce a\u00f1os, dicha agrupaci\u00f3n pol\u00edtica tuvo bancada mayoritaria por lo que asamble\u00edstas afines al oficialismo aprobaban masivamente leyes inconsistentes o con tintes de demagogia barata.<\/em><br \/>\n<em>En s\u00edntesis, los dos tercios con los que contaba el MAS sirvieron para la aprobaci\u00f3n de los proyectos que enviaba el Ejecutivo, \u00f3rgano que a su vez presentaba normas que eran resultado de costosas consultor\u00edas. Actualmente, el partido azul ya no cuenta con los dos tercios y, adem\u00e1s, se observa una divisi\u00f3n entre arcistas y masistas, los primeros que defienden a rajatabla la gesti\u00f3n gubernamental del presidente Luis Arce Catacora y los segundos que tratan de consolidar la candidatura del exmandatario Evo Morales para las elecciones generales del a\u00f1o 2025. Esa fragmentaci\u00f3n a veces parece empeorar por frecuentes acusaciones de delitos cometidos por los de uno u otro bando, pero a veces coinciden sus intereses y act\u00faan con el mismo sentido, como en el reciente apoyo a la cuestionada \u201cvictoria electoral\u201d de Nicol\u00e1s Maduro en Venezuela.<\/em><br \/>\n<em>Pero la actitud parlamentaria m\u00e1s repudiada tiene que ver con la elecci\u00f3n de magistrados por voto popular. Por este procedimiento electoral cuestionado por la opini\u00f3n p\u00fablica, los asamble\u00edstas deben preseleccionar candidatos, pero despu\u00e9s de m\u00e1s de un a\u00f1o de demora, prevalece la falta de seriedad y credibilidad. Y es que candidatos que se consideran desfavorecidos en ese proceso recurren a maniobras jur\u00eddicas para detener esa etapa selectiva, o aparecen legisladores que, de modos hasta c\u00f3micos, tratan de ayudar a sus afines para que aprueben ex\u00e1menes. Es decir, hacerlo con chanchullo. \u00bfLas comisiones legislativas encargadas de preseleccionar no debieran ser como filtros para que solo queden los m\u00e1s preparados para desempe\u00f1arse como magistrados? <\/em><br \/>\n<em>Al parecer se olvida que hubo dos intentos fallidos (en 2011 y 2017) de esa forma de elecci\u00f3n judicial, para tener un nuevo \u00d3rgano Judicial independiente, cre\u00edble y probo, pero fracas\u00f3 porque los electores se dieron cuenta de que los cargos hab\u00edan sido cuoteados para favorecer a masistas, por lo que la abstenci\u00f3n y los votos blancos ganaron. Por todo ello, como los actuales legisladores, con pocas excepciones, no muestran capacidad ni \u00e9tica para llevar a cabo un proceso de tal \u00edndole, llegan a ser motivo de duros calificativos. Adem\u00e1s, algunos asamble\u00edstas fueron acusados por acoso sexual, borrachera, violencia verbal y f\u00edsica, etc.<\/em><br \/>\n<em>Por todo lo mencionado, se deber\u00eda pensar en una reforma constitucional para cambiar la forma de elegir magistrados mediante voto popular, pues la actual solo causa frustraci\u00f3n en la enorme cantidad de litigantes del pa\u00eds.<\/em><\/p>\n","protected":false},"excerpt":{"rendered":"<p>Ciertamente, la opini\u00f3n p\u00fablica observa que en la Asamblea Legislativa Plurinacional siguen prevaleciendo los intereses partidarios, por lo que se trata de legislar para favorecer al MAS, partido que arrib\u00f3 al poder en el a\u00f1o 2006 y se mantiene hasta el presente, con un breve intervalo por un gobierno transitorio. Durante catorce a\u00f1os, dicha agrupaci\u00f3n [&hellip;]<\/p>\n","protected":false},"author":1,"featured_media":194776,"comment_status":"open","ping_status":"open","sticky":false,"template":"","format":"standard","meta":{"_acf_changed":false,"footnotes":""},"categories":[4],"tags":[],"class_list":["post-238415","post","type-post","status-publish","format-standard","has-post-thumbnail","category-editorial"],"acf":{"antetitulo":""},"yoast_head":"<!-- This site is optimized with the Yoast SEO plugin v28.4 - https:\/\/yoast.com\/product\/yoast-seo-wordpress\/ -->\n<title>Observada gesti\u00f3n parlamentaria - El Diario - Bolivia<\/title>\n<meta name=\"robots\" content=\"index, follow, max-snippet:-1, max-image-preview:large, max-video-preview:-1\" \/>\n<link rel=\"canonical\" href=\"https:\/\/www.eldiario.net\/portal\/2024\/08\/04\/observada-gestion-parlamentaria\/\" \/>\n<meta property=\"og:locale\" content=\"es_ES\" \/>\n<meta property=\"og:type\" content=\"article\" \/>\n<meta property=\"og:title\" content=\"Observada gesti\u00f3n parlamentaria - El Diario - Bolivia\" \/>\n<meta property=\"og:description\" content=\"Ciertamente, la opini\u00f3n p\u00fablica observa que en la Asamblea Legislativa Plurinacional siguen prevaleciendo los intereses partidarios, por lo que se trata de legislar para favorecer al MAS, partido que arrib\u00f3 al poder en el a\u00f1o 2006 y se mantiene hasta el presente, con un breve intervalo por un gobierno transitorio. Durante catorce a\u00f1os, dicha agrupaci\u00f3n [&hellip;]\" \/>\n<meta property=\"og:url\" content=\"https:\/\/www.eldiario.net\/portal\/2024\/08\/04\/observada-gestion-parlamentaria\/\" \/>\n<meta property=\"og:site_name\" content=\"El Diario - Bolivia\" \/>\n<meta property=\"article:publisher\" content=\"https:\/\/www.facebook.com\/eldiario.bolivia\/\" \/>\n<meta property=\"article:published_time\" content=\"2024-08-04T11:12:02+00:00\" \/>\n<meta property=\"og:image\" content=\"https:\/\/www.eldiario.net\/portal\/wp-content\/uploads\/2023\/12\/Editorial.jpg\" \/>\n\t<meta property=\"og:image:width\" content=\"800\" \/>\n\t<meta property=\"og:image:height\" content=\"500\" \/>\n\t<meta property=\"og:image:type\" content=\"image\/jpeg\" \/>\n<meta name=\"author\" content=\"Jeanette\" \/>\n<meta name=\"twitter:card\" content=\"summary_large_image\" \/>\n<meta name=\"twitter:creator\" content=\"@eldiario_net\" \/>\n<meta name=\"twitter:site\" content=\"@eldiario_net\" \/>\n<meta name=\"twitter:label1\" content=\"Escrito por\" \/>\n\t<meta name=\"twitter:data1\" content=\"Jeanette\" \/>\n\t<meta name=\"twitter:label2\" content=\"Tiempo de lectura\" \/>\n\t<meta name=\"twitter:data2\" content=\"3 minutos\" \/>\n<script type=\"application\/ld+json\" class=\"yoast-schema-graph\">{\"@context\":\"https:\\\/\\\/schema.org\",\"@graph\":[{\"@type\":\"Article\",\"@id\":\"https:\\\/\\\/www.eldiario.net\\\/portal\\\/2024\\\/08\\\/04\\\/observada-gestion-parlamentaria\\\/#article\",\"isPartOf\":{\"@id\":\"https:\\\/\\\/www.eldiario.net\\\/portal\\\/2024\\\/08\\\/04\\\/observada-gestion-parlamentaria\\\/\"},\"author\":{\"name\":\"Jeanette\",\"@id\":\"https:\\\/\\\/www.eldiario.net\\\/portal\\\/#\\\/schema\\\/person\\\/f46445640444750d7d753ccd04ae01b7\"},\"headline\":\"Observada gesti\u00f3n parlamentaria\",\"datePublished\":\"2024-08-04T11:12:02+00:00\",\"mainEntityOfPage\":{\"@id\":\"https:\\\/\\\/www.eldiario.net\\\/portal\\\/2024\\\/08\\\/04\\\/observada-gestion-parlamentaria\\\/\"},\"wordCount\":502,\"commentCount\":0,\"publisher\":{\"@id\":\"https:\\\/\\\/www.eldiario.net\\\/portal\\\/#organization\"},\"image\":{\"@id\":\"https:\\\/\\\/www.eldiario.net\\\/portal\\\/2024\\\/08\\\/04\\\/observada-gestion-parlamentaria\\\/#primaryimage\"},\"thumbnailUrl\":\"https:\\\/\\\/www.eldiario.net\\\/portal\\\/wp-content\\\/uploads\\\/2023\\\/12\\\/Editorial.jpg\",\"articleSection\":[\"Editorial\"],\"inLanguage\":\"es\",\"potentialAction\":[{\"@type\":\"CommentAction\",\"name\":\"Comment\",\"target\":[\"https:\\\/\\\/www.eldiario.net\\\/portal\\\/2024\\\/08\\\/04\\\/observada-gestion-parlamentaria\\\/#respond\"]}]},{\"@type\":\"WebPage\",\"@id\":\"https:\\\/\\\/www.eldiario.net\\\/portal\\\/2024\\\/08\\\/04\\\/observada-gestion-parlamentaria\\\/\",\"url\":\"https:\\\/\\\/www.eldiario.net\\\/portal\\\/2024\\\/08\\\/04\\\/observada-gestion-parlamentaria\\\/\",\"name\":\"Observada gesti\u00f3n parlamentaria - El Diario - Bolivia\",\"isPartOf\":{\"@id\":\"https:\\\/\\\/www.eldiario.net\\\/portal\\\/#website\"},\"primaryImageOfPage\":{\"@id\":\"https:\\\/\\\/www.eldiario.net\\\/portal\\\/2024\\\/08\\\/04\\\/observada-gestion-parlamentaria\\\/#primaryimage\"},\"image\":{\"@id\":\"https:\\\/\\\/www.eldiario.net\\\/portal\\\/2024\\\/08\\\/04\\\/observada-gestion-parlamentaria\\\/#primaryimage\"},\"thumbnailUrl\":\"https:\\\/\\\/www.eldiario.net\\\/portal\\\/wp-content\\\/uploads\\\/2023\\\/12\\\/Editorial.jpg\",\"datePublished\":\"2024-08-04T11:12:02+00:00\",\"breadcrumb\":{\"@id\":\"https:\\\/\\\/www.eldiario.net\\\/portal\\\/2024\\\/08\\\/04\\\/observada-gestion-parlamentaria\\\/#breadcrumb\"},\"inLanguage\":\"es\",\"potentialAction\":[{\"@type\":\"ReadAction\",\"target\":[\"https:\\\/\\\/www.eldiario.net\\\/portal\\\/2024\\\/08\\\/04\\\/observada-gestion-parlamentaria\\\/\"]}]},{\"@type\":\"ImageObject\",\"inLanguage\":\"es\",\"@id\":\"https:\\\/\\\/www.eldiario.net\\\/portal\\\/2024\\\/08\\\/04\\\/observada-gestion-parlamentaria\\\/#primaryimage\",\"url\":\"https:\\\/\\\/www.eldiario.net\\\/portal\\\/wp-content\\\/uploads\\\/2023\\\/12\\\/Editorial.jpg\",\"contentUrl\":\"https:\\\/\\\/www.eldiario.net\\\/portal\\\/wp-content\\\/uploads\\\/2023\\\/12\\\/Editorial.jpg\",\"width\":800,\"height\":500},{\"@type\":\"BreadcrumbList\",\"@id\":\"https:\\\/\\\/www.eldiario.net\\\/portal\\\/2024\\\/08\\\/04\\\/observada-gestion-parlamentaria\\\/#breadcrumb\",\"itemListElement\":[{\"@type\":\"ListItem\",\"position\":1,\"name\":\"Portada\",\"item\":\"https:\\\/\\\/www.eldiario.net\\\/portal\\\/\"},{\"@type\":\"ListItem\",\"position\":2,\"name\":\"Observada gesti\u00f3n parlamentaria\"}]},{\"@type\":\"WebSite\",\"@id\":\"https:\\\/\\\/www.eldiario.net\\\/portal\\\/#website\",\"url\":\"https:\\\/\\\/www.eldiario.net\\\/portal\\\/\",\"name\":\"El Diario - Decano de la prensa nacional\",\"description\":\"El Diario - Decano de la prensa nacional\",\"publisher\":{\"@id\":\"https:\\\/\\\/www.eldiario.net\\\/portal\\\/#organization\"},\"potentialAction\":[{\"@type\":\"SearchAction\",\"target\":{\"@type\":\"EntryPoint\",\"urlTemplate\":\"https:\\\/\\\/www.eldiario.net\\\/portal\\\/?s={search_term_string}\"},\"query-input\":{\"@type\":\"PropertyValueSpecification\",\"valueRequired\":true,\"valueName\":\"search_term_string\"}}],\"inLanguage\":\"es\"},{\"@type\":\"Organization\",\"@id\":\"https:\\\/\\\/www.eldiario.net\\\/portal\\\/#organization\",\"name\":\"El Diario - Decano de la prensa nacional\",\"url\":\"https:\\\/\\\/www.eldiario.net\\\/portal\\\/\",\"logo\":{\"@type\":\"ImageObject\",\"inLanguage\":\"es\",\"@id\":\"https:\\\/\\\/www.eldiario.net\\\/portal\\\/#\\\/schema\\\/logo\\\/image\\\/\",\"url\":\"https:\\\/\\\/www.eldiario.net\\\/portal\\\/wp-content\\\/uploads\\\/2023\\\/07\\\/logo_ED.jpg\",\"contentUrl\":\"https:\\\/\\\/www.eldiario.net\\\/portal\\\/wp-content\\\/uploads\\\/2023\\\/07\\\/logo_ED.jpg\",\"width\":272,\"height\":52,\"caption\":\"El Diario - Decano de la prensa nacional\"},\"image\":{\"@id\":\"https:\\\/\\\/www.eldiario.net\\\/portal\\\/#\\\/schema\\\/logo\\\/image\\\/\"},\"sameAs\":[\"https:\\\/\\\/www.facebook.com\\\/eldiario.bolivia\\\/\",\"https:\\\/\\\/x.com\\\/eldiario_net\"]},{\"@type\":\"Person\",\"@id\":\"https:\\\/\\\/www.eldiario.net\\\/portal\\\/#\\\/schema\\\/person\\\/f46445640444750d7d753ccd04ae01b7\",\"name\":\"Jeanette\",\"image\":{\"@type\":\"ImageObject\",\"inLanguage\":\"es\",\"@id\":\"https:\\\/\\\/secure.gravatar.com\\\/avatar\\\/3ea2118a5f7dad2b7138b1187a6b7ee55f160b9968b66013c3a3ef39dd7e5798?s=96&d=mm&r=g\",\"url\":\"https:\\\/\\\/secure.gravatar.com\\\/avatar\\\/3ea2118a5f7dad2b7138b1187a6b7ee55f160b9968b66013c3a3ef39dd7e5798?s=96&d=mm&r=g\",\"contentUrl\":\"https:\\\/\\\/secure.gravatar.com\\\/avatar\\\/3ea2118a5f7dad2b7138b1187a6b7ee55f160b9968b66013c3a3ef39dd7e5798?s=96&d=mm&r=g\",\"caption\":\"Jeanette\"},\"sameAs\":[\"https:\\\/\\\/www.eldiario.net\\\/portal\"],\"url\":\"https:\\\/\\\/www.eldiario.net\\\/portal\\\/author\\\/jeanette\\\/\"}]}<\/script>\n<!-- \/ Yoast SEO plugin. -->","yoast_head_json":{"title":"Observada gesti\u00f3n parlamentaria - El Diario - Bolivia","robots":{"index":"index","follow":"follow","max-snippet":"max-snippet:-1","max-image-preview":"max-image-preview:large","max-video-preview":"max-video-preview:-1"},"canonical":"https:\/\/www.eldiario.net\/portal\/2024\/08\/04\/observada-gestion-parlamentaria\/","og_locale":"es_ES","og_type":"article","og_title":"Observada gesti\u00f3n parlamentaria - El Diario - Bolivia","og_description":"Ciertamente, la opini\u00f3n p\u00fablica observa que en la Asamblea Legislativa Plurinacional siguen prevaleciendo los intereses partidarios, por lo que se trata de legislar para favorecer al MAS, partido que arrib\u00f3 al poder en el a\u00f1o 2006 y se mantiene hasta el presente, con un breve intervalo por un gobierno transitorio. Durante catorce a\u00f1os, dicha agrupaci\u00f3n [&hellip;]","og_url":"https:\/\/www.eldiario.net\/portal\/2024\/08\/04\/observada-gestion-parlamentaria\/","og_site_name":"El Diario - Bolivia","article_publisher":"https:\/\/www.facebook.com\/eldiario.bolivia\/","article_published_time":"2024-08-04T11:12:02+00:00","og_image":[{"width":800,"height":500,"url":"https:\/\/www.eldiario.net\/portal\/wp-content\/uploads\/2023\/12\/Editorial.jpg","type":"image\/jpeg"}],"author":"Jeanette","twitter_card":"summary_large_image","twitter_creator":"@eldiario_net","twitter_site":"@eldiario_net","twitter_misc":{"Escrito por":"Jeanette","Tiempo de lectura":"3 minutos"},"schema":{"@context":"https:\/\/schema.org","@graph":[{"@type":"Article","@id":"https:\/\/www.eldiario.net\/portal\/2024\/08\/04\/observada-gestion-parlamentaria\/#article","isPartOf":{"@id":"https:\/\/www.eldiario.net\/portal\/2024\/08\/04\/observada-gestion-parlamentaria\/"},"author":{"name":"Jeanette","@id":"https:\/\/www.eldiario.net\/portal\/#\/schema\/person\/f46445640444750d7d753ccd04ae01b7"},"headline":"Observada gesti\u00f3n parlamentaria","datePublished":"2024-08-04T11:12:02+00:00","mainEntityOfPage":{"@id":"https:\/\/www.eldiario.net\/portal\/2024\/08\/04\/observada-gestion-parlamentaria\/"},"wordCount":502,"commentCount":0,"publisher":{"@id":"https:\/\/www.eldiario.net\/portal\/#organization"},"image":{"@id":"https:\/\/www.eldiario.net\/portal\/2024\/08\/04\/observada-gestion-parlamentaria\/#primaryimage"},"thumbnailUrl":"https:\/\/www.eldiario.net\/portal\/wp-content\/uploads\/2023\/12\/Editorial.jpg","articleSection":["Editorial"],"inLanguage":"es","potentialAction":[{"@type":"CommentAction","name":"Comment","target":["https:\/\/www.eldiario.net\/portal\/2024\/08\/04\/observada-gestion-parlamentaria\/#respond"]}]},{"@type":"WebPage","@id":"https:\/\/www.eldiario.net\/portal\/2024\/08\/04\/observada-gestion-parlamentaria\/","url":"https:\/\/www.eldiario.net\/portal\/2024\/08\/04\/observada-gestion-parlamentaria\/","name":"Observada gesti\u00f3n parlamentaria - El Diario - Bolivia","isPartOf":{"@id":"https:\/\/www.eldiario.net\/portal\/#website"},"primaryImageOfPage":{"@id":"https:\/\/www.eldiario.net\/portal\/2024\/08\/04\/observada-gestion-parlamentaria\/#primaryimage"},"image":{"@id":"https:\/\/www.eldiario.net\/portal\/2024\/08\/04\/observada-gestion-parlamentaria\/#primaryimage"},"thumbnailUrl":"https:\/\/www.eldiario.net\/portal\/wp-content\/uploads\/2023\/12\/Editorial.jpg","datePublished":"2024-08-04T11:12:02+00:00","breadcrumb":{"@id":"https:\/\/www.eldiario.net\/portal\/2024\/08\/04\/observada-gestion-parlamentaria\/#breadcrumb"},"inLanguage":"es","potentialAction":[{"@type":"ReadAction","target":["https:\/\/www.eldiario.net\/portal\/2024\/08\/04\/observada-gestion-parlamentaria\/"]}]},{"@type":"ImageObject","inLanguage":"es","@id":"https:\/\/www.eldiario.net\/portal\/2024\/08\/04\/observada-gestion-parlamentaria\/#primaryimage","url":"https:\/\/www.eldiario.net\/portal\/wp-content\/uploads\/2023\/12\/Editorial.jpg","contentUrl":"https:\/\/www.eldiario.net\/portal\/wp-content\/uploads\/2023\/12\/Editorial.jpg","width":800,"height":500},{"@type":"BreadcrumbList","@id":"https:\/\/www.eldiario.net\/portal\/2024\/08\/04\/observada-gestion-parlamentaria\/#breadcrumb","itemListElement":[{"@type":"ListItem","position":1,"name":"Portada","item":"https:\/\/www.eldiario.net\/portal\/"},{"@type":"ListItem","position":2,"name":"Observada gesti\u00f3n parlamentaria"}]},{"@type":"WebSite","@id":"https:\/\/www.eldiario.net\/portal\/#website","url":"https:\/\/www.eldiario.net\/portal\/","name":"El Diario - Decano de la prensa nacional","description":"El Diario - Decano de la prensa nacional","publisher":{"@id":"https:\/\/www.eldiario.net\/portal\/#organization"},"potentialAction":[{"@type":"SearchAction","target":{"@type":"EntryPoint","urlTemplate":"https:\/\/www.eldiario.net\/portal\/?s={search_term_string}"},"query-input":{"@type":"PropertyValueSpecification","valueRequired":true,"valueName":"search_term_string"}}],"inLanguage":"es"},{"@type":"Organization","@id":"https:\/\/www.eldiario.net\/portal\/#organization","name":"El Diario - Decano de la prensa nacional","url":"https:\/\/www.eldiario.net\/portal\/","logo":{"@type":"ImageObject","inLanguage":"es","@id":"https:\/\/www.eldiario.net\/portal\/#\/schema\/logo\/image\/","url":"https:\/\/www.eldiario.net\/portal\/wp-content\/uploads\/2023\/07\/logo_ED.jpg","contentUrl":"https:\/\/www.eldiario.net\/portal\/wp-content\/uploads\/2023\/07\/logo_ED.jpg","width":272,"height":52,"caption":"El Diario - Decano de la prensa nacional"},"image":{"@id":"https:\/\/www.eldiario.net\/portal\/#\/schema\/logo\/image\/"},"sameAs":["https:\/\/www.facebook.com\/eldiario.bolivia\/","https:\/\/x.com\/eldiario_net"]},{"@type":"Person","@id":"https:\/\/www.eldiario.net\/portal\/#\/schema\/person\/f46445640444750d7d753ccd04ae01b7","name":"Jeanette","image":{"@type":"ImageObject","inLanguage":"es","@id":"https:\/\/secure.gravatar.com\/avatar\/3ea2118a5f7dad2b7138b1187a6b7ee55f160b9968b66013c3a3ef39dd7e5798?s=96&d=mm&r=g","url":"https:\/\/secure.gravatar.com\/avatar\/3ea2118a5f7dad2b7138b1187a6b7ee55f160b9968b66013c3a3ef39dd7e5798?s=96&d=mm&r=g","contentUrl":"https:\/\/secure.gravatar.com\/avatar\/3ea2118a5f7dad2b7138b1187a6b7ee55f160b9968b66013c3a3ef39dd7e5798?s=96&d=mm&r=g","caption":"Jeanette"},"sameAs":["https:\/\/www.eldiario.net\/portal"],"url":"https:\/\/www.eldiario.net\/portal\/author\/jeanette\/"}]}},"_links":{"self":[{"href":"https:\/\/www.eldiario.net\/portal\/wp-json\/wp\/v2\/posts\/238415","targetHints":{"allow":["GET"]}}],"collection":[{"href":"https:\/\/www.eldiario.net\/portal\/wp-json\/wp\/v2\/posts"}],"about":[{"href":"https:\/\/www.eldiario.net\/portal\/wp-json\/wp\/v2\/types\/post"}],"author":[{"embeddable":true,"href":"https:\/\/www.eldiario.net\/portal\/wp-json\/wp\/v2\/users\/1"}],"replies":[{"embeddable":true,"href":"https:\/\/www.eldiario.net\/portal\/wp-json\/wp\/v2\/comments?post=238415"}],"version-history":[{"count":1,"href":"https:\/\/www.eldiario.net\/portal\/wp-json\/wp\/v2\/posts\/238415\/revisions"}],"predecessor-version":[{"id":238416,"href":"https:\/\/www.eldiario.net\/portal\/wp-json\/wp\/v2\/posts\/238415\/revisions\/238416"}],"wp:featuredmedia":[{"embeddable":true,"href":"https:\/\/www.eldiario.net\/portal\/wp-json\/wp\/v2\/media\/194776"}],"wp:attachment":[{"href":"https:\/\/www.eldiario.net\/portal\/wp-json\/wp\/v2\/media?parent=238415"}],"wp:term":[{"taxonomy":"category","embeddable":true,"href":"https:\/\/www.eldiario.net\/portal\/wp-json\/wp\/v2\/categories?post=238415"},{"taxonomy":"post_tag","embeddable":true,"href":"https:\/\/www.eldiario.net\/portal\/wp-json\/wp\/v2\/tags?post=238415"}],"curies":[{"name":"wp","href":"https:\/\/api.w.org\/{rel}","templated":true}]}}