{"id":238412,"date":"2024-08-04T07:11:29","date_gmt":"2024-08-04T11:11:29","guid":{"rendered":"https:\/\/www.eldiario.net\/portal\/?p=238412"},"modified":"2024-08-04T07:11:29","modified_gmt":"2024-08-04T11:11:29","slug":"plantean-que-extradicion-de-davila-se-amplie-a-otras-exautoridades","status":"publish","type":"post","link":"https:\/\/www.eldiario.net\/portal\/2024\/08\/04\/plantean-que-extradicion-de-davila-se-amplie-a-otras-exautoridades\/","title":{"rendered":"Plantean que extradici\u00f3n de D\u00e1vila se ampl\u00ede a otras exautoridades"},"content":{"rendered":"<p>Tras conocerse sobre la solicitud de detenci\u00f3n preventiva, \u201ccon fines de extradici\u00f3n\u201d, para el exjefe antidrogas del gobierno de Evo Morales, Maximiliano D\u00e1vila, el senador por la agrupaci\u00f3n Creemos, Erik Mor\u00f3n, plante\u00f3 una \u201cextradici\u00f3n en combo\u201d para el exfuncionario y los que lo designaron y permitieron operar en el pa\u00eds.<br \/>\nEn criterio del senador cruce\u00f1o, el caso del \u201cexzar antidrogas boliviano\u201d debe ser analizado tomando en cuenta todos los aspectos relacionados a su llegada al cargo y a las autoridades civiles que, en su momento, lo posicionaron y respaldaron.<br \/>\n\u201c\u00bfQui\u00e9n nombr\u00f3 a Maximiliano D\u00e1vila como jefe antidroga del pa\u00eds? \u00bfQui\u00e9n era su jefe? \u00bfBajo qu\u00e9 Gobierno nacional actuaba libremente este se\u00f1or para el que han realizado una petici\u00f3n de extradici\u00f3n desde los Estados Unidos?\u201d, cuestion\u00f3 el asamble\u00edsta.<br \/>\nPuntualizando que todas las respuestas a estas preguntas apuntan al expresidente Evo Morales, Mor\u00f3n plante\u00f3 la posibilidad de una \u201cextradici\u00f3n en combo\u201d para que no sea solo el exjefe policial quien responda por sus actos ante el Gobierno norteamericano.<br \/>\n\u201cAcaso no es m\u00e1s f\u00e1cil extraditar en combo\u201d, sugiri\u00f3 el senador, se\u00f1alando que todas estas posibilidades deben ser analizadas por el Tribunal Supremo de Justicia (TSJ), al momento de rechazar o dar curso a esta solicitud.<br \/>\n\u201cNo solo D\u00e1vila debe ser extraditado, sino tambi\u00e9n su jefe\u201d, concluy\u00f3.<br \/>\nSobre este tema, el diputado por Comunidad Ciudadana (CC), Alberto Astorga, afirm\u00f3 que, \u201cel patr\u00f3n del Chapare\u201d deber\u00eda estar preocupado, por el reciente pedido de extradici\u00f3n contra D\u00e1vila, tomando en cuenta la posibilidad de que el exjefe policial revele detalles de sus operaciones en el pa\u00eds, adem\u00e1s de los nexos que le permitieron actuar con facilidad durante varios a\u00f1os.<br \/>\n\u201cCuando D\u00e1vila llegue a Estados Unidos, es muy probable que lo implique en actividades del narcotr\u00e1fico a Evo Morales, con esto se puede evidenciar que Morales cuando estaba en el gobierno proteg\u00eda a los peces gordos del narcotr\u00e1fico y ahora, fuera del poder, promueve la producci\u00f3n de droga desde el Chapare\u201d, manifest\u00f3 Astorga.<br \/>\nAnteriormente, Walthy Eg\u00fcez, diputado por Creemos, hab\u00eda se\u00f1alado que la petici\u00f3n de extradici\u00f3n para Maximiliano D\u00e1vila, desenmascar\u00f3 el \u201cnarco-Estado\u201d que organiz\u00f3 el MAS en todos los a\u00f1os de su gobierno y demostr\u00f3 que en Bolivia no se cumple con una real lucha antidroga.<br \/>\n\u201cHoy le tumbaron la m\u00e1scara a este gobierno en su falsa lucha contra el narcotr\u00e1fico, este gobierno sumado al de Evo Morales deben estar temblando porque Estados Unidos tiene pruebas que hubo y hay un narco-Estado en Bolivia, (\u2026) si bien los delitos se cometieron en el gobierno de Evo Morales quienes se prestaron a encubrirlo para que no lo extraditen hace bastante tiempo es el gobierno de Luis Arce Catacora, nunca lo investigaron por narcotr\u00e1fico sino por ganancias il\u00edcitas\u201d, sostuvo Eg\u00fcez.<br \/>\nAsimismo, afirm\u00f3 que los gobiernos de Morales y Arce, son los responsables del desastre y el fracaso de Bolivia en la lucha antidroga, a manera de ejemplo se refiri\u00f3 al bullado caso del narco uruguayo Sebasti\u00e1n Marset, quien huy\u00f3 del pa\u00eds, presuntamente, alertado por efectivos de la misma Polic\u00eda Boliviana.<br \/>\nMaximiliano D\u00e1vila, excoronel de la Polic\u00eda Boliviana fue Director de la Fuerza Especial de Lucha Contra el Narcotr\u00e1fico (Felcn), fue aprehendido en enero del 2022 cerca de la frontera con Argentina, sindicado por el delito de legitimaci\u00f3n de ganancias il\u00edcitas, pese a que el exjefe antidroga fuera requerido por un gran jurado federal de Nueva York por usar su cargo para proteger aeronaves utilizadas para transportar coca\u00edna que ser\u00eda distribuida en Estados Unidos.<br \/>\nEl viernes, se conoci\u00f3 que el Gobierno de los Estados Unidos solicit\u00f3 la detenci\u00f3n preventiva de D\u00e1vila, \u201ccon fines de extradici\u00f3n\u201d, por lo que desde la Canciller\u00eda se solicit\u00f3 al TSJ atender este pedido.<br \/>\n\u201cSe solicita que se tomen los recaudos correspondientes en atenci\u00f3n a la solicitud de detenci\u00f3n preventiva con fines de extradici\u00f3n promovida por los Estados Unidos\u201d, se\u00f1ala un documento firmado por Antonio Molina, director general de Asuntos Jur\u00eddicos de la Canciller\u00eda.<br \/>\nSeg\u00fan el documento, desde febrero de 2022, la Embajada de Estados Unidos solicit\u00f3 la detenci\u00f3n preventiva de D\u00e1vila \u201ccon fines de extradici\u00f3n, por delitos de tr\u00e1fico il\u00edcito de drogas y delitos relacionados con armas de fuego, en los t\u00e9rminos del Tratado de Extradici\u00f3n entre el Gobierno de la Rep\u00fablica de Bolivia y el Gobierno de los Estados Unidos.<br \/>\nAyer, Carlos Romero, exministro de Gobierno durante la gesti\u00f3n de Evo Morales, afirm\u00f3 que la referida solicitud de extradici\u00f3n se trata de un plan para montar un caso de narcotr\u00e1fico contra el jefe del MAS.<br \/>\nEn criterio de la exautoridad, todo se trata de un acto de traici\u00f3n por parte de la actual canciller, Celinda Sosa, quien supuestamente envi\u00f3 una carta al Gobierno de los Estados Unidos solicitando la extradici\u00f3n para D\u00e1vila, como una forma de desviar la atenci\u00f3n de los problemas econ\u00f3micos que atraviesa el pa\u00eds y atacar a Evo Morales. \u201cDefinitivamente es un tema pol\u00edtico\u201d, afirm\u00f3.<\/p>\n","protected":false},"excerpt":{"rendered":"<p>Tras conocerse sobre la solicitud de detenci\u00f3n preventiva, \u201ccon fines de extradici\u00f3n\u201d, para el exjefe antidrogas del gobierno de Evo Morales, Maximiliano D\u00e1vila, el senador por la agrupaci\u00f3n Creemos, Erik Mor\u00f3n, plante\u00f3 una \u201cextradici\u00f3n en combo\u201d para el exfuncionario y los que lo designaron y permitieron operar en el pa\u00eds. En criterio del senador cruce\u00f1o, [&hellip;]<\/p>\n","protected":false},"author":1,"featured_media":238413,"comment_status":"open","ping_status":"open","sticky":false,"template":"","format":"standard","meta":{"_acf_changed":false,"footnotes":""},"categories":[14],"tags":[],"class_list":["post-238412","post","type-post","status-publish","format-standard","has-post-thumbnail","category-politica"],"acf":{"antetitulo":"Apuntan a Evo Morales"},"yoast_head":"<!-- This site is optimized with the Yoast SEO plugin v28.4 - https:\/\/yoast.com\/product\/yoast-seo-wordpress\/ -->\n<title>Plantean que extradici\u00f3n de D\u00e1vila se ampl\u00ede a otras exautoridades - El Diario - Bolivia<\/title>\n<meta name=\"robots\" content=\"index, follow, max-snippet:-1, max-image-preview:large, max-video-preview:-1\" \/>\n<link rel=\"canonical\" href=\"https:\/\/www.eldiario.net\/portal\/2024\/08\/04\/plantean-que-extradicion-de-davila-se-amplie-a-otras-exautoridades\/\" \/>\n<meta property=\"og:locale\" content=\"es_ES\" \/>\n<meta property=\"og:type\" content=\"article\" \/>\n<meta property=\"og:title\" content=\"Plantean que extradici\u00f3n de D\u00e1vila se ampl\u00ede a otras exautoridades - El Diario - Bolivia\" \/>\n<meta property=\"og:description\" content=\"Tras conocerse sobre la solicitud de detenci\u00f3n preventiva, \u201ccon fines de extradici\u00f3n\u201d, para el exjefe antidrogas del gobierno de Evo Morales, Maximiliano D\u00e1vila, el senador por la agrupaci\u00f3n Creemos, Erik Mor\u00f3n, plante\u00f3 una \u201cextradici\u00f3n en combo\u201d para el exfuncionario y los que lo designaron y permitieron operar en el pa\u00eds. En criterio del senador cruce\u00f1o, [&hellip;]\" \/>\n<meta property=\"og:url\" content=\"https:\/\/www.eldiario.net\/portal\/2024\/08\/04\/plantean-que-extradicion-de-davila-se-amplie-a-otras-exautoridades\/\" \/>\n<meta property=\"og:site_name\" content=\"El Diario - Bolivia\" \/>\n<meta property=\"article:publisher\" content=\"https:\/\/www.facebook.com\/eldiario.bolivia\/\" \/>\n<meta property=\"article:published_time\" content=\"2024-08-04T11:11:29+00:00\" \/>\n<meta property=\"og:image\" content=\"https:\/\/www.eldiario.net\/portal\/wp-content\/uploads\/2024\/08\/40-POL-2.jpg\" \/>\n\t<meta property=\"og:image:width\" content=\"823\" \/>\n\t<meta property=\"og:image:height\" content=\"609\" \/>\n\t<meta property=\"og:image:type\" content=\"image\/jpeg\" \/>\n<meta name=\"author\" content=\"Jeanette\" \/>\n<meta name=\"twitter:card\" content=\"summary_large_image\" \/>\n<meta name=\"twitter:creator\" content=\"@eldiario_net\" \/>\n<meta name=\"twitter:site\" content=\"@eldiario_net\" \/>\n<meta name=\"twitter:label1\" content=\"Escrito por\" \/>\n\t<meta name=\"twitter:data1\" content=\"Jeanette\" \/>\n\t<meta name=\"twitter:label2\" content=\"Tiempo de lectura\" \/>\n\t<meta name=\"twitter:data2\" content=\"4 minutos\" \/>\n<script type=\"application\/ld+json\" class=\"yoast-schema-graph\">{\"@context\":\"https:\\\/\\\/schema.org\",\"@graph\":[{\"@type\":\"Article\",\"@id\":\"https:\\\/\\\/www.eldiario.net\\\/portal\\\/2024\\\/08\\\/04\\\/plantean-que-extradicion-de-davila-se-amplie-a-otras-exautoridades\\\/#article\",\"isPartOf\":{\"@id\":\"https:\\\/\\\/www.eldiario.net\\\/portal\\\/2024\\\/08\\\/04\\\/plantean-que-extradicion-de-davila-se-amplie-a-otras-exautoridades\\\/\"},\"author\":{\"name\":\"Jeanette\",\"@id\":\"https:\\\/\\\/www.eldiario.net\\\/portal\\\/#\\\/schema\\\/person\\\/f46445640444750d7d753ccd04ae01b7\"},\"headline\":\"Plantean que extradici\u00f3n de D\u00e1vila se ampl\u00ede a otras exautoridades\",\"datePublished\":\"2024-08-04T11:11:29+00:00\",\"mainEntityOfPage\":{\"@id\":\"https:\\\/\\\/www.eldiario.net\\\/portal\\\/2024\\\/08\\\/04\\\/plantean-que-extradicion-de-davila-se-amplie-a-otras-exautoridades\\\/\"},\"wordCount\":899,\"commentCount\":0,\"publisher\":{\"@id\":\"https:\\\/\\\/www.eldiario.net\\\/portal\\\/#organization\"},\"image\":{\"@id\":\"https:\\\/\\\/www.eldiario.net\\\/portal\\\/2024\\\/08\\\/04\\\/plantean-que-extradicion-de-davila-se-amplie-a-otras-exautoridades\\\/#primaryimage\"},\"thumbnailUrl\":\"https:\\\/\\\/www.eldiario.net\\\/portal\\\/wp-content\\\/uploads\\\/2024\\\/08\\\/40-POL-2.jpg\",\"articleSection\":[\"Pol\u00edtica\"],\"inLanguage\":\"es\",\"potentialAction\":[{\"@type\":\"CommentAction\",\"name\":\"Comment\",\"target\":[\"https:\\\/\\\/www.eldiario.net\\\/portal\\\/2024\\\/08\\\/04\\\/plantean-que-extradicion-de-davila-se-amplie-a-otras-exautoridades\\\/#respond\"]}]},{\"@type\":\"WebPage\",\"@id\":\"https:\\\/\\\/www.eldiario.net\\\/portal\\\/2024\\\/08\\\/04\\\/plantean-que-extradicion-de-davila-se-amplie-a-otras-exautoridades\\\/\",\"url\":\"https:\\\/\\\/www.eldiario.net\\\/portal\\\/2024\\\/08\\\/04\\\/plantean-que-extradicion-de-davila-se-amplie-a-otras-exautoridades\\\/\",\"name\":\"Plantean que extradici\u00f3n de D\u00e1vila se ampl\u00ede a otras exautoridades - El Diario - Bolivia\",\"isPartOf\":{\"@id\":\"https:\\\/\\\/www.eldiario.net\\\/portal\\\/#website\"},\"primaryImageOfPage\":{\"@id\":\"https:\\\/\\\/www.eldiario.net\\\/portal\\\/2024\\\/08\\\/04\\\/plantean-que-extradicion-de-davila-se-amplie-a-otras-exautoridades\\\/#primaryimage\"},\"image\":{\"@id\":\"https:\\\/\\\/www.eldiario.net\\\/portal\\\/2024\\\/08\\\/04\\\/plantean-que-extradicion-de-davila-se-amplie-a-otras-exautoridades\\\/#primaryimage\"},\"thumbnailUrl\":\"https:\\\/\\\/www.eldiario.net\\\/portal\\\/wp-content\\\/uploads\\\/2024\\\/08\\\/40-POL-2.jpg\",\"datePublished\":\"2024-08-04T11:11:29+00:00\",\"breadcrumb\":{\"@id\":\"https:\\\/\\\/www.eldiario.net\\\/portal\\\/2024\\\/08\\\/04\\\/plantean-que-extradicion-de-davila-se-amplie-a-otras-exautoridades\\\/#breadcrumb\"},\"inLanguage\":\"es\",\"potentialAction\":[{\"@type\":\"ReadAction\",\"target\":[\"https:\\\/\\\/www.eldiario.net\\\/portal\\\/2024\\\/08\\\/04\\\/plantean-que-extradicion-de-davila-se-amplie-a-otras-exautoridades\\\/\"]}]},{\"@type\":\"ImageObject\",\"inLanguage\":\"es\",\"@id\":\"https:\\\/\\\/www.eldiario.net\\\/portal\\\/2024\\\/08\\\/04\\\/plantean-que-extradicion-de-davila-se-amplie-a-otras-exautoridades\\\/#primaryimage\",\"url\":\"https:\\\/\\\/www.eldiario.net\\\/portal\\\/wp-content\\\/uploads\\\/2024\\\/08\\\/40-POL-2.jpg\",\"contentUrl\":\"https:\\\/\\\/www.eldiario.net\\\/portal\\\/wp-content\\\/uploads\\\/2024\\\/08\\\/40-POL-2.jpg\",\"width\":823,\"height\":609,\"caption\":\"el Senador, Erik Mor\u00f3n (Creemos).\"},{\"@type\":\"BreadcrumbList\",\"@id\":\"https:\\\/\\\/www.eldiario.net\\\/portal\\\/2024\\\/08\\\/04\\\/plantean-que-extradicion-de-davila-se-amplie-a-otras-exautoridades\\\/#breadcrumb\",\"itemListElement\":[{\"@type\":\"ListItem\",\"position\":1,\"name\":\"Portada\",\"item\":\"https:\\\/\\\/www.eldiario.net\\\/portal\\\/\"},{\"@type\":\"ListItem\",\"position\":2,\"name\":\"Plantean que extradici\u00f3n de D\u00e1vila se ampl\u00ede a otras exautoridades\"}]},{\"@type\":\"WebSite\",\"@id\":\"https:\\\/\\\/www.eldiario.net\\\/portal\\\/#website\",\"url\":\"https:\\\/\\\/www.eldiario.net\\\/portal\\\/\",\"name\":\"El Diario - Decano de la prensa nacional\",\"description\":\"El Diario - Decano de la prensa nacional\",\"publisher\":{\"@id\":\"https:\\\/\\\/www.eldiario.net\\\/portal\\\/#organization\"},\"potentialAction\":[{\"@type\":\"SearchAction\",\"target\":{\"@type\":\"EntryPoint\",\"urlTemplate\":\"https:\\\/\\\/www.eldiario.net\\\/portal\\\/?s={search_term_string}\"},\"query-input\":{\"@type\":\"PropertyValueSpecification\",\"valueRequired\":true,\"valueName\":\"search_term_string\"}}],\"inLanguage\":\"es\"},{\"@type\":\"Organization\",\"@id\":\"https:\\\/\\\/www.eldiario.net\\\/portal\\\/#organization\",\"name\":\"El Diario - Decano de la prensa nacional\",\"url\":\"https:\\\/\\\/www.eldiario.net\\\/portal\\\/\",\"logo\":{\"@type\":\"ImageObject\",\"inLanguage\":\"es\",\"@id\":\"https:\\\/\\\/www.eldiario.net\\\/portal\\\/#\\\/schema\\\/logo\\\/image\\\/\",\"url\":\"https:\\\/\\\/www.eldiario.net\\\/portal\\\/wp-content\\\/uploads\\\/2023\\\/07\\\/logo_ED.jpg\",\"contentUrl\":\"https:\\\/\\\/www.eldiario.net\\\/portal\\\/wp-content\\\/uploads\\\/2023\\\/07\\\/logo_ED.jpg\",\"width\":272,\"height\":52,\"caption\":\"El Diario - Decano de la prensa nacional\"},\"image\":{\"@id\":\"https:\\\/\\\/www.eldiario.net\\\/portal\\\/#\\\/schema\\\/logo\\\/image\\\/\"},\"sameAs\":[\"https:\\\/\\\/www.facebook.com\\\/eldiario.bolivia\\\/\",\"https:\\\/\\\/x.com\\\/eldiario_net\"]},{\"@type\":\"Person\",\"@id\":\"https:\\\/\\\/www.eldiario.net\\\/portal\\\/#\\\/schema\\\/person\\\/f46445640444750d7d753ccd04ae01b7\",\"name\":\"Jeanette\",\"image\":{\"@type\":\"ImageObject\",\"inLanguage\":\"es\",\"@id\":\"https:\\\/\\\/secure.gravatar.com\\\/avatar\\\/3ea2118a5f7dad2b7138b1187a6b7ee55f160b9968b66013c3a3ef39dd7e5798?s=96&d=mm&r=g\",\"url\":\"https:\\\/\\\/secure.gravatar.com\\\/avatar\\\/3ea2118a5f7dad2b7138b1187a6b7ee55f160b9968b66013c3a3ef39dd7e5798?s=96&d=mm&r=g\",\"contentUrl\":\"https:\\\/\\\/secure.gravatar.com\\\/avatar\\\/3ea2118a5f7dad2b7138b1187a6b7ee55f160b9968b66013c3a3ef39dd7e5798?s=96&d=mm&r=g\",\"caption\":\"Jeanette\"},\"sameAs\":[\"https:\\\/\\\/www.eldiario.net\\\/portal\"],\"url\":\"https:\\\/\\\/www.eldiario.net\\\/portal\\\/author\\\/jeanette\\\/\"}]}<\/script>\n<!-- \/ Yoast SEO plugin. -->","yoast_head_json":{"title":"Plantean que extradici\u00f3n de D\u00e1vila se ampl\u00ede a otras exautoridades - El Diario - Bolivia","robots":{"index":"index","follow":"follow","max-snippet":"max-snippet:-1","max-image-preview":"max-image-preview:large","max-video-preview":"max-video-preview:-1"},"canonical":"https:\/\/www.eldiario.net\/portal\/2024\/08\/04\/plantean-que-extradicion-de-davila-se-amplie-a-otras-exautoridades\/","og_locale":"es_ES","og_type":"article","og_title":"Plantean que extradici\u00f3n de D\u00e1vila se ampl\u00ede a otras exautoridades - El Diario - Bolivia","og_description":"Tras conocerse sobre la solicitud de detenci\u00f3n preventiva, \u201ccon fines de extradici\u00f3n\u201d, para el exjefe antidrogas del gobierno de Evo Morales, Maximiliano D\u00e1vila, el senador por la agrupaci\u00f3n Creemos, Erik Mor\u00f3n, plante\u00f3 una \u201cextradici\u00f3n en combo\u201d para el exfuncionario y los que lo designaron y permitieron operar en el pa\u00eds. En criterio del senador cruce\u00f1o, [&hellip;]","og_url":"https:\/\/www.eldiario.net\/portal\/2024\/08\/04\/plantean-que-extradicion-de-davila-se-amplie-a-otras-exautoridades\/","og_site_name":"El Diario - Bolivia","article_publisher":"https:\/\/www.facebook.com\/eldiario.bolivia\/","article_published_time":"2024-08-04T11:11:29+00:00","og_image":[{"width":823,"height":609,"url":"https:\/\/www.eldiario.net\/portal\/wp-content\/uploads\/2024\/08\/40-POL-2.jpg","type":"image\/jpeg"}],"author":"Jeanette","twitter_card":"summary_large_image","twitter_creator":"@eldiario_net","twitter_site":"@eldiario_net","twitter_misc":{"Escrito por":"Jeanette","Tiempo de lectura":"4 minutos"},"schema":{"@context":"https:\/\/schema.org","@graph":[{"@type":"Article","@id":"https:\/\/www.eldiario.net\/portal\/2024\/08\/04\/plantean-que-extradicion-de-davila-se-amplie-a-otras-exautoridades\/#article","isPartOf":{"@id":"https:\/\/www.eldiario.net\/portal\/2024\/08\/04\/plantean-que-extradicion-de-davila-se-amplie-a-otras-exautoridades\/"},"author":{"name":"Jeanette","@id":"https:\/\/www.eldiario.net\/portal\/#\/schema\/person\/f46445640444750d7d753ccd04ae01b7"},"headline":"Plantean que extradici\u00f3n de D\u00e1vila se ampl\u00ede a otras exautoridades","datePublished":"2024-08-04T11:11:29+00:00","mainEntityOfPage":{"@id":"https:\/\/www.eldiario.net\/portal\/2024\/08\/04\/plantean-que-extradicion-de-davila-se-amplie-a-otras-exautoridades\/"},"wordCount":899,"commentCount":0,"publisher":{"@id":"https:\/\/www.eldiario.net\/portal\/#organization"},"image":{"@id":"https:\/\/www.eldiario.net\/portal\/2024\/08\/04\/plantean-que-extradicion-de-davila-se-amplie-a-otras-exautoridades\/#primaryimage"},"thumbnailUrl":"https:\/\/www.eldiario.net\/portal\/wp-content\/uploads\/2024\/08\/40-POL-2.jpg","articleSection":["Pol\u00edtica"],"inLanguage":"es","potentialAction":[{"@type":"CommentAction","name":"Comment","target":["https:\/\/www.eldiario.net\/portal\/2024\/08\/04\/plantean-que-extradicion-de-davila-se-amplie-a-otras-exautoridades\/#respond"]}]},{"@type":"WebPage","@id":"https:\/\/www.eldiario.net\/portal\/2024\/08\/04\/plantean-que-extradicion-de-davila-se-amplie-a-otras-exautoridades\/","url":"https:\/\/www.eldiario.net\/portal\/2024\/08\/04\/plantean-que-extradicion-de-davila-se-amplie-a-otras-exautoridades\/","name":"Plantean que extradici\u00f3n de D\u00e1vila se ampl\u00ede a otras exautoridades - El Diario - Bolivia","isPartOf":{"@id":"https:\/\/www.eldiario.net\/portal\/#website"},"primaryImageOfPage":{"@id":"https:\/\/www.eldiario.net\/portal\/2024\/08\/04\/plantean-que-extradicion-de-davila-se-amplie-a-otras-exautoridades\/#primaryimage"},"image":{"@id":"https:\/\/www.eldiario.net\/portal\/2024\/08\/04\/plantean-que-extradicion-de-davila-se-amplie-a-otras-exautoridades\/#primaryimage"},"thumbnailUrl":"https:\/\/www.eldiario.net\/portal\/wp-content\/uploads\/2024\/08\/40-POL-2.jpg","datePublished":"2024-08-04T11:11:29+00:00","breadcrumb":{"@id":"https:\/\/www.eldiario.net\/portal\/2024\/08\/04\/plantean-que-extradicion-de-davila-se-amplie-a-otras-exautoridades\/#breadcrumb"},"inLanguage":"es","potentialAction":[{"@type":"ReadAction","target":["https:\/\/www.eldiario.net\/portal\/2024\/08\/04\/plantean-que-extradicion-de-davila-se-amplie-a-otras-exautoridades\/"]}]},{"@type":"ImageObject","inLanguage":"es","@id":"https:\/\/www.eldiario.net\/portal\/2024\/08\/04\/plantean-que-extradicion-de-davila-se-amplie-a-otras-exautoridades\/#primaryimage","url":"https:\/\/www.eldiario.net\/portal\/wp-content\/uploads\/2024\/08\/40-POL-2.jpg","contentUrl":"https:\/\/www.eldiario.net\/portal\/wp-content\/uploads\/2024\/08\/40-POL-2.jpg","width":823,"height":609,"caption":"el Senador, Erik Mor\u00f3n (Creemos)."},{"@type":"BreadcrumbList","@id":"https:\/\/www.eldiario.net\/portal\/2024\/08\/04\/plantean-que-extradicion-de-davila-se-amplie-a-otras-exautoridades\/#breadcrumb","itemListElement":[{"@type":"ListItem","position":1,"name":"Portada","item":"https:\/\/www.eldiario.net\/portal\/"},{"@type":"ListItem","position":2,"name":"Plantean que extradici\u00f3n de D\u00e1vila se ampl\u00ede a otras exautoridades"}]},{"@type":"WebSite","@id":"https:\/\/www.eldiario.net\/portal\/#website","url":"https:\/\/www.eldiario.net\/portal\/","name":"El Diario - Decano de la prensa nacional","description":"El Diario - Decano de la prensa nacional","publisher":{"@id":"https:\/\/www.eldiario.net\/portal\/#organization"},"potentialAction":[{"@type":"SearchAction","target":{"@type":"EntryPoint","urlTemplate":"https:\/\/www.eldiario.net\/portal\/?s={search_term_string}"},"query-input":{"@type":"PropertyValueSpecification","valueRequired":true,"valueName":"search_term_string"}}],"inLanguage":"es"},{"@type":"Organization","@id":"https:\/\/www.eldiario.net\/portal\/#organization","name":"El Diario - Decano de la prensa nacional","url":"https:\/\/www.eldiario.net\/portal\/","logo":{"@type":"ImageObject","inLanguage":"es","@id":"https:\/\/www.eldiario.net\/portal\/#\/schema\/logo\/image\/","url":"https:\/\/www.eldiario.net\/portal\/wp-content\/uploads\/2023\/07\/logo_ED.jpg","contentUrl":"https:\/\/www.eldiario.net\/portal\/wp-content\/uploads\/2023\/07\/logo_ED.jpg","width":272,"height":52,"caption":"El Diario - Decano de la prensa nacional"},"image":{"@id":"https:\/\/www.eldiario.net\/portal\/#\/schema\/logo\/image\/"},"sameAs":["https:\/\/www.facebook.com\/eldiario.bolivia\/","https:\/\/x.com\/eldiario_net"]},{"@type":"Person","@id":"https:\/\/www.eldiario.net\/portal\/#\/schema\/person\/f46445640444750d7d753ccd04ae01b7","name":"Jeanette","image":{"@type":"ImageObject","inLanguage":"es","@id":"https:\/\/secure.gravatar.com\/avatar\/3ea2118a5f7dad2b7138b1187a6b7ee55f160b9968b66013c3a3ef39dd7e5798?s=96&d=mm&r=g","url":"https:\/\/secure.gravatar.com\/avatar\/3ea2118a5f7dad2b7138b1187a6b7ee55f160b9968b66013c3a3ef39dd7e5798?s=96&d=mm&r=g","contentUrl":"https:\/\/secure.gravatar.com\/avatar\/3ea2118a5f7dad2b7138b1187a6b7ee55f160b9968b66013c3a3ef39dd7e5798?s=96&d=mm&r=g","caption":"Jeanette"},"sameAs":["https:\/\/www.eldiario.net\/portal"],"url":"https:\/\/www.eldiario.net\/portal\/author\/jeanette\/"}]}},"_links":{"self":[{"href":"https:\/\/www.eldiario.net\/portal\/wp-json\/wp\/v2\/posts\/238412","targetHints":{"allow":["GET"]}}],"collection":[{"href":"https:\/\/www.eldiario.net\/portal\/wp-json\/wp\/v2\/posts"}],"about":[{"href":"https:\/\/www.eldiario.net\/portal\/wp-json\/wp\/v2\/types\/post"}],"author":[{"embeddable":true,"href":"https:\/\/www.eldiario.net\/portal\/wp-json\/wp\/v2\/users\/1"}],"replies":[{"embeddable":true,"href":"https:\/\/www.eldiario.net\/portal\/wp-json\/wp\/v2\/comments?post=238412"}],"version-history":[{"count":1,"href":"https:\/\/www.eldiario.net\/portal\/wp-json\/wp\/v2\/posts\/238412\/revisions"}],"predecessor-version":[{"id":238414,"href":"https:\/\/www.eldiario.net\/portal\/wp-json\/wp\/v2\/posts\/238412\/revisions\/238414"}],"wp:featuredmedia":[{"embeddable":true,"href":"https:\/\/www.eldiario.net\/portal\/wp-json\/wp\/v2\/media\/238413"}],"wp:attachment":[{"href":"https:\/\/www.eldiario.net\/portal\/wp-json\/wp\/v2\/media?parent=238412"}],"wp:term":[{"taxonomy":"category","embeddable":true,"href":"https:\/\/www.eldiario.net\/portal\/wp-json\/wp\/v2\/categories?post=238412"},{"taxonomy":"post_tag","embeddable":true,"href":"https:\/\/www.eldiario.net\/portal\/wp-json\/wp\/v2\/tags?post=238412"}],"curies":[{"name":"wp","href":"https:\/\/api.w.org\/{rel}","templated":true}]}}