{"id":238410,"date":"2024-08-04T07:10:38","date_gmt":"2024-08-04T11:10:38","guid":{"rendered":"https:\/\/www.eldiario.net\/portal\/?p=238410"},"modified":"2024-08-04T07:10:38","modified_gmt":"2024-08-04T11:10:38","slug":"senalan-que-presencia-de-huaytari-es-danina-para-la-camara-baja","status":"publish","type":"post","link":"https:\/\/www.eldiario.net\/portal\/2024\/08\/04\/senalan-que-presencia-de-huaytari-es-danina-para-la-camara-baja\/","title":{"rendered":"Se\u00f1alan que presencia de Huaytari  es da\u00f1ina para la C\u00e1mara Baja"},"content":{"rendered":"<p>Insistiendo en que el titular de Diputados, Israel Huaytari est\u00e1 implicado en una serie de hechos de corrupci\u00f3n, de forma personal y por acciones de sus funcionarios, el diputado por Comunidad Ciudadana (CC), Enrique Urquidi, afirm\u00f3 que la presencia y continuidad de la autoridad legislativa \u201ces da\u00f1ina y le hace mal a la C\u00e1mara de Baja\u201d, por lo que, a nombre de su bancada, insisti\u00f3 en pedir su renuncia.<br \/>\n\u201cSu presencia es da\u00f1ina, le hace mal a la C\u00e1mara de Diputados y le pedimos que d\u00e9 un paso al costado\u201d, expres\u00f3 Urquidi esta semana en conferencia de prensa, recordando adem\u00e1s las \u00faltimas acusaciones contra el diputado oficialista, una por presunta legitimaci\u00f3n de ganancias y otra por estar involucrado en la licitaci\u00f3n de veh\u00edculos incautados.<br \/>\nEn mayo, seg\u00fan informes de Inteligencia Financiera y Patrimonial de la Unidad de Investigaciones Financieras, la Fiscal\u00eda inici\u00f3 la investigaci\u00f3n por un supuesto incremento injustificado en el patrimonio de Huaytari, por 193 dep\u00f3sitos que el diputado oficialista \u201carcista\u201d recibi\u00f3 por m\u00e1s de Bs 1,4 millones.<br \/>\nEl aludido se acogi\u00f3 al silencio en su declaraci\u00f3n, pero ante los medios de comunicaci\u00f3n dijo que todo era un \u201cpanfleto\u201d en su contra y neg\u00f3 haber cometido alg\u00fan il\u00edcito.<br \/>\nOtra denuncia contra el titular de la C\u00e1mara Baja, se dio desde el ala \u201cevista\u201d del MAS, por una supuesta adjudicaci\u00f3n de cuatro camiones en una subasta de la Direcci\u00f3n de Registro, Control y Administraci\u00f3n de Bienes Incautados, a la que Huaytari hizo seguimiento personal, seg\u00fan im\u00e1genes presentadas por el legislador Pedro Francisco Coro.<br \/>\nUrquidi tambi\u00e9n reproch\u00f3 que funcionarios designados personalmente por Huaytari, se hayan visto implicados en casos delictivos como una violaci\u00f3n, una extorsi\u00f3n y una borrachera en ambientes p\u00fablicos.<br \/>\nLos tres casos se denunciaron en julio, con funcionarios de la Direcci\u00f3n de Recursos Humanos y la Oficial\u00eda Mayor, ambos despachos dependientes de forma directa de la Presidencia de la C\u00e1mara de Diputados.<br \/>\nFinalmente, esta semana la diputada Gabriela Ferrel, difundi\u00f3 im\u00e1genes de un festejo en oficinas de RRHH, presuntamente realizado en marzo, donde se evidencia el consumo de bebidas alcoh\u00f3licas.<\/p>\n","protected":false},"excerpt":{"rendered":"<p>Insistiendo en que el titular de Diputados, Israel Huaytari est\u00e1 implicado en una serie de hechos de corrupci\u00f3n, de forma personal y por acciones de sus funcionarios, el diputado por Comunidad Ciudadana (CC), Enrique Urquidi, afirm\u00f3 que la presencia y continuidad de la autoridad legislativa \u201ces da\u00f1ina y le hace mal a la C\u00e1mara de [&hellip;]<\/p>\n","protected":false},"author":1,"featured_media":194754,"comment_status":"open","ping_status":"open","sticky":false,"template":"","format":"standard","meta":{"_acf_changed":false,"footnotes":""},"categories":[14],"tags":[],"class_list":["post-238410","post","type-post","status-publish","format-standard","has-post-thumbnail","category-politica"],"acf":{"antetitulo":"Insisten en su renuncia"},"yoast_head":"<!-- This site is optimized with the Yoast SEO plugin v28.4 - https:\/\/yoast.com\/product\/yoast-seo-wordpress\/ -->\n<title>Se\u00f1alan que presencia de Huaytari es da\u00f1ina para la C\u00e1mara Baja - El Diario - Bolivia<\/title>\n<meta name=\"robots\" content=\"index, follow, max-snippet:-1, max-image-preview:large, max-video-preview:-1\" \/>\n<link rel=\"canonical\" href=\"https:\/\/www.eldiario.net\/portal\/2024\/08\/04\/senalan-que-presencia-de-huaytari-es-danina-para-la-camara-baja\/\" \/>\n<meta property=\"og:locale\" content=\"es_ES\" \/>\n<meta property=\"og:type\" content=\"article\" \/>\n<meta property=\"og:title\" content=\"Se\u00f1alan que presencia de Huaytari es da\u00f1ina para la C\u00e1mara Baja - El Diario - Bolivia\" \/>\n<meta property=\"og:description\" content=\"Insistiendo en que el titular de Diputados, Israel Huaytari est\u00e1 implicado en una serie de hechos de corrupci\u00f3n, de forma personal y por acciones de sus funcionarios, el diputado por Comunidad Ciudadana (CC), Enrique Urquidi, afirm\u00f3 que la presencia y continuidad de la autoridad legislativa \u201ces da\u00f1ina y le hace mal a la C\u00e1mara de [&hellip;]\" \/>\n<meta property=\"og:url\" content=\"https:\/\/www.eldiario.net\/portal\/2024\/08\/04\/senalan-que-presencia-de-huaytari-es-danina-para-la-camara-baja\/\" \/>\n<meta property=\"og:site_name\" content=\"El Diario - Bolivia\" \/>\n<meta property=\"article:publisher\" content=\"https:\/\/www.facebook.com\/eldiario.bolivia\/\" \/>\n<meta property=\"article:published_time\" content=\"2024-08-04T11:10:38+00:00\" \/>\n<meta property=\"og:image\" content=\"https:\/\/www.eldiario.net\/portal\/wp-content\/uploads\/2023\/12\/Politica.jpg\" \/>\n\t<meta property=\"og:image:width\" content=\"800\" \/>\n\t<meta property=\"og:image:height\" content=\"500\" \/>\n\t<meta property=\"og:image:type\" content=\"image\/jpeg\" \/>\n<meta name=\"author\" content=\"Jeanette\" \/>\n<meta name=\"twitter:card\" content=\"summary_large_image\" \/>\n<meta name=\"twitter:creator\" content=\"@eldiario_net\" \/>\n<meta name=\"twitter:site\" content=\"@eldiario_net\" \/>\n<meta name=\"twitter:label1\" content=\"Escrito por\" \/>\n\t<meta name=\"twitter:data1\" content=\"Jeanette\" \/>\n\t<meta name=\"twitter:label2\" content=\"Tiempo de lectura\" \/>\n\t<meta name=\"twitter:data2\" content=\"2 minutos\" \/>\n<script type=\"application\/ld+json\" class=\"yoast-schema-graph\">{\"@context\":\"https:\\\/\\\/schema.org\",\"@graph\":[{\"@type\":\"Article\",\"@id\":\"https:\\\/\\\/www.eldiario.net\\\/portal\\\/2024\\\/08\\\/04\\\/senalan-que-presencia-de-huaytari-es-danina-para-la-camara-baja\\\/#article\",\"isPartOf\":{\"@id\":\"https:\\\/\\\/www.eldiario.net\\\/portal\\\/2024\\\/08\\\/04\\\/senalan-que-presencia-de-huaytari-es-danina-para-la-camara-baja\\\/\"},\"author\":{\"name\":\"Jeanette\",\"@id\":\"https:\\\/\\\/www.eldiario.net\\\/portal\\\/#\\\/schema\\\/person\\\/f46445640444750d7d753ccd04ae01b7\"},\"headline\":\"Se\u00f1alan que presencia de Huaytari es da\u00f1ina para la C\u00e1mara Baja\",\"datePublished\":\"2024-08-04T11:10:38+00:00\",\"mainEntityOfPage\":{\"@id\":\"https:\\\/\\\/www.eldiario.net\\\/portal\\\/2024\\\/08\\\/04\\\/senalan-que-presencia-de-huaytari-es-danina-para-la-camara-baja\\\/\"},\"wordCount\":386,\"commentCount\":0,\"publisher\":{\"@id\":\"https:\\\/\\\/www.eldiario.net\\\/portal\\\/#organization\"},\"image\":{\"@id\":\"https:\\\/\\\/www.eldiario.net\\\/portal\\\/2024\\\/08\\\/04\\\/senalan-que-presencia-de-huaytari-es-danina-para-la-camara-baja\\\/#primaryimage\"},\"thumbnailUrl\":\"https:\\\/\\\/www.eldiario.net\\\/portal\\\/wp-content\\\/uploads\\\/2023\\\/12\\\/Politica.jpg\",\"articleSection\":[\"Pol\u00edtica\"],\"inLanguage\":\"es\",\"potentialAction\":[{\"@type\":\"CommentAction\",\"name\":\"Comment\",\"target\":[\"https:\\\/\\\/www.eldiario.net\\\/portal\\\/2024\\\/08\\\/04\\\/senalan-que-presencia-de-huaytari-es-danina-para-la-camara-baja\\\/#respond\"]}]},{\"@type\":\"WebPage\",\"@id\":\"https:\\\/\\\/www.eldiario.net\\\/portal\\\/2024\\\/08\\\/04\\\/senalan-que-presencia-de-huaytari-es-danina-para-la-camara-baja\\\/\",\"url\":\"https:\\\/\\\/www.eldiario.net\\\/portal\\\/2024\\\/08\\\/04\\\/senalan-que-presencia-de-huaytari-es-danina-para-la-camara-baja\\\/\",\"name\":\"Se\u00f1alan que presencia de Huaytari es da\u00f1ina para la C\u00e1mara Baja - El Diario - Bolivia\",\"isPartOf\":{\"@id\":\"https:\\\/\\\/www.eldiario.net\\\/portal\\\/#website\"},\"primaryImageOfPage\":{\"@id\":\"https:\\\/\\\/www.eldiario.net\\\/portal\\\/2024\\\/08\\\/04\\\/senalan-que-presencia-de-huaytari-es-danina-para-la-camara-baja\\\/#primaryimage\"},\"image\":{\"@id\":\"https:\\\/\\\/www.eldiario.net\\\/portal\\\/2024\\\/08\\\/04\\\/senalan-que-presencia-de-huaytari-es-danina-para-la-camara-baja\\\/#primaryimage\"},\"thumbnailUrl\":\"https:\\\/\\\/www.eldiario.net\\\/portal\\\/wp-content\\\/uploads\\\/2023\\\/12\\\/Politica.jpg\",\"datePublished\":\"2024-08-04T11:10:38+00:00\",\"breadcrumb\":{\"@id\":\"https:\\\/\\\/www.eldiario.net\\\/portal\\\/2024\\\/08\\\/04\\\/senalan-que-presencia-de-huaytari-es-danina-para-la-camara-baja\\\/#breadcrumb\"},\"inLanguage\":\"es\",\"potentialAction\":[{\"@type\":\"ReadAction\",\"target\":[\"https:\\\/\\\/www.eldiario.net\\\/portal\\\/2024\\\/08\\\/04\\\/senalan-que-presencia-de-huaytari-es-danina-para-la-camara-baja\\\/\"]}]},{\"@type\":\"ImageObject\",\"inLanguage\":\"es\",\"@id\":\"https:\\\/\\\/www.eldiario.net\\\/portal\\\/2024\\\/08\\\/04\\\/senalan-que-presencia-de-huaytari-es-danina-para-la-camara-baja\\\/#primaryimage\",\"url\":\"https:\\\/\\\/www.eldiario.net\\\/portal\\\/wp-content\\\/uploads\\\/2023\\\/12\\\/Politica.jpg\",\"contentUrl\":\"https:\\\/\\\/www.eldiario.net\\\/portal\\\/wp-content\\\/uploads\\\/2023\\\/12\\\/Politica.jpg\",\"width\":800,\"height\":500},{\"@type\":\"BreadcrumbList\",\"@id\":\"https:\\\/\\\/www.eldiario.net\\\/portal\\\/2024\\\/08\\\/04\\\/senalan-que-presencia-de-huaytari-es-danina-para-la-camara-baja\\\/#breadcrumb\",\"itemListElement\":[{\"@type\":\"ListItem\",\"position\":1,\"name\":\"Portada\",\"item\":\"https:\\\/\\\/www.eldiario.net\\\/portal\\\/\"},{\"@type\":\"ListItem\",\"position\":2,\"name\":\"Se\u00f1alan que presencia de Huaytari es da\u00f1ina para la C\u00e1mara Baja\"}]},{\"@type\":\"WebSite\",\"@id\":\"https:\\\/\\\/www.eldiario.net\\\/portal\\\/#website\",\"url\":\"https:\\\/\\\/www.eldiario.net\\\/portal\\\/\",\"name\":\"El Diario - Decano de la prensa nacional\",\"description\":\"El Diario - Decano de la prensa nacional\",\"publisher\":{\"@id\":\"https:\\\/\\\/www.eldiario.net\\\/portal\\\/#organization\"},\"potentialAction\":[{\"@type\":\"SearchAction\",\"target\":{\"@type\":\"EntryPoint\",\"urlTemplate\":\"https:\\\/\\\/www.eldiario.net\\\/portal\\\/?s={search_term_string}\"},\"query-input\":{\"@type\":\"PropertyValueSpecification\",\"valueRequired\":true,\"valueName\":\"search_term_string\"}}],\"inLanguage\":\"es\"},{\"@type\":\"Organization\",\"@id\":\"https:\\\/\\\/www.eldiario.net\\\/portal\\\/#organization\",\"name\":\"El Diario - Decano de la prensa nacional\",\"url\":\"https:\\\/\\\/www.eldiario.net\\\/portal\\\/\",\"logo\":{\"@type\":\"ImageObject\",\"inLanguage\":\"es\",\"@id\":\"https:\\\/\\\/www.eldiario.net\\\/portal\\\/#\\\/schema\\\/logo\\\/image\\\/\",\"url\":\"https:\\\/\\\/www.eldiario.net\\\/portal\\\/wp-content\\\/uploads\\\/2023\\\/07\\\/logo_ED.jpg\",\"contentUrl\":\"https:\\\/\\\/www.eldiario.net\\\/portal\\\/wp-content\\\/uploads\\\/2023\\\/07\\\/logo_ED.jpg\",\"width\":272,\"height\":52,\"caption\":\"El Diario - Decano de la prensa nacional\"},\"image\":{\"@id\":\"https:\\\/\\\/www.eldiario.net\\\/portal\\\/#\\\/schema\\\/logo\\\/image\\\/\"},\"sameAs\":[\"https:\\\/\\\/www.facebook.com\\\/eldiario.bolivia\\\/\",\"https:\\\/\\\/x.com\\\/eldiario_net\"]},{\"@type\":\"Person\",\"@id\":\"https:\\\/\\\/www.eldiario.net\\\/portal\\\/#\\\/schema\\\/person\\\/f46445640444750d7d753ccd04ae01b7\",\"name\":\"Jeanette\",\"image\":{\"@type\":\"ImageObject\",\"inLanguage\":\"es\",\"@id\":\"https:\\\/\\\/secure.gravatar.com\\\/avatar\\\/3ea2118a5f7dad2b7138b1187a6b7ee55f160b9968b66013c3a3ef39dd7e5798?s=96&d=mm&r=g\",\"url\":\"https:\\\/\\\/secure.gravatar.com\\\/avatar\\\/3ea2118a5f7dad2b7138b1187a6b7ee55f160b9968b66013c3a3ef39dd7e5798?s=96&d=mm&r=g\",\"contentUrl\":\"https:\\\/\\\/secure.gravatar.com\\\/avatar\\\/3ea2118a5f7dad2b7138b1187a6b7ee55f160b9968b66013c3a3ef39dd7e5798?s=96&d=mm&r=g\",\"caption\":\"Jeanette\"},\"sameAs\":[\"https:\\\/\\\/www.eldiario.net\\\/portal\"],\"url\":\"https:\\\/\\\/www.eldiario.net\\\/portal\\\/author\\\/jeanette\\\/\"}]}<\/script>\n<!-- \/ Yoast SEO plugin. -->","yoast_head_json":{"title":"Se\u00f1alan que presencia de Huaytari es da\u00f1ina para la C\u00e1mara Baja - El Diario - Bolivia","robots":{"index":"index","follow":"follow","max-snippet":"max-snippet:-1","max-image-preview":"max-image-preview:large","max-video-preview":"max-video-preview:-1"},"canonical":"https:\/\/www.eldiario.net\/portal\/2024\/08\/04\/senalan-que-presencia-de-huaytari-es-danina-para-la-camara-baja\/","og_locale":"es_ES","og_type":"article","og_title":"Se\u00f1alan que presencia de Huaytari es da\u00f1ina para la C\u00e1mara Baja - El Diario - Bolivia","og_description":"Insistiendo en que el titular de Diputados, Israel Huaytari est\u00e1 implicado en una serie de hechos de corrupci\u00f3n, de forma personal y por acciones de sus funcionarios, el diputado por Comunidad Ciudadana (CC), Enrique Urquidi, afirm\u00f3 que la presencia y continuidad de la autoridad legislativa \u201ces da\u00f1ina y le hace mal a la C\u00e1mara de [&hellip;]","og_url":"https:\/\/www.eldiario.net\/portal\/2024\/08\/04\/senalan-que-presencia-de-huaytari-es-danina-para-la-camara-baja\/","og_site_name":"El Diario - Bolivia","article_publisher":"https:\/\/www.facebook.com\/eldiario.bolivia\/","article_published_time":"2024-08-04T11:10:38+00:00","og_image":[{"width":800,"height":500,"url":"https:\/\/www.eldiario.net\/portal\/wp-content\/uploads\/2023\/12\/Politica.jpg","type":"image\/jpeg"}],"author":"Jeanette","twitter_card":"summary_large_image","twitter_creator":"@eldiario_net","twitter_site":"@eldiario_net","twitter_misc":{"Escrito por":"Jeanette","Tiempo de lectura":"2 minutos"},"schema":{"@context":"https:\/\/schema.org","@graph":[{"@type":"Article","@id":"https:\/\/www.eldiario.net\/portal\/2024\/08\/04\/senalan-que-presencia-de-huaytari-es-danina-para-la-camara-baja\/#article","isPartOf":{"@id":"https:\/\/www.eldiario.net\/portal\/2024\/08\/04\/senalan-que-presencia-de-huaytari-es-danina-para-la-camara-baja\/"},"author":{"name":"Jeanette","@id":"https:\/\/www.eldiario.net\/portal\/#\/schema\/person\/f46445640444750d7d753ccd04ae01b7"},"headline":"Se\u00f1alan que presencia de Huaytari es da\u00f1ina para la C\u00e1mara Baja","datePublished":"2024-08-04T11:10:38+00:00","mainEntityOfPage":{"@id":"https:\/\/www.eldiario.net\/portal\/2024\/08\/04\/senalan-que-presencia-de-huaytari-es-danina-para-la-camara-baja\/"},"wordCount":386,"commentCount":0,"publisher":{"@id":"https:\/\/www.eldiario.net\/portal\/#organization"},"image":{"@id":"https:\/\/www.eldiario.net\/portal\/2024\/08\/04\/senalan-que-presencia-de-huaytari-es-danina-para-la-camara-baja\/#primaryimage"},"thumbnailUrl":"https:\/\/www.eldiario.net\/portal\/wp-content\/uploads\/2023\/12\/Politica.jpg","articleSection":["Pol\u00edtica"],"inLanguage":"es","potentialAction":[{"@type":"CommentAction","name":"Comment","target":["https:\/\/www.eldiario.net\/portal\/2024\/08\/04\/senalan-que-presencia-de-huaytari-es-danina-para-la-camara-baja\/#respond"]}]},{"@type":"WebPage","@id":"https:\/\/www.eldiario.net\/portal\/2024\/08\/04\/senalan-que-presencia-de-huaytari-es-danina-para-la-camara-baja\/","url":"https:\/\/www.eldiario.net\/portal\/2024\/08\/04\/senalan-que-presencia-de-huaytari-es-danina-para-la-camara-baja\/","name":"Se\u00f1alan que presencia de Huaytari es da\u00f1ina para la C\u00e1mara Baja - El Diario - Bolivia","isPartOf":{"@id":"https:\/\/www.eldiario.net\/portal\/#website"},"primaryImageOfPage":{"@id":"https:\/\/www.eldiario.net\/portal\/2024\/08\/04\/senalan-que-presencia-de-huaytari-es-danina-para-la-camara-baja\/#primaryimage"},"image":{"@id":"https:\/\/www.eldiario.net\/portal\/2024\/08\/04\/senalan-que-presencia-de-huaytari-es-danina-para-la-camara-baja\/#primaryimage"},"thumbnailUrl":"https:\/\/www.eldiario.net\/portal\/wp-content\/uploads\/2023\/12\/Politica.jpg","datePublished":"2024-08-04T11:10:38+00:00","breadcrumb":{"@id":"https:\/\/www.eldiario.net\/portal\/2024\/08\/04\/senalan-que-presencia-de-huaytari-es-danina-para-la-camara-baja\/#breadcrumb"},"inLanguage":"es","potentialAction":[{"@type":"ReadAction","target":["https:\/\/www.eldiario.net\/portal\/2024\/08\/04\/senalan-que-presencia-de-huaytari-es-danina-para-la-camara-baja\/"]}]},{"@type":"ImageObject","inLanguage":"es","@id":"https:\/\/www.eldiario.net\/portal\/2024\/08\/04\/senalan-que-presencia-de-huaytari-es-danina-para-la-camara-baja\/#primaryimage","url":"https:\/\/www.eldiario.net\/portal\/wp-content\/uploads\/2023\/12\/Politica.jpg","contentUrl":"https:\/\/www.eldiario.net\/portal\/wp-content\/uploads\/2023\/12\/Politica.jpg","width":800,"height":500},{"@type":"BreadcrumbList","@id":"https:\/\/www.eldiario.net\/portal\/2024\/08\/04\/senalan-que-presencia-de-huaytari-es-danina-para-la-camara-baja\/#breadcrumb","itemListElement":[{"@type":"ListItem","position":1,"name":"Portada","item":"https:\/\/www.eldiario.net\/portal\/"},{"@type":"ListItem","position":2,"name":"Se\u00f1alan que presencia de Huaytari es da\u00f1ina para la C\u00e1mara Baja"}]},{"@type":"WebSite","@id":"https:\/\/www.eldiario.net\/portal\/#website","url":"https:\/\/www.eldiario.net\/portal\/","name":"El Diario - Decano de la prensa nacional","description":"El Diario - Decano de la prensa nacional","publisher":{"@id":"https:\/\/www.eldiario.net\/portal\/#organization"},"potentialAction":[{"@type":"SearchAction","target":{"@type":"EntryPoint","urlTemplate":"https:\/\/www.eldiario.net\/portal\/?s={search_term_string}"},"query-input":{"@type":"PropertyValueSpecification","valueRequired":true,"valueName":"search_term_string"}}],"inLanguage":"es"},{"@type":"Organization","@id":"https:\/\/www.eldiario.net\/portal\/#organization","name":"El Diario - Decano de la prensa nacional","url":"https:\/\/www.eldiario.net\/portal\/","logo":{"@type":"ImageObject","inLanguage":"es","@id":"https:\/\/www.eldiario.net\/portal\/#\/schema\/logo\/image\/","url":"https:\/\/www.eldiario.net\/portal\/wp-content\/uploads\/2023\/07\/logo_ED.jpg","contentUrl":"https:\/\/www.eldiario.net\/portal\/wp-content\/uploads\/2023\/07\/logo_ED.jpg","width":272,"height":52,"caption":"El Diario - Decano de la prensa nacional"},"image":{"@id":"https:\/\/www.eldiario.net\/portal\/#\/schema\/logo\/image\/"},"sameAs":["https:\/\/www.facebook.com\/eldiario.bolivia\/","https:\/\/x.com\/eldiario_net"]},{"@type":"Person","@id":"https:\/\/www.eldiario.net\/portal\/#\/schema\/person\/f46445640444750d7d753ccd04ae01b7","name":"Jeanette","image":{"@type":"ImageObject","inLanguage":"es","@id":"https:\/\/secure.gravatar.com\/avatar\/3ea2118a5f7dad2b7138b1187a6b7ee55f160b9968b66013c3a3ef39dd7e5798?s=96&d=mm&r=g","url":"https:\/\/secure.gravatar.com\/avatar\/3ea2118a5f7dad2b7138b1187a6b7ee55f160b9968b66013c3a3ef39dd7e5798?s=96&d=mm&r=g","contentUrl":"https:\/\/secure.gravatar.com\/avatar\/3ea2118a5f7dad2b7138b1187a6b7ee55f160b9968b66013c3a3ef39dd7e5798?s=96&d=mm&r=g","caption":"Jeanette"},"sameAs":["https:\/\/www.eldiario.net\/portal"],"url":"https:\/\/www.eldiario.net\/portal\/author\/jeanette\/"}]}},"_links":{"self":[{"href":"https:\/\/www.eldiario.net\/portal\/wp-json\/wp\/v2\/posts\/238410","targetHints":{"allow":["GET"]}}],"collection":[{"href":"https:\/\/www.eldiario.net\/portal\/wp-json\/wp\/v2\/posts"}],"about":[{"href":"https:\/\/www.eldiario.net\/portal\/wp-json\/wp\/v2\/types\/post"}],"author":[{"embeddable":true,"href":"https:\/\/www.eldiario.net\/portal\/wp-json\/wp\/v2\/users\/1"}],"replies":[{"embeddable":true,"href":"https:\/\/www.eldiario.net\/portal\/wp-json\/wp\/v2\/comments?post=238410"}],"version-history":[{"count":1,"href":"https:\/\/www.eldiario.net\/portal\/wp-json\/wp\/v2\/posts\/238410\/revisions"}],"predecessor-version":[{"id":238411,"href":"https:\/\/www.eldiario.net\/portal\/wp-json\/wp\/v2\/posts\/238410\/revisions\/238411"}],"wp:featuredmedia":[{"embeddable":true,"href":"https:\/\/www.eldiario.net\/portal\/wp-json\/wp\/v2\/media\/194754"}],"wp:attachment":[{"href":"https:\/\/www.eldiario.net\/portal\/wp-json\/wp\/v2\/media?parent=238410"}],"wp:term":[{"taxonomy":"category","embeddable":true,"href":"https:\/\/www.eldiario.net\/portal\/wp-json\/wp\/v2\/categories?post=238410"},{"taxonomy":"post_tag","embeddable":true,"href":"https:\/\/www.eldiario.net\/portal\/wp-json\/wp\/v2\/tags?post=238410"}],"curies":[{"name":"wp","href":"https:\/\/api.w.org\/{rel}","templated":true}]}}