{"id":238385,"date":"2024-08-04T07:03:37","date_gmt":"2024-08-04T11:03:37","guid":{"rendered":"https:\/\/www.eldiario.net\/portal\/?p=238385"},"modified":"2024-08-04T07:03:37","modified_gmt":"2024-08-04T11:03:37","slug":"por-semana-precios-de-alimentos-se-incrementan","status":"publish","type":"post","link":"https:\/\/www.eldiario.net\/portal\/2024\/08\/04\/por-semana-precios-de-alimentos-se-incrementan\/","title":{"rendered":"Por semana, precios de  alimentos se incrementan"},"content":{"rendered":"<p>La poblaci\u00f3n est\u00e1 preocupada debido a que desde hace unos d\u00edas, de a poco, se est\u00e1 registrando un incremento en el precio de diferentes productos de la canasta familiar. Las razones van desde factores clim\u00e1ticos, de temporada hasta la escasez del d\u00f3lar y el alza en el precio del cambio de esta moneda extranjera. Debido a ello, el precio de los abarrotes, adem\u00e1s de algunas verduras y carnes, entre otros, se est\u00e1n elevando.<br \/>\nSe constat\u00f3 que el incremento oscila entre Bs 2 a Bs 5, dependiendo al producto. En algunos casos, incluso, el alza es de 0.50 centavos.<br \/>\n\u201cLa anterior semana vine (al mercado Rodr\u00edguez) y no estaba tan caro, solo algunas verduras, pero ahora s\u00ed veo que ha subido el precio de m\u00e1s cosas. La arveja y la haba, el pollo, chancho, eso he visto\u201d, se\u00f1al\u00f3 la se\u00f1ora Carmen mientras adquir\u00eda algunos productos de la canasta familiar, del mercado pace\u00f1o.<br \/>\nOtra vendedora de carne de pollo, del mercado ubicado en la zona Cementerio, corrobor\u00f3 que el kilo, dependiendo de la empresa, est\u00e1 a Bs 17 y 18 bolivianos, siendo que hace solo unos d\u00edas estaba entre Bs 15 y 16, y mucho antes en Bs 12.50.<br \/>\n\u201cNo hay mucha producci\u00f3n dice. Tambi\u00e9n, los que nos dejan, nos dicen que la comida para el animal (gallina) est\u00e1 caro y es en d\u00f3lares, por eso no hay mucho. No s\u00e9 si ser\u00e1 verdad, pero a nosotras as\u00ed diciendo nos convencen y nosotras por vender tambi\u00e9n agarramos nom\u00e1s\u201d, manifest\u00f3.<br \/>\nAl respecto, el vicepresidente de la Asociaci\u00f3n Departamental de Avicultores (ADA) en Cochabamba, Iv\u00e1n Carri\u00f3n, indic\u00f3 que su sector est\u00e1 en emergencia debido al incremento, en hasta un 30%, de productos importados para la alimentaci\u00f3n de las aves.<br \/>\n\u201cNo est\u00e1 llegando con regularidad tanto la soya, el ma\u00edz que nos llega del departamento de Santa Cruz. Por otra parte, tambi\u00e9n estamos teniendo problemas en el suministro de los amino\u00e1cidos y los biol\u00f3gicos (\u2026) estos productos son importados, entonces por la falta de d\u00f3lares no est\u00e1n pudiendo llegar como siempre est\u00e1bamos acostumbrados y obviamente, el precio ya ha subido un 30 por ciento desde hace un par de meses\u201d, sostuvo.<br \/>\nApunt\u00f3 que la situaci\u00f3n de los avicultores es \u201cun poco delicada, pues el costo de producci\u00f3n ha subido\u201d. Adem\u00e1s aclar\u00f3, que \u201cel precio del pollo lo rige el mercado, no es que nosotros pasamos este incremento de nuestro costo de producci\u00f3n al consumidor final, puesto que muchas veces estamos vendiendo el pollo por debajo de nuestro costo de producci\u00f3n\u201d.<br \/>\nEn cuanto a verduras, una de las que m\u00e1s subi\u00f3 en su costo, es la haba, seguido de la arveja, locoto, vainita, tomate y otros.<br \/>\n\u201cCompr\u00e9 arveja a siete (bolivianos) la libra y era cinco o seis; la haba es lo que m\u00e1s ha subido, la libra est\u00e1 ocho, entonces la cuarta ser\u00eda m\u00e1s de 40 bolivianos y esa cuarta, hace unos d\u00edas, estaba 15 bolivianos\u201d, explic\u00f3 la se\u00f1ora Nora Silva, quien hac\u00eda sus compras por la zona del Cementerio.<br \/>\n\u201cTomate est\u00e1 casi igual, de un peso a 50 centavos ha subido, es que no nos damos cuenta porque sube y se queda en un precio m\u00e1s alto que antes, luego otra vez sube y baja poco. Porque antes, hab\u00eda hasta de 1.50 la libra y ahora el m\u00e1s barato es de Bs 3. Ya estaba bajando y ahora otra vez compr\u00e9 a Bs 4.50\u201d, se\u00f1ala Carmen al detallar que la libra de locoto est\u00e1 en Bs 5 y \u201ccuatro locotos\u201d es Bs 2.<br \/>\nABARROTES<br \/>\nRecientemente tambi\u00e9n se est\u00e1 incrementando el precio de algunos abarrotes, en este caso la excusa es \u201cel problema del d\u00f3lar\u201d.<br \/>\n\u201cLa mercader\u00eda est\u00e1 llegando como siempre, pero a otro precio y (los proveedores) nos dicen que porque el d\u00f3lar ha subido. La gente reclama, pero qu\u00e9 podemos hacer, as\u00ed nos entregan a nosotros\u201d, lament\u00f3 una vendedora de abarrotes de la calle Antonio Gallardo.<br \/>\nPor ejemplo, el quintal de harina argentina subi\u00f3 a entre Bs 250 a Bs 270, pero hace unos d\u00edas era Bs 240. Similar situaci\u00f3n ocurre en la mayor\u00eda de productos importados.<br \/>\nREUNI\u00d3N<br \/>\nLa dirigente de los gremiales, Mercedes Quisbert, anunci\u00f3 que este lunes 5 de agosto, a las 9:30 ese sector tendr\u00e1 una reuni\u00f3n con autoridades en el Ministerio de Justicia.<br \/>\n\u201cNos ha llegado una invitaci\u00f3n (\u2026) est\u00e1n llegando los secretarios generales de diferentes departamentos para hacer una reuni\u00f3n que se va tocar puntos muy importantes en esta reuni\u00f3n, hay bastante preocupaci\u00f3n en nuestro pa\u00eds por el tema de la subida del d\u00f3lar, el tema de impuestos, el tema de aduanas y no se resuelve hasta ahora nada\u201d, mencion\u00f3.<\/p>\n","protected":false},"excerpt":{"rendered":"<p>La poblaci\u00f3n est\u00e1 preocupada debido a que desde hace unos d\u00edas, de a poco, se est\u00e1 registrando un incremento en el precio de diferentes productos de la canasta familiar. Las razones van desde factores clim\u00e1ticos, de temporada hasta la escasez del d\u00f3lar y el alza en el precio del cambio de esta moneda extranjera. Debido [&hellip;]<\/p>\n","protected":false},"author":1,"featured_media":238386,"comment_status":"open","ping_status":"open","sticky":false,"template":"","format":"standard","meta":{"_acf_changed":false,"footnotes":""},"categories":[12],"tags":[],"class_list":["post-238385","post","type-post","status-publish","format-standard","has-post-thumbnail","category-nacional"],"acf":{"antetitulo":"Ante inacci\u00f3n del Gobierno"},"yoast_head":"<!-- This site is optimized with the Yoast SEO plugin v28.3 - https:\/\/yoast.com\/product\/yoast-seo-wordpress\/ -->\n<title>Por semana, precios de alimentos se incrementan - El Diario - Bolivia<\/title>\n<meta name=\"robots\" content=\"index, follow, max-snippet:-1, max-image-preview:large, max-video-preview:-1\" \/>\n<link rel=\"canonical\" href=\"https:\/\/www.eldiario.net\/portal\/2024\/08\/04\/por-semana-precios-de-alimentos-se-incrementan\/\" \/>\n<meta property=\"og:locale\" content=\"es_ES\" \/>\n<meta property=\"og:type\" content=\"article\" \/>\n<meta property=\"og:title\" content=\"Por semana, precios de alimentos se incrementan - El Diario - Bolivia\" \/>\n<meta property=\"og:description\" content=\"La poblaci\u00f3n est\u00e1 preocupada debido a que desde hace unos d\u00edas, de a poco, se est\u00e1 registrando un incremento en el precio de diferentes productos de la canasta familiar. Las razones van desde factores clim\u00e1ticos, de temporada hasta la escasez del d\u00f3lar y el alza en el precio del cambio de esta moneda extranjera. Debido [&hellip;]\" \/>\n<meta property=\"og:url\" content=\"https:\/\/www.eldiario.net\/portal\/2024\/08\/04\/por-semana-precios-de-alimentos-se-incrementan\/\" \/>\n<meta property=\"og:site_name\" content=\"El Diario - Bolivia\" \/>\n<meta property=\"article:publisher\" content=\"https:\/\/www.facebook.com\/eldiario.bolivia\/\" \/>\n<meta property=\"article:published_time\" content=\"2024-08-04T11:03:37+00:00\" \/>\n<meta property=\"og:image\" content=\"https:\/\/www.eldiario.net\/portal\/wp-content\/uploads\/2024\/08\/F-1-precios.jpg\" \/>\n\t<meta property=\"og:image:width\" content=\"899\" \/>\n\t<meta property=\"og:image:height\" content=\"736\" \/>\n\t<meta property=\"og:image:type\" content=\"image\/jpeg\" \/>\n<meta name=\"author\" content=\"Jeanette\" \/>\n<meta name=\"twitter:card\" content=\"summary_large_image\" \/>\n<meta name=\"twitter:creator\" content=\"@eldiario_net\" \/>\n<meta name=\"twitter:site\" content=\"@eldiario_net\" \/>\n<meta name=\"twitter:label1\" content=\"Escrito por\" \/>\n\t<meta name=\"twitter:data1\" content=\"Jeanette\" \/>\n\t<meta name=\"twitter:label2\" content=\"Tiempo de lectura\" \/>\n\t<meta name=\"twitter:data2\" content=\"4 minutos\" \/>\n<script type=\"application\/ld+json\" class=\"yoast-schema-graph\">{\"@context\":\"https:\\\/\\\/schema.org\",\"@graph\":[{\"@type\":\"Article\",\"@id\":\"https:\\\/\\\/www.eldiario.net\\\/portal\\\/2024\\\/08\\\/04\\\/por-semana-precios-de-alimentos-se-incrementan\\\/#article\",\"isPartOf\":{\"@id\":\"https:\\\/\\\/www.eldiario.net\\\/portal\\\/2024\\\/08\\\/04\\\/por-semana-precios-de-alimentos-se-incrementan\\\/\"},\"author\":{\"name\":\"Jeanette\",\"@id\":\"https:\\\/\\\/www.eldiario.net\\\/portal\\\/#\\\/schema\\\/person\\\/f46445640444750d7d753ccd04ae01b7\"},\"headline\":\"Por semana, precios de alimentos se incrementan\",\"datePublished\":\"2024-08-04T11:03:37+00:00\",\"mainEntityOfPage\":{\"@id\":\"https:\\\/\\\/www.eldiario.net\\\/portal\\\/2024\\\/08\\\/04\\\/por-semana-precios-de-alimentos-se-incrementan\\\/\"},\"wordCount\":805,\"commentCount\":0,\"publisher\":{\"@id\":\"https:\\\/\\\/www.eldiario.net\\\/portal\\\/#organization\"},\"image\":{\"@id\":\"https:\\\/\\\/www.eldiario.net\\\/portal\\\/2024\\\/08\\\/04\\\/por-semana-precios-de-alimentos-se-incrementan\\\/#primaryimage\"},\"thumbnailUrl\":\"https:\\\/\\\/www.eldiario.net\\\/portal\\\/wp-content\\\/uploads\\\/2024\\\/08\\\/F-1-precios.jpg\",\"articleSection\":[\"Nacional\"],\"inLanguage\":\"es\",\"potentialAction\":[{\"@type\":\"CommentAction\",\"name\":\"Comment\",\"target\":[\"https:\\\/\\\/www.eldiario.net\\\/portal\\\/2024\\\/08\\\/04\\\/por-semana-precios-de-alimentos-se-incrementan\\\/#respond\"]}]},{\"@type\":\"WebPage\",\"@id\":\"https:\\\/\\\/www.eldiario.net\\\/portal\\\/2024\\\/08\\\/04\\\/por-semana-precios-de-alimentos-se-incrementan\\\/\",\"url\":\"https:\\\/\\\/www.eldiario.net\\\/portal\\\/2024\\\/08\\\/04\\\/por-semana-precios-de-alimentos-se-incrementan\\\/\",\"name\":\"Por semana, precios de alimentos se incrementan - El Diario - Bolivia\",\"isPartOf\":{\"@id\":\"https:\\\/\\\/www.eldiario.net\\\/portal\\\/#website\"},\"primaryImageOfPage\":{\"@id\":\"https:\\\/\\\/www.eldiario.net\\\/portal\\\/2024\\\/08\\\/04\\\/por-semana-precios-de-alimentos-se-incrementan\\\/#primaryimage\"},\"image\":{\"@id\":\"https:\\\/\\\/www.eldiario.net\\\/portal\\\/2024\\\/08\\\/04\\\/por-semana-precios-de-alimentos-se-incrementan\\\/#primaryimage\"},\"thumbnailUrl\":\"https:\\\/\\\/www.eldiario.net\\\/portal\\\/wp-content\\\/uploads\\\/2024\\\/08\\\/F-1-precios.jpg\",\"datePublished\":\"2024-08-04T11:03:37+00:00\",\"breadcrumb\":{\"@id\":\"https:\\\/\\\/www.eldiario.net\\\/portal\\\/2024\\\/08\\\/04\\\/por-semana-precios-de-alimentos-se-incrementan\\\/#breadcrumb\"},\"inLanguage\":\"es\",\"potentialAction\":[{\"@type\":\"ReadAction\",\"target\":[\"https:\\\/\\\/www.eldiario.net\\\/portal\\\/2024\\\/08\\\/04\\\/por-semana-precios-de-alimentos-se-incrementan\\\/\"]}]},{\"@type\":\"ImageObject\",\"inLanguage\":\"es\",\"@id\":\"https:\\\/\\\/www.eldiario.net\\\/portal\\\/2024\\\/08\\\/04\\\/por-semana-precios-de-alimentos-se-incrementan\\\/#primaryimage\",\"url\":\"https:\\\/\\\/www.eldiario.net\\\/portal\\\/wp-content\\\/uploads\\\/2024\\\/08\\\/F-1-precios.jpg\",\"contentUrl\":\"https:\\\/\\\/www.eldiario.net\\\/portal\\\/wp-content\\\/uploads\\\/2024\\\/08\\\/F-1-precios.jpg\",\"width\":899,\"height\":736,\"caption\":\"Productos importados, entre ellos abarrotes, suben de precio.\"},{\"@type\":\"BreadcrumbList\",\"@id\":\"https:\\\/\\\/www.eldiario.net\\\/portal\\\/2024\\\/08\\\/04\\\/por-semana-precios-de-alimentos-se-incrementan\\\/#breadcrumb\",\"itemListElement\":[{\"@type\":\"ListItem\",\"position\":1,\"name\":\"Portada\",\"item\":\"https:\\\/\\\/www.eldiario.net\\\/portal\\\/\"},{\"@type\":\"ListItem\",\"position\":2,\"name\":\"Por semana, precios de alimentos se incrementan\"}]},{\"@type\":\"WebSite\",\"@id\":\"https:\\\/\\\/www.eldiario.net\\\/portal\\\/#website\",\"url\":\"https:\\\/\\\/www.eldiario.net\\\/portal\\\/\",\"name\":\"El Diario - Decano de la prensa nacional\",\"description\":\"El Diario - Decano de la prensa nacional\",\"publisher\":{\"@id\":\"https:\\\/\\\/www.eldiario.net\\\/portal\\\/#organization\"},\"potentialAction\":[{\"@type\":\"SearchAction\",\"target\":{\"@type\":\"EntryPoint\",\"urlTemplate\":\"https:\\\/\\\/www.eldiario.net\\\/portal\\\/?s={search_term_string}\"},\"query-input\":{\"@type\":\"PropertyValueSpecification\",\"valueRequired\":true,\"valueName\":\"search_term_string\"}}],\"inLanguage\":\"es\"},{\"@type\":\"Organization\",\"@id\":\"https:\\\/\\\/www.eldiario.net\\\/portal\\\/#organization\",\"name\":\"El Diario - Decano de la prensa nacional\",\"url\":\"https:\\\/\\\/www.eldiario.net\\\/portal\\\/\",\"logo\":{\"@type\":\"ImageObject\",\"inLanguage\":\"es\",\"@id\":\"https:\\\/\\\/www.eldiario.net\\\/portal\\\/#\\\/schema\\\/logo\\\/image\\\/\",\"url\":\"https:\\\/\\\/www.eldiario.net\\\/portal\\\/wp-content\\\/uploads\\\/2023\\\/07\\\/logo_ED.jpg\",\"contentUrl\":\"https:\\\/\\\/www.eldiario.net\\\/portal\\\/wp-content\\\/uploads\\\/2023\\\/07\\\/logo_ED.jpg\",\"width\":272,\"height\":52,\"caption\":\"El Diario - Decano de la prensa nacional\"},\"image\":{\"@id\":\"https:\\\/\\\/www.eldiario.net\\\/portal\\\/#\\\/schema\\\/logo\\\/image\\\/\"},\"sameAs\":[\"https:\\\/\\\/www.facebook.com\\\/eldiario.bolivia\\\/\",\"https:\\\/\\\/x.com\\\/eldiario_net\"]},{\"@type\":\"Person\",\"@id\":\"https:\\\/\\\/www.eldiario.net\\\/portal\\\/#\\\/schema\\\/person\\\/f46445640444750d7d753ccd04ae01b7\",\"name\":\"Jeanette\",\"image\":{\"@type\":\"ImageObject\",\"inLanguage\":\"es\",\"@id\":\"https:\\\/\\\/secure.gravatar.com\\\/avatar\\\/3ea2118a5f7dad2b7138b1187a6b7ee55f160b9968b66013c3a3ef39dd7e5798?s=96&d=mm&r=g\",\"url\":\"https:\\\/\\\/secure.gravatar.com\\\/avatar\\\/3ea2118a5f7dad2b7138b1187a6b7ee55f160b9968b66013c3a3ef39dd7e5798?s=96&d=mm&r=g\",\"contentUrl\":\"https:\\\/\\\/secure.gravatar.com\\\/avatar\\\/3ea2118a5f7dad2b7138b1187a6b7ee55f160b9968b66013c3a3ef39dd7e5798?s=96&d=mm&r=g\",\"caption\":\"Jeanette\"},\"sameAs\":[\"https:\\\/\\\/www.eldiario.net\\\/portal\"],\"url\":\"https:\\\/\\\/www.eldiario.net\\\/portal\\\/author\\\/jeanette\\\/\"}]}<\/script>\n<!-- \/ Yoast SEO plugin. -->","yoast_head_json":{"title":"Por semana, precios de alimentos se incrementan - El Diario - Bolivia","robots":{"index":"index","follow":"follow","max-snippet":"max-snippet:-1","max-image-preview":"max-image-preview:large","max-video-preview":"max-video-preview:-1"},"canonical":"https:\/\/www.eldiario.net\/portal\/2024\/08\/04\/por-semana-precios-de-alimentos-se-incrementan\/","og_locale":"es_ES","og_type":"article","og_title":"Por semana, precios de alimentos se incrementan - El Diario - Bolivia","og_description":"La poblaci\u00f3n est\u00e1 preocupada debido a que desde hace unos d\u00edas, de a poco, se est\u00e1 registrando un incremento en el precio de diferentes productos de la canasta familiar. Las razones van desde factores clim\u00e1ticos, de temporada hasta la escasez del d\u00f3lar y el alza en el precio del cambio de esta moneda extranjera. Debido [&hellip;]","og_url":"https:\/\/www.eldiario.net\/portal\/2024\/08\/04\/por-semana-precios-de-alimentos-se-incrementan\/","og_site_name":"El Diario - Bolivia","article_publisher":"https:\/\/www.facebook.com\/eldiario.bolivia\/","article_published_time":"2024-08-04T11:03:37+00:00","og_image":[{"width":899,"height":736,"url":"https:\/\/www.eldiario.net\/portal\/wp-content\/uploads\/2024\/08\/F-1-precios.jpg","type":"image\/jpeg"}],"author":"Jeanette","twitter_card":"summary_large_image","twitter_creator":"@eldiario_net","twitter_site":"@eldiario_net","twitter_misc":{"Escrito por":"Jeanette","Tiempo de lectura":"4 minutos"},"schema":{"@context":"https:\/\/schema.org","@graph":[{"@type":"Article","@id":"https:\/\/www.eldiario.net\/portal\/2024\/08\/04\/por-semana-precios-de-alimentos-se-incrementan\/#article","isPartOf":{"@id":"https:\/\/www.eldiario.net\/portal\/2024\/08\/04\/por-semana-precios-de-alimentos-se-incrementan\/"},"author":{"name":"Jeanette","@id":"https:\/\/www.eldiario.net\/portal\/#\/schema\/person\/f46445640444750d7d753ccd04ae01b7"},"headline":"Por semana, precios de alimentos se incrementan","datePublished":"2024-08-04T11:03:37+00:00","mainEntityOfPage":{"@id":"https:\/\/www.eldiario.net\/portal\/2024\/08\/04\/por-semana-precios-de-alimentos-se-incrementan\/"},"wordCount":805,"commentCount":0,"publisher":{"@id":"https:\/\/www.eldiario.net\/portal\/#organization"},"image":{"@id":"https:\/\/www.eldiario.net\/portal\/2024\/08\/04\/por-semana-precios-de-alimentos-se-incrementan\/#primaryimage"},"thumbnailUrl":"https:\/\/www.eldiario.net\/portal\/wp-content\/uploads\/2024\/08\/F-1-precios.jpg","articleSection":["Nacional"],"inLanguage":"es","potentialAction":[{"@type":"CommentAction","name":"Comment","target":["https:\/\/www.eldiario.net\/portal\/2024\/08\/04\/por-semana-precios-de-alimentos-se-incrementan\/#respond"]}]},{"@type":"WebPage","@id":"https:\/\/www.eldiario.net\/portal\/2024\/08\/04\/por-semana-precios-de-alimentos-se-incrementan\/","url":"https:\/\/www.eldiario.net\/portal\/2024\/08\/04\/por-semana-precios-de-alimentos-se-incrementan\/","name":"Por semana, precios de alimentos se incrementan - El Diario - Bolivia","isPartOf":{"@id":"https:\/\/www.eldiario.net\/portal\/#website"},"primaryImageOfPage":{"@id":"https:\/\/www.eldiario.net\/portal\/2024\/08\/04\/por-semana-precios-de-alimentos-se-incrementan\/#primaryimage"},"image":{"@id":"https:\/\/www.eldiario.net\/portal\/2024\/08\/04\/por-semana-precios-de-alimentos-se-incrementan\/#primaryimage"},"thumbnailUrl":"https:\/\/www.eldiario.net\/portal\/wp-content\/uploads\/2024\/08\/F-1-precios.jpg","datePublished":"2024-08-04T11:03:37+00:00","breadcrumb":{"@id":"https:\/\/www.eldiario.net\/portal\/2024\/08\/04\/por-semana-precios-de-alimentos-se-incrementan\/#breadcrumb"},"inLanguage":"es","potentialAction":[{"@type":"ReadAction","target":["https:\/\/www.eldiario.net\/portal\/2024\/08\/04\/por-semana-precios-de-alimentos-se-incrementan\/"]}]},{"@type":"ImageObject","inLanguage":"es","@id":"https:\/\/www.eldiario.net\/portal\/2024\/08\/04\/por-semana-precios-de-alimentos-se-incrementan\/#primaryimage","url":"https:\/\/www.eldiario.net\/portal\/wp-content\/uploads\/2024\/08\/F-1-precios.jpg","contentUrl":"https:\/\/www.eldiario.net\/portal\/wp-content\/uploads\/2024\/08\/F-1-precios.jpg","width":899,"height":736,"caption":"Productos importados, entre ellos abarrotes, suben de precio."},{"@type":"BreadcrumbList","@id":"https:\/\/www.eldiario.net\/portal\/2024\/08\/04\/por-semana-precios-de-alimentos-se-incrementan\/#breadcrumb","itemListElement":[{"@type":"ListItem","position":1,"name":"Portada","item":"https:\/\/www.eldiario.net\/portal\/"},{"@type":"ListItem","position":2,"name":"Por semana, precios de alimentos se incrementan"}]},{"@type":"WebSite","@id":"https:\/\/www.eldiario.net\/portal\/#website","url":"https:\/\/www.eldiario.net\/portal\/","name":"El Diario - Decano de la prensa nacional","description":"El Diario - Decano de la prensa nacional","publisher":{"@id":"https:\/\/www.eldiario.net\/portal\/#organization"},"potentialAction":[{"@type":"SearchAction","target":{"@type":"EntryPoint","urlTemplate":"https:\/\/www.eldiario.net\/portal\/?s={search_term_string}"},"query-input":{"@type":"PropertyValueSpecification","valueRequired":true,"valueName":"search_term_string"}}],"inLanguage":"es"},{"@type":"Organization","@id":"https:\/\/www.eldiario.net\/portal\/#organization","name":"El Diario - Decano de la prensa nacional","url":"https:\/\/www.eldiario.net\/portal\/","logo":{"@type":"ImageObject","inLanguage":"es","@id":"https:\/\/www.eldiario.net\/portal\/#\/schema\/logo\/image\/","url":"https:\/\/www.eldiario.net\/portal\/wp-content\/uploads\/2023\/07\/logo_ED.jpg","contentUrl":"https:\/\/www.eldiario.net\/portal\/wp-content\/uploads\/2023\/07\/logo_ED.jpg","width":272,"height":52,"caption":"El Diario - Decano de la prensa nacional"},"image":{"@id":"https:\/\/www.eldiario.net\/portal\/#\/schema\/logo\/image\/"},"sameAs":["https:\/\/www.facebook.com\/eldiario.bolivia\/","https:\/\/x.com\/eldiario_net"]},{"@type":"Person","@id":"https:\/\/www.eldiario.net\/portal\/#\/schema\/person\/f46445640444750d7d753ccd04ae01b7","name":"Jeanette","image":{"@type":"ImageObject","inLanguage":"es","@id":"https:\/\/secure.gravatar.com\/avatar\/3ea2118a5f7dad2b7138b1187a6b7ee55f160b9968b66013c3a3ef39dd7e5798?s=96&d=mm&r=g","url":"https:\/\/secure.gravatar.com\/avatar\/3ea2118a5f7dad2b7138b1187a6b7ee55f160b9968b66013c3a3ef39dd7e5798?s=96&d=mm&r=g","contentUrl":"https:\/\/secure.gravatar.com\/avatar\/3ea2118a5f7dad2b7138b1187a6b7ee55f160b9968b66013c3a3ef39dd7e5798?s=96&d=mm&r=g","caption":"Jeanette"},"sameAs":["https:\/\/www.eldiario.net\/portal"],"url":"https:\/\/www.eldiario.net\/portal\/author\/jeanette\/"}]}},"_links":{"self":[{"href":"https:\/\/www.eldiario.net\/portal\/wp-json\/wp\/v2\/posts\/238385","targetHints":{"allow":["GET"]}}],"collection":[{"href":"https:\/\/www.eldiario.net\/portal\/wp-json\/wp\/v2\/posts"}],"about":[{"href":"https:\/\/www.eldiario.net\/portal\/wp-json\/wp\/v2\/types\/post"}],"author":[{"embeddable":true,"href":"https:\/\/www.eldiario.net\/portal\/wp-json\/wp\/v2\/users\/1"}],"replies":[{"embeddable":true,"href":"https:\/\/www.eldiario.net\/portal\/wp-json\/wp\/v2\/comments?post=238385"}],"version-history":[{"count":1,"href":"https:\/\/www.eldiario.net\/portal\/wp-json\/wp\/v2\/posts\/238385\/revisions"}],"predecessor-version":[{"id":238387,"href":"https:\/\/www.eldiario.net\/portal\/wp-json\/wp\/v2\/posts\/238385\/revisions\/238387"}],"wp:featuredmedia":[{"embeddable":true,"href":"https:\/\/www.eldiario.net\/portal\/wp-json\/wp\/v2\/media\/238386"}],"wp:attachment":[{"href":"https:\/\/www.eldiario.net\/portal\/wp-json\/wp\/v2\/media?parent=238385"}],"wp:term":[{"taxonomy":"category","embeddable":true,"href":"https:\/\/www.eldiario.net\/portal\/wp-json\/wp\/v2\/categories?post=238385"},{"taxonomy":"post_tag","embeddable":true,"href":"https:\/\/www.eldiario.net\/portal\/wp-json\/wp\/v2\/tags?post=238385"}],"curies":[{"name":"wp","href":"https:\/\/api.w.org\/{rel}","templated":true}]}}