{"id":238362,"date":"2024-08-04T06:52:33","date_gmt":"2024-08-04T10:52:33","guid":{"rendered":"https:\/\/www.eldiario.net\/portal\/?p=238362"},"modified":"2024-08-04T06:52:33","modified_gmt":"2024-08-04T10:52:33","slug":"comision-llena-acefalias-en-cinco-regiones-para-el-tcp","status":"publish","type":"post","link":"https:\/\/www.eldiario.net\/portal\/2024\/08\/04\/comision-llena-acefalias-en-cinco-regiones-para-el-tcp\/","title":{"rendered":"Comisi\u00f3n llena acefal\u00edas en  cinco regiones para el TCP"},"content":{"rendered":"<p>Cumpliendo el plazo de 24 horas otorgado por el pleno de la Asamblea Legislativa, la Comisi\u00f3n Mixta de Constituci\u00f3n llen\u00f3 las acefal\u00edas en Cochabamba, Santa Cruz, Pando, Beni y Potos\u00ed para postulantes al cargo de magistrados del Tribunal Constitucional Plurinacional (TCP).<br \/>\nEl presidente de la Comisi\u00f3n, senador Miguel Rejas, su similar de Diputados, Juan Jos\u00e9 J\u00e1uregui, y todos los integrantes de la comisi\u00f3n trabajaron de manera intensa durante la jornada de ayer y al t\u00e9rmino ofrecieron una conferencia conjunta donde se dio por cumplido el trabajo solicitado.<br \/>\nLa decisi\u00f3n fue llenar por arrastre las acefal\u00edas con postulantes que tuvieron nota baja en distintos departamentos y que en un primer momento no cumpl\u00edan con la calificaci\u00f3n m\u00ednima habilitante de 130 puntos, afectando los requisitos de equidad de g\u00e9nero y la inclusi\u00f3n de ind\u00edgenas campesinos originarios.<br \/>\nEl senador ponder\u00f3 la predisposici\u00f3n de los integrantes de la comisi\u00f3n por aprobar el informe final de complementaci\u00f3n, reafirmando que todos asumen la responsabilidad sobre el proceso de preselecci\u00f3n de postulantes.<br \/>\nJ\u00e1uregui afirm\u00f3 que las exigencias de la Ley 1549, que regula el proceso de preselecci\u00f3n y selecci\u00f3n de postulantes a magistrados del \u00d3rgano Judicial, han sido cumplidas y, en consecuencia, se garantiza un escenario competitivo para la renovaci\u00f3n de estas altas autoridades de administraci\u00f3n de justicia.<br \/>\n\u201cNo existe ning\u00fan impedimento, no existe ning\u00fan \u00f3bice, no existe ninguna posibilidad de que este informe tenga que ser objeto de rechazo en el Pleno de la Asamblea Legislativa\u201d, declar\u00f3 J\u00e1uregui.<br \/>\nAhora esperan que la Asamblea, convocada para el pr\u00f3ximo lunes en la ciudad de Sucre, lo apruebe. El diputado indic\u00f3 que esta decisi\u00f3n un\u00e1nime a nivel de la Comisi\u00f3n est\u00e1 garantizando que la gesti\u00f3n 2024 concluir\u00e1 renovando todos los tribunales en los nueve departamentos y el Consejo de la Magistratura. (Erbol)<\/p>\n","protected":false},"excerpt":{"rendered":"<p>Cumpliendo el plazo de 24 horas otorgado por el pleno de la Asamblea Legislativa, la Comisi\u00f3n Mixta de Constituci\u00f3n llen\u00f3 las acefal\u00edas en Cochabamba, Santa Cruz, Pando, Beni y Potos\u00ed para postulantes al cargo de magistrados del Tribunal Constitucional Plurinacional (TCP). El presidente de la Comisi\u00f3n, senador Miguel Rejas, su similar de Diputados, Juan Jos\u00e9 [&hellip;]<\/p>\n","protected":false},"author":1,"featured_media":238363,"comment_status":"open","ping_status":"open","sticky":false,"template":"","format":"standard","meta":{"_acf_changed":false,"footnotes":""},"categories":[15],"tags":[],"class_list":["post-238362","post","type-post","status-publish","format-standard","has-post-thumbnail","category-portada"],"acf":{"antetitulo":"Elecciones judiciales"},"yoast_head":"<!-- This site is optimized with the Yoast SEO plugin v28.3 - https:\/\/yoast.com\/product\/yoast-seo-wordpress\/ -->\n<title>Comisi\u00f3n llena acefal\u00edas en cinco regiones para el TCP - El Diario - Bolivia<\/title>\n<meta name=\"robots\" content=\"index, follow, max-snippet:-1, max-image-preview:large, max-video-preview:-1\" \/>\n<link rel=\"canonical\" href=\"https:\/\/www.eldiario.net\/portal\/2024\/08\/04\/comision-llena-acefalias-en-cinco-regiones-para-el-tcp\/\" \/>\n<meta property=\"og:locale\" content=\"es_ES\" \/>\n<meta property=\"og:type\" content=\"article\" \/>\n<meta property=\"og:title\" content=\"Comisi\u00f3n llena acefal\u00edas en cinco regiones para el TCP - El Diario - Bolivia\" \/>\n<meta property=\"og:description\" content=\"Cumpliendo el plazo de 24 horas otorgado por el pleno de la Asamblea Legislativa, la Comisi\u00f3n Mixta de Constituci\u00f3n llen\u00f3 las acefal\u00edas en Cochabamba, Santa Cruz, Pando, Beni y Potos\u00ed para postulantes al cargo de magistrados del Tribunal Constitucional Plurinacional (TCP). El presidente de la Comisi\u00f3n, senador Miguel Rejas, su similar de Diputados, Juan Jos\u00e9 [&hellip;]\" \/>\n<meta property=\"og:url\" content=\"https:\/\/www.eldiario.net\/portal\/2024\/08\/04\/comision-llena-acefalias-en-cinco-regiones-para-el-tcp\/\" \/>\n<meta property=\"og:site_name\" content=\"El Diario - Bolivia\" \/>\n<meta property=\"article:publisher\" content=\"https:\/\/www.facebook.com\/eldiario.bolivia\/\" \/>\n<meta property=\"article:published_time\" content=\"2024-08-04T10:52:33+00:00\" \/>\n<meta property=\"og:image\" content=\"https:\/\/www.eldiario.net\/portal\/wp-content\/uploads\/2024\/08\/P-3-10-cm-x-7-1.jpg\" \/>\n\t<meta property=\"og:image:width\" content=\"1200\" \/>\n\t<meta property=\"og:image:height\" content=\"720\" \/>\n\t<meta property=\"og:image:type\" content=\"image\/jpeg\" \/>\n<meta name=\"author\" content=\"Jeanette\" \/>\n<meta name=\"twitter:card\" content=\"summary_large_image\" \/>\n<meta name=\"twitter:creator\" content=\"@eldiario_net\" \/>\n<meta name=\"twitter:site\" content=\"@eldiario_net\" \/>\n<meta name=\"twitter:label1\" content=\"Escrito por\" \/>\n\t<meta name=\"twitter:data1\" content=\"Jeanette\" \/>\n\t<meta name=\"twitter:label2\" content=\"Tiempo de lectura\" \/>\n\t<meta name=\"twitter:data2\" content=\"2 minutos\" \/>\n<script type=\"application\/ld+json\" class=\"yoast-schema-graph\">{\"@context\":\"https:\\\/\\\/schema.org\",\"@graph\":[{\"@type\":\"Article\",\"@id\":\"https:\\\/\\\/www.eldiario.net\\\/portal\\\/2024\\\/08\\\/04\\\/comision-llena-acefalias-en-cinco-regiones-para-el-tcp\\\/#article\",\"isPartOf\":{\"@id\":\"https:\\\/\\\/www.eldiario.net\\\/portal\\\/2024\\\/08\\\/04\\\/comision-llena-acefalias-en-cinco-regiones-para-el-tcp\\\/\"},\"author\":{\"name\":\"Jeanette\",\"@id\":\"https:\\\/\\\/www.eldiario.net\\\/portal\\\/#\\\/schema\\\/person\\\/f46445640444750d7d753ccd04ae01b7\"},\"headline\":\"Comisi\u00f3n llena acefal\u00edas en cinco regiones para el TCP\",\"datePublished\":\"2024-08-04T10:52:33+00:00\",\"mainEntityOfPage\":{\"@id\":\"https:\\\/\\\/www.eldiario.net\\\/portal\\\/2024\\\/08\\\/04\\\/comision-llena-acefalias-en-cinco-regiones-para-el-tcp\\\/\"},\"wordCount\":332,\"commentCount\":0,\"publisher\":{\"@id\":\"https:\\\/\\\/www.eldiario.net\\\/portal\\\/#organization\"},\"image\":{\"@id\":\"https:\\\/\\\/www.eldiario.net\\\/portal\\\/2024\\\/08\\\/04\\\/comision-llena-acefalias-en-cinco-regiones-para-el-tcp\\\/#primaryimage\"},\"thumbnailUrl\":\"https:\\\/\\\/www.eldiario.net\\\/portal\\\/wp-content\\\/uploads\\\/2024\\\/08\\\/P-3-10-cm-x-7-1.jpg\",\"articleSection\":[\"Portada\"],\"inLanguage\":\"es\",\"potentialAction\":[{\"@type\":\"CommentAction\",\"name\":\"Comment\",\"target\":[\"https:\\\/\\\/www.eldiario.net\\\/portal\\\/2024\\\/08\\\/04\\\/comision-llena-acefalias-en-cinco-regiones-para-el-tcp\\\/#respond\"]}]},{\"@type\":\"WebPage\",\"@id\":\"https:\\\/\\\/www.eldiario.net\\\/portal\\\/2024\\\/08\\\/04\\\/comision-llena-acefalias-en-cinco-regiones-para-el-tcp\\\/\",\"url\":\"https:\\\/\\\/www.eldiario.net\\\/portal\\\/2024\\\/08\\\/04\\\/comision-llena-acefalias-en-cinco-regiones-para-el-tcp\\\/\",\"name\":\"Comisi\u00f3n llena acefal\u00edas en cinco regiones para el TCP - El Diario - Bolivia\",\"isPartOf\":{\"@id\":\"https:\\\/\\\/www.eldiario.net\\\/portal\\\/#website\"},\"primaryImageOfPage\":{\"@id\":\"https:\\\/\\\/www.eldiario.net\\\/portal\\\/2024\\\/08\\\/04\\\/comision-llena-acefalias-en-cinco-regiones-para-el-tcp\\\/#primaryimage\"},\"image\":{\"@id\":\"https:\\\/\\\/www.eldiario.net\\\/portal\\\/2024\\\/08\\\/04\\\/comision-llena-acefalias-en-cinco-regiones-para-el-tcp\\\/#primaryimage\"},\"thumbnailUrl\":\"https:\\\/\\\/www.eldiario.net\\\/portal\\\/wp-content\\\/uploads\\\/2024\\\/08\\\/P-3-10-cm-x-7-1.jpg\",\"datePublished\":\"2024-08-04T10:52:33+00:00\",\"breadcrumb\":{\"@id\":\"https:\\\/\\\/www.eldiario.net\\\/portal\\\/2024\\\/08\\\/04\\\/comision-llena-acefalias-en-cinco-regiones-para-el-tcp\\\/#breadcrumb\"},\"inLanguage\":\"es\",\"potentialAction\":[{\"@type\":\"ReadAction\",\"target\":[\"https:\\\/\\\/www.eldiario.net\\\/portal\\\/2024\\\/08\\\/04\\\/comision-llena-acefalias-en-cinco-regiones-para-el-tcp\\\/\"]}]},{\"@type\":\"ImageObject\",\"inLanguage\":\"es\",\"@id\":\"https:\\\/\\\/www.eldiario.net\\\/portal\\\/2024\\\/08\\\/04\\\/comision-llena-acefalias-en-cinco-regiones-para-el-tcp\\\/#primaryimage\",\"url\":\"https:\\\/\\\/www.eldiario.net\\\/portal\\\/wp-content\\\/uploads\\\/2024\\\/08\\\/P-3-10-cm-x-7-1.jpg\",\"contentUrl\":\"https:\\\/\\\/www.eldiario.net\\\/portal\\\/wp-content\\\/uploads\\\/2024\\\/08\\\/P-3-10-cm-x-7-1.jpg\",\"width\":1200,\"height\":720,\"caption\":\"La Comisi\u00f3n Mixta de Constituci\u00f3n aprob\u00f3 por unanimidad la complementaci\u00f3n al informe final sobre los candidatos al \u00d3rgano Judicial.\"},{\"@type\":\"BreadcrumbList\",\"@id\":\"https:\\\/\\\/www.eldiario.net\\\/portal\\\/2024\\\/08\\\/04\\\/comision-llena-acefalias-en-cinco-regiones-para-el-tcp\\\/#breadcrumb\",\"itemListElement\":[{\"@type\":\"ListItem\",\"position\":1,\"name\":\"Portada\",\"item\":\"https:\\\/\\\/www.eldiario.net\\\/portal\\\/\"},{\"@type\":\"ListItem\",\"position\":2,\"name\":\"Comisi\u00f3n llena acefal\u00edas en cinco regiones para el TCP\"}]},{\"@type\":\"WebSite\",\"@id\":\"https:\\\/\\\/www.eldiario.net\\\/portal\\\/#website\",\"url\":\"https:\\\/\\\/www.eldiario.net\\\/portal\\\/\",\"name\":\"El Diario - Decano de la prensa nacional\",\"description\":\"El Diario - Decano de la prensa nacional\",\"publisher\":{\"@id\":\"https:\\\/\\\/www.eldiario.net\\\/portal\\\/#organization\"},\"potentialAction\":[{\"@type\":\"SearchAction\",\"target\":{\"@type\":\"EntryPoint\",\"urlTemplate\":\"https:\\\/\\\/www.eldiario.net\\\/portal\\\/?s={search_term_string}\"},\"query-input\":{\"@type\":\"PropertyValueSpecification\",\"valueRequired\":true,\"valueName\":\"search_term_string\"}}],\"inLanguage\":\"es\"},{\"@type\":\"Organization\",\"@id\":\"https:\\\/\\\/www.eldiario.net\\\/portal\\\/#organization\",\"name\":\"El Diario - Decano de la prensa nacional\",\"url\":\"https:\\\/\\\/www.eldiario.net\\\/portal\\\/\",\"logo\":{\"@type\":\"ImageObject\",\"inLanguage\":\"es\",\"@id\":\"https:\\\/\\\/www.eldiario.net\\\/portal\\\/#\\\/schema\\\/logo\\\/image\\\/\",\"url\":\"https:\\\/\\\/www.eldiario.net\\\/portal\\\/wp-content\\\/uploads\\\/2023\\\/07\\\/logo_ED.jpg\",\"contentUrl\":\"https:\\\/\\\/www.eldiario.net\\\/portal\\\/wp-content\\\/uploads\\\/2023\\\/07\\\/logo_ED.jpg\",\"width\":272,\"height\":52,\"caption\":\"El Diario - Decano de la prensa nacional\"},\"image\":{\"@id\":\"https:\\\/\\\/www.eldiario.net\\\/portal\\\/#\\\/schema\\\/logo\\\/image\\\/\"},\"sameAs\":[\"https:\\\/\\\/www.facebook.com\\\/eldiario.bolivia\\\/\",\"https:\\\/\\\/x.com\\\/eldiario_net\"]},{\"@type\":\"Person\",\"@id\":\"https:\\\/\\\/www.eldiario.net\\\/portal\\\/#\\\/schema\\\/person\\\/f46445640444750d7d753ccd04ae01b7\",\"name\":\"Jeanette\",\"image\":{\"@type\":\"ImageObject\",\"inLanguage\":\"es\",\"@id\":\"https:\\\/\\\/secure.gravatar.com\\\/avatar\\\/3ea2118a5f7dad2b7138b1187a6b7ee55f160b9968b66013c3a3ef39dd7e5798?s=96&d=mm&r=g\",\"url\":\"https:\\\/\\\/secure.gravatar.com\\\/avatar\\\/3ea2118a5f7dad2b7138b1187a6b7ee55f160b9968b66013c3a3ef39dd7e5798?s=96&d=mm&r=g\",\"contentUrl\":\"https:\\\/\\\/secure.gravatar.com\\\/avatar\\\/3ea2118a5f7dad2b7138b1187a6b7ee55f160b9968b66013c3a3ef39dd7e5798?s=96&d=mm&r=g\",\"caption\":\"Jeanette\"},\"sameAs\":[\"https:\\\/\\\/www.eldiario.net\\\/portal\"],\"url\":\"https:\\\/\\\/www.eldiario.net\\\/portal\\\/author\\\/jeanette\\\/\"}]}<\/script>\n<!-- \/ Yoast SEO plugin. -->","yoast_head_json":{"title":"Comisi\u00f3n llena acefal\u00edas en cinco regiones para el TCP - El Diario - Bolivia","robots":{"index":"index","follow":"follow","max-snippet":"max-snippet:-1","max-image-preview":"max-image-preview:large","max-video-preview":"max-video-preview:-1"},"canonical":"https:\/\/www.eldiario.net\/portal\/2024\/08\/04\/comision-llena-acefalias-en-cinco-regiones-para-el-tcp\/","og_locale":"es_ES","og_type":"article","og_title":"Comisi\u00f3n llena acefal\u00edas en cinco regiones para el TCP - El Diario - Bolivia","og_description":"Cumpliendo el plazo de 24 horas otorgado por el pleno de la Asamblea Legislativa, la Comisi\u00f3n Mixta de Constituci\u00f3n llen\u00f3 las acefal\u00edas en Cochabamba, Santa Cruz, Pando, Beni y Potos\u00ed para postulantes al cargo de magistrados del Tribunal Constitucional Plurinacional (TCP). El presidente de la Comisi\u00f3n, senador Miguel Rejas, su similar de Diputados, Juan Jos\u00e9 [&hellip;]","og_url":"https:\/\/www.eldiario.net\/portal\/2024\/08\/04\/comision-llena-acefalias-en-cinco-regiones-para-el-tcp\/","og_site_name":"El Diario - Bolivia","article_publisher":"https:\/\/www.facebook.com\/eldiario.bolivia\/","article_published_time":"2024-08-04T10:52:33+00:00","og_image":[{"width":1200,"height":720,"url":"https:\/\/www.eldiario.net\/portal\/wp-content\/uploads\/2024\/08\/P-3-10-cm-x-7-1.jpg","type":"image\/jpeg"}],"author":"Jeanette","twitter_card":"summary_large_image","twitter_creator":"@eldiario_net","twitter_site":"@eldiario_net","twitter_misc":{"Escrito por":"Jeanette","Tiempo de lectura":"2 minutos"},"schema":{"@context":"https:\/\/schema.org","@graph":[{"@type":"Article","@id":"https:\/\/www.eldiario.net\/portal\/2024\/08\/04\/comision-llena-acefalias-en-cinco-regiones-para-el-tcp\/#article","isPartOf":{"@id":"https:\/\/www.eldiario.net\/portal\/2024\/08\/04\/comision-llena-acefalias-en-cinco-regiones-para-el-tcp\/"},"author":{"name":"Jeanette","@id":"https:\/\/www.eldiario.net\/portal\/#\/schema\/person\/f46445640444750d7d753ccd04ae01b7"},"headline":"Comisi\u00f3n llena acefal\u00edas en cinco regiones para el TCP","datePublished":"2024-08-04T10:52:33+00:00","mainEntityOfPage":{"@id":"https:\/\/www.eldiario.net\/portal\/2024\/08\/04\/comision-llena-acefalias-en-cinco-regiones-para-el-tcp\/"},"wordCount":332,"commentCount":0,"publisher":{"@id":"https:\/\/www.eldiario.net\/portal\/#organization"},"image":{"@id":"https:\/\/www.eldiario.net\/portal\/2024\/08\/04\/comision-llena-acefalias-en-cinco-regiones-para-el-tcp\/#primaryimage"},"thumbnailUrl":"https:\/\/www.eldiario.net\/portal\/wp-content\/uploads\/2024\/08\/P-3-10-cm-x-7-1.jpg","articleSection":["Portada"],"inLanguage":"es","potentialAction":[{"@type":"CommentAction","name":"Comment","target":["https:\/\/www.eldiario.net\/portal\/2024\/08\/04\/comision-llena-acefalias-en-cinco-regiones-para-el-tcp\/#respond"]}]},{"@type":"WebPage","@id":"https:\/\/www.eldiario.net\/portal\/2024\/08\/04\/comision-llena-acefalias-en-cinco-regiones-para-el-tcp\/","url":"https:\/\/www.eldiario.net\/portal\/2024\/08\/04\/comision-llena-acefalias-en-cinco-regiones-para-el-tcp\/","name":"Comisi\u00f3n llena acefal\u00edas en cinco regiones para el TCP - El Diario - Bolivia","isPartOf":{"@id":"https:\/\/www.eldiario.net\/portal\/#website"},"primaryImageOfPage":{"@id":"https:\/\/www.eldiario.net\/portal\/2024\/08\/04\/comision-llena-acefalias-en-cinco-regiones-para-el-tcp\/#primaryimage"},"image":{"@id":"https:\/\/www.eldiario.net\/portal\/2024\/08\/04\/comision-llena-acefalias-en-cinco-regiones-para-el-tcp\/#primaryimage"},"thumbnailUrl":"https:\/\/www.eldiario.net\/portal\/wp-content\/uploads\/2024\/08\/P-3-10-cm-x-7-1.jpg","datePublished":"2024-08-04T10:52:33+00:00","breadcrumb":{"@id":"https:\/\/www.eldiario.net\/portal\/2024\/08\/04\/comision-llena-acefalias-en-cinco-regiones-para-el-tcp\/#breadcrumb"},"inLanguage":"es","potentialAction":[{"@type":"ReadAction","target":["https:\/\/www.eldiario.net\/portal\/2024\/08\/04\/comision-llena-acefalias-en-cinco-regiones-para-el-tcp\/"]}]},{"@type":"ImageObject","inLanguage":"es","@id":"https:\/\/www.eldiario.net\/portal\/2024\/08\/04\/comision-llena-acefalias-en-cinco-regiones-para-el-tcp\/#primaryimage","url":"https:\/\/www.eldiario.net\/portal\/wp-content\/uploads\/2024\/08\/P-3-10-cm-x-7-1.jpg","contentUrl":"https:\/\/www.eldiario.net\/portal\/wp-content\/uploads\/2024\/08\/P-3-10-cm-x-7-1.jpg","width":1200,"height":720,"caption":"La Comisi\u00f3n Mixta de Constituci\u00f3n aprob\u00f3 por unanimidad la complementaci\u00f3n al informe final sobre los candidatos al \u00d3rgano Judicial."},{"@type":"BreadcrumbList","@id":"https:\/\/www.eldiario.net\/portal\/2024\/08\/04\/comision-llena-acefalias-en-cinco-regiones-para-el-tcp\/#breadcrumb","itemListElement":[{"@type":"ListItem","position":1,"name":"Portada","item":"https:\/\/www.eldiario.net\/portal\/"},{"@type":"ListItem","position":2,"name":"Comisi\u00f3n llena acefal\u00edas en cinco regiones para el TCP"}]},{"@type":"WebSite","@id":"https:\/\/www.eldiario.net\/portal\/#website","url":"https:\/\/www.eldiario.net\/portal\/","name":"El Diario - Decano de la prensa nacional","description":"El Diario - Decano de la prensa nacional","publisher":{"@id":"https:\/\/www.eldiario.net\/portal\/#organization"},"potentialAction":[{"@type":"SearchAction","target":{"@type":"EntryPoint","urlTemplate":"https:\/\/www.eldiario.net\/portal\/?s={search_term_string}"},"query-input":{"@type":"PropertyValueSpecification","valueRequired":true,"valueName":"search_term_string"}}],"inLanguage":"es"},{"@type":"Organization","@id":"https:\/\/www.eldiario.net\/portal\/#organization","name":"El Diario - Decano de la prensa nacional","url":"https:\/\/www.eldiario.net\/portal\/","logo":{"@type":"ImageObject","inLanguage":"es","@id":"https:\/\/www.eldiario.net\/portal\/#\/schema\/logo\/image\/","url":"https:\/\/www.eldiario.net\/portal\/wp-content\/uploads\/2023\/07\/logo_ED.jpg","contentUrl":"https:\/\/www.eldiario.net\/portal\/wp-content\/uploads\/2023\/07\/logo_ED.jpg","width":272,"height":52,"caption":"El Diario - Decano de la prensa nacional"},"image":{"@id":"https:\/\/www.eldiario.net\/portal\/#\/schema\/logo\/image\/"},"sameAs":["https:\/\/www.facebook.com\/eldiario.bolivia\/","https:\/\/x.com\/eldiario_net"]},{"@type":"Person","@id":"https:\/\/www.eldiario.net\/portal\/#\/schema\/person\/f46445640444750d7d753ccd04ae01b7","name":"Jeanette","image":{"@type":"ImageObject","inLanguage":"es","@id":"https:\/\/secure.gravatar.com\/avatar\/3ea2118a5f7dad2b7138b1187a6b7ee55f160b9968b66013c3a3ef39dd7e5798?s=96&d=mm&r=g","url":"https:\/\/secure.gravatar.com\/avatar\/3ea2118a5f7dad2b7138b1187a6b7ee55f160b9968b66013c3a3ef39dd7e5798?s=96&d=mm&r=g","contentUrl":"https:\/\/secure.gravatar.com\/avatar\/3ea2118a5f7dad2b7138b1187a6b7ee55f160b9968b66013c3a3ef39dd7e5798?s=96&d=mm&r=g","caption":"Jeanette"},"sameAs":["https:\/\/www.eldiario.net\/portal"],"url":"https:\/\/www.eldiario.net\/portal\/author\/jeanette\/"}]}},"_links":{"self":[{"href":"https:\/\/www.eldiario.net\/portal\/wp-json\/wp\/v2\/posts\/238362","targetHints":{"allow":["GET"]}}],"collection":[{"href":"https:\/\/www.eldiario.net\/portal\/wp-json\/wp\/v2\/posts"}],"about":[{"href":"https:\/\/www.eldiario.net\/portal\/wp-json\/wp\/v2\/types\/post"}],"author":[{"embeddable":true,"href":"https:\/\/www.eldiario.net\/portal\/wp-json\/wp\/v2\/users\/1"}],"replies":[{"embeddable":true,"href":"https:\/\/www.eldiario.net\/portal\/wp-json\/wp\/v2\/comments?post=238362"}],"version-history":[{"count":1,"href":"https:\/\/www.eldiario.net\/portal\/wp-json\/wp\/v2\/posts\/238362\/revisions"}],"predecessor-version":[{"id":238364,"href":"https:\/\/www.eldiario.net\/portal\/wp-json\/wp\/v2\/posts\/238362\/revisions\/238364"}],"wp:featuredmedia":[{"embeddable":true,"href":"https:\/\/www.eldiario.net\/portal\/wp-json\/wp\/v2\/media\/238363"}],"wp:attachment":[{"href":"https:\/\/www.eldiario.net\/portal\/wp-json\/wp\/v2\/media?parent=238362"}],"wp:term":[{"taxonomy":"category","embeddable":true,"href":"https:\/\/www.eldiario.net\/portal\/wp-json\/wp\/v2\/categories?post=238362"},{"taxonomy":"post_tag","embeddable":true,"href":"https:\/\/www.eldiario.net\/portal\/wp-json\/wp\/v2\/tags?post=238362"}],"curies":[{"name":"wp","href":"https:\/\/api.w.org\/{rel}","templated":true}]}}