{"id":238359,"date":"2024-08-04T06:51:40","date_gmt":"2024-08-04T10:51:40","guid":{"rendered":"https:\/\/www.eldiario.net\/portal\/?p=238359"},"modified":"2024-08-04T07:31:50","modified_gmt":"2024-08-04T11:31:50","slug":"luis-almagro-llama-a-la-paz-entre-venezolanos-en-jornada-de-protesta","status":"publish","type":"post","link":"https:\/\/www.eldiario.net\/portal\/2024\/08\/04\/luis-almagro-llama-a-la-paz-entre-venezolanos-en-jornada-de-protesta\/","title":{"rendered":"Luis Almagro llama a la paz entre venezolanos en jornada de protesta"},"content":{"rendered":"<p class=\"v1MsoNormal\">El secretario general de la Organizaci\u00f3n de los Estados Americanos (OEA), Luis Almagro, pidi\u00f3 por la \u00abpaz entre venezolanos\u00bb a trav\u00e9s de un comunicado publicado este s\u00e1bado, jornada crucial de manifestaciones en Venezuela en rechazo de la reelecci\u00f3n de Nicol\u00e1s Maduro, sin que se pudieran verificar las actas de la votaci\u00f3n celebrada el 28 de julio pasado.<\/p>\n<p class=\"v1MsoNormal\">\u00abLa Secretar\u00eda General de la Organizaci\u00f3n de los Estados Americanos llama a la paz entre venezolanos, que la jornada de hoy sea para reconciliaci\u00f3n y justicia, que los mensajes de odio sean desterrados y que aquellos que han sembrado el miedo, la represi\u00f3n y la muerte no encuentren eco en nadie\u00bb, expres\u00f3 el diplom\u00e1tico uruguayo.<\/p>\n<p class=\"v1MsoNormal\">\u00abQue cada venezolano, venezolana que se exprese hoy en la calle encuentre solamente un eco de paz, una paz que refleje el esp\u00edritu de convivencia democr\u00e1tica, que es la \u00fanica duradera\u00bb.<\/p>\n<p class=\"v1MsoNormal\">Almagro consider\u00f3 que el pueblo venezolano \u00abha pagado un costo alt\u00edsimo en hambre, miseria, migraci\u00f3n, enfermedades, prisi\u00f3n pol\u00edtica, tortura, muerte como ning\u00fan otro pueblo del hemisferio en este siglo XXI. Que los actores de la comunidad internacional que han sido indulgentes con estos cr\u00edmenes velen para que no vuelvan a ocurrir\u00bb.<\/p>\n<p class=\"v1MsoNormal\">\u00abQue haya un profundo significado de paz en las acciones de cada venezolano y venezolana, que no haya lugar para un solo represor ni para un solo reprimido. La &#8216;paz&#8217; de la represi\u00f3n, el temor, el terror, no es paz\u00bb, puntualiz\u00f3 el referente de la OEA, tras la represi\u00f3n policial que caus\u00f3 al menos 20 muertos y m\u00e1s de 1.000 detenidos en las manifestaciones.<\/p>\n<p class=\"v1MsoNormal\">\u00abHoy urgimos que no haya un solo preso pol\u00edtico m\u00e1s, ni un torturado m\u00e1s, ni un desaparecido m\u00e1s, ni un asesinado m\u00e1s; Venezuela no merece eso, merece que sea el retorno a la prosperidad para la gente, que la soberan\u00eda que radica en ese pueblo hoy sea reconocida por todos. El retorno a la paz en democracia\u00bb, remarc\u00f3 Almagro en la comunicaci\u00f3n oficial.<\/p>\n<p class=\"v1MsoNormal\">Ahora les pide que \u00abvelen para que no vuelvan a ocurrir\u00bb. \u00abQue haya un profundo significado de paz en las acciones de cada venezolano y venezolana, que no haya lugar para un solo represor ni para un solo reprimido. La &#8216;paz&#8217; de la represi\u00f3n, el temor, el terror, no es paz\u00bb, puntualiz\u00f3. (La Naci\u00f3n y Europa Press)<\/p>\n","protected":false},"excerpt":{"rendered":"<p>El secretario general de la Organizaci\u00f3n de los Estados Americanos (OEA), Luis Almagro, pidi\u00f3 por la \u00abpaz entre venezolanos\u00bb a trav\u00e9s de un comunicado publicado este s\u00e1bado, jornada crucial de manifestaciones en Venezuela en rechazo de la reelecci\u00f3n de Nicol\u00e1s Maduro, sin que se pudieran verificar las actas de la votaci\u00f3n celebrada el 28 de [&hellip;]<\/p>\n","protected":false},"author":1,"featured_media":238360,"comment_status":"open","ping_status":"open","sticky":false,"template":"","format":"standard","meta":{"_acf_changed":false,"footnotes":""},"categories":[15],"tags":[],"class_list":["post-238359","post","type-post","status-publish","format-standard","has-post-thumbnail","category-portada"],"acf":{"antetitulo":"Rechazan reelecci\u00f3n de Nicol\u00e1s Maduro"},"yoast_head":"<!-- This site is optimized with the Yoast SEO plugin v28.3 - https:\/\/yoast.com\/product\/yoast-seo-wordpress\/ -->\n<title>Luis Almagro llama a la paz entre venezolanos en jornada de protesta - El Diario - Bolivia<\/title>\n<meta name=\"robots\" content=\"index, follow, max-snippet:-1, max-image-preview:large, max-video-preview:-1\" \/>\n<link rel=\"canonical\" href=\"https:\/\/www.eldiario.net\/portal\/2024\/08\/04\/luis-almagro-llama-a-la-paz-entre-venezolanos-en-jornada-de-protesta\/\" \/>\n<meta property=\"og:locale\" content=\"es_ES\" \/>\n<meta property=\"og:type\" content=\"article\" \/>\n<meta property=\"og:title\" content=\"Luis Almagro llama a la paz entre venezolanos en jornada de protesta - El Diario - Bolivia\" \/>\n<meta property=\"og:description\" content=\"El secretario general de la Organizaci\u00f3n de los Estados Americanos (OEA), Luis Almagro, pidi\u00f3 por la \u00abpaz entre venezolanos\u00bb a trav\u00e9s de un comunicado publicado este s\u00e1bado, jornada crucial de manifestaciones en Venezuela en rechazo de la reelecci\u00f3n de Nicol\u00e1s Maduro, sin que se pudieran verificar las actas de la votaci\u00f3n celebrada el 28 de [&hellip;]\" \/>\n<meta property=\"og:url\" content=\"https:\/\/www.eldiario.net\/portal\/2024\/08\/04\/luis-almagro-llama-a-la-paz-entre-venezolanos-en-jornada-de-protesta\/\" \/>\n<meta property=\"og:site_name\" content=\"El Diario - Bolivia\" \/>\n<meta property=\"article:publisher\" content=\"https:\/\/www.facebook.com\/eldiario.bolivia\/\" \/>\n<meta property=\"article:published_time\" content=\"2024-08-04T10:51:40+00:00\" \/>\n<meta property=\"article:modified_time\" content=\"2024-08-04T11:31:50+00:00\" \/>\n<meta property=\"og:image\" content=\"https:\/\/www.eldiario.net\/portal\/wp-content\/uploads\/2024\/08\/P-4-10-cm-x-7-1.jpg\" \/>\n\t<meta property=\"og:image:width\" content=\"992\" \/>\n\t<meta property=\"og:image:height\" content=\"744\" \/>\n\t<meta property=\"og:image:type\" content=\"image\/jpeg\" \/>\n<meta name=\"author\" content=\"Jeanette\" \/>\n<meta name=\"twitter:card\" content=\"summary_large_image\" \/>\n<meta name=\"twitter:creator\" content=\"@eldiario_net\" \/>\n<meta name=\"twitter:site\" content=\"@eldiario_net\" \/>\n<meta name=\"twitter:label1\" content=\"Escrito por\" \/>\n\t<meta name=\"twitter:data1\" content=\"Jeanette\" \/>\n\t<meta name=\"twitter:label2\" content=\"Tiempo de lectura\" \/>\n\t<meta name=\"twitter:data2\" content=\"2 minutos\" \/>\n<script type=\"application\/ld+json\" class=\"yoast-schema-graph\">{\"@context\":\"https:\\\/\\\/schema.org\",\"@graph\":[{\"@type\":\"Article\",\"@id\":\"https:\\\/\\\/www.eldiario.net\\\/portal\\\/2024\\\/08\\\/04\\\/luis-almagro-llama-a-la-paz-entre-venezolanos-en-jornada-de-protesta\\\/#article\",\"isPartOf\":{\"@id\":\"https:\\\/\\\/www.eldiario.net\\\/portal\\\/2024\\\/08\\\/04\\\/luis-almagro-llama-a-la-paz-entre-venezolanos-en-jornada-de-protesta\\\/\"},\"author\":{\"name\":\"Jeanette\",\"@id\":\"https:\\\/\\\/www.eldiario.net\\\/portal\\\/#\\\/schema\\\/person\\\/f46445640444750d7d753ccd04ae01b7\"},\"headline\":\"Luis Almagro llama a la paz entre venezolanos en jornada de protesta\",\"datePublished\":\"2024-08-04T10:51:40+00:00\",\"dateModified\":\"2024-08-04T11:31:50+00:00\",\"mainEntityOfPage\":{\"@id\":\"https:\\\/\\\/www.eldiario.net\\\/portal\\\/2024\\\/08\\\/04\\\/luis-almagro-llama-a-la-paz-entre-venezolanos-en-jornada-de-protesta\\\/\"},\"wordCount\":418,\"commentCount\":0,\"publisher\":{\"@id\":\"https:\\\/\\\/www.eldiario.net\\\/portal\\\/#organization\"},\"image\":{\"@id\":\"https:\\\/\\\/www.eldiario.net\\\/portal\\\/2024\\\/08\\\/04\\\/luis-almagro-llama-a-la-paz-entre-venezolanos-en-jornada-de-protesta\\\/#primaryimage\"},\"thumbnailUrl\":\"https:\\\/\\\/www.eldiario.net\\\/portal\\\/wp-content\\\/uploads\\\/2024\\\/08\\\/P-4-10-cm-x-7-1.jpg\",\"articleSection\":[\"Portada\"],\"inLanguage\":\"es\",\"potentialAction\":[{\"@type\":\"CommentAction\",\"name\":\"Comment\",\"target\":[\"https:\\\/\\\/www.eldiario.net\\\/portal\\\/2024\\\/08\\\/04\\\/luis-almagro-llama-a-la-paz-entre-venezolanos-en-jornada-de-protesta\\\/#respond\"]}]},{\"@type\":\"WebPage\",\"@id\":\"https:\\\/\\\/www.eldiario.net\\\/portal\\\/2024\\\/08\\\/04\\\/luis-almagro-llama-a-la-paz-entre-venezolanos-en-jornada-de-protesta\\\/\",\"url\":\"https:\\\/\\\/www.eldiario.net\\\/portal\\\/2024\\\/08\\\/04\\\/luis-almagro-llama-a-la-paz-entre-venezolanos-en-jornada-de-protesta\\\/\",\"name\":\"Luis Almagro llama a la paz entre venezolanos en jornada de protesta - El Diario - Bolivia\",\"isPartOf\":{\"@id\":\"https:\\\/\\\/www.eldiario.net\\\/portal\\\/#website\"},\"primaryImageOfPage\":{\"@id\":\"https:\\\/\\\/www.eldiario.net\\\/portal\\\/2024\\\/08\\\/04\\\/luis-almagro-llama-a-la-paz-entre-venezolanos-en-jornada-de-protesta\\\/#primaryimage\"},\"image\":{\"@id\":\"https:\\\/\\\/www.eldiario.net\\\/portal\\\/2024\\\/08\\\/04\\\/luis-almagro-llama-a-la-paz-entre-venezolanos-en-jornada-de-protesta\\\/#primaryimage\"},\"thumbnailUrl\":\"https:\\\/\\\/www.eldiario.net\\\/portal\\\/wp-content\\\/uploads\\\/2024\\\/08\\\/P-4-10-cm-x-7-1.jpg\",\"datePublished\":\"2024-08-04T10:51:40+00:00\",\"dateModified\":\"2024-08-04T11:31:50+00:00\",\"breadcrumb\":{\"@id\":\"https:\\\/\\\/www.eldiario.net\\\/portal\\\/2024\\\/08\\\/04\\\/luis-almagro-llama-a-la-paz-entre-venezolanos-en-jornada-de-protesta\\\/#breadcrumb\"},\"inLanguage\":\"es\",\"potentialAction\":[{\"@type\":\"ReadAction\",\"target\":[\"https:\\\/\\\/www.eldiario.net\\\/portal\\\/2024\\\/08\\\/04\\\/luis-almagro-llama-a-la-paz-entre-venezolanos-en-jornada-de-protesta\\\/\"]}]},{\"@type\":\"ImageObject\",\"inLanguage\":\"es\",\"@id\":\"https:\\\/\\\/www.eldiario.net\\\/portal\\\/2024\\\/08\\\/04\\\/luis-almagro-llama-a-la-paz-entre-venezolanos-en-jornada-de-protesta\\\/#primaryimage\",\"url\":\"https:\\\/\\\/www.eldiario.net\\\/portal\\\/wp-content\\\/uploads\\\/2024\\\/08\\\/P-4-10-cm-x-7-1.jpg\",\"contentUrl\":\"https:\\\/\\\/www.eldiario.net\\\/portal\\\/wp-content\\\/uploads\\\/2024\\\/08\\\/P-4-10-cm-x-7-1.jpg\",\"width\":992,\"height\":744,\"caption\":\"Mar\u00eda Corina Machado ante una multitud en Caracas afirm\u00f3: \u201cEdmundo Gonz\u00e1lez se gan\u00f3 el respaldo de la gente; hicimos historia\u201d.\"},{\"@type\":\"BreadcrumbList\",\"@id\":\"https:\\\/\\\/www.eldiario.net\\\/portal\\\/2024\\\/08\\\/04\\\/luis-almagro-llama-a-la-paz-entre-venezolanos-en-jornada-de-protesta\\\/#breadcrumb\",\"itemListElement\":[{\"@type\":\"ListItem\",\"position\":1,\"name\":\"Portada\",\"item\":\"https:\\\/\\\/www.eldiario.net\\\/portal\\\/\"},{\"@type\":\"ListItem\",\"position\":2,\"name\":\"Luis Almagro llama a la paz entre venezolanos en jornada de protesta\"}]},{\"@type\":\"WebSite\",\"@id\":\"https:\\\/\\\/www.eldiario.net\\\/portal\\\/#website\",\"url\":\"https:\\\/\\\/www.eldiario.net\\\/portal\\\/\",\"name\":\"El Diario - Decano de la prensa nacional\",\"description\":\"El Diario - Decano de la prensa nacional\",\"publisher\":{\"@id\":\"https:\\\/\\\/www.eldiario.net\\\/portal\\\/#organization\"},\"potentialAction\":[{\"@type\":\"SearchAction\",\"target\":{\"@type\":\"EntryPoint\",\"urlTemplate\":\"https:\\\/\\\/www.eldiario.net\\\/portal\\\/?s={search_term_string}\"},\"query-input\":{\"@type\":\"PropertyValueSpecification\",\"valueRequired\":true,\"valueName\":\"search_term_string\"}}],\"inLanguage\":\"es\"},{\"@type\":\"Organization\",\"@id\":\"https:\\\/\\\/www.eldiario.net\\\/portal\\\/#organization\",\"name\":\"El Diario - Decano de la prensa nacional\",\"url\":\"https:\\\/\\\/www.eldiario.net\\\/portal\\\/\",\"logo\":{\"@type\":\"ImageObject\",\"inLanguage\":\"es\",\"@id\":\"https:\\\/\\\/www.eldiario.net\\\/portal\\\/#\\\/schema\\\/logo\\\/image\\\/\",\"url\":\"https:\\\/\\\/www.eldiario.net\\\/portal\\\/wp-content\\\/uploads\\\/2023\\\/07\\\/logo_ED.jpg\",\"contentUrl\":\"https:\\\/\\\/www.eldiario.net\\\/portal\\\/wp-content\\\/uploads\\\/2023\\\/07\\\/logo_ED.jpg\",\"width\":272,\"height\":52,\"caption\":\"El Diario - Decano de la prensa nacional\"},\"image\":{\"@id\":\"https:\\\/\\\/www.eldiario.net\\\/portal\\\/#\\\/schema\\\/logo\\\/image\\\/\"},\"sameAs\":[\"https:\\\/\\\/www.facebook.com\\\/eldiario.bolivia\\\/\",\"https:\\\/\\\/x.com\\\/eldiario_net\"]},{\"@type\":\"Person\",\"@id\":\"https:\\\/\\\/www.eldiario.net\\\/portal\\\/#\\\/schema\\\/person\\\/f46445640444750d7d753ccd04ae01b7\",\"name\":\"Jeanette\",\"image\":{\"@type\":\"ImageObject\",\"inLanguage\":\"es\",\"@id\":\"https:\\\/\\\/secure.gravatar.com\\\/avatar\\\/3ea2118a5f7dad2b7138b1187a6b7ee55f160b9968b66013c3a3ef39dd7e5798?s=96&d=mm&r=g\",\"url\":\"https:\\\/\\\/secure.gravatar.com\\\/avatar\\\/3ea2118a5f7dad2b7138b1187a6b7ee55f160b9968b66013c3a3ef39dd7e5798?s=96&d=mm&r=g\",\"contentUrl\":\"https:\\\/\\\/secure.gravatar.com\\\/avatar\\\/3ea2118a5f7dad2b7138b1187a6b7ee55f160b9968b66013c3a3ef39dd7e5798?s=96&d=mm&r=g\",\"caption\":\"Jeanette\"},\"sameAs\":[\"https:\\\/\\\/www.eldiario.net\\\/portal\"],\"url\":\"https:\\\/\\\/www.eldiario.net\\\/portal\\\/author\\\/jeanette\\\/\"}]}<\/script>\n<!-- \/ Yoast SEO plugin. -->","yoast_head_json":{"title":"Luis Almagro llama a la paz entre venezolanos en jornada de protesta - El Diario - Bolivia","robots":{"index":"index","follow":"follow","max-snippet":"max-snippet:-1","max-image-preview":"max-image-preview:large","max-video-preview":"max-video-preview:-1"},"canonical":"https:\/\/www.eldiario.net\/portal\/2024\/08\/04\/luis-almagro-llama-a-la-paz-entre-venezolanos-en-jornada-de-protesta\/","og_locale":"es_ES","og_type":"article","og_title":"Luis Almagro llama a la paz entre venezolanos en jornada de protesta - El Diario - Bolivia","og_description":"El secretario general de la Organizaci\u00f3n de los Estados Americanos (OEA), Luis Almagro, pidi\u00f3 por la \u00abpaz entre venezolanos\u00bb a trav\u00e9s de un comunicado publicado este s\u00e1bado, jornada crucial de manifestaciones en Venezuela en rechazo de la reelecci\u00f3n de Nicol\u00e1s Maduro, sin que se pudieran verificar las actas de la votaci\u00f3n celebrada el 28 de [&hellip;]","og_url":"https:\/\/www.eldiario.net\/portal\/2024\/08\/04\/luis-almagro-llama-a-la-paz-entre-venezolanos-en-jornada-de-protesta\/","og_site_name":"El Diario - Bolivia","article_publisher":"https:\/\/www.facebook.com\/eldiario.bolivia\/","article_published_time":"2024-08-04T10:51:40+00:00","article_modified_time":"2024-08-04T11:31:50+00:00","og_image":[{"width":992,"height":744,"url":"https:\/\/www.eldiario.net\/portal\/wp-content\/uploads\/2024\/08\/P-4-10-cm-x-7-1.jpg","type":"image\/jpeg"}],"author":"Jeanette","twitter_card":"summary_large_image","twitter_creator":"@eldiario_net","twitter_site":"@eldiario_net","twitter_misc":{"Escrito por":"Jeanette","Tiempo de lectura":"2 minutos"},"schema":{"@context":"https:\/\/schema.org","@graph":[{"@type":"Article","@id":"https:\/\/www.eldiario.net\/portal\/2024\/08\/04\/luis-almagro-llama-a-la-paz-entre-venezolanos-en-jornada-de-protesta\/#article","isPartOf":{"@id":"https:\/\/www.eldiario.net\/portal\/2024\/08\/04\/luis-almagro-llama-a-la-paz-entre-venezolanos-en-jornada-de-protesta\/"},"author":{"name":"Jeanette","@id":"https:\/\/www.eldiario.net\/portal\/#\/schema\/person\/f46445640444750d7d753ccd04ae01b7"},"headline":"Luis Almagro llama a la paz entre venezolanos en jornada de protesta","datePublished":"2024-08-04T10:51:40+00:00","dateModified":"2024-08-04T11:31:50+00:00","mainEntityOfPage":{"@id":"https:\/\/www.eldiario.net\/portal\/2024\/08\/04\/luis-almagro-llama-a-la-paz-entre-venezolanos-en-jornada-de-protesta\/"},"wordCount":418,"commentCount":0,"publisher":{"@id":"https:\/\/www.eldiario.net\/portal\/#organization"},"image":{"@id":"https:\/\/www.eldiario.net\/portal\/2024\/08\/04\/luis-almagro-llama-a-la-paz-entre-venezolanos-en-jornada-de-protesta\/#primaryimage"},"thumbnailUrl":"https:\/\/www.eldiario.net\/portal\/wp-content\/uploads\/2024\/08\/P-4-10-cm-x-7-1.jpg","articleSection":["Portada"],"inLanguage":"es","potentialAction":[{"@type":"CommentAction","name":"Comment","target":["https:\/\/www.eldiario.net\/portal\/2024\/08\/04\/luis-almagro-llama-a-la-paz-entre-venezolanos-en-jornada-de-protesta\/#respond"]}]},{"@type":"WebPage","@id":"https:\/\/www.eldiario.net\/portal\/2024\/08\/04\/luis-almagro-llama-a-la-paz-entre-venezolanos-en-jornada-de-protesta\/","url":"https:\/\/www.eldiario.net\/portal\/2024\/08\/04\/luis-almagro-llama-a-la-paz-entre-venezolanos-en-jornada-de-protesta\/","name":"Luis Almagro llama a la paz entre venezolanos en jornada de protesta - El Diario - Bolivia","isPartOf":{"@id":"https:\/\/www.eldiario.net\/portal\/#website"},"primaryImageOfPage":{"@id":"https:\/\/www.eldiario.net\/portal\/2024\/08\/04\/luis-almagro-llama-a-la-paz-entre-venezolanos-en-jornada-de-protesta\/#primaryimage"},"image":{"@id":"https:\/\/www.eldiario.net\/portal\/2024\/08\/04\/luis-almagro-llama-a-la-paz-entre-venezolanos-en-jornada-de-protesta\/#primaryimage"},"thumbnailUrl":"https:\/\/www.eldiario.net\/portal\/wp-content\/uploads\/2024\/08\/P-4-10-cm-x-7-1.jpg","datePublished":"2024-08-04T10:51:40+00:00","dateModified":"2024-08-04T11:31:50+00:00","breadcrumb":{"@id":"https:\/\/www.eldiario.net\/portal\/2024\/08\/04\/luis-almagro-llama-a-la-paz-entre-venezolanos-en-jornada-de-protesta\/#breadcrumb"},"inLanguage":"es","potentialAction":[{"@type":"ReadAction","target":["https:\/\/www.eldiario.net\/portal\/2024\/08\/04\/luis-almagro-llama-a-la-paz-entre-venezolanos-en-jornada-de-protesta\/"]}]},{"@type":"ImageObject","inLanguage":"es","@id":"https:\/\/www.eldiario.net\/portal\/2024\/08\/04\/luis-almagro-llama-a-la-paz-entre-venezolanos-en-jornada-de-protesta\/#primaryimage","url":"https:\/\/www.eldiario.net\/portal\/wp-content\/uploads\/2024\/08\/P-4-10-cm-x-7-1.jpg","contentUrl":"https:\/\/www.eldiario.net\/portal\/wp-content\/uploads\/2024\/08\/P-4-10-cm-x-7-1.jpg","width":992,"height":744,"caption":"Mar\u00eda Corina Machado ante una multitud en Caracas afirm\u00f3: \u201cEdmundo Gonz\u00e1lez se gan\u00f3 el respaldo de la gente; hicimos historia\u201d."},{"@type":"BreadcrumbList","@id":"https:\/\/www.eldiario.net\/portal\/2024\/08\/04\/luis-almagro-llama-a-la-paz-entre-venezolanos-en-jornada-de-protesta\/#breadcrumb","itemListElement":[{"@type":"ListItem","position":1,"name":"Portada","item":"https:\/\/www.eldiario.net\/portal\/"},{"@type":"ListItem","position":2,"name":"Luis Almagro llama a la paz entre venezolanos en jornada de protesta"}]},{"@type":"WebSite","@id":"https:\/\/www.eldiario.net\/portal\/#website","url":"https:\/\/www.eldiario.net\/portal\/","name":"El Diario - Decano de la prensa nacional","description":"El Diario - Decano de la prensa nacional","publisher":{"@id":"https:\/\/www.eldiario.net\/portal\/#organization"},"potentialAction":[{"@type":"SearchAction","target":{"@type":"EntryPoint","urlTemplate":"https:\/\/www.eldiario.net\/portal\/?s={search_term_string}"},"query-input":{"@type":"PropertyValueSpecification","valueRequired":true,"valueName":"search_term_string"}}],"inLanguage":"es"},{"@type":"Organization","@id":"https:\/\/www.eldiario.net\/portal\/#organization","name":"El Diario - Decano de la prensa nacional","url":"https:\/\/www.eldiario.net\/portal\/","logo":{"@type":"ImageObject","inLanguage":"es","@id":"https:\/\/www.eldiario.net\/portal\/#\/schema\/logo\/image\/","url":"https:\/\/www.eldiario.net\/portal\/wp-content\/uploads\/2023\/07\/logo_ED.jpg","contentUrl":"https:\/\/www.eldiario.net\/portal\/wp-content\/uploads\/2023\/07\/logo_ED.jpg","width":272,"height":52,"caption":"El Diario - Decano de la prensa nacional"},"image":{"@id":"https:\/\/www.eldiario.net\/portal\/#\/schema\/logo\/image\/"},"sameAs":["https:\/\/www.facebook.com\/eldiario.bolivia\/","https:\/\/x.com\/eldiario_net"]},{"@type":"Person","@id":"https:\/\/www.eldiario.net\/portal\/#\/schema\/person\/f46445640444750d7d753ccd04ae01b7","name":"Jeanette","image":{"@type":"ImageObject","inLanguage":"es","@id":"https:\/\/secure.gravatar.com\/avatar\/3ea2118a5f7dad2b7138b1187a6b7ee55f160b9968b66013c3a3ef39dd7e5798?s=96&d=mm&r=g","url":"https:\/\/secure.gravatar.com\/avatar\/3ea2118a5f7dad2b7138b1187a6b7ee55f160b9968b66013c3a3ef39dd7e5798?s=96&d=mm&r=g","contentUrl":"https:\/\/secure.gravatar.com\/avatar\/3ea2118a5f7dad2b7138b1187a6b7ee55f160b9968b66013c3a3ef39dd7e5798?s=96&d=mm&r=g","caption":"Jeanette"},"sameAs":["https:\/\/www.eldiario.net\/portal"],"url":"https:\/\/www.eldiario.net\/portal\/author\/jeanette\/"}]}},"_links":{"self":[{"href":"https:\/\/www.eldiario.net\/portal\/wp-json\/wp\/v2\/posts\/238359","targetHints":{"allow":["GET"]}}],"collection":[{"href":"https:\/\/www.eldiario.net\/portal\/wp-json\/wp\/v2\/posts"}],"about":[{"href":"https:\/\/www.eldiario.net\/portal\/wp-json\/wp\/v2\/types\/post"}],"author":[{"embeddable":true,"href":"https:\/\/www.eldiario.net\/portal\/wp-json\/wp\/v2\/users\/1"}],"replies":[{"embeddable":true,"href":"https:\/\/www.eldiario.net\/portal\/wp-json\/wp\/v2\/comments?post=238359"}],"version-history":[{"count":2,"href":"https:\/\/www.eldiario.net\/portal\/wp-json\/wp\/v2\/posts\/238359\/revisions"}],"predecessor-version":[{"id":238482,"href":"https:\/\/www.eldiario.net\/portal\/wp-json\/wp\/v2\/posts\/238359\/revisions\/238482"}],"wp:featuredmedia":[{"embeddable":true,"href":"https:\/\/www.eldiario.net\/portal\/wp-json\/wp\/v2\/media\/238360"}],"wp:attachment":[{"href":"https:\/\/www.eldiario.net\/portal\/wp-json\/wp\/v2\/media?parent=238359"}],"wp:term":[{"taxonomy":"category","embeddable":true,"href":"https:\/\/www.eldiario.net\/portal\/wp-json\/wp\/v2\/categories?post=238359"},{"taxonomy":"post_tag","embeddable":true,"href":"https:\/\/www.eldiario.net\/portal\/wp-json\/wp\/v2\/tags?post=238359"}],"curies":[{"name":"wp","href":"https:\/\/api.w.org\/{rel}","templated":true}]}}