{"id":238356,"date":"2024-08-04T06:50:49","date_gmt":"2024-08-04T10:50:49","guid":{"rendered":"https:\/\/www.eldiario.net\/portal\/?p=238356"},"modified":"2024-08-04T07:36:09","modified_gmt":"2024-08-04T11:36:09","slug":"ocho-veces-me-han-ofrecido-libertad-a-cambio-de-que-negocie","status":"publish","type":"post","link":"https:\/\/www.eldiario.net\/portal\/2024\/08\/04\/ocho-veces-me-han-ofrecido-libertad-a-cambio-de-que-negocie\/","title":{"rendered":"\u201cOcho veces me han ofrecido libertad a cambio de que negocie\u201d"},"content":{"rendered":"<p class=\"v1MsoNormal\">Tras una nueva imputaci\u00f3n en su contra, el gobernador cruce\u00f1o Luis Fernando Camacho revel\u00f3 que enviaron a un ministro hasta su celda para proponer acuerdos. \u00abCon las dictaduras no se acuerda ni se transa, la libertad de un preso pol\u00edtico no depende de la justicia vendida\u00bb, reza un mensaje difundido ayer.<\/p>\n<p class=\"v1MsoNormal\">La declaraci\u00f3n de la autoridad cruce\u00f1a se da despu\u00e9s de que surgiera una nueva imputaci\u00f3n en su contra, esta vez por el denominado caso &#8216;Notar\u00eda de Gobierno&#8217;, en el que se lo investiga por una supuesta falsificaci\u00f3n de su firma en un poder y donde la Fiscal\u00eda lo sindica por el presunto delito de falsedad material e ideol\u00f3gica.<\/p>\n<p class=\"v1MsoNormal\">\u00abSon ocho veces que me han ofrecido libertad a cambio de que negocie. Incluso enviaron a un ministro hasta mi celda a proponerme acuerdos que nunca lograr\u00e1n porque tengo clara la consciencia de que estoy preso por defender una causa que nos importa a todos\u00bb, revel\u00f3 el gobernador, aunque no mencion\u00f3 detalles al respecto.<\/p>\n<p class=\"v1MsoNormal\">Desde su reclusi\u00f3n preventiva en el penal de Chonchocoro, Camacho apunt\u00f3 que no lo van a doblegar, ni encerr\u00e1ndolo en las celda las 24 horas del d\u00eda, ni cort\u00e1ndole constantemente el acceso al agua o neg\u00e1ndole las visitas de los representantes de las fundaciones internacionales de Derechos Humanos.<\/p>\n<p class=\"v1MsoNormal\">\u00abNo soy el \u00fanico, hay muchos otros bolivianos tambi\u00e9n perseguidos y presos, pero s\u00e9 que hay un ensa\u00f1amiento conmigo por representar a Santa Cruz (&#8230;) Sabiendo que me iban a encarcelar no hui, menos voy a huir ahora a mi destino, as\u00ed sea el m\u00e1s duro. Yo decid\u00ed seguir el camino de esta lucha y asumo las consecuencias de mi decisi\u00f3n, por eso es que nunca me ver\u00e1n huir ni negociar con el MAS\u00bb, agreg\u00f3.<\/p>\n<p class=\"v1MsoNormal\">En su mensaje, Camacho pidi\u00f3 a la ciudadan\u00eda no dejarse arrastrar por el miedo a la crisis ni a la mano dura de la \u00abdictadura masista\u00bb, ya que al igual que pas\u00f3 con la UDP, esta situaci\u00f3n no acabar\u00e1 con Bolivia, pero \u00abs\u00ed acabar\u00e1 con la gran mentira del populismo masista\u00bb.<\/p>\n<p class=\"v1MsoNormal\">\u00abAs\u00ed me llenen de imputaciones para tratar de doblegarme, nunca lo van a conseguir. Que sepan el presidente Arce y el MAS que si creen que con juicios me van a quebrar, o que yo involucre a otros cruce\u00f1os en los procesos ama\u00f1ados que me siguen, o que me venda, no lo van a lograr\u00bb, remarc\u00f3 el gobernador. (Unitel)<\/p>\n","protected":false},"excerpt":{"rendered":"<p>Tras una nueva imputaci\u00f3n en su contra, el gobernador cruce\u00f1o Luis Fernando Camacho revel\u00f3 que enviaron a un ministro hasta su celda para proponer acuerdos. \u00abCon las dictaduras no se acuerda ni se transa, la libertad de un preso pol\u00edtico no depende de la justicia vendida\u00bb, reza un mensaje difundido ayer. La declaraci\u00f3n de la [&hellip;]<\/p>\n","protected":false},"author":1,"featured_media":238357,"comment_status":"open","ping_status":"open","sticky":false,"template":"","format":"standard","meta":{"_acf_changed":false,"footnotes":""},"categories":[15],"tags":[],"class_list":["post-238356","post","type-post","status-publish","format-standard","has-post-thumbnail","category-portada"],"acf":{"antetitulo":"Luis Fernando Camacho: "},"yoast_head":"<!-- This site is optimized with the Yoast SEO plugin v28.3 - https:\/\/yoast.com\/product\/yoast-seo-wordpress\/ -->\n<title>\u201cOcho veces me han ofrecido libertad a cambio de que negocie\u201d - El Diario - Bolivia<\/title>\n<meta name=\"robots\" content=\"index, follow, max-snippet:-1, max-image-preview:large, max-video-preview:-1\" \/>\n<link rel=\"canonical\" href=\"https:\/\/www.eldiario.net\/portal\/2024\/08\/04\/ocho-veces-me-han-ofrecido-libertad-a-cambio-de-que-negocie\/\" \/>\n<meta property=\"og:locale\" content=\"es_ES\" \/>\n<meta property=\"og:type\" content=\"article\" \/>\n<meta property=\"og:title\" content=\"\u201cOcho veces me han ofrecido libertad a cambio de que negocie\u201d - El Diario - Bolivia\" \/>\n<meta property=\"og:description\" content=\"Tras una nueva imputaci\u00f3n en su contra, el gobernador cruce\u00f1o Luis Fernando Camacho revel\u00f3 que enviaron a un ministro hasta su celda para proponer acuerdos. \u00abCon las dictaduras no se acuerda ni se transa, la libertad de un preso pol\u00edtico no depende de la justicia vendida\u00bb, reza un mensaje difundido ayer. La declaraci\u00f3n de la [&hellip;]\" \/>\n<meta property=\"og:url\" content=\"https:\/\/www.eldiario.net\/portal\/2024\/08\/04\/ocho-veces-me-han-ofrecido-libertad-a-cambio-de-que-negocie\/\" \/>\n<meta property=\"og:site_name\" content=\"El Diario - Bolivia\" \/>\n<meta property=\"article:publisher\" content=\"https:\/\/www.facebook.com\/eldiario.bolivia\/\" \/>\n<meta property=\"article:published_time\" content=\"2024-08-04T10:50:49+00:00\" \/>\n<meta property=\"article:modified_time\" content=\"2024-08-04T11:36:09+00:00\" \/>\n<meta property=\"og:image\" content=\"https:\/\/www.eldiario.net\/portal\/wp-content\/uploads\/2024\/08\/P-5-10-cm-x-6.jpg\" \/>\n\t<meta property=\"og:image:width\" content=\"1280\" \/>\n\t<meta property=\"og:image:height\" content=\"545\" \/>\n\t<meta property=\"og:image:type\" content=\"image\/jpeg\" \/>\n<meta name=\"author\" content=\"Jeanette\" \/>\n<meta name=\"twitter:card\" content=\"summary_large_image\" \/>\n<meta name=\"twitter:creator\" content=\"@eldiario_net\" \/>\n<meta name=\"twitter:site\" content=\"@eldiario_net\" \/>\n<meta name=\"twitter:label1\" content=\"Escrito por\" \/>\n\t<meta name=\"twitter:data1\" content=\"Jeanette\" \/>\n\t<meta name=\"twitter:label2\" content=\"Tiempo de lectura\" \/>\n\t<meta name=\"twitter:data2\" content=\"3 minutos\" \/>\n<script type=\"application\/ld+json\" class=\"yoast-schema-graph\">{\"@context\":\"https:\\\/\\\/schema.org\",\"@graph\":[{\"@type\":\"Article\",\"@id\":\"https:\\\/\\\/www.eldiario.net\\\/portal\\\/2024\\\/08\\\/04\\\/ocho-veces-me-han-ofrecido-libertad-a-cambio-de-que-negocie\\\/#article\",\"isPartOf\":{\"@id\":\"https:\\\/\\\/www.eldiario.net\\\/portal\\\/2024\\\/08\\\/04\\\/ocho-veces-me-han-ofrecido-libertad-a-cambio-de-que-negocie\\\/\"},\"author\":{\"name\":\"Jeanette\",\"@id\":\"https:\\\/\\\/www.eldiario.net\\\/portal\\\/#\\\/schema\\\/person\\\/f46445640444750d7d753ccd04ae01b7\"},\"headline\":\"\u201cOcho veces me han ofrecido libertad a cambio de que negocie\u201d\",\"datePublished\":\"2024-08-04T10:50:49+00:00\",\"dateModified\":\"2024-08-04T11:36:09+00:00\",\"mainEntityOfPage\":{\"@id\":\"https:\\\/\\\/www.eldiario.net\\\/portal\\\/2024\\\/08\\\/04\\\/ocho-veces-me-han-ofrecido-libertad-a-cambio-de-que-negocie\\\/\"},\"wordCount\":431,\"commentCount\":0,\"publisher\":{\"@id\":\"https:\\\/\\\/www.eldiario.net\\\/portal\\\/#organization\"},\"image\":{\"@id\":\"https:\\\/\\\/www.eldiario.net\\\/portal\\\/2024\\\/08\\\/04\\\/ocho-veces-me-han-ofrecido-libertad-a-cambio-de-que-negocie\\\/#primaryimage\"},\"thumbnailUrl\":\"https:\\\/\\\/www.eldiario.net\\\/portal\\\/wp-content\\\/uploads\\\/2024\\\/08\\\/P-5-10-cm-x-6.jpg\",\"articleSection\":[\"Portada\"],\"inLanguage\":\"es\",\"potentialAction\":[{\"@type\":\"CommentAction\",\"name\":\"Comment\",\"target\":[\"https:\\\/\\\/www.eldiario.net\\\/portal\\\/2024\\\/08\\\/04\\\/ocho-veces-me-han-ofrecido-libertad-a-cambio-de-que-negocie\\\/#respond\"]}]},{\"@type\":\"WebPage\",\"@id\":\"https:\\\/\\\/www.eldiario.net\\\/portal\\\/2024\\\/08\\\/04\\\/ocho-veces-me-han-ofrecido-libertad-a-cambio-de-que-negocie\\\/\",\"url\":\"https:\\\/\\\/www.eldiario.net\\\/portal\\\/2024\\\/08\\\/04\\\/ocho-veces-me-han-ofrecido-libertad-a-cambio-de-que-negocie\\\/\",\"name\":\"\u201cOcho veces me han ofrecido libertad a cambio de que negocie\u201d - El Diario - Bolivia\",\"isPartOf\":{\"@id\":\"https:\\\/\\\/www.eldiario.net\\\/portal\\\/#website\"},\"primaryImageOfPage\":{\"@id\":\"https:\\\/\\\/www.eldiario.net\\\/portal\\\/2024\\\/08\\\/04\\\/ocho-veces-me-han-ofrecido-libertad-a-cambio-de-que-negocie\\\/#primaryimage\"},\"image\":{\"@id\":\"https:\\\/\\\/www.eldiario.net\\\/portal\\\/2024\\\/08\\\/04\\\/ocho-veces-me-han-ofrecido-libertad-a-cambio-de-que-negocie\\\/#primaryimage\"},\"thumbnailUrl\":\"https:\\\/\\\/www.eldiario.net\\\/portal\\\/wp-content\\\/uploads\\\/2024\\\/08\\\/P-5-10-cm-x-6.jpg\",\"datePublished\":\"2024-08-04T10:50:49+00:00\",\"dateModified\":\"2024-08-04T11:36:09+00:00\",\"breadcrumb\":{\"@id\":\"https:\\\/\\\/www.eldiario.net\\\/portal\\\/2024\\\/08\\\/04\\\/ocho-veces-me-han-ofrecido-libertad-a-cambio-de-que-negocie\\\/#breadcrumb\"},\"inLanguage\":\"es\",\"potentialAction\":[{\"@type\":\"ReadAction\",\"target\":[\"https:\\\/\\\/www.eldiario.net\\\/portal\\\/2024\\\/08\\\/04\\\/ocho-veces-me-han-ofrecido-libertad-a-cambio-de-que-negocie\\\/\"]}]},{\"@type\":\"ImageObject\",\"inLanguage\":\"es\",\"@id\":\"https:\\\/\\\/www.eldiario.net\\\/portal\\\/2024\\\/08\\\/04\\\/ocho-veces-me-han-ofrecido-libertad-a-cambio-de-que-negocie\\\/#primaryimage\",\"url\":\"https:\\\/\\\/www.eldiario.net\\\/portal\\\/wp-content\\\/uploads\\\/2024\\\/08\\\/P-5-10-cm-x-6.jpg\",\"contentUrl\":\"https:\\\/\\\/www.eldiario.net\\\/portal\\\/wp-content\\\/uploads\\\/2024\\\/08\\\/P-5-10-cm-x-6.jpg\",\"width\":1280,\"height\":545,\"caption\":\"el Gobernador cruce\u00f1o, Luis Fernando Camacho.\"},{\"@type\":\"BreadcrumbList\",\"@id\":\"https:\\\/\\\/www.eldiario.net\\\/portal\\\/2024\\\/08\\\/04\\\/ocho-veces-me-han-ofrecido-libertad-a-cambio-de-que-negocie\\\/#breadcrumb\",\"itemListElement\":[{\"@type\":\"ListItem\",\"position\":1,\"name\":\"Portada\",\"item\":\"https:\\\/\\\/www.eldiario.net\\\/portal\\\/\"},{\"@type\":\"ListItem\",\"position\":2,\"name\":\"\u201cOcho veces me han ofrecido libertad a cambio de que negocie\u201d\"}]},{\"@type\":\"WebSite\",\"@id\":\"https:\\\/\\\/www.eldiario.net\\\/portal\\\/#website\",\"url\":\"https:\\\/\\\/www.eldiario.net\\\/portal\\\/\",\"name\":\"El Diario - Decano de la prensa nacional\",\"description\":\"El Diario - Decano de la prensa nacional\",\"publisher\":{\"@id\":\"https:\\\/\\\/www.eldiario.net\\\/portal\\\/#organization\"},\"potentialAction\":[{\"@type\":\"SearchAction\",\"target\":{\"@type\":\"EntryPoint\",\"urlTemplate\":\"https:\\\/\\\/www.eldiario.net\\\/portal\\\/?s={search_term_string}\"},\"query-input\":{\"@type\":\"PropertyValueSpecification\",\"valueRequired\":true,\"valueName\":\"search_term_string\"}}],\"inLanguage\":\"es\"},{\"@type\":\"Organization\",\"@id\":\"https:\\\/\\\/www.eldiario.net\\\/portal\\\/#organization\",\"name\":\"El Diario - Decano de la prensa nacional\",\"url\":\"https:\\\/\\\/www.eldiario.net\\\/portal\\\/\",\"logo\":{\"@type\":\"ImageObject\",\"inLanguage\":\"es\",\"@id\":\"https:\\\/\\\/www.eldiario.net\\\/portal\\\/#\\\/schema\\\/logo\\\/image\\\/\",\"url\":\"https:\\\/\\\/www.eldiario.net\\\/portal\\\/wp-content\\\/uploads\\\/2023\\\/07\\\/logo_ED.jpg\",\"contentUrl\":\"https:\\\/\\\/www.eldiario.net\\\/portal\\\/wp-content\\\/uploads\\\/2023\\\/07\\\/logo_ED.jpg\",\"width\":272,\"height\":52,\"caption\":\"El Diario - Decano de la prensa nacional\"},\"image\":{\"@id\":\"https:\\\/\\\/www.eldiario.net\\\/portal\\\/#\\\/schema\\\/logo\\\/image\\\/\"},\"sameAs\":[\"https:\\\/\\\/www.facebook.com\\\/eldiario.bolivia\\\/\",\"https:\\\/\\\/x.com\\\/eldiario_net\"]},{\"@type\":\"Person\",\"@id\":\"https:\\\/\\\/www.eldiario.net\\\/portal\\\/#\\\/schema\\\/person\\\/f46445640444750d7d753ccd04ae01b7\",\"name\":\"Jeanette\",\"image\":{\"@type\":\"ImageObject\",\"inLanguage\":\"es\",\"@id\":\"https:\\\/\\\/secure.gravatar.com\\\/avatar\\\/3ea2118a5f7dad2b7138b1187a6b7ee55f160b9968b66013c3a3ef39dd7e5798?s=96&d=mm&r=g\",\"url\":\"https:\\\/\\\/secure.gravatar.com\\\/avatar\\\/3ea2118a5f7dad2b7138b1187a6b7ee55f160b9968b66013c3a3ef39dd7e5798?s=96&d=mm&r=g\",\"contentUrl\":\"https:\\\/\\\/secure.gravatar.com\\\/avatar\\\/3ea2118a5f7dad2b7138b1187a6b7ee55f160b9968b66013c3a3ef39dd7e5798?s=96&d=mm&r=g\",\"caption\":\"Jeanette\"},\"sameAs\":[\"https:\\\/\\\/www.eldiario.net\\\/portal\"],\"url\":\"https:\\\/\\\/www.eldiario.net\\\/portal\\\/author\\\/jeanette\\\/\"}]}<\/script>\n<!-- \/ Yoast SEO plugin. -->","yoast_head_json":{"title":"\u201cOcho veces me han ofrecido libertad a cambio de que negocie\u201d - El Diario - Bolivia","robots":{"index":"index","follow":"follow","max-snippet":"max-snippet:-1","max-image-preview":"max-image-preview:large","max-video-preview":"max-video-preview:-1"},"canonical":"https:\/\/www.eldiario.net\/portal\/2024\/08\/04\/ocho-veces-me-han-ofrecido-libertad-a-cambio-de-que-negocie\/","og_locale":"es_ES","og_type":"article","og_title":"\u201cOcho veces me han ofrecido libertad a cambio de que negocie\u201d - El Diario - Bolivia","og_description":"Tras una nueva imputaci\u00f3n en su contra, el gobernador cruce\u00f1o Luis Fernando Camacho revel\u00f3 que enviaron a un ministro hasta su celda para proponer acuerdos. \u00abCon las dictaduras no se acuerda ni se transa, la libertad de un preso pol\u00edtico no depende de la justicia vendida\u00bb, reza un mensaje difundido ayer. La declaraci\u00f3n de la [&hellip;]","og_url":"https:\/\/www.eldiario.net\/portal\/2024\/08\/04\/ocho-veces-me-han-ofrecido-libertad-a-cambio-de-que-negocie\/","og_site_name":"El Diario - Bolivia","article_publisher":"https:\/\/www.facebook.com\/eldiario.bolivia\/","article_published_time":"2024-08-04T10:50:49+00:00","article_modified_time":"2024-08-04T11:36:09+00:00","og_image":[{"width":1280,"height":545,"url":"https:\/\/www.eldiario.net\/portal\/wp-content\/uploads\/2024\/08\/P-5-10-cm-x-6.jpg","type":"image\/jpeg"}],"author":"Jeanette","twitter_card":"summary_large_image","twitter_creator":"@eldiario_net","twitter_site":"@eldiario_net","twitter_misc":{"Escrito por":"Jeanette","Tiempo de lectura":"3 minutos"},"schema":{"@context":"https:\/\/schema.org","@graph":[{"@type":"Article","@id":"https:\/\/www.eldiario.net\/portal\/2024\/08\/04\/ocho-veces-me-han-ofrecido-libertad-a-cambio-de-que-negocie\/#article","isPartOf":{"@id":"https:\/\/www.eldiario.net\/portal\/2024\/08\/04\/ocho-veces-me-han-ofrecido-libertad-a-cambio-de-que-negocie\/"},"author":{"name":"Jeanette","@id":"https:\/\/www.eldiario.net\/portal\/#\/schema\/person\/f46445640444750d7d753ccd04ae01b7"},"headline":"\u201cOcho veces me han ofrecido libertad a cambio de que negocie\u201d","datePublished":"2024-08-04T10:50:49+00:00","dateModified":"2024-08-04T11:36:09+00:00","mainEntityOfPage":{"@id":"https:\/\/www.eldiario.net\/portal\/2024\/08\/04\/ocho-veces-me-han-ofrecido-libertad-a-cambio-de-que-negocie\/"},"wordCount":431,"commentCount":0,"publisher":{"@id":"https:\/\/www.eldiario.net\/portal\/#organization"},"image":{"@id":"https:\/\/www.eldiario.net\/portal\/2024\/08\/04\/ocho-veces-me-han-ofrecido-libertad-a-cambio-de-que-negocie\/#primaryimage"},"thumbnailUrl":"https:\/\/www.eldiario.net\/portal\/wp-content\/uploads\/2024\/08\/P-5-10-cm-x-6.jpg","articleSection":["Portada"],"inLanguage":"es","potentialAction":[{"@type":"CommentAction","name":"Comment","target":["https:\/\/www.eldiario.net\/portal\/2024\/08\/04\/ocho-veces-me-han-ofrecido-libertad-a-cambio-de-que-negocie\/#respond"]}]},{"@type":"WebPage","@id":"https:\/\/www.eldiario.net\/portal\/2024\/08\/04\/ocho-veces-me-han-ofrecido-libertad-a-cambio-de-que-negocie\/","url":"https:\/\/www.eldiario.net\/portal\/2024\/08\/04\/ocho-veces-me-han-ofrecido-libertad-a-cambio-de-que-negocie\/","name":"\u201cOcho veces me han ofrecido libertad a cambio de que negocie\u201d - El Diario - Bolivia","isPartOf":{"@id":"https:\/\/www.eldiario.net\/portal\/#website"},"primaryImageOfPage":{"@id":"https:\/\/www.eldiario.net\/portal\/2024\/08\/04\/ocho-veces-me-han-ofrecido-libertad-a-cambio-de-que-negocie\/#primaryimage"},"image":{"@id":"https:\/\/www.eldiario.net\/portal\/2024\/08\/04\/ocho-veces-me-han-ofrecido-libertad-a-cambio-de-que-negocie\/#primaryimage"},"thumbnailUrl":"https:\/\/www.eldiario.net\/portal\/wp-content\/uploads\/2024\/08\/P-5-10-cm-x-6.jpg","datePublished":"2024-08-04T10:50:49+00:00","dateModified":"2024-08-04T11:36:09+00:00","breadcrumb":{"@id":"https:\/\/www.eldiario.net\/portal\/2024\/08\/04\/ocho-veces-me-han-ofrecido-libertad-a-cambio-de-que-negocie\/#breadcrumb"},"inLanguage":"es","potentialAction":[{"@type":"ReadAction","target":["https:\/\/www.eldiario.net\/portal\/2024\/08\/04\/ocho-veces-me-han-ofrecido-libertad-a-cambio-de-que-negocie\/"]}]},{"@type":"ImageObject","inLanguage":"es","@id":"https:\/\/www.eldiario.net\/portal\/2024\/08\/04\/ocho-veces-me-han-ofrecido-libertad-a-cambio-de-que-negocie\/#primaryimage","url":"https:\/\/www.eldiario.net\/portal\/wp-content\/uploads\/2024\/08\/P-5-10-cm-x-6.jpg","contentUrl":"https:\/\/www.eldiario.net\/portal\/wp-content\/uploads\/2024\/08\/P-5-10-cm-x-6.jpg","width":1280,"height":545,"caption":"el Gobernador cruce\u00f1o, Luis Fernando Camacho."},{"@type":"BreadcrumbList","@id":"https:\/\/www.eldiario.net\/portal\/2024\/08\/04\/ocho-veces-me-han-ofrecido-libertad-a-cambio-de-que-negocie\/#breadcrumb","itemListElement":[{"@type":"ListItem","position":1,"name":"Portada","item":"https:\/\/www.eldiario.net\/portal\/"},{"@type":"ListItem","position":2,"name":"\u201cOcho veces me han ofrecido libertad a cambio de que negocie\u201d"}]},{"@type":"WebSite","@id":"https:\/\/www.eldiario.net\/portal\/#website","url":"https:\/\/www.eldiario.net\/portal\/","name":"El Diario - Decano de la prensa nacional","description":"El Diario - Decano de la prensa nacional","publisher":{"@id":"https:\/\/www.eldiario.net\/portal\/#organization"},"potentialAction":[{"@type":"SearchAction","target":{"@type":"EntryPoint","urlTemplate":"https:\/\/www.eldiario.net\/portal\/?s={search_term_string}"},"query-input":{"@type":"PropertyValueSpecification","valueRequired":true,"valueName":"search_term_string"}}],"inLanguage":"es"},{"@type":"Organization","@id":"https:\/\/www.eldiario.net\/portal\/#organization","name":"El Diario - Decano de la prensa nacional","url":"https:\/\/www.eldiario.net\/portal\/","logo":{"@type":"ImageObject","inLanguage":"es","@id":"https:\/\/www.eldiario.net\/portal\/#\/schema\/logo\/image\/","url":"https:\/\/www.eldiario.net\/portal\/wp-content\/uploads\/2023\/07\/logo_ED.jpg","contentUrl":"https:\/\/www.eldiario.net\/portal\/wp-content\/uploads\/2023\/07\/logo_ED.jpg","width":272,"height":52,"caption":"El Diario - Decano de la prensa nacional"},"image":{"@id":"https:\/\/www.eldiario.net\/portal\/#\/schema\/logo\/image\/"},"sameAs":["https:\/\/www.facebook.com\/eldiario.bolivia\/","https:\/\/x.com\/eldiario_net"]},{"@type":"Person","@id":"https:\/\/www.eldiario.net\/portal\/#\/schema\/person\/f46445640444750d7d753ccd04ae01b7","name":"Jeanette","image":{"@type":"ImageObject","inLanguage":"es","@id":"https:\/\/secure.gravatar.com\/avatar\/3ea2118a5f7dad2b7138b1187a6b7ee55f160b9968b66013c3a3ef39dd7e5798?s=96&d=mm&r=g","url":"https:\/\/secure.gravatar.com\/avatar\/3ea2118a5f7dad2b7138b1187a6b7ee55f160b9968b66013c3a3ef39dd7e5798?s=96&d=mm&r=g","contentUrl":"https:\/\/secure.gravatar.com\/avatar\/3ea2118a5f7dad2b7138b1187a6b7ee55f160b9968b66013c3a3ef39dd7e5798?s=96&d=mm&r=g","caption":"Jeanette"},"sameAs":["https:\/\/www.eldiario.net\/portal"],"url":"https:\/\/www.eldiario.net\/portal\/author\/jeanette\/"}]}},"_links":{"self":[{"href":"https:\/\/www.eldiario.net\/portal\/wp-json\/wp\/v2\/posts\/238356","targetHints":{"allow":["GET"]}}],"collection":[{"href":"https:\/\/www.eldiario.net\/portal\/wp-json\/wp\/v2\/posts"}],"about":[{"href":"https:\/\/www.eldiario.net\/portal\/wp-json\/wp\/v2\/types\/post"}],"author":[{"embeddable":true,"href":"https:\/\/www.eldiario.net\/portal\/wp-json\/wp\/v2\/users\/1"}],"replies":[{"embeddable":true,"href":"https:\/\/www.eldiario.net\/portal\/wp-json\/wp\/v2\/comments?post=238356"}],"version-history":[{"count":2,"href":"https:\/\/www.eldiario.net\/portal\/wp-json\/wp\/v2\/posts\/238356\/revisions"}],"predecessor-version":[{"id":238498,"href":"https:\/\/www.eldiario.net\/portal\/wp-json\/wp\/v2\/posts\/238356\/revisions\/238498"}],"wp:featuredmedia":[{"embeddable":true,"href":"https:\/\/www.eldiario.net\/portal\/wp-json\/wp\/v2\/media\/238357"}],"wp:attachment":[{"href":"https:\/\/www.eldiario.net\/portal\/wp-json\/wp\/v2\/media?parent=238356"}],"wp:term":[{"taxonomy":"category","embeddable":true,"href":"https:\/\/www.eldiario.net\/portal\/wp-json\/wp\/v2\/categories?post=238356"},{"taxonomy":"post_tag","embeddable":true,"href":"https:\/\/www.eldiario.net\/portal\/wp-json\/wp\/v2\/tags?post=238356"}],"curies":[{"name":"wp","href":"https:\/\/api.w.org\/{rel}","templated":true}]}}