{"id":238347,"date":"2024-08-03T06:19:51","date_gmt":"2024-08-03T10:19:51","guid":{"rendered":"https:\/\/www.eldiario.net\/portal\/?p=238347"},"modified":"2024-08-03T06:19:51","modified_gmt":"2024-08-03T10:19:51","slug":"reynaldo-pacheco-dara-vida-al-cantante-de-nectar","status":"publish","type":"post","link":"https:\/\/www.eldiario.net\/portal\/2024\/08\/03\/reynaldo-pacheco-dara-vida-al-cantante-de-nectar\/","title":{"rendered":"Reynaldo Pacheco dar\u00e1  vida al cantante de N\u00e9ctar"},"content":{"rendered":"<p>El reconocido actor boliviano Reynaldo Pacheco ha llegado desde Hollywood a Per\u00fa y Argentina para asumir uno de los roles m\u00e1s complejos y desafiantes de su carrera: Johnny Orosco, el cantante del famoso y pol\u00e9mico grupo N\u00e9ctar.<\/p>\n<p>Este es el nuevo proyecto de Del Barrio Producciones, que comenz\u00f3 las grabaciones de \u00abTu nombre y el m\u00edo\u00bb, una telenovela para Am\u00e9rica Televisi\u00f3n basada en la vida de la familia Orosco, bajo la direcci\u00f3n de Michelle Alexander.<\/p>\n<p>Johnny Orosco, interpretado por Pacheco, es el l\u00edder del grupo N\u00e9ctar, conocido por su humildad en los inicios en Per\u00fa y Argentina, donde form\u00f3 uno de los grupos de cumbia m\u00e1s exitosos de Sudam\u00e9rica. Tr\u00e1gicamente, Orosco falleci\u00f3 a\u00f1os despu\u00e9s en un sospechoso accidente en Buenos Aires.<\/p>\n<p>El elenco de \u00abTu nombre y el m\u00edo\u00bb tambi\u00e9n cuenta con la participaci\u00f3n de Mario Cortijo, actor peruano-mexicano, quien interpretar\u00e1 a Deyvis Orosco, el primog\u00e9nito y sucesor del grupo N\u00e9ctar.<\/p>\n<p>Pacheco ha protagonizado junto a destacados ganadores del Oscar, como Sandra Bullock, George Clooney, Christopher Plummer, Ernest Borgnine, June Squibb y Billy Bob Thornton. Adem\u00e1s, ha trabajado con estrellas como Ewan McGregor, Eva Longoria, Kate del Castillo y Ozuna.<\/p>\n<p>El a\u00f1o pasado, Reynaldo tuvo una destacada entrada en el mercado iberoamericano con su interpretaci\u00f3n de \u00abLa Flor de la Canela\u00bb en la gala de los Premios Platino en Espa\u00f1a, vista en vivo por 600 millones de personas.<\/p>\n<p>\u00abDespu\u00e9s de mi participaci\u00f3n en la Gala de los Premios Platino, finalmente pude ingresar a los mercados iberoamericanos. Hoy, la industria del entretenimiento ha cambiado mucho. Hollywood est\u00e1 comprando nuestras series y pel\u00edculas para distribuirlas en USA. Estoy muy emocionado por contar nuestras historias iberoamericanas\u00bb, expres\u00f3 el actor boliviano.<\/p>\n<p>\u00abJohnny Orosco fue un gran cantante, al igual que su hijo Deyvis, que lleva el legado del grupo N\u00e9ctar. Para preparar este personaje, tuve que estudiar no solo su parte corporal, acento, canto y baile, sino tambi\u00e9n entender la esencia de este magn\u00edfico artista que vivi\u00f3 en pobreza extrema y nunca se dio por vencido en perseguir su sue\u00f1o. Esta historia inspirar\u00e1 a todos y nos recordar\u00e1 esos ic\u00f3nicos temas de cumbia, como &#8216;El Arbolito&#8217;. Estoy muy agradecido a Del Barrio Producciones por esta oportunidad\u00bb, coment\u00f3.<\/p>\n<p>A continuaci\u00f3n, Reynaldo nos da m\u00e1s detalles de este importante logro en su carrera.<\/p>\n<p><strong>LG: \u00bfQu\u00e9 significa para ti personificar a Johnny Orosco?<\/strong><\/p>\n<p>R: Johnny Orosco para m\u00ed es un desaf\u00edo porque es un personaje muy querido en toda Latinoam\u00e9rica. Ha marcado la cumbia y adem\u00e1s en palabras de actuaci\u00f3n, requiere un estudio no solamente de la parte f\u00edsica, el acento, sino tambi\u00e9n en el canto y el baile.<\/p>\n<p><strong>LG: \u00bfPor qu\u00e9 crees que la producci\u00f3n se fij\u00f3 en ti para asumir este papel?<\/strong><\/p>\n<p>R: El a\u00f1o pasado tuve la suerte de cantar en la gala de los Premios Platino. (Fue) un momento muy importante para mi carrera en la que cant\u00e9 frente a seiscientas millones de personas en vivo la canci\u00f3n que el Festival de los Platino escogi\u00f3, \u201cLa Flor de la Canela,\u00a0 que era una canci\u00f3n peruana. Entonces como los Premios Platino son una celebraci\u00f3n de Iberoam\u00e9rica, escogieron a una persona de otro pa\u00eds para que cantara esa canci\u00f3n y ah\u00ed entro yo. Al cantar yo esa canci\u00f3n me hice conocer como un actor que canta y adem\u00e1s cant\u00e9 una canci\u00f3n tan importante para Per\u00fa, que gracias a Dios fue muy bien recibida y hoy me dan esta posibilidad de dar vida a un personaje tan importante, especialmente para el Per\u00fa.<\/p>\n<p><strong>LG: \u00bfC\u00f3mo describir\u00edas a Johnny Orosco?<\/strong><\/p>\n<p>R: Johnny Orosco es una persona so\u00f1adora que comenz\u00f3 en un lugar con mucha pobreza, con muchas dificultades, sufri\u00f3 hambre, sufri\u00f3 discriminaci\u00f3n y despu\u00e9s gracias a esa estrella so\u00f1adora, logr\u00f3 romper fronteras y convertirse en una estrella tan importante para la m\u00fasica de la cumbia.<\/p>\n<p><strong>LG: \u00bfReynaldo Pacheco tiene algo de Johnny Orosco?<\/strong><\/p>\n<p>R: S\u00ed, porque yo comenc\u00e9 con el sue\u00f1o de ser actor en una \u00e9poca, en un tiempo en Bolivia, cuando decir \u201cQuiero ser actor\u201d era como decir \u201cQuiero ser astronauta\u201d. No hab\u00eda industria, no hab\u00eda redes, el internet todav\u00eda estaba empezando a aparecer, entonces en ese aspecto s\u00ed me conecto mucho con \u00e9l. Yo fui una persona con sue\u00f1os y mi sue\u00f1o principal era hacerlo, era actuar, era contar historias y si eso me llevaba hasta donde estoy yo, hermoso,\u00a0 sino por otro camino tambi\u00e9n, porque mi verdadero objetivo era simplemente hacer, actuar.<\/p>\n<p><strong>LG: \u00bfQu\u00e9 esperas lograr con este trabajo?<\/strong><\/p>\n<p>5r: Para m\u00ed este trabajo es un gran regalo. Trabajar con la productora Del Barrio y Michelle Alexander, que son dos iconos de las novelas en Latinoam\u00e9rica, ya de por si es un regalo. Este proyecto tambi\u00e9n es para m\u00ed muy estrat\u00e9gico en el sentido actoral, ya que finalmente voy a entrar a los hogares de las familias latinoamericanas y compartir con ellos por muchos d\u00edas.\u00a0 Siento que va empoderar mucho mi marca como actor, va a ser mucho m\u00e1s conocida con las masas y va a darme la oportunidad de que me convierta en un nombre para contar otras historias tambi\u00e9n.<\/p>\n<p><strong>LG: El p\u00fablico seguramente esperar\u00e1 con ansias el estreno de la telenovela \u201cTu nombre y el m\u00edo\u201d, \u00bfla producci\u00f3n te adelant\u00f3 alguna fecha tentativa?<\/strong><\/p>\n<p>R: S\u00ed, el 7 de agosto se lanza en el Per\u00fa y de ah\u00ed paulatinamente se la va a ir llevando a otros pa\u00edses. Ya est\u00e1 confirmado que la novela va a Bolivia.<\/p>\n<p><strong>EL ACTOR<\/strong><\/p>\n<p>Reynaldo Pacheco no solo es un actor boliviano que ha trabajado con renombrados ganadores del Oscar y otras estrellas internacionales, sino tambi\u00e9n es fundador de la prestigiosa escuela de actuaci\u00f3n HAPA, en donde ha sido maestro de celebridades como Karol G, Kardashian Kendall Jenner y muchas m\u00e1s. \u00abMuy pronto comenzaremos un nuevo ciclo de clases para Bolivia, para seguir formando talento y verlos triunfar, como Rub\u00e9n Renato Condori, el boliviano que forma parte de la serie argentina Divisi\u00f3n Palermo, de Netflix\u00bb, dijo el actor.<\/p>\n<p><strong>LA PRODUCTORA<\/strong><\/p>\n<p>Del Barrio Producciones es una destacada productora de contenido televisivo en Per\u00fa, conocida por sus exitosas telenovelas y series que reflejan historias aut\u00e9nticas y emotivas.<\/p>\n\r\n                <style type=\"text\/css\">\r\n                    \r\n                    #tdi_1  .td-doubleSlider-2 .td-item1 {\r\n                        background: url(https:\/\/www.eldiario.net\/portal\/wp-content\/uploads\/2024\/08\/1-PRINCIPAL-1-80x60.jpg) 0 0 no-repeat;\r\n                    }\r\n                    #tdi_1  .td-doubleSlider-2 .td-item2 {\r\n                        background: url(https:\/\/www.eldiario.net\/portal\/wp-content\/uploads\/2024\/08\/2-1-80x60.jpg) 0 0 no-repeat;\r\n                    }\r\n                    #tdi_1  .td-doubleSlider-2 .td-item3 {\r\n                        background: url(https:\/\/www.eldiario.net\/portal\/wp-content\/uploads\/2024\/08\/3-1-80x60.jpg) 0 0 no-repeat;\r\n                    }\r\n                    #tdi_1  .td-doubleSlider-2 .td-item4 {\r\n                        background: url(https:\/\/www.eldiario.net\/portal\/wp-content\/uploads\/2024\/08\/4-1-80x60.jpg) 0 0 no-repeat;\r\n                    }\r\n                    #tdi_1  .td-doubleSlider-2 .td-item5 {\r\n                        background: url(https:\/\/www.eldiario.net\/portal\/wp-content\/uploads\/2024\/08\/5-1-80x60.jpg) 0 0 no-repeat;\r\n                    }\r\n                <\/style>\r\n\r\n                <div id=\"tdi_1\" class=\"td-gallery td-slide-on-2-columns\">\r\n                    <div class=\"post_td_gallery\">\r\n                        <div class=\"td-gallery-slide-top\">\r\n                           <div class=\"td-gallery-title\"><\/div>\r\n\r\n                            <div class=\"td-gallery-controls-wrapper\">\r\n                                <div class=\"td-gallery-slide-count\"><span class=\"td-gallery-slide-item-focus\">1<\/span> de 5<\/div>\r\n                                <div class=\"td-gallery-slide-prev-next-but\">\r\n                                    <i class = \"td-icon-left doubleSliderPrevButton\"><\/i>\r\n                                    <i class = \"td-icon-right doubleSliderNextButton\"><\/i>\r\n                                <\/div>\r\n                            <\/div>\r\n                        <\/div>\r\n\r\n                        <div class = \"td-doubleSlider-1 \">\r\n                            <div class = \"td-slider\">\r\n                                \r\n                    <div class = \"td-slide-item td-item1\">\r\n                        <figure class=\"td-slide-galery-figure td-slide-popup-gallery\">\r\n                            <a class=\"slide-gallery-image-link\" href=\"https:\/\/www.eldiario.net\/portal\/wp-content\/uploads\/2024\/08\/1-PRINCIPAL-1.jpg\" title=\"1-PRINCIPAL\"  data-caption=\"\"  data-description=\"\">\r\n                                <img decoding=\"async\" src=\"https:\/\/www.eldiario.net\/portal\/wp-content\/uploads\/2024\/08\/1-PRINCIPAL-1-749x420.jpg\" srcset=\"https:\/\/www.eldiario.net\/portal\/wp-content\/uploads\/2024\/08\/1-PRINCIPAL-1-749x420.jpg 749w, https:\/\/www.eldiario.net\/portal\/wp-content\/uploads\/2024\/08\/1-PRINCIPAL-1-300x168.jpg 300w, https:\/\/www.eldiario.net\/portal\/wp-content\/uploads\/2024\/08\/1-PRINCIPAL-1-1024x574.jpg 1024w, https:\/\/www.eldiario.net\/portal\/wp-content\/uploads\/2024\/08\/1-PRINCIPAL-1-768x431.jpg 768w, https:\/\/www.eldiario.net\/portal\/wp-content\/uploads\/2024\/08\/1-PRINCIPAL-1-696x390.jpg 696w, https:\/\/www.eldiario.net\/portal\/wp-content\/uploads\/2024\/08\/1-PRINCIPAL-1-1068x599.jpg 1068w, https:\/\/www.eldiario.net\/portal\/wp-content\/uploads\/2024\/08\/1-PRINCIPAL-1.jpg 1200w\" sizes=\"(max-width: 749px) 100vw, 749px\" alt=\"\">\r\n                            <\/a>\r\n                            \r\n                        <\/figure>\r\n                    <\/div>\r\n                    <div class = \"td-slide-item td-item2\">\r\n                        <figure class=\"td-slide-galery-figure td-slide-popup-gallery\">\r\n                            <a class=\"slide-gallery-image-link\" href=\"https:\/\/www.eldiario.net\/portal\/wp-content\/uploads\/2024\/08\/2-1.jpg\" title=\"2\"  data-caption=\"\"  data-description=\"\">\r\n                                <img decoding=\"async\" src=\"https:\/\/www.eldiario.net\/portal\/wp-content\/uploads\/2024\/08\/2-1-937x420.jpg\" srcset=\"https:\/\/www.eldiario.net\/portal\/wp-content\/uploads\/2024\/08\/2-1-937x420.jpg 937w, https:\/\/www.eldiario.net\/portal\/wp-content\/uploads\/2024\/08\/2-1-300x134.jpg 300w, https:\/\/www.eldiario.net\/portal\/wp-content\/uploads\/2024\/08\/2-1-1024x459.jpg 1024w, https:\/\/www.eldiario.net\/portal\/wp-content\/uploads\/2024\/08\/2-1-768x344.jpg 768w, https:\/\/www.eldiario.net\/portal\/wp-content\/uploads\/2024\/08\/2-1-696x312.jpg 696w, https:\/\/www.eldiario.net\/portal\/wp-content\/uploads\/2024\/08\/2-1-1068x479.jpg 1068w, https:\/\/www.eldiario.net\/portal\/wp-content\/uploads\/2024\/08\/2-1.jpg 1290w\" sizes=\"(max-width: 937px) 100vw, 937px\" alt=\"\">\r\n                            <\/a>\r\n                            \r\n                        <\/figure>\r\n                    <\/div>\r\n                    <div class = \"td-slide-item td-item3\">\r\n                        <figure class=\"td-slide-galery-figure td-slide-popup-gallery\">\r\n                            <a class=\"slide-gallery-image-link\" href=\"https:\/\/www.eldiario.net\/portal\/wp-content\/uploads\/2024\/08\/3-1.jpg\" title=\"3\"  data-caption=\"\"  data-description=\"\">\r\n                                <img decoding=\"async\" src=\"https:\/\/www.eldiario.net\/portal\/wp-content\/uploads\/2024\/08\/3-1-236x420.jpg\" srcset=\"https:\/\/www.eldiario.net\/portal\/wp-content\/uploads\/2024\/08\/3-1-236x420.jpg 236w, https:\/\/www.eldiario.net\/portal\/wp-content\/uploads\/2024\/08\/3-1-169x300.jpg 169w, https:\/\/www.eldiario.net\/portal\/wp-content\/uploads\/2024\/08\/3-1-576x1024.jpg 576w, https:\/\/www.eldiario.net\/portal\/wp-content\/uploads\/2024\/08\/3-1-768x1365.jpg 768w, https:\/\/www.eldiario.net\/portal\/wp-content\/uploads\/2024\/08\/3-1-864x1536.jpg 864w, https:\/\/www.eldiario.net\/portal\/wp-content\/uploads\/2024\/08\/3-1-696x1237.jpg 696w, https:\/\/www.eldiario.net\/portal\/wp-content\/uploads\/2024\/08\/3-1.jpg 900w\" sizes=\"(max-width: 236px) 100vw, 236px\" alt=\"\">\r\n                            <\/a>\r\n                            \r\n                        <\/figure>\r\n                    <\/div>\r\n                    <div class = \"td-slide-item td-item4\">\r\n                        <figure class=\"td-slide-galery-figure td-slide-popup-gallery\">\r\n                            <a class=\"slide-gallery-image-link\" href=\"https:\/\/www.eldiario.net\/portal\/wp-content\/uploads\/2024\/08\/4-1.jpg\" title=\"4\"  data-caption=\"\"  data-description=\"\">\r\n                                <img decoding=\"async\" src=\"https:\/\/www.eldiario.net\/portal\/wp-content\/uploads\/2024\/08\/4-1-236x420.jpg\" srcset=\"https:\/\/www.eldiario.net\/portal\/wp-content\/uploads\/2024\/08\/4-1-236x420.jpg 236w, https:\/\/www.eldiario.net\/portal\/wp-content\/uploads\/2024\/08\/4-1-169x300.jpg 169w, https:\/\/www.eldiario.net\/portal\/wp-content\/uploads\/2024\/08\/4-1-576x1024.jpg 576w, https:\/\/www.eldiario.net\/portal\/wp-content\/uploads\/2024\/08\/4-1-768x1365.jpg 768w, https:\/\/www.eldiario.net\/portal\/wp-content\/uploads\/2024\/08\/4-1-864x1536.jpg 864w, https:\/\/www.eldiario.net\/portal\/wp-content\/uploads\/2024\/08\/4-1-696x1237.jpg 696w, https:\/\/www.eldiario.net\/portal\/wp-content\/uploads\/2024\/08\/4-1.jpg 900w\" sizes=\"(max-width: 236px) 100vw, 236px\" alt=\"\">\r\n                            <\/a>\r\n                            \r\n                        <\/figure>\r\n                    <\/div>\r\n                    <div class = \"td-slide-item td-item5\">\r\n                        <figure class=\"td-slide-galery-figure td-slide-popup-gallery\">\r\n                            <a class=\"slide-gallery-image-link\" href=\"https:\/\/www.eldiario.net\/portal\/wp-content\/uploads\/2024\/08\/5-1.jpg\" title=\"5\"  data-caption=\"\"  data-description=\"\">\r\n                                <img decoding=\"async\" src=\"https:\/\/www.eldiario.net\/portal\/wp-content\/uploads\/2024\/08\/5-1-560x420.jpg\" srcset=\"https:\/\/www.eldiario.net\/portal\/wp-content\/uploads\/2024\/08\/5-1-560x420.jpg 560w, https:\/\/www.eldiario.net\/portal\/wp-content\/uploads\/2024\/08\/5-1-300x225.jpg 300w, https:\/\/www.eldiario.net\/portal\/wp-content\/uploads\/2024\/08\/5-1-1024x768.jpg 1024w, https:\/\/www.eldiario.net\/portal\/wp-content\/uploads\/2024\/08\/5-1-768x576.jpg 768w, https:\/\/www.eldiario.net\/portal\/wp-content\/uploads\/2024\/08\/5-1-80x60.jpg 80w, https:\/\/www.eldiario.net\/portal\/wp-content\/uploads\/2024\/08\/5-1-696x522.jpg 696w, https:\/\/www.eldiario.net\/portal\/wp-content\/uploads\/2024\/08\/5-1-1068x801.jpg 1068w, https:\/\/www.eldiario.net\/portal\/wp-content\/uploads\/2024\/08\/5-1.jpg 1200w\" sizes=\"(max-width: 560px) 100vw, 560px\" alt=\"\">\r\n                            <\/a>\r\n                            \r\n                        <\/figure>\r\n                    <\/div>\r\n                            <\/div>\r\n                        <\/div>\r\n\r\n                        <div class = \"td-doubleSlider-2\">\r\n                            <div class = \"td-slider\">\r\n                                \r\n                    <div class = \"td-button td-item1\">\r\n                        <div class = \"td-border\"><\/div>\r\n                    <\/div>\r\n                    <div class = \"td-button td-item2\">\r\n                        <div class = \"td-border\"><\/div>\r\n                    <\/div>\r\n                    <div class = \"td-button td-item3\">\r\n                        <div class = \"td-border\"><\/div>\r\n                    <\/div>\r\n                    <div class = \"td-button td-item4\">\r\n                        <div class = \"td-border\"><\/div>\r\n                    <\/div>\r\n                    <div class = \"td-button td-item5\">\r\n                        <div class = \"td-border\"><\/div>\r\n                    <\/div>\r\n                            <\/div>\r\n                        <\/div>\r\n\r\n                    <\/div>\r\n\r\n                <\/div>\r\n                \n","protected":false},"excerpt":{"rendered":"<p>El reconocido actor boliviano Reynaldo Pacheco ha llegado desde Hollywood a Per\u00fa y Argentina para asumir uno de los roles m\u00e1s complejos y desafiantes de su carrera: Johnny Orosco, el cantante del famoso y pol\u00e9mico grupo N\u00e9ctar. Este es el nuevo proyecto de Del Barrio Producciones, que comenz\u00f3 las grabaciones de \u00abTu nombre y el [&hellip;]<\/p>\n","protected":false},"author":1,"featured_media":238348,"comment_status":"open","ping_status":"open","sticky":false,"template":"","format":"standard","meta":{"_acf_changed":false,"footnotes":""},"categories":[41],"tags":[],"class_list":["post-238347","post","type-post","status-publish","format-standard","has-post-thumbnail","category-la-guia"],"acf":{"antetitulo":""},"yoast_head":"<!-- This site is optimized with the Yoast SEO plugin v28.3 - https:\/\/yoast.com\/product\/yoast-seo-wordpress\/ -->\n<title>Reynaldo Pacheco dar\u00e1 vida al cantante de N\u00e9ctar - El Diario - Bolivia<\/title>\n<meta name=\"robots\" content=\"index, follow, max-snippet:-1, max-image-preview:large, max-video-preview:-1\" \/>\n<link rel=\"canonical\" href=\"https:\/\/www.eldiario.net\/portal\/2024\/08\/03\/reynaldo-pacheco-dara-vida-al-cantante-de-nectar\/\" \/>\n<meta property=\"og:locale\" content=\"es_ES\" \/>\n<meta property=\"og:type\" content=\"article\" \/>\n<meta property=\"og:title\" content=\"Reynaldo Pacheco dar\u00e1 vida al cantante de N\u00e9ctar - El Diario - Bolivia\" \/>\n<meta property=\"og:description\" content=\"El reconocido actor boliviano Reynaldo Pacheco ha llegado desde Hollywood a Per\u00fa y Argentina para asumir uno de los roles m\u00e1s complejos y desafiantes de su carrera: Johnny Orosco, el cantante del famoso y pol\u00e9mico grupo N\u00e9ctar. Este es el nuevo proyecto de Del Barrio Producciones, que comenz\u00f3 las grabaciones de \u00abTu nombre y el [&hellip;]\" \/>\n<meta property=\"og:url\" content=\"https:\/\/www.eldiario.net\/portal\/2024\/08\/03\/reynaldo-pacheco-dara-vida-al-cantante-de-nectar\/\" \/>\n<meta property=\"og:site_name\" content=\"El Diario - Bolivia\" \/>\n<meta property=\"article:publisher\" content=\"https:\/\/www.facebook.com\/eldiario.bolivia\/\" \/>\n<meta property=\"article:published_time\" content=\"2024-08-03T10:19:51+00:00\" \/>\n<meta property=\"og:image\" content=\"https:\/\/www.eldiario.net\/portal\/wp-content\/uploads\/2024\/08\/1-PRINCIPAL-1.jpg\" \/>\n\t<meta property=\"og:image:width\" content=\"1200\" \/>\n\t<meta property=\"og:image:height\" content=\"673\" \/>\n\t<meta property=\"og:image:type\" content=\"image\/jpeg\" \/>\n<meta name=\"author\" content=\"Jeanette\" \/>\n<meta name=\"twitter:card\" content=\"summary_large_image\" \/>\n<meta name=\"twitter:creator\" content=\"@eldiario_net\" \/>\n<meta name=\"twitter:site\" content=\"@eldiario_net\" \/>\n<meta name=\"twitter:label1\" content=\"Escrito por\" \/>\n\t<meta name=\"twitter:data1\" content=\"Jeanette\" \/>\n\t<meta name=\"twitter:label2\" content=\"Tiempo de lectura\" \/>\n\t<meta name=\"twitter:data2\" content=\"5 minutos\" \/>\n<script type=\"application\/ld+json\" class=\"yoast-schema-graph\">{\"@context\":\"https:\\\/\\\/schema.org\",\"@graph\":[{\"@type\":\"Article\",\"@id\":\"https:\\\/\\\/www.eldiario.net\\\/portal\\\/2024\\\/08\\\/03\\\/reynaldo-pacheco-dara-vida-al-cantante-de-nectar\\\/#article\",\"isPartOf\":{\"@id\":\"https:\\\/\\\/www.eldiario.net\\\/portal\\\/2024\\\/08\\\/03\\\/reynaldo-pacheco-dara-vida-al-cantante-de-nectar\\\/\"},\"author\":{\"name\":\"Jeanette\",\"@id\":\"https:\\\/\\\/www.eldiario.net\\\/portal\\\/#\\\/schema\\\/person\\\/f46445640444750d7d753ccd04ae01b7\"},\"headline\":\"Reynaldo Pacheco dar\u00e1 vida al cantante de N\u00e9ctar\",\"datePublished\":\"2024-08-03T10:19:51+00:00\",\"mainEntityOfPage\":{\"@id\":\"https:\\\/\\\/www.eldiario.net\\\/portal\\\/2024\\\/08\\\/03\\\/reynaldo-pacheco-dara-vida-al-cantante-de-nectar\\\/\"},\"wordCount\":1103,\"commentCount\":0,\"publisher\":{\"@id\":\"https:\\\/\\\/www.eldiario.net\\\/portal\\\/#organization\"},\"image\":{\"@id\":\"https:\\\/\\\/www.eldiario.net\\\/portal\\\/2024\\\/08\\\/03\\\/reynaldo-pacheco-dara-vida-al-cantante-de-nectar\\\/#primaryimage\"},\"thumbnailUrl\":\"https:\\\/\\\/www.eldiario.net\\\/portal\\\/wp-content\\\/uploads\\\/2024\\\/08\\\/1-PRINCIPAL-1.jpg\",\"articleSection\":[\"La Gu\u00eda\"],\"inLanguage\":\"es\",\"potentialAction\":[{\"@type\":\"CommentAction\",\"name\":\"Comment\",\"target\":[\"https:\\\/\\\/www.eldiario.net\\\/portal\\\/2024\\\/08\\\/03\\\/reynaldo-pacheco-dara-vida-al-cantante-de-nectar\\\/#respond\"]}]},{\"@type\":\"WebPage\",\"@id\":\"https:\\\/\\\/www.eldiario.net\\\/portal\\\/2024\\\/08\\\/03\\\/reynaldo-pacheco-dara-vida-al-cantante-de-nectar\\\/\",\"url\":\"https:\\\/\\\/www.eldiario.net\\\/portal\\\/2024\\\/08\\\/03\\\/reynaldo-pacheco-dara-vida-al-cantante-de-nectar\\\/\",\"name\":\"Reynaldo Pacheco dar\u00e1 vida al cantante de N\u00e9ctar - El Diario - Bolivia\",\"isPartOf\":{\"@id\":\"https:\\\/\\\/www.eldiario.net\\\/portal\\\/#website\"},\"primaryImageOfPage\":{\"@id\":\"https:\\\/\\\/www.eldiario.net\\\/portal\\\/2024\\\/08\\\/03\\\/reynaldo-pacheco-dara-vida-al-cantante-de-nectar\\\/#primaryimage\"},\"image\":{\"@id\":\"https:\\\/\\\/www.eldiario.net\\\/portal\\\/2024\\\/08\\\/03\\\/reynaldo-pacheco-dara-vida-al-cantante-de-nectar\\\/#primaryimage\"},\"thumbnailUrl\":\"https:\\\/\\\/www.eldiario.net\\\/portal\\\/wp-content\\\/uploads\\\/2024\\\/08\\\/1-PRINCIPAL-1.jpg\",\"datePublished\":\"2024-08-03T10:19:51+00:00\",\"breadcrumb\":{\"@id\":\"https:\\\/\\\/www.eldiario.net\\\/portal\\\/2024\\\/08\\\/03\\\/reynaldo-pacheco-dara-vida-al-cantante-de-nectar\\\/#breadcrumb\"},\"inLanguage\":\"es\",\"potentialAction\":[{\"@type\":\"ReadAction\",\"target\":[\"https:\\\/\\\/www.eldiario.net\\\/portal\\\/2024\\\/08\\\/03\\\/reynaldo-pacheco-dara-vida-al-cantante-de-nectar\\\/\"]}]},{\"@type\":\"ImageObject\",\"inLanguage\":\"es\",\"@id\":\"https:\\\/\\\/www.eldiario.net\\\/portal\\\/2024\\\/08\\\/03\\\/reynaldo-pacheco-dara-vida-al-cantante-de-nectar\\\/#primaryimage\",\"url\":\"https:\\\/\\\/www.eldiario.net\\\/portal\\\/wp-content\\\/uploads\\\/2024\\\/08\\\/1-PRINCIPAL-1.jpg\",\"contentUrl\":\"https:\\\/\\\/www.eldiario.net\\\/portal\\\/wp-content\\\/uploads\\\/2024\\\/08\\\/1-PRINCIPAL-1.jpg\",\"width\":1200,\"height\":673},{\"@type\":\"BreadcrumbList\",\"@id\":\"https:\\\/\\\/www.eldiario.net\\\/portal\\\/2024\\\/08\\\/03\\\/reynaldo-pacheco-dara-vida-al-cantante-de-nectar\\\/#breadcrumb\",\"itemListElement\":[{\"@type\":\"ListItem\",\"position\":1,\"name\":\"Portada\",\"item\":\"https:\\\/\\\/www.eldiario.net\\\/portal\\\/\"},{\"@type\":\"ListItem\",\"position\":2,\"name\":\"Reynaldo Pacheco dar\u00e1 vida al cantante de N\u00e9ctar\"}]},{\"@type\":\"WebSite\",\"@id\":\"https:\\\/\\\/www.eldiario.net\\\/portal\\\/#website\",\"url\":\"https:\\\/\\\/www.eldiario.net\\\/portal\\\/\",\"name\":\"El Diario - Decano de la prensa nacional\",\"description\":\"El Diario - Decano de la prensa nacional\",\"publisher\":{\"@id\":\"https:\\\/\\\/www.eldiario.net\\\/portal\\\/#organization\"},\"potentialAction\":[{\"@type\":\"SearchAction\",\"target\":{\"@type\":\"EntryPoint\",\"urlTemplate\":\"https:\\\/\\\/www.eldiario.net\\\/portal\\\/?s={search_term_string}\"},\"query-input\":{\"@type\":\"PropertyValueSpecification\",\"valueRequired\":true,\"valueName\":\"search_term_string\"}}],\"inLanguage\":\"es\"},{\"@type\":\"Organization\",\"@id\":\"https:\\\/\\\/www.eldiario.net\\\/portal\\\/#organization\",\"name\":\"El Diario - Decano de la prensa nacional\",\"url\":\"https:\\\/\\\/www.eldiario.net\\\/portal\\\/\",\"logo\":{\"@type\":\"ImageObject\",\"inLanguage\":\"es\",\"@id\":\"https:\\\/\\\/www.eldiario.net\\\/portal\\\/#\\\/schema\\\/logo\\\/image\\\/\",\"url\":\"https:\\\/\\\/www.eldiario.net\\\/portal\\\/wp-content\\\/uploads\\\/2023\\\/07\\\/logo_ED.jpg\",\"contentUrl\":\"https:\\\/\\\/www.eldiario.net\\\/portal\\\/wp-content\\\/uploads\\\/2023\\\/07\\\/logo_ED.jpg\",\"width\":272,\"height\":52,\"caption\":\"El Diario - Decano de la prensa nacional\"},\"image\":{\"@id\":\"https:\\\/\\\/www.eldiario.net\\\/portal\\\/#\\\/schema\\\/logo\\\/image\\\/\"},\"sameAs\":[\"https:\\\/\\\/www.facebook.com\\\/eldiario.bolivia\\\/\",\"https:\\\/\\\/x.com\\\/eldiario_net\"]},{\"@type\":\"Person\",\"@id\":\"https:\\\/\\\/www.eldiario.net\\\/portal\\\/#\\\/schema\\\/person\\\/f46445640444750d7d753ccd04ae01b7\",\"name\":\"Jeanette\",\"image\":{\"@type\":\"ImageObject\",\"inLanguage\":\"es\",\"@id\":\"https:\\\/\\\/secure.gravatar.com\\\/avatar\\\/3ea2118a5f7dad2b7138b1187a6b7ee55f160b9968b66013c3a3ef39dd7e5798?s=96&d=mm&r=g\",\"url\":\"https:\\\/\\\/secure.gravatar.com\\\/avatar\\\/3ea2118a5f7dad2b7138b1187a6b7ee55f160b9968b66013c3a3ef39dd7e5798?s=96&d=mm&r=g\",\"contentUrl\":\"https:\\\/\\\/secure.gravatar.com\\\/avatar\\\/3ea2118a5f7dad2b7138b1187a6b7ee55f160b9968b66013c3a3ef39dd7e5798?s=96&d=mm&r=g\",\"caption\":\"Jeanette\"},\"sameAs\":[\"https:\\\/\\\/www.eldiario.net\\\/portal\"],\"url\":\"https:\\\/\\\/www.eldiario.net\\\/portal\\\/author\\\/jeanette\\\/\"}]}<\/script>\n<!-- \/ Yoast SEO plugin. -->","yoast_head_json":{"title":"Reynaldo Pacheco dar\u00e1 vida al cantante de N\u00e9ctar - El Diario - Bolivia","robots":{"index":"index","follow":"follow","max-snippet":"max-snippet:-1","max-image-preview":"max-image-preview:large","max-video-preview":"max-video-preview:-1"},"canonical":"https:\/\/www.eldiario.net\/portal\/2024\/08\/03\/reynaldo-pacheco-dara-vida-al-cantante-de-nectar\/","og_locale":"es_ES","og_type":"article","og_title":"Reynaldo Pacheco dar\u00e1 vida al cantante de N\u00e9ctar - El Diario - Bolivia","og_description":"El reconocido actor boliviano Reynaldo Pacheco ha llegado desde Hollywood a Per\u00fa y Argentina para asumir uno de los roles m\u00e1s complejos y desafiantes de su carrera: Johnny Orosco, el cantante del famoso y pol\u00e9mico grupo N\u00e9ctar. Este es el nuevo proyecto de Del Barrio Producciones, que comenz\u00f3 las grabaciones de \u00abTu nombre y el [&hellip;]","og_url":"https:\/\/www.eldiario.net\/portal\/2024\/08\/03\/reynaldo-pacheco-dara-vida-al-cantante-de-nectar\/","og_site_name":"El Diario - Bolivia","article_publisher":"https:\/\/www.facebook.com\/eldiario.bolivia\/","article_published_time":"2024-08-03T10:19:51+00:00","og_image":[{"width":1200,"height":673,"url":"https:\/\/www.eldiario.net\/portal\/wp-content\/uploads\/2024\/08\/1-PRINCIPAL-1.jpg","type":"image\/jpeg"}],"author":"Jeanette","twitter_card":"summary_large_image","twitter_creator":"@eldiario_net","twitter_site":"@eldiario_net","twitter_misc":{"Escrito por":"Jeanette","Tiempo de lectura":"5 minutos"},"schema":{"@context":"https:\/\/schema.org","@graph":[{"@type":"Article","@id":"https:\/\/www.eldiario.net\/portal\/2024\/08\/03\/reynaldo-pacheco-dara-vida-al-cantante-de-nectar\/#article","isPartOf":{"@id":"https:\/\/www.eldiario.net\/portal\/2024\/08\/03\/reynaldo-pacheco-dara-vida-al-cantante-de-nectar\/"},"author":{"name":"Jeanette","@id":"https:\/\/www.eldiario.net\/portal\/#\/schema\/person\/f46445640444750d7d753ccd04ae01b7"},"headline":"Reynaldo Pacheco dar\u00e1 vida al cantante de N\u00e9ctar","datePublished":"2024-08-03T10:19:51+00:00","mainEntityOfPage":{"@id":"https:\/\/www.eldiario.net\/portal\/2024\/08\/03\/reynaldo-pacheco-dara-vida-al-cantante-de-nectar\/"},"wordCount":1103,"commentCount":0,"publisher":{"@id":"https:\/\/www.eldiario.net\/portal\/#organization"},"image":{"@id":"https:\/\/www.eldiario.net\/portal\/2024\/08\/03\/reynaldo-pacheco-dara-vida-al-cantante-de-nectar\/#primaryimage"},"thumbnailUrl":"https:\/\/www.eldiario.net\/portal\/wp-content\/uploads\/2024\/08\/1-PRINCIPAL-1.jpg","articleSection":["La Gu\u00eda"],"inLanguage":"es","potentialAction":[{"@type":"CommentAction","name":"Comment","target":["https:\/\/www.eldiario.net\/portal\/2024\/08\/03\/reynaldo-pacheco-dara-vida-al-cantante-de-nectar\/#respond"]}]},{"@type":"WebPage","@id":"https:\/\/www.eldiario.net\/portal\/2024\/08\/03\/reynaldo-pacheco-dara-vida-al-cantante-de-nectar\/","url":"https:\/\/www.eldiario.net\/portal\/2024\/08\/03\/reynaldo-pacheco-dara-vida-al-cantante-de-nectar\/","name":"Reynaldo Pacheco dar\u00e1 vida al cantante de N\u00e9ctar - El Diario - Bolivia","isPartOf":{"@id":"https:\/\/www.eldiario.net\/portal\/#website"},"primaryImageOfPage":{"@id":"https:\/\/www.eldiario.net\/portal\/2024\/08\/03\/reynaldo-pacheco-dara-vida-al-cantante-de-nectar\/#primaryimage"},"image":{"@id":"https:\/\/www.eldiario.net\/portal\/2024\/08\/03\/reynaldo-pacheco-dara-vida-al-cantante-de-nectar\/#primaryimage"},"thumbnailUrl":"https:\/\/www.eldiario.net\/portal\/wp-content\/uploads\/2024\/08\/1-PRINCIPAL-1.jpg","datePublished":"2024-08-03T10:19:51+00:00","breadcrumb":{"@id":"https:\/\/www.eldiario.net\/portal\/2024\/08\/03\/reynaldo-pacheco-dara-vida-al-cantante-de-nectar\/#breadcrumb"},"inLanguage":"es","potentialAction":[{"@type":"ReadAction","target":["https:\/\/www.eldiario.net\/portal\/2024\/08\/03\/reynaldo-pacheco-dara-vida-al-cantante-de-nectar\/"]}]},{"@type":"ImageObject","inLanguage":"es","@id":"https:\/\/www.eldiario.net\/portal\/2024\/08\/03\/reynaldo-pacheco-dara-vida-al-cantante-de-nectar\/#primaryimage","url":"https:\/\/www.eldiario.net\/portal\/wp-content\/uploads\/2024\/08\/1-PRINCIPAL-1.jpg","contentUrl":"https:\/\/www.eldiario.net\/portal\/wp-content\/uploads\/2024\/08\/1-PRINCIPAL-1.jpg","width":1200,"height":673},{"@type":"BreadcrumbList","@id":"https:\/\/www.eldiario.net\/portal\/2024\/08\/03\/reynaldo-pacheco-dara-vida-al-cantante-de-nectar\/#breadcrumb","itemListElement":[{"@type":"ListItem","position":1,"name":"Portada","item":"https:\/\/www.eldiario.net\/portal\/"},{"@type":"ListItem","position":2,"name":"Reynaldo Pacheco dar\u00e1 vida al cantante de N\u00e9ctar"}]},{"@type":"WebSite","@id":"https:\/\/www.eldiario.net\/portal\/#website","url":"https:\/\/www.eldiario.net\/portal\/","name":"El Diario - Decano de la prensa nacional","description":"El Diario - Decano de la prensa nacional","publisher":{"@id":"https:\/\/www.eldiario.net\/portal\/#organization"},"potentialAction":[{"@type":"SearchAction","target":{"@type":"EntryPoint","urlTemplate":"https:\/\/www.eldiario.net\/portal\/?s={search_term_string}"},"query-input":{"@type":"PropertyValueSpecification","valueRequired":true,"valueName":"search_term_string"}}],"inLanguage":"es"},{"@type":"Organization","@id":"https:\/\/www.eldiario.net\/portal\/#organization","name":"El Diario - Decano de la prensa nacional","url":"https:\/\/www.eldiario.net\/portal\/","logo":{"@type":"ImageObject","inLanguage":"es","@id":"https:\/\/www.eldiario.net\/portal\/#\/schema\/logo\/image\/","url":"https:\/\/www.eldiario.net\/portal\/wp-content\/uploads\/2023\/07\/logo_ED.jpg","contentUrl":"https:\/\/www.eldiario.net\/portal\/wp-content\/uploads\/2023\/07\/logo_ED.jpg","width":272,"height":52,"caption":"El Diario - Decano de la prensa nacional"},"image":{"@id":"https:\/\/www.eldiario.net\/portal\/#\/schema\/logo\/image\/"},"sameAs":["https:\/\/www.facebook.com\/eldiario.bolivia\/","https:\/\/x.com\/eldiario_net"]},{"@type":"Person","@id":"https:\/\/www.eldiario.net\/portal\/#\/schema\/person\/f46445640444750d7d753ccd04ae01b7","name":"Jeanette","image":{"@type":"ImageObject","inLanguage":"es","@id":"https:\/\/secure.gravatar.com\/avatar\/3ea2118a5f7dad2b7138b1187a6b7ee55f160b9968b66013c3a3ef39dd7e5798?s=96&d=mm&r=g","url":"https:\/\/secure.gravatar.com\/avatar\/3ea2118a5f7dad2b7138b1187a6b7ee55f160b9968b66013c3a3ef39dd7e5798?s=96&d=mm&r=g","contentUrl":"https:\/\/secure.gravatar.com\/avatar\/3ea2118a5f7dad2b7138b1187a6b7ee55f160b9968b66013c3a3ef39dd7e5798?s=96&d=mm&r=g","caption":"Jeanette"},"sameAs":["https:\/\/www.eldiario.net\/portal"],"url":"https:\/\/www.eldiario.net\/portal\/author\/jeanette\/"}]}},"_links":{"self":[{"href":"https:\/\/www.eldiario.net\/portal\/wp-json\/wp\/v2\/posts\/238347","targetHints":{"allow":["GET"]}}],"collection":[{"href":"https:\/\/www.eldiario.net\/portal\/wp-json\/wp\/v2\/posts"}],"about":[{"href":"https:\/\/www.eldiario.net\/portal\/wp-json\/wp\/v2\/types\/post"}],"author":[{"embeddable":true,"href":"https:\/\/www.eldiario.net\/portal\/wp-json\/wp\/v2\/users\/1"}],"replies":[{"embeddable":true,"href":"https:\/\/www.eldiario.net\/portal\/wp-json\/wp\/v2\/comments?post=238347"}],"version-history":[{"count":1,"href":"https:\/\/www.eldiario.net\/portal\/wp-json\/wp\/v2\/posts\/238347\/revisions"}],"predecessor-version":[{"id":238353,"href":"https:\/\/www.eldiario.net\/portal\/wp-json\/wp\/v2\/posts\/238347\/revisions\/238353"}],"wp:featuredmedia":[{"embeddable":true,"href":"https:\/\/www.eldiario.net\/portal\/wp-json\/wp\/v2\/media\/238348"}],"wp:attachment":[{"href":"https:\/\/www.eldiario.net\/portal\/wp-json\/wp\/v2\/media?parent=238347"}],"wp:term":[{"taxonomy":"category","embeddable":true,"href":"https:\/\/www.eldiario.net\/portal\/wp-json\/wp\/v2\/categories?post=238347"},{"taxonomy":"post_tag","embeddable":true,"href":"https:\/\/www.eldiario.net\/portal\/wp-json\/wp\/v2\/tags?post=238347"}],"curies":[{"name":"wp","href":"https:\/\/api.w.org\/{rel}","templated":true}]}}