{"id":238332,"date":"2024-08-03T06:11:20","date_gmt":"2024-08-03T10:11:20","guid":{"rendered":"https:\/\/www.eldiario.net\/portal\/?p=238332"},"modified":"2024-08-03T06:11:20","modified_gmt":"2024-08-03T10:11:20","slug":"el-renacer-de-la-mutual","status":"publish","type":"post","link":"https:\/\/www.eldiario.net\/portal\/2024\/08\/03\/el-renacer-de-la-mutual\/","title":{"rendered":"EL RENACER  DE LA MUTUAL"},"content":{"rendered":"<p>Alejandro David Morales Patzi, nacido el 16 de julio de 1944 en La Paz, gran centrocampista de los principales equipos de esta ciudad en los a\u00f1os \u201970,su auge lo tuvo en The Strongest, fue elegido por sus colegas, exfutbolistas profesionales, como representante de la Mutual, durante los pr\u00f3ximos dos a\u00f1os.<br \/>\nCon la simpat\u00eda que lo caracteriza, David, recomienda a DEPORTES EL DIARIO, que el t\u00e9rmino correcto para considerarlos es \u201cexjugador profesional de f\u00fatbol\u201d, ese es el \u00fanico requisito para acceder a esta fuente informativa.<br \/>\n\u201cLa expectativa mayor es la de buscar siempre el crecimiento, el fortalecimiento y la jerarquizaci\u00f3n de nuestra instituci\u00f3n que est\u00e1 muy venida a menos. Penosamente en La Paz nosotros tenemos una carencia casi absoluta de jugadores, la mayor parte de los que juegan hoy por La Paz, son procedentes de Santa Cruz, Cochabamba o Tarija. Los mismos que en el transcurso del tiempo, cuando se va terminando su misi\u00f3n no se quedan en esta ciudad para continuar con este proceso\u201d, remarca al iniciar el di\u00e1logo.<br \/>\nLa directiva 2024-2026 de la Mutual de Exjugadores del F\u00fatbol Profesional de La Paz, encabezada por David Morales y Juan Carlos Artieda, asegura que el primer paso est\u00e1 cumplido al reunir a la mayor parte de los exfutbolistas profesionales de La Paz, donde est\u00e1n figuras consulares como: Eduardo Angulo, Jaime Pradel, Uber Acosta, Jaime Rimassa, Carlos Artieda, Ricardo Fontana, en fin, todos aquellos que jugaron por los clubes profesionales pace\u00f1os.<br \/>\n\u201cAntes, con todos ellos nos encontr\u00e1bamos de casualidad por la calle. Un sabio dirigente nos dijo que \u00e9ramos muy indiferentes al no regresar a nuestra instituci\u00f3n. Hemos logrado inscribir a m\u00e1s de veinte exjugadores de primera l\u00ednea del f\u00fatbol pace\u00f1o en la Mutual\u201d, cuenta el entrevistado. Luego asegura que esta acci\u00f3n \u201cest\u00e1 colada\u201d a la incorporaci\u00f3n de muchos \u201cchicos\u201d que han dejado la actividad profesional no desde hace mucho tiempo.<br \/>\n\u201cTratamos de conjuncionar un buen equipo en la composici\u00f3n de la Mutual, lo que nos lleva a formar un buen equipo para participar en los torneos nacionales y locales\u201d, remarca.<br \/>\nDe los 120 exfutbolistas profesionales de La Paz, inscritos en la Mutual, la mayor parte ya cumplieron 70 a\u00f1os de edad, sin embargo, en el \u00faltimo tiempo, se unieron a la instituci\u00f3n algunos de hasta 35 a\u00f1os adelante.<br \/>\n\u201cEl tiempo es muy cruel con el f\u00fatbol. Las consecuencias de los esfuerzos y los desgastes se van notado ahora\u201d, reflexiona Morales, quien a sus 70 a\u00f1os, sigue practicando su deporte.<br \/>\nDel f\u00fatbol de ayer y el de hoy en Bolivia, asegura: \u201csiempre decimos los tiempos de antes han sido mejores, pero creo que nunca mejor aplicados que en esta \u00e9poca. Duele ver el tratamiento que le dan los mismos futbolistas a nuestro f\u00fatbol, no tenemos futbolistas de jerarqu\u00eda. Ustedes los periodistas deportivos habr\u00e1n podido advertir la poca generaci\u00f3n de caudillos que tenemos, no hay l\u00edderes en nuestros equipos.\u201d, lamenta.<br \/>\nLuego dice que el f\u00fatbol boliviano estructuralmente est\u00e1 mal en Bolivia. \u201cNo se puede pensar en ni\u00f1os de 8 o 10 a\u00f1os, trabajando, tienen que estar jugando y el f\u00fatbol es un juego. Los ni\u00f1os son como esponjas que reciben toda clase de ense\u00f1anzas. Penosamente en el transcurso del tiempo vamos viendo ese tipo de dificultades. Llegas hasta determinada categor\u00eda en el f\u00fatbol y no tienes a d\u00f3nde m\u00e1s ir\u201d, sentencia.<br \/>\nEl entrevistado est\u00e1 seguro que la creaci\u00f3n de la desaparecida Liga del F\u00fatbol Profesional Boliviano, le hizo da\u00f1o al deporte y recuerda que muchos equipos (de La Paz) desaparecieron porque antes hab\u00eda 11 o 12 de los cuales, sal\u00edan al menos 6 o 7 jugadores para la Selecci\u00f3n de Bolivia.<br \/>\n\u201cEsto tiene que cambiar. Antes ten\u00edamos la quinta divisi\u00f3n, la cuarta, la tercera, la segunda y la primera. Hab\u00eda inter campeonatos para todas esas divisiones, ahora la mayor parte de los ni\u00f1os (que tienen posibilidades econ\u00f3micas) est\u00e1n en escuelas particulares de f\u00fatbol y claro, un padre est\u00e1 consciente de las cualidades que tiene su hijo hasta que llega a la edad de definir su futuro. No se puede seguir pensando en un chico que a los 16 o 17 a\u00f1os no termia a\u00fan de formarse. Entonces que piensa, el padre: \u2018hijo ded\u00edcate a otra actividad, aqu\u00ed no tienes futuro, antes que condiciones\u2019. Se tiene que volver a generar los campeonatos interdepartamentales que siempre han dado buenos resultados\u201d, insiste.<br \/>\nDel nuevo estratega de selecciones nacionales, \u00d3scar Villegas, afirma que es un hombre que trabaja mucho y tiene mucho inter\u00e9s en formar nuevas generaciones para bien de nuestro f\u00fatbol y le augura el mayor de los \u00e9xitos.<br \/>\nCree que el para el desarrollo del f\u00fatbol boliviano, es necesario que todas las entidades relacionadas se unan y aporten. En el caso de la Mutual de Exjugadores, vale la gran experiencia de todos ellos.<br \/>\nEl representante de la Mutual de Exfutbolistas Profesionales de La Paz, tambi\u00e9n lament\u00f3 el deceso de Luis Galarza, gran arquero boliviano.<br \/>\n\u201cEn el caso espec\u00edfico de los exfutbolistas solo contamos con el Seguro Universal SUS, al igual que todos los bolivianos. Pero tenemos el ejemplo m\u00e1s cercano de Luis Galarza, que tuvo la desgracia de antes de fallecer, llegar a una situaci\u00f3n de no contar con un seguro\u201d, menciona.<br \/>\n\u201cEl primer paso que tenemos planeado en este sentido es el buscar el apoyo de profesionales m\u00e9dicos que tambi\u00e9n fueron jugadores de f\u00fatbol, como Dr. Ra\u00fal Alberto Morales, Jhonny Pradel, Dr. Fernando Zalles, que en alg\u00fan momento ofrecieron su ayuda para prestar por lo menos la atenci\u00f3n primaria a los exfutbolistas. Luego iremos viendo c\u00f3mo- con la Federaci\u00f3n Boliviana de F\u00fatbol- crear un nexo de manera directa para que pueda colaborar con nuestros asociados\u201d, agrega.<br \/>\nLa actual directiva de la Mutual de Exfutbolistas Profesionales de La Paz, tiene muchos planes, entre ellos construir una peque\u00f1o complejo deportivo en los 800 mts 2 de terreno con que cuentan en Achocalla, adem\u00e1s de modernizar su sistema administrativo, incorpor\u00e1ndolo a la era digital.<br \/>\n\u201cLa constancia y la fe en el futuro es la clave del \u00e9xito. Las cosas tienen que cambiar para bien y tenemos que poner nuestro mayor esfuerzo, todos unidos en favor de los ni\u00f1os que son los due\u00f1os del futuro del f\u00fatbol pace\u00f1o\u201d, concluye.<\/p>\n<p><img loading=\"lazy\" decoding=\"async\" class=\"alignleft size-thumbnail wp-image-238333\" src=\"https:\/\/www.eldiario.net\/portal\/wp-content\/uploads\/2024\/08\/FOTO-2-150x150.jpg\" alt=\"\" width=\"150\" height=\"150\" \/><strong>Las frases de David:<\/strong><\/p>\n<p>&#8211; Me dicen \u201cCh\u2019ulla\u201d (impar en quechua), porque cuando era estudiante de colegio ten\u00eda un amigo flaquito, igual que yo. Luego mi amigo se fue a estudiar a otro establecimiento y me qued\u00e9 con esa chapa.<br \/>\n&#8211; No tuve la oportunidad de conocer personalmente a \u00d3scar Villegas, pero como Mutual, buscaremos un acercamiento para poder contribuir en lo que se pueda a su trabajo.<br \/>\n&#8211; El tiempo es cruel con los futbolistas, pagamos factura por el esfuerzo f\u00edsico que hacemos desde muy j\u00f3venes.<br \/>\n&#8211; La Paz tiene que recuperar su condici\u00f3n de semillero de futbolistas para Bolivia.<br \/>\n&#8211; Todas las instituciones relacionadas a este deporte, deben unirse para el esperado desarrollo de nuestro f\u00fatbol.<\/p>\n<p><em><strong>GHILKA SANABRIA<\/strong><\/em><\/p>\n<p><img loading=\"lazy\" decoding=\"async\" class=\"aligncenter wp-image-238335 size-full\" src=\"https:\/\/www.eldiario.net\/portal\/wp-content\/uploads\/2024\/08\/FOTO-1B.jpg\" alt=\"\" width=\"1089\" height=\"1384\" srcset=\"https:\/\/www.eldiario.net\/portal\/wp-content\/uploads\/2024\/08\/FOTO-1B.jpg 1089w, https:\/\/www.eldiario.net\/portal\/wp-content\/uploads\/2024\/08\/FOTO-1B-236x300.jpg 236w, https:\/\/www.eldiario.net\/portal\/wp-content\/uploads\/2024\/08\/FOTO-1B-806x1024.jpg 806w, https:\/\/www.eldiario.net\/portal\/wp-content\/uploads\/2024\/08\/FOTO-1B-768x976.jpg 768w, https:\/\/www.eldiario.net\/portal\/wp-content\/uploads\/2024\/08\/FOTO-1B-330x420.jpg 330w, https:\/\/www.eldiario.net\/portal\/wp-content\/uploads\/2024\/08\/FOTO-1B-696x885.jpg 696w, https:\/\/www.eldiario.net\/portal\/wp-content\/uploads\/2024\/08\/FOTO-1B-1068x1357.jpg 1068w\" sizes=\"auto, (max-width: 1089px) 100vw, 1089px\" \/><\/p>\n","protected":false},"excerpt":{"rendered":"<p>Alejandro David Morales Patzi, nacido el 16 de julio de 1944 en La Paz, gran centrocampista de los principales equipos de esta ciudad en los a\u00f1os \u201970,su auge lo tuvo en The Strongest, fue elegido por sus colegas, exfutbolistas profesionales, como representante de la Mutual, durante los pr\u00f3ximos dos a\u00f1os. Con la simpat\u00eda que lo [&hellip;]<\/p>\n","protected":false},"author":1,"featured_media":238334,"comment_status":"open","ping_status":"open","sticky":false,"template":"","format":"standard","meta":{"_acf_changed":false,"footnotes":""},"categories":[6],"tags":[],"class_list":["post-238332","post","type-post","status-publish","format-standard","has-post-thumbnail","category-deportes"],"acf":{"antetitulo":"David Morales  "},"yoast_head":"<!-- This site is optimized with the Yoast SEO plugin v28.4 - https:\/\/yoast.com\/product\/yoast-seo-wordpress\/ -->\n<title>EL RENACER DE LA MUTUAL - El Diario - Bolivia<\/title>\n<meta name=\"robots\" content=\"index, follow, max-snippet:-1, max-image-preview:large, max-video-preview:-1\" \/>\n<link rel=\"canonical\" href=\"https:\/\/www.eldiario.net\/portal\/2024\/08\/03\/el-renacer-de-la-mutual\/\" \/>\n<meta property=\"og:locale\" content=\"es_ES\" \/>\n<meta property=\"og:type\" content=\"article\" \/>\n<meta property=\"og:title\" content=\"EL RENACER DE LA MUTUAL - El Diario - Bolivia\" \/>\n<meta property=\"og:description\" content=\"Alejandro David Morales Patzi, nacido el 16 de julio de 1944 en La Paz, gran centrocampista de los principales equipos de esta ciudad en los a\u00f1os \u201970,su auge lo tuvo en The Strongest, fue elegido por sus colegas, exfutbolistas profesionales, como representante de la Mutual, durante los pr\u00f3ximos dos a\u00f1os. Con la simpat\u00eda que lo [&hellip;]\" \/>\n<meta property=\"og:url\" content=\"https:\/\/www.eldiario.net\/portal\/2024\/08\/03\/el-renacer-de-la-mutual\/\" \/>\n<meta property=\"og:site_name\" content=\"El Diario - Bolivia\" \/>\n<meta property=\"article:publisher\" content=\"https:\/\/www.facebook.com\/eldiario.bolivia\/\" \/>\n<meta property=\"article:published_time\" content=\"2024-08-03T10:11:20+00:00\" \/>\n<meta property=\"og:image\" content=\"https:\/\/www.eldiario.net\/portal\/wp-content\/uploads\/2024\/08\/FOTO-1A.jpg\" \/>\n\t<meta property=\"og:image:width\" content=\"1124\" \/>\n\t<meta property=\"og:image:height\" content=\"750\" \/>\n\t<meta property=\"og:image:type\" content=\"image\/jpeg\" \/>\n<meta name=\"author\" content=\"Jeanette\" \/>\n<meta name=\"twitter:card\" content=\"summary_large_image\" \/>\n<meta name=\"twitter:creator\" content=\"@eldiario_net\" \/>\n<meta name=\"twitter:site\" content=\"@eldiario_net\" \/>\n<meta name=\"twitter:label1\" content=\"Escrito por\" \/>\n\t<meta name=\"twitter:data1\" content=\"Jeanette\" \/>\n\t<meta name=\"twitter:label2\" content=\"Tiempo de lectura\" \/>\n\t<meta name=\"twitter:data2\" content=\"6 minutos\" \/>\n<script type=\"application\/ld+json\" class=\"yoast-schema-graph\">{\"@context\":\"https:\\\/\\\/schema.org\",\"@graph\":[{\"@type\":\"Article\",\"@id\":\"https:\\\/\\\/www.eldiario.net\\\/portal\\\/2024\\\/08\\\/03\\\/el-renacer-de-la-mutual\\\/#article\",\"isPartOf\":{\"@id\":\"https:\\\/\\\/www.eldiario.net\\\/portal\\\/2024\\\/08\\\/03\\\/el-renacer-de-la-mutual\\\/\"},\"author\":{\"name\":\"Jeanette\",\"@id\":\"https:\\\/\\\/www.eldiario.net\\\/portal\\\/#\\\/schema\\\/person\\\/f46445640444750d7d753ccd04ae01b7\"},\"headline\":\"EL RENACER DE LA MUTUAL\",\"datePublished\":\"2024-08-03T10:11:20+00:00\",\"mainEntityOfPage\":{\"@id\":\"https:\\\/\\\/www.eldiario.net\\\/portal\\\/2024\\\/08\\\/03\\\/el-renacer-de-la-mutual\\\/\"},\"wordCount\":1218,\"commentCount\":0,\"publisher\":{\"@id\":\"https:\\\/\\\/www.eldiario.net\\\/portal\\\/#organization\"},\"image\":{\"@id\":\"https:\\\/\\\/www.eldiario.net\\\/portal\\\/2024\\\/08\\\/03\\\/el-renacer-de-la-mutual\\\/#primaryimage\"},\"thumbnailUrl\":\"https:\\\/\\\/www.eldiario.net\\\/portal\\\/wp-content\\\/uploads\\\/2024\\\/08\\\/FOTO-1A.jpg\",\"articleSection\":[\"Deportes\"],\"inLanguage\":\"es\",\"potentialAction\":[{\"@type\":\"CommentAction\",\"name\":\"Comment\",\"target\":[\"https:\\\/\\\/www.eldiario.net\\\/portal\\\/2024\\\/08\\\/03\\\/el-renacer-de-la-mutual\\\/#respond\"]}]},{\"@type\":\"WebPage\",\"@id\":\"https:\\\/\\\/www.eldiario.net\\\/portal\\\/2024\\\/08\\\/03\\\/el-renacer-de-la-mutual\\\/\",\"url\":\"https:\\\/\\\/www.eldiario.net\\\/portal\\\/2024\\\/08\\\/03\\\/el-renacer-de-la-mutual\\\/\",\"name\":\"EL RENACER DE LA MUTUAL - El Diario - Bolivia\",\"isPartOf\":{\"@id\":\"https:\\\/\\\/www.eldiario.net\\\/portal\\\/#website\"},\"primaryImageOfPage\":{\"@id\":\"https:\\\/\\\/www.eldiario.net\\\/portal\\\/2024\\\/08\\\/03\\\/el-renacer-de-la-mutual\\\/#primaryimage\"},\"image\":{\"@id\":\"https:\\\/\\\/www.eldiario.net\\\/portal\\\/2024\\\/08\\\/03\\\/el-renacer-de-la-mutual\\\/#primaryimage\"},\"thumbnailUrl\":\"https:\\\/\\\/www.eldiario.net\\\/portal\\\/wp-content\\\/uploads\\\/2024\\\/08\\\/FOTO-1A.jpg\",\"datePublished\":\"2024-08-03T10:11:20+00:00\",\"breadcrumb\":{\"@id\":\"https:\\\/\\\/www.eldiario.net\\\/portal\\\/2024\\\/08\\\/03\\\/el-renacer-de-la-mutual\\\/#breadcrumb\"},\"inLanguage\":\"es\",\"potentialAction\":[{\"@type\":\"ReadAction\",\"target\":[\"https:\\\/\\\/www.eldiario.net\\\/portal\\\/2024\\\/08\\\/03\\\/el-renacer-de-la-mutual\\\/\"]}]},{\"@type\":\"ImageObject\",\"inLanguage\":\"es\",\"@id\":\"https:\\\/\\\/www.eldiario.net\\\/portal\\\/2024\\\/08\\\/03\\\/el-renacer-de-la-mutual\\\/#primaryimage\",\"url\":\"https:\\\/\\\/www.eldiario.net\\\/portal\\\/wp-content\\\/uploads\\\/2024\\\/08\\\/FOTO-1A.jpg\",\"contentUrl\":\"https:\\\/\\\/www.eldiario.net\\\/portal\\\/wp-content\\\/uploads\\\/2024\\\/08\\\/FOTO-1A.jpg\",\"width\":1124,\"height\":750},{\"@type\":\"BreadcrumbList\",\"@id\":\"https:\\\/\\\/www.eldiario.net\\\/portal\\\/2024\\\/08\\\/03\\\/el-renacer-de-la-mutual\\\/#breadcrumb\",\"itemListElement\":[{\"@type\":\"ListItem\",\"position\":1,\"name\":\"Portada\",\"item\":\"https:\\\/\\\/www.eldiario.net\\\/portal\\\/\"},{\"@type\":\"ListItem\",\"position\":2,\"name\":\"EL RENACER DE LA MUTUAL\"}]},{\"@type\":\"WebSite\",\"@id\":\"https:\\\/\\\/www.eldiario.net\\\/portal\\\/#website\",\"url\":\"https:\\\/\\\/www.eldiario.net\\\/portal\\\/\",\"name\":\"El Diario - Decano de la prensa nacional\",\"description\":\"El Diario - Decano de la prensa nacional\",\"publisher\":{\"@id\":\"https:\\\/\\\/www.eldiario.net\\\/portal\\\/#organization\"},\"potentialAction\":[{\"@type\":\"SearchAction\",\"target\":{\"@type\":\"EntryPoint\",\"urlTemplate\":\"https:\\\/\\\/www.eldiario.net\\\/portal\\\/?s={search_term_string}\"},\"query-input\":{\"@type\":\"PropertyValueSpecification\",\"valueRequired\":true,\"valueName\":\"search_term_string\"}}],\"inLanguage\":\"es\"},{\"@type\":\"Organization\",\"@id\":\"https:\\\/\\\/www.eldiario.net\\\/portal\\\/#organization\",\"name\":\"El Diario - Decano de la prensa nacional\",\"url\":\"https:\\\/\\\/www.eldiario.net\\\/portal\\\/\",\"logo\":{\"@type\":\"ImageObject\",\"inLanguage\":\"es\",\"@id\":\"https:\\\/\\\/www.eldiario.net\\\/portal\\\/#\\\/schema\\\/logo\\\/image\\\/\",\"url\":\"https:\\\/\\\/www.eldiario.net\\\/portal\\\/wp-content\\\/uploads\\\/2023\\\/07\\\/logo_ED.jpg\",\"contentUrl\":\"https:\\\/\\\/www.eldiario.net\\\/portal\\\/wp-content\\\/uploads\\\/2023\\\/07\\\/logo_ED.jpg\",\"width\":272,\"height\":52,\"caption\":\"El Diario - Decano de la prensa nacional\"},\"image\":{\"@id\":\"https:\\\/\\\/www.eldiario.net\\\/portal\\\/#\\\/schema\\\/logo\\\/image\\\/\"},\"sameAs\":[\"https:\\\/\\\/www.facebook.com\\\/eldiario.bolivia\\\/\",\"https:\\\/\\\/x.com\\\/eldiario_net\"]},{\"@type\":\"Person\",\"@id\":\"https:\\\/\\\/www.eldiario.net\\\/portal\\\/#\\\/schema\\\/person\\\/f46445640444750d7d753ccd04ae01b7\",\"name\":\"Jeanette\",\"image\":{\"@type\":\"ImageObject\",\"inLanguage\":\"es\",\"@id\":\"https:\\\/\\\/secure.gravatar.com\\\/avatar\\\/3ea2118a5f7dad2b7138b1187a6b7ee55f160b9968b66013c3a3ef39dd7e5798?s=96&d=mm&r=g\",\"url\":\"https:\\\/\\\/secure.gravatar.com\\\/avatar\\\/3ea2118a5f7dad2b7138b1187a6b7ee55f160b9968b66013c3a3ef39dd7e5798?s=96&d=mm&r=g\",\"contentUrl\":\"https:\\\/\\\/secure.gravatar.com\\\/avatar\\\/3ea2118a5f7dad2b7138b1187a6b7ee55f160b9968b66013c3a3ef39dd7e5798?s=96&d=mm&r=g\",\"caption\":\"Jeanette\"},\"sameAs\":[\"https:\\\/\\\/www.eldiario.net\\\/portal\"],\"url\":\"https:\\\/\\\/www.eldiario.net\\\/portal\\\/author\\\/jeanette\\\/\"}]}<\/script>\n<!-- \/ Yoast SEO plugin. -->","yoast_head_json":{"title":"EL RENACER DE LA MUTUAL - El Diario - Bolivia","robots":{"index":"index","follow":"follow","max-snippet":"max-snippet:-1","max-image-preview":"max-image-preview:large","max-video-preview":"max-video-preview:-1"},"canonical":"https:\/\/www.eldiario.net\/portal\/2024\/08\/03\/el-renacer-de-la-mutual\/","og_locale":"es_ES","og_type":"article","og_title":"EL RENACER DE LA MUTUAL - El Diario - Bolivia","og_description":"Alejandro David Morales Patzi, nacido el 16 de julio de 1944 en La Paz, gran centrocampista de los principales equipos de esta ciudad en los a\u00f1os \u201970,su auge lo tuvo en The Strongest, fue elegido por sus colegas, exfutbolistas profesionales, como representante de la Mutual, durante los pr\u00f3ximos dos a\u00f1os. Con la simpat\u00eda que lo [&hellip;]","og_url":"https:\/\/www.eldiario.net\/portal\/2024\/08\/03\/el-renacer-de-la-mutual\/","og_site_name":"El Diario - Bolivia","article_publisher":"https:\/\/www.facebook.com\/eldiario.bolivia\/","article_published_time":"2024-08-03T10:11:20+00:00","og_image":[{"width":1124,"height":750,"url":"https:\/\/www.eldiario.net\/portal\/wp-content\/uploads\/2024\/08\/FOTO-1A.jpg","type":"image\/jpeg"}],"author":"Jeanette","twitter_card":"summary_large_image","twitter_creator":"@eldiario_net","twitter_site":"@eldiario_net","twitter_misc":{"Escrito por":"Jeanette","Tiempo de lectura":"6 minutos"},"schema":{"@context":"https:\/\/schema.org","@graph":[{"@type":"Article","@id":"https:\/\/www.eldiario.net\/portal\/2024\/08\/03\/el-renacer-de-la-mutual\/#article","isPartOf":{"@id":"https:\/\/www.eldiario.net\/portal\/2024\/08\/03\/el-renacer-de-la-mutual\/"},"author":{"name":"Jeanette","@id":"https:\/\/www.eldiario.net\/portal\/#\/schema\/person\/f46445640444750d7d753ccd04ae01b7"},"headline":"EL RENACER DE LA MUTUAL","datePublished":"2024-08-03T10:11:20+00:00","mainEntityOfPage":{"@id":"https:\/\/www.eldiario.net\/portal\/2024\/08\/03\/el-renacer-de-la-mutual\/"},"wordCount":1218,"commentCount":0,"publisher":{"@id":"https:\/\/www.eldiario.net\/portal\/#organization"},"image":{"@id":"https:\/\/www.eldiario.net\/portal\/2024\/08\/03\/el-renacer-de-la-mutual\/#primaryimage"},"thumbnailUrl":"https:\/\/www.eldiario.net\/portal\/wp-content\/uploads\/2024\/08\/FOTO-1A.jpg","articleSection":["Deportes"],"inLanguage":"es","potentialAction":[{"@type":"CommentAction","name":"Comment","target":["https:\/\/www.eldiario.net\/portal\/2024\/08\/03\/el-renacer-de-la-mutual\/#respond"]}]},{"@type":"WebPage","@id":"https:\/\/www.eldiario.net\/portal\/2024\/08\/03\/el-renacer-de-la-mutual\/","url":"https:\/\/www.eldiario.net\/portal\/2024\/08\/03\/el-renacer-de-la-mutual\/","name":"EL RENACER DE LA MUTUAL - El Diario - Bolivia","isPartOf":{"@id":"https:\/\/www.eldiario.net\/portal\/#website"},"primaryImageOfPage":{"@id":"https:\/\/www.eldiario.net\/portal\/2024\/08\/03\/el-renacer-de-la-mutual\/#primaryimage"},"image":{"@id":"https:\/\/www.eldiario.net\/portal\/2024\/08\/03\/el-renacer-de-la-mutual\/#primaryimage"},"thumbnailUrl":"https:\/\/www.eldiario.net\/portal\/wp-content\/uploads\/2024\/08\/FOTO-1A.jpg","datePublished":"2024-08-03T10:11:20+00:00","breadcrumb":{"@id":"https:\/\/www.eldiario.net\/portal\/2024\/08\/03\/el-renacer-de-la-mutual\/#breadcrumb"},"inLanguage":"es","potentialAction":[{"@type":"ReadAction","target":["https:\/\/www.eldiario.net\/portal\/2024\/08\/03\/el-renacer-de-la-mutual\/"]}]},{"@type":"ImageObject","inLanguage":"es","@id":"https:\/\/www.eldiario.net\/portal\/2024\/08\/03\/el-renacer-de-la-mutual\/#primaryimage","url":"https:\/\/www.eldiario.net\/portal\/wp-content\/uploads\/2024\/08\/FOTO-1A.jpg","contentUrl":"https:\/\/www.eldiario.net\/portal\/wp-content\/uploads\/2024\/08\/FOTO-1A.jpg","width":1124,"height":750},{"@type":"BreadcrumbList","@id":"https:\/\/www.eldiario.net\/portal\/2024\/08\/03\/el-renacer-de-la-mutual\/#breadcrumb","itemListElement":[{"@type":"ListItem","position":1,"name":"Portada","item":"https:\/\/www.eldiario.net\/portal\/"},{"@type":"ListItem","position":2,"name":"EL RENACER DE LA MUTUAL"}]},{"@type":"WebSite","@id":"https:\/\/www.eldiario.net\/portal\/#website","url":"https:\/\/www.eldiario.net\/portal\/","name":"El Diario - Decano de la prensa nacional","description":"El Diario - Decano de la prensa nacional","publisher":{"@id":"https:\/\/www.eldiario.net\/portal\/#organization"},"potentialAction":[{"@type":"SearchAction","target":{"@type":"EntryPoint","urlTemplate":"https:\/\/www.eldiario.net\/portal\/?s={search_term_string}"},"query-input":{"@type":"PropertyValueSpecification","valueRequired":true,"valueName":"search_term_string"}}],"inLanguage":"es"},{"@type":"Organization","@id":"https:\/\/www.eldiario.net\/portal\/#organization","name":"El Diario - Decano de la prensa nacional","url":"https:\/\/www.eldiario.net\/portal\/","logo":{"@type":"ImageObject","inLanguage":"es","@id":"https:\/\/www.eldiario.net\/portal\/#\/schema\/logo\/image\/","url":"https:\/\/www.eldiario.net\/portal\/wp-content\/uploads\/2023\/07\/logo_ED.jpg","contentUrl":"https:\/\/www.eldiario.net\/portal\/wp-content\/uploads\/2023\/07\/logo_ED.jpg","width":272,"height":52,"caption":"El Diario - Decano de la prensa nacional"},"image":{"@id":"https:\/\/www.eldiario.net\/portal\/#\/schema\/logo\/image\/"},"sameAs":["https:\/\/www.facebook.com\/eldiario.bolivia\/","https:\/\/x.com\/eldiario_net"]},{"@type":"Person","@id":"https:\/\/www.eldiario.net\/portal\/#\/schema\/person\/f46445640444750d7d753ccd04ae01b7","name":"Jeanette","image":{"@type":"ImageObject","inLanguage":"es","@id":"https:\/\/secure.gravatar.com\/avatar\/3ea2118a5f7dad2b7138b1187a6b7ee55f160b9968b66013c3a3ef39dd7e5798?s=96&d=mm&r=g","url":"https:\/\/secure.gravatar.com\/avatar\/3ea2118a5f7dad2b7138b1187a6b7ee55f160b9968b66013c3a3ef39dd7e5798?s=96&d=mm&r=g","contentUrl":"https:\/\/secure.gravatar.com\/avatar\/3ea2118a5f7dad2b7138b1187a6b7ee55f160b9968b66013c3a3ef39dd7e5798?s=96&d=mm&r=g","caption":"Jeanette"},"sameAs":["https:\/\/www.eldiario.net\/portal"],"url":"https:\/\/www.eldiario.net\/portal\/author\/jeanette\/"}]}},"_links":{"self":[{"href":"https:\/\/www.eldiario.net\/portal\/wp-json\/wp\/v2\/posts\/238332","targetHints":{"allow":["GET"]}}],"collection":[{"href":"https:\/\/www.eldiario.net\/portal\/wp-json\/wp\/v2\/posts"}],"about":[{"href":"https:\/\/www.eldiario.net\/portal\/wp-json\/wp\/v2\/types\/post"}],"author":[{"embeddable":true,"href":"https:\/\/www.eldiario.net\/portal\/wp-json\/wp\/v2\/users\/1"}],"replies":[{"embeddable":true,"href":"https:\/\/www.eldiario.net\/portal\/wp-json\/wp\/v2\/comments?post=238332"}],"version-history":[{"count":1,"href":"https:\/\/www.eldiario.net\/portal\/wp-json\/wp\/v2\/posts\/238332\/revisions"}],"predecessor-version":[{"id":238336,"href":"https:\/\/www.eldiario.net\/portal\/wp-json\/wp\/v2\/posts\/238332\/revisions\/238336"}],"wp:featuredmedia":[{"embeddable":true,"href":"https:\/\/www.eldiario.net\/portal\/wp-json\/wp\/v2\/media\/238334"}],"wp:attachment":[{"href":"https:\/\/www.eldiario.net\/portal\/wp-json\/wp\/v2\/media?parent=238332"}],"wp:term":[{"taxonomy":"category","embeddable":true,"href":"https:\/\/www.eldiario.net\/portal\/wp-json\/wp\/v2\/categories?post=238332"},{"taxonomy":"post_tag","embeddable":true,"href":"https:\/\/www.eldiario.net\/portal\/wp-json\/wp\/v2\/tags?post=238332"}],"curies":[{"name":"wp","href":"https:\/\/api.w.org\/{rel}","templated":true}]}}