{"id":238181,"date":"2024-08-03T05:23:51","date_gmt":"2024-08-03T09:23:51","guid":{"rendered":"https:\/\/www.eldiario.net\/portal\/?p=238181"},"modified":"2024-08-03T05:23:51","modified_gmt":"2024-08-03T09:23:51","slug":"tse-pide-sancionar-ley-para-suspension-de-las-primarias","status":"publish","type":"post","link":"https:\/\/www.eldiario.net\/portal\/2024\/08\/03\/tse-pide-sancionar-ley-para-suspension-de-las-primarias\/","title":{"rendered":"TSE pide sancionar ley para  suspensi\u00f3n de las primarias"},"content":{"rendered":"<p>Recordando que l\u00edderes de organizaciones pol\u00edticas, adem\u00e1s de representantes de los \u00d3rgano Legislativo, Ejecutivo y Electoral, suscribieron por unanimidad la Declaraci\u00f3n por la Democracia para garantizar la realizaci\u00f3n efectiva de las Elecciones Judiciales y Elecciones Generales 2025 y suspensi\u00f3n de las elecciones primarias, el Tribunal Supremo Electoral (TSE), exhort\u00f3 a las autoridades correspondientes, a sancionar el Proyecto de Ley presentado para tal efecto.<br \/>\nMediante un pronunciamiento emitido por el TSE, se record\u00f3 que la Declaraci\u00f3n por la Democracia se\u00f1ala en su cuarto punto la necesidad de la suspensi\u00f3n excepcional de las Elecciones Primarias, mediante una ley, con el fin de priorizar la realizaci\u00f3n de las Elecciones Judiciales.<br \/>\nAmbos procesos electorales tienen una naturaleza distinta, cuya realizaci\u00f3n paralela podr\u00eda derivar en confusiones para el electorado, contaminando principalmente el proceso de las Elecciones Judiciales con la campa\u00f1a y propaganda electoral que se da alrededor de una elecci\u00f3n de candidatos en Elecciones Primarias, adem\u00e1s de serios riesgos a la log\u00edstica, difusi\u00f3n de m\u00e9ritos y capacitaci\u00f3n electoral.<br \/>\nEn ese sentido y en cumplimiento a lo acordado, el pasado 11 de julio de 2024, el TSE remiti\u00f3 el proyecto de Ley de R\u00e9gimen Excepcional y Transitorio de Elecciones Primarias a la ALP, sin embargo, hasta la fecha no fue aprobado por la C\u00e1mara de Senadores.<br \/>\n\u201cManifestamos nuestra preocupaci\u00f3n debido a que el plazo para la convocatoria a este proceso electoral vence el s\u00e1bado 17 de agosto. En consecuencia, exhortamos a las autoridades correspondientes, a sancionar el Proyecto de Ley que present\u00f3 el TSE en el menor plazo posible\u201d, finaliza la nota.<\/p>\n","protected":false},"excerpt":{"rendered":"<p>Recordando que l\u00edderes de organizaciones pol\u00edticas, adem\u00e1s de representantes de los \u00d3rgano Legislativo, Ejecutivo y Electoral, suscribieron por unanimidad la Declaraci\u00f3n por la Democracia para garantizar la realizaci\u00f3n efectiva de las Elecciones Judiciales y Elecciones Generales 2025 y suspensi\u00f3n de las elecciones primarias, el Tribunal Supremo Electoral (TSE), exhort\u00f3 a las autoridades correspondientes, a sancionar [&hellip;]<\/p>\n","protected":false},"author":1,"featured_media":238182,"comment_status":"open","ping_status":"open","sticky":false,"template":"","format":"standard","meta":{"_acf_changed":false,"footnotes":""},"categories":[15],"tags":[],"class_list":["post-238181","post","type-post","status-publish","format-standard","has-post-thumbnail","category-portada"],"acf":{"antetitulo":"Normativa se encuentra en el Senado"},"yoast_head":"<!-- This site is optimized with the Yoast SEO plugin v28.4 - https:\/\/yoast.com\/product\/yoast-seo-wordpress\/ -->\n<title>TSE pide sancionar ley para suspensi\u00f3n de las primarias - El Diario - Bolivia<\/title>\n<meta name=\"robots\" content=\"index, follow, max-snippet:-1, max-image-preview:large, max-video-preview:-1\" \/>\n<link rel=\"canonical\" href=\"https:\/\/www.eldiario.net\/portal\/2024\/08\/03\/tse-pide-sancionar-ley-para-suspension-de-las-primarias\/\" \/>\n<meta property=\"og:locale\" content=\"es_ES\" \/>\n<meta property=\"og:type\" content=\"article\" \/>\n<meta property=\"og:title\" content=\"TSE pide sancionar ley para suspensi\u00f3n de las primarias - El Diario - Bolivia\" \/>\n<meta property=\"og:description\" content=\"Recordando que l\u00edderes de organizaciones pol\u00edticas, adem\u00e1s de representantes de los \u00d3rgano Legislativo, Ejecutivo y Electoral, suscribieron por unanimidad la Declaraci\u00f3n por la Democracia para garantizar la realizaci\u00f3n efectiva de las Elecciones Judiciales y Elecciones Generales 2025 y suspensi\u00f3n de las elecciones primarias, el Tribunal Supremo Electoral (TSE), exhort\u00f3 a las autoridades correspondientes, a sancionar [&hellip;]\" \/>\n<meta property=\"og:url\" content=\"https:\/\/www.eldiario.net\/portal\/2024\/08\/03\/tse-pide-sancionar-ley-para-suspension-de-las-primarias\/\" \/>\n<meta property=\"og:site_name\" content=\"El Diario - Bolivia\" \/>\n<meta property=\"article:publisher\" content=\"https:\/\/www.facebook.com\/eldiario.bolivia\/\" \/>\n<meta property=\"article:published_time\" content=\"2024-08-03T09:23:51+00:00\" \/>\n<meta property=\"og:image\" content=\"https:\/\/www.eldiario.net\/portal\/wp-content\/uploads\/2024\/08\/P-4-10-cm-x-6.jpg\" \/>\n\t<meta property=\"og:image:width\" content=\"1200\" \/>\n\t<meta property=\"og:image:height\" content=\"584\" \/>\n\t<meta property=\"og:image:type\" content=\"image\/jpeg\" \/>\n<meta name=\"author\" content=\"Jeanette\" \/>\n<meta name=\"twitter:card\" content=\"summary_large_image\" \/>\n<meta name=\"twitter:creator\" content=\"@eldiario_net\" \/>\n<meta name=\"twitter:site\" content=\"@eldiario_net\" \/>\n<meta name=\"twitter:label1\" content=\"Escrito por\" \/>\n\t<meta name=\"twitter:data1\" content=\"Jeanette\" \/>\n\t<meta name=\"twitter:label2\" content=\"Tiempo de lectura\" \/>\n\t<meta name=\"twitter:data2\" content=\"2 minutos\" \/>\n<script type=\"application\/ld+json\" class=\"yoast-schema-graph\">{\"@context\":\"https:\\\/\\\/schema.org\",\"@graph\":[{\"@type\":\"Article\",\"@id\":\"https:\\\/\\\/www.eldiario.net\\\/portal\\\/2024\\\/08\\\/03\\\/tse-pide-sancionar-ley-para-suspension-de-las-primarias\\\/#article\",\"isPartOf\":{\"@id\":\"https:\\\/\\\/www.eldiario.net\\\/portal\\\/2024\\\/08\\\/03\\\/tse-pide-sancionar-ley-para-suspension-de-las-primarias\\\/\"},\"author\":{\"name\":\"Jeanette\",\"@id\":\"https:\\\/\\\/www.eldiario.net\\\/portal\\\/#\\\/schema\\\/person\\\/2c57cf2b7a7ae032e449e4c9b1019eac\"},\"headline\":\"TSE pide sancionar ley para suspensi\u00f3n de las primarias\",\"datePublished\":\"2024-08-03T09:23:51+00:00\",\"mainEntityOfPage\":{\"@id\":\"https:\\\/\\\/www.eldiario.net\\\/portal\\\/2024\\\/08\\\/03\\\/tse-pide-sancionar-ley-para-suspension-de-las-primarias\\\/\"},\"wordCount\":285,\"commentCount\":0,\"publisher\":{\"@id\":\"https:\\\/\\\/www.eldiario.net\\\/portal\\\/#organization\"},\"image\":{\"@id\":\"https:\\\/\\\/www.eldiario.net\\\/portal\\\/2024\\\/08\\\/03\\\/tse-pide-sancionar-ley-para-suspension-de-las-primarias\\\/#primaryimage\"},\"thumbnailUrl\":\"https:\\\/\\\/www.eldiario.net\\\/portal\\\/wp-content\\\/uploads\\\/2024\\\/08\\\/P-4-10-cm-x-6.jpg\",\"articleSection\":[\"Portada\"],\"inLanguage\":\"es\",\"potentialAction\":[{\"@type\":\"CommentAction\",\"name\":\"Comment\",\"target\":[\"https:\\\/\\\/www.eldiario.net\\\/portal\\\/2024\\\/08\\\/03\\\/tse-pide-sancionar-ley-para-suspension-de-las-primarias\\\/#respond\"]}]},{\"@type\":\"WebPage\",\"@id\":\"https:\\\/\\\/www.eldiario.net\\\/portal\\\/2024\\\/08\\\/03\\\/tse-pide-sancionar-ley-para-suspension-de-las-primarias\\\/\",\"url\":\"https:\\\/\\\/www.eldiario.net\\\/portal\\\/2024\\\/08\\\/03\\\/tse-pide-sancionar-ley-para-suspension-de-las-primarias\\\/\",\"name\":\"TSE pide sancionar ley para suspensi\u00f3n de las primarias - El Diario - Bolivia\",\"isPartOf\":{\"@id\":\"https:\\\/\\\/www.eldiario.net\\\/portal\\\/#website\"},\"primaryImageOfPage\":{\"@id\":\"https:\\\/\\\/www.eldiario.net\\\/portal\\\/2024\\\/08\\\/03\\\/tse-pide-sancionar-ley-para-suspension-de-las-primarias\\\/#primaryimage\"},\"image\":{\"@id\":\"https:\\\/\\\/www.eldiario.net\\\/portal\\\/2024\\\/08\\\/03\\\/tse-pide-sancionar-ley-para-suspension-de-las-primarias\\\/#primaryimage\"},\"thumbnailUrl\":\"https:\\\/\\\/www.eldiario.net\\\/portal\\\/wp-content\\\/uploads\\\/2024\\\/08\\\/P-4-10-cm-x-6.jpg\",\"datePublished\":\"2024-08-03T09:23:51+00:00\",\"breadcrumb\":{\"@id\":\"https:\\\/\\\/www.eldiario.net\\\/portal\\\/2024\\\/08\\\/03\\\/tse-pide-sancionar-ley-para-suspension-de-las-primarias\\\/#breadcrumb\"},\"inLanguage\":\"es\",\"potentialAction\":[{\"@type\":\"ReadAction\",\"target\":[\"https:\\\/\\\/www.eldiario.net\\\/portal\\\/2024\\\/08\\\/03\\\/tse-pide-sancionar-ley-para-suspension-de-las-primarias\\\/\"]}]},{\"@type\":\"ImageObject\",\"inLanguage\":\"es\",\"@id\":\"https:\\\/\\\/www.eldiario.net\\\/portal\\\/2024\\\/08\\\/03\\\/tse-pide-sancionar-ley-para-suspension-de-las-primarias\\\/#primaryimage\",\"url\":\"https:\\\/\\\/www.eldiario.net\\\/portal\\\/wp-content\\\/uploads\\\/2024\\\/08\\\/P-4-10-cm-x-6.jpg\",\"contentUrl\":\"https:\\\/\\\/www.eldiario.net\\\/portal\\\/wp-content\\\/uploads\\\/2024\\\/08\\\/P-4-10-cm-x-6.jpg\",\"width\":1200,\"height\":584,\"caption\":\"Cumbre multipartidaria realizado el 11 de julio de 2024.\"},{\"@type\":\"BreadcrumbList\",\"@id\":\"https:\\\/\\\/www.eldiario.net\\\/portal\\\/2024\\\/08\\\/03\\\/tse-pide-sancionar-ley-para-suspension-de-las-primarias\\\/#breadcrumb\",\"itemListElement\":[{\"@type\":\"ListItem\",\"position\":1,\"name\":\"Portada\",\"item\":\"https:\\\/\\\/www.eldiario.net\\\/portal\\\/\"},{\"@type\":\"ListItem\",\"position\":2,\"name\":\"TSE pide sancionar ley para suspensi\u00f3n de las primarias\"}]},{\"@type\":\"WebSite\",\"@id\":\"https:\\\/\\\/www.eldiario.net\\\/portal\\\/#website\",\"url\":\"https:\\\/\\\/www.eldiario.net\\\/portal\\\/\",\"name\":\"El Diario - Decano de la prensa nacional\",\"description\":\"El Diario - Decano de la prensa nacional\",\"publisher\":{\"@id\":\"https:\\\/\\\/www.eldiario.net\\\/portal\\\/#organization\"},\"potentialAction\":[{\"@type\":\"SearchAction\",\"target\":{\"@type\":\"EntryPoint\",\"urlTemplate\":\"https:\\\/\\\/www.eldiario.net\\\/portal\\\/?s={search_term_string}\"},\"query-input\":{\"@type\":\"PropertyValueSpecification\",\"valueRequired\":true,\"valueName\":\"search_term_string\"}}],\"inLanguage\":\"es\"},{\"@type\":\"Organization\",\"@id\":\"https:\\\/\\\/www.eldiario.net\\\/portal\\\/#organization\",\"name\":\"El Diario - Decano de la prensa nacional\",\"url\":\"https:\\\/\\\/www.eldiario.net\\\/portal\\\/\",\"logo\":{\"@type\":\"ImageObject\",\"inLanguage\":\"es\",\"@id\":\"https:\\\/\\\/www.eldiario.net\\\/portal\\\/#\\\/schema\\\/logo\\\/image\\\/\",\"url\":\"https:\\\/\\\/www.eldiario.net\\\/portal\\\/wp-content\\\/uploads\\\/2023\\\/07\\\/logo_ED.jpg\",\"contentUrl\":\"https:\\\/\\\/www.eldiario.net\\\/portal\\\/wp-content\\\/uploads\\\/2023\\\/07\\\/logo_ED.jpg\",\"width\":272,\"height\":52,\"caption\":\"El Diario - Decano de la prensa nacional\"},\"image\":{\"@id\":\"https:\\\/\\\/www.eldiario.net\\\/portal\\\/#\\\/schema\\\/logo\\\/image\\\/\"},\"sameAs\":[\"https:\\\/\\\/www.facebook.com\\\/eldiario.bolivia\\\/\",\"https:\\\/\\\/x.com\\\/eldiario_net\"]},{\"@type\":\"Person\",\"@id\":\"https:\\\/\\\/www.eldiario.net\\\/portal\\\/#\\\/schema\\\/person\\\/2c57cf2b7a7ae032e449e4c9b1019eac\",\"name\":\"Jeanette\",\"image\":{\"@type\":\"ImageObject\",\"inLanguage\":\"es\",\"@id\":\"https:\\\/\\\/secure.gravatar.com\\\/avatar\\\/3ea2118a5f7dad2b7138b1187a6b7ee55f160b9968b66013c3a3ef39dd7e5798?s=96&d=mm&r=g\",\"url\":\"https:\\\/\\\/secure.gravatar.com\\\/avatar\\\/3ea2118a5f7dad2b7138b1187a6b7ee55f160b9968b66013c3a3ef39dd7e5798?s=96&d=mm&r=g\",\"contentUrl\":\"https:\\\/\\\/secure.gravatar.com\\\/avatar\\\/3ea2118a5f7dad2b7138b1187a6b7ee55f160b9968b66013c3a3ef39dd7e5798?s=96&d=mm&r=g\",\"caption\":\"Jeanette\"},\"sameAs\":[\"https:\\\/\\\/www.eldiario.net\\\/portal\"],\"url\":\"https:\\\/\\\/www.eldiario.net\\\/portal\\\/author\\\/jeanette\\\/\"}]}<\/script>\n<!-- \/ Yoast SEO plugin. -->","yoast_head_json":{"title":"TSE pide sancionar ley para suspensi\u00f3n de las primarias - El Diario - Bolivia","robots":{"index":"index","follow":"follow","max-snippet":"max-snippet:-1","max-image-preview":"max-image-preview:large","max-video-preview":"max-video-preview:-1"},"canonical":"https:\/\/www.eldiario.net\/portal\/2024\/08\/03\/tse-pide-sancionar-ley-para-suspension-de-las-primarias\/","og_locale":"es_ES","og_type":"article","og_title":"TSE pide sancionar ley para suspensi\u00f3n de las primarias - El Diario - Bolivia","og_description":"Recordando que l\u00edderes de organizaciones pol\u00edticas, adem\u00e1s de representantes de los \u00d3rgano Legislativo, Ejecutivo y Electoral, suscribieron por unanimidad la Declaraci\u00f3n por la Democracia para garantizar la realizaci\u00f3n efectiva de las Elecciones Judiciales y Elecciones Generales 2025 y suspensi\u00f3n de las elecciones primarias, el Tribunal Supremo Electoral (TSE), exhort\u00f3 a las autoridades correspondientes, a sancionar [&hellip;]","og_url":"https:\/\/www.eldiario.net\/portal\/2024\/08\/03\/tse-pide-sancionar-ley-para-suspension-de-las-primarias\/","og_site_name":"El Diario - Bolivia","article_publisher":"https:\/\/www.facebook.com\/eldiario.bolivia\/","article_published_time":"2024-08-03T09:23:51+00:00","og_image":[{"width":1200,"height":584,"url":"https:\/\/www.eldiario.net\/portal\/wp-content\/uploads\/2024\/08\/P-4-10-cm-x-6.jpg","type":"image\/jpeg"}],"author":"Jeanette","twitter_card":"summary_large_image","twitter_creator":"@eldiario_net","twitter_site":"@eldiario_net","twitter_misc":{"Escrito por":"Jeanette","Tiempo de lectura":"2 minutos"},"schema":{"@context":"https:\/\/schema.org","@graph":[{"@type":"Article","@id":"https:\/\/www.eldiario.net\/portal\/2024\/08\/03\/tse-pide-sancionar-ley-para-suspension-de-las-primarias\/#article","isPartOf":{"@id":"https:\/\/www.eldiario.net\/portal\/2024\/08\/03\/tse-pide-sancionar-ley-para-suspension-de-las-primarias\/"},"author":{"name":"Jeanette","@id":"https:\/\/www.eldiario.net\/portal\/#\/schema\/person\/2c57cf2b7a7ae032e449e4c9b1019eac"},"headline":"TSE pide sancionar ley para suspensi\u00f3n de las primarias","datePublished":"2024-08-03T09:23:51+00:00","mainEntityOfPage":{"@id":"https:\/\/www.eldiario.net\/portal\/2024\/08\/03\/tse-pide-sancionar-ley-para-suspension-de-las-primarias\/"},"wordCount":285,"commentCount":0,"publisher":{"@id":"https:\/\/www.eldiario.net\/portal\/#organization"},"image":{"@id":"https:\/\/www.eldiario.net\/portal\/2024\/08\/03\/tse-pide-sancionar-ley-para-suspension-de-las-primarias\/#primaryimage"},"thumbnailUrl":"https:\/\/www.eldiario.net\/portal\/wp-content\/uploads\/2024\/08\/P-4-10-cm-x-6.jpg","articleSection":["Portada"],"inLanguage":"es","potentialAction":[{"@type":"CommentAction","name":"Comment","target":["https:\/\/www.eldiario.net\/portal\/2024\/08\/03\/tse-pide-sancionar-ley-para-suspension-de-las-primarias\/#respond"]}]},{"@type":"WebPage","@id":"https:\/\/www.eldiario.net\/portal\/2024\/08\/03\/tse-pide-sancionar-ley-para-suspension-de-las-primarias\/","url":"https:\/\/www.eldiario.net\/portal\/2024\/08\/03\/tse-pide-sancionar-ley-para-suspension-de-las-primarias\/","name":"TSE pide sancionar ley para suspensi\u00f3n de las primarias - El Diario - Bolivia","isPartOf":{"@id":"https:\/\/www.eldiario.net\/portal\/#website"},"primaryImageOfPage":{"@id":"https:\/\/www.eldiario.net\/portal\/2024\/08\/03\/tse-pide-sancionar-ley-para-suspension-de-las-primarias\/#primaryimage"},"image":{"@id":"https:\/\/www.eldiario.net\/portal\/2024\/08\/03\/tse-pide-sancionar-ley-para-suspension-de-las-primarias\/#primaryimage"},"thumbnailUrl":"https:\/\/www.eldiario.net\/portal\/wp-content\/uploads\/2024\/08\/P-4-10-cm-x-6.jpg","datePublished":"2024-08-03T09:23:51+00:00","breadcrumb":{"@id":"https:\/\/www.eldiario.net\/portal\/2024\/08\/03\/tse-pide-sancionar-ley-para-suspension-de-las-primarias\/#breadcrumb"},"inLanguage":"es","potentialAction":[{"@type":"ReadAction","target":["https:\/\/www.eldiario.net\/portal\/2024\/08\/03\/tse-pide-sancionar-ley-para-suspension-de-las-primarias\/"]}]},{"@type":"ImageObject","inLanguage":"es","@id":"https:\/\/www.eldiario.net\/portal\/2024\/08\/03\/tse-pide-sancionar-ley-para-suspension-de-las-primarias\/#primaryimage","url":"https:\/\/www.eldiario.net\/portal\/wp-content\/uploads\/2024\/08\/P-4-10-cm-x-6.jpg","contentUrl":"https:\/\/www.eldiario.net\/portal\/wp-content\/uploads\/2024\/08\/P-4-10-cm-x-6.jpg","width":1200,"height":584,"caption":"Cumbre multipartidaria realizado el 11 de julio de 2024."},{"@type":"BreadcrumbList","@id":"https:\/\/www.eldiario.net\/portal\/2024\/08\/03\/tse-pide-sancionar-ley-para-suspension-de-las-primarias\/#breadcrumb","itemListElement":[{"@type":"ListItem","position":1,"name":"Portada","item":"https:\/\/www.eldiario.net\/portal\/"},{"@type":"ListItem","position":2,"name":"TSE pide sancionar ley para suspensi\u00f3n de las primarias"}]},{"@type":"WebSite","@id":"https:\/\/www.eldiario.net\/portal\/#website","url":"https:\/\/www.eldiario.net\/portal\/","name":"El Diario - Decano de la prensa nacional","description":"El Diario - Decano de la prensa nacional","publisher":{"@id":"https:\/\/www.eldiario.net\/portal\/#organization"},"potentialAction":[{"@type":"SearchAction","target":{"@type":"EntryPoint","urlTemplate":"https:\/\/www.eldiario.net\/portal\/?s={search_term_string}"},"query-input":{"@type":"PropertyValueSpecification","valueRequired":true,"valueName":"search_term_string"}}],"inLanguage":"es"},{"@type":"Organization","@id":"https:\/\/www.eldiario.net\/portal\/#organization","name":"El Diario - Decano de la prensa nacional","url":"https:\/\/www.eldiario.net\/portal\/","logo":{"@type":"ImageObject","inLanguage":"es","@id":"https:\/\/www.eldiario.net\/portal\/#\/schema\/logo\/image\/","url":"https:\/\/www.eldiario.net\/portal\/wp-content\/uploads\/2023\/07\/logo_ED.jpg","contentUrl":"https:\/\/www.eldiario.net\/portal\/wp-content\/uploads\/2023\/07\/logo_ED.jpg","width":272,"height":52,"caption":"El Diario - Decano de la prensa nacional"},"image":{"@id":"https:\/\/www.eldiario.net\/portal\/#\/schema\/logo\/image\/"},"sameAs":["https:\/\/www.facebook.com\/eldiario.bolivia\/","https:\/\/x.com\/eldiario_net"]},{"@type":"Person","@id":"https:\/\/www.eldiario.net\/portal\/#\/schema\/person\/2c57cf2b7a7ae032e449e4c9b1019eac","name":"Jeanette","image":{"@type":"ImageObject","inLanguage":"es","@id":"https:\/\/secure.gravatar.com\/avatar\/3ea2118a5f7dad2b7138b1187a6b7ee55f160b9968b66013c3a3ef39dd7e5798?s=96&d=mm&r=g","url":"https:\/\/secure.gravatar.com\/avatar\/3ea2118a5f7dad2b7138b1187a6b7ee55f160b9968b66013c3a3ef39dd7e5798?s=96&d=mm&r=g","contentUrl":"https:\/\/secure.gravatar.com\/avatar\/3ea2118a5f7dad2b7138b1187a6b7ee55f160b9968b66013c3a3ef39dd7e5798?s=96&d=mm&r=g","caption":"Jeanette"},"sameAs":["https:\/\/www.eldiario.net\/portal"],"url":"https:\/\/www.eldiario.net\/portal\/author\/jeanette\/"}]}},"_links":{"self":[{"href":"https:\/\/www.eldiario.net\/portal\/wp-json\/wp\/v2\/posts\/238181","targetHints":{"allow":["GET"]}}],"collection":[{"href":"https:\/\/www.eldiario.net\/portal\/wp-json\/wp\/v2\/posts"}],"about":[{"href":"https:\/\/www.eldiario.net\/portal\/wp-json\/wp\/v2\/types\/post"}],"author":[{"embeddable":true,"href":"https:\/\/www.eldiario.net\/portal\/wp-json\/wp\/v2\/users\/1"}],"replies":[{"embeddable":true,"href":"https:\/\/www.eldiario.net\/portal\/wp-json\/wp\/v2\/comments?post=238181"}],"version-history":[{"count":1,"href":"https:\/\/www.eldiario.net\/portal\/wp-json\/wp\/v2\/posts\/238181\/revisions"}],"predecessor-version":[{"id":238183,"href":"https:\/\/www.eldiario.net\/portal\/wp-json\/wp\/v2\/posts\/238181\/revisions\/238183"}],"wp:featuredmedia":[{"embeddable":true,"href":"https:\/\/www.eldiario.net\/portal\/wp-json\/wp\/v2\/media\/238182"}],"wp:attachment":[{"href":"https:\/\/www.eldiario.net\/portal\/wp-json\/wp\/v2\/media?parent=238181"}],"wp:term":[{"taxonomy":"category","embeddable":true,"href":"https:\/\/www.eldiario.net\/portal\/wp-json\/wp\/v2\/categories?post=238181"},{"taxonomy":"post_tag","embeddable":true,"href":"https:\/\/www.eldiario.net\/portal\/wp-json\/wp\/v2\/tags?post=238181"}],"curies":[{"name":"wp","href":"https:\/\/api.w.org\/{rel}","templated":true}]}}