{"id":238177,"date":"2024-08-03T05:22:46","date_gmt":"2024-08-03T09:22:46","guid":{"rendered":"https:\/\/www.eldiario.net\/portal\/?p=238177"},"modified":"2024-08-03T05:22:46","modified_gmt":"2024-08-03T09:22:46","slug":"transporte-pesado-declara-en-parentesis-sus-medidas","status":"publish","type":"post","link":"https:\/\/www.eldiario.net\/portal\/2024\/08\/03\/transporte-pesado-declara-en-parentesis-sus-medidas\/","title":{"rendered":"Transporte pesado declara en \u201cpar\u00e9ntesis\u201d sus medidas"},"content":{"rendered":"<p>El sector del transporte pesado ha decidido declarar un \u201cpar\u00e9ntesis\u201d en su paro indefinido, con motivo de respecto a las fiestas patrias que se celebrar\u00e1n la pr\u00f3xima semana.<br \/>\n\u201cNosotros como bolivianos debemos respetar las fiestas patrias, estamos por esa situaci\u00f3n ahora dando un par\u00e9ntesis por las fiestas patrias. Se ha decidido a nivel nacional dar un par\u00e9ntesis\u201d, dijo a Erbol el presidente de la C\u00e1mara de Transporte, H\u00e9ctor Mercado, a tiempo de aclarar que no es un cuarto intermedio.<br \/>\nExplic\u00f3 que se est\u00e1 dando tambi\u00e9n el beneficio de la duda al Gobierno, que anunci\u00f3 el abastecimiento de di\u00e9sel para los pr\u00f3ximos d\u00edas.<br \/>\nSin embargo, advirti\u00f3 que la medida de presi\u00f3n puede convocarse en cualquier momento y que los transportistas ya tienen el apoyo de la poblaci\u00f3n en su conjunto.<br \/>\nPor otro lado, la Armada de Chile inform\u00f3 que, a trav\u00e9s de una resoluci\u00f3n, las operaciones en la Terminal Mar\u00edtimo Sica Sica fueron nuevamente inhabilitadas desde ayer.<\/p>\n<p>&nbsp;<\/p>\n","protected":false},"excerpt":{"rendered":"<p>El sector del transporte pesado ha decidido declarar un \u201cpar\u00e9ntesis\u201d en su paro indefinido, con motivo de respecto a las fiestas patrias que se celebrar\u00e1n la pr\u00f3xima semana. \u201cNosotros como bolivianos debemos respetar las fiestas patrias, estamos por esa situaci\u00f3n ahora dando un par\u00e9ntesis por las fiestas patrias. Se ha decidido a nivel nacional dar [&hellip;]<\/p>\n","protected":false},"author":1,"featured_media":238179,"comment_status":"open","ping_status":"open","sticky":false,"template":"","format":"standard","meta":{"_acf_changed":false,"footnotes":""},"categories":[15],"tags":[],"class_list":["post-238177","post","type-post","status-publish","format-standard","has-post-thumbnail","category-portada"],"acf":{"antetitulo":"Levantan bloqueo en Tambo Quemado"},"yoast_head":"<!-- This site is optimized with the Yoast SEO plugin v28.4 - https:\/\/yoast.com\/product\/yoast-seo-wordpress\/ -->\n<title>Transporte pesado declara en \u201cpar\u00e9ntesis\u201d sus medidas - El Diario - Bolivia<\/title>\n<meta name=\"robots\" content=\"index, follow, max-snippet:-1, max-image-preview:large, max-video-preview:-1\" \/>\n<link rel=\"canonical\" href=\"https:\/\/www.eldiario.net\/portal\/2024\/08\/03\/transporte-pesado-declara-en-parentesis-sus-medidas\/\" \/>\n<meta property=\"og:locale\" content=\"es_ES\" \/>\n<meta property=\"og:type\" content=\"article\" \/>\n<meta property=\"og:title\" content=\"Transporte pesado declara en \u201cpar\u00e9ntesis\u201d sus medidas - El Diario - Bolivia\" \/>\n<meta property=\"og:description\" content=\"El sector del transporte pesado ha decidido declarar un \u201cpar\u00e9ntesis\u201d en su paro indefinido, con motivo de respecto a las fiestas patrias que se celebrar\u00e1n la pr\u00f3xima semana. \u201cNosotros como bolivianos debemos respetar las fiestas patrias, estamos por esa situaci\u00f3n ahora dando un par\u00e9ntesis por las fiestas patrias. Se ha decidido a nivel nacional dar [&hellip;]\" \/>\n<meta property=\"og:url\" content=\"https:\/\/www.eldiario.net\/portal\/2024\/08\/03\/transporte-pesado-declara-en-parentesis-sus-medidas\/\" \/>\n<meta property=\"og:site_name\" content=\"El Diario - Bolivia\" \/>\n<meta property=\"article:publisher\" content=\"https:\/\/www.facebook.com\/eldiario.bolivia\/\" \/>\n<meta property=\"article:published_time\" content=\"2024-08-03T09:22:46+00:00\" \/>\n<meta property=\"og:image\" content=\"https:\/\/www.eldiario.net\/portal\/wp-content\/uploads\/2024\/08\/P-5-10-cm-x-7.jpg\" \/>\n\t<meta property=\"og:image:width\" content=\"1200\" \/>\n\t<meta property=\"og:image:height\" content=\"753\" \/>\n\t<meta property=\"og:image:type\" content=\"image\/jpeg\" \/>\n<meta name=\"author\" content=\"Jeanette\" \/>\n<meta name=\"twitter:card\" content=\"summary_large_image\" \/>\n<meta name=\"twitter:creator\" content=\"@eldiario_net\" \/>\n<meta name=\"twitter:site\" content=\"@eldiario_net\" \/>\n<meta name=\"twitter:label1\" content=\"Escrito por\" \/>\n\t<meta name=\"twitter:data1\" content=\"Jeanette\" \/>\n\t<meta name=\"twitter:label2\" content=\"Tiempo de lectura\" \/>\n\t<meta name=\"twitter:data2\" content=\"1 minuto\" \/>\n<script type=\"application\/ld+json\" class=\"yoast-schema-graph\">{\"@context\":\"https:\\\/\\\/schema.org\",\"@graph\":[{\"@type\":\"Article\",\"@id\":\"https:\\\/\\\/www.eldiario.net\\\/portal\\\/2024\\\/08\\\/03\\\/transporte-pesado-declara-en-parentesis-sus-medidas\\\/#article\",\"isPartOf\":{\"@id\":\"https:\\\/\\\/www.eldiario.net\\\/portal\\\/2024\\\/08\\\/03\\\/transporte-pesado-declara-en-parentesis-sus-medidas\\\/\"},\"author\":{\"name\":\"Jeanette\",\"@id\":\"https:\\\/\\\/www.eldiario.net\\\/portal\\\/#\\\/schema\\\/person\\\/2c57cf2b7a7ae032e449e4c9b1019eac\"},\"headline\":\"Transporte pesado declara en \u201cpar\u00e9ntesis\u201d sus medidas\",\"datePublished\":\"2024-08-03T09:22:46+00:00\",\"mainEntityOfPage\":{\"@id\":\"https:\\\/\\\/www.eldiario.net\\\/portal\\\/2024\\\/08\\\/03\\\/transporte-pesado-declara-en-parentesis-sus-medidas\\\/\"},\"wordCount\":182,\"commentCount\":0,\"publisher\":{\"@id\":\"https:\\\/\\\/www.eldiario.net\\\/portal\\\/#organization\"},\"image\":{\"@id\":\"https:\\\/\\\/www.eldiario.net\\\/portal\\\/2024\\\/08\\\/03\\\/transporte-pesado-declara-en-parentesis-sus-medidas\\\/#primaryimage\"},\"thumbnailUrl\":\"https:\\\/\\\/www.eldiario.net\\\/portal\\\/wp-content\\\/uploads\\\/2024\\\/08\\\/P-5-10-cm-x-7.jpg\",\"articleSection\":[\"Portada\"],\"inLanguage\":\"es\",\"potentialAction\":[{\"@type\":\"CommentAction\",\"name\":\"Comment\",\"target\":[\"https:\\\/\\\/www.eldiario.net\\\/portal\\\/2024\\\/08\\\/03\\\/transporte-pesado-declara-en-parentesis-sus-medidas\\\/#respond\"]}]},{\"@type\":\"WebPage\",\"@id\":\"https:\\\/\\\/www.eldiario.net\\\/portal\\\/2024\\\/08\\\/03\\\/transporte-pesado-declara-en-parentesis-sus-medidas\\\/\",\"url\":\"https:\\\/\\\/www.eldiario.net\\\/portal\\\/2024\\\/08\\\/03\\\/transporte-pesado-declara-en-parentesis-sus-medidas\\\/\",\"name\":\"Transporte pesado declara en \u201cpar\u00e9ntesis\u201d sus medidas - El Diario - Bolivia\",\"isPartOf\":{\"@id\":\"https:\\\/\\\/www.eldiario.net\\\/portal\\\/#website\"},\"primaryImageOfPage\":{\"@id\":\"https:\\\/\\\/www.eldiario.net\\\/portal\\\/2024\\\/08\\\/03\\\/transporte-pesado-declara-en-parentesis-sus-medidas\\\/#primaryimage\"},\"image\":{\"@id\":\"https:\\\/\\\/www.eldiario.net\\\/portal\\\/2024\\\/08\\\/03\\\/transporte-pesado-declara-en-parentesis-sus-medidas\\\/#primaryimage\"},\"thumbnailUrl\":\"https:\\\/\\\/www.eldiario.net\\\/portal\\\/wp-content\\\/uploads\\\/2024\\\/08\\\/P-5-10-cm-x-7.jpg\",\"datePublished\":\"2024-08-03T09:22:46+00:00\",\"breadcrumb\":{\"@id\":\"https:\\\/\\\/www.eldiario.net\\\/portal\\\/2024\\\/08\\\/03\\\/transporte-pesado-declara-en-parentesis-sus-medidas\\\/#breadcrumb\"},\"inLanguage\":\"es\",\"potentialAction\":[{\"@type\":\"ReadAction\",\"target\":[\"https:\\\/\\\/www.eldiario.net\\\/portal\\\/2024\\\/08\\\/03\\\/transporte-pesado-declara-en-parentesis-sus-medidas\\\/\"]}]},{\"@type\":\"ImageObject\",\"inLanguage\":\"es\",\"@id\":\"https:\\\/\\\/www.eldiario.net\\\/portal\\\/2024\\\/08\\\/03\\\/transporte-pesado-declara-en-parentesis-sus-medidas\\\/#primaryimage\",\"url\":\"https:\\\/\\\/www.eldiario.net\\\/portal\\\/wp-content\\\/uploads\\\/2024\\\/08\\\/P-5-10-cm-x-7.jpg\",\"contentUrl\":\"https:\\\/\\\/www.eldiario.net\\\/portal\\\/wp-content\\\/uploads\\\/2024\\\/08\\\/P-5-10-cm-x-7.jpg\",\"width\":1200,\"height\":753,\"caption\":\"El transporte pesado levant\u00f3 el bloqueo en Tambo Quemado.\"},{\"@type\":\"BreadcrumbList\",\"@id\":\"https:\\\/\\\/www.eldiario.net\\\/portal\\\/2024\\\/08\\\/03\\\/transporte-pesado-declara-en-parentesis-sus-medidas\\\/#breadcrumb\",\"itemListElement\":[{\"@type\":\"ListItem\",\"position\":1,\"name\":\"Portada\",\"item\":\"https:\\\/\\\/www.eldiario.net\\\/portal\\\/\"},{\"@type\":\"ListItem\",\"position\":2,\"name\":\"Transporte pesado declara en \u201cpar\u00e9ntesis\u201d sus medidas\"}]},{\"@type\":\"WebSite\",\"@id\":\"https:\\\/\\\/www.eldiario.net\\\/portal\\\/#website\",\"url\":\"https:\\\/\\\/www.eldiario.net\\\/portal\\\/\",\"name\":\"El Diario - Decano de la prensa nacional\",\"description\":\"El Diario - Decano de la prensa nacional\",\"publisher\":{\"@id\":\"https:\\\/\\\/www.eldiario.net\\\/portal\\\/#organization\"},\"potentialAction\":[{\"@type\":\"SearchAction\",\"target\":{\"@type\":\"EntryPoint\",\"urlTemplate\":\"https:\\\/\\\/www.eldiario.net\\\/portal\\\/?s={search_term_string}\"},\"query-input\":{\"@type\":\"PropertyValueSpecification\",\"valueRequired\":true,\"valueName\":\"search_term_string\"}}],\"inLanguage\":\"es\"},{\"@type\":\"Organization\",\"@id\":\"https:\\\/\\\/www.eldiario.net\\\/portal\\\/#organization\",\"name\":\"El Diario - Decano de la prensa nacional\",\"url\":\"https:\\\/\\\/www.eldiario.net\\\/portal\\\/\",\"logo\":{\"@type\":\"ImageObject\",\"inLanguage\":\"es\",\"@id\":\"https:\\\/\\\/www.eldiario.net\\\/portal\\\/#\\\/schema\\\/logo\\\/image\\\/\",\"url\":\"https:\\\/\\\/www.eldiario.net\\\/portal\\\/wp-content\\\/uploads\\\/2023\\\/07\\\/logo_ED.jpg\",\"contentUrl\":\"https:\\\/\\\/www.eldiario.net\\\/portal\\\/wp-content\\\/uploads\\\/2023\\\/07\\\/logo_ED.jpg\",\"width\":272,\"height\":52,\"caption\":\"El Diario - Decano de la prensa nacional\"},\"image\":{\"@id\":\"https:\\\/\\\/www.eldiario.net\\\/portal\\\/#\\\/schema\\\/logo\\\/image\\\/\"},\"sameAs\":[\"https:\\\/\\\/www.facebook.com\\\/eldiario.bolivia\\\/\",\"https:\\\/\\\/x.com\\\/eldiario_net\"]},{\"@type\":\"Person\",\"@id\":\"https:\\\/\\\/www.eldiario.net\\\/portal\\\/#\\\/schema\\\/person\\\/2c57cf2b7a7ae032e449e4c9b1019eac\",\"name\":\"Jeanette\",\"image\":{\"@type\":\"ImageObject\",\"inLanguage\":\"es\",\"@id\":\"https:\\\/\\\/secure.gravatar.com\\\/avatar\\\/3ea2118a5f7dad2b7138b1187a6b7ee55f160b9968b66013c3a3ef39dd7e5798?s=96&d=mm&r=g\",\"url\":\"https:\\\/\\\/secure.gravatar.com\\\/avatar\\\/3ea2118a5f7dad2b7138b1187a6b7ee55f160b9968b66013c3a3ef39dd7e5798?s=96&d=mm&r=g\",\"contentUrl\":\"https:\\\/\\\/secure.gravatar.com\\\/avatar\\\/3ea2118a5f7dad2b7138b1187a6b7ee55f160b9968b66013c3a3ef39dd7e5798?s=96&d=mm&r=g\",\"caption\":\"Jeanette\"},\"sameAs\":[\"https:\\\/\\\/www.eldiario.net\\\/portal\"],\"url\":\"https:\\\/\\\/www.eldiario.net\\\/portal\\\/author\\\/jeanette\\\/\"}]}<\/script>\n<!-- \/ Yoast SEO plugin. -->","yoast_head_json":{"title":"Transporte pesado declara en \u201cpar\u00e9ntesis\u201d sus medidas - El Diario - Bolivia","robots":{"index":"index","follow":"follow","max-snippet":"max-snippet:-1","max-image-preview":"max-image-preview:large","max-video-preview":"max-video-preview:-1"},"canonical":"https:\/\/www.eldiario.net\/portal\/2024\/08\/03\/transporte-pesado-declara-en-parentesis-sus-medidas\/","og_locale":"es_ES","og_type":"article","og_title":"Transporte pesado declara en \u201cpar\u00e9ntesis\u201d sus medidas - El Diario - Bolivia","og_description":"El sector del transporte pesado ha decidido declarar un \u201cpar\u00e9ntesis\u201d en su paro indefinido, con motivo de respecto a las fiestas patrias que se celebrar\u00e1n la pr\u00f3xima semana. \u201cNosotros como bolivianos debemos respetar las fiestas patrias, estamos por esa situaci\u00f3n ahora dando un par\u00e9ntesis por las fiestas patrias. Se ha decidido a nivel nacional dar [&hellip;]","og_url":"https:\/\/www.eldiario.net\/portal\/2024\/08\/03\/transporte-pesado-declara-en-parentesis-sus-medidas\/","og_site_name":"El Diario - Bolivia","article_publisher":"https:\/\/www.facebook.com\/eldiario.bolivia\/","article_published_time":"2024-08-03T09:22:46+00:00","og_image":[{"width":1200,"height":753,"url":"https:\/\/www.eldiario.net\/portal\/wp-content\/uploads\/2024\/08\/P-5-10-cm-x-7.jpg","type":"image\/jpeg"}],"author":"Jeanette","twitter_card":"summary_large_image","twitter_creator":"@eldiario_net","twitter_site":"@eldiario_net","twitter_misc":{"Escrito por":"Jeanette","Tiempo de lectura":"1 minuto"},"schema":{"@context":"https:\/\/schema.org","@graph":[{"@type":"Article","@id":"https:\/\/www.eldiario.net\/portal\/2024\/08\/03\/transporte-pesado-declara-en-parentesis-sus-medidas\/#article","isPartOf":{"@id":"https:\/\/www.eldiario.net\/portal\/2024\/08\/03\/transporte-pesado-declara-en-parentesis-sus-medidas\/"},"author":{"name":"Jeanette","@id":"https:\/\/www.eldiario.net\/portal\/#\/schema\/person\/2c57cf2b7a7ae032e449e4c9b1019eac"},"headline":"Transporte pesado declara en \u201cpar\u00e9ntesis\u201d sus medidas","datePublished":"2024-08-03T09:22:46+00:00","mainEntityOfPage":{"@id":"https:\/\/www.eldiario.net\/portal\/2024\/08\/03\/transporte-pesado-declara-en-parentesis-sus-medidas\/"},"wordCount":182,"commentCount":0,"publisher":{"@id":"https:\/\/www.eldiario.net\/portal\/#organization"},"image":{"@id":"https:\/\/www.eldiario.net\/portal\/2024\/08\/03\/transporte-pesado-declara-en-parentesis-sus-medidas\/#primaryimage"},"thumbnailUrl":"https:\/\/www.eldiario.net\/portal\/wp-content\/uploads\/2024\/08\/P-5-10-cm-x-7.jpg","articleSection":["Portada"],"inLanguage":"es","potentialAction":[{"@type":"CommentAction","name":"Comment","target":["https:\/\/www.eldiario.net\/portal\/2024\/08\/03\/transporte-pesado-declara-en-parentesis-sus-medidas\/#respond"]}]},{"@type":"WebPage","@id":"https:\/\/www.eldiario.net\/portal\/2024\/08\/03\/transporte-pesado-declara-en-parentesis-sus-medidas\/","url":"https:\/\/www.eldiario.net\/portal\/2024\/08\/03\/transporte-pesado-declara-en-parentesis-sus-medidas\/","name":"Transporte pesado declara en \u201cpar\u00e9ntesis\u201d sus medidas - El Diario - Bolivia","isPartOf":{"@id":"https:\/\/www.eldiario.net\/portal\/#website"},"primaryImageOfPage":{"@id":"https:\/\/www.eldiario.net\/portal\/2024\/08\/03\/transporte-pesado-declara-en-parentesis-sus-medidas\/#primaryimage"},"image":{"@id":"https:\/\/www.eldiario.net\/portal\/2024\/08\/03\/transporte-pesado-declara-en-parentesis-sus-medidas\/#primaryimage"},"thumbnailUrl":"https:\/\/www.eldiario.net\/portal\/wp-content\/uploads\/2024\/08\/P-5-10-cm-x-7.jpg","datePublished":"2024-08-03T09:22:46+00:00","breadcrumb":{"@id":"https:\/\/www.eldiario.net\/portal\/2024\/08\/03\/transporte-pesado-declara-en-parentesis-sus-medidas\/#breadcrumb"},"inLanguage":"es","potentialAction":[{"@type":"ReadAction","target":["https:\/\/www.eldiario.net\/portal\/2024\/08\/03\/transporte-pesado-declara-en-parentesis-sus-medidas\/"]}]},{"@type":"ImageObject","inLanguage":"es","@id":"https:\/\/www.eldiario.net\/portal\/2024\/08\/03\/transporte-pesado-declara-en-parentesis-sus-medidas\/#primaryimage","url":"https:\/\/www.eldiario.net\/portal\/wp-content\/uploads\/2024\/08\/P-5-10-cm-x-7.jpg","contentUrl":"https:\/\/www.eldiario.net\/portal\/wp-content\/uploads\/2024\/08\/P-5-10-cm-x-7.jpg","width":1200,"height":753,"caption":"El transporte pesado levant\u00f3 el bloqueo en Tambo Quemado."},{"@type":"BreadcrumbList","@id":"https:\/\/www.eldiario.net\/portal\/2024\/08\/03\/transporte-pesado-declara-en-parentesis-sus-medidas\/#breadcrumb","itemListElement":[{"@type":"ListItem","position":1,"name":"Portada","item":"https:\/\/www.eldiario.net\/portal\/"},{"@type":"ListItem","position":2,"name":"Transporte pesado declara en \u201cpar\u00e9ntesis\u201d sus medidas"}]},{"@type":"WebSite","@id":"https:\/\/www.eldiario.net\/portal\/#website","url":"https:\/\/www.eldiario.net\/portal\/","name":"El Diario - Decano de la prensa nacional","description":"El Diario - Decano de la prensa nacional","publisher":{"@id":"https:\/\/www.eldiario.net\/portal\/#organization"},"potentialAction":[{"@type":"SearchAction","target":{"@type":"EntryPoint","urlTemplate":"https:\/\/www.eldiario.net\/portal\/?s={search_term_string}"},"query-input":{"@type":"PropertyValueSpecification","valueRequired":true,"valueName":"search_term_string"}}],"inLanguage":"es"},{"@type":"Organization","@id":"https:\/\/www.eldiario.net\/portal\/#organization","name":"El Diario - Decano de la prensa nacional","url":"https:\/\/www.eldiario.net\/portal\/","logo":{"@type":"ImageObject","inLanguage":"es","@id":"https:\/\/www.eldiario.net\/portal\/#\/schema\/logo\/image\/","url":"https:\/\/www.eldiario.net\/portal\/wp-content\/uploads\/2023\/07\/logo_ED.jpg","contentUrl":"https:\/\/www.eldiario.net\/portal\/wp-content\/uploads\/2023\/07\/logo_ED.jpg","width":272,"height":52,"caption":"El Diario - Decano de la prensa nacional"},"image":{"@id":"https:\/\/www.eldiario.net\/portal\/#\/schema\/logo\/image\/"},"sameAs":["https:\/\/www.facebook.com\/eldiario.bolivia\/","https:\/\/x.com\/eldiario_net"]},{"@type":"Person","@id":"https:\/\/www.eldiario.net\/portal\/#\/schema\/person\/2c57cf2b7a7ae032e449e4c9b1019eac","name":"Jeanette","image":{"@type":"ImageObject","inLanguage":"es","@id":"https:\/\/secure.gravatar.com\/avatar\/3ea2118a5f7dad2b7138b1187a6b7ee55f160b9968b66013c3a3ef39dd7e5798?s=96&d=mm&r=g","url":"https:\/\/secure.gravatar.com\/avatar\/3ea2118a5f7dad2b7138b1187a6b7ee55f160b9968b66013c3a3ef39dd7e5798?s=96&d=mm&r=g","contentUrl":"https:\/\/secure.gravatar.com\/avatar\/3ea2118a5f7dad2b7138b1187a6b7ee55f160b9968b66013c3a3ef39dd7e5798?s=96&d=mm&r=g","caption":"Jeanette"},"sameAs":["https:\/\/www.eldiario.net\/portal"],"url":"https:\/\/www.eldiario.net\/portal\/author\/jeanette\/"}]}},"_links":{"self":[{"href":"https:\/\/www.eldiario.net\/portal\/wp-json\/wp\/v2\/posts\/238177","targetHints":{"allow":["GET"]}}],"collection":[{"href":"https:\/\/www.eldiario.net\/portal\/wp-json\/wp\/v2\/posts"}],"about":[{"href":"https:\/\/www.eldiario.net\/portal\/wp-json\/wp\/v2\/types\/post"}],"author":[{"embeddable":true,"href":"https:\/\/www.eldiario.net\/portal\/wp-json\/wp\/v2\/users\/1"}],"replies":[{"embeddable":true,"href":"https:\/\/www.eldiario.net\/portal\/wp-json\/wp\/v2\/comments?post=238177"}],"version-history":[{"count":1,"href":"https:\/\/www.eldiario.net\/portal\/wp-json\/wp\/v2\/posts\/238177\/revisions"}],"predecessor-version":[{"id":238180,"href":"https:\/\/www.eldiario.net\/portal\/wp-json\/wp\/v2\/posts\/238177\/revisions\/238180"}],"wp:featuredmedia":[{"embeddable":true,"href":"https:\/\/www.eldiario.net\/portal\/wp-json\/wp\/v2\/media\/238179"}],"wp:attachment":[{"href":"https:\/\/www.eldiario.net\/portal\/wp-json\/wp\/v2\/media?parent=238177"}],"wp:term":[{"taxonomy":"category","embeddable":true,"href":"https:\/\/www.eldiario.net\/portal\/wp-json\/wp\/v2\/categories?post=238177"},{"taxonomy":"post_tag","embeddable":true,"href":"https:\/\/www.eldiario.net\/portal\/wp-json\/wp\/v2\/tags?post=238177"}],"curies":[{"name":"wp","href":"https:\/\/api.w.org\/{rel}","templated":true}]}}