{"id":238165,"date":"2024-08-03T05:17:38","date_gmt":"2024-08-03T09:17:38","guid":{"rendered":"https:\/\/www.eldiario.net\/portal\/?p=238165"},"modified":"2024-08-03T05:17:38","modified_gmt":"2024-08-03T09:17:38","slug":"viernes-negro-en-mercados-por-desplome-en-wall-street","status":"publish","type":"post","link":"https:\/\/www.eldiario.net\/portal\/2024\/08\/03\/viernes-negro-en-mercados-por-desplome-en-wall-street\/","title":{"rendered":"\u00abViernes negro\u00bb en mercados  por desplome en Wall Street"},"content":{"rendered":"<p class=\"v1MsoNormal\">Los mercados financieros globales tuvieron una compleja y vol\u00e1til ronda de negocios este viernes, tras una sucesi\u00f3n de noticias de alto impacto en el mundo financiero. Los principales \u00edndices de Wall Street restaron hasta 2,8%, con el promedio tecnol\u00f3gico Nasdaq a la cabeza.<\/p>\n<p class=\"v1MsoNormal\">Las contrataciones en Estados Unidos se desaceleraron dr\u00e1sticamente el mes pasado ante las altas tasas de inter\u00e9s, mientras los empleadores a\u00f1adieron unos d\u00e9biles 114.000 puestos de trabajo.<\/p>\n<p class=\"v1MsoNormal\">El informe del Departamento de Trabajo de este viernes mostr\u00f3 una ca\u00edda de los 179.000 empleos creados en junio. Los analistas esperaban 175.000 para el mes pasado. La tasa de desempleo subi\u00f3 al 4,3 por ciento.<\/p>\n<p class=\"v1MsoNormal\">La econom\u00eda ha demostrado ser inesperadamente s\u00f3lida frente a la campa\u00f1a de la Reserva Federal para controlar la inflaci\u00f3n con tasas de inter\u00e9s altas. La Fed elev\u00f3 su tasa de referencia once veces en 2022 y 2023, llev\u00e1ndola a un m\u00e1ximo de 23 a\u00f1os. Pero los mayores costos de endeudamiento parecen estar pasando factura.<\/p>\n<p class=\"v1MsoNormal\">Las bolsas mundiales cayeron con fuerza y los grupos tecnol\u00f3gicos de alta valoraci\u00f3n sufr\u00edan gran parte de las consecuencias, ya que la ansiedad de los inversores por una desaceleraci\u00f3n econ\u00f3mica en Estados Unidos hac\u00eda temblar los mercados, ya sacudidos por los resultados poco alentadores de Amazon e Intel.<\/p>\n<p class=\"v1MsoNormal\">Una ca\u00edda que comenz\u00f3 en Asia con un desplome del 5,8% para el \u00edndice Nikkei de Jap\u00f3n, su mayor descenso diario desde la crisis de marzo de 2020, se extend\u00eda por Europa y se encaminaba a continuar en Wall Street.<\/p>\n<p class=\"v1MsoNormal\">Las ventas se produjeron despu\u00e9s de que el jueves se public\u00f3 en Estados Unidos una encuesta sobre la actividad de las f\u00e1bricas m\u00e1s d\u00e9bil de lo esperado, y antes de que el viernes se publique en Estados Unidos el informe mensual sobre las n\u00f3minas no agr\u00edcolas, que, seg\u00fan las previsiones de los economistas, mostrar\u00e1 que el crecimiento del empleo se redujo a 175.000 puestos en julio, frente a los 206.000 de junio.<\/p>\n<p class=\"v1MsoNormal\">La Reserva Federal de Estados Unidos mantuvo los costos de financiaci\u00f3n de referencia en su nivel m\u00e1s alto en 23 a\u00f1os, entre el 5,25% y el 5,50%, durante un a\u00f1o, y algunos analistas creen que el banco central m\u00e1s influyente del mundo puede haber mantenido la pol\u00edtica monetaria restrictiva durante demasiado tiempo, con el consiguiente riesgo de recesi\u00f3n.<\/p>\n<p class=\"v1MsoNormal\">Las acciones del fabricante estadounidense de chips Intel se desplomaron un 26%, despu\u00e9s de que el grupo suspendi\u00f3 su dividendo y revel\u00f3 sus planes de recortar un 15% de su plantilla.<\/p>\n<p class=\"v1MsoNormal\">El fabricante de chips de inteligencia artificial Nvidia, uno de los mayores contribuidores al repunte tecnol\u00f3gico, cay\u00f3 un 1,8 por ciento. Los valores tecnol\u00f3gicos europeos bajaron un 4 por ciento.<\/p>\n<p class=\"v1MsoNormal\">\u00abExiste cierta relaci\u00f3n entre el crecimiento del PIB de Estados Unidos y el de los mercados emergentes. La relaci\u00f3n ha tendido a variar a lo largo del tiempo, con un desacoplamiento del crecimiento de los mercados emergentes a finales de la d\u00e9cada de 1990 durante la crisis financiera asi\u00e1tica y tambi\u00e9n durante el surgimiento de China durante la d\u00e9cada de 2000\u2033, explic\u00f3 David Rees, economista Senior Mercados Emergentes en Schroders.<\/p>\n<p class=\"v1MsoNormal\">\u00abLos movimientos de los precios de las materias primas afectan a las econom\u00edas emergentes a trav\u00e9s de dos canales clave: los t\u00e9rminos de intercambio y la inflaci\u00f3n. En cuanto a los t\u00e9rminos de intercambio, es decir, el precio de las exportaciones en relaci\u00f3n con las importaciones, el impulso inicial de los precios de las materias primas ser\u00eda obviamente positivo para los mercados emergentes que exportan recursos naturales. Sin embargo, nuestra opini\u00f3n de que los precios m\u00e1s altos de la energ\u00eda se reducir\u00edan en \u00faltima instancia, terminar\u00eda siendo positiva para los importadores de materias primas\u00bb, a\u00f1adi\u00f3 Rees. (Infobae)<\/p>\n<p class=\"v1MsoNormal\">\n","protected":false},"excerpt":{"rendered":"<p>Los mercados financieros globales tuvieron una compleja y vol\u00e1til ronda de negocios este viernes, tras una sucesi\u00f3n de noticias de alto impacto en el mundo financiero. Los principales \u00edndices de Wall Street restaron hasta 2,8%, con el promedio tecnol\u00f3gico Nasdaq a la cabeza. Las contrataciones en Estados Unidos se desaceleraron dr\u00e1sticamente el mes pasado ante [&hellip;]<\/p>\n","protected":false},"author":1,"featured_media":238166,"comment_status":"open","ping_status":"open","sticky":false,"template":"","format":"standard","meta":{"_acf_changed":false,"footnotes":""},"categories":[3],"tags":[],"class_list":["post-238165","post","type-post","status-publish","format-standard","has-post-thumbnail","category-internacional"],"acf":{"antetitulo":"En mercados de Tokio y Nueva York"},"yoast_head":"<!-- This site is optimized with the Yoast SEO plugin v28.4 - https:\/\/yoast.com\/product\/yoast-seo-wordpress\/ -->\n<title>&quot;Viernes negro&quot; en mercados por desplome en Wall Street - El Diario - Bolivia<\/title>\n<meta name=\"robots\" content=\"index, follow, max-snippet:-1, max-image-preview:large, max-video-preview:-1\" \/>\n<link rel=\"canonical\" href=\"https:\/\/www.eldiario.net\/portal\/2024\/08\/03\/viernes-negro-en-mercados-por-desplome-en-wall-street\/\" \/>\n<meta property=\"og:locale\" content=\"es_ES\" \/>\n<meta property=\"og:type\" content=\"article\" \/>\n<meta property=\"og:title\" content=\"&quot;Viernes negro&quot; en mercados por desplome en Wall Street - El Diario - Bolivia\" \/>\n<meta property=\"og:description\" content=\"Los mercados financieros globales tuvieron una compleja y vol\u00e1til ronda de negocios este viernes, tras una sucesi\u00f3n de noticias de alto impacto en el mundo financiero. Los principales \u00edndices de Wall Street restaron hasta 2,8%, con el promedio tecnol\u00f3gico Nasdaq a la cabeza. Las contrataciones en Estados Unidos se desaceleraron dr\u00e1sticamente el mes pasado ante [&hellip;]\" \/>\n<meta property=\"og:url\" content=\"https:\/\/www.eldiario.net\/portal\/2024\/08\/03\/viernes-negro-en-mercados-por-desplome-en-wall-street\/\" \/>\n<meta property=\"og:site_name\" content=\"El Diario - Bolivia\" \/>\n<meta property=\"article:publisher\" content=\"https:\/\/www.facebook.com\/eldiario.bolivia\/\" \/>\n<meta property=\"article:published_time\" content=\"2024-08-03T09:17:38+00:00\" \/>\n<meta property=\"og:image\" content=\"https:\/\/www.eldiario.net\/portal\/wp-content\/uploads\/2024\/08\/Bolsa-Reuters.jpg\" \/>\n\t<meta property=\"og:image:width\" content=\"768\" \/>\n\t<meta property=\"og:image:height\" content=\"512\" \/>\n\t<meta property=\"og:image:type\" content=\"image\/jpeg\" \/>\n<meta name=\"author\" content=\"Jeanette\" \/>\n<meta name=\"twitter:card\" content=\"summary_large_image\" \/>\n<meta name=\"twitter:creator\" content=\"@eldiario_net\" \/>\n<meta name=\"twitter:site\" content=\"@eldiario_net\" \/>\n<meta name=\"twitter:label1\" content=\"Escrito por\" \/>\n\t<meta name=\"twitter:data1\" content=\"Jeanette\" \/>\n\t<meta name=\"twitter:label2\" content=\"Tiempo de lectura\" \/>\n\t<meta name=\"twitter:data2\" content=\"3 minutos\" \/>\n<script type=\"application\/ld+json\" class=\"yoast-schema-graph\">{\"@context\":\"https:\\\/\\\/schema.org\",\"@graph\":[{\"@type\":\"Article\",\"@id\":\"https:\\\/\\\/www.eldiario.net\\\/portal\\\/2024\\\/08\\\/03\\\/viernes-negro-en-mercados-por-desplome-en-wall-street\\\/#article\",\"isPartOf\":{\"@id\":\"https:\\\/\\\/www.eldiario.net\\\/portal\\\/2024\\\/08\\\/03\\\/viernes-negro-en-mercados-por-desplome-en-wall-street\\\/\"},\"author\":{\"name\":\"Jeanette\",\"@id\":\"https:\\\/\\\/www.eldiario.net\\\/portal\\\/#\\\/schema\\\/person\\\/2c57cf2b7a7ae032e449e4c9b1019eac\"},\"headline\":\"\u00abViernes negro\u00bb en mercados por desplome en Wall Street\",\"datePublished\":\"2024-08-03T09:17:38+00:00\",\"mainEntityOfPage\":{\"@id\":\"https:\\\/\\\/www.eldiario.net\\\/portal\\\/2024\\\/08\\\/03\\\/viernes-negro-en-mercados-por-desplome-en-wall-street\\\/\"},\"wordCount\":655,\"commentCount\":0,\"publisher\":{\"@id\":\"https:\\\/\\\/www.eldiario.net\\\/portal\\\/#organization\"},\"image\":{\"@id\":\"https:\\\/\\\/www.eldiario.net\\\/portal\\\/2024\\\/08\\\/03\\\/viernes-negro-en-mercados-por-desplome-en-wall-street\\\/#primaryimage\"},\"thumbnailUrl\":\"https:\\\/\\\/www.eldiario.net\\\/portal\\\/wp-content\\\/uploads\\\/2024\\\/08\\\/Bolsa-Reuters.jpg\",\"articleSection\":[\"Internacional\"],\"inLanguage\":\"es\",\"potentialAction\":[{\"@type\":\"CommentAction\",\"name\":\"Comment\",\"target\":[\"https:\\\/\\\/www.eldiario.net\\\/portal\\\/2024\\\/08\\\/03\\\/viernes-negro-en-mercados-por-desplome-en-wall-street\\\/#respond\"]}]},{\"@type\":\"WebPage\",\"@id\":\"https:\\\/\\\/www.eldiario.net\\\/portal\\\/2024\\\/08\\\/03\\\/viernes-negro-en-mercados-por-desplome-en-wall-street\\\/\",\"url\":\"https:\\\/\\\/www.eldiario.net\\\/portal\\\/2024\\\/08\\\/03\\\/viernes-negro-en-mercados-por-desplome-en-wall-street\\\/\",\"name\":\"\\\"Viernes negro\\\" en mercados por desplome en Wall Street - El Diario - Bolivia\",\"isPartOf\":{\"@id\":\"https:\\\/\\\/www.eldiario.net\\\/portal\\\/#website\"},\"primaryImageOfPage\":{\"@id\":\"https:\\\/\\\/www.eldiario.net\\\/portal\\\/2024\\\/08\\\/03\\\/viernes-negro-en-mercados-por-desplome-en-wall-street\\\/#primaryimage\"},\"image\":{\"@id\":\"https:\\\/\\\/www.eldiario.net\\\/portal\\\/2024\\\/08\\\/03\\\/viernes-negro-en-mercados-por-desplome-en-wall-street\\\/#primaryimage\"},\"thumbnailUrl\":\"https:\\\/\\\/www.eldiario.net\\\/portal\\\/wp-content\\\/uploads\\\/2024\\\/08\\\/Bolsa-Reuters.jpg\",\"datePublished\":\"2024-08-03T09:17:38+00:00\",\"breadcrumb\":{\"@id\":\"https:\\\/\\\/www.eldiario.net\\\/portal\\\/2024\\\/08\\\/03\\\/viernes-negro-en-mercados-por-desplome-en-wall-street\\\/#breadcrumb\"},\"inLanguage\":\"es\",\"potentialAction\":[{\"@type\":\"ReadAction\",\"target\":[\"https:\\\/\\\/www.eldiario.net\\\/portal\\\/2024\\\/08\\\/03\\\/viernes-negro-en-mercados-por-desplome-en-wall-street\\\/\"]}]},{\"@type\":\"ImageObject\",\"inLanguage\":\"es\",\"@id\":\"https:\\\/\\\/www.eldiario.net\\\/portal\\\/2024\\\/08\\\/03\\\/viernes-negro-en-mercados-por-desplome-en-wall-street\\\/#primaryimage\",\"url\":\"https:\\\/\\\/www.eldiario.net\\\/portal\\\/wp-content\\\/uploads\\\/2024\\\/08\\\/Bolsa-Reuters.jpg\",\"contentUrl\":\"https:\\\/\\\/www.eldiario.net\\\/portal\\\/wp-content\\\/uploads\\\/2024\\\/08\\\/Bolsa-Reuters.jpg\",\"width\":768,\"height\":512,\"caption\":\"Cierre en rojo para las principales bolsas del mundo. CR\u00c9DITO: Reuters\"},{\"@type\":\"BreadcrumbList\",\"@id\":\"https:\\\/\\\/www.eldiario.net\\\/portal\\\/2024\\\/08\\\/03\\\/viernes-negro-en-mercados-por-desplome-en-wall-street\\\/#breadcrumb\",\"itemListElement\":[{\"@type\":\"ListItem\",\"position\":1,\"name\":\"Portada\",\"item\":\"https:\\\/\\\/www.eldiario.net\\\/portal\\\/\"},{\"@type\":\"ListItem\",\"position\":2,\"name\":\"\u00abViernes negro\u00bb en mercados por desplome en Wall Street\"}]},{\"@type\":\"WebSite\",\"@id\":\"https:\\\/\\\/www.eldiario.net\\\/portal\\\/#website\",\"url\":\"https:\\\/\\\/www.eldiario.net\\\/portal\\\/\",\"name\":\"El Diario - Decano de la prensa nacional\",\"description\":\"El Diario - Decano de la prensa nacional\",\"publisher\":{\"@id\":\"https:\\\/\\\/www.eldiario.net\\\/portal\\\/#organization\"},\"potentialAction\":[{\"@type\":\"SearchAction\",\"target\":{\"@type\":\"EntryPoint\",\"urlTemplate\":\"https:\\\/\\\/www.eldiario.net\\\/portal\\\/?s={search_term_string}\"},\"query-input\":{\"@type\":\"PropertyValueSpecification\",\"valueRequired\":true,\"valueName\":\"search_term_string\"}}],\"inLanguage\":\"es\"},{\"@type\":\"Organization\",\"@id\":\"https:\\\/\\\/www.eldiario.net\\\/portal\\\/#organization\",\"name\":\"El Diario - Decano de la prensa nacional\",\"url\":\"https:\\\/\\\/www.eldiario.net\\\/portal\\\/\",\"logo\":{\"@type\":\"ImageObject\",\"inLanguage\":\"es\",\"@id\":\"https:\\\/\\\/www.eldiario.net\\\/portal\\\/#\\\/schema\\\/logo\\\/image\\\/\",\"url\":\"https:\\\/\\\/www.eldiario.net\\\/portal\\\/wp-content\\\/uploads\\\/2023\\\/07\\\/logo_ED.jpg\",\"contentUrl\":\"https:\\\/\\\/www.eldiario.net\\\/portal\\\/wp-content\\\/uploads\\\/2023\\\/07\\\/logo_ED.jpg\",\"width\":272,\"height\":52,\"caption\":\"El Diario - Decano de la prensa nacional\"},\"image\":{\"@id\":\"https:\\\/\\\/www.eldiario.net\\\/portal\\\/#\\\/schema\\\/logo\\\/image\\\/\"},\"sameAs\":[\"https:\\\/\\\/www.facebook.com\\\/eldiario.bolivia\\\/\",\"https:\\\/\\\/x.com\\\/eldiario_net\"]},{\"@type\":\"Person\",\"@id\":\"https:\\\/\\\/www.eldiario.net\\\/portal\\\/#\\\/schema\\\/person\\\/2c57cf2b7a7ae032e449e4c9b1019eac\",\"name\":\"Jeanette\",\"image\":{\"@type\":\"ImageObject\",\"inLanguage\":\"es\",\"@id\":\"https:\\\/\\\/secure.gravatar.com\\\/avatar\\\/3ea2118a5f7dad2b7138b1187a6b7ee55f160b9968b66013c3a3ef39dd7e5798?s=96&d=mm&r=g\",\"url\":\"https:\\\/\\\/secure.gravatar.com\\\/avatar\\\/3ea2118a5f7dad2b7138b1187a6b7ee55f160b9968b66013c3a3ef39dd7e5798?s=96&d=mm&r=g\",\"contentUrl\":\"https:\\\/\\\/secure.gravatar.com\\\/avatar\\\/3ea2118a5f7dad2b7138b1187a6b7ee55f160b9968b66013c3a3ef39dd7e5798?s=96&d=mm&r=g\",\"caption\":\"Jeanette\"},\"sameAs\":[\"https:\\\/\\\/www.eldiario.net\\\/portal\"],\"url\":\"https:\\\/\\\/www.eldiario.net\\\/portal\\\/author\\\/jeanette\\\/\"}]}<\/script>\n<!-- \/ Yoast SEO plugin. -->","yoast_head_json":{"title":"\"Viernes negro\" en mercados por desplome en Wall Street - El Diario - Bolivia","robots":{"index":"index","follow":"follow","max-snippet":"max-snippet:-1","max-image-preview":"max-image-preview:large","max-video-preview":"max-video-preview:-1"},"canonical":"https:\/\/www.eldiario.net\/portal\/2024\/08\/03\/viernes-negro-en-mercados-por-desplome-en-wall-street\/","og_locale":"es_ES","og_type":"article","og_title":"\"Viernes negro\" en mercados por desplome en Wall Street - El Diario - Bolivia","og_description":"Los mercados financieros globales tuvieron una compleja y vol\u00e1til ronda de negocios este viernes, tras una sucesi\u00f3n de noticias de alto impacto en el mundo financiero. Los principales \u00edndices de Wall Street restaron hasta 2,8%, con el promedio tecnol\u00f3gico Nasdaq a la cabeza. Las contrataciones en Estados Unidos se desaceleraron dr\u00e1sticamente el mes pasado ante [&hellip;]","og_url":"https:\/\/www.eldiario.net\/portal\/2024\/08\/03\/viernes-negro-en-mercados-por-desplome-en-wall-street\/","og_site_name":"El Diario - Bolivia","article_publisher":"https:\/\/www.facebook.com\/eldiario.bolivia\/","article_published_time":"2024-08-03T09:17:38+00:00","og_image":[{"width":768,"height":512,"url":"https:\/\/www.eldiario.net\/portal\/wp-content\/uploads\/2024\/08\/Bolsa-Reuters.jpg","type":"image\/jpeg"}],"author":"Jeanette","twitter_card":"summary_large_image","twitter_creator":"@eldiario_net","twitter_site":"@eldiario_net","twitter_misc":{"Escrito por":"Jeanette","Tiempo de lectura":"3 minutos"},"schema":{"@context":"https:\/\/schema.org","@graph":[{"@type":"Article","@id":"https:\/\/www.eldiario.net\/portal\/2024\/08\/03\/viernes-negro-en-mercados-por-desplome-en-wall-street\/#article","isPartOf":{"@id":"https:\/\/www.eldiario.net\/portal\/2024\/08\/03\/viernes-negro-en-mercados-por-desplome-en-wall-street\/"},"author":{"name":"Jeanette","@id":"https:\/\/www.eldiario.net\/portal\/#\/schema\/person\/2c57cf2b7a7ae032e449e4c9b1019eac"},"headline":"\u00abViernes negro\u00bb en mercados por desplome en Wall Street","datePublished":"2024-08-03T09:17:38+00:00","mainEntityOfPage":{"@id":"https:\/\/www.eldiario.net\/portal\/2024\/08\/03\/viernes-negro-en-mercados-por-desplome-en-wall-street\/"},"wordCount":655,"commentCount":0,"publisher":{"@id":"https:\/\/www.eldiario.net\/portal\/#organization"},"image":{"@id":"https:\/\/www.eldiario.net\/portal\/2024\/08\/03\/viernes-negro-en-mercados-por-desplome-en-wall-street\/#primaryimage"},"thumbnailUrl":"https:\/\/www.eldiario.net\/portal\/wp-content\/uploads\/2024\/08\/Bolsa-Reuters.jpg","articleSection":["Internacional"],"inLanguage":"es","potentialAction":[{"@type":"CommentAction","name":"Comment","target":["https:\/\/www.eldiario.net\/portal\/2024\/08\/03\/viernes-negro-en-mercados-por-desplome-en-wall-street\/#respond"]}]},{"@type":"WebPage","@id":"https:\/\/www.eldiario.net\/portal\/2024\/08\/03\/viernes-negro-en-mercados-por-desplome-en-wall-street\/","url":"https:\/\/www.eldiario.net\/portal\/2024\/08\/03\/viernes-negro-en-mercados-por-desplome-en-wall-street\/","name":"\"Viernes negro\" en mercados por desplome en Wall Street - El Diario - Bolivia","isPartOf":{"@id":"https:\/\/www.eldiario.net\/portal\/#website"},"primaryImageOfPage":{"@id":"https:\/\/www.eldiario.net\/portal\/2024\/08\/03\/viernes-negro-en-mercados-por-desplome-en-wall-street\/#primaryimage"},"image":{"@id":"https:\/\/www.eldiario.net\/portal\/2024\/08\/03\/viernes-negro-en-mercados-por-desplome-en-wall-street\/#primaryimage"},"thumbnailUrl":"https:\/\/www.eldiario.net\/portal\/wp-content\/uploads\/2024\/08\/Bolsa-Reuters.jpg","datePublished":"2024-08-03T09:17:38+00:00","breadcrumb":{"@id":"https:\/\/www.eldiario.net\/portal\/2024\/08\/03\/viernes-negro-en-mercados-por-desplome-en-wall-street\/#breadcrumb"},"inLanguage":"es","potentialAction":[{"@type":"ReadAction","target":["https:\/\/www.eldiario.net\/portal\/2024\/08\/03\/viernes-negro-en-mercados-por-desplome-en-wall-street\/"]}]},{"@type":"ImageObject","inLanguage":"es","@id":"https:\/\/www.eldiario.net\/portal\/2024\/08\/03\/viernes-negro-en-mercados-por-desplome-en-wall-street\/#primaryimage","url":"https:\/\/www.eldiario.net\/portal\/wp-content\/uploads\/2024\/08\/Bolsa-Reuters.jpg","contentUrl":"https:\/\/www.eldiario.net\/portal\/wp-content\/uploads\/2024\/08\/Bolsa-Reuters.jpg","width":768,"height":512,"caption":"Cierre en rojo para las principales bolsas del mundo. CR\u00c9DITO: Reuters"},{"@type":"BreadcrumbList","@id":"https:\/\/www.eldiario.net\/portal\/2024\/08\/03\/viernes-negro-en-mercados-por-desplome-en-wall-street\/#breadcrumb","itemListElement":[{"@type":"ListItem","position":1,"name":"Portada","item":"https:\/\/www.eldiario.net\/portal\/"},{"@type":"ListItem","position":2,"name":"\u00abViernes negro\u00bb en mercados por desplome en Wall Street"}]},{"@type":"WebSite","@id":"https:\/\/www.eldiario.net\/portal\/#website","url":"https:\/\/www.eldiario.net\/portal\/","name":"El Diario - Decano de la prensa nacional","description":"El Diario - Decano de la prensa nacional","publisher":{"@id":"https:\/\/www.eldiario.net\/portal\/#organization"},"potentialAction":[{"@type":"SearchAction","target":{"@type":"EntryPoint","urlTemplate":"https:\/\/www.eldiario.net\/portal\/?s={search_term_string}"},"query-input":{"@type":"PropertyValueSpecification","valueRequired":true,"valueName":"search_term_string"}}],"inLanguage":"es"},{"@type":"Organization","@id":"https:\/\/www.eldiario.net\/portal\/#organization","name":"El Diario - Decano de la prensa nacional","url":"https:\/\/www.eldiario.net\/portal\/","logo":{"@type":"ImageObject","inLanguage":"es","@id":"https:\/\/www.eldiario.net\/portal\/#\/schema\/logo\/image\/","url":"https:\/\/www.eldiario.net\/portal\/wp-content\/uploads\/2023\/07\/logo_ED.jpg","contentUrl":"https:\/\/www.eldiario.net\/portal\/wp-content\/uploads\/2023\/07\/logo_ED.jpg","width":272,"height":52,"caption":"El Diario - Decano de la prensa nacional"},"image":{"@id":"https:\/\/www.eldiario.net\/portal\/#\/schema\/logo\/image\/"},"sameAs":["https:\/\/www.facebook.com\/eldiario.bolivia\/","https:\/\/x.com\/eldiario_net"]},{"@type":"Person","@id":"https:\/\/www.eldiario.net\/portal\/#\/schema\/person\/2c57cf2b7a7ae032e449e4c9b1019eac","name":"Jeanette","image":{"@type":"ImageObject","inLanguage":"es","@id":"https:\/\/secure.gravatar.com\/avatar\/3ea2118a5f7dad2b7138b1187a6b7ee55f160b9968b66013c3a3ef39dd7e5798?s=96&d=mm&r=g","url":"https:\/\/secure.gravatar.com\/avatar\/3ea2118a5f7dad2b7138b1187a6b7ee55f160b9968b66013c3a3ef39dd7e5798?s=96&d=mm&r=g","contentUrl":"https:\/\/secure.gravatar.com\/avatar\/3ea2118a5f7dad2b7138b1187a6b7ee55f160b9968b66013c3a3ef39dd7e5798?s=96&d=mm&r=g","caption":"Jeanette"},"sameAs":["https:\/\/www.eldiario.net\/portal"],"url":"https:\/\/www.eldiario.net\/portal\/author\/jeanette\/"}]}},"_links":{"self":[{"href":"https:\/\/www.eldiario.net\/portal\/wp-json\/wp\/v2\/posts\/238165","targetHints":{"allow":["GET"]}}],"collection":[{"href":"https:\/\/www.eldiario.net\/portal\/wp-json\/wp\/v2\/posts"}],"about":[{"href":"https:\/\/www.eldiario.net\/portal\/wp-json\/wp\/v2\/types\/post"}],"author":[{"embeddable":true,"href":"https:\/\/www.eldiario.net\/portal\/wp-json\/wp\/v2\/users\/1"}],"replies":[{"embeddable":true,"href":"https:\/\/www.eldiario.net\/portal\/wp-json\/wp\/v2\/comments?post=238165"}],"version-history":[{"count":1,"href":"https:\/\/www.eldiario.net\/portal\/wp-json\/wp\/v2\/posts\/238165\/revisions"}],"predecessor-version":[{"id":238167,"href":"https:\/\/www.eldiario.net\/portal\/wp-json\/wp\/v2\/posts\/238165\/revisions\/238167"}],"wp:featuredmedia":[{"embeddable":true,"href":"https:\/\/www.eldiario.net\/portal\/wp-json\/wp\/v2\/media\/238166"}],"wp:attachment":[{"href":"https:\/\/www.eldiario.net\/portal\/wp-json\/wp\/v2\/media?parent=238165"}],"wp:term":[{"taxonomy":"category","embeddable":true,"href":"https:\/\/www.eldiario.net\/portal\/wp-json\/wp\/v2\/categories?post=238165"},{"taxonomy":"post_tag","embeddable":true,"href":"https:\/\/www.eldiario.net\/portal\/wp-json\/wp\/v2\/tags?post=238165"}],"curies":[{"name":"wp","href":"https:\/\/api.w.org\/{rel}","templated":true}]}}