{"id":238162,"date":"2024-08-02T18:20:52","date_gmt":"2024-08-02T22:20:52","guid":{"rendered":"https:\/\/www.eldiario.net\/portal\/?p=238162"},"modified":"2024-08-02T18:20:52","modified_gmt":"2024-08-02T22:20:52","slug":"santa-cruz-tendra-clima-caluroso-y-vientos-con-velocidades-de-100-km-por-hora","status":"publish","type":"post","link":"https:\/\/www.eldiario.net\/portal\/2024\/08\/02\/santa-cruz-tendra-clima-caluroso-y-vientos-con-velocidades-de-100-km-por-hora\/","title":{"rendered":"Santa Cruz tendr\u00e1 clima caluroso y vientos con velocidades de 100 km por hora"},"content":{"rendered":"<p>El departamento de Santa Cruz tendr\u00e1 un fin de semana con elevadas temperaturas y vientos que tendr\u00e1n velocidades de hasta 100 kil\u00f3metros por hora.<\/p>\n<p>El anuncio fue realizado por el Responsable del Sistema de Informaci\u00f3n y Comunicaci\u00f3n de la Gobernaci\u00f3n de Santa Cruz, Julio C\u00e9sar Claure.<\/p>\n<p>Seg\u00fan la autoridad, la ciudad de Santa Cruz y las regiones de Cordillera, Andr\u00e9s Ib\u00e1\u00f1ez, Warnes y Sara tendr\u00e1n este s\u00e1bado vientos que llegar\u00e1n a velocidades de 80 a 100 kil\u00f3metros por hora.<\/p>\n<p>En las zonas de la Chiquitania y la provincia \u00d1uflo de Ch\u00e1vez se contar\u00e1 con vientos de 70 kil\u00f3metros por hora, complement\u00f3.<\/p>\n<p>Agreg\u00f3 que las temperaturas en el territorio cruce\u00f1o oscilar\u00e1n entre los 15 y los 36 grados cent\u00edgrados.<\/p>\n","protected":false},"excerpt":{"rendered":"<p>El departamento de Santa Cruz tendr\u00e1 un fin de semana con elevadas temperaturas y vientos que tendr\u00e1n velocidades de hasta 100 kil\u00f3metros por hora. El anuncio fue realizado por el Responsable del Sistema de Informaci\u00f3n y Comunicaci\u00f3n de la Gobernaci\u00f3n de Santa Cruz, Julio C\u00e9sar Claure. Seg\u00fan la autoridad, la ciudad de Santa Cruz y [&hellip;]<\/p>\n","protected":false},"author":2,"featured_media":238163,"comment_status":"open","ping_status":"open","sticky":false,"template":"","format":"standard","meta":{"_acf_changed":false,"footnotes":""},"categories":[51],"tags":[],"class_list":["post-238162","post","type-post","status-publish","format-standard","has-post-thumbnail","category-ultima-hora"],"acf":{"antetitulo":""},"yoast_head":"<!-- This site is optimized with the Yoast SEO plugin v28.4 - https:\/\/yoast.com\/product\/yoast-seo-wordpress\/ -->\n<title>Santa Cruz tendr\u00e1 clima caluroso y vientos con velocidades de 100 km por hora - El Diario - Bolivia<\/title>\n<meta name=\"robots\" content=\"index, follow, max-snippet:-1, max-image-preview:large, max-video-preview:-1\" \/>\n<link rel=\"canonical\" href=\"https:\/\/www.eldiario.net\/portal\/2024\/08\/02\/santa-cruz-tendra-clima-caluroso-y-vientos-con-velocidades-de-100-km-por-hora\/\" \/>\n<meta property=\"og:locale\" content=\"es_ES\" \/>\n<meta property=\"og:type\" content=\"article\" \/>\n<meta property=\"og:title\" content=\"Santa Cruz tendr\u00e1 clima caluroso y vientos con velocidades de 100 km por hora - El Diario - Bolivia\" \/>\n<meta property=\"og:description\" content=\"El departamento de Santa Cruz tendr\u00e1 un fin de semana con elevadas temperaturas y vientos que tendr\u00e1n velocidades de hasta 100 kil\u00f3metros por hora. El anuncio fue realizado por el Responsable del Sistema de Informaci\u00f3n y Comunicaci\u00f3n de la Gobernaci\u00f3n de Santa Cruz, Julio C\u00e9sar Claure. Seg\u00fan la autoridad, la ciudad de Santa Cruz y [&hellip;]\" \/>\n<meta property=\"og:url\" content=\"https:\/\/www.eldiario.net\/portal\/2024\/08\/02\/santa-cruz-tendra-clima-caluroso-y-vientos-con-velocidades-de-100-km-por-hora\/\" \/>\n<meta property=\"og:site_name\" content=\"El Diario - Bolivia\" \/>\n<meta property=\"article:publisher\" content=\"https:\/\/www.facebook.com\/eldiario.bolivia\/\" \/>\n<meta property=\"article:published_time\" content=\"2024-08-02T22:20:52+00:00\" \/>\n<meta property=\"og:image\" content=\"https:\/\/www.eldiario.net\/portal\/wp-content\/uploads\/2024\/08\/VIENTOS.jpg\" \/>\n\t<meta property=\"og:image:width\" content=\"700\" \/>\n\t<meta property=\"og:image:height\" content=\"395\" \/>\n\t<meta property=\"og:image:type\" content=\"image\/jpeg\" \/>\n<meta name=\"author\" content=\"luis Camacho\" \/>\n<meta name=\"twitter:card\" content=\"summary_large_image\" \/>\n<meta name=\"twitter:creator\" content=\"@eldiario_net\" \/>\n<meta name=\"twitter:site\" content=\"@eldiario_net\" \/>\n<meta name=\"twitter:label1\" content=\"Escrito por\" \/>\n\t<meta name=\"twitter:data1\" content=\"luis Camacho\" \/>\n\t<meta name=\"twitter:label2\" content=\"Tiempo de lectura\" \/>\n\t<meta name=\"twitter:data2\" content=\"1 minuto\" \/>\n<script type=\"application\/ld+json\" class=\"yoast-schema-graph\">{\"@context\":\"https:\\\/\\\/schema.org\",\"@graph\":[{\"@type\":\"Article\",\"@id\":\"https:\\\/\\\/www.eldiario.net\\\/portal\\\/2024\\\/08\\\/02\\\/santa-cruz-tendra-clima-caluroso-y-vientos-con-velocidades-de-100-km-por-hora\\\/#article\",\"isPartOf\":{\"@id\":\"https:\\\/\\\/www.eldiario.net\\\/portal\\\/2024\\\/08\\\/02\\\/santa-cruz-tendra-clima-caluroso-y-vientos-con-velocidades-de-100-km-por-hora\\\/\"},\"author\":{\"name\":\"luis Camacho\",\"@id\":\"https:\\\/\\\/www.eldiario.net\\\/portal\\\/#\\\/schema\\\/person\\\/c1a5d38e458b10c8ebd62f4189b82bbc\"},\"headline\":\"Santa Cruz tendr\u00e1 clima caluroso y vientos con velocidades de 100 km por hora\",\"datePublished\":\"2024-08-02T22:20:52+00:00\",\"mainEntityOfPage\":{\"@id\":\"https:\\\/\\\/www.eldiario.net\\\/portal\\\/2024\\\/08\\\/02\\\/santa-cruz-tendra-clima-caluroso-y-vientos-con-velocidades-de-100-km-por-hora\\\/\"},\"wordCount\":143,\"commentCount\":0,\"publisher\":{\"@id\":\"https:\\\/\\\/www.eldiario.net\\\/portal\\\/#organization\"},\"image\":{\"@id\":\"https:\\\/\\\/www.eldiario.net\\\/portal\\\/2024\\\/08\\\/02\\\/santa-cruz-tendra-clima-caluroso-y-vientos-con-velocidades-de-100-km-por-hora\\\/#primaryimage\"},\"thumbnailUrl\":\"https:\\\/\\\/www.eldiario.net\\\/portal\\\/wp-content\\\/uploads\\\/2024\\\/08\\\/VIENTOS.jpg\",\"articleSection\":[\"\u00daltima Hora\"],\"inLanguage\":\"es\",\"potentialAction\":[{\"@type\":\"CommentAction\",\"name\":\"Comment\",\"target\":[\"https:\\\/\\\/www.eldiario.net\\\/portal\\\/2024\\\/08\\\/02\\\/santa-cruz-tendra-clima-caluroso-y-vientos-con-velocidades-de-100-km-por-hora\\\/#respond\"]}]},{\"@type\":\"WebPage\",\"@id\":\"https:\\\/\\\/www.eldiario.net\\\/portal\\\/2024\\\/08\\\/02\\\/santa-cruz-tendra-clima-caluroso-y-vientos-con-velocidades-de-100-km-por-hora\\\/\",\"url\":\"https:\\\/\\\/www.eldiario.net\\\/portal\\\/2024\\\/08\\\/02\\\/santa-cruz-tendra-clima-caluroso-y-vientos-con-velocidades-de-100-km-por-hora\\\/\",\"name\":\"Santa Cruz tendr\u00e1 clima caluroso y vientos con velocidades de 100 km por hora - El Diario - Bolivia\",\"isPartOf\":{\"@id\":\"https:\\\/\\\/www.eldiario.net\\\/portal\\\/#website\"},\"primaryImageOfPage\":{\"@id\":\"https:\\\/\\\/www.eldiario.net\\\/portal\\\/2024\\\/08\\\/02\\\/santa-cruz-tendra-clima-caluroso-y-vientos-con-velocidades-de-100-km-por-hora\\\/#primaryimage\"},\"image\":{\"@id\":\"https:\\\/\\\/www.eldiario.net\\\/portal\\\/2024\\\/08\\\/02\\\/santa-cruz-tendra-clima-caluroso-y-vientos-con-velocidades-de-100-km-por-hora\\\/#primaryimage\"},\"thumbnailUrl\":\"https:\\\/\\\/www.eldiario.net\\\/portal\\\/wp-content\\\/uploads\\\/2024\\\/08\\\/VIENTOS.jpg\",\"datePublished\":\"2024-08-02T22:20:52+00:00\",\"breadcrumb\":{\"@id\":\"https:\\\/\\\/www.eldiario.net\\\/portal\\\/2024\\\/08\\\/02\\\/santa-cruz-tendra-clima-caluroso-y-vientos-con-velocidades-de-100-km-por-hora\\\/#breadcrumb\"},\"inLanguage\":\"es\",\"potentialAction\":[{\"@type\":\"ReadAction\",\"target\":[\"https:\\\/\\\/www.eldiario.net\\\/portal\\\/2024\\\/08\\\/02\\\/santa-cruz-tendra-clima-caluroso-y-vientos-con-velocidades-de-100-km-por-hora\\\/\"]}]},{\"@type\":\"ImageObject\",\"inLanguage\":\"es\",\"@id\":\"https:\\\/\\\/www.eldiario.net\\\/portal\\\/2024\\\/08\\\/02\\\/santa-cruz-tendra-clima-caluroso-y-vientos-con-velocidades-de-100-km-por-hora\\\/#primaryimage\",\"url\":\"https:\\\/\\\/www.eldiario.net\\\/portal\\\/wp-content\\\/uploads\\\/2024\\\/08\\\/VIENTOS.jpg\",\"contentUrl\":\"https:\\\/\\\/www.eldiario.net\\\/portal\\\/wp-content\\\/uploads\\\/2024\\\/08\\\/VIENTOS.jpg\",\"width\":700,\"height\":395,\"caption\":\"Foto: RRSS.\"},{\"@type\":\"BreadcrumbList\",\"@id\":\"https:\\\/\\\/www.eldiario.net\\\/portal\\\/2024\\\/08\\\/02\\\/santa-cruz-tendra-clima-caluroso-y-vientos-con-velocidades-de-100-km-por-hora\\\/#breadcrumb\",\"itemListElement\":[{\"@type\":\"ListItem\",\"position\":1,\"name\":\"Portada\",\"item\":\"https:\\\/\\\/www.eldiario.net\\\/portal\\\/\"},{\"@type\":\"ListItem\",\"position\":2,\"name\":\"Santa Cruz tendr\u00e1 clima caluroso y vientos con velocidades de 100 km por hora\"}]},{\"@type\":\"WebSite\",\"@id\":\"https:\\\/\\\/www.eldiario.net\\\/portal\\\/#website\",\"url\":\"https:\\\/\\\/www.eldiario.net\\\/portal\\\/\",\"name\":\"El Diario - Decano de la prensa nacional\",\"description\":\"El Diario - Decano de la prensa nacional\",\"publisher\":{\"@id\":\"https:\\\/\\\/www.eldiario.net\\\/portal\\\/#organization\"},\"potentialAction\":[{\"@type\":\"SearchAction\",\"target\":{\"@type\":\"EntryPoint\",\"urlTemplate\":\"https:\\\/\\\/www.eldiario.net\\\/portal\\\/?s={search_term_string}\"},\"query-input\":{\"@type\":\"PropertyValueSpecification\",\"valueRequired\":true,\"valueName\":\"search_term_string\"}}],\"inLanguage\":\"es\"},{\"@type\":\"Organization\",\"@id\":\"https:\\\/\\\/www.eldiario.net\\\/portal\\\/#organization\",\"name\":\"El Diario - Decano de la prensa nacional\",\"url\":\"https:\\\/\\\/www.eldiario.net\\\/portal\\\/\",\"logo\":{\"@type\":\"ImageObject\",\"inLanguage\":\"es\",\"@id\":\"https:\\\/\\\/www.eldiario.net\\\/portal\\\/#\\\/schema\\\/logo\\\/image\\\/\",\"url\":\"https:\\\/\\\/www.eldiario.net\\\/portal\\\/wp-content\\\/uploads\\\/2023\\\/07\\\/logo_ED.jpg\",\"contentUrl\":\"https:\\\/\\\/www.eldiario.net\\\/portal\\\/wp-content\\\/uploads\\\/2023\\\/07\\\/logo_ED.jpg\",\"width\":272,\"height\":52,\"caption\":\"El Diario - Decano de la prensa nacional\"},\"image\":{\"@id\":\"https:\\\/\\\/www.eldiario.net\\\/portal\\\/#\\\/schema\\\/logo\\\/image\\\/\"},\"sameAs\":[\"https:\\\/\\\/www.facebook.com\\\/eldiario.bolivia\\\/\",\"https:\\\/\\\/x.com\\\/eldiario_net\"]},{\"@type\":\"Person\",\"@id\":\"https:\\\/\\\/www.eldiario.net\\\/portal\\\/#\\\/schema\\\/person\\\/c1a5d38e458b10c8ebd62f4189b82bbc\",\"name\":\"luis Camacho\",\"image\":{\"@type\":\"ImageObject\",\"inLanguage\":\"es\",\"@id\":\"https:\\\/\\\/secure.gravatar.com\\\/avatar\\\/69ecb836b3826d5a2501bf06ab2a2f2c8ab211cc846758f395df21684cb38313?s=96&d=mm&r=g\",\"url\":\"https:\\\/\\\/secure.gravatar.com\\\/avatar\\\/69ecb836b3826d5a2501bf06ab2a2f2c8ab211cc846758f395df21684cb38313?s=96&d=mm&r=g\",\"contentUrl\":\"https:\\\/\\\/secure.gravatar.com\\\/avatar\\\/69ecb836b3826d5a2501bf06ab2a2f2c8ab211cc846758f395df21684cb38313?s=96&d=mm&r=g\",\"caption\":\"luis Camacho\"},\"url\":\"https:\\\/\\\/www.eldiario.net\\\/portal\\\/author\\\/luis\\\/\"}]}<\/script>\n<!-- \/ Yoast SEO plugin. -->","yoast_head_json":{"title":"Santa Cruz tendr\u00e1 clima caluroso y vientos con velocidades de 100 km por hora - El Diario - Bolivia","robots":{"index":"index","follow":"follow","max-snippet":"max-snippet:-1","max-image-preview":"max-image-preview:large","max-video-preview":"max-video-preview:-1"},"canonical":"https:\/\/www.eldiario.net\/portal\/2024\/08\/02\/santa-cruz-tendra-clima-caluroso-y-vientos-con-velocidades-de-100-km-por-hora\/","og_locale":"es_ES","og_type":"article","og_title":"Santa Cruz tendr\u00e1 clima caluroso y vientos con velocidades de 100 km por hora - El Diario - Bolivia","og_description":"El departamento de Santa Cruz tendr\u00e1 un fin de semana con elevadas temperaturas y vientos que tendr\u00e1n velocidades de hasta 100 kil\u00f3metros por hora. El anuncio fue realizado por el Responsable del Sistema de Informaci\u00f3n y Comunicaci\u00f3n de la Gobernaci\u00f3n de Santa Cruz, Julio C\u00e9sar Claure. Seg\u00fan la autoridad, la ciudad de Santa Cruz y [&hellip;]","og_url":"https:\/\/www.eldiario.net\/portal\/2024\/08\/02\/santa-cruz-tendra-clima-caluroso-y-vientos-con-velocidades-de-100-km-por-hora\/","og_site_name":"El Diario - Bolivia","article_publisher":"https:\/\/www.facebook.com\/eldiario.bolivia\/","article_published_time":"2024-08-02T22:20:52+00:00","og_image":[{"width":700,"height":395,"url":"https:\/\/www.eldiario.net\/portal\/wp-content\/uploads\/2024\/08\/VIENTOS.jpg","type":"image\/jpeg"}],"author":"luis Camacho","twitter_card":"summary_large_image","twitter_creator":"@eldiario_net","twitter_site":"@eldiario_net","twitter_misc":{"Escrito por":"luis Camacho","Tiempo de lectura":"1 minuto"},"schema":{"@context":"https:\/\/schema.org","@graph":[{"@type":"Article","@id":"https:\/\/www.eldiario.net\/portal\/2024\/08\/02\/santa-cruz-tendra-clima-caluroso-y-vientos-con-velocidades-de-100-km-por-hora\/#article","isPartOf":{"@id":"https:\/\/www.eldiario.net\/portal\/2024\/08\/02\/santa-cruz-tendra-clima-caluroso-y-vientos-con-velocidades-de-100-km-por-hora\/"},"author":{"name":"luis Camacho","@id":"https:\/\/www.eldiario.net\/portal\/#\/schema\/person\/c1a5d38e458b10c8ebd62f4189b82bbc"},"headline":"Santa Cruz tendr\u00e1 clima caluroso y vientos con velocidades de 100 km por hora","datePublished":"2024-08-02T22:20:52+00:00","mainEntityOfPage":{"@id":"https:\/\/www.eldiario.net\/portal\/2024\/08\/02\/santa-cruz-tendra-clima-caluroso-y-vientos-con-velocidades-de-100-km-por-hora\/"},"wordCount":143,"commentCount":0,"publisher":{"@id":"https:\/\/www.eldiario.net\/portal\/#organization"},"image":{"@id":"https:\/\/www.eldiario.net\/portal\/2024\/08\/02\/santa-cruz-tendra-clima-caluroso-y-vientos-con-velocidades-de-100-km-por-hora\/#primaryimage"},"thumbnailUrl":"https:\/\/www.eldiario.net\/portal\/wp-content\/uploads\/2024\/08\/VIENTOS.jpg","articleSection":["\u00daltima Hora"],"inLanguage":"es","potentialAction":[{"@type":"CommentAction","name":"Comment","target":["https:\/\/www.eldiario.net\/portal\/2024\/08\/02\/santa-cruz-tendra-clima-caluroso-y-vientos-con-velocidades-de-100-km-por-hora\/#respond"]}]},{"@type":"WebPage","@id":"https:\/\/www.eldiario.net\/portal\/2024\/08\/02\/santa-cruz-tendra-clima-caluroso-y-vientos-con-velocidades-de-100-km-por-hora\/","url":"https:\/\/www.eldiario.net\/portal\/2024\/08\/02\/santa-cruz-tendra-clima-caluroso-y-vientos-con-velocidades-de-100-km-por-hora\/","name":"Santa Cruz tendr\u00e1 clima caluroso y vientos con velocidades de 100 km por hora - El Diario - Bolivia","isPartOf":{"@id":"https:\/\/www.eldiario.net\/portal\/#website"},"primaryImageOfPage":{"@id":"https:\/\/www.eldiario.net\/portal\/2024\/08\/02\/santa-cruz-tendra-clima-caluroso-y-vientos-con-velocidades-de-100-km-por-hora\/#primaryimage"},"image":{"@id":"https:\/\/www.eldiario.net\/portal\/2024\/08\/02\/santa-cruz-tendra-clima-caluroso-y-vientos-con-velocidades-de-100-km-por-hora\/#primaryimage"},"thumbnailUrl":"https:\/\/www.eldiario.net\/portal\/wp-content\/uploads\/2024\/08\/VIENTOS.jpg","datePublished":"2024-08-02T22:20:52+00:00","breadcrumb":{"@id":"https:\/\/www.eldiario.net\/portal\/2024\/08\/02\/santa-cruz-tendra-clima-caluroso-y-vientos-con-velocidades-de-100-km-por-hora\/#breadcrumb"},"inLanguage":"es","potentialAction":[{"@type":"ReadAction","target":["https:\/\/www.eldiario.net\/portal\/2024\/08\/02\/santa-cruz-tendra-clima-caluroso-y-vientos-con-velocidades-de-100-km-por-hora\/"]}]},{"@type":"ImageObject","inLanguage":"es","@id":"https:\/\/www.eldiario.net\/portal\/2024\/08\/02\/santa-cruz-tendra-clima-caluroso-y-vientos-con-velocidades-de-100-km-por-hora\/#primaryimage","url":"https:\/\/www.eldiario.net\/portal\/wp-content\/uploads\/2024\/08\/VIENTOS.jpg","contentUrl":"https:\/\/www.eldiario.net\/portal\/wp-content\/uploads\/2024\/08\/VIENTOS.jpg","width":700,"height":395,"caption":"Foto: RRSS."},{"@type":"BreadcrumbList","@id":"https:\/\/www.eldiario.net\/portal\/2024\/08\/02\/santa-cruz-tendra-clima-caluroso-y-vientos-con-velocidades-de-100-km-por-hora\/#breadcrumb","itemListElement":[{"@type":"ListItem","position":1,"name":"Portada","item":"https:\/\/www.eldiario.net\/portal\/"},{"@type":"ListItem","position":2,"name":"Santa Cruz tendr\u00e1 clima caluroso y vientos con velocidades de 100 km por hora"}]},{"@type":"WebSite","@id":"https:\/\/www.eldiario.net\/portal\/#website","url":"https:\/\/www.eldiario.net\/portal\/","name":"El Diario - Decano de la prensa nacional","description":"El Diario - Decano de la prensa nacional","publisher":{"@id":"https:\/\/www.eldiario.net\/portal\/#organization"},"potentialAction":[{"@type":"SearchAction","target":{"@type":"EntryPoint","urlTemplate":"https:\/\/www.eldiario.net\/portal\/?s={search_term_string}"},"query-input":{"@type":"PropertyValueSpecification","valueRequired":true,"valueName":"search_term_string"}}],"inLanguage":"es"},{"@type":"Organization","@id":"https:\/\/www.eldiario.net\/portal\/#organization","name":"El Diario - Decano de la prensa nacional","url":"https:\/\/www.eldiario.net\/portal\/","logo":{"@type":"ImageObject","inLanguage":"es","@id":"https:\/\/www.eldiario.net\/portal\/#\/schema\/logo\/image\/","url":"https:\/\/www.eldiario.net\/portal\/wp-content\/uploads\/2023\/07\/logo_ED.jpg","contentUrl":"https:\/\/www.eldiario.net\/portal\/wp-content\/uploads\/2023\/07\/logo_ED.jpg","width":272,"height":52,"caption":"El Diario - Decano de la prensa nacional"},"image":{"@id":"https:\/\/www.eldiario.net\/portal\/#\/schema\/logo\/image\/"},"sameAs":["https:\/\/www.facebook.com\/eldiario.bolivia\/","https:\/\/x.com\/eldiario_net"]},{"@type":"Person","@id":"https:\/\/www.eldiario.net\/portal\/#\/schema\/person\/c1a5d38e458b10c8ebd62f4189b82bbc","name":"luis Camacho","image":{"@type":"ImageObject","inLanguage":"es","@id":"https:\/\/secure.gravatar.com\/avatar\/69ecb836b3826d5a2501bf06ab2a2f2c8ab211cc846758f395df21684cb38313?s=96&d=mm&r=g","url":"https:\/\/secure.gravatar.com\/avatar\/69ecb836b3826d5a2501bf06ab2a2f2c8ab211cc846758f395df21684cb38313?s=96&d=mm&r=g","contentUrl":"https:\/\/secure.gravatar.com\/avatar\/69ecb836b3826d5a2501bf06ab2a2f2c8ab211cc846758f395df21684cb38313?s=96&d=mm&r=g","caption":"luis Camacho"},"url":"https:\/\/www.eldiario.net\/portal\/author\/luis\/"}]}},"_links":{"self":[{"href":"https:\/\/www.eldiario.net\/portal\/wp-json\/wp\/v2\/posts\/238162","targetHints":{"allow":["GET"]}}],"collection":[{"href":"https:\/\/www.eldiario.net\/portal\/wp-json\/wp\/v2\/posts"}],"about":[{"href":"https:\/\/www.eldiario.net\/portal\/wp-json\/wp\/v2\/types\/post"}],"author":[{"embeddable":true,"href":"https:\/\/www.eldiario.net\/portal\/wp-json\/wp\/v2\/users\/2"}],"replies":[{"embeddable":true,"href":"https:\/\/www.eldiario.net\/portal\/wp-json\/wp\/v2\/comments?post=238162"}],"version-history":[{"count":1,"href":"https:\/\/www.eldiario.net\/portal\/wp-json\/wp\/v2\/posts\/238162\/revisions"}],"predecessor-version":[{"id":238164,"href":"https:\/\/www.eldiario.net\/portal\/wp-json\/wp\/v2\/posts\/238162\/revisions\/238164"}],"wp:featuredmedia":[{"embeddable":true,"href":"https:\/\/www.eldiario.net\/portal\/wp-json\/wp\/v2\/media\/238163"}],"wp:attachment":[{"href":"https:\/\/www.eldiario.net\/portal\/wp-json\/wp\/v2\/media?parent=238162"}],"wp:term":[{"taxonomy":"category","embeddable":true,"href":"https:\/\/www.eldiario.net\/portal\/wp-json\/wp\/v2\/categories?post=238162"},{"taxonomy":"post_tag","embeddable":true,"href":"https:\/\/www.eldiario.net\/portal\/wp-json\/wp\/v2\/tags?post=238162"}],"curies":[{"name":"wp","href":"https:\/\/api.w.org\/{rel}","templated":true}]}}