{"id":238156,"date":"2024-08-02T17:03:51","date_gmt":"2024-08-02T21:03:51","guid":{"rendered":"https:\/\/www.eldiario.net\/portal\/?p=238156"},"modified":"2024-08-02T17:03:51","modified_gmt":"2024-08-02T21:03:51","slug":"secretaria-de-la-oea-pide-verificacion-de-actas-electorales-en-venezuela","status":"publish","type":"post","link":"https:\/\/www.eldiario.net\/portal\/2024\/08\/02\/secretaria-de-la-oea-pide-verificacion-de-actas-electorales-en-venezuela\/","title":{"rendered":"Secretar\u00eda de la OEA pide verificaci\u00f3n de actas electorales en Venezuela"},"content":{"rendered":"<p>La Secretar\u00eda de la Organizaci\u00f3n de Estados Americanos (OEA) pidi\u00f3 la verificaci\u00f3n de las actas electorales en Venezuela, despu\u00e9s de que los pa\u00edses miembro no lograran aprobar una resoluci\u00f3n sobre el tema, inform\u00f3 la agencia de noticias internacional Europa Press.<\/p>\n<p>\u00abExige el fin de la violencia y el cese del encarcelamiento de manifestantes por parte del gobierno, a la vez que reitera la necesidad de la verificaci\u00f3n de actas de votaci\u00f3n del proceso electoral venezolano del 28 de julio de 2024&#8243;, menciona un comunicado difundido por el medio de comunicaci\u00f3n.<\/p>\n<p>Seg\u00fan Europa Press, la Secretar\u00eda de la OEA inst\u00f3 a \u201cla designaci\u00f3n de una comisi\u00f3n de expertos en el sistema multilateral para comenzar la verificaci\u00f3n de manera absolutamente inmediata\u201d.<\/p>\n<p>\u201cEl retraso de cinco d\u00edas en la publicaci\u00f3n de las actas electorales es el m\u00e1s largo en la historia de la regi\u00f3n\u00bb, agreg\u00f3 la OEA en la publicaci\u00f3n citada por el medio de comunicaci\u00f3n.<\/p>\n<p>Asimismo, el organismo internacional se\u00f1al\u00f3 en el comunicado difundido por Europa Press que \u201cdado que las \u00fanicas actas disponibles son aquellas puestas en conocimiento p\u00fablico por actores electorales venezolanos, es necesario y fundamental que la verificaci\u00f3n de actas comience con el material disponible\u00bb hasta que tanto \u00ablos actores gubernamentales y oficialistas puedan producir las suyas\u00bb.<\/p>\n<p>Esto se produce despu\u00e9s de que los pa\u00edses miembro de la OEA rechazaran una resoluci\u00f3n que ped\u00eda \u00abinmediatamente los resultados de la votaci\u00f3n de cada mesa electoral\u00bb y llevar a cabo una \u00abverificaci\u00f3n exhaustiva de los resultados en presencia de organizaciones observadoras independientes\u00bb.<\/p>\n<p>La votaci\u00f3n de la resoluci\u00f3n se sald\u00f3 con 17 votos a favor, 11 abstenciones &#8211;entre las que destacan las de Bolivia, Brasil y Colombia&#8211;, cero en contra y la ausencia de cinco pa\u00edses &#8211;entre ellos M\u00e9xico y Venezuela&#8211;, si bien es necesario lograr una mayor\u00eda absoluta para aprobar el texto.<\/p>\n<p>Venezuela celebr\u00f3 el domingo unas elecciones en las que, seg\u00fan el oficialismo, el presidente Nicol\u00e1s Maduro se impuso con algo m\u00e1s del 51% de los votos, pese a que no hay resultados oficiales p\u00fablicos.<\/p>\n<p>Gran parte de la comunidad internacional ha mostrado dudas sobre la legalidad de los resultados y la oposici\u00f3n reclama la victoria de su candidato, Edmundo Gonz\u00e1lez.<\/p>\n","protected":false},"excerpt":{"rendered":"<p>La Secretar\u00eda de la Organizaci\u00f3n de Estados Americanos (OEA) pidi\u00f3 la verificaci\u00f3n de las actas electorales en Venezuela, despu\u00e9s de que los pa\u00edses miembro no lograran aprobar una resoluci\u00f3n sobre el tema, inform\u00f3 la agencia de noticias internacional Europa Press. \u00abExige el fin de la violencia y el cese del encarcelamiento de manifestantes por parte [&hellip;]<\/p>\n","protected":false},"author":2,"featured_media":238157,"comment_status":"open","ping_status":"open","sticky":false,"template":"","format":"standard","meta":{"_acf_changed":false,"footnotes":""},"categories":[51],"tags":[],"class_list":["post-238156","post","type-post","status-publish","format-standard","has-post-thumbnail","category-ultima-hora"],"acf":{"antetitulo":""},"yoast_head":"<!-- This site is optimized with the Yoast SEO plugin v28.4 - https:\/\/yoast.com\/product\/yoast-seo-wordpress\/ -->\n<title>Secretar\u00eda de la OEA pide verificaci\u00f3n de actas electorales en Venezuela - El Diario - Bolivia<\/title>\n<meta name=\"robots\" content=\"index, follow, max-snippet:-1, max-image-preview:large, max-video-preview:-1\" \/>\n<link rel=\"canonical\" href=\"https:\/\/www.eldiario.net\/portal\/2024\/08\/02\/secretaria-de-la-oea-pide-verificacion-de-actas-electorales-en-venezuela\/\" \/>\n<meta property=\"og:locale\" content=\"es_ES\" \/>\n<meta property=\"og:type\" content=\"article\" \/>\n<meta property=\"og:title\" content=\"Secretar\u00eda de la OEA pide verificaci\u00f3n de actas electorales en Venezuela - El Diario - Bolivia\" \/>\n<meta property=\"og:description\" content=\"La Secretar\u00eda de la Organizaci\u00f3n de Estados Americanos (OEA) pidi\u00f3 la verificaci\u00f3n de las actas electorales en Venezuela, despu\u00e9s de que los pa\u00edses miembro no lograran aprobar una resoluci\u00f3n sobre el tema, inform\u00f3 la agencia de noticias internacional Europa Press. \u00abExige el fin de la violencia y el cese del encarcelamiento de manifestantes por parte [&hellip;]\" \/>\n<meta property=\"og:url\" content=\"https:\/\/www.eldiario.net\/portal\/2024\/08\/02\/secretaria-de-la-oea-pide-verificacion-de-actas-electorales-en-venezuela\/\" \/>\n<meta property=\"og:site_name\" content=\"El Diario - Bolivia\" \/>\n<meta property=\"article:publisher\" content=\"https:\/\/www.facebook.com\/eldiario.bolivia\/\" \/>\n<meta property=\"article:published_time\" content=\"2024-08-02T21:03:51+00:00\" \/>\n<meta property=\"og:image\" content=\"https:\/\/www.eldiario.net\/portal\/wp-content\/uploads\/2024\/08\/VOTACION.jpg\" \/>\n\t<meta property=\"og:image:width\" content=\"992\" \/>\n\t<meta property=\"og:image:height\" content=\"661\" \/>\n\t<meta property=\"og:image:type\" content=\"image\/jpeg\" \/>\n<meta name=\"author\" content=\"luis Camacho\" \/>\n<meta name=\"twitter:card\" content=\"summary_large_image\" \/>\n<meta name=\"twitter:creator\" content=\"@eldiario_net\" \/>\n<meta name=\"twitter:site\" content=\"@eldiario_net\" \/>\n<meta name=\"twitter:label1\" content=\"Escrito por\" \/>\n\t<meta name=\"twitter:data1\" content=\"luis Camacho\" \/>\n\t<meta name=\"twitter:label2\" content=\"Tiempo de lectura\" \/>\n\t<meta name=\"twitter:data2\" content=\"2 minutos\" \/>\n<script type=\"application\/ld+json\" class=\"yoast-schema-graph\">{\"@context\":\"https:\\\/\\\/schema.org\",\"@graph\":[{\"@type\":\"Article\",\"@id\":\"https:\\\/\\\/www.eldiario.net\\\/portal\\\/2024\\\/08\\\/02\\\/secretaria-de-la-oea-pide-verificacion-de-actas-electorales-en-venezuela\\\/#article\",\"isPartOf\":{\"@id\":\"https:\\\/\\\/www.eldiario.net\\\/portal\\\/2024\\\/08\\\/02\\\/secretaria-de-la-oea-pide-verificacion-de-actas-electorales-en-venezuela\\\/\"},\"author\":{\"name\":\"luis Camacho\",\"@id\":\"https:\\\/\\\/www.eldiario.net\\\/portal\\\/#\\\/schema\\\/person\\\/cab1ae4db27e5f008a62cbffb05fbfee\"},\"headline\":\"Secretar\u00eda de la OEA pide verificaci\u00f3n de actas electorales en Venezuela\",\"datePublished\":\"2024-08-02T21:03:51+00:00\",\"mainEntityOfPage\":{\"@id\":\"https:\\\/\\\/www.eldiario.net\\\/portal\\\/2024\\\/08\\\/02\\\/secretaria-de-la-oea-pide-verificacion-de-actas-electorales-en-venezuela\\\/\"},\"wordCount\":409,\"commentCount\":0,\"publisher\":{\"@id\":\"https:\\\/\\\/www.eldiario.net\\\/portal\\\/#organization\"},\"image\":{\"@id\":\"https:\\\/\\\/www.eldiario.net\\\/portal\\\/2024\\\/08\\\/02\\\/secretaria-de-la-oea-pide-verificacion-de-actas-electorales-en-venezuela\\\/#primaryimage\"},\"thumbnailUrl\":\"https:\\\/\\\/www.eldiario.net\\\/portal\\\/wp-content\\\/uploads\\\/2024\\\/08\\\/VOTACION.jpg\",\"articleSection\":[\"\u00daltima Hora\"],\"inLanguage\":\"es\",\"potentialAction\":[{\"@type\":\"CommentAction\",\"name\":\"Comment\",\"target\":[\"https:\\\/\\\/www.eldiario.net\\\/portal\\\/2024\\\/08\\\/02\\\/secretaria-de-la-oea-pide-verificacion-de-actas-electorales-en-venezuela\\\/#respond\"]}]},{\"@type\":\"WebPage\",\"@id\":\"https:\\\/\\\/www.eldiario.net\\\/portal\\\/2024\\\/08\\\/02\\\/secretaria-de-la-oea-pide-verificacion-de-actas-electorales-en-venezuela\\\/\",\"url\":\"https:\\\/\\\/www.eldiario.net\\\/portal\\\/2024\\\/08\\\/02\\\/secretaria-de-la-oea-pide-verificacion-de-actas-electorales-en-venezuela\\\/\",\"name\":\"Secretar\u00eda de la OEA pide verificaci\u00f3n de actas electorales en Venezuela - El Diario - Bolivia\",\"isPartOf\":{\"@id\":\"https:\\\/\\\/www.eldiario.net\\\/portal\\\/#website\"},\"primaryImageOfPage\":{\"@id\":\"https:\\\/\\\/www.eldiario.net\\\/portal\\\/2024\\\/08\\\/02\\\/secretaria-de-la-oea-pide-verificacion-de-actas-electorales-en-venezuela\\\/#primaryimage\"},\"image\":{\"@id\":\"https:\\\/\\\/www.eldiario.net\\\/portal\\\/2024\\\/08\\\/02\\\/secretaria-de-la-oea-pide-verificacion-de-actas-electorales-en-venezuela\\\/#primaryimage\"},\"thumbnailUrl\":\"https:\\\/\\\/www.eldiario.net\\\/portal\\\/wp-content\\\/uploads\\\/2024\\\/08\\\/VOTACION.jpg\",\"datePublished\":\"2024-08-02T21:03:51+00:00\",\"breadcrumb\":{\"@id\":\"https:\\\/\\\/www.eldiario.net\\\/portal\\\/2024\\\/08\\\/02\\\/secretaria-de-la-oea-pide-verificacion-de-actas-electorales-en-venezuela\\\/#breadcrumb\"},\"inLanguage\":\"es\",\"potentialAction\":[{\"@type\":\"ReadAction\",\"target\":[\"https:\\\/\\\/www.eldiario.net\\\/portal\\\/2024\\\/08\\\/02\\\/secretaria-de-la-oea-pide-verificacion-de-actas-electorales-en-venezuela\\\/\"]}]},{\"@type\":\"ImageObject\",\"inLanguage\":\"es\",\"@id\":\"https:\\\/\\\/www.eldiario.net\\\/portal\\\/2024\\\/08\\\/02\\\/secretaria-de-la-oea-pide-verificacion-de-actas-electorales-en-venezuela\\\/#primaryimage\",\"url\":\"https:\\\/\\\/www.eldiario.net\\\/portal\\\/wp-content\\\/uploads\\\/2024\\\/08\\\/VOTACION.jpg\",\"contentUrl\":\"https:\\\/\\\/www.eldiario.net\\\/portal\\\/wp-content\\\/uploads\\\/2024\\\/08\\\/VOTACION.jpg\",\"width\":992,\"height\":661,\"caption\":\"Foto: Infobae.\"},{\"@type\":\"BreadcrumbList\",\"@id\":\"https:\\\/\\\/www.eldiario.net\\\/portal\\\/2024\\\/08\\\/02\\\/secretaria-de-la-oea-pide-verificacion-de-actas-electorales-en-venezuela\\\/#breadcrumb\",\"itemListElement\":[{\"@type\":\"ListItem\",\"position\":1,\"name\":\"Portada\",\"item\":\"https:\\\/\\\/www.eldiario.net\\\/portal\\\/\"},{\"@type\":\"ListItem\",\"position\":2,\"name\":\"Secretar\u00eda de la OEA pide verificaci\u00f3n de actas electorales en Venezuela\"}]},{\"@type\":\"WebSite\",\"@id\":\"https:\\\/\\\/www.eldiario.net\\\/portal\\\/#website\",\"url\":\"https:\\\/\\\/www.eldiario.net\\\/portal\\\/\",\"name\":\"El Diario - Decano de la prensa nacional\",\"description\":\"El Diario - Decano de la prensa nacional\",\"publisher\":{\"@id\":\"https:\\\/\\\/www.eldiario.net\\\/portal\\\/#organization\"},\"potentialAction\":[{\"@type\":\"SearchAction\",\"target\":{\"@type\":\"EntryPoint\",\"urlTemplate\":\"https:\\\/\\\/www.eldiario.net\\\/portal\\\/?s={search_term_string}\"},\"query-input\":{\"@type\":\"PropertyValueSpecification\",\"valueRequired\":true,\"valueName\":\"search_term_string\"}}],\"inLanguage\":\"es\"},{\"@type\":\"Organization\",\"@id\":\"https:\\\/\\\/www.eldiario.net\\\/portal\\\/#organization\",\"name\":\"El Diario - Decano de la prensa nacional\",\"url\":\"https:\\\/\\\/www.eldiario.net\\\/portal\\\/\",\"logo\":{\"@type\":\"ImageObject\",\"inLanguage\":\"es\",\"@id\":\"https:\\\/\\\/www.eldiario.net\\\/portal\\\/#\\\/schema\\\/logo\\\/image\\\/\",\"url\":\"https:\\\/\\\/www.eldiario.net\\\/portal\\\/wp-content\\\/uploads\\\/2023\\\/07\\\/logo_ED.jpg\",\"contentUrl\":\"https:\\\/\\\/www.eldiario.net\\\/portal\\\/wp-content\\\/uploads\\\/2023\\\/07\\\/logo_ED.jpg\",\"width\":272,\"height\":52,\"caption\":\"El Diario - Decano de la prensa nacional\"},\"image\":{\"@id\":\"https:\\\/\\\/www.eldiario.net\\\/portal\\\/#\\\/schema\\\/logo\\\/image\\\/\"},\"sameAs\":[\"https:\\\/\\\/www.facebook.com\\\/eldiario.bolivia\\\/\",\"https:\\\/\\\/x.com\\\/eldiario_net\"]},{\"@type\":\"Person\",\"@id\":\"https:\\\/\\\/www.eldiario.net\\\/portal\\\/#\\\/schema\\\/person\\\/cab1ae4db27e5f008a62cbffb05fbfee\",\"name\":\"luis Camacho\",\"image\":{\"@type\":\"ImageObject\",\"inLanguage\":\"es\",\"@id\":\"https:\\\/\\\/secure.gravatar.com\\\/avatar\\\/69ecb836b3826d5a2501bf06ab2a2f2c8ab211cc846758f395df21684cb38313?s=96&d=mm&r=g\",\"url\":\"https:\\\/\\\/secure.gravatar.com\\\/avatar\\\/69ecb836b3826d5a2501bf06ab2a2f2c8ab211cc846758f395df21684cb38313?s=96&d=mm&r=g\",\"contentUrl\":\"https:\\\/\\\/secure.gravatar.com\\\/avatar\\\/69ecb836b3826d5a2501bf06ab2a2f2c8ab211cc846758f395df21684cb38313?s=96&d=mm&r=g\",\"caption\":\"luis Camacho\"},\"url\":\"https:\\\/\\\/www.eldiario.net\\\/portal\\\/author\\\/luis\\\/\"}]}<\/script>\n<!-- \/ Yoast SEO plugin. -->","yoast_head_json":{"title":"Secretar\u00eda de la OEA pide verificaci\u00f3n de actas electorales en Venezuela - El Diario - Bolivia","robots":{"index":"index","follow":"follow","max-snippet":"max-snippet:-1","max-image-preview":"max-image-preview:large","max-video-preview":"max-video-preview:-1"},"canonical":"https:\/\/www.eldiario.net\/portal\/2024\/08\/02\/secretaria-de-la-oea-pide-verificacion-de-actas-electorales-en-venezuela\/","og_locale":"es_ES","og_type":"article","og_title":"Secretar\u00eda de la OEA pide verificaci\u00f3n de actas electorales en Venezuela - El Diario - Bolivia","og_description":"La Secretar\u00eda de la Organizaci\u00f3n de Estados Americanos (OEA) pidi\u00f3 la verificaci\u00f3n de las actas electorales en Venezuela, despu\u00e9s de que los pa\u00edses miembro no lograran aprobar una resoluci\u00f3n sobre el tema, inform\u00f3 la agencia de noticias internacional Europa Press. \u00abExige el fin de la violencia y el cese del encarcelamiento de manifestantes por parte [&hellip;]","og_url":"https:\/\/www.eldiario.net\/portal\/2024\/08\/02\/secretaria-de-la-oea-pide-verificacion-de-actas-electorales-en-venezuela\/","og_site_name":"El Diario - Bolivia","article_publisher":"https:\/\/www.facebook.com\/eldiario.bolivia\/","article_published_time":"2024-08-02T21:03:51+00:00","og_image":[{"width":992,"height":661,"url":"https:\/\/www.eldiario.net\/portal\/wp-content\/uploads\/2024\/08\/VOTACION.jpg","type":"image\/jpeg"}],"author":"luis Camacho","twitter_card":"summary_large_image","twitter_creator":"@eldiario_net","twitter_site":"@eldiario_net","twitter_misc":{"Escrito por":"luis Camacho","Tiempo de lectura":"2 minutos"},"schema":{"@context":"https:\/\/schema.org","@graph":[{"@type":"Article","@id":"https:\/\/www.eldiario.net\/portal\/2024\/08\/02\/secretaria-de-la-oea-pide-verificacion-de-actas-electorales-en-venezuela\/#article","isPartOf":{"@id":"https:\/\/www.eldiario.net\/portal\/2024\/08\/02\/secretaria-de-la-oea-pide-verificacion-de-actas-electorales-en-venezuela\/"},"author":{"name":"luis Camacho","@id":"https:\/\/www.eldiario.net\/portal\/#\/schema\/person\/cab1ae4db27e5f008a62cbffb05fbfee"},"headline":"Secretar\u00eda de la OEA pide verificaci\u00f3n de actas electorales en Venezuela","datePublished":"2024-08-02T21:03:51+00:00","mainEntityOfPage":{"@id":"https:\/\/www.eldiario.net\/portal\/2024\/08\/02\/secretaria-de-la-oea-pide-verificacion-de-actas-electorales-en-venezuela\/"},"wordCount":409,"commentCount":0,"publisher":{"@id":"https:\/\/www.eldiario.net\/portal\/#organization"},"image":{"@id":"https:\/\/www.eldiario.net\/portal\/2024\/08\/02\/secretaria-de-la-oea-pide-verificacion-de-actas-electorales-en-venezuela\/#primaryimage"},"thumbnailUrl":"https:\/\/www.eldiario.net\/portal\/wp-content\/uploads\/2024\/08\/VOTACION.jpg","articleSection":["\u00daltima Hora"],"inLanguage":"es","potentialAction":[{"@type":"CommentAction","name":"Comment","target":["https:\/\/www.eldiario.net\/portal\/2024\/08\/02\/secretaria-de-la-oea-pide-verificacion-de-actas-electorales-en-venezuela\/#respond"]}]},{"@type":"WebPage","@id":"https:\/\/www.eldiario.net\/portal\/2024\/08\/02\/secretaria-de-la-oea-pide-verificacion-de-actas-electorales-en-venezuela\/","url":"https:\/\/www.eldiario.net\/portal\/2024\/08\/02\/secretaria-de-la-oea-pide-verificacion-de-actas-electorales-en-venezuela\/","name":"Secretar\u00eda de la OEA pide verificaci\u00f3n de actas electorales en Venezuela - El Diario - Bolivia","isPartOf":{"@id":"https:\/\/www.eldiario.net\/portal\/#website"},"primaryImageOfPage":{"@id":"https:\/\/www.eldiario.net\/portal\/2024\/08\/02\/secretaria-de-la-oea-pide-verificacion-de-actas-electorales-en-venezuela\/#primaryimage"},"image":{"@id":"https:\/\/www.eldiario.net\/portal\/2024\/08\/02\/secretaria-de-la-oea-pide-verificacion-de-actas-electorales-en-venezuela\/#primaryimage"},"thumbnailUrl":"https:\/\/www.eldiario.net\/portal\/wp-content\/uploads\/2024\/08\/VOTACION.jpg","datePublished":"2024-08-02T21:03:51+00:00","breadcrumb":{"@id":"https:\/\/www.eldiario.net\/portal\/2024\/08\/02\/secretaria-de-la-oea-pide-verificacion-de-actas-electorales-en-venezuela\/#breadcrumb"},"inLanguage":"es","potentialAction":[{"@type":"ReadAction","target":["https:\/\/www.eldiario.net\/portal\/2024\/08\/02\/secretaria-de-la-oea-pide-verificacion-de-actas-electorales-en-venezuela\/"]}]},{"@type":"ImageObject","inLanguage":"es","@id":"https:\/\/www.eldiario.net\/portal\/2024\/08\/02\/secretaria-de-la-oea-pide-verificacion-de-actas-electorales-en-venezuela\/#primaryimage","url":"https:\/\/www.eldiario.net\/portal\/wp-content\/uploads\/2024\/08\/VOTACION.jpg","contentUrl":"https:\/\/www.eldiario.net\/portal\/wp-content\/uploads\/2024\/08\/VOTACION.jpg","width":992,"height":661,"caption":"Foto: Infobae."},{"@type":"BreadcrumbList","@id":"https:\/\/www.eldiario.net\/portal\/2024\/08\/02\/secretaria-de-la-oea-pide-verificacion-de-actas-electorales-en-venezuela\/#breadcrumb","itemListElement":[{"@type":"ListItem","position":1,"name":"Portada","item":"https:\/\/www.eldiario.net\/portal\/"},{"@type":"ListItem","position":2,"name":"Secretar\u00eda de la OEA pide verificaci\u00f3n de actas electorales en Venezuela"}]},{"@type":"WebSite","@id":"https:\/\/www.eldiario.net\/portal\/#website","url":"https:\/\/www.eldiario.net\/portal\/","name":"El Diario - Decano de la prensa nacional","description":"El Diario - Decano de la prensa nacional","publisher":{"@id":"https:\/\/www.eldiario.net\/portal\/#organization"},"potentialAction":[{"@type":"SearchAction","target":{"@type":"EntryPoint","urlTemplate":"https:\/\/www.eldiario.net\/portal\/?s={search_term_string}"},"query-input":{"@type":"PropertyValueSpecification","valueRequired":true,"valueName":"search_term_string"}}],"inLanguage":"es"},{"@type":"Organization","@id":"https:\/\/www.eldiario.net\/portal\/#organization","name":"El Diario - Decano de la prensa nacional","url":"https:\/\/www.eldiario.net\/portal\/","logo":{"@type":"ImageObject","inLanguage":"es","@id":"https:\/\/www.eldiario.net\/portal\/#\/schema\/logo\/image\/","url":"https:\/\/www.eldiario.net\/portal\/wp-content\/uploads\/2023\/07\/logo_ED.jpg","contentUrl":"https:\/\/www.eldiario.net\/portal\/wp-content\/uploads\/2023\/07\/logo_ED.jpg","width":272,"height":52,"caption":"El Diario - Decano de la prensa nacional"},"image":{"@id":"https:\/\/www.eldiario.net\/portal\/#\/schema\/logo\/image\/"},"sameAs":["https:\/\/www.facebook.com\/eldiario.bolivia\/","https:\/\/x.com\/eldiario_net"]},{"@type":"Person","@id":"https:\/\/www.eldiario.net\/portal\/#\/schema\/person\/cab1ae4db27e5f008a62cbffb05fbfee","name":"luis Camacho","image":{"@type":"ImageObject","inLanguage":"es","@id":"https:\/\/secure.gravatar.com\/avatar\/69ecb836b3826d5a2501bf06ab2a2f2c8ab211cc846758f395df21684cb38313?s=96&d=mm&r=g","url":"https:\/\/secure.gravatar.com\/avatar\/69ecb836b3826d5a2501bf06ab2a2f2c8ab211cc846758f395df21684cb38313?s=96&d=mm&r=g","contentUrl":"https:\/\/secure.gravatar.com\/avatar\/69ecb836b3826d5a2501bf06ab2a2f2c8ab211cc846758f395df21684cb38313?s=96&d=mm&r=g","caption":"luis Camacho"},"url":"https:\/\/www.eldiario.net\/portal\/author\/luis\/"}]}},"_links":{"self":[{"href":"https:\/\/www.eldiario.net\/portal\/wp-json\/wp\/v2\/posts\/238156","targetHints":{"allow":["GET"]}}],"collection":[{"href":"https:\/\/www.eldiario.net\/portal\/wp-json\/wp\/v2\/posts"}],"about":[{"href":"https:\/\/www.eldiario.net\/portal\/wp-json\/wp\/v2\/types\/post"}],"author":[{"embeddable":true,"href":"https:\/\/www.eldiario.net\/portal\/wp-json\/wp\/v2\/users\/2"}],"replies":[{"embeddable":true,"href":"https:\/\/www.eldiario.net\/portal\/wp-json\/wp\/v2\/comments?post=238156"}],"version-history":[{"count":1,"href":"https:\/\/www.eldiario.net\/portal\/wp-json\/wp\/v2\/posts\/238156\/revisions"}],"predecessor-version":[{"id":238158,"href":"https:\/\/www.eldiario.net\/portal\/wp-json\/wp\/v2\/posts\/238156\/revisions\/238158"}],"wp:featuredmedia":[{"embeddable":true,"href":"https:\/\/www.eldiario.net\/portal\/wp-json\/wp\/v2\/media\/238157"}],"wp:attachment":[{"href":"https:\/\/www.eldiario.net\/portal\/wp-json\/wp\/v2\/media?parent=238156"}],"wp:term":[{"taxonomy":"category","embeddable":true,"href":"https:\/\/www.eldiario.net\/portal\/wp-json\/wp\/v2\/categories?post=238156"},{"taxonomy":"post_tag","embeddable":true,"href":"https:\/\/www.eldiario.net\/portal\/wp-json\/wp\/v2\/tags?post=238156"}],"curies":[{"name":"wp","href":"https:\/\/api.w.org\/{rel}","templated":true}]}}