{"id":23814,"date":"2021-08-16T06:24:41","date_gmt":"2021-08-16T10:24:41","guid":{"rendered":"https:\/\/www.eldiario.net\/portal\/?p=23814"},"modified":"2021-08-16T06:24:41","modified_gmt":"2021-08-16T10:24:41","slug":"vocero-tcp-tendra-la-palabra-definitiva-sobre-la-reeleccion-presidencial-indefinida","status":"publish","type":"post","link":"https:\/\/www.eldiario.net\/portal\/2021\/08\/16\/vocero-tcp-tendra-la-palabra-definitiva-sobre-la-reeleccion-presidencial-indefinida\/","title":{"rendered":"Vocero: TCP tendr\u00e1 \u201cla palabra definitiva\u201d  sobre la reelecci\u00f3n presidencial indefinida"},"content":{"rendered":"<p>El vocero presidencial, Jorge Ritcher, afirm\u00f3 ayer que el Gobierno dejar\u00e1 en manos del Tribunal Constitucional Plurinacional (TCP) la interpretaci\u00f3n de la opini\u00f3n consultiva de la Corte Interamericana de Derechos Humanos (Corte-IDH) sobre la reelecci\u00f3n presidencial indefinida.<br \/>\nA pesar que la Corte-IDH concluy\u00f3 de manera categ\u00f3rica que la reelecci\u00f3n presidencial indefinida no es un derecho humano aut\u00f3nomo, pues no cuenta con reconocimiento normativo en la Convenci\u00f3n ni en la Declaraci\u00f3n Americana, ni el derecho internacional de los derechos humanos, Ritcher no dio certidumbres sobre su cumplimiento inmediato.<br \/>\n\u201cEntendemos desde el Gobierno, que esta cuesti\u00f3n de las reelecciones no significa un tema que deba ser tratado y que deba ser debatido porque no hay riesgo, si la palabra riesgo es aceptada, de que pueda el actual Presidente establecer esa l\u00ednea de reelecci\u00f3n. En ese sentido lo importante es tener claridad, que se poda cerrar el evento y podamos tener una palabra definitiva, esa palabra definitiva no la puede dar cualquiera, sino el Tribunal Constitucional\u201d, dijo en entrevista con Btv.<br \/>\nLa posici\u00f3n de Ritcher va en contradicci\u00f3n de lo que manifestaron legalistas y constitucionalistas que advirtieron que el TCP no tiene potestad para interpretar fallos de la Corte Interamericana de Derechos Humanos, y que el Estado boliviano como miembro signatario del sistema interamericano debe acatar lo dispuesto por el ente supraestatal.<br \/>\n\u201cTenemos un documento, un fallo que lo ha producido la Corte Interamericana de Derechos Humanos y tambi\u00e9n tenemos un otro documento, la sentencia constitucional 084 por la cual el a\u00f1o 2017 se le permiti\u00f3 al se\u00f1or Evo Morales ser candidato a la presidencia (\u2026). Estos dos documentos a trav\u00e9s de lo que se llama un di\u00e1logo interjurisdiccional deben conocerse, \u00bfy qui\u00e9n debe hacerlo? el encargado de conocer el control de convencionalidad, que es el Tribunal Constitucional\u201d, se\u00f1al\u00f3 en Btv.<br \/>\nSeg\u00fan Ritcher, el TCP deber\u00e1 emitir un fallo final sobre la vinculatoriedad \u201cpara que todos los bolivianos podamos cerrar este tema\u201d. No obstante dijo que este ente deber\u00e1 evaluar el fallo de la Corte-IDH en su momento, pues en su criterio, el presidente Luis Arce no tiene la intenci\u00f3n de ir en la l\u00ednea de la reelecci\u00f3n.<br \/>\n\u201cA lo largo de las hojas del documento hay una referencia de manera constante a las democracias representativas, y las democracias representativas son propias del sistema liberal, republicano. En cambio en Bolivia de acuerdo al art\u00edculo 11 de la Constituci\u00f3n Pol\u00edtica del Estado hay una conjunci\u00f3n del sistema democr\u00e1tico participativo, representativo y comunitario\u201d, se\u00f1al\u00f3 Ritcher.<br \/>\nEn ese marco, dijo que la respuesta a la opini\u00f3n consultiva emitida por la Corte-IDH debe considerarla el TCP. Pero record\u00f3 que la Constituci\u00f3n Pol\u00edtica del Estado en su art\u00edculo 168 establece que un presidente puede reelegirse una vez de manera consecutiva en t\u00e9rminos de plazos. (Br\u00fajula Digital)<\/p>\n","protected":false},"excerpt":{"rendered":"<p>El vocero presidencial, Jorge Ritcher, afirm\u00f3 ayer que el Gobierno dejar\u00e1 en manos del Tribunal Constitucional Plurinacional (TCP) la interpretaci\u00f3n de la opini\u00f3n consultiva de la Corte Interamericana de Derechos Humanos (Corte-IDH) sobre la reelecci\u00f3n presidencial indefinida. A pesar que la Corte-IDH concluy\u00f3 de manera categ\u00f3rica que la reelecci\u00f3n presidencial indefinida no es un derecho [&hellip;]<\/p>\n","protected":false},"author":1,"featured_media":0,"comment_status":"closed","ping_status":"closed","sticky":false,"template":"","format":"standard","meta":{"_acf_changed":false,"footnotes":""},"categories":[14],"tags":[],"class_list":["post-23814","post","type-post","status-publish","format-standard","category-politica"],"acf":{"antetitulo":""},"yoast_head":"<!-- This site is optimized with the Yoast SEO plugin v28.4 - https:\/\/yoast.com\/product\/yoast-seo-wordpress\/ -->\n<title>Vocero: TCP tendr\u00e1 \u201cla palabra definitiva\u201d sobre la reelecci\u00f3n presidencial indefinida - El Diario - Bolivia<\/title>\n<meta name=\"robots\" content=\"index, follow, max-snippet:-1, max-image-preview:large, max-video-preview:-1\" \/>\n<link rel=\"canonical\" href=\"https:\/\/www.eldiario.net\/portal\/2021\/08\/16\/vocero-tcp-tendra-la-palabra-definitiva-sobre-la-reeleccion-presidencial-indefinida\/\" \/>\n<meta property=\"og:locale\" content=\"es_ES\" \/>\n<meta property=\"og:type\" content=\"article\" \/>\n<meta property=\"og:title\" content=\"Vocero: TCP tendr\u00e1 \u201cla palabra definitiva\u201d sobre la reelecci\u00f3n presidencial indefinida - El Diario - Bolivia\" \/>\n<meta property=\"og:description\" content=\"El vocero presidencial, Jorge Ritcher, afirm\u00f3 ayer que el Gobierno dejar\u00e1 en manos del Tribunal Constitucional Plurinacional (TCP) la interpretaci\u00f3n de la opini\u00f3n consultiva de la Corte Interamericana de Derechos Humanos (Corte-IDH) sobre la reelecci\u00f3n presidencial indefinida. A pesar que la Corte-IDH concluy\u00f3 de manera categ\u00f3rica que la reelecci\u00f3n presidencial indefinida no es un derecho [&hellip;]\" \/>\n<meta property=\"og:url\" content=\"https:\/\/www.eldiario.net\/portal\/2021\/08\/16\/vocero-tcp-tendra-la-palabra-definitiva-sobre-la-reeleccion-presidencial-indefinida\/\" \/>\n<meta property=\"og:site_name\" content=\"El Diario - Bolivia\" \/>\n<meta property=\"article:publisher\" content=\"https:\/\/www.facebook.com\/eldiario.bolivia\/\" \/>\n<meta property=\"article:published_time\" content=\"2021-08-16T10:24:41+00:00\" \/>\n<meta name=\"author\" content=\"Jeanette\" \/>\n<meta name=\"twitter:card\" content=\"summary_large_image\" \/>\n<meta name=\"twitter:creator\" content=\"@eldiario_net\" \/>\n<meta name=\"twitter:site\" content=\"@eldiario_net\" \/>\n<meta name=\"twitter:label1\" content=\"Escrito por\" \/>\n\t<meta name=\"twitter:data1\" content=\"Jeanette\" \/>\n\t<meta name=\"twitter:label2\" content=\"Tiempo de lectura\" \/>\n\t<meta name=\"twitter:data2\" content=\"3 minutos\" \/>\n<script type=\"application\/ld+json\" class=\"yoast-schema-graph\">{\"@context\":\"https:\\\/\\\/schema.org\",\"@graph\":[{\"@type\":\"Article\",\"@id\":\"https:\\\/\\\/www.eldiario.net\\\/portal\\\/2021\\\/08\\\/16\\\/vocero-tcp-tendra-la-palabra-definitiva-sobre-la-reeleccion-presidencial-indefinida\\\/#article\",\"isPartOf\":{\"@id\":\"https:\\\/\\\/www.eldiario.net\\\/portal\\\/2021\\\/08\\\/16\\\/vocero-tcp-tendra-la-palabra-definitiva-sobre-la-reeleccion-presidencial-indefinida\\\/\"},\"author\":{\"name\":\"Jeanette\",\"@id\":\"https:\\\/\\\/www.eldiario.net\\\/portal\\\/#\\\/schema\\\/person\\\/f46445640444750d7d753ccd04ae01b7\"},\"headline\":\"Vocero: TCP tendr\u00e1 \u201cla palabra definitiva\u201d sobre la reelecci\u00f3n presidencial indefinida\",\"datePublished\":\"2021-08-16T10:24:41+00:00\",\"mainEntityOfPage\":{\"@id\":\"https:\\\/\\\/www.eldiario.net\\\/portal\\\/2021\\\/08\\\/16\\\/vocero-tcp-tendra-la-palabra-definitiva-sobre-la-reeleccion-presidencial-indefinida\\\/\"},\"wordCount\":501,\"publisher\":{\"@id\":\"https:\\\/\\\/www.eldiario.net\\\/portal\\\/#organization\"},\"articleSection\":[\"Pol\u00edtica\"],\"inLanguage\":\"es\"},{\"@type\":\"WebPage\",\"@id\":\"https:\\\/\\\/www.eldiario.net\\\/portal\\\/2021\\\/08\\\/16\\\/vocero-tcp-tendra-la-palabra-definitiva-sobre-la-reeleccion-presidencial-indefinida\\\/\",\"url\":\"https:\\\/\\\/www.eldiario.net\\\/portal\\\/2021\\\/08\\\/16\\\/vocero-tcp-tendra-la-palabra-definitiva-sobre-la-reeleccion-presidencial-indefinida\\\/\",\"name\":\"Vocero: TCP tendr\u00e1 \u201cla palabra definitiva\u201d sobre la reelecci\u00f3n presidencial indefinida - El Diario - Bolivia\",\"isPartOf\":{\"@id\":\"https:\\\/\\\/www.eldiario.net\\\/portal\\\/#website\"},\"datePublished\":\"2021-08-16T10:24:41+00:00\",\"breadcrumb\":{\"@id\":\"https:\\\/\\\/www.eldiario.net\\\/portal\\\/2021\\\/08\\\/16\\\/vocero-tcp-tendra-la-palabra-definitiva-sobre-la-reeleccion-presidencial-indefinida\\\/#breadcrumb\"},\"inLanguage\":\"es\",\"potentialAction\":[{\"@type\":\"ReadAction\",\"target\":[\"https:\\\/\\\/www.eldiario.net\\\/portal\\\/2021\\\/08\\\/16\\\/vocero-tcp-tendra-la-palabra-definitiva-sobre-la-reeleccion-presidencial-indefinida\\\/\"]}]},{\"@type\":\"BreadcrumbList\",\"@id\":\"https:\\\/\\\/www.eldiario.net\\\/portal\\\/2021\\\/08\\\/16\\\/vocero-tcp-tendra-la-palabra-definitiva-sobre-la-reeleccion-presidencial-indefinida\\\/#breadcrumb\",\"itemListElement\":[{\"@type\":\"ListItem\",\"position\":1,\"name\":\"Portada\",\"item\":\"https:\\\/\\\/www.eldiario.net\\\/portal\\\/\"},{\"@type\":\"ListItem\",\"position\":2,\"name\":\"Vocero: TCP tendr\u00e1 \u201cla palabra definitiva\u201d sobre la reelecci\u00f3n presidencial indefinida\"}]},{\"@type\":\"WebSite\",\"@id\":\"https:\\\/\\\/www.eldiario.net\\\/portal\\\/#website\",\"url\":\"https:\\\/\\\/www.eldiario.net\\\/portal\\\/\",\"name\":\"El Diario - Decano de la prensa nacional\",\"description\":\"El Diario - Decano de la prensa nacional\",\"publisher\":{\"@id\":\"https:\\\/\\\/www.eldiario.net\\\/portal\\\/#organization\"},\"potentialAction\":[{\"@type\":\"SearchAction\",\"target\":{\"@type\":\"EntryPoint\",\"urlTemplate\":\"https:\\\/\\\/www.eldiario.net\\\/portal\\\/?s={search_term_string}\"},\"query-input\":{\"@type\":\"PropertyValueSpecification\",\"valueRequired\":true,\"valueName\":\"search_term_string\"}}],\"inLanguage\":\"es\"},{\"@type\":\"Organization\",\"@id\":\"https:\\\/\\\/www.eldiario.net\\\/portal\\\/#organization\",\"name\":\"El Diario - Decano de la prensa nacional\",\"url\":\"https:\\\/\\\/www.eldiario.net\\\/portal\\\/\",\"logo\":{\"@type\":\"ImageObject\",\"inLanguage\":\"es\",\"@id\":\"https:\\\/\\\/www.eldiario.net\\\/portal\\\/#\\\/schema\\\/logo\\\/image\\\/\",\"url\":\"https:\\\/\\\/www.eldiario.net\\\/portal\\\/wp-content\\\/uploads\\\/2023\\\/07\\\/logo_ED.jpg\",\"contentUrl\":\"https:\\\/\\\/www.eldiario.net\\\/portal\\\/wp-content\\\/uploads\\\/2023\\\/07\\\/logo_ED.jpg\",\"width\":272,\"height\":52,\"caption\":\"El Diario - Decano de la prensa nacional\"},\"image\":{\"@id\":\"https:\\\/\\\/www.eldiario.net\\\/portal\\\/#\\\/schema\\\/logo\\\/image\\\/\"},\"sameAs\":[\"https:\\\/\\\/www.facebook.com\\\/eldiario.bolivia\\\/\",\"https:\\\/\\\/x.com\\\/eldiario_net\"]},{\"@type\":\"Person\",\"@id\":\"https:\\\/\\\/www.eldiario.net\\\/portal\\\/#\\\/schema\\\/person\\\/f46445640444750d7d753ccd04ae01b7\",\"name\":\"Jeanette\",\"image\":{\"@type\":\"ImageObject\",\"inLanguage\":\"es\",\"@id\":\"https:\\\/\\\/secure.gravatar.com\\\/avatar\\\/3ea2118a5f7dad2b7138b1187a6b7ee55f160b9968b66013c3a3ef39dd7e5798?s=96&d=mm&r=g\",\"url\":\"https:\\\/\\\/secure.gravatar.com\\\/avatar\\\/3ea2118a5f7dad2b7138b1187a6b7ee55f160b9968b66013c3a3ef39dd7e5798?s=96&d=mm&r=g\",\"contentUrl\":\"https:\\\/\\\/secure.gravatar.com\\\/avatar\\\/3ea2118a5f7dad2b7138b1187a6b7ee55f160b9968b66013c3a3ef39dd7e5798?s=96&d=mm&r=g\",\"caption\":\"Jeanette\"},\"sameAs\":[\"https:\\\/\\\/www.eldiario.net\\\/portal\"],\"url\":\"https:\\\/\\\/www.eldiario.net\\\/portal\\\/author\\\/jeanette\\\/\"}]}<\/script>\n<!-- \/ Yoast SEO plugin. -->","yoast_head_json":{"title":"Vocero: TCP tendr\u00e1 \u201cla palabra definitiva\u201d sobre la reelecci\u00f3n presidencial indefinida - El Diario - Bolivia","robots":{"index":"index","follow":"follow","max-snippet":"max-snippet:-1","max-image-preview":"max-image-preview:large","max-video-preview":"max-video-preview:-1"},"canonical":"https:\/\/www.eldiario.net\/portal\/2021\/08\/16\/vocero-tcp-tendra-la-palabra-definitiva-sobre-la-reeleccion-presidencial-indefinida\/","og_locale":"es_ES","og_type":"article","og_title":"Vocero: TCP tendr\u00e1 \u201cla palabra definitiva\u201d sobre la reelecci\u00f3n presidencial indefinida - El Diario - Bolivia","og_description":"El vocero presidencial, Jorge Ritcher, afirm\u00f3 ayer que el Gobierno dejar\u00e1 en manos del Tribunal Constitucional Plurinacional (TCP) la interpretaci\u00f3n de la opini\u00f3n consultiva de la Corte Interamericana de Derechos Humanos (Corte-IDH) sobre la reelecci\u00f3n presidencial indefinida. A pesar que la Corte-IDH concluy\u00f3 de manera categ\u00f3rica que la reelecci\u00f3n presidencial indefinida no es un derecho [&hellip;]","og_url":"https:\/\/www.eldiario.net\/portal\/2021\/08\/16\/vocero-tcp-tendra-la-palabra-definitiva-sobre-la-reeleccion-presidencial-indefinida\/","og_site_name":"El Diario - Bolivia","article_publisher":"https:\/\/www.facebook.com\/eldiario.bolivia\/","article_published_time":"2021-08-16T10:24:41+00:00","author":"Jeanette","twitter_card":"summary_large_image","twitter_creator":"@eldiario_net","twitter_site":"@eldiario_net","twitter_misc":{"Escrito por":"Jeanette","Tiempo de lectura":"3 minutos"},"schema":{"@context":"https:\/\/schema.org","@graph":[{"@type":"Article","@id":"https:\/\/www.eldiario.net\/portal\/2021\/08\/16\/vocero-tcp-tendra-la-palabra-definitiva-sobre-la-reeleccion-presidencial-indefinida\/#article","isPartOf":{"@id":"https:\/\/www.eldiario.net\/portal\/2021\/08\/16\/vocero-tcp-tendra-la-palabra-definitiva-sobre-la-reeleccion-presidencial-indefinida\/"},"author":{"name":"Jeanette","@id":"https:\/\/www.eldiario.net\/portal\/#\/schema\/person\/f46445640444750d7d753ccd04ae01b7"},"headline":"Vocero: TCP tendr\u00e1 \u201cla palabra definitiva\u201d sobre la reelecci\u00f3n presidencial indefinida","datePublished":"2021-08-16T10:24:41+00:00","mainEntityOfPage":{"@id":"https:\/\/www.eldiario.net\/portal\/2021\/08\/16\/vocero-tcp-tendra-la-palabra-definitiva-sobre-la-reeleccion-presidencial-indefinida\/"},"wordCount":501,"publisher":{"@id":"https:\/\/www.eldiario.net\/portal\/#organization"},"articleSection":["Pol\u00edtica"],"inLanguage":"es"},{"@type":"WebPage","@id":"https:\/\/www.eldiario.net\/portal\/2021\/08\/16\/vocero-tcp-tendra-la-palabra-definitiva-sobre-la-reeleccion-presidencial-indefinida\/","url":"https:\/\/www.eldiario.net\/portal\/2021\/08\/16\/vocero-tcp-tendra-la-palabra-definitiva-sobre-la-reeleccion-presidencial-indefinida\/","name":"Vocero: TCP tendr\u00e1 \u201cla palabra definitiva\u201d sobre la reelecci\u00f3n presidencial indefinida - El Diario - Bolivia","isPartOf":{"@id":"https:\/\/www.eldiario.net\/portal\/#website"},"datePublished":"2021-08-16T10:24:41+00:00","breadcrumb":{"@id":"https:\/\/www.eldiario.net\/portal\/2021\/08\/16\/vocero-tcp-tendra-la-palabra-definitiva-sobre-la-reeleccion-presidencial-indefinida\/#breadcrumb"},"inLanguage":"es","potentialAction":[{"@type":"ReadAction","target":["https:\/\/www.eldiario.net\/portal\/2021\/08\/16\/vocero-tcp-tendra-la-palabra-definitiva-sobre-la-reeleccion-presidencial-indefinida\/"]}]},{"@type":"BreadcrumbList","@id":"https:\/\/www.eldiario.net\/portal\/2021\/08\/16\/vocero-tcp-tendra-la-palabra-definitiva-sobre-la-reeleccion-presidencial-indefinida\/#breadcrumb","itemListElement":[{"@type":"ListItem","position":1,"name":"Portada","item":"https:\/\/www.eldiario.net\/portal\/"},{"@type":"ListItem","position":2,"name":"Vocero: TCP tendr\u00e1 \u201cla palabra definitiva\u201d sobre la reelecci\u00f3n presidencial indefinida"}]},{"@type":"WebSite","@id":"https:\/\/www.eldiario.net\/portal\/#website","url":"https:\/\/www.eldiario.net\/portal\/","name":"El Diario - Decano de la prensa nacional","description":"El Diario - Decano de la prensa nacional","publisher":{"@id":"https:\/\/www.eldiario.net\/portal\/#organization"},"potentialAction":[{"@type":"SearchAction","target":{"@type":"EntryPoint","urlTemplate":"https:\/\/www.eldiario.net\/portal\/?s={search_term_string}"},"query-input":{"@type":"PropertyValueSpecification","valueRequired":true,"valueName":"search_term_string"}}],"inLanguage":"es"},{"@type":"Organization","@id":"https:\/\/www.eldiario.net\/portal\/#organization","name":"El Diario - Decano de la prensa nacional","url":"https:\/\/www.eldiario.net\/portal\/","logo":{"@type":"ImageObject","inLanguage":"es","@id":"https:\/\/www.eldiario.net\/portal\/#\/schema\/logo\/image\/","url":"https:\/\/www.eldiario.net\/portal\/wp-content\/uploads\/2023\/07\/logo_ED.jpg","contentUrl":"https:\/\/www.eldiario.net\/portal\/wp-content\/uploads\/2023\/07\/logo_ED.jpg","width":272,"height":52,"caption":"El Diario - Decano de la prensa nacional"},"image":{"@id":"https:\/\/www.eldiario.net\/portal\/#\/schema\/logo\/image\/"},"sameAs":["https:\/\/www.facebook.com\/eldiario.bolivia\/","https:\/\/x.com\/eldiario_net"]},{"@type":"Person","@id":"https:\/\/www.eldiario.net\/portal\/#\/schema\/person\/f46445640444750d7d753ccd04ae01b7","name":"Jeanette","image":{"@type":"ImageObject","inLanguage":"es","@id":"https:\/\/secure.gravatar.com\/avatar\/3ea2118a5f7dad2b7138b1187a6b7ee55f160b9968b66013c3a3ef39dd7e5798?s=96&d=mm&r=g","url":"https:\/\/secure.gravatar.com\/avatar\/3ea2118a5f7dad2b7138b1187a6b7ee55f160b9968b66013c3a3ef39dd7e5798?s=96&d=mm&r=g","contentUrl":"https:\/\/secure.gravatar.com\/avatar\/3ea2118a5f7dad2b7138b1187a6b7ee55f160b9968b66013c3a3ef39dd7e5798?s=96&d=mm&r=g","caption":"Jeanette"},"sameAs":["https:\/\/www.eldiario.net\/portal"],"url":"https:\/\/www.eldiario.net\/portal\/author\/jeanette\/"}]}},"_links":{"self":[{"href":"https:\/\/www.eldiario.net\/portal\/wp-json\/wp\/v2\/posts\/23814","targetHints":{"allow":["GET"]}}],"collection":[{"href":"https:\/\/www.eldiario.net\/portal\/wp-json\/wp\/v2\/posts"}],"about":[{"href":"https:\/\/www.eldiario.net\/portal\/wp-json\/wp\/v2\/types\/post"}],"author":[{"embeddable":true,"href":"https:\/\/www.eldiario.net\/portal\/wp-json\/wp\/v2\/users\/1"}],"replies":[{"embeddable":true,"href":"https:\/\/www.eldiario.net\/portal\/wp-json\/wp\/v2\/comments?post=23814"}],"version-history":[{"count":0,"href":"https:\/\/www.eldiario.net\/portal\/wp-json\/wp\/v2\/posts\/23814\/revisions"}],"wp:attachment":[{"href":"https:\/\/www.eldiario.net\/portal\/wp-json\/wp\/v2\/media?parent=23814"}],"wp:term":[{"taxonomy":"category","embeddable":true,"href":"https:\/\/www.eldiario.net\/portal\/wp-json\/wp\/v2\/categories?post=23814"},{"taxonomy":"post_tag","embeddable":true,"href":"https:\/\/www.eldiario.net\/portal\/wp-json\/wp\/v2\/tags?post=23814"}],"curies":[{"name":"wp","href":"https:\/\/api.w.org\/{rel}","templated":true}]}}