{"id":238132,"date":"2024-08-02T09:32:49","date_gmt":"2024-08-02T13:32:49","guid":{"rendered":"https:\/\/www.eldiario.net\/portal\/?p=238132"},"modified":"2024-08-02T09:43:40","modified_gmt":"2024-08-02T13:43:40","slug":"continuan-los-bloqueos-por-conflictos-sociales-en-cinco-regiones","status":"publish","type":"post","link":"https:\/\/www.eldiario.net\/portal\/2024\/08\/02\/continuan-los-bloqueos-por-conflictos-sociales-en-cinco-regiones\/","title":{"rendered":"Contin\u00faan los bloqueos por conflictos sociales en seis regiones"},"content":{"rendered":"<p>Varias carreteras contin\u00faan bloqueadas por conflictos sociales en los departamentos de Pando, Oruro, Santa Cruz, Potos\u00ed, Cochabamba y Chuquisaca.<\/p>\n<p>Seg\u00fan la Administradora Boliviana de Carreteras, en el caso de Santa Cruz se tiene cortes del tr\u00e1nsito vehicular por la zona Los troncos de los municipios de San Juli\u00e1n y Cuatro Ca\u00f1adas. All\u00e1 se demanda hace varios d\u00edas la aprobaci\u00f3n del uso de biotecnolog\u00eda para fines agr\u00edcolas.<\/p>\n<p>Los ch\u00f3feres del sector pesado contin\u00faan con bloqueos en cinco regiones por la escasez de di\u00e9sel.<\/p>\n<p>El departamento de Cochabamba tiene un cierre de una carretera por el puente Ichilo, por la zona de puente L\u00e1grimas, en el l\u00edmite con el departamento de Santa Cruz.<\/p>\n<p>En el caso de Oruro se mantiene una v\u00eda cerrada por sector de Tambo Quemado, por inmediaciones del puente del r\u00edo Comarapa.<\/p>\n<p>El departamento de Pando cuenta con un bloqueo instalado en el final de una doble v\u00eda que se encuentra por la ciudad de Cobija, por el sector del ret\u00e9n de la zona franca.<\/p>\n<p>Los bloqueos en el departamento de Potos\u00ed est\u00e1n ubicados en su capital, por el Cruce Cantumarca e inmediaciones del ret\u00e9n de rodaje San Antonio.<\/p>\n<p>Finalmente, el departamento de Chuquisaca tiene cierre de v\u00edas en el ingreso a la ciudad de Sucre, a la altura de Santa Catalina, y la zona de Sunchu Tambo, por el surtidor Mariscal Sucre.<\/p>\n","protected":false},"excerpt":{"rendered":"<p>Varias carreteras contin\u00faan bloqueadas por conflictos sociales en los departamentos de Pando, Oruro, Santa Cruz, Potos\u00ed, Cochabamba y Chuquisaca. Seg\u00fan la Administradora Boliviana de Carreteras, en el caso de Santa Cruz se tiene cortes del tr\u00e1nsito vehicular por la zona Los troncos de los municipios de San Juli\u00e1n y Cuatro Ca\u00f1adas. All\u00e1 se demanda hace [&hellip;]<\/p>\n","protected":false},"author":2,"featured_media":238137,"comment_status":"open","ping_status":"open","sticky":false,"template":"","format":"standard","meta":{"_acf_changed":false,"footnotes":""},"categories":[51],"tags":[],"class_list":["post-238132","post","type-post","status-publish","format-standard","has-post-thumbnail","category-ultima-hora"],"acf":{"antetitulo":""},"yoast_head":"<!-- This site is optimized with the Yoast SEO plugin v28.3 - https:\/\/yoast.com\/product\/yoast-seo-wordpress\/ -->\n<title>Contin\u00faan los bloqueos por conflictos sociales en seis regiones - El Diario - Bolivia<\/title>\n<meta name=\"robots\" content=\"index, follow, max-snippet:-1, max-image-preview:large, max-video-preview:-1\" \/>\n<link rel=\"canonical\" href=\"https:\/\/www.eldiario.net\/portal\/2024\/08\/02\/continuan-los-bloqueos-por-conflictos-sociales-en-cinco-regiones\/\" \/>\n<meta property=\"og:locale\" content=\"es_ES\" \/>\n<meta property=\"og:type\" content=\"article\" \/>\n<meta property=\"og:title\" content=\"Contin\u00faan los bloqueos por conflictos sociales en seis regiones - El Diario - Bolivia\" \/>\n<meta property=\"og:description\" content=\"Varias carreteras contin\u00faan bloqueadas por conflictos sociales en los departamentos de Pando, Oruro, Santa Cruz, Potos\u00ed, Cochabamba y Chuquisaca. Seg\u00fan la Administradora Boliviana de Carreteras, en el caso de Santa Cruz se tiene cortes del tr\u00e1nsito vehicular por la zona Los troncos de los municipios de San Juli\u00e1n y Cuatro Ca\u00f1adas. All\u00e1 se demanda hace [&hellip;]\" \/>\n<meta property=\"og:url\" content=\"https:\/\/www.eldiario.net\/portal\/2024\/08\/02\/continuan-los-bloqueos-por-conflictos-sociales-en-cinco-regiones\/\" \/>\n<meta property=\"og:site_name\" content=\"El Diario - Bolivia\" \/>\n<meta property=\"article:publisher\" content=\"https:\/\/www.facebook.com\/eldiario.bolivia\/\" \/>\n<meta property=\"article:published_time\" content=\"2024-08-02T13:32:49+00:00\" \/>\n<meta property=\"article:modified_time\" content=\"2024-08-02T13:43:40+00:00\" \/>\n<meta property=\"og:image\" content=\"https:\/\/www.eldiario.net\/portal\/wp-content\/uploads\/2024\/08\/BLOQUEOS-2.jpg\" \/>\n\t<meta property=\"og:image:width\" content=\"1000\" \/>\n\t<meta property=\"og:image:height\" content=\"666\" \/>\n\t<meta property=\"og:image:type\" content=\"image\/jpeg\" \/>\n<meta name=\"author\" content=\"luis Camacho\" \/>\n<meta name=\"twitter:card\" content=\"summary_large_image\" \/>\n<meta name=\"twitter:creator\" content=\"@eldiario_net\" \/>\n<meta name=\"twitter:site\" content=\"@eldiario_net\" \/>\n<meta name=\"twitter:label1\" content=\"Escrito por\" \/>\n\t<meta name=\"twitter:data1\" content=\"luis Camacho\" \/>\n\t<meta name=\"twitter:label2\" content=\"Tiempo de lectura\" \/>\n\t<meta name=\"twitter:data2\" content=\"2 minutos\" \/>\n<script type=\"application\/ld+json\" class=\"yoast-schema-graph\">{\"@context\":\"https:\\\/\\\/schema.org\",\"@graph\":[{\"@type\":\"Article\",\"@id\":\"https:\\\/\\\/www.eldiario.net\\\/portal\\\/2024\\\/08\\\/02\\\/continuan-los-bloqueos-por-conflictos-sociales-en-cinco-regiones\\\/#article\",\"isPartOf\":{\"@id\":\"https:\\\/\\\/www.eldiario.net\\\/portal\\\/2024\\\/08\\\/02\\\/continuan-los-bloqueos-por-conflictos-sociales-en-cinco-regiones\\\/\"},\"author\":{\"name\":\"luis Camacho\",\"@id\":\"https:\\\/\\\/www.eldiario.net\\\/portal\\\/#\\\/schema\\\/person\\\/cab1ae4db27e5f008a62cbffb05fbfee\"},\"headline\":\"Contin\u00faan los bloqueos por conflictos sociales en seis regiones\",\"datePublished\":\"2024-08-02T13:32:49+00:00\",\"dateModified\":\"2024-08-02T13:43:40+00:00\",\"mainEntityOfPage\":{\"@id\":\"https:\\\/\\\/www.eldiario.net\\\/portal\\\/2024\\\/08\\\/02\\\/continuan-los-bloqueos-por-conflictos-sociales-en-cinco-regiones\\\/\"},\"wordCount\":255,\"commentCount\":0,\"publisher\":{\"@id\":\"https:\\\/\\\/www.eldiario.net\\\/portal\\\/#organization\"},\"image\":{\"@id\":\"https:\\\/\\\/www.eldiario.net\\\/portal\\\/2024\\\/08\\\/02\\\/continuan-los-bloqueos-por-conflictos-sociales-en-cinco-regiones\\\/#primaryimage\"},\"thumbnailUrl\":\"https:\\\/\\\/www.eldiario.net\\\/portal\\\/wp-content\\\/uploads\\\/2024\\\/08\\\/BLOQUEOS-2.jpg\",\"articleSection\":[\"\u00daltima Hora\"],\"inLanguage\":\"es\",\"potentialAction\":[{\"@type\":\"CommentAction\",\"name\":\"Comment\",\"target\":[\"https:\\\/\\\/www.eldiario.net\\\/portal\\\/2024\\\/08\\\/02\\\/continuan-los-bloqueos-por-conflictos-sociales-en-cinco-regiones\\\/#respond\"]}]},{\"@type\":\"WebPage\",\"@id\":\"https:\\\/\\\/www.eldiario.net\\\/portal\\\/2024\\\/08\\\/02\\\/continuan-los-bloqueos-por-conflictos-sociales-en-cinco-regiones\\\/\",\"url\":\"https:\\\/\\\/www.eldiario.net\\\/portal\\\/2024\\\/08\\\/02\\\/continuan-los-bloqueos-por-conflictos-sociales-en-cinco-regiones\\\/\",\"name\":\"Contin\u00faan los bloqueos por conflictos sociales en seis regiones - El Diario - Bolivia\",\"isPartOf\":{\"@id\":\"https:\\\/\\\/www.eldiario.net\\\/portal\\\/#website\"},\"primaryImageOfPage\":{\"@id\":\"https:\\\/\\\/www.eldiario.net\\\/portal\\\/2024\\\/08\\\/02\\\/continuan-los-bloqueos-por-conflictos-sociales-en-cinco-regiones\\\/#primaryimage\"},\"image\":{\"@id\":\"https:\\\/\\\/www.eldiario.net\\\/portal\\\/2024\\\/08\\\/02\\\/continuan-los-bloqueos-por-conflictos-sociales-en-cinco-regiones\\\/#primaryimage\"},\"thumbnailUrl\":\"https:\\\/\\\/www.eldiario.net\\\/portal\\\/wp-content\\\/uploads\\\/2024\\\/08\\\/BLOQUEOS-2.jpg\",\"datePublished\":\"2024-08-02T13:32:49+00:00\",\"dateModified\":\"2024-08-02T13:43:40+00:00\",\"breadcrumb\":{\"@id\":\"https:\\\/\\\/www.eldiario.net\\\/portal\\\/2024\\\/08\\\/02\\\/continuan-los-bloqueos-por-conflictos-sociales-en-cinco-regiones\\\/#breadcrumb\"},\"inLanguage\":\"es\",\"potentialAction\":[{\"@type\":\"ReadAction\",\"target\":[\"https:\\\/\\\/www.eldiario.net\\\/portal\\\/2024\\\/08\\\/02\\\/continuan-los-bloqueos-por-conflictos-sociales-en-cinco-regiones\\\/\"]}]},{\"@type\":\"ImageObject\",\"inLanguage\":\"es\",\"@id\":\"https:\\\/\\\/www.eldiario.net\\\/portal\\\/2024\\\/08\\\/02\\\/continuan-los-bloqueos-por-conflictos-sociales-en-cinco-regiones\\\/#primaryimage\",\"url\":\"https:\\\/\\\/www.eldiario.net\\\/portal\\\/wp-content\\\/uploads\\\/2024\\\/08\\\/BLOQUEOS-2.jpg\",\"contentUrl\":\"https:\\\/\\\/www.eldiario.net\\\/portal\\\/wp-content\\\/uploads\\\/2024\\\/08\\\/BLOQUEOS-2.jpg\",\"width\":1000,\"height\":666,\"caption\":\"Foto: RRSS.\"},{\"@type\":\"BreadcrumbList\",\"@id\":\"https:\\\/\\\/www.eldiario.net\\\/portal\\\/2024\\\/08\\\/02\\\/continuan-los-bloqueos-por-conflictos-sociales-en-cinco-regiones\\\/#breadcrumb\",\"itemListElement\":[{\"@type\":\"ListItem\",\"position\":1,\"name\":\"Portada\",\"item\":\"https:\\\/\\\/www.eldiario.net\\\/portal\\\/\"},{\"@type\":\"ListItem\",\"position\":2,\"name\":\"Contin\u00faan los bloqueos por conflictos sociales en seis regiones\"}]},{\"@type\":\"WebSite\",\"@id\":\"https:\\\/\\\/www.eldiario.net\\\/portal\\\/#website\",\"url\":\"https:\\\/\\\/www.eldiario.net\\\/portal\\\/\",\"name\":\"El Diario - Decano de la prensa nacional\",\"description\":\"El Diario - Decano de la prensa nacional\",\"publisher\":{\"@id\":\"https:\\\/\\\/www.eldiario.net\\\/portal\\\/#organization\"},\"potentialAction\":[{\"@type\":\"SearchAction\",\"target\":{\"@type\":\"EntryPoint\",\"urlTemplate\":\"https:\\\/\\\/www.eldiario.net\\\/portal\\\/?s={search_term_string}\"},\"query-input\":{\"@type\":\"PropertyValueSpecification\",\"valueRequired\":true,\"valueName\":\"search_term_string\"}}],\"inLanguage\":\"es\"},{\"@type\":\"Organization\",\"@id\":\"https:\\\/\\\/www.eldiario.net\\\/portal\\\/#organization\",\"name\":\"El Diario - Decano de la prensa nacional\",\"url\":\"https:\\\/\\\/www.eldiario.net\\\/portal\\\/\",\"logo\":{\"@type\":\"ImageObject\",\"inLanguage\":\"es\",\"@id\":\"https:\\\/\\\/www.eldiario.net\\\/portal\\\/#\\\/schema\\\/logo\\\/image\\\/\",\"url\":\"https:\\\/\\\/www.eldiario.net\\\/portal\\\/wp-content\\\/uploads\\\/2023\\\/07\\\/logo_ED.jpg\",\"contentUrl\":\"https:\\\/\\\/www.eldiario.net\\\/portal\\\/wp-content\\\/uploads\\\/2023\\\/07\\\/logo_ED.jpg\",\"width\":272,\"height\":52,\"caption\":\"El Diario - Decano de la prensa nacional\"},\"image\":{\"@id\":\"https:\\\/\\\/www.eldiario.net\\\/portal\\\/#\\\/schema\\\/logo\\\/image\\\/\"},\"sameAs\":[\"https:\\\/\\\/www.facebook.com\\\/eldiario.bolivia\\\/\",\"https:\\\/\\\/x.com\\\/eldiario_net\"]},{\"@type\":\"Person\",\"@id\":\"https:\\\/\\\/www.eldiario.net\\\/portal\\\/#\\\/schema\\\/person\\\/cab1ae4db27e5f008a62cbffb05fbfee\",\"name\":\"luis Camacho\",\"image\":{\"@type\":\"ImageObject\",\"inLanguage\":\"es\",\"@id\":\"https:\\\/\\\/secure.gravatar.com\\\/avatar\\\/69ecb836b3826d5a2501bf06ab2a2f2c8ab211cc846758f395df21684cb38313?s=96&d=mm&r=g\",\"url\":\"https:\\\/\\\/secure.gravatar.com\\\/avatar\\\/69ecb836b3826d5a2501bf06ab2a2f2c8ab211cc846758f395df21684cb38313?s=96&d=mm&r=g\",\"contentUrl\":\"https:\\\/\\\/secure.gravatar.com\\\/avatar\\\/69ecb836b3826d5a2501bf06ab2a2f2c8ab211cc846758f395df21684cb38313?s=96&d=mm&r=g\",\"caption\":\"luis Camacho\"},\"url\":\"https:\\\/\\\/www.eldiario.net\\\/portal\\\/author\\\/luis\\\/\"}]}<\/script>\n<!-- \/ Yoast SEO plugin. -->","yoast_head_json":{"title":"Contin\u00faan los bloqueos por conflictos sociales en seis regiones - El Diario - Bolivia","robots":{"index":"index","follow":"follow","max-snippet":"max-snippet:-1","max-image-preview":"max-image-preview:large","max-video-preview":"max-video-preview:-1"},"canonical":"https:\/\/www.eldiario.net\/portal\/2024\/08\/02\/continuan-los-bloqueos-por-conflictos-sociales-en-cinco-regiones\/","og_locale":"es_ES","og_type":"article","og_title":"Contin\u00faan los bloqueos por conflictos sociales en seis regiones - El Diario - Bolivia","og_description":"Varias carreteras contin\u00faan bloqueadas por conflictos sociales en los departamentos de Pando, Oruro, Santa Cruz, Potos\u00ed, Cochabamba y Chuquisaca. Seg\u00fan la Administradora Boliviana de Carreteras, en el caso de Santa Cruz se tiene cortes del tr\u00e1nsito vehicular por la zona Los troncos de los municipios de San Juli\u00e1n y Cuatro Ca\u00f1adas. All\u00e1 se demanda hace [&hellip;]","og_url":"https:\/\/www.eldiario.net\/portal\/2024\/08\/02\/continuan-los-bloqueos-por-conflictos-sociales-en-cinco-regiones\/","og_site_name":"El Diario - Bolivia","article_publisher":"https:\/\/www.facebook.com\/eldiario.bolivia\/","article_published_time":"2024-08-02T13:32:49+00:00","article_modified_time":"2024-08-02T13:43:40+00:00","og_image":[{"width":1000,"height":666,"url":"https:\/\/www.eldiario.net\/portal\/wp-content\/uploads\/2024\/08\/BLOQUEOS-2.jpg","type":"image\/jpeg"}],"author":"luis Camacho","twitter_card":"summary_large_image","twitter_creator":"@eldiario_net","twitter_site":"@eldiario_net","twitter_misc":{"Escrito por":"luis Camacho","Tiempo de lectura":"2 minutos"},"schema":{"@context":"https:\/\/schema.org","@graph":[{"@type":"Article","@id":"https:\/\/www.eldiario.net\/portal\/2024\/08\/02\/continuan-los-bloqueos-por-conflictos-sociales-en-cinco-regiones\/#article","isPartOf":{"@id":"https:\/\/www.eldiario.net\/portal\/2024\/08\/02\/continuan-los-bloqueos-por-conflictos-sociales-en-cinco-regiones\/"},"author":{"name":"luis Camacho","@id":"https:\/\/www.eldiario.net\/portal\/#\/schema\/person\/cab1ae4db27e5f008a62cbffb05fbfee"},"headline":"Contin\u00faan los bloqueos por conflictos sociales en seis regiones","datePublished":"2024-08-02T13:32:49+00:00","dateModified":"2024-08-02T13:43:40+00:00","mainEntityOfPage":{"@id":"https:\/\/www.eldiario.net\/portal\/2024\/08\/02\/continuan-los-bloqueos-por-conflictos-sociales-en-cinco-regiones\/"},"wordCount":255,"commentCount":0,"publisher":{"@id":"https:\/\/www.eldiario.net\/portal\/#organization"},"image":{"@id":"https:\/\/www.eldiario.net\/portal\/2024\/08\/02\/continuan-los-bloqueos-por-conflictos-sociales-en-cinco-regiones\/#primaryimage"},"thumbnailUrl":"https:\/\/www.eldiario.net\/portal\/wp-content\/uploads\/2024\/08\/BLOQUEOS-2.jpg","articleSection":["\u00daltima Hora"],"inLanguage":"es","potentialAction":[{"@type":"CommentAction","name":"Comment","target":["https:\/\/www.eldiario.net\/portal\/2024\/08\/02\/continuan-los-bloqueos-por-conflictos-sociales-en-cinco-regiones\/#respond"]}]},{"@type":"WebPage","@id":"https:\/\/www.eldiario.net\/portal\/2024\/08\/02\/continuan-los-bloqueos-por-conflictos-sociales-en-cinco-regiones\/","url":"https:\/\/www.eldiario.net\/portal\/2024\/08\/02\/continuan-los-bloqueos-por-conflictos-sociales-en-cinco-regiones\/","name":"Contin\u00faan los bloqueos por conflictos sociales en seis regiones - El Diario - Bolivia","isPartOf":{"@id":"https:\/\/www.eldiario.net\/portal\/#website"},"primaryImageOfPage":{"@id":"https:\/\/www.eldiario.net\/portal\/2024\/08\/02\/continuan-los-bloqueos-por-conflictos-sociales-en-cinco-regiones\/#primaryimage"},"image":{"@id":"https:\/\/www.eldiario.net\/portal\/2024\/08\/02\/continuan-los-bloqueos-por-conflictos-sociales-en-cinco-regiones\/#primaryimage"},"thumbnailUrl":"https:\/\/www.eldiario.net\/portal\/wp-content\/uploads\/2024\/08\/BLOQUEOS-2.jpg","datePublished":"2024-08-02T13:32:49+00:00","dateModified":"2024-08-02T13:43:40+00:00","breadcrumb":{"@id":"https:\/\/www.eldiario.net\/portal\/2024\/08\/02\/continuan-los-bloqueos-por-conflictos-sociales-en-cinco-regiones\/#breadcrumb"},"inLanguage":"es","potentialAction":[{"@type":"ReadAction","target":["https:\/\/www.eldiario.net\/portal\/2024\/08\/02\/continuan-los-bloqueos-por-conflictos-sociales-en-cinco-regiones\/"]}]},{"@type":"ImageObject","inLanguage":"es","@id":"https:\/\/www.eldiario.net\/portal\/2024\/08\/02\/continuan-los-bloqueos-por-conflictos-sociales-en-cinco-regiones\/#primaryimage","url":"https:\/\/www.eldiario.net\/portal\/wp-content\/uploads\/2024\/08\/BLOQUEOS-2.jpg","contentUrl":"https:\/\/www.eldiario.net\/portal\/wp-content\/uploads\/2024\/08\/BLOQUEOS-2.jpg","width":1000,"height":666,"caption":"Foto: RRSS."},{"@type":"BreadcrumbList","@id":"https:\/\/www.eldiario.net\/portal\/2024\/08\/02\/continuan-los-bloqueos-por-conflictos-sociales-en-cinco-regiones\/#breadcrumb","itemListElement":[{"@type":"ListItem","position":1,"name":"Portada","item":"https:\/\/www.eldiario.net\/portal\/"},{"@type":"ListItem","position":2,"name":"Contin\u00faan los bloqueos por conflictos sociales en seis regiones"}]},{"@type":"WebSite","@id":"https:\/\/www.eldiario.net\/portal\/#website","url":"https:\/\/www.eldiario.net\/portal\/","name":"El Diario - Decano de la prensa nacional","description":"El Diario - Decano de la prensa nacional","publisher":{"@id":"https:\/\/www.eldiario.net\/portal\/#organization"},"potentialAction":[{"@type":"SearchAction","target":{"@type":"EntryPoint","urlTemplate":"https:\/\/www.eldiario.net\/portal\/?s={search_term_string}"},"query-input":{"@type":"PropertyValueSpecification","valueRequired":true,"valueName":"search_term_string"}}],"inLanguage":"es"},{"@type":"Organization","@id":"https:\/\/www.eldiario.net\/portal\/#organization","name":"El Diario - Decano de la prensa nacional","url":"https:\/\/www.eldiario.net\/portal\/","logo":{"@type":"ImageObject","inLanguage":"es","@id":"https:\/\/www.eldiario.net\/portal\/#\/schema\/logo\/image\/","url":"https:\/\/www.eldiario.net\/portal\/wp-content\/uploads\/2023\/07\/logo_ED.jpg","contentUrl":"https:\/\/www.eldiario.net\/portal\/wp-content\/uploads\/2023\/07\/logo_ED.jpg","width":272,"height":52,"caption":"El Diario - Decano de la prensa nacional"},"image":{"@id":"https:\/\/www.eldiario.net\/portal\/#\/schema\/logo\/image\/"},"sameAs":["https:\/\/www.facebook.com\/eldiario.bolivia\/","https:\/\/x.com\/eldiario_net"]},{"@type":"Person","@id":"https:\/\/www.eldiario.net\/portal\/#\/schema\/person\/cab1ae4db27e5f008a62cbffb05fbfee","name":"luis Camacho","image":{"@type":"ImageObject","inLanguage":"es","@id":"https:\/\/secure.gravatar.com\/avatar\/69ecb836b3826d5a2501bf06ab2a2f2c8ab211cc846758f395df21684cb38313?s=96&d=mm&r=g","url":"https:\/\/secure.gravatar.com\/avatar\/69ecb836b3826d5a2501bf06ab2a2f2c8ab211cc846758f395df21684cb38313?s=96&d=mm&r=g","contentUrl":"https:\/\/secure.gravatar.com\/avatar\/69ecb836b3826d5a2501bf06ab2a2f2c8ab211cc846758f395df21684cb38313?s=96&d=mm&r=g","caption":"luis Camacho"},"url":"https:\/\/www.eldiario.net\/portal\/author\/luis\/"}]}},"_links":{"self":[{"href":"https:\/\/www.eldiario.net\/portal\/wp-json\/wp\/v2\/posts\/238132","targetHints":{"allow":["GET"]}}],"collection":[{"href":"https:\/\/www.eldiario.net\/portal\/wp-json\/wp\/v2\/posts"}],"about":[{"href":"https:\/\/www.eldiario.net\/portal\/wp-json\/wp\/v2\/types\/post"}],"author":[{"embeddable":true,"href":"https:\/\/www.eldiario.net\/portal\/wp-json\/wp\/v2\/users\/2"}],"replies":[{"embeddable":true,"href":"https:\/\/www.eldiario.net\/portal\/wp-json\/wp\/v2\/comments?post=238132"}],"version-history":[{"count":3,"href":"https:\/\/www.eldiario.net\/portal\/wp-json\/wp\/v2\/posts\/238132\/revisions"}],"predecessor-version":[{"id":238136,"href":"https:\/\/www.eldiario.net\/portal\/wp-json\/wp\/v2\/posts\/238132\/revisions\/238136"}],"wp:featuredmedia":[{"embeddable":true,"href":"https:\/\/www.eldiario.net\/portal\/wp-json\/wp\/v2\/media\/238137"}],"wp:attachment":[{"href":"https:\/\/www.eldiario.net\/portal\/wp-json\/wp\/v2\/media?parent=238132"}],"wp:term":[{"taxonomy":"category","embeddable":true,"href":"https:\/\/www.eldiario.net\/portal\/wp-json\/wp\/v2\/categories?post=238132"},{"taxonomy":"post_tag","embeddable":true,"href":"https:\/\/www.eldiario.net\/portal\/wp-json\/wp\/v2\/tags?post=238132"}],"curies":[{"name":"wp","href":"https:\/\/api.w.org\/{rel}","templated":true}]}}