{"id":238125,"date":"2024-08-02T06:23:41","date_gmt":"2024-08-02T10:23:41","guid":{"rendered":"https:\/\/www.eldiario.net\/portal\/?p=238125"},"modified":"2024-08-02T06:23:41","modified_gmt":"2024-08-02T10:23:41","slug":"el-alcance-en-una-investigacion-cientifica-2","status":"publish","type":"post","link":"https:\/\/www.eldiario.net\/portal\/2024\/08\/02\/el-alcance-en-una-investigacion-cientifica-2\/","title":{"rendered":"El alcance en una investigaci\u00f3n cient\u00edfica"},"content":{"rendered":"<p><strong>Por: Lic. H\u00e9ctor Molina<\/strong><\/p>\n<p>&nbsp;<\/p>\n<p><strong>Recordemos que\u2026<\/strong><\/p>\n<p>&nbsp;<\/p>\n<p>Los alcances de una investigaci\u00f3n se refieren a los l\u00edmites y la extensi\u00f3n del estudio que se va a realizar. Definen qu\u00e9 aspectos espec\u00edficos del problema o fen\u00f3meno se investigar\u00e1n y hasta d\u00f3nde llegar\u00e1 la investigaci\u00f3n. Es decir, los alcances determinan el \u00abqu\u00e9\u00bb, el \u00abc\u00f3mo\u00bb y el \u00abhasta d\u00f3nde\u00bb de una investigaci\u00f3n.<\/p>\n<p>&nbsp;<\/p>\n<p><strong>Errores al realizar los alcances de una investigaci\u00f3n cient\u00edfica<\/strong><\/p>\n<p>&nbsp;<\/p>\n<p>Al realizar una investigaci\u00f3n cient\u00edfica, definir correctamente el alcance es crucial para el \u00e9xito del estudio. Sin embargo, es com\u00fan cometer errores en este proceso que pueden afectar la validez y la aplicabilidad de los resultados. Veamos los m\u00e1s comunes.<\/p>\n<p>&nbsp;<\/p>\n<ol>\n<li><strong> Definir un alcance demasiado amplio<\/strong><\/li>\n<\/ol>\n<p>&nbsp;<\/p>\n<ul>\n<li><strong>Descripci\u00f3n.<\/strong> Un alcance demasiado amplio intenta abarcar muchos aspectos o variables, lo que puede hacer que la investigaci\u00f3n se vuelva inmanejable.<\/li>\n<li>Puede llevar a una falta de enfoque y profundidad en el an\u00e1lisis, dificultando la obtenci\u00f3n de resultados concluyentes.<\/li>\n<\/ul>\n<p>&nbsp;<\/p>\n<ol start=\"2\">\n<li><strong> Definir un alcance demasiado estrecho<\/strong><\/li>\n<\/ol>\n<p>&nbsp;<\/p>\n<ul>\n<li><strong>Descripci\u00f3n.<\/strong> Un alcance demasiado limitado puede excluir aspectos importantes que podr\u00edan enriquecer la comprensi\u00f3n del problema de investigaci\u00f3n.<\/li>\n<li>Puede resultar en una investigaci\u00f3n poco relevante o que no aporte informaci\u00f3n significativa al campo de estudio.<\/li>\n<\/ul>\n<p>&nbsp;<\/p>\n<ol start=\"3\">\n<li><strong> Falta de claridad en la delimitaci\u00f3n del alcance<\/strong><\/li>\n<\/ol>\n<p>&nbsp;<\/p>\n<ul>\n<li><strong>Descripci\u00f3n.<\/strong> No especificar claramente los l\u00edmites de la investigaci\u00f3n, como el contexto geogr\u00e1fico, temporal, o las variables espec\u00edficas que se van a estudiar.<\/li>\n<li>Puede llevar a confusi\u00f3n sobre qu\u00e9 aspectos est\u00e1n incluidos o excluidos, dificultando la interpretaci\u00f3n y replicabilidad del estudio.<\/li>\n<\/ul>\n<p>&nbsp;<\/p>\n<ol start=\"4\">\n<li><strong> Subestimar la complejidad del tema<\/strong><\/li>\n<\/ol>\n<p>&nbsp;<\/p>\n<ul>\n<li><strong>Descripci\u00f3n.<\/strong> No considerar adecuadamente la complejidad del tema, lo que puede resultar en un alcance que no aborda todas las dimensiones relevantes del problema.<\/li>\n<li>La investigaci\u00f3n podr\u00eda simplificar en exceso el tema, omitiendo factores cr\u00edticos que afectan los resultados.<\/li>\n<\/ul>\n<p>&nbsp;<\/p>\n<ol start=\"5\">\n<li><strong> No considerar los recursos disponibles<\/strong><\/li>\n<\/ol>\n<p>&nbsp;<\/p>\n<ul>\n<li><strong>Descripci\u00f3n.<\/strong> Plantear un alcance que no es realista en funci\u00f3n de los recursos disponibles, como tiempo, financiamiento, o acceso a datos.<\/li>\n<li>Puede llevar a problemas en la ejecuci\u00f3n del estudio, retrasos, y resultados incompletos o de baja calidad.<\/li>\n<\/ul>\n<p>&nbsp;<\/p>\n<ol start=\"6\">\n<li><strong> Ignorar la literatura previa<\/strong><\/li>\n<\/ol>\n<p>&nbsp;<\/p>\n<ul>\n<li><strong>Descripci\u00f3n.<\/strong> No revisar adecuadamente la literatura existente para identificar vac\u00edos o \u00e1reas previamente estudiadas, lo que puede resultar en una investigaci\u00f3n redundante o mal orientada.<\/li>\n<li>La investigaci\u00f3n puede duplicar estudios ya existentes o no abordar las preguntas realmente necesarias en el campo.<\/li>\n<\/ul>\n<p>&nbsp;<\/p>\n<ol start=\"7\">\n<li><strong> No alinear el alcance con los objetivos de la investigaci\u00f3n<\/strong><\/li>\n<\/ol>\n<p>&nbsp;<\/p>\n<ul>\n<li><strong>Descripci\u00f3n.<\/strong> Definir un alcance que no corresponde con los objetivos planteados, creando una desconexi\u00f3n entre lo que se quiere investigar y lo que realmente se investiga.<\/li>\n<li>Puede generar resultados irrelevantes o que no responden a las preguntas de investigaci\u00f3n originales.<\/li>\n<\/ul>\n<p>&nbsp;<\/p>\n<ol start=\"8\">\n<li><strong> No anticipar las limitaciones metodol\u00f3gicas<\/strong><\/li>\n<\/ol>\n<p>&nbsp;<\/p>\n<ul>\n<li><strong>Descripci\u00f3n.<\/strong> No considerar las limitaciones metodol\u00f3gicas que pueden surgir, como la dificultad para acceder a ciertos datos o la complejidad en la medici\u00f3n de variables.<\/li>\n<li>Puede resultar en un alcance inadecuado que no se puede cumplir en la pr\u00e1ctica, comprometiendo la validez del estudio.<\/li>\n<\/ul>\n<p>&nbsp;<\/p>\n<ol start=\"9\">\n<li><strong> No considerar el contexto del estudio<\/strong><\/li>\n<\/ol>\n<p>&nbsp;<\/p>\n<ul>\n<li><strong>Descripci\u00f3n.<\/strong> Ignorar el contexto espec\u00edfico en el que se llevar\u00e1 a cabo la investigaci\u00f3n, como las particularidades culturales, sociales, o econ\u00f3micas del entorno.<\/li>\n<li>El alcance podr\u00eda no ser aplicable o relevante para el contexto, limitando la generalizaci\u00f3n de los resultados.<\/li>\n<\/ul>\n<p>&nbsp;<\/p>\n<ol start=\"10\">\n<li><strong> No revisar y ajustar el alcance durante el proceso de investigaci\u00f3n<\/strong><\/li>\n<\/ol>\n<p>&nbsp;<\/p>\n<ul>\n<li><strong>Descripci\u00f3n.<\/strong> Una vez definido el alcance, no se revisa ni ajusta a medida que avanza la investigaci\u00f3n y se obtienen nuevos datos o se enfrenta a nuevas realidades.<\/li>\n<li>Puede llevar a una investigaci\u00f3n que no se adapta a los cambios o descubrimientos hechos durante el proceso, afectando la calidad final del estudio.<\/li>\n<\/ul>\n<p>&nbsp;<\/p>\n<p>Definir un alcance de investigaci\u00f3n adecuado requiere un balance cuidadoso entre ser espec\u00edfico y manejable, pero lo suficientemente amplio para que los resultados sean \u00fatiles y significativos. Evitar estos errores contribuye a que la investigaci\u00f3n sea coherente, relevante y realizable.<\/p>\n\r\n                <style type=\"text\/css\">\r\n                    \r\n                    #tdi_1  .td-doubleSlider-2 .td-item1 {\r\n                        background: url(https:\/\/www.eldiario.net\/portal\/wp-content\/uploads\/2024\/08\/TE-Los-alcances-80x60.jpg) 0 0 no-repeat;\r\n                    }\r\n                    #tdi_1  .td-doubleSlider-2 .td-item2 {\r\n                        background: url(https:\/\/www.eldiario.net\/portal\/wp-content\/uploads\/2024\/08\/TE-Redactando-los-alcances-80x60.jpg) 0 0 no-repeat;\r\n                    }\r\n                <\/style>\r\n\r\n                <div id=\"tdi_1\" class=\"td-gallery td-slide-on-2-columns\">\r\n                    <div class=\"post_td_gallery\">\r\n                        <div class=\"td-gallery-slide-top\">\r\n                           <div class=\"td-gallery-title\"><\/div>\r\n\r\n                            <div class=\"td-gallery-controls-wrapper\">\r\n                                <div class=\"td-gallery-slide-count\"><span class=\"td-gallery-slide-item-focus\">1<\/span> de 2<\/div>\r\n                                <div class=\"td-gallery-slide-prev-next-but\">\r\n                                    <i class = \"td-icon-left doubleSliderPrevButton\"><\/i>\r\n                                    <i class = \"td-icon-right doubleSliderNextButton\"><\/i>\r\n                                <\/div>\r\n                            <\/div>\r\n                        <\/div>\r\n\r\n                        <div class = \"td-doubleSlider-1 \">\r\n                            <div class = \"td-slider\">\r\n                                \r\n                    <div class = \"td-slide-item td-item1\">\r\n                        <figure class=\"td-slide-galery-figure td-slide-popup-gallery\">\r\n                            <a class=\"slide-gallery-image-link\" href=\"https:\/\/www.eldiario.net\/portal\/wp-content\/uploads\/2024\/08\/TE-Los-alcances.jpg\" title=\"TE---Los-alcances\"  data-caption=\"\"  data-description=\"\">\r\n                                <img decoding=\"async\" src=\"https:\/\/www.eldiario.net\/portal\/wp-content\/uploads\/2024\/08\/TE-Los-alcances.jpg\" srcset=\"https:\/\/www.eldiario.net\/portal\/wp-content\/uploads\/2024\/08\/TE-Los-alcances.jpg 474w, https:\/\/www.eldiario.net\/portal\/wp-content\/uploads\/2024\/08\/TE-Los-alcances-300x163.jpg 300w\" sizes=\"(max-width: 474px) 100vw, 474px\" alt=\"\">\r\n                            <\/a>\r\n                            \r\n                        <\/figure>\r\n                    <\/div>\r\n                    <div class = \"td-slide-item td-item2\">\r\n                        <figure class=\"td-slide-galery-figure td-slide-popup-gallery\">\r\n                            <a class=\"slide-gallery-image-link\" href=\"https:\/\/www.eldiario.net\/portal\/wp-content\/uploads\/2024\/08\/TE-Redactando-los-alcances.jpg\" title=\"TE---Redactando-los-alcances\"  data-caption=\"\"  data-description=\"\">\r\n                                <img decoding=\"async\" src=\"https:\/\/www.eldiario.net\/portal\/wp-content\/uploads\/2024\/08\/TE-Redactando-los-alcances.jpg\" srcset=\"https:\/\/www.eldiario.net\/portal\/wp-content\/uploads\/2024\/08\/TE-Redactando-los-alcances.jpg 474w, https:\/\/www.eldiario.net\/portal\/wp-content\/uploads\/2024\/08\/TE-Redactando-los-alcances-300x200.jpg 300w\" sizes=\"(max-width: 474px) 100vw, 474px\" alt=\"\">\r\n                            <\/a>\r\n                            \r\n                        <\/figure>\r\n                    <\/div>\r\n                            <\/div>\r\n                        <\/div>\r\n\r\n                        <div class = \"td-doubleSlider-2\">\r\n                            <div class = \"td-slider\">\r\n                                \r\n                    <div class = \"td-button td-item1\">\r\n                        <div class = \"td-border\"><\/div>\r\n                    <\/div>\r\n                    <div class = \"td-button td-item2\">\r\n                        <div class = \"td-border\"><\/div>\r\n                    <\/div>\r\n                            <\/div>\r\n                        <\/div>\r\n\r\n                    <\/div>\r\n\r\n                <\/div>\r\n                \n","protected":false},"excerpt":{"rendered":"<p>Por: Lic. H\u00e9ctor Molina &nbsp; Recordemos que\u2026 &nbsp; Los alcances de una investigaci\u00f3n se refieren a los l\u00edmites y la extensi\u00f3n del estudio que se va a realizar. Definen qu\u00e9 aspectos espec\u00edficos del problema o fen\u00f3meno se investigar\u00e1n y hasta d\u00f3nde llegar\u00e1 la investigaci\u00f3n. Es decir, los alcances determinan el \u00abqu\u00e9\u00bb, el \u00abc\u00f3mo\u00bb y el [&hellip;]<\/p>\n","protected":false},"author":1,"featured_media":238126,"comment_status":"open","ping_status":"open","sticky":false,"template":"","format":"standard","meta":{"_acf_changed":false,"footnotes":""},"categories":[43],"tags":[],"class_list":["post-238125","post","type-post","status-publish","format-standard","has-post-thumbnail","category-nuevos-horizontes"],"acf":{"antetitulo":"Segunda Parte"},"yoast_head":"<!-- This site is optimized with the Yoast SEO plugin v28.3 - https:\/\/yoast.com\/product\/yoast-seo-wordpress\/ -->\n<title>El alcance en una investigaci\u00f3n cient\u00edfica - El Diario - Bolivia<\/title>\n<meta name=\"robots\" content=\"index, follow, max-snippet:-1, max-image-preview:large, max-video-preview:-1\" \/>\n<link rel=\"canonical\" href=\"https:\/\/www.eldiario.net\/portal\/2024\/08\/02\/el-alcance-en-una-investigacion-cientifica-2\/\" \/>\n<meta property=\"og:locale\" content=\"es_ES\" \/>\n<meta property=\"og:type\" content=\"article\" \/>\n<meta property=\"og:title\" content=\"El alcance en una investigaci\u00f3n cient\u00edfica - El Diario - Bolivia\" \/>\n<meta property=\"og:description\" content=\"Por: Lic. H\u00e9ctor Molina &nbsp; Recordemos que\u2026 &nbsp; Los alcances de una investigaci\u00f3n se refieren a los l\u00edmites y la extensi\u00f3n del estudio que se va a realizar. Definen qu\u00e9 aspectos espec\u00edficos del problema o fen\u00f3meno se investigar\u00e1n y hasta d\u00f3nde llegar\u00e1 la investigaci\u00f3n. Es decir, los alcances determinan el \u00abqu\u00e9\u00bb, el \u00abc\u00f3mo\u00bb y el [&hellip;]\" \/>\n<meta property=\"og:url\" content=\"https:\/\/www.eldiario.net\/portal\/2024\/08\/02\/el-alcance-en-una-investigacion-cientifica-2\/\" \/>\n<meta property=\"og:site_name\" content=\"El Diario - Bolivia\" \/>\n<meta property=\"article:publisher\" content=\"https:\/\/www.facebook.com\/eldiario.bolivia\/\" \/>\n<meta property=\"article:published_time\" content=\"2024-08-02T10:23:41+00:00\" \/>\n<meta property=\"og:image\" content=\"https:\/\/www.eldiario.net\/portal\/wp-content\/uploads\/2024\/08\/TE-Los-alcances.jpg\" \/>\n\t<meta property=\"og:image:width\" content=\"474\" \/>\n\t<meta property=\"og:image:height\" content=\"258\" \/>\n\t<meta property=\"og:image:type\" content=\"image\/jpeg\" \/>\n<meta name=\"author\" content=\"Jeanette\" \/>\n<meta name=\"twitter:card\" content=\"summary_large_image\" \/>\n<meta name=\"twitter:creator\" content=\"@eldiario_net\" \/>\n<meta name=\"twitter:site\" content=\"@eldiario_net\" \/>\n<meta name=\"twitter:label1\" content=\"Escrito por\" \/>\n\t<meta name=\"twitter:data1\" content=\"Jeanette\" \/>\n\t<meta name=\"twitter:label2\" content=\"Tiempo de lectura\" \/>\n\t<meta name=\"twitter:data2\" content=\"4 minutos\" \/>\n<script type=\"application\/ld+json\" class=\"yoast-schema-graph\">{\"@context\":\"https:\\\/\\\/schema.org\",\"@graph\":[{\"@type\":\"Article\",\"@id\":\"https:\\\/\\\/www.eldiario.net\\\/portal\\\/2024\\\/08\\\/02\\\/el-alcance-en-una-investigacion-cientifica-2\\\/#article\",\"isPartOf\":{\"@id\":\"https:\\\/\\\/www.eldiario.net\\\/portal\\\/2024\\\/08\\\/02\\\/el-alcance-en-una-investigacion-cientifica-2\\\/\"},\"author\":{\"name\":\"Jeanette\",\"@id\":\"https:\\\/\\\/www.eldiario.net\\\/portal\\\/#\\\/schema\\\/person\\\/f46445640444750d7d753ccd04ae01b7\"},\"headline\":\"El alcance en una investigaci\u00f3n cient\u00edfica\",\"datePublished\":\"2024-08-02T10:23:41+00:00\",\"mainEntityOfPage\":{\"@id\":\"https:\\\/\\\/www.eldiario.net\\\/portal\\\/2024\\\/08\\\/02\\\/el-alcance-en-una-investigacion-cientifica-2\\\/\"},\"wordCount\":733,\"commentCount\":0,\"publisher\":{\"@id\":\"https:\\\/\\\/www.eldiario.net\\\/portal\\\/#organization\"},\"image\":{\"@id\":\"https:\\\/\\\/www.eldiario.net\\\/portal\\\/2024\\\/08\\\/02\\\/el-alcance-en-una-investigacion-cientifica-2\\\/#primaryimage\"},\"thumbnailUrl\":\"https:\\\/\\\/www.eldiario.net\\\/portal\\\/wp-content\\\/uploads\\\/2024\\\/08\\\/TE-Los-alcances.jpg\",\"articleSection\":[\"Nuevos Horizontes\"],\"inLanguage\":\"es\",\"potentialAction\":[{\"@type\":\"CommentAction\",\"name\":\"Comment\",\"target\":[\"https:\\\/\\\/www.eldiario.net\\\/portal\\\/2024\\\/08\\\/02\\\/el-alcance-en-una-investigacion-cientifica-2\\\/#respond\"]}]},{\"@type\":\"WebPage\",\"@id\":\"https:\\\/\\\/www.eldiario.net\\\/portal\\\/2024\\\/08\\\/02\\\/el-alcance-en-una-investigacion-cientifica-2\\\/\",\"url\":\"https:\\\/\\\/www.eldiario.net\\\/portal\\\/2024\\\/08\\\/02\\\/el-alcance-en-una-investigacion-cientifica-2\\\/\",\"name\":\"El alcance en una investigaci\u00f3n cient\u00edfica - El Diario - Bolivia\",\"isPartOf\":{\"@id\":\"https:\\\/\\\/www.eldiario.net\\\/portal\\\/#website\"},\"primaryImageOfPage\":{\"@id\":\"https:\\\/\\\/www.eldiario.net\\\/portal\\\/2024\\\/08\\\/02\\\/el-alcance-en-una-investigacion-cientifica-2\\\/#primaryimage\"},\"image\":{\"@id\":\"https:\\\/\\\/www.eldiario.net\\\/portal\\\/2024\\\/08\\\/02\\\/el-alcance-en-una-investigacion-cientifica-2\\\/#primaryimage\"},\"thumbnailUrl\":\"https:\\\/\\\/www.eldiario.net\\\/portal\\\/wp-content\\\/uploads\\\/2024\\\/08\\\/TE-Los-alcances.jpg\",\"datePublished\":\"2024-08-02T10:23:41+00:00\",\"breadcrumb\":{\"@id\":\"https:\\\/\\\/www.eldiario.net\\\/portal\\\/2024\\\/08\\\/02\\\/el-alcance-en-una-investigacion-cientifica-2\\\/#breadcrumb\"},\"inLanguage\":\"es\",\"potentialAction\":[{\"@type\":\"ReadAction\",\"target\":[\"https:\\\/\\\/www.eldiario.net\\\/portal\\\/2024\\\/08\\\/02\\\/el-alcance-en-una-investigacion-cientifica-2\\\/\"]}]},{\"@type\":\"ImageObject\",\"inLanguage\":\"es\",\"@id\":\"https:\\\/\\\/www.eldiario.net\\\/portal\\\/2024\\\/08\\\/02\\\/el-alcance-en-una-investigacion-cientifica-2\\\/#primaryimage\",\"url\":\"https:\\\/\\\/www.eldiario.net\\\/portal\\\/wp-content\\\/uploads\\\/2024\\\/08\\\/TE-Los-alcances.jpg\",\"contentUrl\":\"https:\\\/\\\/www.eldiario.net\\\/portal\\\/wp-content\\\/uploads\\\/2024\\\/08\\\/TE-Los-alcances.jpg\",\"width\":474,\"height\":258},{\"@type\":\"BreadcrumbList\",\"@id\":\"https:\\\/\\\/www.eldiario.net\\\/portal\\\/2024\\\/08\\\/02\\\/el-alcance-en-una-investigacion-cientifica-2\\\/#breadcrumb\",\"itemListElement\":[{\"@type\":\"ListItem\",\"position\":1,\"name\":\"Portada\",\"item\":\"https:\\\/\\\/www.eldiario.net\\\/portal\\\/\"},{\"@type\":\"ListItem\",\"position\":2,\"name\":\"El alcance en una investigaci\u00f3n cient\u00edfica\"}]},{\"@type\":\"WebSite\",\"@id\":\"https:\\\/\\\/www.eldiario.net\\\/portal\\\/#website\",\"url\":\"https:\\\/\\\/www.eldiario.net\\\/portal\\\/\",\"name\":\"El Diario - Decano de la prensa nacional\",\"description\":\"El Diario - Decano de la prensa nacional\",\"publisher\":{\"@id\":\"https:\\\/\\\/www.eldiario.net\\\/portal\\\/#organization\"},\"potentialAction\":[{\"@type\":\"SearchAction\",\"target\":{\"@type\":\"EntryPoint\",\"urlTemplate\":\"https:\\\/\\\/www.eldiario.net\\\/portal\\\/?s={search_term_string}\"},\"query-input\":{\"@type\":\"PropertyValueSpecification\",\"valueRequired\":true,\"valueName\":\"search_term_string\"}}],\"inLanguage\":\"es\"},{\"@type\":\"Organization\",\"@id\":\"https:\\\/\\\/www.eldiario.net\\\/portal\\\/#organization\",\"name\":\"El Diario - Decano de la prensa nacional\",\"url\":\"https:\\\/\\\/www.eldiario.net\\\/portal\\\/\",\"logo\":{\"@type\":\"ImageObject\",\"inLanguage\":\"es\",\"@id\":\"https:\\\/\\\/www.eldiario.net\\\/portal\\\/#\\\/schema\\\/logo\\\/image\\\/\",\"url\":\"https:\\\/\\\/www.eldiario.net\\\/portal\\\/wp-content\\\/uploads\\\/2023\\\/07\\\/logo_ED.jpg\",\"contentUrl\":\"https:\\\/\\\/www.eldiario.net\\\/portal\\\/wp-content\\\/uploads\\\/2023\\\/07\\\/logo_ED.jpg\",\"width\":272,\"height\":52,\"caption\":\"El Diario - Decano de la prensa nacional\"},\"image\":{\"@id\":\"https:\\\/\\\/www.eldiario.net\\\/portal\\\/#\\\/schema\\\/logo\\\/image\\\/\"},\"sameAs\":[\"https:\\\/\\\/www.facebook.com\\\/eldiario.bolivia\\\/\",\"https:\\\/\\\/x.com\\\/eldiario_net\"]},{\"@type\":\"Person\",\"@id\":\"https:\\\/\\\/www.eldiario.net\\\/portal\\\/#\\\/schema\\\/person\\\/f46445640444750d7d753ccd04ae01b7\",\"name\":\"Jeanette\",\"image\":{\"@type\":\"ImageObject\",\"inLanguage\":\"es\",\"@id\":\"https:\\\/\\\/secure.gravatar.com\\\/avatar\\\/3ea2118a5f7dad2b7138b1187a6b7ee55f160b9968b66013c3a3ef39dd7e5798?s=96&d=mm&r=g\",\"url\":\"https:\\\/\\\/secure.gravatar.com\\\/avatar\\\/3ea2118a5f7dad2b7138b1187a6b7ee55f160b9968b66013c3a3ef39dd7e5798?s=96&d=mm&r=g\",\"contentUrl\":\"https:\\\/\\\/secure.gravatar.com\\\/avatar\\\/3ea2118a5f7dad2b7138b1187a6b7ee55f160b9968b66013c3a3ef39dd7e5798?s=96&d=mm&r=g\",\"caption\":\"Jeanette\"},\"sameAs\":[\"https:\\\/\\\/www.eldiario.net\\\/portal\"],\"url\":\"https:\\\/\\\/www.eldiario.net\\\/portal\\\/author\\\/jeanette\\\/\"}]}<\/script>\n<!-- \/ Yoast SEO plugin. -->","yoast_head_json":{"title":"El alcance en una investigaci\u00f3n cient\u00edfica - El Diario - Bolivia","robots":{"index":"index","follow":"follow","max-snippet":"max-snippet:-1","max-image-preview":"max-image-preview:large","max-video-preview":"max-video-preview:-1"},"canonical":"https:\/\/www.eldiario.net\/portal\/2024\/08\/02\/el-alcance-en-una-investigacion-cientifica-2\/","og_locale":"es_ES","og_type":"article","og_title":"El alcance en una investigaci\u00f3n cient\u00edfica - El Diario - Bolivia","og_description":"Por: Lic. H\u00e9ctor Molina &nbsp; Recordemos que\u2026 &nbsp; Los alcances de una investigaci\u00f3n se refieren a los l\u00edmites y la extensi\u00f3n del estudio que se va a realizar. Definen qu\u00e9 aspectos espec\u00edficos del problema o fen\u00f3meno se investigar\u00e1n y hasta d\u00f3nde llegar\u00e1 la investigaci\u00f3n. Es decir, los alcances determinan el \u00abqu\u00e9\u00bb, el \u00abc\u00f3mo\u00bb y el [&hellip;]","og_url":"https:\/\/www.eldiario.net\/portal\/2024\/08\/02\/el-alcance-en-una-investigacion-cientifica-2\/","og_site_name":"El Diario - Bolivia","article_publisher":"https:\/\/www.facebook.com\/eldiario.bolivia\/","article_published_time":"2024-08-02T10:23:41+00:00","og_image":[{"width":474,"height":258,"url":"https:\/\/www.eldiario.net\/portal\/wp-content\/uploads\/2024\/08\/TE-Los-alcances.jpg","type":"image\/jpeg"}],"author":"Jeanette","twitter_card":"summary_large_image","twitter_creator":"@eldiario_net","twitter_site":"@eldiario_net","twitter_misc":{"Escrito por":"Jeanette","Tiempo de lectura":"4 minutos"},"schema":{"@context":"https:\/\/schema.org","@graph":[{"@type":"Article","@id":"https:\/\/www.eldiario.net\/portal\/2024\/08\/02\/el-alcance-en-una-investigacion-cientifica-2\/#article","isPartOf":{"@id":"https:\/\/www.eldiario.net\/portal\/2024\/08\/02\/el-alcance-en-una-investigacion-cientifica-2\/"},"author":{"name":"Jeanette","@id":"https:\/\/www.eldiario.net\/portal\/#\/schema\/person\/f46445640444750d7d753ccd04ae01b7"},"headline":"El alcance en una investigaci\u00f3n cient\u00edfica","datePublished":"2024-08-02T10:23:41+00:00","mainEntityOfPage":{"@id":"https:\/\/www.eldiario.net\/portal\/2024\/08\/02\/el-alcance-en-una-investigacion-cientifica-2\/"},"wordCount":733,"commentCount":0,"publisher":{"@id":"https:\/\/www.eldiario.net\/portal\/#organization"},"image":{"@id":"https:\/\/www.eldiario.net\/portal\/2024\/08\/02\/el-alcance-en-una-investigacion-cientifica-2\/#primaryimage"},"thumbnailUrl":"https:\/\/www.eldiario.net\/portal\/wp-content\/uploads\/2024\/08\/TE-Los-alcances.jpg","articleSection":["Nuevos Horizontes"],"inLanguage":"es","potentialAction":[{"@type":"CommentAction","name":"Comment","target":["https:\/\/www.eldiario.net\/portal\/2024\/08\/02\/el-alcance-en-una-investigacion-cientifica-2\/#respond"]}]},{"@type":"WebPage","@id":"https:\/\/www.eldiario.net\/portal\/2024\/08\/02\/el-alcance-en-una-investigacion-cientifica-2\/","url":"https:\/\/www.eldiario.net\/portal\/2024\/08\/02\/el-alcance-en-una-investigacion-cientifica-2\/","name":"El alcance en una investigaci\u00f3n cient\u00edfica - El Diario - Bolivia","isPartOf":{"@id":"https:\/\/www.eldiario.net\/portal\/#website"},"primaryImageOfPage":{"@id":"https:\/\/www.eldiario.net\/portal\/2024\/08\/02\/el-alcance-en-una-investigacion-cientifica-2\/#primaryimage"},"image":{"@id":"https:\/\/www.eldiario.net\/portal\/2024\/08\/02\/el-alcance-en-una-investigacion-cientifica-2\/#primaryimage"},"thumbnailUrl":"https:\/\/www.eldiario.net\/portal\/wp-content\/uploads\/2024\/08\/TE-Los-alcances.jpg","datePublished":"2024-08-02T10:23:41+00:00","breadcrumb":{"@id":"https:\/\/www.eldiario.net\/portal\/2024\/08\/02\/el-alcance-en-una-investigacion-cientifica-2\/#breadcrumb"},"inLanguage":"es","potentialAction":[{"@type":"ReadAction","target":["https:\/\/www.eldiario.net\/portal\/2024\/08\/02\/el-alcance-en-una-investigacion-cientifica-2\/"]}]},{"@type":"ImageObject","inLanguage":"es","@id":"https:\/\/www.eldiario.net\/portal\/2024\/08\/02\/el-alcance-en-una-investigacion-cientifica-2\/#primaryimage","url":"https:\/\/www.eldiario.net\/portal\/wp-content\/uploads\/2024\/08\/TE-Los-alcances.jpg","contentUrl":"https:\/\/www.eldiario.net\/portal\/wp-content\/uploads\/2024\/08\/TE-Los-alcances.jpg","width":474,"height":258},{"@type":"BreadcrumbList","@id":"https:\/\/www.eldiario.net\/portal\/2024\/08\/02\/el-alcance-en-una-investigacion-cientifica-2\/#breadcrumb","itemListElement":[{"@type":"ListItem","position":1,"name":"Portada","item":"https:\/\/www.eldiario.net\/portal\/"},{"@type":"ListItem","position":2,"name":"El alcance en una investigaci\u00f3n cient\u00edfica"}]},{"@type":"WebSite","@id":"https:\/\/www.eldiario.net\/portal\/#website","url":"https:\/\/www.eldiario.net\/portal\/","name":"El Diario - Decano de la prensa nacional","description":"El Diario - Decano de la prensa nacional","publisher":{"@id":"https:\/\/www.eldiario.net\/portal\/#organization"},"potentialAction":[{"@type":"SearchAction","target":{"@type":"EntryPoint","urlTemplate":"https:\/\/www.eldiario.net\/portal\/?s={search_term_string}"},"query-input":{"@type":"PropertyValueSpecification","valueRequired":true,"valueName":"search_term_string"}}],"inLanguage":"es"},{"@type":"Organization","@id":"https:\/\/www.eldiario.net\/portal\/#organization","name":"El Diario - Decano de la prensa nacional","url":"https:\/\/www.eldiario.net\/portal\/","logo":{"@type":"ImageObject","inLanguage":"es","@id":"https:\/\/www.eldiario.net\/portal\/#\/schema\/logo\/image\/","url":"https:\/\/www.eldiario.net\/portal\/wp-content\/uploads\/2023\/07\/logo_ED.jpg","contentUrl":"https:\/\/www.eldiario.net\/portal\/wp-content\/uploads\/2023\/07\/logo_ED.jpg","width":272,"height":52,"caption":"El Diario - Decano de la prensa nacional"},"image":{"@id":"https:\/\/www.eldiario.net\/portal\/#\/schema\/logo\/image\/"},"sameAs":["https:\/\/www.facebook.com\/eldiario.bolivia\/","https:\/\/x.com\/eldiario_net"]},{"@type":"Person","@id":"https:\/\/www.eldiario.net\/portal\/#\/schema\/person\/f46445640444750d7d753ccd04ae01b7","name":"Jeanette","image":{"@type":"ImageObject","inLanguage":"es","@id":"https:\/\/secure.gravatar.com\/avatar\/3ea2118a5f7dad2b7138b1187a6b7ee55f160b9968b66013c3a3ef39dd7e5798?s=96&d=mm&r=g","url":"https:\/\/secure.gravatar.com\/avatar\/3ea2118a5f7dad2b7138b1187a6b7ee55f160b9968b66013c3a3ef39dd7e5798?s=96&d=mm&r=g","contentUrl":"https:\/\/secure.gravatar.com\/avatar\/3ea2118a5f7dad2b7138b1187a6b7ee55f160b9968b66013c3a3ef39dd7e5798?s=96&d=mm&r=g","caption":"Jeanette"},"sameAs":["https:\/\/www.eldiario.net\/portal"],"url":"https:\/\/www.eldiario.net\/portal\/author\/jeanette\/"}]}},"_links":{"self":[{"href":"https:\/\/www.eldiario.net\/portal\/wp-json\/wp\/v2\/posts\/238125","targetHints":{"allow":["GET"]}}],"collection":[{"href":"https:\/\/www.eldiario.net\/portal\/wp-json\/wp\/v2\/posts"}],"about":[{"href":"https:\/\/www.eldiario.net\/portal\/wp-json\/wp\/v2\/types\/post"}],"author":[{"embeddable":true,"href":"https:\/\/www.eldiario.net\/portal\/wp-json\/wp\/v2\/users\/1"}],"replies":[{"embeddable":true,"href":"https:\/\/www.eldiario.net\/portal\/wp-json\/wp\/v2\/comments?post=238125"}],"version-history":[{"count":1,"href":"https:\/\/www.eldiario.net\/portal\/wp-json\/wp\/v2\/posts\/238125\/revisions"}],"predecessor-version":[{"id":238128,"href":"https:\/\/www.eldiario.net\/portal\/wp-json\/wp\/v2\/posts\/238125\/revisions\/238128"}],"wp:featuredmedia":[{"embeddable":true,"href":"https:\/\/www.eldiario.net\/portal\/wp-json\/wp\/v2\/media\/238126"}],"wp:attachment":[{"href":"https:\/\/www.eldiario.net\/portal\/wp-json\/wp\/v2\/media?parent=238125"}],"wp:term":[{"taxonomy":"category","embeddable":true,"href":"https:\/\/www.eldiario.net\/portal\/wp-json\/wp\/v2\/categories?post=238125"},{"taxonomy":"post_tag","embeddable":true,"href":"https:\/\/www.eldiario.net\/portal\/wp-json\/wp\/v2\/tags?post=238125"}],"curies":[{"name":"wp","href":"https:\/\/api.w.org\/{rel}","templated":true}]}}