{"id":23812,"date":"2021-08-16T06:23:47","date_gmt":"2021-08-16T10:23:47","guid":{"rendered":"https:\/\/www.eldiario.net\/portal\/?p=23812"},"modified":"2021-08-16T06:23:47","modified_gmt":"2021-08-16T10:23:47","slug":"exdiputado-exige-procesos-para-los-que-atentaron-contra-democracia","status":"publish","type":"post","link":"https:\/\/www.eldiario.net\/portal\/2021\/08\/16\/exdiputado-exige-procesos-para-los-que-atentaron-contra-democracia\/","title":{"rendered":"Exdiputado exige procesos para  los que atentaron contra democracia"},"content":{"rendered":"<p>Tras el fallo de la Corte Interamericana de Derechos Humanos (C-IDH) en el que se se\u00f1ala que la reelecci\u00f3n presidencial indefinida no es un derecho humano, el exdiputado Gonzalo Barrientos manifest\u00f3 que corresponde iniciar todas las demandas en contra de los responsables materiales e intelectuales del da\u00f1o a la democracia.<br \/>\nEl exlegislador nacional manifest\u00f3 que la determinaci\u00f3n de la Corte IDH s\u00f3lo confirma que desde el TCP se han asumido competencias que no corresponden y de esta forma se ha atentado contra el ordenamiento jur\u00eddico al intentar beneficiar al expresidente Evo Morales y su empe\u00f1o en presentarse como candidato en las elecciones.<br \/>\n\u201cSe evidencia que en nuestro pa\u00eds el Tribunal Constitucional Plurinacional ha asumido competencias que no le corresponden al interpretar el art\u00edculo 23 de la convenci\u00f3n americana\u201d, dijo.<br \/>\nSostuvo que de esta forma se han desconocido los resultados del refer\u00e9ndum vinculante del 2016 en el que se neg\u00f3 esta posibilidad, adem\u00e1s de haber convocado a distintos procesos electorales con la finalidad de intentar dar legalidad a la candidatura irregular de Morales.<br \/>\nAgreg\u00f3 que estos intentos han generado que en el pa\u00eds se produzcan jornadas de confrontaci\u00f3n que terminaron en heridos y muertos, adem\u00e1s de gastos millonarios en procesos electorales.<br \/>\n\u201cSe ha pisoteado el voto popular del 21F, se ha violado la Constituci\u00f3n Pol\u00edtica del Estado, se ha llevado de manera fraudulenta elecciones primarias y los comicios del a\u00f1o 2019, se ha generado confrontaci\u00f3n con muchos heridos, sangre, muertes y da\u00f1o econ\u00f3mico al Estado boliviano\u201d , manifest\u00f3 Barrientos.<br \/>\nPor lo se\u00f1alado, exigi\u00f3 que se inicien procesos en contra de todos los implicados en la candidatura ilegal de Evo Morales en los comicios de 2019, por los da\u00f1os provocados.<br \/>\n\u201cDespu\u00e9s del fallo de la CIDH sobre la reelecci\u00f3n indefinida no es un derecho humano corresponde m\u00e1s bien es iniciar todas las demandas correspondientes a los responsables intelectuales y materiales de semejante da\u00f1o que se ha hecho al pueblo boliviano, a nuestra democracia y a todo el pa\u00eds\u201d, expres\u00f3.<\/p>\n","protected":false},"excerpt":{"rendered":"<p>Tras el fallo de la Corte Interamericana de Derechos Humanos (C-IDH) en el que se se\u00f1ala que la reelecci\u00f3n presidencial indefinida no es un derecho humano, el exdiputado Gonzalo Barrientos manifest\u00f3 que corresponde iniciar todas las demandas en contra de los responsables materiales e intelectuales del da\u00f1o a la democracia. El exlegislador nacional manifest\u00f3 que [&hellip;]<\/p>\n","protected":false},"author":1,"featured_media":0,"comment_status":"closed","ping_status":"closed","sticky":false,"template":"","format":"standard","meta":{"_acf_changed":false,"footnotes":""},"categories":[14],"tags":[],"class_list":["post-23812","post","type-post","status-publish","format-standard","category-politica"],"acf":{"antetitulo":""},"yoast_head":"<!-- This site is optimized with the Yoast SEO plugin v28.4 - https:\/\/yoast.com\/product\/yoast-seo-wordpress\/ -->\n<title>Exdiputado exige procesos para los que atentaron contra democracia - El Diario - Bolivia<\/title>\n<meta name=\"robots\" content=\"index, follow, max-snippet:-1, max-image-preview:large, max-video-preview:-1\" \/>\n<link rel=\"canonical\" href=\"https:\/\/www.eldiario.net\/portal\/2021\/08\/16\/exdiputado-exige-procesos-para-los-que-atentaron-contra-democracia\/\" \/>\n<meta property=\"og:locale\" content=\"es_ES\" \/>\n<meta property=\"og:type\" content=\"article\" \/>\n<meta property=\"og:title\" content=\"Exdiputado exige procesos para los que atentaron contra democracia - El Diario - Bolivia\" \/>\n<meta property=\"og:description\" content=\"Tras el fallo de la Corte Interamericana de Derechos Humanos (C-IDH) en el que se se\u00f1ala que la reelecci\u00f3n presidencial indefinida no es un derecho humano, el exdiputado Gonzalo Barrientos manifest\u00f3 que corresponde iniciar todas las demandas en contra de los responsables materiales e intelectuales del da\u00f1o a la democracia. El exlegislador nacional manifest\u00f3 que [&hellip;]\" \/>\n<meta property=\"og:url\" content=\"https:\/\/www.eldiario.net\/portal\/2021\/08\/16\/exdiputado-exige-procesos-para-los-que-atentaron-contra-democracia\/\" \/>\n<meta property=\"og:site_name\" content=\"El Diario - Bolivia\" \/>\n<meta property=\"article:publisher\" content=\"https:\/\/www.facebook.com\/eldiario.bolivia\/\" \/>\n<meta property=\"article:published_time\" content=\"2021-08-16T10:23:47+00:00\" \/>\n<meta name=\"author\" content=\"Jeanette\" \/>\n<meta name=\"twitter:card\" content=\"summary_large_image\" \/>\n<meta name=\"twitter:creator\" content=\"@eldiario_net\" \/>\n<meta name=\"twitter:site\" content=\"@eldiario_net\" \/>\n<meta name=\"twitter:label1\" content=\"Escrito por\" \/>\n\t<meta name=\"twitter:data1\" content=\"Jeanette\" \/>\n\t<meta name=\"twitter:label2\" content=\"Tiempo de lectura\" \/>\n\t<meta name=\"twitter:data2\" content=\"2 minutos\" \/>\n<script type=\"application\/ld+json\" class=\"yoast-schema-graph\">{\"@context\":\"https:\\\/\\\/schema.org\",\"@graph\":[{\"@type\":\"Article\",\"@id\":\"https:\\\/\\\/www.eldiario.net\\\/portal\\\/2021\\\/08\\\/16\\\/exdiputado-exige-procesos-para-los-que-atentaron-contra-democracia\\\/#article\",\"isPartOf\":{\"@id\":\"https:\\\/\\\/www.eldiario.net\\\/portal\\\/2021\\\/08\\\/16\\\/exdiputado-exige-procesos-para-los-que-atentaron-contra-democracia\\\/\"},\"author\":{\"name\":\"Jeanette\",\"@id\":\"https:\\\/\\\/www.eldiario.net\\\/portal\\\/#\\\/schema\\\/person\\\/f46445640444750d7d753ccd04ae01b7\"},\"headline\":\"Exdiputado exige procesos para los que atentaron contra democracia\",\"datePublished\":\"2021-08-16T10:23:47+00:00\",\"mainEntityOfPage\":{\"@id\":\"https:\\\/\\\/www.eldiario.net\\\/portal\\\/2021\\\/08\\\/16\\\/exdiputado-exige-procesos-para-los-que-atentaron-contra-democracia\\\/\"},\"wordCount\":359,\"publisher\":{\"@id\":\"https:\\\/\\\/www.eldiario.net\\\/portal\\\/#organization\"},\"articleSection\":[\"Pol\u00edtica\"],\"inLanguage\":\"es\"},{\"@type\":\"WebPage\",\"@id\":\"https:\\\/\\\/www.eldiario.net\\\/portal\\\/2021\\\/08\\\/16\\\/exdiputado-exige-procesos-para-los-que-atentaron-contra-democracia\\\/\",\"url\":\"https:\\\/\\\/www.eldiario.net\\\/portal\\\/2021\\\/08\\\/16\\\/exdiputado-exige-procesos-para-los-que-atentaron-contra-democracia\\\/\",\"name\":\"Exdiputado exige procesos para los que atentaron contra democracia - El Diario - Bolivia\",\"isPartOf\":{\"@id\":\"https:\\\/\\\/www.eldiario.net\\\/portal\\\/#website\"},\"datePublished\":\"2021-08-16T10:23:47+00:00\",\"breadcrumb\":{\"@id\":\"https:\\\/\\\/www.eldiario.net\\\/portal\\\/2021\\\/08\\\/16\\\/exdiputado-exige-procesos-para-los-que-atentaron-contra-democracia\\\/#breadcrumb\"},\"inLanguage\":\"es\",\"potentialAction\":[{\"@type\":\"ReadAction\",\"target\":[\"https:\\\/\\\/www.eldiario.net\\\/portal\\\/2021\\\/08\\\/16\\\/exdiputado-exige-procesos-para-los-que-atentaron-contra-democracia\\\/\"]}]},{\"@type\":\"BreadcrumbList\",\"@id\":\"https:\\\/\\\/www.eldiario.net\\\/portal\\\/2021\\\/08\\\/16\\\/exdiputado-exige-procesos-para-los-que-atentaron-contra-democracia\\\/#breadcrumb\",\"itemListElement\":[{\"@type\":\"ListItem\",\"position\":1,\"name\":\"Portada\",\"item\":\"https:\\\/\\\/www.eldiario.net\\\/portal\\\/\"},{\"@type\":\"ListItem\",\"position\":2,\"name\":\"Exdiputado exige procesos para los que atentaron contra democracia\"}]},{\"@type\":\"WebSite\",\"@id\":\"https:\\\/\\\/www.eldiario.net\\\/portal\\\/#website\",\"url\":\"https:\\\/\\\/www.eldiario.net\\\/portal\\\/\",\"name\":\"El Diario - Decano de la prensa nacional\",\"description\":\"El Diario - Decano de la prensa nacional\",\"publisher\":{\"@id\":\"https:\\\/\\\/www.eldiario.net\\\/portal\\\/#organization\"},\"potentialAction\":[{\"@type\":\"SearchAction\",\"target\":{\"@type\":\"EntryPoint\",\"urlTemplate\":\"https:\\\/\\\/www.eldiario.net\\\/portal\\\/?s={search_term_string}\"},\"query-input\":{\"@type\":\"PropertyValueSpecification\",\"valueRequired\":true,\"valueName\":\"search_term_string\"}}],\"inLanguage\":\"es\"},{\"@type\":\"Organization\",\"@id\":\"https:\\\/\\\/www.eldiario.net\\\/portal\\\/#organization\",\"name\":\"El Diario - Decano de la prensa nacional\",\"url\":\"https:\\\/\\\/www.eldiario.net\\\/portal\\\/\",\"logo\":{\"@type\":\"ImageObject\",\"inLanguage\":\"es\",\"@id\":\"https:\\\/\\\/www.eldiario.net\\\/portal\\\/#\\\/schema\\\/logo\\\/image\\\/\",\"url\":\"https:\\\/\\\/www.eldiario.net\\\/portal\\\/wp-content\\\/uploads\\\/2023\\\/07\\\/logo_ED.jpg\",\"contentUrl\":\"https:\\\/\\\/www.eldiario.net\\\/portal\\\/wp-content\\\/uploads\\\/2023\\\/07\\\/logo_ED.jpg\",\"width\":272,\"height\":52,\"caption\":\"El Diario - Decano de la prensa nacional\"},\"image\":{\"@id\":\"https:\\\/\\\/www.eldiario.net\\\/portal\\\/#\\\/schema\\\/logo\\\/image\\\/\"},\"sameAs\":[\"https:\\\/\\\/www.facebook.com\\\/eldiario.bolivia\\\/\",\"https:\\\/\\\/x.com\\\/eldiario_net\"]},{\"@type\":\"Person\",\"@id\":\"https:\\\/\\\/www.eldiario.net\\\/portal\\\/#\\\/schema\\\/person\\\/f46445640444750d7d753ccd04ae01b7\",\"name\":\"Jeanette\",\"image\":{\"@type\":\"ImageObject\",\"inLanguage\":\"es\",\"@id\":\"https:\\\/\\\/secure.gravatar.com\\\/avatar\\\/3ea2118a5f7dad2b7138b1187a6b7ee55f160b9968b66013c3a3ef39dd7e5798?s=96&d=mm&r=g\",\"url\":\"https:\\\/\\\/secure.gravatar.com\\\/avatar\\\/3ea2118a5f7dad2b7138b1187a6b7ee55f160b9968b66013c3a3ef39dd7e5798?s=96&d=mm&r=g\",\"contentUrl\":\"https:\\\/\\\/secure.gravatar.com\\\/avatar\\\/3ea2118a5f7dad2b7138b1187a6b7ee55f160b9968b66013c3a3ef39dd7e5798?s=96&d=mm&r=g\",\"caption\":\"Jeanette\"},\"sameAs\":[\"https:\\\/\\\/www.eldiario.net\\\/portal\"],\"url\":\"https:\\\/\\\/www.eldiario.net\\\/portal\\\/author\\\/jeanette\\\/\"}]}<\/script>\n<!-- \/ Yoast SEO plugin. -->","yoast_head_json":{"title":"Exdiputado exige procesos para los que atentaron contra democracia - El Diario - Bolivia","robots":{"index":"index","follow":"follow","max-snippet":"max-snippet:-1","max-image-preview":"max-image-preview:large","max-video-preview":"max-video-preview:-1"},"canonical":"https:\/\/www.eldiario.net\/portal\/2021\/08\/16\/exdiputado-exige-procesos-para-los-que-atentaron-contra-democracia\/","og_locale":"es_ES","og_type":"article","og_title":"Exdiputado exige procesos para los que atentaron contra democracia - El Diario - Bolivia","og_description":"Tras el fallo de la Corte Interamericana de Derechos Humanos (C-IDH) en el que se se\u00f1ala que la reelecci\u00f3n presidencial indefinida no es un derecho humano, el exdiputado Gonzalo Barrientos manifest\u00f3 que corresponde iniciar todas las demandas en contra de los responsables materiales e intelectuales del da\u00f1o a la democracia. El exlegislador nacional manifest\u00f3 que [&hellip;]","og_url":"https:\/\/www.eldiario.net\/portal\/2021\/08\/16\/exdiputado-exige-procesos-para-los-que-atentaron-contra-democracia\/","og_site_name":"El Diario - Bolivia","article_publisher":"https:\/\/www.facebook.com\/eldiario.bolivia\/","article_published_time":"2021-08-16T10:23:47+00:00","author":"Jeanette","twitter_card":"summary_large_image","twitter_creator":"@eldiario_net","twitter_site":"@eldiario_net","twitter_misc":{"Escrito por":"Jeanette","Tiempo de lectura":"2 minutos"},"schema":{"@context":"https:\/\/schema.org","@graph":[{"@type":"Article","@id":"https:\/\/www.eldiario.net\/portal\/2021\/08\/16\/exdiputado-exige-procesos-para-los-que-atentaron-contra-democracia\/#article","isPartOf":{"@id":"https:\/\/www.eldiario.net\/portal\/2021\/08\/16\/exdiputado-exige-procesos-para-los-que-atentaron-contra-democracia\/"},"author":{"name":"Jeanette","@id":"https:\/\/www.eldiario.net\/portal\/#\/schema\/person\/f46445640444750d7d753ccd04ae01b7"},"headline":"Exdiputado exige procesos para los que atentaron contra democracia","datePublished":"2021-08-16T10:23:47+00:00","mainEntityOfPage":{"@id":"https:\/\/www.eldiario.net\/portal\/2021\/08\/16\/exdiputado-exige-procesos-para-los-que-atentaron-contra-democracia\/"},"wordCount":359,"publisher":{"@id":"https:\/\/www.eldiario.net\/portal\/#organization"},"articleSection":["Pol\u00edtica"],"inLanguage":"es"},{"@type":"WebPage","@id":"https:\/\/www.eldiario.net\/portal\/2021\/08\/16\/exdiputado-exige-procesos-para-los-que-atentaron-contra-democracia\/","url":"https:\/\/www.eldiario.net\/portal\/2021\/08\/16\/exdiputado-exige-procesos-para-los-que-atentaron-contra-democracia\/","name":"Exdiputado exige procesos para los que atentaron contra democracia - El Diario - Bolivia","isPartOf":{"@id":"https:\/\/www.eldiario.net\/portal\/#website"},"datePublished":"2021-08-16T10:23:47+00:00","breadcrumb":{"@id":"https:\/\/www.eldiario.net\/portal\/2021\/08\/16\/exdiputado-exige-procesos-para-los-que-atentaron-contra-democracia\/#breadcrumb"},"inLanguage":"es","potentialAction":[{"@type":"ReadAction","target":["https:\/\/www.eldiario.net\/portal\/2021\/08\/16\/exdiputado-exige-procesos-para-los-que-atentaron-contra-democracia\/"]}]},{"@type":"BreadcrumbList","@id":"https:\/\/www.eldiario.net\/portal\/2021\/08\/16\/exdiputado-exige-procesos-para-los-que-atentaron-contra-democracia\/#breadcrumb","itemListElement":[{"@type":"ListItem","position":1,"name":"Portada","item":"https:\/\/www.eldiario.net\/portal\/"},{"@type":"ListItem","position":2,"name":"Exdiputado exige procesos para los que atentaron contra democracia"}]},{"@type":"WebSite","@id":"https:\/\/www.eldiario.net\/portal\/#website","url":"https:\/\/www.eldiario.net\/portal\/","name":"El Diario - Decano de la prensa nacional","description":"El Diario - Decano de la prensa nacional","publisher":{"@id":"https:\/\/www.eldiario.net\/portal\/#organization"},"potentialAction":[{"@type":"SearchAction","target":{"@type":"EntryPoint","urlTemplate":"https:\/\/www.eldiario.net\/portal\/?s={search_term_string}"},"query-input":{"@type":"PropertyValueSpecification","valueRequired":true,"valueName":"search_term_string"}}],"inLanguage":"es"},{"@type":"Organization","@id":"https:\/\/www.eldiario.net\/portal\/#organization","name":"El Diario - Decano de la prensa nacional","url":"https:\/\/www.eldiario.net\/portal\/","logo":{"@type":"ImageObject","inLanguage":"es","@id":"https:\/\/www.eldiario.net\/portal\/#\/schema\/logo\/image\/","url":"https:\/\/www.eldiario.net\/portal\/wp-content\/uploads\/2023\/07\/logo_ED.jpg","contentUrl":"https:\/\/www.eldiario.net\/portal\/wp-content\/uploads\/2023\/07\/logo_ED.jpg","width":272,"height":52,"caption":"El Diario - Decano de la prensa nacional"},"image":{"@id":"https:\/\/www.eldiario.net\/portal\/#\/schema\/logo\/image\/"},"sameAs":["https:\/\/www.facebook.com\/eldiario.bolivia\/","https:\/\/x.com\/eldiario_net"]},{"@type":"Person","@id":"https:\/\/www.eldiario.net\/portal\/#\/schema\/person\/f46445640444750d7d753ccd04ae01b7","name":"Jeanette","image":{"@type":"ImageObject","inLanguage":"es","@id":"https:\/\/secure.gravatar.com\/avatar\/3ea2118a5f7dad2b7138b1187a6b7ee55f160b9968b66013c3a3ef39dd7e5798?s=96&d=mm&r=g","url":"https:\/\/secure.gravatar.com\/avatar\/3ea2118a5f7dad2b7138b1187a6b7ee55f160b9968b66013c3a3ef39dd7e5798?s=96&d=mm&r=g","contentUrl":"https:\/\/secure.gravatar.com\/avatar\/3ea2118a5f7dad2b7138b1187a6b7ee55f160b9968b66013c3a3ef39dd7e5798?s=96&d=mm&r=g","caption":"Jeanette"},"sameAs":["https:\/\/www.eldiario.net\/portal"],"url":"https:\/\/www.eldiario.net\/portal\/author\/jeanette\/"}]}},"_links":{"self":[{"href":"https:\/\/www.eldiario.net\/portal\/wp-json\/wp\/v2\/posts\/23812","targetHints":{"allow":["GET"]}}],"collection":[{"href":"https:\/\/www.eldiario.net\/portal\/wp-json\/wp\/v2\/posts"}],"about":[{"href":"https:\/\/www.eldiario.net\/portal\/wp-json\/wp\/v2\/types\/post"}],"author":[{"embeddable":true,"href":"https:\/\/www.eldiario.net\/portal\/wp-json\/wp\/v2\/users\/1"}],"replies":[{"embeddable":true,"href":"https:\/\/www.eldiario.net\/portal\/wp-json\/wp\/v2\/comments?post=23812"}],"version-history":[{"count":0,"href":"https:\/\/www.eldiario.net\/portal\/wp-json\/wp\/v2\/posts\/23812\/revisions"}],"wp:attachment":[{"href":"https:\/\/www.eldiario.net\/portal\/wp-json\/wp\/v2\/media?parent=23812"}],"wp:term":[{"taxonomy":"category","embeddable":true,"href":"https:\/\/www.eldiario.net\/portal\/wp-json\/wp\/v2\/categories?post=23812"},{"taxonomy":"post_tag","embeddable":true,"href":"https:\/\/www.eldiario.net\/portal\/wp-json\/wp\/v2\/tags?post=23812"}],"curies":[{"name":"wp","href":"https:\/\/api.w.org\/{rel}","templated":true}]}}