{"id":238091,"date":"2024-08-02T06:14:14","date_gmt":"2024-08-02T10:14:14","guid":{"rendered":"https:\/\/www.eldiario.net\/portal\/?p=238091"},"modified":"2024-08-02T06:14:14","modified_gmt":"2024-08-02T10:14:14","slug":"marco-tarifa-perdi-a-mama-hace-un-ano-y-me-cuesta-vivir-sin-ella","status":"publish","type":"post","link":"https:\/\/www.eldiario.net\/portal\/2024\/08\/02\/marco-tarifa-perdi-a-mama-hace-un-ano-y-me-cuesta-vivir-sin-ella\/","title":{"rendered":"MARCO TARIFA \u201cPerd\u00ed a mam\u00e1 hace un a\u00f1o  y me cuesta vivir sin ella\u201d"},"content":{"rendered":"<p>Nombre: Marco Antonio Tarifa Herbas.<\/p>\n<p>Lugar de nacimiento: La Paz.<\/p>\n<p>Estudios: Licenciatura en comunicaci\u00f3n social, UCB.<\/p>\n<p>Estado civil: Soltero.<\/p>\n<p>\u00bfA qu\u00e9 te dedicas hoy?: Hace 23 a\u00f1os me dedico casi exclusivamente al programa (El Equipo Deportivo). Hacer dos programas diarios y uno especial el domingo (actualmente en RTP) te deja poco tiempo para hacer otras actividades.<\/p>\n<p>&nbsp;<\/p>\n<p>&nbsp;<\/p>\n<p><strong>LG: \u00bfQu\u00e9 no sabe de ti el p\u00fablico?<\/strong><\/p>\n<p>MT: Que corro cada fin de semana unos 10 kil\u00f3metros, que cocino y me ocupo de las tareas de la casa sin dificultades.<\/p>\n<p><strong>LG: \u00bfCu\u00e1l crees que es tu mayor virtud?<\/strong><\/p>\n<p>MT: Comportarme en la vida con los valores que me ense\u00f1\u00f3 mi familia, no mentir, respetar a los dem\u00e1s, ser solidario. Mantenerme lejos de la mentira y los caminos inapropiados.<\/p>\n<p><strong>LG: \u00bfY tu peor defecto?<\/strong><\/p>\n<p>MT: Soy demasiado r\u00e1pido para encontrar defectos en todo. A veces es perjudicial porque no te deja progresar en alg\u00fan plan, descarto cosas y personas muy f\u00e1cilmente.<\/p>\n<p><strong>LG: Si volvieras a nacer, \u00bfqu\u00e9 cambiar\u00edas de tu vida?<\/strong><\/p>\n<p>MT: No tengo la menor idea, creo que hay que aceptar la vida como te toca. En todo caso, declaro mi felicidad por todo lo que me ha dado Dios.<\/p>\n<p><strong>LG: \u00bfQu\u00e9 es lo mejor que han dicho de Marco Antonio Tarifa?<\/strong><\/p>\n<p>MT: Que soy un buen hijo, eso me hace feliz. Haber tenido mam\u00e1 hasta esta edad y tener pap\u00e1 es una bendici\u00f3n que disfruto. Saber que la gente me ve como un buen hijo y me lo dice, acaricia mi coraz\u00f3n.<\/p>\n<p><strong>LG: \u00bfY qu\u00e9 es lo peor?<\/strong><\/p>\n<p>MT: Que soy mediocre en mi trabajo o fracasado, me lo dicen algunos en las redes, cada uno es libre de pensar lo que quiera. Que soy agrandado o soberbio, tambi\u00e9n lo he escuchado.<\/p>\n<p><strong>LG: \u00bfQu\u00e9 haces en tu tiempo libre?<\/strong><\/p>\n<p>MT: Tengo poco tiempo libre, pero cuando puedo leo, escribo, canto.<\/p>\n<p><strong>LG: \u00bfDe qu\u00e9 aspectos o debilidades podr\u00edan re\u00edrse de ti? <\/strong><\/p>\n<p>MT: Se r\u00eden de m\u00ed cuando pierde mi equipo, los que lo saben, creo que no hay una debilidad o un aspecto f\u00edsico del que se puedan re\u00edr.<\/p>\n<p><strong>LG: \u00bfCu\u00e1l fue la etapa m\u00e1s dif\u00edcil de tu vida?<\/strong><\/p>\n<p>MT: Perd\u00ed a mam\u00e1 hace un a\u00f1o y me cuesta vivir sin ella. Puedo superar problemas de diferente \u00edndole, pero superar la ausencia de mam\u00e1 es algo que no va a suceder.<\/p>\n<p><strong>LG: \u00bfY cu\u00e1l el mejor momento?<\/strong><\/p>\n<p>MT: Mi infancia, cuando una pelota y unos zapatos de f\u00fatbol eran mi felicidad.<\/p>\n<p><strong>LG: \u00bfUna frustraci\u00f3n?<\/strong><\/p>\n<p>MT: En su momento no haber sido futbolista, mi pasi\u00f3n por el f\u00fatbol me hizo quedarme lo m\u00e1s cerca posible de este deporte y por eso eleg\u00ed ser periodista.<\/p>\n<p><strong>LG: \u00bfUn sue\u00f1o realizado?<\/strong><\/p>\n<p>MT: Tener un programa propio. <em>El Equipo Deportivo<\/em> es mi sue\u00f1o hecho realidad. Despu\u00e9s de estudiar y trabajar en algunos medios, decid\u00ed seguir este camino.<\/p>\n<p><strong>LG: \u00bfQu\u00e9 haces cuando reniegas?<\/strong><\/p>\n<p>MT: Pasa muy seguido, guardo silencio, me cuesta cambiar de humor, caminar muchas veces me ayuda.<\/p>\n<p><strong>LG: \u00bfC\u00f3mo te gustar\u00eda que te recuerden?<\/strong><\/p>\n<p>MT: Que me recuerden como quieran, es algo que elige la gente y uno no estar\u00e1 para sufrir o disfrutar por ello.<\/p>\n<p><strong>LG: Si alguien no te cae, \u00bfse lo dices de frente?<\/strong><\/p>\n<p>MT: Nada le digo, creo que no tengo derecho. Normalmente estoy cerca de la gente con la que me llevo bien, del resto me alejo lo m\u00e1s que pueda.<\/p>\n<p><strong>LG: Si tuvieras una varita m\u00e1gica, \u00bfqu\u00e9 har\u00edas en este momento?<\/strong><\/p>\n<p>MT: No tengo idea, ser\u00eda lindo poder terminar con la muerte.<\/p>\n<p><strong>LG: \u00bfUna pesadilla?<\/strong><\/p>\n<p>MT: La muerte de mam\u00e1, fue lo peor que me sucedi\u00f3.<\/p>\n<p><strong>LG: \u00bfUna fantas\u00eda?<\/strong><\/p>\n<p>MT: Ser una estrella del f\u00fatbol mundial, fantas\u00eda, dijiste y te doy gusto.<\/p>\n<p><strong>LG: \u00bfQui\u00e9n es hoy Marco Antonio Tarifa?<\/strong><\/p>\n<p>MT: El mismo de siempre, un apasionado por lo que hace. Hoy un periodista que disfruta de su trabajo, un hombre que pone el coraz\u00f3n en cada cosa que hace.<\/p>\n<p><strong>LG: \u00bfQu\u00e9 destacas de El Equipo Deportivo?<\/strong><\/p>\n<p>MT: Que puede sostenerse en el tiempo sin renunciar a sus principios, que los golpes fueron muchos, pero siempre encontramos la manera de superarlos.<\/p>\n<p><strong>LG: \u00bfQu\u00e9 te dio tu trabajo en la televisi\u00f3n?<\/strong><\/p>\n<p>MT: La posibilidad de hacer lo que m\u00e1s me gusta, estar cerca del deporte, de los deportistas y de la gente.<\/p>\n<p><strong>LG: De no estar en las pantallas, \u00bfa qu\u00e9 te dedicar\u00edas?<\/strong><\/p>\n<p>MT: No s\u00e9, no suelo pensar en eso porque estoy en la televisi\u00f3n y me cuesta imaginarme haciendo otra cosa. Tal vez siendo docente, me gusta ense\u00f1ar, compartir lo que he aprendido.<\/p>\n<p><strong>LG: \u00bfQu\u00e9 representa para ti tu familia?<\/strong><\/p>\n<p>MT: La familia es lo que te impulsa a ser mejor cada d\u00eda, representa el motivo que te hace pensar en cada paso que das. Sin el apoyo de la familia y la bendici\u00f3n de Dios es imposible lograr lo que te planteas.<\/p>\n<p><strong>LG: \u00bfA qui\u00e9n desear\u00edas abrazar en este momento?<\/strong><\/p>\n<p>MT: A mam\u00e1, hasta hace un a\u00f1o la abrac\u00e9 casi cada d\u00eda, hoy sufro al no poder hacerlo.<\/p>\n\r\n                <style type=\"text\/css\">\r\n                    \r\n                    #tdi_1  .td-doubleSlider-2 .td-item1 {\r\n                        background: url(https:\/\/www.eldiario.net\/portal\/wp-content\/uploads\/2024\/08\/1-PRINCIPAL-80x60.jpg) 0 0 no-repeat;\r\n                    }\r\n                    #tdi_1  .td-doubleSlider-2 .td-item2 {\r\n                        background: url(https:\/\/www.eldiario.net\/portal\/wp-content\/uploads\/2024\/08\/2-80x60.jpg) 0 0 no-repeat;\r\n                    }\r\n                    #tdi_1  .td-doubleSlider-2 .td-item3 {\r\n                        background: url(https:\/\/www.eldiario.net\/portal\/wp-content\/uploads\/2024\/08\/3-80x60.jpg) 0 0 no-repeat;\r\n                    }\r\n                    #tdi_1  .td-doubleSlider-2 .td-item4 {\r\n                        background: url(https:\/\/www.eldiario.net\/portal\/wp-content\/uploads\/2024\/08\/4-80x60.jpg) 0 0 no-repeat;\r\n                    }\r\n                    #tdi_1  .td-doubleSlider-2 .td-item5 {\r\n                        background: url(https:\/\/www.eldiario.net\/portal\/wp-content\/uploads\/2024\/08\/5-80x60.jpg) 0 0 no-repeat;\r\n                    }\r\n                <\/style>\r\n\r\n                <div id=\"tdi_1\" class=\"td-gallery td-slide-on-2-columns\">\r\n                    <div class=\"post_td_gallery\">\r\n                        <div class=\"td-gallery-slide-top\">\r\n                           <div class=\"td-gallery-title\"><\/div>\r\n\r\n                            <div class=\"td-gallery-controls-wrapper\">\r\n                                <div class=\"td-gallery-slide-count\"><span class=\"td-gallery-slide-item-focus\">1<\/span> de 5<\/div>\r\n                                <div class=\"td-gallery-slide-prev-next-but\">\r\n                                    <i class = \"td-icon-left doubleSliderPrevButton\"><\/i>\r\n                                    <i class = \"td-icon-right doubleSliderNextButton\"><\/i>\r\n                                <\/div>\r\n                            <\/div>\r\n                        <\/div>\r\n\r\n                        <div class = \"td-doubleSlider-1 \">\r\n                            <div class = \"td-slider\">\r\n                                \r\n                    <div class = \"td-slide-item td-item1\">\r\n                        <figure class=\"td-slide-galery-figure td-slide-popup-gallery\">\r\n                            <a class=\"slide-gallery-image-link\" href=\"https:\/\/www.eldiario.net\/portal\/wp-content\/uploads\/2024\/08\/1-PRINCIPAL.jpg\" title=\"1--PRINCIPAL\"  data-caption=\"\"  data-description=\"\">\r\n                                <img decoding=\"async\" src=\"https:\/\/www.eldiario.net\/portal\/wp-content\/uploads\/2024\/08\/1-PRINCIPAL-840x420.jpg\" srcset=\"https:\/\/www.eldiario.net\/portal\/wp-content\/uploads\/2024\/08\/1-PRINCIPAL-840x420.jpg 840w, https:\/\/www.eldiario.net\/portal\/wp-content\/uploads\/2024\/08\/1-PRINCIPAL-300x150.jpg 300w, https:\/\/www.eldiario.net\/portal\/wp-content\/uploads\/2024\/08\/1-PRINCIPAL-1024x512.jpg 1024w, https:\/\/www.eldiario.net\/portal\/wp-content\/uploads\/2024\/08\/1-PRINCIPAL-768x384.jpg 768w, https:\/\/www.eldiario.net\/portal\/wp-content\/uploads\/2024\/08\/1-PRINCIPAL-696x348.jpg 696w, https:\/\/www.eldiario.net\/portal\/wp-content\/uploads\/2024\/08\/1-PRINCIPAL-1068x534.jpg 1068w, https:\/\/www.eldiario.net\/portal\/wp-content\/uploads\/2024\/08\/1-PRINCIPAL.jpg 1200w\" sizes=\"(max-width: 840px) 100vw, 840px\" alt=\"\">\r\n                            <\/a>\r\n                            \r\n                        <\/figure>\r\n                    <\/div>\r\n                    <div class = \"td-slide-item td-item2\">\r\n                        <figure class=\"td-slide-galery-figure td-slide-popup-gallery\">\r\n                            <a class=\"slide-gallery-image-link\" href=\"https:\/\/www.eldiario.net\/portal\/wp-content\/uploads\/2024\/08\/2.jpg\" title=\"2\"  data-caption=\"\"  data-description=\"\">\r\n                                <img decoding=\"async\" src=\"https:\/\/www.eldiario.net\/portal\/wp-content\/uploads\/2024\/08\/2-628x420.jpg\" srcset=\"https:\/\/www.eldiario.net\/portal\/wp-content\/uploads\/2024\/08\/2-628x420.jpg 628w, https:\/\/www.eldiario.net\/portal\/wp-content\/uploads\/2024\/08\/2-300x201.jpg 300w, https:\/\/www.eldiario.net\/portal\/wp-content\/uploads\/2024\/08\/2.jpg 685w\" sizes=\"(max-width: 628px) 100vw, 628px\" alt=\"\">\r\n                            <\/a>\r\n                            \r\n                        <\/figure>\r\n                    <\/div>\r\n                    <div class = \"td-slide-item td-item3\">\r\n                        <figure class=\"td-slide-galery-figure td-slide-popup-gallery\">\r\n                            <a class=\"slide-gallery-image-link\" href=\"https:\/\/www.eldiario.net\/portal\/wp-content\/uploads\/2024\/08\/3-scaled.jpg\" title=\"3\"  data-caption=\"\"  data-description=\"\">\r\n                                <img decoding=\"async\" src=\"https:\/\/www.eldiario.net\/portal\/wp-content\/uploads\/2024\/08\/3-227x420.jpg\" srcset=\"https:\/\/www.eldiario.net\/portal\/wp-content\/uploads\/2024\/08\/3-227x420.jpg 227w, https:\/\/www.eldiario.net\/portal\/wp-content\/uploads\/2024\/08\/3-162x300.jpg 162w, https:\/\/www.eldiario.net\/portal\/wp-content\/uploads\/2024\/08\/3-552x1024.jpg 552w, https:\/\/www.eldiario.net\/portal\/wp-content\/uploads\/2024\/08\/3-768x1423.jpg 768w, https:\/\/www.eldiario.net\/portal\/wp-content\/uploads\/2024\/08\/3-829x1536.jpg 829w, https:\/\/www.eldiario.net\/portal\/wp-content\/uploads\/2024\/08\/3-1105x2048.jpg 1105w, https:\/\/www.eldiario.net\/portal\/wp-content\/uploads\/2024\/08\/3-696x1290.jpg 696w, https:\/\/www.eldiario.net\/portal\/wp-content\/uploads\/2024\/08\/3-1068x1979.jpg 1068w, https:\/\/www.eldiario.net\/portal\/wp-content\/uploads\/2024\/08\/3-1920x3559.jpg 1920w, https:\/\/www.eldiario.net\/portal\/wp-content\/uploads\/2024\/08\/3-scaled.jpg 1381w\" sizes=\"(max-width: 227px) 100vw, 227px\" alt=\"\">\r\n                            <\/a>\r\n                            \r\n                        <\/figure>\r\n                    <\/div>\r\n                    <div class = \"td-slide-item td-item4\">\r\n                        <figure class=\"td-slide-galery-figure td-slide-popup-gallery\">\r\n                            <a class=\"slide-gallery-image-link\" href=\"https:\/\/www.eldiario.net\/portal\/wp-content\/uploads\/2024\/08\/4.jpg\" title=\"4\"  data-caption=\"\"  data-description=\"\">\r\n                                <img decoding=\"async\" src=\"https:\/\/www.eldiario.net\/portal\/wp-content\/uploads\/2024\/08\/4-236x420.jpg\" srcset=\"https:\/\/www.eldiario.net\/portal\/wp-content\/uploads\/2024\/08\/4-236x420.jpg 236w, https:\/\/www.eldiario.net\/portal\/wp-content\/uploads\/2024\/08\/4-169x300.jpg 169w, https:\/\/www.eldiario.net\/portal\/wp-content\/uploads\/2024\/08\/4-576x1024.jpg 576w, https:\/\/www.eldiario.net\/portal\/wp-content\/uploads\/2024\/08\/4-768x1365.jpg 768w, https:\/\/www.eldiario.net\/portal\/wp-content\/uploads\/2024\/08\/4-864x1536.jpg 864w, https:\/\/www.eldiario.net\/portal\/wp-content\/uploads\/2024\/08\/4-696x1237.jpg 696w, https:\/\/www.eldiario.net\/portal\/wp-content\/uploads\/2024\/08\/4.jpg 900w\" sizes=\"(max-width: 236px) 100vw, 236px\" alt=\"\">\r\n                            <\/a>\r\n                            \r\n                        <\/figure>\r\n                    <\/div>\r\n                    <div class = \"td-slide-item td-item5\">\r\n                        <figure class=\"td-slide-galery-figure td-slide-popup-gallery\">\r\n                            <a class=\"slide-gallery-image-link\" href=\"https:\/\/www.eldiario.net\/portal\/wp-content\/uploads\/2024\/08\/5.jpg\" title=\"5\"  data-caption=\"\"  data-description=\"\">\r\n                                <img decoding=\"async\" src=\"https:\/\/www.eldiario.net\/portal\/wp-content\/uploads\/2024\/08\/5-280x420.jpg\" srcset=\"https:\/\/www.eldiario.net\/portal\/wp-content\/uploads\/2024\/08\/5-280x420.jpg 280w, https:\/\/www.eldiario.net\/portal\/wp-content\/uploads\/2024\/08\/5-200x300.jpg 200w, https:\/\/www.eldiario.net\/portal\/wp-content\/uploads\/2024\/08\/5-683x1024.jpg 683w, https:\/\/www.eldiario.net\/portal\/wp-content\/uploads\/2024\/08\/5-768x1152.jpg 768w, https:\/\/www.eldiario.net\/portal\/wp-content\/uploads\/2024\/08\/5-1024x1536.jpg 1024w, https:\/\/www.eldiario.net\/portal\/wp-content\/uploads\/2024\/08\/5-696x1044.jpg 696w, https:\/\/www.eldiario.net\/portal\/wp-content\/uploads\/2024\/08\/5.jpg 1066w\" sizes=\"(max-width: 280px) 100vw, 280px\" alt=\"\">\r\n                            <\/a>\r\n                            \r\n                        <\/figure>\r\n                    <\/div>\r\n                            <\/div>\r\n                        <\/div>\r\n\r\n                        <div class = \"td-doubleSlider-2\">\r\n                            <div class = \"td-slider\">\r\n                                \r\n                    <div class = \"td-button td-item1\">\r\n                        <div class = \"td-border\"><\/div>\r\n                    <\/div>\r\n                    <div class = \"td-button td-item2\">\r\n                        <div class = \"td-border\"><\/div>\r\n                    <\/div>\r\n                    <div class = \"td-button td-item3\">\r\n                        <div class = \"td-border\"><\/div>\r\n                    <\/div>\r\n                    <div class = \"td-button td-item4\">\r\n                        <div class = \"td-border\"><\/div>\r\n                    <\/div>\r\n                    <div class = \"td-button td-item5\">\r\n                        <div class = \"td-border\"><\/div>\r\n                    <\/div>\r\n                            <\/div>\r\n                        <\/div>\r\n\r\n                    <\/div>\r\n\r\n                <\/div>\r\n                \n","protected":false},"excerpt":{"rendered":"<p>Nombre: Marco Antonio Tarifa Herbas. Lugar de nacimiento: La Paz. Estudios: Licenciatura en comunicaci\u00f3n social, UCB. Estado civil: Soltero. \u00bfA qu\u00e9 te dedicas hoy?: Hace 23 a\u00f1os me dedico casi exclusivamente al programa (El Equipo Deportivo). Hacer dos programas diarios y uno especial el domingo (actualmente en RTP) te deja poco tiempo para hacer otras [&hellip;]<\/p>\n","protected":false},"author":1,"featured_media":238092,"comment_status":"open","ping_status":"open","sticky":false,"template":"","format":"standard","meta":{"_acf_changed":false,"footnotes":""},"categories":[41],"tags":[],"class_list":["post-238091","post","type-post","status-publish","format-standard","has-post-thumbnail","category-la-guia"],"acf":{"antetitulo":""},"yoast_head":"<!-- This site is optimized with the Yoast SEO plugin v28.3 - https:\/\/yoast.com\/product\/yoast-seo-wordpress\/ -->\n<title>MARCO TARIFA \u201cPerd\u00ed a mam\u00e1 hace un a\u00f1o y me cuesta vivir sin ella\u201d - El Diario - Bolivia<\/title>\n<meta name=\"robots\" content=\"index, follow, max-snippet:-1, max-image-preview:large, max-video-preview:-1\" \/>\n<link rel=\"canonical\" href=\"https:\/\/www.eldiario.net\/portal\/2024\/08\/02\/marco-tarifa-perdi-a-mama-hace-un-ano-y-me-cuesta-vivir-sin-ella\/\" \/>\n<meta property=\"og:locale\" content=\"es_ES\" \/>\n<meta property=\"og:type\" content=\"article\" \/>\n<meta property=\"og:title\" content=\"MARCO TARIFA \u201cPerd\u00ed a mam\u00e1 hace un a\u00f1o y me cuesta vivir sin ella\u201d - El Diario - Bolivia\" \/>\n<meta property=\"og:description\" content=\"Nombre: Marco Antonio Tarifa Herbas. Lugar de nacimiento: La Paz. Estudios: Licenciatura en comunicaci\u00f3n social, UCB. Estado civil: Soltero. \u00bfA qu\u00e9 te dedicas hoy?: Hace 23 a\u00f1os me dedico casi exclusivamente al programa (El Equipo Deportivo). Hacer dos programas diarios y uno especial el domingo (actualmente en RTP) te deja poco tiempo para hacer otras [&hellip;]\" \/>\n<meta property=\"og:url\" content=\"https:\/\/www.eldiario.net\/portal\/2024\/08\/02\/marco-tarifa-perdi-a-mama-hace-un-ano-y-me-cuesta-vivir-sin-ella\/\" \/>\n<meta property=\"og:site_name\" content=\"El Diario - Bolivia\" \/>\n<meta property=\"article:publisher\" content=\"https:\/\/www.facebook.com\/eldiario.bolivia\/\" \/>\n<meta property=\"article:published_time\" content=\"2024-08-02T10:14:14+00:00\" \/>\n<meta property=\"og:image\" content=\"https:\/\/www.eldiario.net\/portal\/wp-content\/uploads\/2024\/08\/1-PRINCIPAL.jpg\" \/>\n\t<meta property=\"og:image:width\" content=\"1200\" \/>\n\t<meta property=\"og:image:height\" content=\"600\" \/>\n\t<meta property=\"og:image:type\" content=\"image\/jpeg\" \/>\n<meta name=\"author\" content=\"Jeanette\" \/>\n<meta name=\"twitter:card\" content=\"summary_large_image\" \/>\n<meta name=\"twitter:creator\" content=\"@eldiario_net\" \/>\n<meta name=\"twitter:site\" content=\"@eldiario_net\" \/>\n<meta name=\"twitter:label1\" content=\"Escrito por\" \/>\n\t<meta name=\"twitter:data1\" content=\"Jeanette\" \/>\n\t<meta name=\"twitter:label2\" content=\"Tiempo de lectura\" \/>\n\t<meta name=\"twitter:data2\" content=\"4 minutos\" \/>\n<script type=\"application\/ld+json\" class=\"yoast-schema-graph\">{\"@context\":\"https:\\\/\\\/schema.org\",\"@graph\":[{\"@type\":\"Article\",\"@id\":\"https:\\\/\\\/www.eldiario.net\\\/portal\\\/2024\\\/08\\\/02\\\/marco-tarifa-perdi-a-mama-hace-un-ano-y-me-cuesta-vivir-sin-ella\\\/#article\",\"isPartOf\":{\"@id\":\"https:\\\/\\\/www.eldiario.net\\\/portal\\\/2024\\\/08\\\/02\\\/marco-tarifa-perdi-a-mama-hace-un-ano-y-me-cuesta-vivir-sin-ella\\\/\"},\"author\":{\"name\":\"Jeanette\",\"@id\":\"https:\\\/\\\/www.eldiario.net\\\/portal\\\/#\\\/schema\\\/person\\\/f46445640444750d7d753ccd04ae01b7\"},\"headline\":\"MARCO TARIFA \u201cPerd\u00ed a mam\u00e1 hace un a\u00f1o y me cuesta vivir sin ella\u201d\",\"datePublished\":\"2024-08-02T10:14:14+00:00\",\"mainEntityOfPage\":{\"@id\":\"https:\\\/\\\/www.eldiario.net\\\/portal\\\/2024\\\/08\\\/02\\\/marco-tarifa-perdi-a-mama-hace-un-ano-y-me-cuesta-vivir-sin-ella\\\/\"},\"wordCount\":905,\"commentCount\":0,\"publisher\":{\"@id\":\"https:\\\/\\\/www.eldiario.net\\\/portal\\\/#organization\"},\"image\":{\"@id\":\"https:\\\/\\\/www.eldiario.net\\\/portal\\\/2024\\\/08\\\/02\\\/marco-tarifa-perdi-a-mama-hace-un-ano-y-me-cuesta-vivir-sin-ella\\\/#primaryimage\"},\"thumbnailUrl\":\"https:\\\/\\\/www.eldiario.net\\\/portal\\\/wp-content\\\/uploads\\\/2024\\\/08\\\/1-PRINCIPAL.jpg\",\"articleSection\":[\"La Gu\u00eda\"],\"inLanguage\":\"es\",\"potentialAction\":[{\"@type\":\"CommentAction\",\"name\":\"Comment\",\"target\":[\"https:\\\/\\\/www.eldiario.net\\\/portal\\\/2024\\\/08\\\/02\\\/marco-tarifa-perdi-a-mama-hace-un-ano-y-me-cuesta-vivir-sin-ella\\\/#respond\"]}]},{\"@type\":\"WebPage\",\"@id\":\"https:\\\/\\\/www.eldiario.net\\\/portal\\\/2024\\\/08\\\/02\\\/marco-tarifa-perdi-a-mama-hace-un-ano-y-me-cuesta-vivir-sin-ella\\\/\",\"url\":\"https:\\\/\\\/www.eldiario.net\\\/portal\\\/2024\\\/08\\\/02\\\/marco-tarifa-perdi-a-mama-hace-un-ano-y-me-cuesta-vivir-sin-ella\\\/\",\"name\":\"MARCO TARIFA \u201cPerd\u00ed a mam\u00e1 hace un a\u00f1o y me cuesta vivir sin ella\u201d - El Diario - Bolivia\",\"isPartOf\":{\"@id\":\"https:\\\/\\\/www.eldiario.net\\\/portal\\\/#website\"},\"primaryImageOfPage\":{\"@id\":\"https:\\\/\\\/www.eldiario.net\\\/portal\\\/2024\\\/08\\\/02\\\/marco-tarifa-perdi-a-mama-hace-un-ano-y-me-cuesta-vivir-sin-ella\\\/#primaryimage\"},\"image\":{\"@id\":\"https:\\\/\\\/www.eldiario.net\\\/portal\\\/2024\\\/08\\\/02\\\/marco-tarifa-perdi-a-mama-hace-un-ano-y-me-cuesta-vivir-sin-ella\\\/#primaryimage\"},\"thumbnailUrl\":\"https:\\\/\\\/www.eldiario.net\\\/portal\\\/wp-content\\\/uploads\\\/2024\\\/08\\\/1-PRINCIPAL.jpg\",\"datePublished\":\"2024-08-02T10:14:14+00:00\",\"breadcrumb\":{\"@id\":\"https:\\\/\\\/www.eldiario.net\\\/portal\\\/2024\\\/08\\\/02\\\/marco-tarifa-perdi-a-mama-hace-un-ano-y-me-cuesta-vivir-sin-ella\\\/#breadcrumb\"},\"inLanguage\":\"es\",\"potentialAction\":[{\"@type\":\"ReadAction\",\"target\":[\"https:\\\/\\\/www.eldiario.net\\\/portal\\\/2024\\\/08\\\/02\\\/marco-tarifa-perdi-a-mama-hace-un-ano-y-me-cuesta-vivir-sin-ella\\\/\"]}]},{\"@type\":\"ImageObject\",\"inLanguage\":\"es\",\"@id\":\"https:\\\/\\\/www.eldiario.net\\\/portal\\\/2024\\\/08\\\/02\\\/marco-tarifa-perdi-a-mama-hace-un-ano-y-me-cuesta-vivir-sin-ella\\\/#primaryimage\",\"url\":\"https:\\\/\\\/www.eldiario.net\\\/portal\\\/wp-content\\\/uploads\\\/2024\\\/08\\\/1-PRINCIPAL.jpg\",\"contentUrl\":\"https:\\\/\\\/www.eldiario.net\\\/portal\\\/wp-content\\\/uploads\\\/2024\\\/08\\\/1-PRINCIPAL.jpg\",\"width\":1200,\"height\":600},{\"@type\":\"BreadcrumbList\",\"@id\":\"https:\\\/\\\/www.eldiario.net\\\/portal\\\/2024\\\/08\\\/02\\\/marco-tarifa-perdi-a-mama-hace-un-ano-y-me-cuesta-vivir-sin-ella\\\/#breadcrumb\",\"itemListElement\":[{\"@type\":\"ListItem\",\"position\":1,\"name\":\"Portada\",\"item\":\"https:\\\/\\\/www.eldiario.net\\\/portal\\\/\"},{\"@type\":\"ListItem\",\"position\":2,\"name\":\"MARCO TARIFA \u201cPerd\u00ed a mam\u00e1 hace un a\u00f1o y me cuesta vivir sin ella\u201d\"}]},{\"@type\":\"WebSite\",\"@id\":\"https:\\\/\\\/www.eldiario.net\\\/portal\\\/#website\",\"url\":\"https:\\\/\\\/www.eldiario.net\\\/portal\\\/\",\"name\":\"El Diario - Decano de la prensa nacional\",\"description\":\"El Diario - Decano de la prensa nacional\",\"publisher\":{\"@id\":\"https:\\\/\\\/www.eldiario.net\\\/portal\\\/#organization\"},\"potentialAction\":[{\"@type\":\"SearchAction\",\"target\":{\"@type\":\"EntryPoint\",\"urlTemplate\":\"https:\\\/\\\/www.eldiario.net\\\/portal\\\/?s={search_term_string}\"},\"query-input\":{\"@type\":\"PropertyValueSpecification\",\"valueRequired\":true,\"valueName\":\"search_term_string\"}}],\"inLanguage\":\"es\"},{\"@type\":\"Organization\",\"@id\":\"https:\\\/\\\/www.eldiario.net\\\/portal\\\/#organization\",\"name\":\"El Diario - Decano de la prensa nacional\",\"url\":\"https:\\\/\\\/www.eldiario.net\\\/portal\\\/\",\"logo\":{\"@type\":\"ImageObject\",\"inLanguage\":\"es\",\"@id\":\"https:\\\/\\\/www.eldiario.net\\\/portal\\\/#\\\/schema\\\/logo\\\/image\\\/\",\"url\":\"https:\\\/\\\/www.eldiario.net\\\/portal\\\/wp-content\\\/uploads\\\/2023\\\/07\\\/logo_ED.jpg\",\"contentUrl\":\"https:\\\/\\\/www.eldiario.net\\\/portal\\\/wp-content\\\/uploads\\\/2023\\\/07\\\/logo_ED.jpg\",\"width\":272,\"height\":52,\"caption\":\"El Diario - Decano de la prensa nacional\"},\"image\":{\"@id\":\"https:\\\/\\\/www.eldiario.net\\\/portal\\\/#\\\/schema\\\/logo\\\/image\\\/\"},\"sameAs\":[\"https:\\\/\\\/www.facebook.com\\\/eldiario.bolivia\\\/\",\"https:\\\/\\\/x.com\\\/eldiario_net\"]},{\"@type\":\"Person\",\"@id\":\"https:\\\/\\\/www.eldiario.net\\\/portal\\\/#\\\/schema\\\/person\\\/f46445640444750d7d753ccd04ae01b7\",\"name\":\"Jeanette\",\"image\":{\"@type\":\"ImageObject\",\"inLanguage\":\"es\",\"@id\":\"https:\\\/\\\/secure.gravatar.com\\\/avatar\\\/3ea2118a5f7dad2b7138b1187a6b7ee55f160b9968b66013c3a3ef39dd7e5798?s=96&d=mm&r=g\",\"url\":\"https:\\\/\\\/secure.gravatar.com\\\/avatar\\\/3ea2118a5f7dad2b7138b1187a6b7ee55f160b9968b66013c3a3ef39dd7e5798?s=96&d=mm&r=g\",\"contentUrl\":\"https:\\\/\\\/secure.gravatar.com\\\/avatar\\\/3ea2118a5f7dad2b7138b1187a6b7ee55f160b9968b66013c3a3ef39dd7e5798?s=96&d=mm&r=g\",\"caption\":\"Jeanette\"},\"sameAs\":[\"https:\\\/\\\/www.eldiario.net\\\/portal\"],\"url\":\"https:\\\/\\\/www.eldiario.net\\\/portal\\\/author\\\/jeanette\\\/\"}]}<\/script>\n<!-- \/ Yoast SEO plugin. -->","yoast_head_json":{"title":"MARCO TARIFA \u201cPerd\u00ed a mam\u00e1 hace un a\u00f1o y me cuesta vivir sin ella\u201d - El Diario - Bolivia","robots":{"index":"index","follow":"follow","max-snippet":"max-snippet:-1","max-image-preview":"max-image-preview:large","max-video-preview":"max-video-preview:-1"},"canonical":"https:\/\/www.eldiario.net\/portal\/2024\/08\/02\/marco-tarifa-perdi-a-mama-hace-un-ano-y-me-cuesta-vivir-sin-ella\/","og_locale":"es_ES","og_type":"article","og_title":"MARCO TARIFA \u201cPerd\u00ed a mam\u00e1 hace un a\u00f1o y me cuesta vivir sin ella\u201d - El Diario - Bolivia","og_description":"Nombre: Marco Antonio Tarifa Herbas. Lugar de nacimiento: La Paz. Estudios: Licenciatura en comunicaci\u00f3n social, UCB. Estado civil: Soltero. \u00bfA qu\u00e9 te dedicas hoy?: Hace 23 a\u00f1os me dedico casi exclusivamente al programa (El Equipo Deportivo). Hacer dos programas diarios y uno especial el domingo (actualmente en RTP) te deja poco tiempo para hacer otras [&hellip;]","og_url":"https:\/\/www.eldiario.net\/portal\/2024\/08\/02\/marco-tarifa-perdi-a-mama-hace-un-ano-y-me-cuesta-vivir-sin-ella\/","og_site_name":"El Diario - Bolivia","article_publisher":"https:\/\/www.facebook.com\/eldiario.bolivia\/","article_published_time":"2024-08-02T10:14:14+00:00","og_image":[{"width":1200,"height":600,"url":"https:\/\/www.eldiario.net\/portal\/wp-content\/uploads\/2024\/08\/1-PRINCIPAL.jpg","type":"image\/jpeg"}],"author":"Jeanette","twitter_card":"summary_large_image","twitter_creator":"@eldiario_net","twitter_site":"@eldiario_net","twitter_misc":{"Escrito por":"Jeanette","Tiempo de lectura":"4 minutos"},"schema":{"@context":"https:\/\/schema.org","@graph":[{"@type":"Article","@id":"https:\/\/www.eldiario.net\/portal\/2024\/08\/02\/marco-tarifa-perdi-a-mama-hace-un-ano-y-me-cuesta-vivir-sin-ella\/#article","isPartOf":{"@id":"https:\/\/www.eldiario.net\/portal\/2024\/08\/02\/marco-tarifa-perdi-a-mama-hace-un-ano-y-me-cuesta-vivir-sin-ella\/"},"author":{"name":"Jeanette","@id":"https:\/\/www.eldiario.net\/portal\/#\/schema\/person\/f46445640444750d7d753ccd04ae01b7"},"headline":"MARCO TARIFA \u201cPerd\u00ed a mam\u00e1 hace un a\u00f1o y me cuesta vivir sin ella\u201d","datePublished":"2024-08-02T10:14:14+00:00","mainEntityOfPage":{"@id":"https:\/\/www.eldiario.net\/portal\/2024\/08\/02\/marco-tarifa-perdi-a-mama-hace-un-ano-y-me-cuesta-vivir-sin-ella\/"},"wordCount":905,"commentCount":0,"publisher":{"@id":"https:\/\/www.eldiario.net\/portal\/#organization"},"image":{"@id":"https:\/\/www.eldiario.net\/portal\/2024\/08\/02\/marco-tarifa-perdi-a-mama-hace-un-ano-y-me-cuesta-vivir-sin-ella\/#primaryimage"},"thumbnailUrl":"https:\/\/www.eldiario.net\/portal\/wp-content\/uploads\/2024\/08\/1-PRINCIPAL.jpg","articleSection":["La Gu\u00eda"],"inLanguage":"es","potentialAction":[{"@type":"CommentAction","name":"Comment","target":["https:\/\/www.eldiario.net\/portal\/2024\/08\/02\/marco-tarifa-perdi-a-mama-hace-un-ano-y-me-cuesta-vivir-sin-ella\/#respond"]}]},{"@type":"WebPage","@id":"https:\/\/www.eldiario.net\/portal\/2024\/08\/02\/marco-tarifa-perdi-a-mama-hace-un-ano-y-me-cuesta-vivir-sin-ella\/","url":"https:\/\/www.eldiario.net\/portal\/2024\/08\/02\/marco-tarifa-perdi-a-mama-hace-un-ano-y-me-cuesta-vivir-sin-ella\/","name":"MARCO TARIFA \u201cPerd\u00ed a mam\u00e1 hace un a\u00f1o y me cuesta vivir sin ella\u201d - El Diario - Bolivia","isPartOf":{"@id":"https:\/\/www.eldiario.net\/portal\/#website"},"primaryImageOfPage":{"@id":"https:\/\/www.eldiario.net\/portal\/2024\/08\/02\/marco-tarifa-perdi-a-mama-hace-un-ano-y-me-cuesta-vivir-sin-ella\/#primaryimage"},"image":{"@id":"https:\/\/www.eldiario.net\/portal\/2024\/08\/02\/marco-tarifa-perdi-a-mama-hace-un-ano-y-me-cuesta-vivir-sin-ella\/#primaryimage"},"thumbnailUrl":"https:\/\/www.eldiario.net\/portal\/wp-content\/uploads\/2024\/08\/1-PRINCIPAL.jpg","datePublished":"2024-08-02T10:14:14+00:00","breadcrumb":{"@id":"https:\/\/www.eldiario.net\/portal\/2024\/08\/02\/marco-tarifa-perdi-a-mama-hace-un-ano-y-me-cuesta-vivir-sin-ella\/#breadcrumb"},"inLanguage":"es","potentialAction":[{"@type":"ReadAction","target":["https:\/\/www.eldiario.net\/portal\/2024\/08\/02\/marco-tarifa-perdi-a-mama-hace-un-ano-y-me-cuesta-vivir-sin-ella\/"]}]},{"@type":"ImageObject","inLanguage":"es","@id":"https:\/\/www.eldiario.net\/portal\/2024\/08\/02\/marco-tarifa-perdi-a-mama-hace-un-ano-y-me-cuesta-vivir-sin-ella\/#primaryimage","url":"https:\/\/www.eldiario.net\/portal\/wp-content\/uploads\/2024\/08\/1-PRINCIPAL.jpg","contentUrl":"https:\/\/www.eldiario.net\/portal\/wp-content\/uploads\/2024\/08\/1-PRINCIPAL.jpg","width":1200,"height":600},{"@type":"BreadcrumbList","@id":"https:\/\/www.eldiario.net\/portal\/2024\/08\/02\/marco-tarifa-perdi-a-mama-hace-un-ano-y-me-cuesta-vivir-sin-ella\/#breadcrumb","itemListElement":[{"@type":"ListItem","position":1,"name":"Portada","item":"https:\/\/www.eldiario.net\/portal\/"},{"@type":"ListItem","position":2,"name":"MARCO TARIFA \u201cPerd\u00ed a mam\u00e1 hace un a\u00f1o y me cuesta vivir sin ella\u201d"}]},{"@type":"WebSite","@id":"https:\/\/www.eldiario.net\/portal\/#website","url":"https:\/\/www.eldiario.net\/portal\/","name":"El Diario - Decano de la prensa nacional","description":"El Diario - Decano de la prensa nacional","publisher":{"@id":"https:\/\/www.eldiario.net\/portal\/#organization"},"potentialAction":[{"@type":"SearchAction","target":{"@type":"EntryPoint","urlTemplate":"https:\/\/www.eldiario.net\/portal\/?s={search_term_string}"},"query-input":{"@type":"PropertyValueSpecification","valueRequired":true,"valueName":"search_term_string"}}],"inLanguage":"es"},{"@type":"Organization","@id":"https:\/\/www.eldiario.net\/portal\/#organization","name":"El Diario - Decano de la prensa nacional","url":"https:\/\/www.eldiario.net\/portal\/","logo":{"@type":"ImageObject","inLanguage":"es","@id":"https:\/\/www.eldiario.net\/portal\/#\/schema\/logo\/image\/","url":"https:\/\/www.eldiario.net\/portal\/wp-content\/uploads\/2023\/07\/logo_ED.jpg","contentUrl":"https:\/\/www.eldiario.net\/portal\/wp-content\/uploads\/2023\/07\/logo_ED.jpg","width":272,"height":52,"caption":"El Diario - Decano de la prensa nacional"},"image":{"@id":"https:\/\/www.eldiario.net\/portal\/#\/schema\/logo\/image\/"},"sameAs":["https:\/\/www.facebook.com\/eldiario.bolivia\/","https:\/\/x.com\/eldiario_net"]},{"@type":"Person","@id":"https:\/\/www.eldiario.net\/portal\/#\/schema\/person\/f46445640444750d7d753ccd04ae01b7","name":"Jeanette","image":{"@type":"ImageObject","inLanguage":"es","@id":"https:\/\/secure.gravatar.com\/avatar\/3ea2118a5f7dad2b7138b1187a6b7ee55f160b9968b66013c3a3ef39dd7e5798?s=96&d=mm&r=g","url":"https:\/\/secure.gravatar.com\/avatar\/3ea2118a5f7dad2b7138b1187a6b7ee55f160b9968b66013c3a3ef39dd7e5798?s=96&d=mm&r=g","contentUrl":"https:\/\/secure.gravatar.com\/avatar\/3ea2118a5f7dad2b7138b1187a6b7ee55f160b9968b66013c3a3ef39dd7e5798?s=96&d=mm&r=g","caption":"Jeanette"},"sameAs":["https:\/\/www.eldiario.net\/portal"],"url":"https:\/\/www.eldiario.net\/portal\/author\/jeanette\/"}]}},"_links":{"self":[{"href":"https:\/\/www.eldiario.net\/portal\/wp-json\/wp\/v2\/posts\/238091","targetHints":{"allow":["GET"]}}],"collection":[{"href":"https:\/\/www.eldiario.net\/portal\/wp-json\/wp\/v2\/posts"}],"about":[{"href":"https:\/\/www.eldiario.net\/portal\/wp-json\/wp\/v2\/types\/post"}],"author":[{"embeddable":true,"href":"https:\/\/www.eldiario.net\/portal\/wp-json\/wp\/v2\/users\/1"}],"replies":[{"embeddable":true,"href":"https:\/\/www.eldiario.net\/portal\/wp-json\/wp\/v2\/comments?post=238091"}],"version-history":[{"count":1,"href":"https:\/\/www.eldiario.net\/portal\/wp-json\/wp\/v2\/posts\/238091\/revisions"}],"predecessor-version":[{"id":238097,"href":"https:\/\/www.eldiario.net\/portal\/wp-json\/wp\/v2\/posts\/238091\/revisions\/238097"}],"wp:featuredmedia":[{"embeddable":true,"href":"https:\/\/www.eldiario.net\/portal\/wp-json\/wp\/v2\/media\/238092"}],"wp:attachment":[{"href":"https:\/\/www.eldiario.net\/portal\/wp-json\/wp\/v2\/media?parent=238091"}],"wp:term":[{"taxonomy":"category","embeddable":true,"href":"https:\/\/www.eldiario.net\/portal\/wp-json\/wp\/v2\/categories?post=238091"},{"taxonomy":"post_tag","embeddable":true,"href":"https:\/\/www.eldiario.net\/portal\/wp-json\/wp\/v2\/tags?post=238091"}],"curies":[{"name":"wp","href":"https:\/\/api.w.org\/{rel}","templated":true}]}}