{"id":23809,"date":"2021-08-16T06:23:10","date_gmt":"2021-08-16T10:23:10","guid":{"rendered":"https:\/\/www.eldiario.net\/portal\/?p=23809"},"modified":"2021-08-16T06:23:10","modified_gmt":"2021-08-16T10:23:10","slug":"aplab-pide-tenencia-responsable-de-canes","status":"publish","type":"post","link":"https:\/\/www.eldiario.net\/portal\/2021\/08\/16\/aplab-pide-tenencia-responsable-de-canes\/","title":{"rendered":"Aplab pide tenencia responsable de canes"},"content":{"rendered":"<p>Al recordar el d\u00eda de San Roque, la representante de la organizaci\u00f3n Amor por los animales Bolivia (Aplab), Ana Serrano, pidi\u00f3 a la poblaci\u00f3n reflexionar sobre la tenencia responsable de los canes y aconseja la esterilizaci\u00f3n para que no haya m\u00e1s abandonos.<br \/>\nPara la activista, muchos due\u00f1os de mascotas festejar\u00e1n este d\u00eda, porque en los \u00faltimos a\u00f1os estos animalitos ya fueron reconocidos en los hogares como parte de la familia y que a partir de estos la lucha es m\u00e1s intensa en contra del maltrato el abandono y la venta ilegal de estos animales.<br \/>\nDurante todo este tiempo, la representante de Aplab se convirti\u00f3 en una de las activistas que m\u00e1s ha denunciado el sufrimiento de las mascotas en manos de algunos due\u00f1os, donde luego de haber comprado como mascota de los hijos, ya de grande son abandonados en la calle, convirti\u00e9ndolos de esta manera en perros callejeros que no tienen comida ni techo.<br \/>\nEn este d\u00eda, muchos de estos animalitos que son queridos por sus familias, reciben una dedicaci\u00f3n especial, brind\u00e1ndoles mucho cari\u00f1o, y una alimentaci\u00f3n diferentes a lo de otros d\u00edas, adem\u00e1s de los paseos en parque y plazas, para lo cual les compran vestimentas caracteriz\u00e1ndoles con alg\u00fan personaje de una pel\u00edcula o de dibujos animados.<br \/>\nOtro de los trabajos que queda pendiente para la representante de Aplab, en favor de las mascotas, es la sensibilizaci\u00f3n por parte de los due\u00f1os, debido a que todav\u00eda existe muchos maltrato animal en algunos casos, donde como \u00fanico recurso, cuando estos animales ya no son \u00fatiles o ya cumplieron su ciclo de vida es echarles a la calle, donde mueren atropellados o de hambre.<br \/>\nPara el efecto, Serrano dio a conocer que tiene planificado continuar con talleres con ese tipo de temas para llegar a toda la poblaci\u00f3n, y de esta forma poder hacer entender que un perro no se le debe utilizar como mascota, sino llega a ser parte de la familia, desde el momento en que llega a un hogar.<br \/>\n\u201cA pesar que continuamos con este trabajo de sensibilizaci\u00f3n, nos falta mucho porque existen algunas personas que no quieren entender que un perrito no debe ser utilizado como mascota, y cuando ya no es \u00fatil como tal botarlo a las calle, eso es lo que todav\u00eda hay que frenar, porque duele mucho que algunos perritos con avanzada edad ya no tengan cabida en un hogar y tenga que ser echado a la calle\u201d, indic\u00f3 Serrano.<br \/>\nTambi\u00e9n se busca evitar la comercializaci\u00f3n de los animales, realizada por personas que se dedican a esta actividad sin tener el menor sentido de humidad. La venta de canes en ferias, mercados y calles genera un movimiento econ\u00f3mico grande en todas las ciudades de Bolivia.<br \/>\nLo triste es que los animalitos son ofrecidos cual si se tratase de cosas, sin tener la menor noci\u00f3n del cuidado y manejo de los mismos, porque los hacinan en cajas y sin previa revisi\u00f3n de un m\u00e9dico veterinario.<br \/>\nPara la activista Ana Serrano, una de las ferias donde se tiene que intervenir de manera contin\u00faa es el de la zona 16 de Julio, donde estos animalitos son expuestos a la venta en condiciones de sufrimiento, debido a que desde muy tempranas horas de la ma\u00f1ana de jueves o domingo y durante muchas horas tienen que estar expuestos al sol, al fr\u00edo y hacinados en cajas de cart\u00f3n.<\/p>\n","protected":false},"excerpt":{"rendered":"<p>Al recordar el d\u00eda de San Roque, la representante de la organizaci\u00f3n Amor por los animales Bolivia (Aplab), Ana Serrano, pidi\u00f3 a la poblaci\u00f3n reflexionar sobre la tenencia responsable de los canes y aconseja la esterilizaci\u00f3n para que no haya m\u00e1s abandonos. Para la activista, muchos due\u00f1os de mascotas festejar\u00e1n este d\u00eda, porque en los [&hellip;]<\/p>\n","protected":false},"author":1,"featured_media":23810,"comment_status":"closed","ping_status":"closed","sticky":false,"template":"","format":"standard","meta":{"_acf_changed":false,"footnotes":""},"categories":[12],"tags":[],"class_list":["post-23809","post","type-post","status-publish","format-standard","has-post-thumbnail","category-nacional"],"acf":{"antetitulo":""},"yoast_head":"<!-- This site is optimized with the Yoast SEO plugin v28.4 - https:\/\/yoast.com\/product\/yoast-seo-wordpress\/ -->\n<title>Aplab pide tenencia responsable de canes - El Diario - Bolivia<\/title>\n<meta name=\"robots\" content=\"index, follow, max-snippet:-1, max-image-preview:large, max-video-preview:-1\" \/>\n<link rel=\"canonical\" href=\"https:\/\/www.eldiario.net\/portal\/2021\/08\/16\/aplab-pide-tenencia-responsable-de-canes\/\" \/>\n<meta property=\"og:locale\" content=\"es_ES\" \/>\n<meta property=\"og:type\" content=\"article\" \/>\n<meta property=\"og:title\" content=\"Aplab pide tenencia responsable de canes - El Diario - Bolivia\" \/>\n<meta property=\"og:description\" content=\"Al recordar el d\u00eda de San Roque, la representante de la organizaci\u00f3n Amor por los animales Bolivia (Aplab), Ana Serrano, pidi\u00f3 a la poblaci\u00f3n reflexionar sobre la tenencia responsable de los canes y aconseja la esterilizaci\u00f3n para que no haya m\u00e1s abandonos. Para la activista, muchos due\u00f1os de mascotas festejar\u00e1n este d\u00eda, porque en los [&hellip;]\" \/>\n<meta property=\"og:url\" content=\"https:\/\/www.eldiario.net\/portal\/2021\/08\/16\/aplab-pide-tenencia-responsable-de-canes\/\" \/>\n<meta property=\"og:site_name\" content=\"El Diario - Bolivia\" \/>\n<meta property=\"article:publisher\" content=\"https:\/\/www.facebook.com\/eldiario.bolivia\/\" \/>\n<meta property=\"article:published_time\" content=\"2021-08-16T10:23:10+00:00\" \/>\n<meta property=\"og:image\" content=\"https:\/\/www.eldiario.net\/portal\/wp-content\/uploads\/2021\/08\/1AL-9.jpg\" \/>\n\t<meta property=\"og:image:width\" content=\"1\" \/>\n\t<meta property=\"og:image:height\" content=\"1\" \/>\n\t<meta property=\"og:image:type\" content=\"image\/jpeg\" \/>\n<meta name=\"author\" content=\"Jeanette\" \/>\n<meta name=\"twitter:card\" content=\"summary_large_image\" \/>\n<meta name=\"twitter:creator\" content=\"@eldiario_net\" \/>\n<meta name=\"twitter:site\" content=\"@eldiario_net\" \/>\n<meta name=\"twitter:label1\" content=\"Escrito por\" \/>\n\t<meta name=\"twitter:data1\" content=\"Jeanette\" \/>\n\t<meta name=\"twitter:label2\" content=\"Tiempo de lectura\" \/>\n\t<meta name=\"twitter:data2\" content=\"3 minutos\" \/>\n<script type=\"application\/ld+json\" class=\"yoast-schema-graph\">{\"@context\":\"https:\\\/\\\/schema.org\",\"@graph\":[{\"@type\":\"Article\",\"@id\":\"https:\\\/\\\/www.eldiario.net\\\/portal\\\/2021\\\/08\\\/16\\\/aplab-pide-tenencia-responsable-de-canes\\\/#article\",\"isPartOf\":{\"@id\":\"https:\\\/\\\/www.eldiario.net\\\/portal\\\/2021\\\/08\\\/16\\\/aplab-pide-tenencia-responsable-de-canes\\\/\"},\"author\":{\"name\":\"Jeanette\",\"@id\":\"https:\\\/\\\/www.eldiario.net\\\/portal\\\/#\\\/schema\\\/person\\\/f46445640444750d7d753ccd04ae01b7\"},\"headline\":\"Aplab pide tenencia responsable de canes\",\"datePublished\":\"2021-08-16T10:23:10+00:00\",\"mainEntityOfPage\":{\"@id\":\"https:\\\/\\\/www.eldiario.net\\\/portal\\\/2021\\\/08\\\/16\\\/aplab-pide-tenencia-responsable-de-canes\\\/\"},\"wordCount\":603,\"publisher\":{\"@id\":\"https:\\\/\\\/www.eldiario.net\\\/portal\\\/#organization\"},\"image\":{\"@id\":\"https:\\\/\\\/www.eldiario.net\\\/portal\\\/2021\\\/08\\\/16\\\/aplab-pide-tenencia-responsable-de-canes\\\/#primaryimage\"},\"thumbnailUrl\":\"https:\\\/\\\/www.eldiario.net\\\/portal\\\/wp-content\\\/uploads\\\/2021\\\/08\\\/1AL-9.jpg\",\"articleSection\":[\"Nacional\"],\"inLanguage\":\"es\"},{\"@type\":\"WebPage\",\"@id\":\"https:\\\/\\\/www.eldiario.net\\\/portal\\\/2021\\\/08\\\/16\\\/aplab-pide-tenencia-responsable-de-canes\\\/\",\"url\":\"https:\\\/\\\/www.eldiario.net\\\/portal\\\/2021\\\/08\\\/16\\\/aplab-pide-tenencia-responsable-de-canes\\\/\",\"name\":\"Aplab pide tenencia responsable de canes - El Diario - Bolivia\",\"isPartOf\":{\"@id\":\"https:\\\/\\\/www.eldiario.net\\\/portal\\\/#website\"},\"primaryImageOfPage\":{\"@id\":\"https:\\\/\\\/www.eldiario.net\\\/portal\\\/2021\\\/08\\\/16\\\/aplab-pide-tenencia-responsable-de-canes\\\/#primaryimage\"},\"image\":{\"@id\":\"https:\\\/\\\/www.eldiario.net\\\/portal\\\/2021\\\/08\\\/16\\\/aplab-pide-tenencia-responsable-de-canes\\\/#primaryimage\"},\"thumbnailUrl\":\"https:\\\/\\\/www.eldiario.net\\\/portal\\\/wp-content\\\/uploads\\\/2021\\\/08\\\/1AL-9.jpg\",\"datePublished\":\"2021-08-16T10:23:10+00:00\",\"breadcrumb\":{\"@id\":\"https:\\\/\\\/www.eldiario.net\\\/portal\\\/2021\\\/08\\\/16\\\/aplab-pide-tenencia-responsable-de-canes\\\/#breadcrumb\"},\"inLanguage\":\"es\",\"potentialAction\":[{\"@type\":\"ReadAction\",\"target\":[\"https:\\\/\\\/www.eldiario.net\\\/portal\\\/2021\\\/08\\\/16\\\/aplab-pide-tenencia-responsable-de-canes\\\/\"]}]},{\"@type\":\"ImageObject\",\"inLanguage\":\"es\",\"@id\":\"https:\\\/\\\/www.eldiario.net\\\/portal\\\/2021\\\/08\\\/16\\\/aplab-pide-tenencia-responsable-de-canes\\\/#primaryimage\",\"url\":\"https:\\\/\\\/www.eldiario.net\\\/portal\\\/wp-content\\\/uploads\\\/2021\\\/08\\\/1AL-9.jpg\",\"contentUrl\":\"https:\\\/\\\/www.eldiario.net\\\/portal\\\/wp-content\\\/uploads\\\/2021\\\/08\\\/1AL-9.jpg\",\"caption\":\"Decenas de canes deambulan por las calles, antes tuvieron due\u00f1o, pero estos animales fueron echados cuando representaban otro gasto para sus due\u00f1os.\"},{\"@type\":\"BreadcrumbList\",\"@id\":\"https:\\\/\\\/www.eldiario.net\\\/portal\\\/2021\\\/08\\\/16\\\/aplab-pide-tenencia-responsable-de-canes\\\/#breadcrumb\",\"itemListElement\":[{\"@type\":\"ListItem\",\"position\":1,\"name\":\"Portada\",\"item\":\"https:\\\/\\\/www.eldiario.net\\\/portal\\\/\"},{\"@type\":\"ListItem\",\"position\":2,\"name\":\"Aplab pide tenencia responsable de canes\"}]},{\"@type\":\"WebSite\",\"@id\":\"https:\\\/\\\/www.eldiario.net\\\/portal\\\/#website\",\"url\":\"https:\\\/\\\/www.eldiario.net\\\/portal\\\/\",\"name\":\"El Diario - Decano de la prensa nacional\",\"description\":\"El Diario - Decano de la prensa nacional\",\"publisher\":{\"@id\":\"https:\\\/\\\/www.eldiario.net\\\/portal\\\/#organization\"},\"potentialAction\":[{\"@type\":\"SearchAction\",\"target\":{\"@type\":\"EntryPoint\",\"urlTemplate\":\"https:\\\/\\\/www.eldiario.net\\\/portal\\\/?s={search_term_string}\"},\"query-input\":{\"@type\":\"PropertyValueSpecification\",\"valueRequired\":true,\"valueName\":\"search_term_string\"}}],\"inLanguage\":\"es\"},{\"@type\":\"Organization\",\"@id\":\"https:\\\/\\\/www.eldiario.net\\\/portal\\\/#organization\",\"name\":\"El Diario - Decano de la prensa nacional\",\"url\":\"https:\\\/\\\/www.eldiario.net\\\/portal\\\/\",\"logo\":{\"@type\":\"ImageObject\",\"inLanguage\":\"es\",\"@id\":\"https:\\\/\\\/www.eldiario.net\\\/portal\\\/#\\\/schema\\\/logo\\\/image\\\/\",\"url\":\"https:\\\/\\\/www.eldiario.net\\\/portal\\\/wp-content\\\/uploads\\\/2023\\\/07\\\/logo_ED.jpg\",\"contentUrl\":\"https:\\\/\\\/www.eldiario.net\\\/portal\\\/wp-content\\\/uploads\\\/2023\\\/07\\\/logo_ED.jpg\",\"width\":272,\"height\":52,\"caption\":\"El Diario - Decano de la prensa nacional\"},\"image\":{\"@id\":\"https:\\\/\\\/www.eldiario.net\\\/portal\\\/#\\\/schema\\\/logo\\\/image\\\/\"},\"sameAs\":[\"https:\\\/\\\/www.facebook.com\\\/eldiario.bolivia\\\/\",\"https:\\\/\\\/x.com\\\/eldiario_net\"]},{\"@type\":\"Person\",\"@id\":\"https:\\\/\\\/www.eldiario.net\\\/portal\\\/#\\\/schema\\\/person\\\/f46445640444750d7d753ccd04ae01b7\",\"name\":\"Jeanette\",\"image\":{\"@type\":\"ImageObject\",\"inLanguage\":\"es\",\"@id\":\"https:\\\/\\\/secure.gravatar.com\\\/avatar\\\/3ea2118a5f7dad2b7138b1187a6b7ee55f160b9968b66013c3a3ef39dd7e5798?s=96&d=mm&r=g\",\"url\":\"https:\\\/\\\/secure.gravatar.com\\\/avatar\\\/3ea2118a5f7dad2b7138b1187a6b7ee55f160b9968b66013c3a3ef39dd7e5798?s=96&d=mm&r=g\",\"contentUrl\":\"https:\\\/\\\/secure.gravatar.com\\\/avatar\\\/3ea2118a5f7dad2b7138b1187a6b7ee55f160b9968b66013c3a3ef39dd7e5798?s=96&d=mm&r=g\",\"caption\":\"Jeanette\"},\"sameAs\":[\"https:\\\/\\\/www.eldiario.net\\\/portal\"],\"url\":\"https:\\\/\\\/www.eldiario.net\\\/portal\\\/author\\\/jeanette\\\/\"}]}<\/script>\n<!-- \/ Yoast SEO plugin. -->","yoast_head_json":{"title":"Aplab pide tenencia responsable de canes - El Diario - Bolivia","robots":{"index":"index","follow":"follow","max-snippet":"max-snippet:-1","max-image-preview":"max-image-preview:large","max-video-preview":"max-video-preview:-1"},"canonical":"https:\/\/www.eldiario.net\/portal\/2021\/08\/16\/aplab-pide-tenencia-responsable-de-canes\/","og_locale":"es_ES","og_type":"article","og_title":"Aplab pide tenencia responsable de canes - El Diario - Bolivia","og_description":"Al recordar el d\u00eda de San Roque, la representante de la organizaci\u00f3n Amor por los animales Bolivia (Aplab), Ana Serrano, pidi\u00f3 a la poblaci\u00f3n reflexionar sobre la tenencia responsable de los canes y aconseja la esterilizaci\u00f3n para que no haya m\u00e1s abandonos. Para la activista, muchos due\u00f1os de mascotas festejar\u00e1n este d\u00eda, porque en los [&hellip;]","og_url":"https:\/\/www.eldiario.net\/portal\/2021\/08\/16\/aplab-pide-tenencia-responsable-de-canes\/","og_site_name":"El Diario - Bolivia","article_publisher":"https:\/\/www.facebook.com\/eldiario.bolivia\/","article_published_time":"2021-08-16T10:23:10+00:00","og_image":[{"url":"https:\/\/www.eldiario.net\/portal\/wp-content\/uploads\/2021\/08\/1AL-9.jpg","width":1,"height":1,"type":"image\/jpeg"}],"author":"Jeanette","twitter_card":"summary_large_image","twitter_creator":"@eldiario_net","twitter_site":"@eldiario_net","twitter_misc":{"Escrito por":"Jeanette","Tiempo de lectura":"3 minutos"},"schema":{"@context":"https:\/\/schema.org","@graph":[{"@type":"Article","@id":"https:\/\/www.eldiario.net\/portal\/2021\/08\/16\/aplab-pide-tenencia-responsable-de-canes\/#article","isPartOf":{"@id":"https:\/\/www.eldiario.net\/portal\/2021\/08\/16\/aplab-pide-tenencia-responsable-de-canes\/"},"author":{"name":"Jeanette","@id":"https:\/\/www.eldiario.net\/portal\/#\/schema\/person\/f46445640444750d7d753ccd04ae01b7"},"headline":"Aplab pide tenencia responsable de canes","datePublished":"2021-08-16T10:23:10+00:00","mainEntityOfPage":{"@id":"https:\/\/www.eldiario.net\/portal\/2021\/08\/16\/aplab-pide-tenencia-responsable-de-canes\/"},"wordCount":603,"publisher":{"@id":"https:\/\/www.eldiario.net\/portal\/#organization"},"image":{"@id":"https:\/\/www.eldiario.net\/portal\/2021\/08\/16\/aplab-pide-tenencia-responsable-de-canes\/#primaryimage"},"thumbnailUrl":"https:\/\/www.eldiario.net\/portal\/wp-content\/uploads\/2021\/08\/1AL-9.jpg","articleSection":["Nacional"],"inLanguage":"es"},{"@type":"WebPage","@id":"https:\/\/www.eldiario.net\/portal\/2021\/08\/16\/aplab-pide-tenencia-responsable-de-canes\/","url":"https:\/\/www.eldiario.net\/portal\/2021\/08\/16\/aplab-pide-tenencia-responsable-de-canes\/","name":"Aplab pide tenencia responsable de canes - El Diario - Bolivia","isPartOf":{"@id":"https:\/\/www.eldiario.net\/portal\/#website"},"primaryImageOfPage":{"@id":"https:\/\/www.eldiario.net\/portal\/2021\/08\/16\/aplab-pide-tenencia-responsable-de-canes\/#primaryimage"},"image":{"@id":"https:\/\/www.eldiario.net\/portal\/2021\/08\/16\/aplab-pide-tenencia-responsable-de-canes\/#primaryimage"},"thumbnailUrl":"https:\/\/www.eldiario.net\/portal\/wp-content\/uploads\/2021\/08\/1AL-9.jpg","datePublished":"2021-08-16T10:23:10+00:00","breadcrumb":{"@id":"https:\/\/www.eldiario.net\/portal\/2021\/08\/16\/aplab-pide-tenencia-responsable-de-canes\/#breadcrumb"},"inLanguage":"es","potentialAction":[{"@type":"ReadAction","target":["https:\/\/www.eldiario.net\/portal\/2021\/08\/16\/aplab-pide-tenencia-responsable-de-canes\/"]}]},{"@type":"ImageObject","inLanguage":"es","@id":"https:\/\/www.eldiario.net\/portal\/2021\/08\/16\/aplab-pide-tenencia-responsable-de-canes\/#primaryimage","url":"https:\/\/www.eldiario.net\/portal\/wp-content\/uploads\/2021\/08\/1AL-9.jpg","contentUrl":"https:\/\/www.eldiario.net\/portal\/wp-content\/uploads\/2021\/08\/1AL-9.jpg","caption":"Decenas de canes deambulan por las calles, antes tuvieron due\u00f1o, pero estos animales fueron echados cuando representaban otro gasto para sus due\u00f1os."},{"@type":"BreadcrumbList","@id":"https:\/\/www.eldiario.net\/portal\/2021\/08\/16\/aplab-pide-tenencia-responsable-de-canes\/#breadcrumb","itemListElement":[{"@type":"ListItem","position":1,"name":"Portada","item":"https:\/\/www.eldiario.net\/portal\/"},{"@type":"ListItem","position":2,"name":"Aplab pide tenencia responsable de canes"}]},{"@type":"WebSite","@id":"https:\/\/www.eldiario.net\/portal\/#website","url":"https:\/\/www.eldiario.net\/portal\/","name":"El Diario - Decano de la prensa nacional","description":"El Diario - Decano de la prensa nacional","publisher":{"@id":"https:\/\/www.eldiario.net\/portal\/#organization"},"potentialAction":[{"@type":"SearchAction","target":{"@type":"EntryPoint","urlTemplate":"https:\/\/www.eldiario.net\/portal\/?s={search_term_string}"},"query-input":{"@type":"PropertyValueSpecification","valueRequired":true,"valueName":"search_term_string"}}],"inLanguage":"es"},{"@type":"Organization","@id":"https:\/\/www.eldiario.net\/portal\/#organization","name":"El Diario - Decano de la prensa nacional","url":"https:\/\/www.eldiario.net\/portal\/","logo":{"@type":"ImageObject","inLanguage":"es","@id":"https:\/\/www.eldiario.net\/portal\/#\/schema\/logo\/image\/","url":"https:\/\/www.eldiario.net\/portal\/wp-content\/uploads\/2023\/07\/logo_ED.jpg","contentUrl":"https:\/\/www.eldiario.net\/portal\/wp-content\/uploads\/2023\/07\/logo_ED.jpg","width":272,"height":52,"caption":"El Diario - Decano de la prensa nacional"},"image":{"@id":"https:\/\/www.eldiario.net\/portal\/#\/schema\/logo\/image\/"},"sameAs":["https:\/\/www.facebook.com\/eldiario.bolivia\/","https:\/\/x.com\/eldiario_net"]},{"@type":"Person","@id":"https:\/\/www.eldiario.net\/portal\/#\/schema\/person\/f46445640444750d7d753ccd04ae01b7","name":"Jeanette","image":{"@type":"ImageObject","inLanguage":"es","@id":"https:\/\/secure.gravatar.com\/avatar\/3ea2118a5f7dad2b7138b1187a6b7ee55f160b9968b66013c3a3ef39dd7e5798?s=96&d=mm&r=g","url":"https:\/\/secure.gravatar.com\/avatar\/3ea2118a5f7dad2b7138b1187a6b7ee55f160b9968b66013c3a3ef39dd7e5798?s=96&d=mm&r=g","contentUrl":"https:\/\/secure.gravatar.com\/avatar\/3ea2118a5f7dad2b7138b1187a6b7ee55f160b9968b66013c3a3ef39dd7e5798?s=96&d=mm&r=g","caption":"Jeanette"},"sameAs":["https:\/\/www.eldiario.net\/portal"],"url":"https:\/\/www.eldiario.net\/portal\/author\/jeanette\/"}]}},"_links":{"self":[{"href":"https:\/\/www.eldiario.net\/portal\/wp-json\/wp\/v2\/posts\/23809","targetHints":{"allow":["GET"]}}],"collection":[{"href":"https:\/\/www.eldiario.net\/portal\/wp-json\/wp\/v2\/posts"}],"about":[{"href":"https:\/\/www.eldiario.net\/portal\/wp-json\/wp\/v2\/types\/post"}],"author":[{"embeddable":true,"href":"https:\/\/www.eldiario.net\/portal\/wp-json\/wp\/v2\/users\/1"}],"replies":[{"embeddable":true,"href":"https:\/\/www.eldiario.net\/portal\/wp-json\/wp\/v2\/comments?post=23809"}],"version-history":[{"count":0,"href":"https:\/\/www.eldiario.net\/portal\/wp-json\/wp\/v2\/posts\/23809\/revisions"}],"wp:featuredmedia":[{"embeddable":true,"href":"https:\/\/www.eldiario.net\/portal\/wp-json\/wp\/v2\/media\/23810"}],"wp:attachment":[{"href":"https:\/\/www.eldiario.net\/portal\/wp-json\/wp\/v2\/media?parent=23809"}],"wp:term":[{"taxonomy":"category","embeddable":true,"href":"https:\/\/www.eldiario.net\/portal\/wp-json\/wp\/v2\/categories?post=23809"},{"taxonomy":"post_tag","embeddable":true,"href":"https:\/\/www.eldiario.net\/portal\/wp-json\/wp\/v2\/tags?post=23809"}],"curies":[{"name":"wp","href":"https:\/\/api.w.org\/{rel}","templated":true}]}}