{"id":238076,"date":"2024-08-02T06:05:08","date_gmt":"2024-08-02T10:05:08","guid":{"rendered":"https:\/\/www.eldiario.net\/portal\/?p=238076"},"modified":"2024-08-02T06:05:08","modified_gmt":"2024-08-02T10:05:08","slug":"simone-biles-vuelve-a-tomar-la-corona","status":"publish","type":"post","link":"https:\/\/www.eldiario.net\/portal\/2024\/08\/02\/simone-biles-vuelve-a-tomar-la-corona\/","title":{"rendered":"Simone Biles vuelve a tomar la corona"},"content":{"rendered":"<p>Simone Biles gan\u00f3 ayer la medalla de oro en el concurso completo de los Juegos de Par\u00eds, ocho a\u00f1os despu\u00e9s de imponerse en R\u00edo 2016, lo que la coloca a la altura de las legendarias Larysa Latynina y Vera Caslavska, hasta ahora las \u00fanicas dobles campeonas ol\u00edmpicas.<br \/>\nUna marca m\u00e1s en su historial grandioso, que crece d\u00eda a d\u00eda en el Estadio de Bercy, donde ya lleva dos oros y aspira a tres m\u00e1s.<br \/>\nBiles se impuso con una marca de 59,131 puntos y una ventaja de 1,199 sobre la brasile\u00f1a Rebeca Andrade (57,932), de nuevo subcampeona ol\u00edmpica, como en Tokio 2020. El bronce fue para la tambi\u00e9n estadounidense Sunisa Lee, campeona en Tokio, con 54,465 puntos.<br \/>\nLa escalofriante gesta de Biles no hace sino engrandecer el resultado de sus perseguidoras, sobre todo de Andrade, que acarici\u00f3 el oro a mitad de competici\u00f3n. Su segundo puesto por detr\u00e1s de una revolucionaria de la gimnasia como Biles merecer\u00eda una categor\u00eda especial de medalla.<br \/>\nDos d\u00edas despu\u00e9s de conducir a Estados Unidos al oro por equipos, Biles firm\u00f3 una victoria individual que se le complic\u00f3 en las barras asim\u00e9tricas con un error que logr\u00f3 compensar con su elevada ejecuci\u00f3n en los dos \u00faltimos aparatos.<br \/>\nAndrade emprendi\u00f3 el reto de batir a Biles con un salto que roz\u00f3 la perfecci\u00f3n, el Cheng que domina como nadie: 15,100 puntos producto de un 5,6 de dificultad y un 9,5 de ejecuci\u00f3n. No movi\u00f3 los pies ni un dedo en la recepci\u00f3n.<br \/>\nLo que parec\u00eda dif\u00edcil, que Biles superase esa nota, sucedi\u00f3. La norteamericana sac\u00f3 a pasear su Biles II, el Yurchenko doble mortal carpado, y aunque no lo clav\u00f3 como la brasile\u00f1a, porque dio un gran paso atr\u00e1s, su 6,400 de partida la lanz\u00f3 hasta los 15,766, pese a una ejecuci\u00f3n de 9,366.<br \/>\nYa estaba Biles en cabeza tras solo un aparato, seguida a 0,666 por Andrade, a 1,700 por la experimentad\u00edsima Ellie Black, de Canad\u00e1, que present\u00f3 unas asim\u00e9tricas formidables, y a 1,733 por la argelina Kayla Nemour, en la primera gran final de sus 17 a\u00f1os de vida.<\/p>\n","protected":false},"excerpt":{"rendered":"<p>Simone Biles gan\u00f3 ayer la medalla de oro en el concurso completo de los Juegos de Par\u00eds, ocho a\u00f1os despu\u00e9s de imponerse en R\u00edo 2016, lo que la coloca a la altura de las legendarias Larysa Latynina y Vera Caslavska, hasta ahora las \u00fanicas dobles campeonas ol\u00edmpicas. Una marca m\u00e1s en su historial grandioso, que [&hellip;]<\/p>\n","protected":false},"author":1,"featured_media":238077,"comment_status":"open","ping_status":"open","sticky":false,"template":"","format":"standard","meta":{"_acf_changed":false,"footnotes":""},"categories":[6,54],"tags":[],"class_list":["post-238076","post","type-post","status-publish","format-standard","has-post-thumbnail","category-deportes","category-olimpiadas-paris-2024"],"acf":{"antetitulo":""},"yoast_head":"<!-- This site is optimized with the Yoast SEO plugin v28.3 - https:\/\/yoast.com\/product\/yoast-seo-wordpress\/ -->\n<title>Simone Biles vuelve a tomar la corona - El Diario - Bolivia<\/title>\n<meta name=\"robots\" content=\"index, follow, max-snippet:-1, max-image-preview:large, max-video-preview:-1\" \/>\n<link rel=\"canonical\" href=\"https:\/\/www.eldiario.net\/portal\/2024\/08\/02\/simone-biles-vuelve-a-tomar-la-corona\/\" \/>\n<meta property=\"og:locale\" content=\"es_ES\" \/>\n<meta property=\"og:type\" content=\"article\" \/>\n<meta property=\"og:title\" content=\"Simone Biles vuelve a tomar la corona - El Diario - Bolivia\" \/>\n<meta property=\"og:description\" content=\"Simone Biles gan\u00f3 ayer la medalla de oro en el concurso completo de los Juegos de Par\u00eds, ocho a\u00f1os despu\u00e9s de imponerse en R\u00edo 2016, lo que la coloca a la altura de las legendarias Larysa Latynina y Vera Caslavska, hasta ahora las \u00fanicas dobles campeonas ol\u00edmpicas. Una marca m\u00e1s en su historial grandioso, que [&hellip;]\" \/>\n<meta property=\"og:url\" content=\"https:\/\/www.eldiario.net\/portal\/2024\/08\/02\/simone-biles-vuelve-a-tomar-la-corona\/\" \/>\n<meta property=\"og:site_name\" content=\"El Diario - Bolivia\" \/>\n<meta property=\"article:publisher\" content=\"https:\/\/www.facebook.com\/eldiario.bolivia\/\" \/>\n<meta property=\"article:published_time\" content=\"2024-08-02T10:05:08+00:00\" \/>\n<meta property=\"og:image\" content=\"https:\/\/www.eldiario.net\/portal\/wp-content\/uploads\/2024\/08\/biles.jpg\" \/>\n\t<meta property=\"og:image:width\" content=\"848\" \/>\n\t<meta property=\"og:image:height\" content=\"568\" \/>\n\t<meta property=\"og:image:type\" content=\"image\/jpeg\" \/>\n<meta name=\"author\" content=\"Jeanette\" \/>\n<meta name=\"twitter:card\" content=\"summary_large_image\" \/>\n<meta name=\"twitter:creator\" content=\"@eldiario_net\" \/>\n<meta name=\"twitter:site\" content=\"@eldiario_net\" \/>\n<meta name=\"twitter:label1\" content=\"Escrito por\" \/>\n\t<meta name=\"twitter:data1\" content=\"Jeanette\" \/>\n\t<meta name=\"twitter:label2\" content=\"Tiempo de lectura\" \/>\n\t<meta name=\"twitter:data2\" content=\"2 minutos\" \/>\n<script type=\"application\/ld+json\" class=\"yoast-schema-graph\">{\"@context\":\"https:\\\/\\\/schema.org\",\"@graph\":[{\"@type\":\"Article\",\"@id\":\"https:\\\/\\\/www.eldiario.net\\\/portal\\\/2024\\\/08\\\/02\\\/simone-biles-vuelve-a-tomar-la-corona\\\/#article\",\"isPartOf\":{\"@id\":\"https:\\\/\\\/www.eldiario.net\\\/portal\\\/2024\\\/08\\\/02\\\/simone-biles-vuelve-a-tomar-la-corona\\\/\"},\"author\":{\"name\":\"Jeanette\",\"@id\":\"https:\\\/\\\/www.eldiario.net\\\/portal\\\/#\\\/schema\\\/person\\\/f46445640444750d7d753ccd04ae01b7\"},\"headline\":\"Simone Biles vuelve a tomar la corona\",\"datePublished\":\"2024-08-02T10:05:08+00:00\",\"mainEntityOfPage\":{\"@id\":\"https:\\\/\\\/www.eldiario.net\\\/portal\\\/2024\\\/08\\\/02\\\/simone-biles-vuelve-a-tomar-la-corona\\\/\"},\"wordCount\":367,\"commentCount\":0,\"publisher\":{\"@id\":\"https:\\\/\\\/www.eldiario.net\\\/portal\\\/#organization\"},\"image\":{\"@id\":\"https:\\\/\\\/www.eldiario.net\\\/portal\\\/2024\\\/08\\\/02\\\/simone-biles-vuelve-a-tomar-la-corona\\\/#primaryimage\"},\"thumbnailUrl\":\"https:\\\/\\\/www.eldiario.net\\\/portal\\\/wp-content\\\/uploads\\\/2024\\\/08\\\/biles.jpg\",\"articleSection\":[\"Deportes\",\"Olimpiadas Paris 2024\"],\"inLanguage\":\"es\",\"potentialAction\":[{\"@type\":\"CommentAction\",\"name\":\"Comment\",\"target\":[\"https:\\\/\\\/www.eldiario.net\\\/portal\\\/2024\\\/08\\\/02\\\/simone-biles-vuelve-a-tomar-la-corona\\\/#respond\"]}]},{\"@type\":\"WebPage\",\"@id\":\"https:\\\/\\\/www.eldiario.net\\\/portal\\\/2024\\\/08\\\/02\\\/simone-biles-vuelve-a-tomar-la-corona\\\/\",\"url\":\"https:\\\/\\\/www.eldiario.net\\\/portal\\\/2024\\\/08\\\/02\\\/simone-biles-vuelve-a-tomar-la-corona\\\/\",\"name\":\"Simone Biles vuelve a tomar la corona - El Diario - Bolivia\",\"isPartOf\":{\"@id\":\"https:\\\/\\\/www.eldiario.net\\\/portal\\\/#website\"},\"primaryImageOfPage\":{\"@id\":\"https:\\\/\\\/www.eldiario.net\\\/portal\\\/2024\\\/08\\\/02\\\/simone-biles-vuelve-a-tomar-la-corona\\\/#primaryimage\"},\"image\":{\"@id\":\"https:\\\/\\\/www.eldiario.net\\\/portal\\\/2024\\\/08\\\/02\\\/simone-biles-vuelve-a-tomar-la-corona\\\/#primaryimage\"},\"thumbnailUrl\":\"https:\\\/\\\/www.eldiario.net\\\/portal\\\/wp-content\\\/uploads\\\/2024\\\/08\\\/biles.jpg\",\"datePublished\":\"2024-08-02T10:05:08+00:00\",\"breadcrumb\":{\"@id\":\"https:\\\/\\\/www.eldiario.net\\\/portal\\\/2024\\\/08\\\/02\\\/simone-biles-vuelve-a-tomar-la-corona\\\/#breadcrumb\"},\"inLanguage\":\"es\",\"potentialAction\":[{\"@type\":\"ReadAction\",\"target\":[\"https:\\\/\\\/www.eldiario.net\\\/portal\\\/2024\\\/08\\\/02\\\/simone-biles-vuelve-a-tomar-la-corona\\\/\"]}]},{\"@type\":\"ImageObject\",\"inLanguage\":\"es\",\"@id\":\"https:\\\/\\\/www.eldiario.net\\\/portal\\\/2024\\\/08\\\/02\\\/simone-biles-vuelve-a-tomar-la-corona\\\/#primaryimage\",\"url\":\"https:\\\/\\\/www.eldiario.net\\\/portal\\\/wp-content\\\/uploads\\\/2024\\\/08\\\/biles.jpg\",\"contentUrl\":\"https:\\\/\\\/www.eldiario.net\\\/portal\\\/wp-content\\\/uploads\\\/2024\\\/08\\\/biles.jpg\",\"width\":848,\"height\":568},{\"@type\":\"BreadcrumbList\",\"@id\":\"https:\\\/\\\/www.eldiario.net\\\/portal\\\/2024\\\/08\\\/02\\\/simone-biles-vuelve-a-tomar-la-corona\\\/#breadcrumb\",\"itemListElement\":[{\"@type\":\"ListItem\",\"position\":1,\"name\":\"Portada\",\"item\":\"https:\\\/\\\/www.eldiario.net\\\/portal\\\/\"},{\"@type\":\"ListItem\",\"position\":2,\"name\":\"Simone Biles vuelve a tomar la corona\"}]},{\"@type\":\"WebSite\",\"@id\":\"https:\\\/\\\/www.eldiario.net\\\/portal\\\/#website\",\"url\":\"https:\\\/\\\/www.eldiario.net\\\/portal\\\/\",\"name\":\"El Diario - Decano de la prensa nacional\",\"description\":\"El Diario - Decano de la prensa nacional\",\"publisher\":{\"@id\":\"https:\\\/\\\/www.eldiario.net\\\/portal\\\/#organization\"},\"potentialAction\":[{\"@type\":\"SearchAction\",\"target\":{\"@type\":\"EntryPoint\",\"urlTemplate\":\"https:\\\/\\\/www.eldiario.net\\\/portal\\\/?s={search_term_string}\"},\"query-input\":{\"@type\":\"PropertyValueSpecification\",\"valueRequired\":true,\"valueName\":\"search_term_string\"}}],\"inLanguage\":\"es\"},{\"@type\":\"Organization\",\"@id\":\"https:\\\/\\\/www.eldiario.net\\\/portal\\\/#organization\",\"name\":\"El Diario - Decano de la prensa nacional\",\"url\":\"https:\\\/\\\/www.eldiario.net\\\/portal\\\/\",\"logo\":{\"@type\":\"ImageObject\",\"inLanguage\":\"es\",\"@id\":\"https:\\\/\\\/www.eldiario.net\\\/portal\\\/#\\\/schema\\\/logo\\\/image\\\/\",\"url\":\"https:\\\/\\\/www.eldiario.net\\\/portal\\\/wp-content\\\/uploads\\\/2023\\\/07\\\/logo_ED.jpg\",\"contentUrl\":\"https:\\\/\\\/www.eldiario.net\\\/portal\\\/wp-content\\\/uploads\\\/2023\\\/07\\\/logo_ED.jpg\",\"width\":272,\"height\":52,\"caption\":\"El Diario - Decano de la prensa nacional\"},\"image\":{\"@id\":\"https:\\\/\\\/www.eldiario.net\\\/portal\\\/#\\\/schema\\\/logo\\\/image\\\/\"},\"sameAs\":[\"https:\\\/\\\/www.facebook.com\\\/eldiario.bolivia\\\/\",\"https:\\\/\\\/x.com\\\/eldiario_net\"]},{\"@type\":\"Person\",\"@id\":\"https:\\\/\\\/www.eldiario.net\\\/portal\\\/#\\\/schema\\\/person\\\/f46445640444750d7d753ccd04ae01b7\",\"name\":\"Jeanette\",\"image\":{\"@type\":\"ImageObject\",\"inLanguage\":\"es\",\"@id\":\"https:\\\/\\\/secure.gravatar.com\\\/avatar\\\/3ea2118a5f7dad2b7138b1187a6b7ee55f160b9968b66013c3a3ef39dd7e5798?s=96&d=mm&r=g\",\"url\":\"https:\\\/\\\/secure.gravatar.com\\\/avatar\\\/3ea2118a5f7dad2b7138b1187a6b7ee55f160b9968b66013c3a3ef39dd7e5798?s=96&d=mm&r=g\",\"contentUrl\":\"https:\\\/\\\/secure.gravatar.com\\\/avatar\\\/3ea2118a5f7dad2b7138b1187a6b7ee55f160b9968b66013c3a3ef39dd7e5798?s=96&d=mm&r=g\",\"caption\":\"Jeanette\"},\"sameAs\":[\"https:\\\/\\\/www.eldiario.net\\\/portal\"],\"url\":\"https:\\\/\\\/www.eldiario.net\\\/portal\\\/author\\\/jeanette\\\/\"}]}<\/script>\n<!-- \/ Yoast SEO plugin. -->","yoast_head_json":{"title":"Simone Biles vuelve a tomar la corona - El Diario - Bolivia","robots":{"index":"index","follow":"follow","max-snippet":"max-snippet:-1","max-image-preview":"max-image-preview:large","max-video-preview":"max-video-preview:-1"},"canonical":"https:\/\/www.eldiario.net\/portal\/2024\/08\/02\/simone-biles-vuelve-a-tomar-la-corona\/","og_locale":"es_ES","og_type":"article","og_title":"Simone Biles vuelve a tomar la corona - El Diario - Bolivia","og_description":"Simone Biles gan\u00f3 ayer la medalla de oro en el concurso completo de los Juegos de Par\u00eds, ocho a\u00f1os despu\u00e9s de imponerse en R\u00edo 2016, lo que la coloca a la altura de las legendarias Larysa Latynina y Vera Caslavska, hasta ahora las \u00fanicas dobles campeonas ol\u00edmpicas. Una marca m\u00e1s en su historial grandioso, que [&hellip;]","og_url":"https:\/\/www.eldiario.net\/portal\/2024\/08\/02\/simone-biles-vuelve-a-tomar-la-corona\/","og_site_name":"El Diario - Bolivia","article_publisher":"https:\/\/www.facebook.com\/eldiario.bolivia\/","article_published_time":"2024-08-02T10:05:08+00:00","og_image":[{"width":848,"height":568,"url":"https:\/\/www.eldiario.net\/portal\/wp-content\/uploads\/2024\/08\/biles.jpg","type":"image\/jpeg"}],"author":"Jeanette","twitter_card":"summary_large_image","twitter_creator":"@eldiario_net","twitter_site":"@eldiario_net","twitter_misc":{"Escrito por":"Jeanette","Tiempo de lectura":"2 minutos"},"schema":{"@context":"https:\/\/schema.org","@graph":[{"@type":"Article","@id":"https:\/\/www.eldiario.net\/portal\/2024\/08\/02\/simone-biles-vuelve-a-tomar-la-corona\/#article","isPartOf":{"@id":"https:\/\/www.eldiario.net\/portal\/2024\/08\/02\/simone-biles-vuelve-a-tomar-la-corona\/"},"author":{"name":"Jeanette","@id":"https:\/\/www.eldiario.net\/portal\/#\/schema\/person\/f46445640444750d7d753ccd04ae01b7"},"headline":"Simone Biles vuelve a tomar la corona","datePublished":"2024-08-02T10:05:08+00:00","mainEntityOfPage":{"@id":"https:\/\/www.eldiario.net\/portal\/2024\/08\/02\/simone-biles-vuelve-a-tomar-la-corona\/"},"wordCount":367,"commentCount":0,"publisher":{"@id":"https:\/\/www.eldiario.net\/portal\/#organization"},"image":{"@id":"https:\/\/www.eldiario.net\/portal\/2024\/08\/02\/simone-biles-vuelve-a-tomar-la-corona\/#primaryimage"},"thumbnailUrl":"https:\/\/www.eldiario.net\/portal\/wp-content\/uploads\/2024\/08\/biles.jpg","articleSection":["Deportes","Olimpiadas Paris 2024"],"inLanguage":"es","potentialAction":[{"@type":"CommentAction","name":"Comment","target":["https:\/\/www.eldiario.net\/portal\/2024\/08\/02\/simone-biles-vuelve-a-tomar-la-corona\/#respond"]}]},{"@type":"WebPage","@id":"https:\/\/www.eldiario.net\/portal\/2024\/08\/02\/simone-biles-vuelve-a-tomar-la-corona\/","url":"https:\/\/www.eldiario.net\/portal\/2024\/08\/02\/simone-biles-vuelve-a-tomar-la-corona\/","name":"Simone Biles vuelve a tomar la corona - El Diario - Bolivia","isPartOf":{"@id":"https:\/\/www.eldiario.net\/portal\/#website"},"primaryImageOfPage":{"@id":"https:\/\/www.eldiario.net\/portal\/2024\/08\/02\/simone-biles-vuelve-a-tomar-la-corona\/#primaryimage"},"image":{"@id":"https:\/\/www.eldiario.net\/portal\/2024\/08\/02\/simone-biles-vuelve-a-tomar-la-corona\/#primaryimage"},"thumbnailUrl":"https:\/\/www.eldiario.net\/portal\/wp-content\/uploads\/2024\/08\/biles.jpg","datePublished":"2024-08-02T10:05:08+00:00","breadcrumb":{"@id":"https:\/\/www.eldiario.net\/portal\/2024\/08\/02\/simone-biles-vuelve-a-tomar-la-corona\/#breadcrumb"},"inLanguage":"es","potentialAction":[{"@type":"ReadAction","target":["https:\/\/www.eldiario.net\/portal\/2024\/08\/02\/simone-biles-vuelve-a-tomar-la-corona\/"]}]},{"@type":"ImageObject","inLanguage":"es","@id":"https:\/\/www.eldiario.net\/portal\/2024\/08\/02\/simone-biles-vuelve-a-tomar-la-corona\/#primaryimage","url":"https:\/\/www.eldiario.net\/portal\/wp-content\/uploads\/2024\/08\/biles.jpg","contentUrl":"https:\/\/www.eldiario.net\/portal\/wp-content\/uploads\/2024\/08\/biles.jpg","width":848,"height":568},{"@type":"BreadcrumbList","@id":"https:\/\/www.eldiario.net\/portal\/2024\/08\/02\/simone-biles-vuelve-a-tomar-la-corona\/#breadcrumb","itemListElement":[{"@type":"ListItem","position":1,"name":"Portada","item":"https:\/\/www.eldiario.net\/portal\/"},{"@type":"ListItem","position":2,"name":"Simone Biles vuelve a tomar la corona"}]},{"@type":"WebSite","@id":"https:\/\/www.eldiario.net\/portal\/#website","url":"https:\/\/www.eldiario.net\/portal\/","name":"El Diario - Decano de la prensa nacional","description":"El Diario - Decano de la prensa nacional","publisher":{"@id":"https:\/\/www.eldiario.net\/portal\/#organization"},"potentialAction":[{"@type":"SearchAction","target":{"@type":"EntryPoint","urlTemplate":"https:\/\/www.eldiario.net\/portal\/?s={search_term_string}"},"query-input":{"@type":"PropertyValueSpecification","valueRequired":true,"valueName":"search_term_string"}}],"inLanguage":"es"},{"@type":"Organization","@id":"https:\/\/www.eldiario.net\/portal\/#organization","name":"El Diario - Decano de la prensa nacional","url":"https:\/\/www.eldiario.net\/portal\/","logo":{"@type":"ImageObject","inLanguage":"es","@id":"https:\/\/www.eldiario.net\/portal\/#\/schema\/logo\/image\/","url":"https:\/\/www.eldiario.net\/portal\/wp-content\/uploads\/2023\/07\/logo_ED.jpg","contentUrl":"https:\/\/www.eldiario.net\/portal\/wp-content\/uploads\/2023\/07\/logo_ED.jpg","width":272,"height":52,"caption":"El Diario - Decano de la prensa nacional"},"image":{"@id":"https:\/\/www.eldiario.net\/portal\/#\/schema\/logo\/image\/"},"sameAs":["https:\/\/www.facebook.com\/eldiario.bolivia\/","https:\/\/x.com\/eldiario_net"]},{"@type":"Person","@id":"https:\/\/www.eldiario.net\/portal\/#\/schema\/person\/f46445640444750d7d753ccd04ae01b7","name":"Jeanette","image":{"@type":"ImageObject","inLanguage":"es","@id":"https:\/\/secure.gravatar.com\/avatar\/3ea2118a5f7dad2b7138b1187a6b7ee55f160b9968b66013c3a3ef39dd7e5798?s=96&d=mm&r=g","url":"https:\/\/secure.gravatar.com\/avatar\/3ea2118a5f7dad2b7138b1187a6b7ee55f160b9968b66013c3a3ef39dd7e5798?s=96&d=mm&r=g","contentUrl":"https:\/\/secure.gravatar.com\/avatar\/3ea2118a5f7dad2b7138b1187a6b7ee55f160b9968b66013c3a3ef39dd7e5798?s=96&d=mm&r=g","caption":"Jeanette"},"sameAs":["https:\/\/www.eldiario.net\/portal"],"url":"https:\/\/www.eldiario.net\/portal\/author\/jeanette\/"}]}},"_links":{"self":[{"href":"https:\/\/www.eldiario.net\/portal\/wp-json\/wp\/v2\/posts\/238076","targetHints":{"allow":["GET"]}}],"collection":[{"href":"https:\/\/www.eldiario.net\/portal\/wp-json\/wp\/v2\/posts"}],"about":[{"href":"https:\/\/www.eldiario.net\/portal\/wp-json\/wp\/v2\/types\/post"}],"author":[{"embeddable":true,"href":"https:\/\/www.eldiario.net\/portal\/wp-json\/wp\/v2\/users\/1"}],"replies":[{"embeddable":true,"href":"https:\/\/www.eldiario.net\/portal\/wp-json\/wp\/v2\/comments?post=238076"}],"version-history":[{"count":1,"href":"https:\/\/www.eldiario.net\/portal\/wp-json\/wp\/v2\/posts\/238076\/revisions"}],"predecessor-version":[{"id":238078,"href":"https:\/\/www.eldiario.net\/portal\/wp-json\/wp\/v2\/posts\/238076\/revisions\/238078"}],"wp:featuredmedia":[{"embeddable":true,"href":"https:\/\/www.eldiario.net\/portal\/wp-json\/wp\/v2\/media\/238077"}],"wp:attachment":[{"href":"https:\/\/www.eldiario.net\/portal\/wp-json\/wp\/v2\/media?parent=238076"}],"wp:term":[{"taxonomy":"category","embeddable":true,"href":"https:\/\/www.eldiario.net\/portal\/wp-json\/wp\/v2\/categories?post=238076"},{"taxonomy":"post_tag","embeddable":true,"href":"https:\/\/www.eldiario.net\/portal\/wp-json\/wp\/v2\/tags?post=238076"}],"curies":[{"name":"wp","href":"https:\/\/api.w.org\/{rel}","templated":true}]}}