{"id":23806,"date":"2021-08-16T06:22:03","date_gmt":"2021-08-16T10:22:03","guid":{"rendered":"https:\/\/www.eldiario.net\/portal\/?p=23806"},"modified":"2021-08-16T06:22:03","modified_gmt":"2021-08-16T10:22:03","slug":"alcaldesa-copa-espera-superar-33-de-inoculados-en-el-alto","status":"publish","type":"post","link":"https:\/\/www.eldiario.net\/portal\/2021\/08\/16\/alcaldesa-copa-espera-superar-33-de-inoculados-en-el-alto\/","title":{"rendered":"Alcaldesa Copa espera superar  33 % de inoculados en El Alto"},"content":{"rendered":"<p>La alcaldesa de la ciudad de El Alto, Eva Copa, indic\u00f3 que con los puntos de vacunaci\u00f3n masiva contra el covid-19, que se instal\u00f3 en esa urbe, se espera superar el 33 % de personas inoculadas con la primera dosis. Adem\u00e1s, la autoridad dijo que se continuar\u00e1 con la concientizaci\u00f3n en este tema.<br \/>\nLa autoridad inspeccion\u00f3 los tres puntos de vacunaci\u00f3n instalados en diferentes sectores como el Jacha Uta, la Alcald\u00eda quemada y la zona Primero de Mayo, donde las personas que todav\u00eda no recibieron esta vacuna contra el covid-19 acudieron de forma masiva.<br \/>\n\u201cTenemos cifras muy esperanzadoras, la gente ha asistido a la vacunaci\u00f3n, aunque se tuvo algunos percances en el tema, porque la mayor\u00eda de la poblaci\u00f3n busca la \u2018Johnson &amp; Johnson\u2019 por ser \u00fanica dosis y nosotros estamos dando la Sinopharm que es en dos dosis, pero se est\u00e1 concientizando a la gente, estamos hablando con ellos para que se puedan vacunar y as\u00ed podamos superar los n\u00fameros que tenemos, ahora que es del 33 por ciento\u201d, sostuvo la Alcaldesa tras la inspecci\u00f3n a la Casa Municipal.<br \/>\nCopa especific\u00f3 que el d\u00eda s\u00e1bado se tuvo la cifra alrededor de las 3 mil vacunas que se hizo con Sinopharm. As\u00ed tambi\u00e9n, indic\u00f3 que el n\u00famero de vacunados ir\u00e1 paulatinamente subiendo, por ahora el trabajo ser\u00e1 de lunes a lunes.<br \/>\n\u201cHemos coadyuvado con el personal de nuestro municipio y se ha llegado a cubrir las vacunas que quer\u00edamos. La jornada del domingo la he visto muy positiva porque la gente est\u00e1 asistiendo a vacunarse con sus hijos mayores a 18 a\u00f1os. Se est\u00e1 reforzando los centros donde se ha tenido mayor afluencia, la Jach\u2019a uta y el Concejo Municipal. As\u00ed tambi\u00e9n, hoy empiezan a vacunar en los 4 distritos rurales; 9, 10, 11 y 13, donde se han enviado buses a estos distritos\u201d, dijo la Alcaldesa.<br \/>\nA\u00f1adi\u00f3 que se est\u00e1n entregando v\u00edveres como incentivo a la poblaci\u00f3n, trabajo coordinando con empresas privadas como Infocal y otras instituciones para que los j\u00f3venes que recibieron la vacuna obtengan becas para su estudio, \u201chasta el momento nos dieron como 50 becas de estudio y se dio a los primeros j\u00f3venes. Estamos con la campa\u00f1a y pedimos al Ministerio de Salud que nos pueda reforzar con la difusi\u00f3n para coadyuvar la socializaci\u00f3n\u201d, dijo la autoridad.<br \/>\nFinalmente, afirm\u00f3 que en la Alcald\u00eda de la urbe alte\u00f1a y las descentralizadas, desde esta semana pedir\u00e1n el certificado de vacunaci\u00f3n o el c\u00f3digo QR y cada funcionario deber\u00e1n cumplir con este requisito y de esta manera lograr que se garantice la salud de los mismos.<\/p>\n","protected":false},"excerpt":{"rendered":"<p>La alcaldesa de la ciudad de El Alto, Eva Copa, indic\u00f3 que con los puntos de vacunaci\u00f3n masiva contra el covid-19, que se instal\u00f3 en esa urbe, se espera superar el 33 % de personas inoculadas con la primera dosis. Adem\u00e1s, la autoridad dijo que se continuar\u00e1 con la concientizaci\u00f3n en este tema. La autoridad [&hellip;]<\/p>\n","protected":false},"author":1,"featured_media":23807,"comment_status":"closed","ping_status":"closed","sticky":false,"template":"","format":"standard","meta":{"_acf_changed":false,"footnotes":""},"categories":[12],"tags":[],"class_list":["post-23806","post","type-post","status-publish","format-standard","has-post-thumbnail","category-nacional"],"acf":{"antetitulo":""},"yoast_head":"<!-- This site is optimized with the Yoast SEO plugin v28.4 - https:\/\/yoast.com\/product\/yoast-seo-wordpress\/ -->\n<title>Alcaldesa Copa espera superar 33 % de inoculados en El Alto - El Diario - Bolivia<\/title>\n<meta name=\"robots\" content=\"index, follow, max-snippet:-1, max-image-preview:large, max-video-preview:-1\" \/>\n<link rel=\"canonical\" href=\"https:\/\/www.eldiario.net\/portal\/2021\/08\/16\/alcaldesa-copa-espera-superar-33-de-inoculados-en-el-alto\/\" \/>\n<meta property=\"og:locale\" content=\"es_ES\" \/>\n<meta property=\"og:type\" content=\"article\" \/>\n<meta property=\"og:title\" content=\"Alcaldesa Copa espera superar 33 % de inoculados en El Alto - El Diario - Bolivia\" \/>\n<meta property=\"og:description\" content=\"La alcaldesa de la ciudad de El Alto, Eva Copa, indic\u00f3 que con los puntos de vacunaci\u00f3n masiva contra el covid-19, que se instal\u00f3 en esa urbe, se espera superar el 33 % de personas inoculadas con la primera dosis. Adem\u00e1s, la autoridad dijo que se continuar\u00e1 con la concientizaci\u00f3n en este tema. La autoridad [&hellip;]\" \/>\n<meta property=\"og:url\" content=\"https:\/\/www.eldiario.net\/portal\/2021\/08\/16\/alcaldesa-copa-espera-superar-33-de-inoculados-en-el-alto\/\" \/>\n<meta property=\"og:site_name\" content=\"El Diario - Bolivia\" \/>\n<meta property=\"article:publisher\" content=\"https:\/\/www.facebook.com\/eldiario.bolivia\/\" \/>\n<meta property=\"article:published_time\" content=\"2021-08-16T10:22:03+00:00\" \/>\n<meta name=\"author\" content=\"Jeanette\" \/>\n<meta name=\"twitter:card\" content=\"summary_large_image\" \/>\n<meta name=\"twitter:creator\" content=\"@eldiario_net\" \/>\n<meta name=\"twitter:site\" content=\"@eldiario_net\" \/>\n<meta name=\"twitter:label1\" content=\"Escrito por\" \/>\n\t<meta name=\"twitter:data1\" content=\"Jeanette\" \/>\n\t<meta name=\"twitter:label2\" content=\"Tiempo de lectura\" \/>\n\t<meta name=\"twitter:data2\" content=\"2 minutos\" \/>\n<script type=\"application\/ld+json\" class=\"yoast-schema-graph\">{\"@context\":\"https:\\\/\\\/schema.org\",\"@graph\":[{\"@type\":\"Article\",\"@id\":\"https:\\\/\\\/www.eldiario.net\\\/portal\\\/2021\\\/08\\\/16\\\/alcaldesa-copa-espera-superar-33-de-inoculados-en-el-alto\\\/#article\",\"isPartOf\":{\"@id\":\"https:\\\/\\\/www.eldiario.net\\\/portal\\\/2021\\\/08\\\/16\\\/alcaldesa-copa-espera-superar-33-de-inoculados-en-el-alto\\\/\"},\"author\":{\"name\":\"Jeanette\",\"@id\":\"https:\\\/\\\/www.eldiario.net\\\/portal\\\/#\\\/schema\\\/person\\\/f46445640444750d7d753ccd04ae01b7\"},\"headline\":\"Alcaldesa Copa espera superar 33 % de inoculados en El Alto\",\"datePublished\":\"2021-08-16T10:22:03+00:00\",\"mainEntityOfPage\":{\"@id\":\"https:\\\/\\\/www.eldiario.net\\\/portal\\\/2021\\\/08\\\/16\\\/alcaldesa-copa-espera-superar-33-de-inoculados-en-el-alto\\\/\"},\"wordCount\":460,\"publisher\":{\"@id\":\"https:\\\/\\\/www.eldiario.net\\\/portal\\\/#organization\"},\"image\":{\"@id\":\"https:\\\/\\\/www.eldiario.net\\\/portal\\\/2021\\\/08\\\/16\\\/alcaldesa-copa-espera-superar-33-de-inoculados-en-el-alto\\\/#primaryimage\"},\"thumbnailUrl\":\"\",\"articleSection\":[\"Nacional\"],\"inLanguage\":\"es\"},{\"@type\":\"WebPage\",\"@id\":\"https:\\\/\\\/www.eldiario.net\\\/portal\\\/2021\\\/08\\\/16\\\/alcaldesa-copa-espera-superar-33-de-inoculados-en-el-alto\\\/\",\"url\":\"https:\\\/\\\/www.eldiario.net\\\/portal\\\/2021\\\/08\\\/16\\\/alcaldesa-copa-espera-superar-33-de-inoculados-en-el-alto\\\/\",\"name\":\"Alcaldesa Copa espera superar 33 % de inoculados en El Alto - El Diario - Bolivia\",\"isPartOf\":{\"@id\":\"https:\\\/\\\/www.eldiario.net\\\/portal\\\/#website\"},\"primaryImageOfPage\":{\"@id\":\"https:\\\/\\\/www.eldiario.net\\\/portal\\\/2021\\\/08\\\/16\\\/alcaldesa-copa-espera-superar-33-de-inoculados-en-el-alto\\\/#primaryimage\"},\"image\":{\"@id\":\"https:\\\/\\\/www.eldiario.net\\\/portal\\\/2021\\\/08\\\/16\\\/alcaldesa-copa-espera-superar-33-de-inoculados-en-el-alto\\\/#primaryimage\"},\"thumbnailUrl\":\"\",\"datePublished\":\"2021-08-16T10:22:03+00:00\",\"breadcrumb\":{\"@id\":\"https:\\\/\\\/www.eldiario.net\\\/portal\\\/2021\\\/08\\\/16\\\/alcaldesa-copa-espera-superar-33-de-inoculados-en-el-alto\\\/#breadcrumb\"},\"inLanguage\":\"es\",\"potentialAction\":[{\"@type\":\"ReadAction\",\"target\":[\"https:\\\/\\\/www.eldiario.net\\\/portal\\\/2021\\\/08\\\/16\\\/alcaldesa-copa-espera-superar-33-de-inoculados-en-el-alto\\\/\"]}]},{\"@type\":\"ImageObject\",\"inLanguage\":\"es\",\"@id\":\"https:\\\/\\\/www.eldiario.net\\\/portal\\\/2021\\\/08\\\/16\\\/alcaldesa-copa-espera-superar-33-de-inoculados-en-el-alto\\\/#primaryimage\",\"url\":\"\",\"contentUrl\":\"\"},{\"@type\":\"BreadcrumbList\",\"@id\":\"https:\\\/\\\/www.eldiario.net\\\/portal\\\/2021\\\/08\\\/16\\\/alcaldesa-copa-espera-superar-33-de-inoculados-en-el-alto\\\/#breadcrumb\",\"itemListElement\":[{\"@type\":\"ListItem\",\"position\":1,\"name\":\"Portada\",\"item\":\"https:\\\/\\\/www.eldiario.net\\\/portal\\\/\"},{\"@type\":\"ListItem\",\"position\":2,\"name\":\"Alcaldesa Copa espera superar 33 % de inoculados en El Alto\"}]},{\"@type\":\"WebSite\",\"@id\":\"https:\\\/\\\/www.eldiario.net\\\/portal\\\/#website\",\"url\":\"https:\\\/\\\/www.eldiario.net\\\/portal\\\/\",\"name\":\"El Diario - Decano de la prensa nacional\",\"description\":\"El Diario - Decano de la prensa nacional\",\"publisher\":{\"@id\":\"https:\\\/\\\/www.eldiario.net\\\/portal\\\/#organization\"},\"potentialAction\":[{\"@type\":\"SearchAction\",\"target\":{\"@type\":\"EntryPoint\",\"urlTemplate\":\"https:\\\/\\\/www.eldiario.net\\\/portal\\\/?s={search_term_string}\"},\"query-input\":{\"@type\":\"PropertyValueSpecification\",\"valueRequired\":true,\"valueName\":\"search_term_string\"}}],\"inLanguage\":\"es\"},{\"@type\":\"Organization\",\"@id\":\"https:\\\/\\\/www.eldiario.net\\\/portal\\\/#organization\",\"name\":\"El Diario - Decano de la prensa nacional\",\"url\":\"https:\\\/\\\/www.eldiario.net\\\/portal\\\/\",\"logo\":{\"@type\":\"ImageObject\",\"inLanguage\":\"es\",\"@id\":\"https:\\\/\\\/www.eldiario.net\\\/portal\\\/#\\\/schema\\\/logo\\\/image\\\/\",\"url\":\"https:\\\/\\\/www.eldiario.net\\\/portal\\\/wp-content\\\/uploads\\\/2023\\\/07\\\/logo_ED.jpg\",\"contentUrl\":\"https:\\\/\\\/www.eldiario.net\\\/portal\\\/wp-content\\\/uploads\\\/2023\\\/07\\\/logo_ED.jpg\",\"width\":272,\"height\":52,\"caption\":\"El Diario - Decano de la prensa nacional\"},\"image\":{\"@id\":\"https:\\\/\\\/www.eldiario.net\\\/portal\\\/#\\\/schema\\\/logo\\\/image\\\/\"},\"sameAs\":[\"https:\\\/\\\/www.facebook.com\\\/eldiario.bolivia\\\/\",\"https:\\\/\\\/x.com\\\/eldiario_net\"]},{\"@type\":\"Person\",\"@id\":\"https:\\\/\\\/www.eldiario.net\\\/portal\\\/#\\\/schema\\\/person\\\/f46445640444750d7d753ccd04ae01b7\",\"name\":\"Jeanette\",\"image\":{\"@type\":\"ImageObject\",\"inLanguage\":\"es\",\"@id\":\"https:\\\/\\\/secure.gravatar.com\\\/avatar\\\/3ea2118a5f7dad2b7138b1187a6b7ee55f160b9968b66013c3a3ef39dd7e5798?s=96&d=mm&r=g\",\"url\":\"https:\\\/\\\/secure.gravatar.com\\\/avatar\\\/3ea2118a5f7dad2b7138b1187a6b7ee55f160b9968b66013c3a3ef39dd7e5798?s=96&d=mm&r=g\",\"contentUrl\":\"https:\\\/\\\/secure.gravatar.com\\\/avatar\\\/3ea2118a5f7dad2b7138b1187a6b7ee55f160b9968b66013c3a3ef39dd7e5798?s=96&d=mm&r=g\",\"caption\":\"Jeanette\"},\"sameAs\":[\"https:\\\/\\\/www.eldiario.net\\\/portal\"],\"url\":\"https:\\\/\\\/www.eldiario.net\\\/portal\\\/author\\\/jeanette\\\/\"}]}<\/script>\n<!-- \/ Yoast SEO plugin. -->","yoast_head_json":{"title":"Alcaldesa Copa espera superar 33 % de inoculados en El Alto - El Diario - Bolivia","robots":{"index":"index","follow":"follow","max-snippet":"max-snippet:-1","max-image-preview":"max-image-preview:large","max-video-preview":"max-video-preview:-1"},"canonical":"https:\/\/www.eldiario.net\/portal\/2021\/08\/16\/alcaldesa-copa-espera-superar-33-de-inoculados-en-el-alto\/","og_locale":"es_ES","og_type":"article","og_title":"Alcaldesa Copa espera superar 33 % de inoculados en El Alto - El Diario - Bolivia","og_description":"La alcaldesa de la ciudad de El Alto, Eva Copa, indic\u00f3 que con los puntos de vacunaci\u00f3n masiva contra el covid-19, que se instal\u00f3 en esa urbe, se espera superar el 33 % de personas inoculadas con la primera dosis. Adem\u00e1s, la autoridad dijo que se continuar\u00e1 con la concientizaci\u00f3n en este tema. La autoridad [&hellip;]","og_url":"https:\/\/www.eldiario.net\/portal\/2021\/08\/16\/alcaldesa-copa-espera-superar-33-de-inoculados-en-el-alto\/","og_site_name":"El Diario - Bolivia","article_publisher":"https:\/\/www.facebook.com\/eldiario.bolivia\/","article_published_time":"2021-08-16T10:22:03+00:00","author":"Jeanette","twitter_card":"summary_large_image","twitter_creator":"@eldiario_net","twitter_site":"@eldiario_net","twitter_misc":{"Escrito por":"Jeanette","Tiempo de lectura":"2 minutos"},"schema":{"@context":"https:\/\/schema.org","@graph":[{"@type":"Article","@id":"https:\/\/www.eldiario.net\/portal\/2021\/08\/16\/alcaldesa-copa-espera-superar-33-de-inoculados-en-el-alto\/#article","isPartOf":{"@id":"https:\/\/www.eldiario.net\/portal\/2021\/08\/16\/alcaldesa-copa-espera-superar-33-de-inoculados-en-el-alto\/"},"author":{"name":"Jeanette","@id":"https:\/\/www.eldiario.net\/portal\/#\/schema\/person\/f46445640444750d7d753ccd04ae01b7"},"headline":"Alcaldesa Copa espera superar 33 % de inoculados en El Alto","datePublished":"2021-08-16T10:22:03+00:00","mainEntityOfPage":{"@id":"https:\/\/www.eldiario.net\/portal\/2021\/08\/16\/alcaldesa-copa-espera-superar-33-de-inoculados-en-el-alto\/"},"wordCount":460,"publisher":{"@id":"https:\/\/www.eldiario.net\/portal\/#organization"},"image":{"@id":"https:\/\/www.eldiario.net\/portal\/2021\/08\/16\/alcaldesa-copa-espera-superar-33-de-inoculados-en-el-alto\/#primaryimage"},"thumbnailUrl":"","articleSection":["Nacional"],"inLanguage":"es"},{"@type":"WebPage","@id":"https:\/\/www.eldiario.net\/portal\/2021\/08\/16\/alcaldesa-copa-espera-superar-33-de-inoculados-en-el-alto\/","url":"https:\/\/www.eldiario.net\/portal\/2021\/08\/16\/alcaldesa-copa-espera-superar-33-de-inoculados-en-el-alto\/","name":"Alcaldesa Copa espera superar 33 % de inoculados en El Alto - El Diario - Bolivia","isPartOf":{"@id":"https:\/\/www.eldiario.net\/portal\/#website"},"primaryImageOfPage":{"@id":"https:\/\/www.eldiario.net\/portal\/2021\/08\/16\/alcaldesa-copa-espera-superar-33-de-inoculados-en-el-alto\/#primaryimage"},"image":{"@id":"https:\/\/www.eldiario.net\/portal\/2021\/08\/16\/alcaldesa-copa-espera-superar-33-de-inoculados-en-el-alto\/#primaryimage"},"thumbnailUrl":"","datePublished":"2021-08-16T10:22:03+00:00","breadcrumb":{"@id":"https:\/\/www.eldiario.net\/portal\/2021\/08\/16\/alcaldesa-copa-espera-superar-33-de-inoculados-en-el-alto\/#breadcrumb"},"inLanguage":"es","potentialAction":[{"@type":"ReadAction","target":["https:\/\/www.eldiario.net\/portal\/2021\/08\/16\/alcaldesa-copa-espera-superar-33-de-inoculados-en-el-alto\/"]}]},{"@type":"ImageObject","inLanguage":"es","@id":"https:\/\/www.eldiario.net\/portal\/2021\/08\/16\/alcaldesa-copa-espera-superar-33-de-inoculados-en-el-alto\/#primaryimage","url":"","contentUrl":""},{"@type":"BreadcrumbList","@id":"https:\/\/www.eldiario.net\/portal\/2021\/08\/16\/alcaldesa-copa-espera-superar-33-de-inoculados-en-el-alto\/#breadcrumb","itemListElement":[{"@type":"ListItem","position":1,"name":"Portada","item":"https:\/\/www.eldiario.net\/portal\/"},{"@type":"ListItem","position":2,"name":"Alcaldesa Copa espera superar 33 % de inoculados en El Alto"}]},{"@type":"WebSite","@id":"https:\/\/www.eldiario.net\/portal\/#website","url":"https:\/\/www.eldiario.net\/portal\/","name":"El Diario - Decano de la prensa nacional","description":"El Diario - Decano de la prensa nacional","publisher":{"@id":"https:\/\/www.eldiario.net\/portal\/#organization"},"potentialAction":[{"@type":"SearchAction","target":{"@type":"EntryPoint","urlTemplate":"https:\/\/www.eldiario.net\/portal\/?s={search_term_string}"},"query-input":{"@type":"PropertyValueSpecification","valueRequired":true,"valueName":"search_term_string"}}],"inLanguage":"es"},{"@type":"Organization","@id":"https:\/\/www.eldiario.net\/portal\/#organization","name":"El Diario - Decano de la prensa nacional","url":"https:\/\/www.eldiario.net\/portal\/","logo":{"@type":"ImageObject","inLanguage":"es","@id":"https:\/\/www.eldiario.net\/portal\/#\/schema\/logo\/image\/","url":"https:\/\/www.eldiario.net\/portal\/wp-content\/uploads\/2023\/07\/logo_ED.jpg","contentUrl":"https:\/\/www.eldiario.net\/portal\/wp-content\/uploads\/2023\/07\/logo_ED.jpg","width":272,"height":52,"caption":"El Diario - Decano de la prensa nacional"},"image":{"@id":"https:\/\/www.eldiario.net\/portal\/#\/schema\/logo\/image\/"},"sameAs":["https:\/\/www.facebook.com\/eldiario.bolivia\/","https:\/\/x.com\/eldiario_net"]},{"@type":"Person","@id":"https:\/\/www.eldiario.net\/portal\/#\/schema\/person\/f46445640444750d7d753ccd04ae01b7","name":"Jeanette","image":{"@type":"ImageObject","inLanguage":"es","@id":"https:\/\/secure.gravatar.com\/avatar\/3ea2118a5f7dad2b7138b1187a6b7ee55f160b9968b66013c3a3ef39dd7e5798?s=96&d=mm&r=g","url":"https:\/\/secure.gravatar.com\/avatar\/3ea2118a5f7dad2b7138b1187a6b7ee55f160b9968b66013c3a3ef39dd7e5798?s=96&d=mm&r=g","contentUrl":"https:\/\/secure.gravatar.com\/avatar\/3ea2118a5f7dad2b7138b1187a6b7ee55f160b9968b66013c3a3ef39dd7e5798?s=96&d=mm&r=g","caption":"Jeanette"},"sameAs":["https:\/\/www.eldiario.net\/portal"],"url":"https:\/\/www.eldiario.net\/portal\/author\/jeanette\/"}]}},"_links":{"self":[{"href":"https:\/\/www.eldiario.net\/portal\/wp-json\/wp\/v2\/posts\/23806","targetHints":{"allow":["GET"]}}],"collection":[{"href":"https:\/\/www.eldiario.net\/portal\/wp-json\/wp\/v2\/posts"}],"about":[{"href":"https:\/\/www.eldiario.net\/portal\/wp-json\/wp\/v2\/types\/post"}],"author":[{"embeddable":true,"href":"https:\/\/www.eldiario.net\/portal\/wp-json\/wp\/v2\/users\/1"}],"replies":[{"embeddable":true,"href":"https:\/\/www.eldiario.net\/portal\/wp-json\/wp\/v2\/comments?post=23806"}],"version-history":[{"count":0,"href":"https:\/\/www.eldiario.net\/portal\/wp-json\/wp\/v2\/posts\/23806\/revisions"}],"wp:attachment":[{"href":"https:\/\/www.eldiario.net\/portal\/wp-json\/wp\/v2\/media?parent=23806"}],"wp:term":[{"taxonomy":"category","embeddable":true,"href":"https:\/\/www.eldiario.net\/portal\/wp-json\/wp\/v2\/categories?post=23806"},{"taxonomy":"post_tag","embeddable":true,"href":"https:\/\/www.eldiario.net\/portal\/wp-json\/wp\/v2\/tags?post=23806"}],"curies":[{"name":"wp","href":"https:\/\/api.w.org\/{rel}","templated":true}]}}