{"id":23800,"date":"2021-08-16T06:20:38","date_gmt":"2021-08-16T10:20:38","guid":{"rendered":"https:\/\/www.eldiario.net\/portal\/?p=23800"},"modified":"2021-08-16T06:20:38","modified_gmt":"2021-08-16T10:20:38","slug":"poa-2022-sera-consensuado-con-organizaciones-sociales","status":"publish","type":"post","link":"https:\/\/www.eldiario.net\/portal\/2021\/08\/16\/poa-2022-sera-consensuado-con-organizaciones-sociales\/","title":{"rendered":"POA 2022 ser\u00e1 consensuado con organizaciones sociales"},"content":{"rendered":"<p>El director de la Unidad de Atenci\u00f3n Ciudadana del Gobierno municipal de El Alto, Jos\u00e9 Camayo, asegur\u00f3 que el Plan Operativo Anual (POA), de la gesti\u00f3n 2022, ser\u00e1 consensuado en ampliados distritales y en presencia de las diferentes organizaciones sociales.<br \/>\nDe acuerdo con el encargado de este trabajo municipal, en favor de las diferentes zonas de los 14 distritos, ser\u00e1 el di\u00e1logo con los representantes de los m\u00e1s de 1.200 barrios para acordar que este beneficio econ\u00f3mico del POA vaya de acuerdo a las necesidades que tienen.<br \/>\n\u201cEn primera instancia se inform\u00f3 sobre la problem\u00e1tica deficitaria que nos dej\u00f3 la anterior gesti\u00f3n, ahora estamos buscando consensos para la aprobaci\u00f3n del POA 2022, que dicho sea de paso ya existe una solicitud de las organizaciones sociales para elaborar un nuevo cronograma de ampliados distritales y ah\u00ed se informar\u00e1 sobre esta tem\u00e1tica\u201d, declar\u00f3 Camayo.<br \/>\nDe la misma manera, todo este reordenamiento que se est\u00e1 efectuando en torno a este tema es con la participaci\u00f3n directa de la primera autoridad del municipio, la alcaldesa Eva Copa, con quien se tiene planificado acordar un cronograma de encuentros y de esta manera priorizar todo el trabajo preparado en este tema del POA 2022.<br \/>\nPara una segunda etapa, se tiene previsto que los ampliados distritales vuelvan a realizarse, ya que es un mecanismo de contacto directo entre las autoridades y la poblaci\u00f3n, \u201cestamos esperanzados que este tema de socializar (los proyectos) pueda abrir un nuevo m\u00e9todo de planificaci\u00f3n de la gesti\u00f3n Municipal\u201d, puntualiz\u00f3 el funcionario.<br \/>\nPara Camayo, encontrar consensos con la poblaci\u00f3n a veces es dif\u00edcil, debido a que existen muchas demandas que atender y recursos insuficientes para ese cometido, pero si se hace conocer a la poblaci\u00f3n cu\u00e1les son las limitaciones que se tiene para atender todas las necesidades, existe toda la amplitud de llegar a buenos acuerdos.<br \/>\nEn el momento, varios son los distritos que ya han solicitado que este tema del POA 2022, ya se pueda hacer conocer a la poblaci\u00f3n, debido a que existen muchas necesidades, que durante las pasadas gestiones municipales han sido olvidadas, adem\u00e1s mediante sus propias subalcald\u00edas se hizo muy poco en cuanto a infraestructura.<br \/>\n\u201cLa comprensi\u00f3n ser\u00e1 lo m\u00e1s importante que podamos lograr, porque sabemos que todos necesitamos obras en nuestras zonas, pero lo que se tiene que entender es que tambi\u00e9n existen prioridades y esas son las que vamos darle mayor importancia, en los 14 distritos\u201d, explic\u00f3 el director de atenci\u00f3n ciudadana del municipio Jos\u00e9 Camayo.<\/p>\n<p>&nbsp;<\/p>\n","protected":false},"excerpt":{"rendered":"<p>El director de la Unidad de Atenci\u00f3n Ciudadana del Gobierno municipal de El Alto, Jos\u00e9 Camayo, asegur\u00f3 que el Plan Operativo Anual (POA), de la gesti\u00f3n 2022, ser\u00e1 consensuado en ampliados distritales y en presencia de las diferentes organizaciones sociales. De acuerdo con el encargado de este trabajo municipal, en favor de las diferentes zonas [&hellip;]<\/p>\n","protected":false},"author":1,"featured_media":23801,"comment_status":"closed","ping_status":"closed","sticky":false,"template":"","format":"standard","meta":{"_acf_changed":false,"footnotes":""},"categories":[12],"tags":[],"class_list":["post-23800","post","type-post","status-publish","format-standard","has-post-thumbnail","category-nacional"],"acf":{"antetitulo":""},"yoast_head":"<!-- This site is optimized with the Yoast SEO plugin v28.4 - https:\/\/yoast.com\/product\/yoast-seo-wordpress\/ -->\n<title>POA 2022 ser\u00e1 consensuado con organizaciones sociales - El Diario - Bolivia<\/title>\n<meta name=\"robots\" content=\"index, follow, max-snippet:-1, max-image-preview:large, max-video-preview:-1\" \/>\n<link rel=\"canonical\" href=\"https:\/\/www.eldiario.net\/portal\/2021\/08\/16\/poa-2022-sera-consensuado-con-organizaciones-sociales\/\" \/>\n<meta property=\"og:locale\" content=\"es_ES\" \/>\n<meta property=\"og:type\" content=\"article\" \/>\n<meta property=\"og:title\" content=\"POA 2022 ser\u00e1 consensuado con organizaciones sociales - El Diario - Bolivia\" \/>\n<meta property=\"og:description\" content=\"El director de la Unidad de Atenci\u00f3n Ciudadana del Gobierno municipal de El Alto, Jos\u00e9 Camayo, asegur\u00f3 que el Plan Operativo Anual (POA), de la gesti\u00f3n 2022, ser\u00e1 consensuado en ampliados distritales y en presencia de las diferentes organizaciones sociales. De acuerdo con el encargado de este trabajo municipal, en favor de las diferentes zonas [&hellip;]\" \/>\n<meta property=\"og:url\" content=\"https:\/\/www.eldiario.net\/portal\/2021\/08\/16\/poa-2022-sera-consensuado-con-organizaciones-sociales\/\" \/>\n<meta property=\"og:site_name\" content=\"El Diario - Bolivia\" \/>\n<meta property=\"article:publisher\" content=\"https:\/\/www.facebook.com\/eldiario.bolivia\/\" \/>\n<meta property=\"article:published_time\" content=\"2021-08-16T10:20:38+00:00\" \/>\n<meta name=\"author\" content=\"Jeanette\" \/>\n<meta name=\"twitter:card\" content=\"summary_large_image\" \/>\n<meta name=\"twitter:creator\" content=\"@eldiario_net\" \/>\n<meta name=\"twitter:site\" content=\"@eldiario_net\" \/>\n<meta name=\"twitter:label1\" content=\"Escrito por\" \/>\n\t<meta name=\"twitter:data1\" content=\"Jeanette\" \/>\n\t<meta name=\"twitter:label2\" content=\"Tiempo de lectura\" \/>\n\t<meta name=\"twitter:data2\" content=\"2 minutos\" \/>\n<script type=\"application\/ld+json\" class=\"yoast-schema-graph\">{\"@context\":\"https:\\\/\\\/schema.org\",\"@graph\":[{\"@type\":\"Article\",\"@id\":\"https:\\\/\\\/www.eldiario.net\\\/portal\\\/2021\\\/08\\\/16\\\/poa-2022-sera-consensuado-con-organizaciones-sociales\\\/#article\",\"isPartOf\":{\"@id\":\"https:\\\/\\\/www.eldiario.net\\\/portal\\\/2021\\\/08\\\/16\\\/poa-2022-sera-consensuado-con-organizaciones-sociales\\\/\"},\"author\":{\"name\":\"Jeanette\",\"@id\":\"https:\\\/\\\/www.eldiario.net\\\/portal\\\/#\\\/schema\\\/person\\\/f46445640444750d7d753ccd04ae01b7\"},\"headline\":\"POA 2022 ser\u00e1 consensuado con organizaciones sociales\",\"datePublished\":\"2021-08-16T10:20:38+00:00\",\"mainEntityOfPage\":{\"@id\":\"https:\\\/\\\/www.eldiario.net\\\/portal\\\/2021\\\/08\\\/16\\\/poa-2022-sera-consensuado-con-organizaciones-sociales\\\/\"},\"wordCount\":434,\"publisher\":{\"@id\":\"https:\\\/\\\/www.eldiario.net\\\/portal\\\/#organization\"},\"image\":{\"@id\":\"https:\\\/\\\/www.eldiario.net\\\/portal\\\/2021\\\/08\\\/16\\\/poa-2022-sera-consensuado-con-organizaciones-sociales\\\/#primaryimage\"},\"thumbnailUrl\":\"\",\"articleSection\":[\"Nacional\"],\"inLanguage\":\"es\"},{\"@type\":\"WebPage\",\"@id\":\"https:\\\/\\\/www.eldiario.net\\\/portal\\\/2021\\\/08\\\/16\\\/poa-2022-sera-consensuado-con-organizaciones-sociales\\\/\",\"url\":\"https:\\\/\\\/www.eldiario.net\\\/portal\\\/2021\\\/08\\\/16\\\/poa-2022-sera-consensuado-con-organizaciones-sociales\\\/\",\"name\":\"POA 2022 ser\u00e1 consensuado con organizaciones sociales - El Diario - Bolivia\",\"isPartOf\":{\"@id\":\"https:\\\/\\\/www.eldiario.net\\\/portal\\\/#website\"},\"primaryImageOfPage\":{\"@id\":\"https:\\\/\\\/www.eldiario.net\\\/portal\\\/2021\\\/08\\\/16\\\/poa-2022-sera-consensuado-con-organizaciones-sociales\\\/#primaryimage\"},\"image\":{\"@id\":\"https:\\\/\\\/www.eldiario.net\\\/portal\\\/2021\\\/08\\\/16\\\/poa-2022-sera-consensuado-con-organizaciones-sociales\\\/#primaryimage\"},\"thumbnailUrl\":\"\",\"datePublished\":\"2021-08-16T10:20:38+00:00\",\"breadcrumb\":{\"@id\":\"https:\\\/\\\/www.eldiario.net\\\/portal\\\/2021\\\/08\\\/16\\\/poa-2022-sera-consensuado-con-organizaciones-sociales\\\/#breadcrumb\"},\"inLanguage\":\"es\",\"potentialAction\":[{\"@type\":\"ReadAction\",\"target\":[\"https:\\\/\\\/www.eldiario.net\\\/portal\\\/2021\\\/08\\\/16\\\/poa-2022-sera-consensuado-con-organizaciones-sociales\\\/\"]}]},{\"@type\":\"ImageObject\",\"inLanguage\":\"es\",\"@id\":\"https:\\\/\\\/www.eldiario.net\\\/portal\\\/2021\\\/08\\\/16\\\/poa-2022-sera-consensuado-con-organizaciones-sociales\\\/#primaryimage\",\"url\":\"\",\"contentUrl\":\"\"},{\"@type\":\"BreadcrumbList\",\"@id\":\"https:\\\/\\\/www.eldiario.net\\\/portal\\\/2021\\\/08\\\/16\\\/poa-2022-sera-consensuado-con-organizaciones-sociales\\\/#breadcrumb\",\"itemListElement\":[{\"@type\":\"ListItem\",\"position\":1,\"name\":\"Portada\",\"item\":\"https:\\\/\\\/www.eldiario.net\\\/portal\\\/\"},{\"@type\":\"ListItem\",\"position\":2,\"name\":\"POA 2022 ser\u00e1 consensuado con organizaciones sociales\"}]},{\"@type\":\"WebSite\",\"@id\":\"https:\\\/\\\/www.eldiario.net\\\/portal\\\/#website\",\"url\":\"https:\\\/\\\/www.eldiario.net\\\/portal\\\/\",\"name\":\"El Diario - Decano de la prensa nacional\",\"description\":\"El Diario - Decano de la prensa nacional\",\"publisher\":{\"@id\":\"https:\\\/\\\/www.eldiario.net\\\/portal\\\/#organization\"},\"potentialAction\":[{\"@type\":\"SearchAction\",\"target\":{\"@type\":\"EntryPoint\",\"urlTemplate\":\"https:\\\/\\\/www.eldiario.net\\\/portal\\\/?s={search_term_string}\"},\"query-input\":{\"@type\":\"PropertyValueSpecification\",\"valueRequired\":true,\"valueName\":\"search_term_string\"}}],\"inLanguage\":\"es\"},{\"@type\":\"Organization\",\"@id\":\"https:\\\/\\\/www.eldiario.net\\\/portal\\\/#organization\",\"name\":\"El Diario - Decano de la prensa nacional\",\"url\":\"https:\\\/\\\/www.eldiario.net\\\/portal\\\/\",\"logo\":{\"@type\":\"ImageObject\",\"inLanguage\":\"es\",\"@id\":\"https:\\\/\\\/www.eldiario.net\\\/portal\\\/#\\\/schema\\\/logo\\\/image\\\/\",\"url\":\"https:\\\/\\\/www.eldiario.net\\\/portal\\\/wp-content\\\/uploads\\\/2023\\\/07\\\/logo_ED.jpg\",\"contentUrl\":\"https:\\\/\\\/www.eldiario.net\\\/portal\\\/wp-content\\\/uploads\\\/2023\\\/07\\\/logo_ED.jpg\",\"width\":272,\"height\":52,\"caption\":\"El Diario - Decano de la prensa nacional\"},\"image\":{\"@id\":\"https:\\\/\\\/www.eldiario.net\\\/portal\\\/#\\\/schema\\\/logo\\\/image\\\/\"},\"sameAs\":[\"https:\\\/\\\/www.facebook.com\\\/eldiario.bolivia\\\/\",\"https:\\\/\\\/x.com\\\/eldiario_net\"]},{\"@type\":\"Person\",\"@id\":\"https:\\\/\\\/www.eldiario.net\\\/portal\\\/#\\\/schema\\\/person\\\/f46445640444750d7d753ccd04ae01b7\",\"name\":\"Jeanette\",\"image\":{\"@type\":\"ImageObject\",\"inLanguage\":\"es\",\"@id\":\"https:\\\/\\\/secure.gravatar.com\\\/avatar\\\/3ea2118a5f7dad2b7138b1187a6b7ee55f160b9968b66013c3a3ef39dd7e5798?s=96&d=mm&r=g\",\"url\":\"https:\\\/\\\/secure.gravatar.com\\\/avatar\\\/3ea2118a5f7dad2b7138b1187a6b7ee55f160b9968b66013c3a3ef39dd7e5798?s=96&d=mm&r=g\",\"contentUrl\":\"https:\\\/\\\/secure.gravatar.com\\\/avatar\\\/3ea2118a5f7dad2b7138b1187a6b7ee55f160b9968b66013c3a3ef39dd7e5798?s=96&d=mm&r=g\",\"caption\":\"Jeanette\"},\"sameAs\":[\"https:\\\/\\\/www.eldiario.net\\\/portal\"],\"url\":\"https:\\\/\\\/www.eldiario.net\\\/portal\\\/author\\\/jeanette\\\/\"}]}<\/script>\n<!-- \/ Yoast SEO plugin. -->","yoast_head_json":{"title":"POA 2022 ser\u00e1 consensuado con organizaciones sociales - El Diario - Bolivia","robots":{"index":"index","follow":"follow","max-snippet":"max-snippet:-1","max-image-preview":"max-image-preview:large","max-video-preview":"max-video-preview:-1"},"canonical":"https:\/\/www.eldiario.net\/portal\/2021\/08\/16\/poa-2022-sera-consensuado-con-organizaciones-sociales\/","og_locale":"es_ES","og_type":"article","og_title":"POA 2022 ser\u00e1 consensuado con organizaciones sociales - El Diario - Bolivia","og_description":"El director de la Unidad de Atenci\u00f3n Ciudadana del Gobierno municipal de El Alto, Jos\u00e9 Camayo, asegur\u00f3 que el Plan Operativo Anual (POA), de la gesti\u00f3n 2022, ser\u00e1 consensuado en ampliados distritales y en presencia de las diferentes organizaciones sociales. De acuerdo con el encargado de este trabajo municipal, en favor de las diferentes zonas [&hellip;]","og_url":"https:\/\/www.eldiario.net\/portal\/2021\/08\/16\/poa-2022-sera-consensuado-con-organizaciones-sociales\/","og_site_name":"El Diario - Bolivia","article_publisher":"https:\/\/www.facebook.com\/eldiario.bolivia\/","article_published_time":"2021-08-16T10:20:38+00:00","author":"Jeanette","twitter_card":"summary_large_image","twitter_creator":"@eldiario_net","twitter_site":"@eldiario_net","twitter_misc":{"Escrito por":"Jeanette","Tiempo de lectura":"2 minutos"},"schema":{"@context":"https:\/\/schema.org","@graph":[{"@type":"Article","@id":"https:\/\/www.eldiario.net\/portal\/2021\/08\/16\/poa-2022-sera-consensuado-con-organizaciones-sociales\/#article","isPartOf":{"@id":"https:\/\/www.eldiario.net\/portal\/2021\/08\/16\/poa-2022-sera-consensuado-con-organizaciones-sociales\/"},"author":{"name":"Jeanette","@id":"https:\/\/www.eldiario.net\/portal\/#\/schema\/person\/f46445640444750d7d753ccd04ae01b7"},"headline":"POA 2022 ser\u00e1 consensuado con organizaciones sociales","datePublished":"2021-08-16T10:20:38+00:00","mainEntityOfPage":{"@id":"https:\/\/www.eldiario.net\/portal\/2021\/08\/16\/poa-2022-sera-consensuado-con-organizaciones-sociales\/"},"wordCount":434,"publisher":{"@id":"https:\/\/www.eldiario.net\/portal\/#organization"},"image":{"@id":"https:\/\/www.eldiario.net\/portal\/2021\/08\/16\/poa-2022-sera-consensuado-con-organizaciones-sociales\/#primaryimage"},"thumbnailUrl":"","articleSection":["Nacional"],"inLanguage":"es"},{"@type":"WebPage","@id":"https:\/\/www.eldiario.net\/portal\/2021\/08\/16\/poa-2022-sera-consensuado-con-organizaciones-sociales\/","url":"https:\/\/www.eldiario.net\/portal\/2021\/08\/16\/poa-2022-sera-consensuado-con-organizaciones-sociales\/","name":"POA 2022 ser\u00e1 consensuado con organizaciones sociales - El Diario - Bolivia","isPartOf":{"@id":"https:\/\/www.eldiario.net\/portal\/#website"},"primaryImageOfPage":{"@id":"https:\/\/www.eldiario.net\/portal\/2021\/08\/16\/poa-2022-sera-consensuado-con-organizaciones-sociales\/#primaryimage"},"image":{"@id":"https:\/\/www.eldiario.net\/portal\/2021\/08\/16\/poa-2022-sera-consensuado-con-organizaciones-sociales\/#primaryimage"},"thumbnailUrl":"","datePublished":"2021-08-16T10:20:38+00:00","breadcrumb":{"@id":"https:\/\/www.eldiario.net\/portal\/2021\/08\/16\/poa-2022-sera-consensuado-con-organizaciones-sociales\/#breadcrumb"},"inLanguage":"es","potentialAction":[{"@type":"ReadAction","target":["https:\/\/www.eldiario.net\/portal\/2021\/08\/16\/poa-2022-sera-consensuado-con-organizaciones-sociales\/"]}]},{"@type":"ImageObject","inLanguage":"es","@id":"https:\/\/www.eldiario.net\/portal\/2021\/08\/16\/poa-2022-sera-consensuado-con-organizaciones-sociales\/#primaryimage","url":"","contentUrl":""},{"@type":"BreadcrumbList","@id":"https:\/\/www.eldiario.net\/portal\/2021\/08\/16\/poa-2022-sera-consensuado-con-organizaciones-sociales\/#breadcrumb","itemListElement":[{"@type":"ListItem","position":1,"name":"Portada","item":"https:\/\/www.eldiario.net\/portal\/"},{"@type":"ListItem","position":2,"name":"POA 2022 ser\u00e1 consensuado con organizaciones sociales"}]},{"@type":"WebSite","@id":"https:\/\/www.eldiario.net\/portal\/#website","url":"https:\/\/www.eldiario.net\/portal\/","name":"El Diario - Decano de la prensa nacional","description":"El Diario - Decano de la prensa nacional","publisher":{"@id":"https:\/\/www.eldiario.net\/portal\/#organization"},"potentialAction":[{"@type":"SearchAction","target":{"@type":"EntryPoint","urlTemplate":"https:\/\/www.eldiario.net\/portal\/?s={search_term_string}"},"query-input":{"@type":"PropertyValueSpecification","valueRequired":true,"valueName":"search_term_string"}}],"inLanguage":"es"},{"@type":"Organization","@id":"https:\/\/www.eldiario.net\/portal\/#organization","name":"El Diario - Decano de la prensa nacional","url":"https:\/\/www.eldiario.net\/portal\/","logo":{"@type":"ImageObject","inLanguage":"es","@id":"https:\/\/www.eldiario.net\/portal\/#\/schema\/logo\/image\/","url":"https:\/\/www.eldiario.net\/portal\/wp-content\/uploads\/2023\/07\/logo_ED.jpg","contentUrl":"https:\/\/www.eldiario.net\/portal\/wp-content\/uploads\/2023\/07\/logo_ED.jpg","width":272,"height":52,"caption":"El Diario - Decano de la prensa nacional"},"image":{"@id":"https:\/\/www.eldiario.net\/portal\/#\/schema\/logo\/image\/"},"sameAs":["https:\/\/www.facebook.com\/eldiario.bolivia\/","https:\/\/x.com\/eldiario_net"]},{"@type":"Person","@id":"https:\/\/www.eldiario.net\/portal\/#\/schema\/person\/f46445640444750d7d753ccd04ae01b7","name":"Jeanette","image":{"@type":"ImageObject","inLanguage":"es","@id":"https:\/\/secure.gravatar.com\/avatar\/3ea2118a5f7dad2b7138b1187a6b7ee55f160b9968b66013c3a3ef39dd7e5798?s=96&d=mm&r=g","url":"https:\/\/secure.gravatar.com\/avatar\/3ea2118a5f7dad2b7138b1187a6b7ee55f160b9968b66013c3a3ef39dd7e5798?s=96&d=mm&r=g","contentUrl":"https:\/\/secure.gravatar.com\/avatar\/3ea2118a5f7dad2b7138b1187a6b7ee55f160b9968b66013c3a3ef39dd7e5798?s=96&d=mm&r=g","caption":"Jeanette"},"sameAs":["https:\/\/www.eldiario.net\/portal"],"url":"https:\/\/www.eldiario.net\/portal\/author\/jeanette\/"}]}},"_links":{"self":[{"href":"https:\/\/www.eldiario.net\/portal\/wp-json\/wp\/v2\/posts\/23800","targetHints":{"allow":["GET"]}}],"collection":[{"href":"https:\/\/www.eldiario.net\/portal\/wp-json\/wp\/v2\/posts"}],"about":[{"href":"https:\/\/www.eldiario.net\/portal\/wp-json\/wp\/v2\/types\/post"}],"author":[{"embeddable":true,"href":"https:\/\/www.eldiario.net\/portal\/wp-json\/wp\/v2\/users\/1"}],"replies":[{"embeddable":true,"href":"https:\/\/www.eldiario.net\/portal\/wp-json\/wp\/v2\/comments?post=23800"}],"version-history":[{"count":0,"href":"https:\/\/www.eldiario.net\/portal\/wp-json\/wp\/v2\/posts\/23800\/revisions"}],"wp:attachment":[{"href":"https:\/\/www.eldiario.net\/portal\/wp-json\/wp\/v2\/media?parent=23800"}],"wp:term":[{"taxonomy":"category","embeddable":true,"href":"https:\/\/www.eldiario.net\/portal\/wp-json\/wp\/v2\/categories?post=23800"},{"taxonomy":"post_tag","embeddable":true,"href":"https:\/\/www.eldiario.net\/portal\/wp-json\/wp\/v2\/tags?post=23800"}],"curies":[{"name":"wp","href":"https:\/\/api.w.org\/{rel}","templated":true}]}}