{"id":23792,"date":"2021-08-16T06:19:36","date_gmt":"2021-08-16T10:19:36","guid":{"rendered":"https:\/\/www.eldiario.net\/portal\/?p=23792"},"modified":"2021-08-16T06:19:36","modified_gmt":"2021-08-16T10:19:36","slug":"corrupcion-el-mal-que-crecio-en-carceles-con-el-coronavirus","status":"publish","type":"post","link":"https:\/\/www.eldiario.net\/portal\/2021\/08\/16\/corrupcion-el-mal-que-crecio-en-carceles-con-el-coronavirus\/","title":{"rendered":"Corrupci\u00f3n, el mal que creci\u00f3 en c\u00e1rceles con el coronavirus"},"content":{"rendered":"<p>\u201cMuchas cosas cambiaron en la c\u00e1rcel durante la pandemia, menos la corrupci\u00f3n\u201d, sostiene Sandro, interno de una de las secciones del penal de San Pedro de La Paz, el segundo recinto con mayor poblaci\u00f3n del pa\u00eds. En 17 meses de emergencia sanitaria, que desnud\u00f3 la calamidad del sistema carcelario nacional, Sandro ha experimentado mucho miedo, hambre y desasosiego.<br \/>\nDurante la primera ola del nuevo coronavirus (covid-19), en 2020, que dej\u00f3 m\u00e1s de 50 muertos en la poblaci\u00f3n penitenciaria del pa\u00eds, el temor a la muerte cund\u00eda. Aunque los abusos con cobro de celdas y extorsi\u00f3n a nuevos internos pararon por un corto tiempo, las prohibiciones por la pandemia se convirtieron en una gran oportunidad para quienes cuidan la puerta.<br \/>\nLos internos reconocen que la c\u00e1rcel ya no es como antes de 2018, cuando grupos de reclusos con sentencias de 30 a\u00f1os, junto a los delegados, secuestraban y extorsionaban de forma abierta a los reci\u00e9n llegados. Tambi\u00e9n ven una mejora parcial en la alimentaci\u00f3n y en la atenci\u00f3n en salud, principalmente por el tema de la covid-19, aunque advierten insuficiencia de personal y medicamentos. Pero lo que se afianz\u00f3, aseguran, fue la corrupci\u00f3n.<br \/>\nANF entrevist\u00f3 a internos de cinco secciones del penal de San Pedro \u2013de los que se cambi\u00f3 el nombre para proteger su privacidad y seguridad\u2013, al Director Nacional de R\u00e9gimen Penitenciario y realiz\u00f3 una revisi\u00f3n del Censo Carcelario 2019 para evidenciar que los cobros ilegales y las extorsiones contin\u00faan y en estos actos il\u00edcitos se encuentran implicados delegados de los internos, polic\u00edas y funcionarios del R\u00e9gimen Penitenciario.<br \/>\n\u201cRespecto al trabajo de la privaci\u00f3n de libertad, la corrupci\u00f3n se da en niveles de los centros penitenciarios y le aseguro que no llega al nivel de la direcci\u00f3n general, pero hay corrupci\u00f3n, eso no se niega\u201d, admiti\u00f3 Juan Carlos Limpias, director nacional de R\u00e9gimen Penitenciario, en entrevista con radio Deseo.<br \/>\nPese a los esfuerzos de la nueva gesti\u00f3n penitenciaria por tener mayor presencia del Estado en las c\u00e1rceles, para controlar los abusos y cobros, esta sigue siendo nominal. El control policial se centra principalmente en las puertas de acceso a los recintos penitenciarios para evitar el ingreso de droga, alcohol y suministros y art\u00edculos no permitidos.<br \/>\nLas restricciones que ha impuesto la emergencia sanitaria por el coronavirus han significado una gran oportunidad para los carceleros que, quebrantando la ley, han monetizado cada una de las prohibiciones. \u201cLos polic\u00edas son los m\u00e1s beneficiados con la pandemia\u201d, dicen los internos.<br \/>\nEn los d\u00edas de encapsulamiento, en la c\u00e1rcel de San Pedro, cuando estaba prohibido el ingreso de visitas, los polic\u00edas cobraban 50 bolivianos y a quien se quedaba a pernoctar, 200 bolivianos.<br \/>\nCuando se fue flexibilizando y se permit\u00eda el ingreso de visitas por n\u00famero de carnet de identidad, los polic\u00edas dejaban entrar a quienes no les correspond\u00eda cobrando entre 30 y 50 bolivianos a las secciones Posta, Chonchocorito y Grulla. Visita que no contaba con traje de bioseguridad pagaba 20 bolivianos extras.<br \/>\nIncluso el ingreso de medicamentos, que por la pandemia se hab\u00eda flexibilizado, ten\u00eda costo. Polic\u00edas cobraban por entrega fuera del horario de visita hasta 50 bolivianos.<br \/>\nTodo esto se sum\u00f3 a los ya acostumbrados cobros: por ingresar una radio peque\u00f1a 50 bolivianos; cuchillos, 20; celulares de 50 a 200 bolivianos, dependiendo la gama; y por el ingreso de jugos, refrescos, l\u00e1cteos, frutas, enlatados, entre otros, considerados supuestamente prohibidos, 10 bolivianos por botella.<br \/>\nHasta cuando el interno consigue su libertad y con orden judicial en mano pide salir, el polic\u00eda de turno le exige 100 bolivianos, y si no tiene lo gestiona con los familiares. Si no paga, no sale ese d\u00eda, pero s\u00ed alg\u00fan d\u00eda, seg\u00fan las denuncias se\u00f1aladas por los los internos y otras ya conocidas con anterioridad.<br \/>\nMuchos de estos hechos fueron reconocidos por el propio director nacional de R\u00e9gimen Penitenciario; visitas clandestinas en d\u00edas y horarios no permitidos, que se han dado con aquiescencia de personal policial y civil \u201cque lastimosamente se han prestado a este tipo de situaciones, las cuales hemos censurado y sancionado en su momento\u201d.<br \/>\n\u201cEl caso de los polic\u00edas cu\u00e1ndo acabar\u00e1, va a seguir por los siglos de los siglos si este recinto contin\u00faa\u201d, dice Ra\u00fal, ahora exinterno de Chonchocorito.<br \/>\nAnte estos abusos, los familiares de los internos se quejaron. Una ma\u00f1ana, cuenta Ra\u00fal, vino a la secci\u00f3n el mayor, a decir que las visitas ya no ingresar\u00edan ni pagando porque llegaron muchas quejas al coronel Jos\u00e9 Luis Morales del Castillo, gobernador del penal. Sin embargo, al otro d\u00eda, el ingreso de visitas, mediante cobro, sigui\u00f3.<br \/>\nMario, de Palmar, afirma que los polic\u00edas est\u00e1n mal acostumbrados a cobrar de todo. Siente que en parte los internos tienen la culpa que por evitar problemas siempre accedan a sus pedidos. Incluso a los que tienen tarjeta de autorizaci\u00f3n para ingresar insumos al penal, son v\u00edctimas de los cobros de los polic\u00edas, en dinero o en especie. \u201cPiden pollo, bebidas, cr\u00e9dito para llamada telef\u00f3nica, etc.\u201d, dice.<br \/>\nLos internos se han convertido en una fuente de recursos para algunos funcionarios policiales, que buscan todas las maneras de sancionar al privado de libertad, incluso mediante \u201cmedidas tramposas\u201d, para sacarle dinero.<br \/>\nMarco, de la secci\u00f3n San Mart\u00edn, dice que, para el conteo de internos, el polic\u00eda llega minutos antes y cierra la puerta de ingreso a la secci\u00f3n junto a los disciplinas, que son internos dedicados a la seguridad. Los privados de libertad que no fueron contados son llevados a Muralla, por 48 horas, como castigo. El polic\u00eda da al interno la opci\u00f3n de evitar la sanci\u00f3n con un pago de 50 bolivianos y \u201csi no tienes plata, incluso ofrece que el pago sea a cr\u00e9dito\u201d.<br \/>\nEn otros casos, se\u00f1ala, los polic\u00edas intervienen la celda donde est\u00e1n bebiendo alcohol y los lleva a Muralla. Les pide hasta 600 bolivianos para salir, sino los amenaza con un mes en Muralla y un informe negativo sobre sus casos. Los internos se\u00f1alan que estos abusos son cometidos principalmente por los sargentos Villca y Huanca, que trabajan hace varios a\u00f1os en este penal, a quienes califican de \u201cdemasiado abusivos\u201d.<br \/>\nTambi\u00e9n el ingreso de droga y alcohol, permitido por un turno policial, es visto como una oportunidad por los efectivos de un nuevo turno, que \u201cdirectamente va a la celda del recluso, no para decomisarle la mercanc\u00eda ilegal, sino para exigir dinero, y ah\u00ed el pago es mayor, hasta 4.000 bolivianos\u201d.<br \/>\n\u201cEs un c\u00edrculo vicioso de corrupci\u00f3n que han creado los polic\u00edas\u201d para sacar dinero, afirma Ra\u00fal.<br \/>\nEl director de R\u00e9gimen Penitenciario dijo en la entrevista a este medio que su gesti\u00f3n y el actual gobierno est\u00e1n en la tarea de eliminar todo tipo de abusos de parte de funcionarios policiales o del equipo multidisciplinario.<br \/>\nEn septiembre de 2019 se conoci\u00f3 que al menos 30 polic\u00edas que controlaban c\u00e1rceles fueron apartados y procesados por la v\u00eda penal y administrativa por hechos de corrupci\u00f3n y faltas disciplinarias.<br \/>\nPor la misma fecha, funcionarios del equipo multidisciplinario de la c\u00e1rcel de San Pedro -profesionales en medicina, psicolog\u00eda, educaci\u00f3n y leyes-, fueron cesados en sus funciones por realizar cobros irregulares y extorsiones. Incluso la trabajadora social, quien ten\u00eda amor\u00edos con un delegado de la secci\u00f3n Cancha, fue cesada.<br \/>\nEl mismo a\u00f1o, meses antes, el director nacional de R\u00e9gimen Penitenciario, Jorge L\u00f3pez, fue removido de su cargo, tras conocerse denuncias sobre la venta de celdas en la secci\u00f3n Posta del penal de San Pedro, que \u00e9l siempre neg\u00f3. Las destituciones y procesos daban una se\u00f1al de parte del Gobierno, en muchos a\u00f1os, de que hab\u00eda inter\u00e9s en mejorar la precaria estad\u00eda de los internos en las c\u00e1rceles.<br \/>\nPero el cobro por celdas contin\u00faa. Por ejemplo, en Chonchocorito, los delegados cobran 10 bolivianos al mes por el alquiler de un espacio com\u00fan en el que duermen hasta 50 internos. En Palmar y San Mart\u00edn el alquiler de una celda individual precaria en promedio cuesta 350 bolivianos. Los due\u00f1os del penal siguen cobrando por los espacios.<br \/>\nLimpias dice que esta pol\u00edtica de corrupci\u00f3n fue heredada de hace unos 30 a\u00f1os, cuando hab\u00eda total ausencia del Estado en las c\u00e1rceles y est\u00e1 siendo abordada para hacer entender a los internos que todo lo que est\u00e1 dentro del penal es propiedad del Estado.<\/p>\n<p>FRENTE A LA CORRUPCI\u00d3N INSTITUCIONALIZADA<br \/>\nA esta econom\u00eda ilegal, de la oportunidad, se suman los cobros a los internos nuevos -con detenci\u00f3n preventiva- mediante m\u00e9todos violentos. La ausencia del Estado en las c\u00e1rceles, que ha dejado bajo responsabilidad de los internos el mantenimiento de los recintos, como ocurre en San Pedro, hace que deban conseguir recursos bajo una estructura que lamentablemente m\u00e1s favorece a los celadores, dice Mart\u00edn.<br \/>\nCuando un nuevo interno llega al penal, recibe la advertencia de los delegados y los polic\u00edas: \u201cSi cumples con todo lo que se te ordena, todo estar\u00e1 bien, pero si no haces caso, te ir\u00e1 mal\u201d.<br \/>\nLos delegados de cada una de las nueve secciones tienen acordado cobrar a cada interno que ingresa 2.500 bolivianos, a los casos especiales \u2013violaci\u00f3n, feminicidio y otros- 5.000 bolivianos, dinero que se dice es para cubrir las necesidades de la secci\u00f3n, pero no todo el dinero va en beneficio de los internos, la mayor parte va en favor de un sistema de corrupci\u00f3n muy bien estructurado.<br \/>\nLos internos tienen que pagar, as\u00ed no tengan, y el proceso para conseguir el compromiso de pago es violento. \u201cHasta hace unos meses era con golpizas en el cuerpo, excepto en la cara\u201d, dice Javier, pero \u201chubo denuncias hacia el coronel y a R\u00e9gimen sobre estos cobros, pero como ambos reciben dinero de cada secci\u00f3n, solo dijeron: \u2018cuidado se les pase la mano\u2019\u201d. (ANF)<\/p>\n<div id='gallery-1' class='gallery galleryid-23792 gallery-columns-3 gallery-size-medium'><figure class='gallery-item'>\n\t\t\t<div class='gallery-icon portrait'>\n\t\t\t\t<a href='https:\/\/www.eldiario.net\/portal\/wp-content\/uploads\/2021\/08\/G-2.jpg'><img loading=\"lazy\" decoding=\"async\" width=\"210\" height=\"300\" src=\"https:\/\/www.eldiario.net\/portal\/wp-content\/uploads\/2021\/08\/G-2-210x300.jpg\" class=\"attachment-medium size-medium\" alt=\"\" aria-describedby=\"gallery-1-23795\" srcset=\"https:\/\/www.eldiario.net\/portal\/wp-content\/uploads\/2021\/08\/G-2-210x300.jpg 210w, https:\/\/www.eldiario.net\/portal\/wp-content\/uploads\/2021\/08\/G-2-718x1024.jpg 718w, https:\/\/www.eldiario.net\/portal\/wp-content\/uploads\/2021\/08\/G-2-768x1095.jpg 768w, https:\/\/www.eldiario.net\/portal\/wp-content\/uploads\/2021\/08\/G-2-696x992.jpg 696w, https:\/\/www.eldiario.net\/portal\/wp-content\/uploads\/2021\/08\/G-2.jpg 898w\" sizes=\"auto, (max-width: 210px) 100vw, 210px\" \/><\/a>\n\t\t\t<\/div>\n\t\t\t\t<figcaption class='wp-caption-text gallery-caption' id='gallery-1-23795'>\n\t\t\t\tGR\u00c1FICOS ANF\n\t\t\t\t<\/figcaption><\/figure><figure class='gallery-item'>\n\t\t\t<div class='gallery-icon landscape'>\n\t\t\t\t<a href='https:\/\/www.eldiario.net\/portal\/wp-content\/uploads\/2021\/08\/PEDRO-1.jpg'><img loading=\"lazy\" decoding=\"async\" width=\"300\" height=\"138\" src=\"https:\/\/www.eldiario.net\/portal\/wp-content\/uploads\/2021\/08\/PEDRO-1-300x138.jpg\" class=\"attachment-medium size-medium\" alt=\"\" aria-describedby=\"gallery-1-23797\" srcset=\"https:\/\/www.eldiario.net\/portal\/wp-content\/uploads\/2021\/08\/PEDRO-1-300x138.jpg 300w, https:\/\/www.eldiario.net\/portal\/wp-content\/uploads\/2021\/08\/PEDRO-1-1024x469.jpg 1024w, https:\/\/www.eldiario.net\/portal\/wp-content\/uploads\/2021\/08\/PEDRO-1-768x352.jpg 768w, https:\/\/www.eldiario.net\/portal\/wp-content\/uploads\/2021\/08\/PEDRO-1-696x319.jpg 696w, https:\/\/www.eldiario.net\/portal\/wp-content\/uploads\/2021\/08\/PEDRO-1-1068x490.jpg 1068w, https:\/\/www.eldiario.net\/portal\/wp-content\/uploads\/2021\/08\/PEDRO-1.jpg 1080w\" sizes=\"auto, (max-width: 300px) 100vw, 300px\" \/><\/a>\n\t\t\t<\/div>\n\t\t\t\t<figcaption class='wp-caption-text gallery-caption' id='gallery-1-23797'>\n\t\t\t\t INFOGRAF\u00cdA ANF\n\t\t\t\t<\/figcaption><\/figure>\n\t\t<\/div>\n\n<p>&nbsp;<\/p>\n<p>&nbsp;<\/p>\n<p>&nbsp;<\/p>\n<p>&nbsp;<\/p>\n<p>&nbsp;<\/p>\n<p>&nbsp;<\/p>\n<p>&nbsp;<\/p>\n<p>&nbsp;<\/p>\n<p>&nbsp;<\/p>\n<p>&nbsp;<\/p>\n<p>Tras la denuncia por estos hechos a entidades de derechos humanos, que llegaron hasta el coronel, \u00e9ste dijo: \u201cCero golpes, solo se presionar\u00e1 llamando a sus familiares\u201d, seg\u00fan recuerda Javier.<br \/>\nDesde el 2017, dice Limpias, \u201cel hecho de haber sacado a los ni\u00f1os que viv\u00edan en los centros penitenciarios de varones, de haber desbaratado grupos de poder como el famoso V\u00edctor Hugo Escobar, alias el OTI, en Santa Cruz, desarticular grupos en El Abra, desarticular grupos en San Pedro, con V\u00edctor Hugo Mendoza, creo que ha sido un inicio importante\u201d.<\/p>\n<p>\u00bfCON CU\u00c1NTO SE QUEDAN LOS INTERNOS?<br \/>\nEn Chonchocorito, por el cobro de cada interno nuevo, de los 2.000 bolivianos, la secci\u00f3n solo se queda con 500, el resto se distribuye entre los delgados, polic\u00edas y personal penitenciario, que avalan la extorsi\u00f3n violenta a los nuevos presos.<br \/>\n\u201cEl cobro del dinero solo se justifica para el mantenimiento del penal, y ese dinero de los internos, debe ir solo a los internos\u201d, reclama Sandro.<br \/>\nPor la ausencia del Estado, con parte del cobro a los nuevos, los internos cubren el pago de insumos, arreglo de duchas, refacciones, compra de art\u00edculos de mantenimiento, utensilios de cocina, insumos de limpieza como lavandina, aromatizantes, detergente, lavavajillas, pago de televisi\u00f3n por cable, entre otros.<br \/>\nSi el Estado diera suficientes recursos y un lugar donde dormir para el interno, con una cama y un colch\u00f3n, implementos de aseo personal y otros, como manda la ley, los internos no recurrir\u00edan a los cobros coactivos, se\u00f1ala Sandro. \u201cLo que pasa actualmente con estos cobros es que ya es un vicio del coronel, de los polic\u00edas y de los delegados\u201d, se\u00f1ala Javier.<br \/>\nCon el cobro de esos ingresos se paga al Coronel, al Mayor, a los tenientes, suboficiales y hasta al polic\u00eda que registra el carnet cuando ingresan las visitas, que recibe 50 bolivianos por cada nuevo. El teniente recibe 200 bolivianos, de acuerdo a las denuncias.<br \/>\nEste pago a la Polic\u00eda, desde el gobernador hasta los funcionarios que est\u00e1n al ingreso del penal, representa un \u201cpacto de convivencia\u201d, mediante el cual la m\u00e1xima autoridad se hace \u201cde la vista gorda\u201d frente al contrabando de alcohol, drogas, celulares, televisi\u00f3n por cable, entre otros, el tipo de consuelos que pueden hacer tolerable la vida en prisi\u00f3n.<br \/>\nA pesar de este acuerdo, hay polic\u00edas que no pierden la oportunidad de aprovechar cobros, cuenta Javier.<br \/>\nAdem\u00e1s, indica Ra\u00fal, existen los \u201cgastos por apadrinamiento\u201d que consideran los internos para apoyar a otras secciones: refacci\u00f3n de una plaza, a adultos mayores, para jugadores de futbol en campeonatos. Y aqu\u00ed los polic\u00edas tambi\u00e9n participan; piden a los internos apadrinar la compra de sus uniformes y hasta para sus festejos. Los delegados, por llevar la fiesta en paz y mantener ciertos favores, acceden a usar el dinero de los internos.<br \/>\n\u201cViene el encargado de Seguridad de los polic\u00edas y dice: \u2018necesito colaboraci\u00f3n para los uniformes de mis escoltas y encargados de las puertas\u2019, nos recuerda que son ellos quienes nos llevan a las audiencias, a los hospitales y a otros lugares, pero igual cuando nos llevan nos cobran para el taxi y hasta para hacerles comer\u201d, lamenta Ra\u00fal.<br \/>\nEn una ocasi\u00f3n, \u201cvino el suboficial de apellido Llusco y pidi\u00f3 el apadrinamiento de 30 pollos para su personal por el d\u00eda del Padre\u201d, recuerda.<br \/>\nTodas estas irregularidades ya institucionalizadas, que recaen principalmente sobre los detenidos preventivos, no es denunciada debido a que consideran no hay garant\u00edas dentro del penal. \u201cSi lo haces te trasladan o te llevan a un lugar de castigo acusado de incitaci\u00f3n\u201d, dice Sandro.<br \/>\nR\u00e9gimen Penitenciario abri\u00f3 espacios de denuncias, no solamente de parte los privados de libertad, sino tambi\u00e9n por las familias. Hizo p\u00fablica la l\u00ednea de WhatsApp 76746428 con el objetivo de recibir denuncias sobre presuntos de abusos, extorsiones y hechos irregulares. No obstante, los internos dicen que desconocen esta acci\u00f3n.<br \/>\nLa Direcci\u00f3n Nacional de R\u00e9gimen Penitenciario coordina con instituciones como la Defensor\u00eda del Pueblo, el Sepret (Servicio para la prevenci\u00f3n de la Tortura) y el Alto Comisionado para que en sus visitas que realizan a los penales \u201cpuedan darnos una retroalimentaci\u00f3n y corregir estas viejas praxis (de abuso y corrupci\u00f3n), identificar a esos privados de libertad que est\u00e1n realizando estas cosas que para nosotros son totalmente irregulares\u201d, remarca Limpias.<br \/>\nPara conseguir un cambio sustancial en los funcionarios penitenciarios, Limpias busca \u201cuna especializaci\u00f3n del personal tanto civil como policial \u2013mediante un convenio con la Universidad Mayor de San Andr\u00e9s- para cambiar ese chip\u201d y concientizar sobre la corresponsabilidad que debe tener el personal en el tema de la reinserci\u00f3n social de las personas privadas libertad.<br \/>\nR\u00e9gimen Penitenciario dio garant\u00edas para que los reclusos y sus familiares puedan presentar las denuncias, sin embargo, para los internos \u201ces solo pantalla\u201d porque, seg\u00fan aseguran, funcionarios de R\u00e9gimen Penitenciario tambi\u00e9n participan de los actos il\u00edcitos, y tambi\u00e9n han sacado provecho de la pandemia de la Covid-19. (ANF)<\/p>\n","protected":false},"excerpt":{"rendered":"<p>\u201cMuchas cosas cambiaron en la c\u00e1rcel durante la pandemia, menos la corrupci\u00f3n\u201d, sostiene Sandro, interno de una de las secciones del penal de San Pedro de La Paz, el segundo recinto con mayor poblaci\u00f3n del pa\u00eds. En 17 meses de emergencia sanitaria, que desnud\u00f3 la calamidad del sistema carcelario nacional, Sandro ha experimentado mucho miedo, [&hellip;]<\/p>\n","protected":false},"author":1,"featured_media":23793,"comment_status":"closed","ping_status":"closed","sticky":false,"template":"","format":"standard","meta":{"_acf_changed":false,"footnotes":""},"categories":[39],"tags":[],"class_list":["post-23792","post","type-post","status-publish","format-standard","has-post-thumbnail","category-sociedad"],"acf":{"antetitulo":""},"yoast_head":"<!-- This site is optimized with the Yoast SEO plugin v28.4 - https:\/\/yoast.com\/product\/yoast-seo-wordpress\/ -->\n<title>Corrupci\u00f3n, el mal que creci\u00f3 en c\u00e1rceles con el coronavirus - El Diario - Bolivia<\/title>\n<meta name=\"robots\" content=\"index, follow, max-snippet:-1, max-image-preview:large, max-video-preview:-1\" \/>\n<link rel=\"canonical\" href=\"https:\/\/www.eldiario.net\/portal\/2021\/08\/16\/corrupcion-el-mal-que-crecio-en-carceles-con-el-coronavirus\/\" \/>\n<meta property=\"og:locale\" content=\"es_ES\" \/>\n<meta property=\"og:type\" content=\"article\" \/>\n<meta property=\"og:title\" content=\"Corrupci\u00f3n, el mal que creci\u00f3 en c\u00e1rceles con el coronavirus - El Diario - Bolivia\" \/>\n<meta property=\"og:description\" content=\"\u201cMuchas cosas cambiaron en la c\u00e1rcel durante la pandemia, menos la corrupci\u00f3n\u201d, sostiene Sandro, interno de una de las secciones del penal de San Pedro de La Paz, el segundo recinto con mayor poblaci\u00f3n del pa\u00eds. En 17 meses de emergencia sanitaria, que desnud\u00f3 la calamidad del sistema carcelario nacional, Sandro ha experimentado mucho miedo, [&hellip;]\" \/>\n<meta property=\"og:url\" content=\"https:\/\/www.eldiario.net\/portal\/2021\/08\/16\/corrupcion-el-mal-que-crecio-en-carceles-con-el-coronavirus\/\" \/>\n<meta property=\"og:site_name\" content=\"El Diario - Bolivia\" \/>\n<meta property=\"article:publisher\" content=\"https:\/\/www.facebook.com\/eldiario.bolivia\/\" \/>\n<meta property=\"article:published_time\" content=\"2021-08-16T10:19:36+00:00\" \/>\n<meta name=\"author\" content=\"Jeanette\" \/>\n<meta name=\"twitter:card\" content=\"summary_large_image\" \/>\n<meta name=\"twitter:creator\" content=\"@eldiario_net\" \/>\n<meta name=\"twitter:site\" content=\"@eldiario_net\" \/>\n<meta name=\"twitter:label1\" content=\"Escrito por\" \/>\n\t<meta name=\"twitter:data1\" content=\"Jeanette\" \/>\n\t<meta name=\"twitter:label2\" content=\"Tiempo de lectura\" \/>\n\t<meta name=\"twitter:data2\" content=\"11 minutos\" \/>\n<script type=\"application\/ld+json\" class=\"yoast-schema-graph\">{\"@context\":\"https:\\\/\\\/schema.org\",\"@graph\":[{\"@type\":\"Article\",\"@id\":\"https:\\\/\\\/www.eldiario.net\\\/portal\\\/2021\\\/08\\\/16\\\/corrupcion-el-mal-que-crecio-en-carceles-con-el-coronavirus\\\/#article\",\"isPartOf\":{\"@id\":\"https:\\\/\\\/www.eldiario.net\\\/portal\\\/2021\\\/08\\\/16\\\/corrupcion-el-mal-que-crecio-en-carceles-con-el-coronavirus\\\/\"},\"author\":{\"name\":\"Jeanette\",\"@id\":\"https:\\\/\\\/www.eldiario.net\\\/portal\\\/#\\\/schema\\\/person\\\/f46445640444750d7d753ccd04ae01b7\"},\"headline\":\"Corrupci\u00f3n, el mal que creci\u00f3 en c\u00e1rceles con el coronavirus\",\"datePublished\":\"2021-08-16T10:19:36+00:00\",\"mainEntityOfPage\":{\"@id\":\"https:\\\/\\\/www.eldiario.net\\\/portal\\\/2021\\\/08\\\/16\\\/corrupcion-el-mal-que-crecio-en-carceles-con-el-coronavirus\\\/\"},\"wordCount\":2585,\"publisher\":{\"@id\":\"https:\\\/\\\/www.eldiario.net\\\/portal\\\/#organization\"},\"image\":{\"@id\":\"https:\\\/\\\/www.eldiario.net\\\/portal\\\/2021\\\/08\\\/16\\\/corrupcion-el-mal-que-crecio-en-carceles-con-el-coronavirus\\\/#primaryimage\"},\"thumbnailUrl\":\"\",\"articleSection\":[\"Sociedad - Seguridad\"],\"inLanguage\":\"es\"},{\"@type\":\"WebPage\",\"@id\":\"https:\\\/\\\/www.eldiario.net\\\/portal\\\/2021\\\/08\\\/16\\\/corrupcion-el-mal-que-crecio-en-carceles-con-el-coronavirus\\\/\",\"url\":\"https:\\\/\\\/www.eldiario.net\\\/portal\\\/2021\\\/08\\\/16\\\/corrupcion-el-mal-que-crecio-en-carceles-con-el-coronavirus\\\/\",\"name\":\"Corrupci\u00f3n, el mal que creci\u00f3 en c\u00e1rceles con el coronavirus - El Diario - Bolivia\",\"isPartOf\":{\"@id\":\"https:\\\/\\\/www.eldiario.net\\\/portal\\\/#website\"},\"primaryImageOfPage\":{\"@id\":\"https:\\\/\\\/www.eldiario.net\\\/portal\\\/2021\\\/08\\\/16\\\/corrupcion-el-mal-que-crecio-en-carceles-con-el-coronavirus\\\/#primaryimage\"},\"image\":{\"@id\":\"https:\\\/\\\/www.eldiario.net\\\/portal\\\/2021\\\/08\\\/16\\\/corrupcion-el-mal-que-crecio-en-carceles-con-el-coronavirus\\\/#primaryimage\"},\"thumbnailUrl\":\"\",\"datePublished\":\"2021-08-16T10:19:36+00:00\",\"breadcrumb\":{\"@id\":\"https:\\\/\\\/www.eldiario.net\\\/portal\\\/2021\\\/08\\\/16\\\/corrupcion-el-mal-que-crecio-en-carceles-con-el-coronavirus\\\/#breadcrumb\"},\"inLanguage\":\"es\",\"potentialAction\":[{\"@type\":\"ReadAction\",\"target\":[\"https:\\\/\\\/www.eldiario.net\\\/portal\\\/2021\\\/08\\\/16\\\/corrupcion-el-mal-que-crecio-en-carceles-con-el-coronavirus\\\/\"]}]},{\"@type\":\"ImageObject\",\"inLanguage\":\"es\",\"@id\":\"https:\\\/\\\/www.eldiario.net\\\/portal\\\/2021\\\/08\\\/16\\\/corrupcion-el-mal-que-crecio-en-carceles-con-el-coronavirus\\\/#primaryimage\",\"url\":\"\",\"contentUrl\":\"\"},{\"@type\":\"BreadcrumbList\",\"@id\":\"https:\\\/\\\/www.eldiario.net\\\/portal\\\/2021\\\/08\\\/16\\\/corrupcion-el-mal-que-crecio-en-carceles-con-el-coronavirus\\\/#breadcrumb\",\"itemListElement\":[{\"@type\":\"ListItem\",\"position\":1,\"name\":\"Portada\",\"item\":\"https:\\\/\\\/www.eldiario.net\\\/portal\\\/\"},{\"@type\":\"ListItem\",\"position\":2,\"name\":\"Corrupci\u00f3n, el mal que creci\u00f3 en c\u00e1rceles con el coronavirus\"}]},{\"@type\":\"WebSite\",\"@id\":\"https:\\\/\\\/www.eldiario.net\\\/portal\\\/#website\",\"url\":\"https:\\\/\\\/www.eldiario.net\\\/portal\\\/\",\"name\":\"El Diario - Decano de la prensa nacional\",\"description\":\"El Diario - Decano de la prensa nacional\",\"publisher\":{\"@id\":\"https:\\\/\\\/www.eldiario.net\\\/portal\\\/#organization\"},\"potentialAction\":[{\"@type\":\"SearchAction\",\"target\":{\"@type\":\"EntryPoint\",\"urlTemplate\":\"https:\\\/\\\/www.eldiario.net\\\/portal\\\/?s={search_term_string}\"},\"query-input\":{\"@type\":\"PropertyValueSpecification\",\"valueRequired\":true,\"valueName\":\"search_term_string\"}}],\"inLanguage\":\"es\"},{\"@type\":\"Organization\",\"@id\":\"https:\\\/\\\/www.eldiario.net\\\/portal\\\/#organization\",\"name\":\"El Diario - Decano de la prensa nacional\",\"url\":\"https:\\\/\\\/www.eldiario.net\\\/portal\\\/\",\"logo\":{\"@type\":\"ImageObject\",\"inLanguage\":\"es\",\"@id\":\"https:\\\/\\\/www.eldiario.net\\\/portal\\\/#\\\/schema\\\/logo\\\/image\\\/\",\"url\":\"https:\\\/\\\/www.eldiario.net\\\/portal\\\/wp-content\\\/uploads\\\/2023\\\/07\\\/logo_ED.jpg\",\"contentUrl\":\"https:\\\/\\\/www.eldiario.net\\\/portal\\\/wp-content\\\/uploads\\\/2023\\\/07\\\/logo_ED.jpg\",\"width\":272,\"height\":52,\"caption\":\"El Diario - Decano de la prensa nacional\"},\"image\":{\"@id\":\"https:\\\/\\\/www.eldiario.net\\\/portal\\\/#\\\/schema\\\/logo\\\/image\\\/\"},\"sameAs\":[\"https:\\\/\\\/www.facebook.com\\\/eldiario.bolivia\\\/\",\"https:\\\/\\\/x.com\\\/eldiario_net\"]},{\"@type\":\"Person\",\"@id\":\"https:\\\/\\\/www.eldiario.net\\\/portal\\\/#\\\/schema\\\/person\\\/f46445640444750d7d753ccd04ae01b7\",\"name\":\"Jeanette\",\"image\":{\"@type\":\"ImageObject\",\"inLanguage\":\"es\",\"@id\":\"https:\\\/\\\/secure.gravatar.com\\\/avatar\\\/3ea2118a5f7dad2b7138b1187a6b7ee55f160b9968b66013c3a3ef39dd7e5798?s=96&d=mm&r=g\",\"url\":\"https:\\\/\\\/secure.gravatar.com\\\/avatar\\\/3ea2118a5f7dad2b7138b1187a6b7ee55f160b9968b66013c3a3ef39dd7e5798?s=96&d=mm&r=g\",\"contentUrl\":\"https:\\\/\\\/secure.gravatar.com\\\/avatar\\\/3ea2118a5f7dad2b7138b1187a6b7ee55f160b9968b66013c3a3ef39dd7e5798?s=96&d=mm&r=g\",\"caption\":\"Jeanette\"},\"sameAs\":[\"https:\\\/\\\/www.eldiario.net\\\/portal\"],\"url\":\"https:\\\/\\\/www.eldiario.net\\\/portal\\\/author\\\/jeanette\\\/\"}]}<\/script>\n<!-- \/ Yoast SEO plugin. -->","yoast_head_json":{"title":"Corrupci\u00f3n, el mal que creci\u00f3 en c\u00e1rceles con el coronavirus - El Diario - Bolivia","robots":{"index":"index","follow":"follow","max-snippet":"max-snippet:-1","max-image-preview":"max-image-preview:large","max-video-preview":"max-video-preview:-1"},"canonical":"https:\/\/www.eldiario.net\/portal\/2021\/08\/16\/corrupcion-el-mal-que-crecio-en-carceles-con-el-coronavirus\/","og_locale":"es_ES","og_type":"article","og_title":"Corrupci\u00f3n, el mal que creci\u00f3 en c\u00e1rceles con el coronavirus - El Diario - Bolivia","og_description":"\u201cMuchas cosas cambiaron en la c\u00e1rcel durante la pandemia, menos la corrupci\u00f3n\u201d, sostiene Sandro, interno de una de las secciones del penal de San Pedro de La Paz, el segundo recinto con mayor poblaci\u00f3n del pa\u00eds. En 17 meses de emergencia sanitaria, que desnud\u00f3 la calamidad del sistema carcelario nacional, Sandro ha experimentado mucho miedo, [&hellip;]","og_url":"https:\/\/www.eldiario.net\/portal\/2021\/08\/16\/corrupcion-el-mal-que-crecio-en-carceles-con-el-coronavirus\/","og_site_name":"El Diario - Bolivia","article_publisher":"https:\/\/www.facebook.com\/eldiario.bolivia\/","article_published_time":"2021-08-16T10:19:36+00:00","author":"Jeanette","twitter_card":"summary_large_image","twitter_creator":"@eldiario_net","twitter_site":"@eldiario_net","twitter_misc":{"Escrito por":"Jeanette","Tiempo de lectura":"11 minutos"},"schema":{"@context":"https:\/\/schema.org","@graph":[{"@type":"Article","@id":"https:\/\/www.eldiario.net\/portal\/2021\/08\/16\/corrupcion-el-mal-que-crecio-en-carceles-con-el-coronavirus\/#article","isPartOf":{"@id":"https:\/\/www.eldiario.net\/portal\/2021\/08\/16\/corrupcion-el-mal-que-crecio-en-carceles-con-el-coronavirus\/"},"author":{"name":"Jeanette","@id":"https:\/\/www.eldiario.net\/portal\/#\/schema\/person\/f46445640444750d7d753ccd04ae01b7"},"headline":"Corrupci\u00f3n, el mal que creci\u00f3 en c\u00e1rceles con el coronavirus","datePublished":"2021-08-16T10:19:36+00:00","mainEntityOfPage":{"@id":"https:\/\/www.eldiario.net\/portal\/2021\/08\/16\/corrupcion-el-mal-que-crecio-en-carceles-con-el-coronavirus\/"},"wordCount":2585,"publisher":{"@id":"https:\/\/www.eldiario.net\/portal\/#organization"},"image":{"@id":"https:\/\/www.eldiario.net\/portal\/2021\/08\/16\/corrupcion-el-mal-que-crecio-en-carceles-con-el-coronavirus\/#primaryimage"},"thumbnailUrl":"","articleSection":["Sociedad - Seguridad"],"inLanguage":"es"},{"@type":"WebPage","@id":"https:\/\/www.eldiario.net\/portal\/2021\/08\/16\/corrupcion-el-mal-que-crecio-en-carceles-con-el-coronavirus\/","url":"https:\/\/www.eldiario.net\/portal\/2021\/08\/16\/corrupcion-el-mal-que-crecio-en-carceles-con-el-coronavirus\/","name":"Corrupci\u00f3n, el mal que creci\u00f3 en c\u00e1rceles con el coronavirus - El Diario - Bolivia","isPartOf":{"@id":"https:\/\/www.eldiario.net\/portal\/#website"},"primaryImageOfPage":{"@id":"https:\/\/www.eldiario.net\/portal\/2021\/08\/16\/corrupcion-el-mal-que-crecio-en-carceles-con-el-coronavirus\/#primaryimage"},"image":{"@id":"https:\/\/www.eldiario.net\/portal\/2021\/08\/16\/corrupcion-el-mal-que-crecio-en-carceles-con-el-coronavirus\/#primaryimage"},"thumbnailUrl":"","datePublished":"2021-08-16T10:19:36+00:00","breadcrumb":{"@id":"https:\/\/www.eldiario.net\/portal\/2021\/08\/16\/corrupcion-el-mal-que-crecio-en-carceles-con-el-coronavirus\/#breadcrumb"},"inLanguage":"es","potentialAction":[{"@type":"ReadAction","target":["https:\/\/www.eldiario.net\/portal\/2021\/08\/16\/corrupcion-el-mal-que-crecio-en-carceles-con-el-coronavirus\/"]}]},{"@type":"ImageObject","inLanguage":"es","@id":"https:\/\/www.eldiario.net\/portal\/2021\/08\/16\/corrupcion-el-mal-que-crecio-en-carceles-con-el-coronavirus\/#primaryimage","url":"","contentUrl":""},{"@type":"BreadcrumbList","@id":"https:\/\/www.eldiario.net\/portal\/2021\/08\/16\/corrupcion-el-mal-que-crecio-en-carceles-con-el-coronavirus\/#breadcrumb","itemListElement":[{"@type":"ListItem","position":1,"name":"Portada","item":"https:\/\/www.eldiario.net\/portal\/"},{"@type":"ListItem","position":2,"name":"Corrupci\u00f3n, el mal que creci\u00f3 en c\u00e1rceles con el coronavirus"}]},{"@type":"WebSite","@id":"https:\/\/www.eldiario.net\/portal\/#website","url":"https:\/\/www.eldiario.net\/portal\/","name":"El Diario - Decano de la prensa nacional","description":"El Diario - Decano de la prensa nacional","publisher":{"@id":"https:\/\/www.eldiario.net\/portal\/#organization"},"potentialAction":[{"@type":"SearchAction","target":{"@type":"EntryPoint","urlTemplate":"https:\/\/www.eldiario.net\/portal\/?s={search_term_string}"},"query-input":{"@type":"PropertyValueSpecification","valueRequired":true,"valueName":"search_term_string"}}],"inLanguage":"es"},{"@type":"Organization","@id":"https:\/\/www.eldiario.net\/portal\/#organization","name":"El Diario - Decano de la prensa nacional","url":"https:\/\/www.eldiario.net\/portal\/","logo":{"@type":"ImageObject","inLanguage":"es","@id":"https:\/\/www.eldiario.net\/portal\/#\/schema\/logo\/image\/","url":"https:\/\/www.eldiario.net\/portal\/wp-content\/uploads\/2023\/07\/logo_ED.jpg","contentUrl":"https:\/\/www.eldiario.net\/portal\/wp-content\/uploads\/2023\/07\/logo_ED.jpg","width":272,"height":52,"caption":"El Diario - Decano de la prensa nacional"},"image":{"@id":"https:\/\/www.eldiario.net\/portal\/#\/schema\/logo\/image\/"},"sameAs":["https:\/\/www.facebook.com\/eldiario.bolivia\/","https:\/\/x.com\/eldiario_net"]},{"@type":"Person","@id":"https:\/\/www.eldiario.net\/portal\/#\/schema\/person\/f46445640444750d7d753ccd04ae01b7","name":"Jeanette","image":{"@type":"ImageObject","inLanguage":"es","@id":"https:\/\/secure.gravatar.com\/avatar\/3ea2118a5f7dad2b7138b1187a6b7ee55f160b9968b66013c3a3ef39dd7e5798?s=96&d=mm&r=g","url":"https:\/\/secure.gravatar.com\/avatar\/3ea2118a5f7dad2b7138b1187a6b7ee55f160b9968b66013c3a3ef39dd7e5798?s=96&d=mm&r=g","contentUrl":"https:\/\/secure.gravatar.com\/avatar\/3ea2118a5f7dad2b7138b1187a6b7ee55f160b9968b66013c3a3ef39dd7e5798?s=96&d=mm&r=g","caption":"Jeanette"},"sameAs":["https:\/\/www.eldiario.net\/portal"],"url":"https:\/\/www.eldiario.net\/portal\/author\/jeanette\/"}]}},"_links":{"self":[{"href":"https:\/\/www.eldiario.net\/portal\/wp-json\/wp\/v2\/posts\/23792","targetHints":{"allow":["GET"]}}],"collection":[{"href":"https:\/\/www.eldiario.net\/portal\/wp-json\/wp\/v2\/posts"}],"about":[{"href":"https:\/\/www.eldiario.net\/portal\/wp-json\/wp\/v2\/types\/post"}],"author":[{"embeddable":true,"href":"https:\/\/www.eldiario.net\/portal\/wp-json\/wp\/v2\/users\/1"}],"replies":[{"embeddable":true,"href":"https:\/\/www.eldiario.net\/portal\/wp-json\/wp\/v2\/comments?post=23792"}],"version-history":[{"count":0,"href":"https:\/\/www.eldiario.net\/portal\/wp-json\/wp\/v2\/posts\/23792\/revisions"}],"wp:attachment":[{"href":"https:\/\/www.eldiario.net\/portal\/wp-json\/wp\/v2\/media?parent=23792"}],"wp:term":[{"taxonomy":"category","embeddable":true,"href":"https:\/\/www.eldiario.net\/portal\/wp-json\/wp\/v2\/categories?post=23792"},{"taxonomy":"post_tag","embeddable":true,"href":"https:\/\/www.eldiario.net\/portal\/wp-json\/wp\/v2\/tags?post=23792"}],"curies":[{"name":"wp","href":"https:\/\/api.w.org\/{rel}","templated":true}]}}