{"id":23789,"date":"2021-08-16T06:15:56","date_gmt":"2021-08-16T10:15:56","guid":{"rendered":"https:\/\/www.eldiario.net\/portal\/?p=23789"},"modified":"2021-08-16T06:15:56","modified_gmt":"2021-08-16T10:15:56","slug":"preven-aumento-del-presupuesto-en-salud-municipal-del-15-al-25","status":"publish","type":"post","link":"https:\/\/www.eldiario.net\/portal\/2021\/08\/16\/preven-aumento-del-presupuesto-en-salud-municipal-del-15-al-25\/","title":{"rendered":"Prev\u00e9n aumento del presupuesto en salud municipal del 15 al 25 %"},"content":{"rendered":"<p>El presupuesto en salud municipal aumentar\u00e1 del 15 al 25 % para la gesti\u00f3n 2022 anunci\u00f3 el alcalde de La Paz, Iv\u00e1n Arias, quien, adem\u00e1s, anticip\u00f3 que buscar\u00e1 hermanar los centros municipales de salud pace\u00f1os con 68 ciudades europeas, norteamericanas y asi\u00e1ticas para robustecer sus servicios de primer nivel.<br \/>\n\u201cHasta ahora hay un presupuesto del 15 %, para el pr\u00f3ximo a\u00f1o lo vamos a aumentar entre 20 y 25 %, nuestra prioridad es el primer nivel, que es una l\u00e1grima, es una pena. Voy a buscar 68 ciudades europeas, norteamericanas y asi\u00e1ticas, para que cada ciudad sea hermana de un centro de salud\u201d, afirm\u00f3 el titular de la municipalidad pace\u00f1a en entrevista con un medio nacional.<br \/>\nLa urbe de La Paz cuenta actualmente con 66 centros de salud (63 urbanos y tres rurales en Zongo y Hampaturi) distribuidos en cinco redes. La Alcald\u00eda est\u00e1 a cargo de la infraestructura e insumos; mientras que recursos humanos es de competencia del Servicio Departamental de Salud (Sedes).<br \/>\nArias convers\u00f3 con el matutino pace\u00f1o sobre sus primeros 100 d\u00edas de gesti\u00f3n y destac\u00f3 las acciones asumidas frente al covid-19, que lograron que la ciudad sea el primer municipio capital de Bolivia con m\u00e1s del 80 % de su poblaci\u00f3n vacunada con la primera dosis.<br \/>\n\u201cSi de alg\u00fan logro tengo que hablar en estos meses es haber logrado salir de la pandemia como hemos salido, hemos sido una de las ciudades que no ha tenido los niveles de enfermedad que han tenido Cochabamba y Santa Cruz, hemos aplicado medidas preventivas, hemos hecho nuestras propias restricciones a pesar del Comit\u00e9 de Operaciones de Emergencia Departamental, Los hospitales municipales contin\u00faan apoyando en la lucha contra el covid-19, en La Paz. hemos hecho nuestro COEM municipal, hemos abanderado la vacunaci\u00f3n\u201d, remarc\u00f3 el Alcalde de La Paz.<br \/>\nDesde el 3 de mayo, el Gobierno Municipal implement\u00f3 la Ruta de la Vida, con disposici\u00f3n de consultorios m\u00f3viles en diferentes puntos de la ciudad para que hagan pruebas r\u00e1pidas y de ant\u00edgeno nasal de forma gratuita, oxigenoterapia y si lo requer\u00edan, dotaci\u00f3n de medicamentos.<br \/>\nAdem\u00e1s de las restricciones peatonales y vehiculares en coordinaci\u00f3n con los gremiales, transportistas y otros sectores de la poblaci\u00f3n, la Alcald\u00eda impuls\u00f3 una vacunaci\u00f3n el 18 de julio. En esa fecha se lleg\u00f3 a inocular a m\u00e1s de 10 mil personas.<br \/>\nAsimismo, desde la semana pasada, se vacuna a vecinos de las periferias y comerciantes de los mercados con la vacunaci\u00f3n m\u00f3vil. Y los cinco hospitales de segundo nivel tambi\u00e9n se sumaron a la inoculaci\u00f3n: La Portada, Cotahuma, Los Pinos, la Merced y La Paz.<br \/>\nSe redujo en 82 % los enfermos con coronavirus en el municipio pace\u00f1o en \u00faltimos dos meses, de 4.983 enfermos del 12 de junio a 904 al 12 de agosto, seg\u00fan el Observatorio Covid-19 de la Alcald\u00eda de La Paz, con base a la informaci\u00f3n estad\u00edstica del Servicio Departamental de Salud (Sedes) de La Paz.<\/p>\n<p>1LP:<\/p>\n","protected":false},"excerpt":{"rendered":"<p>El presupuesto en salud municipal aumentar\u00e1 del 15 al 25 % para la gesti\u00f3n 2022 anunci\u00f3 el alcalde de La Paz, Iv\u00e1n Arias, quien, adem\u00e1s, anticip\u00f3 que buscar\u00e1 hermanar los centros municipales de salud pace\u00f1os con 68 ciudades europeas, norteamericanas y asi\u00e1ticas para robustecer sus servicios de primer nivel. \u201cHasta ahora hay un presupuesto del [&hellip;]<\/p>\n","protected":false},"author":1,"featured_media":23790,"comment_status":"closed","ping_status":"closed","sticky":false,"template":"","format":"standard","meta":{"_acf_changed":false,"footnotes":""},"categories":[12],"tags":[],"class_list":["post-23789","post","type-post","status-publish","format-standard","has-post-thumbnail","category-nacional"],"acf":{"antetitulo":""},"yoast_head":"<!-- This site is optimized with the Yoast SEO plugin v28.4 - https:\/\/yoast.com\/product\/yoast-seo-wordpress\/ -->\n<title>Prev\u00e9n aumento del presupuesto en salud municipal del 15 al 25 % - El Diario - Bolivia<\/title>\n<meta name=\"robots\" content=\"index, follow, max-snippet:-1, max-image-preview:large, max-video-preview:-1\" \/>\n<link rel=\"canonical\" href=\"https:\/\/www.eldiario.net\/portal\/2021\/08\/16\/preven-aumento-del-presupuesto-en-salud-municipal-del-15-al-25\/\" \/>\n<meta property=\"og:locale\" content=\"es_ES\" \/>\n<meta property=\"og:type\" content=\"article\" \/>\n<meta property=\"og:title\" content=\"Prev\u00e9n aumento del presupuesto en salud municipal del 15 al 25 % - El Diario - Bolivia\" \/>\n<meta property=\"og:description\" content=\"El presupuesto en salud municipal aumentar\u00e1 del 15 al 25 % para la gesti\u00f3n 2022 anunci\u00f3 el alcalde de La Paz, Iv\u00e1n Arias, quien, adem\u00e1s, anticip\u00f3 que buscar\u00e1 hermanar los centros municipales de salud pace\u00f1os con 68 ciudades europeas, norteamericanas y asi\u00e1ticas para robustecer sus servicios de primer nivel. \u201cHasta ahora hay un presupuesto del [&hellip;]\" \/>\n<meta property=\"og:url\" content=\"https:\/\/www.eldiario.net\/portal\/2021\/08\/16\/preven-aumento-del-presupuesto-en-salud-municipal-del-15-al-25\/\" \/>\n<meta property=\"og:site_name\" content=\"El Diario - Bolivia\" \/>\n<meta property=\"article:publisher\" content=\"https:\/\/www.facebook.com\/eldiario.bolivia\/\" \/>\n<meta property=\"article:published_time\" content=\"2021-08-16T10:15:56+00:00\" \/>\n<meta name=\"author\" content=\"Jeanette\" \/>\n<meta name=\"twitter:card\" content=\"summary_large_image\" \/>\n<meta name=\"twitter:creator\" content=\"@eldiario_net\" \/>\n<meta name=\"twitter:site\" content=\"@eldiario_net\" \/>\n<meta name=\"twitter:label1\" content=\"Escrito por\" \/>\n\t<meta name=\"twitter:data1\" content=\"Jeanette\" \/>\n\t<meta name=\"twitter:label2\" content=\"Tiempo de lectura\" \/>\n\t<meta name=\"twitter:data2\" content=\"3 minutos\" \/>\n<script type=\"application\/ld+json\" class=\"yoast-schema-graph\">{\"@context\":\"https:\\\/\\\/schema.org\",\"@graph\":[{\"@type\":\"Article\",\"@id\":\"https:\\\/\\\/www.eldiario.net\\\/portal\\\/2021\\\/08\\\/16\\\/preven-aumento-del-presupuesto-en-salud-municipal-del-15-al-25\\\/#article\",\"isPartOf\":{\"@id\":\"https:\\\/\\\/www.eldiario.net\\\/portal\\\/2021\\\/08\\\/16\\\/preven-aumento-del-presupuesto-en-salud-municipal-del-15-al-25\\\/\"},\"author\":{\"name\":\"Jeanette\",\"@id\":\"https:\\\/\\\/www.eldiario.net\\\/portal\\\/#\\\/schema\\\/person\\\/f46445640444750d7d753ccd04ae01b7\"},\"headline\":\"Prev\u00e9n aumento del presupuesto en salud municipal del 15 al 25 %\",\"datePublished\":\"2021-08-16T10:15:56+00:00\",\"mainEntityOfPage\":{\"@id\":\"https:\\\/\\\/www.eldiario.net\\\/portal\\\/2021\\\/08\\\/16\\\/preven-aumento-del-presupuesto-en-salud-municipal-del-15-al-25\\\/\"},\"wordCount\":509,\"publisher\":{\"@id\":\"https:\\\/\\\/www.eldiario.net\\\/portal\\\/#organization\"},\"image\":{\"@id\":\"https:\\\/\\\/www.eldiario.net\\\/portal\\\/2021\\\/08\\\/16\\\/preven-aumento-del-presupuesto-en-salud-municipal-del-15-al-25\\\/#primaryimage\"},\"thumbnailUrl\":\"\",\"articleSection\":[\"Nacional\"],\"inLanguage\":\"es\"},{\"@type\":\"WebPage\",\"@id\":\"https:\\\/\\\/www.eldiario.net\\\/portal\\\/2021\\\/08\\\/16\\\/preven-aumento-del-presupuesto-en-salud-municipal-del-15-al-25\\\/\",\"url\":\"https:\\\/\\\/www.eldiario.net\\\/portal\\\/2021\\\/08\\\/16\\\/preven-aumento-del-presupuesto-en-salud-municipal-del-15-al-25\\\/\",\"name\":\"Prev\u00e9n aumento del presupuesto en salud municipal del 15 al 25 % - El Diario - Bolivia\",\"isPartOf\":{\"@id\":\"https:\\\/\\\/www.eldiario.net\\\/portal\\\/#website\"},\"primaryImageOfPage\":{\"@id\":\"https:\\\/\\\/www.eldiario.net\\\/portal\\\/2021\\\/08\\\/16\\\/preven-aumento-del-presupuesto-en-salud-municipal-del-15-al-25\\\/#primaryimage\"},\"image\":{\"@id\":\"https:\\\/\\\/www.eldiario.net\\\/portal\\\/2021\\\/08\\\/16\\\/preven-aumento-del-presupuesto-en-salud-municipal-del-15-al-25\\\/#primaryimage\"},\"thumbnailUrl\":\"\",\"datePublished\":\"2021-08-16T10:15:56+00:00\",\"breadcrumb\":{\"@id\":\"https:\\\/\\\/www.eldiario.net\\\/portal\\\/2021\\\/08\\\/16\\\/preven-aumento-del-presupuesto-en-salud-municipal-del-15-al-25\\\/#breadcrumb\"},\"inLanguage\":\"es\",\"potentialAction\":[{\"@type\":\"ReadAction\",\"target\":[\"https:\\\/\\\/www.eldiario.net\\\/portal\\\/2021\\\/08\\\/16\\\/preven-aumento-del-presupuesto-en-salud-municipal-del-15-al-25\\\/\"]}]},{\"@type\":\"ImageObject\",\"inLanguage\":\"es\",\"@id\":\"https:\\\/\\\/www.eldiario.net\\\/portal\\\/2021\\\/08\\\/16\\\/preven-aumento-del-presupuesto-en-salud-municipal-del-15-al-25\\\/#primaryimage\",\"url\":\"\",\"contentUrl\":\"\"},{\"@type\":\"BreadcrumbList\",\"@id\":\"https:\\\/\\\/www.eldiario.net\\\/portal\\\/2021\\\/08\\\/16\\\/preven-aumento-del-presupuesto-en-salud-municipal-del-15-al-25\\\/#breadcrumb\",\"itemListElement\":[{\"@type\":\"ListItem\",\"position\":1,\"name\":\"Portada\",\"item\":\"https:\\\/\\\/www.eldiario.net\\\/portal\\\/\"},{\"@type\":\"ListItem\",\"position\":2,\"name\":\"Prev\u00e9n aumento del presupuesto en salud municipal del 15 al 25 %\"}]},{\"@type\":\"WebSite\",\"@id\":\"https:\\\/\\\/www.eldiario.net\\\/portal\\\/#website\",\"url\":\"https:\\\/\\\/www.eldiario.net\\\/portal\\\/\",\"name\":\"El Diario - Decano de la prensa nacional\",\"description\":\"El Diario - Decano de la prensa nacional\",\"publisher\":{\"@id\":\"https:\\\/\\\/www.eldiario.net\\\/portal\\\/#organization\"},\"potentialAction\":[{\"@type\":\"SearchAction\",\"target\":{\"@type\":\"EntryPoint\",\"urlTemplate\":\"https:\\\/\\\/www.eldiario.net\\\/portal\\\/?s={search_term_string}\"},\"query-input\":{\"@type\":\"PropertyValueSpecification\",\"valueRequired\":true,\"valueName\":\"search_term_string\"}}],\"inLanguage\":\"es\"},{\"@type\":\"Organization\",\"@id\":\"https:\\\/\\\/www.eldiario.net\\\/portal\\\/#organization\",\"name\":\"El Diario - Decano de la prensa nacional\",\"url\":\"https:\\\/\\\/www.eldiario.net\\\/portal\\\/\",\"logo\":{\"@type\":\"ImageObject\",\"inLanguage\":\"es\",\"@id\":\"https:\\\/\\\/www.eldiario.net\\\/portal\\\/#\\\/schema\\\/logo\\\/image\\\/\",\"url\":\"https:\\\/\\\/www.eldiario.net\\\/portal\\\/wp-content\\\/uploads\\\/2023\\\/07\\\/logo_ED.jpg\",\"contentUrl\":\"https:\\\/\\\/www.eldiario.net\\\/portal\\\/wp-content\\\/uploads\\\/2023\\\/07\\\/logo_ED.jpg\",\"width\":272,\"height\":52,\"caption\":\"El Diario - Decano de la prensa nacional\"},\"image\":{\"@id\":\"https:\\\/\\\/www.eldiario.net\\\/portal\\\/#\\\/schema\\\/logo\\\/image\\\/\"},\"sameAs\":[\"https:\\\/\\\/www.facebook.com\\\/eldiario.bolivia\\\/\",\"https:\\\/\\\/x.com\\\/eldiario_net\"]},{\"@type\":\"Person\",\"@id\":\"https:\\\/\\\/www.eldiario.net\\\/portal\\\/#\\\/schema\\\/person\\\/f46445640444750d7d753ccd04ae01b7\",\"name\":\"Jeanette\",\"image\":{\"@type\":\"ImageObject\",\"inLanguage\":\"es\",\"@id\":\"https:\\\/\\\/secure.gravatar.com\\\/avatar\\\/3ea2118a5f7dad2b7138b1187a6b7ee55f160b9968b66013c3a3ef39dd7e5798?s=96&d=mm&r=g\",\"url\":\"https:\\\/\\\/secure.gravatar.com\\\/avatar\\\/3ea2118a5f7dad2b7138b1187a6b7ee55f160b9968b66013c3a3ef39dd7e5798?s=96&d=mm&r=g\",\"contentUrl\":\"https:\\\/\\\/secure.gravatar.com\\\/avatar\\\/3ea2118a5f7dad2b7138b1187a6b7ee55f160b9968b66013c3a3ef39dd7e5798?s=96&d=mm&r=g\",\"caption\":\"Jeanette\"},\"sameAs\":[\"https:\\\/\\\/www.eldiario.net\\\/portal\"],\"url\":\"https:\\\/\\\/www.eldiario.net\\\/portal\\\/author\\\/jeanette\\\/\"}]}<\/script>\n<!-- \/ Yoast SEO plugin. -->","yoast_head_json":{"title":"Prev\u00e9n aumento del presupuesto en salud municipal del 15 al 25 % - El Diario - Bolivia","robots":{"index":"index","follow":"follow","max-snippet":"max-snippet:-1","max-image-preview":"max-image-preview:large","max-video-preview":"max-video-preview:-1"},"canonical":"https:\/\/www.eldiario.net\/portal\/2021\/08\/16\/preven-aumento-del-presupuesto-en-salud-municipal-del-15-al-25\/","og_locale":"es_ES","og_type":"article","og_title":"Prev\u00e9n aumento del presupuesto en salud municipal del 15 al 25 % - El Diario - Bolivia","og_description":"El presupuesto en salud municipal aumentar\u00e1 del 15 al 25 % para la gesti\u00f3n 2022 anunci\u00f3 el alcalde de La Paz, Iv\u00e1n Arias, quien, adem\u00e1s, anticip\u00f3 que buscar\u00e1 hermanar los centros municipales de salud pace\u00f1os con 68 ciudades europeas, norteamericanas y asi\u00e1ticas para robustecer sus servicios de primer nivel. \u201cHasta ahora hay un presupuesto del [&hellip;]","og_url":"https:\/\/www.eldiario.net\/portal\/2021\/08\/16\/preven-aumento-del-presupuesto-en-salud-municipal-del-15-al-25\/","og_site_name":"El Diario - Bolivia","article_publisher":"https:\/\/www.facebook.com\/eldiario.bolivia\/","article_published_time":"2021-08-16T10:15:56+00:00","author":"Jeanette","twitter_card":"summary_large_image","twitter_creator":"@eldiario_net","twitter_site":"@eldiario_net","twitter_misc":{"Escrito por":"Jeanette","Tiempo de lectura":"3 minutos"},"schema":{"@context":"https:\/\/schema.org","@graph":[{"@type":"Article","@id":"https:\/\/www.eldiario.net\/portal\/2021\/08\/16\/preven-aumento-del-presupuesto-en-salud-municipal-del-15-al-25\/#article","isPartOf":{"@id":"https:\/\/www.eldiario.net\/portal\/2021\/08\/16\/preven-aumento-del-presupuesto-en-salud-municipal-del-15-al-25\/"},"author":{"name":"Jeanette","@id":"https:\/\/www.eldiario.net\/portal\/#\/schema\/person\/f46445640444750d7d753ccd04ae01b7"},"headline":"Prev\u00e9n aumento del presupuesto en salud municipal del 15 al 25 %","datePublished":"2021-08-16T10:15:56+00:00","mainEntityOfPage":{"@id":"https:\/\/www.eldiario.net\/portal\/2021\/08\/16\/preven-aumento-del-presupuesto-en-salud-municipal-del-15-al-25\/"},"wordCount":509,"publisher":{"@id":"https:\/\/www.eldiario.net\/portal\/#organization"},"image":{"@id":"https:\/\/www.eldiario.net\/portal\/2021\/08\/16\/preven-aumento-del-presupuesto-en-salud-municipal-del-15-al-25\/#primaryimage"},"thumbnailUrl":"","articleSection":["Nacional"],"inLanguage":"es"},{"@type":"WebPage","@id":"https:\/\/www.eldiario.net\/portal\/2021\/08\/16\/preven-aumento-del-presupuesto-en-salud-municipal-del-15-al-25\/","url":"https:\/\/www.eldiario.net\/portal\/2021\/08\/16\/preven-aumento-del-presupuesto-en-salud-municipal-del-15-al-25\/","name":"Prev\u00e9n aumento del presupuesto en salud municipal del 15 al 25 % - El Diario - Bolivia","isPartOf":{"@id":"https:\/\/www.eldiario.net\/portal\/#website"},"primaryImageOfPage":{"@id":"https:\/\/www.eldiario.net\/portal\/2021\/08\/16\/preven-aumento-del-presupuesto-en-salud-municipal-del-15-al-25\/#primaryimage"},"image":{"@id":"https:\/\/www.eldiario.net\/portal\/2021\/08\/16\/preven-aumento-del-presupuesto-en-salud-municipal-del-15-al-25\/#primaryimage"},"thumbnailUrl":"","datePublished":"2021-08-16T10:15:56+00:00","breadcrumb":{"@id":"https:\/\/www.eldiario.net\/portal\/2021\/08\/16\/preven-aumento-del-presupuesto-en-salud-municipal-del-15-al-25\/#breadcrumb"},"inLanguage":"es","potentialAction":[{"@type":"ReadAction","target":["https:\/\/www.eldiario.net\/portal\/2021\/08\/16\/preven-aumento-del-presupuesto-en-salud-municipal-del-15-al-25\/"]}]},{"@type":"ImageObject","inLanguage":"es","@id":"https:\/\/www.eldiario.net\/portal\/2021\/08\/16\/preven-aumento-del-presupuesto-en-salud-municipal-del-15-al-25\/#primaryimage","url":"","contentUrl":""},{"@type":"BreadcrumbList","@id":"https:\/\/www.eldiario.net\/portal\/2021\/08\/16\/preven-aumento-del-presupuesto-en-salud-municipal-del-15-al-25\/#breadcrumb","itemListElement":[{"@type":"ListItem","position":1,"name":"Portada","item":"https:\/\/www.eldiario.net\/portal\/"},{"@type":"ListItem","position":2,"name":"Prev\u00e9n aumento del presupuesto en salud municipal del 15 al 25 %"}]},{"@type":"WebSite","@id":"https:\/\/www.eldiario.net\/portal\/#website","url":"https:\/\/www.eldiario.net\/portal\/","name":"El Diario - Decano de la prensa nacional","description":"El Diario - Decano de la prensa nacional","publisher":{"@id":"https:\/\/www.eldiario.net\/portal\/#organization"},"potentialAction":[{"@type":"SearchAction","target":{"@type":"EntryPoint","urlTemplate":"https:\/\/www.eldiario.net\/portal\/?s={search_term_string}"},"query-input":{"@type":"PropertyValueSpecification","valueRequired":true,"valueName":"search_term_string"}}],"inLanguage":"es"},{"@type":"Organization","@id":"https:\/\/www.eldiario.net\/portal\/#organization","name":"El Diario - Decano de la prensa nacional","url":"https:\/\/www.eldiario.net\/portal\/","logo":{"@type":"ImageObject","inLanguage":"es","@id":"https:\/\/www.eldiario.net\/portal\/#\/schema\/logo\/image\/","url":"https:\/\/www.eldiario.net\/portal\/wp-content\/uploads\/2023\/07\/logo_ED.jpg","contentUrl":"https:\/\/www.eldiario.net\/portal\/wp-content\/uploads\/2023\/07\/logo_ED.jpg","width":272,"height":52,"caption":"El Diario - Decano de la prensa nacional"},"image":{"@id":"https:\/\/www.eldiario.net\/portal\/#\/schema\/logo\/image\/"},"sameAs":["https:\/\/www.facebook.com\/eldiario.bolivia\/","https:\/\/x.com\/eldiario_net"]},{"@type":"Person","@id":"https:\/\/www.eldiario.net\/portal\/#\/schema\/person\/f46445640444750d7d753ccd04ae01b7","name":"Jeanette","image":{"@type":"ImageObject","inLanguage":"es","@id":"https:\/\/secure.gravatar.com\/avatar\/3ea2118a5f7dad2b7138b1187a6b7ee55f160b9968b66013c3a3ef39dd7e5798?s=96&d=mm&r=g","url":"https:\/\/secure.gravatar.com\/avatar\/3ea2118a5f7dad2b7138b1187a6b7ee55f160b9968b66013c3a3ef39dd7e5798?s=96&d=mm&r=g","contentUrl":"https:\/\/secure.gravatar.com\/avatar\/3ea2118a5f7dad2b7138b1187a6b7ee55f160b9968b66013c3a3ef39dd7e5798?s=96&d=mm&r=g","caption":"Jeanette"},"sameAs":["https:\/\/www.eldiario.net\/portal"],"url":"https:\/\/www.eldiario.net\/portal\/author\/jeanette\/"}]}},"_links":{"self":[{"href":"https:\/\/www.eldiario.net\/portal\/wp-json\/wp\/v2\/posts\/23789","targetHints":{"allow":["GET"]}}],"collection":[{"href":"https:\/\/www.eldiario.net\/portal\/wp-json\/wp\/v2\/posts"}],"about":[{"href":"https:\/\/www.eldiario.net\/portal\/wp-json\/wp\/v2\/types\/post"}],"author":[{"embeddable":true,"href":"https:\/\/www.eldiario.net\/portal\/wp-json\/wp\/v2\/users\/1"}],"replies":[{"embeddable":true,"href":"https:\/\/www.eldiario.net\/portal\/wp-json\/wp\/v2\/comments?post=23789"}],"version-history":[{"count":0,"href":"https:\/\/www.eldiario.net\/portal\/wp-json\/wp\/v2\/posts\/23789\/revisions"}],"wp:attachment":[{"href":"https:\/\/www.eldiario.net\/portal\/wp-json\/wp\/v2\/media?parent=23789"}],"wp:term":[{"taxonomy":"category","embeddable":true,"href":"https:\/\/www.eldiario.net\/portal\/wp-json\/wp\/v2\/categories?post=23789"},{"taxonomy":"post_tag","embeddable":true,"href":"https:\/\/www.eldiario.net\/portal\/wp-json\/wp\/v2\/tags?post=23789"}],"curies":[{"name":"wp","href":"https:\/\/api.w.org\/{rel}","templated":true}]}}