{"id":23786,"date":"2021-08-16T06:15:03","date_gmt":"2021-08-16T10:15:03","guid":{"rendered":"https:\/\/www.eldiario.net\/portal\/?p=23786"},"modified":"2021-08-16T06:15:03","modified_gmt":"2021-08-16T10:15:03","slug":"piden-denunciar-autoritarismo-que-restringe-derechos-basicos","status":"publish","type":"post","link":"https:\/\/www.eldiario.net\/portal\/2021\/08\/16\/piden-denunciar-autoritarismo-que-restringe-derechos-basicos\/","title":{"rendered":"Piden denunciar autoritarismo que restringe derechos b\u00e1sicos"},"content":{"rendered":"<p>En la homil\u00eda de este domingo, el obispo de la Di\u00f3cesis de El Alto, monse\u00f1or Giovani Arana, demand\u00f3 a la poblaci\u00f3n denunciar el autoritarismo que atenta contra la vida, acceso a la salud, justicia, ideolog\u00eda y la educaci\u00f3n.<br \/>\nEn este sentido, la autoridad eclesi\u00e1stica indic\u00f3 que los cristianos tienen la misi\u00f3n de luchar contra todo tipo de injusticia, violencia, que se han mostrado con mayor incidencia en la pandemia por el coronavirus.<br \/>\n\u201cDebemos ser valientes para denunciar cuando el autoritarismo, aun camuflado, quiera ir en contra de derechos fundamentales del ser humano; por ejemplo el derecho a la vida, y una vida digna, el derecho a un acceso r\u00e1pido y seguro para todos a una atenci\u00f3n de salud, respeto al derecho a una educaci\u00f3n libre de ideolog\u00edas, luchar contra todo esto, ser\u00e1 el mejor regalo que le podemos dar a la Virgen Mar\u00eda\u201d.<br \/>\nAsimismo, convoc\u00f3 a que no se dejen intimidar con otros por el hecho de profesar el cristianismo.<br \/>\nEn los \u00faltimos meses, el gobierno de Luis Arce y el l\u00edder del Movimiento al Socialismo (MAS) Evo Morales, atacaron a la Iglesia por su participaci\u00f3n como mediador en los conflictos de noviembre de 2019.<br \/>\nEn ese contexto, Arana manifest\u00f3 que durante el tiempo de pandemia muchas personas han sido afectadas, considero que es necesario ayudar porque est\u00e1n atravesando por un mal momento. Pidi\u00f3 que Mar\u00eda interceda por ellos, y a su vez se corresponda con amor y con obras.<br \/>\nPor otra parte, el domingo se celebr\u00f3 la Solemnidad de la Asunci\u00f3n de Mar\u00eda, en el que record\u00f3 la festividad de la Virgen de Urkupi\u00f1a en Cochabamba y de la Virgen de Chaguaya en Tarija. Destac\u00f3 que los feligreses celebren acatando las medidas de protecci\u00f3n, public\u00f3 ANF.<br \/>\n\u201cPor lo general, las fiestas dedicadas a la Virgen Mar\u00eda nos conecta en lo profundo de nuestra fe con el cari\u00f1o a nuestra Madre la Virgen Mar\u00eda. Aquella madre que ahora est\u00e1 en el cielo, ella fue elevada a los cielos y eso debe alegrarnos de gran manera porque nos indica cual ser\u00e1 tambi\u00e9n nuestra meta y nos da la respuesta a preguntas importantes para nuestra existencia que estoy seguro en alg\u00fan momento nos las hemos hecho, como por ejemplo\u2026 \u00bfhacia d\u00f3nde vamos? \u2026 \u00bfQu\u00e9 hay despu\u00e9s de la muerte? \u2026 \u00bfser\u00e1 el cielo nuestra meta?\u201d, reflexion\u00f3.<br \/>\nLos devotos de la Virgen de Urkupi\u00f1a llegaron hasta Quillacollo para ser parte de las actividades religiosas. La entrada folkl\u00f3rica que se desarrollaba cada a\u00f1o, se suspendi\u00f3 por segundo a\u00f1o consecutivo a causa de la pandemia.<\/p>\n","protected":false},"excerpt":{"rendered":"<p>En la homil\u00eda de este domingo, el obispo de la Di\u00f3cesis de El Alto, monse\u00f1or Giovani Arana, demand\u00f3 a la poblaci\u00f3n denunciar el autoritarismo que atenta contra la vida, acceso a la salud, justicia, ideolog\u00eda y la educaci\u00f3n. En este sentido, la autoridad eclesi\u00e1stica indic\u00f3 que los cristianos tienen la misi\u00f3n de luchar contra todo [&hellip;]<\/p>\n","protected":false},"author":1,"featured_media":23787,"comment_status":"closed","ping_status":"closed","sticky":false,"template":"","format":"standard","meta":{"_acf_changed":false,"footnotes":""},"categories":[12],"tags":[],"class_list":["post-23786","post","type-post","status-publish","format-standard","has-post-thumbnail","category-nacional"],"acf":{"antetitulo":""},"yoast_head":"<!-- This site is optimized with the Yoast SEO plugin v28.4 - https:\/\/yoast.com\/product\/yoast-seo-wordpress\/ -->\n<title>Piden denunciar autoritarismo que restringe derechos b\u00e1sicos - El Diario - Bolivia<\/title>\n<meta name=\"robots\" content=\"index, follow, max-snippet:-1, max-image-preview:large, max-video-preview:-1\" \/>\n<link rel=\"canonical\" href=\"https:\/\/www.eldiario.net\/portal\/2021\/08\/16\/piden-denunciar-autoritarismo-que-restringe-derechos-basicos\/\" \/>\n<meta property=\"og:locale\" content=\"es_ES\" \/>\n<meta property=\"og:type\" content=\"article\" \/>\n<meta property=\"og:title\" content=\"Piden denunciar autoritarismo que restringe derechos b\u00e1sicos - El Diario - Bolivia\" \/>\n<meta property=\"og:description\" content=\"En la homil\u00eda de este domingo, el obispo de la Di\u00f3cesis de El Alto, monse\u00f1or Giovani Arana, demand\u00f3 a la poblaci\u00f3n denunciar el autoritarismo que atenta contra la vida, acceso a la salud, justicia, ideolog\u00eda y la educaci\u00f3n. En este sentido, la autoridad eclesi\u00e1stica indic\u00f3 que los cristianos tienen la misi\u00f3n de luchar contra todo [&hellip;]\" \/>\n<meta property=\"og:url\" content=\"https:\/\/www.eldiario.net\/portal\/2021\/08\/16\/piden-denunciar-autoritarismo-que-restringe-derechos-basicos\/\" \/>\n<meta property=\"og:site_name\" content=\"El Diario - Bolivia\" \/>\n<meta property=\"article:publisher\" content=\"https:\/\/www.facebook.com\/eldiario.bolivia\/\" \/>\n<meta property=\"article:published_time\" content=\"2021-08-16T10:15:03+00:00\" \/>\n<meta property=\"og:image\" content=\"https:\/\/www.eldiario.net\/portal\/wp-content\/uploads\/2021\/08\/2LP-6.jpg\" \/>\n\t<meta property=\"og:image:width\" content=\"1000\" \/>\n\t<meta property=\"og:image:height\" content=\"684\" \/>\n\t<meta property=\"og:image:type\" content=\"image\/jpeg\" \/>\n<meta name=\"author\" content=\"Jeanette\" \/>\n<meta name=\"twitter:card\" content=\"summary_large_image\" \/>\n<meta name=\"twitter:creator\" content=\"@eldiario_net\" \/>\n<meta name=\"twitter:site\" content=\"@eldiario_net\" \/>\n<meta name=\"twitter:label1\" content=\"Escrito por\" \/>\n\t<meta name=\"twitter:data1\" content=\"Jeanette\" \/>\n\t<meta name=\"twitter:label2\" content=\"Tiempo de lectura\" \/>\n\t<meta name=\"twitter:data2\" content=\"2 minutos\" \/>\n<script type=\"application\/ld+json\" class=\"yoast-schema-graph\">{\"@context\":\"https:\\\/\\\/schema.org\",\"@graph\":[{\"@type\":\"Article\",\"@id\":\"https:\\\/\\\/www.eldiario.net\\\/portal\\\/2021\\\/08\\\/16\\\/piden-denunciar-autoritarismo-que-restringe-derechos-basicos\\\/#article\",\"isPartOf\":{\"@id\":\"https:\\\/\\\/www.eldiario.net\\\/portal\\\/2021\\\/08\\\/16\\\/piden-denunciar-autoritarismo-que-restringe-derechos-basicos\\\/\"},\"author\":{\"name\":\"Jeanette\",\"@id\":\"https:\\\/\\\/www.eldiario.net\\\/portal\\\/#\\\/schema\\\/person\\\/f46445640444750d7d753ccd04ae01b7\"},\"headline\":\"Piden denunciar autoritarismo que restringe derechos b\u00e1sicos\",\"datePublished\":\"2021-08-16T10:15:03+00:00\",\"mainEntityOfPage\":{\"@id\":\"https:\\\/\\\/www.eldiario.net\\\/portal\\\/2021\\\/08\\\/16\\\/piden-denunciar-autoritarismo-que-restringe-derechos-basicos\\\/\"},\"wordCount\":457,\"publisher\":{\"@id\":\"https:\\\/\\\/www.eldiario.net\\\/portal\\\/#organization\"},\"image\":{\"@id\":\"https:\\\/\\\/www.eldiario.net\\\/portal\\\/2021\\\/08\\\/16\\\/piden-denunciar-autoritarismo-que-restringe-derechos-basicos\\\/#primaryimage\"},\"thumbnailUrl\":\"https:\\\/\\\/www.eldiario.net\\\/portal\\\/wp-content\\\/uploads\\\/2021\\\/08\\\/2LP-6.jpg\",\"articleSection\":[\"Nacional\"],\"inLanguage\":\"es\"},{\"@type\":\"WebPage\",\"@id\":\"https:\\\/\\\/www.eldiario.net\\\/portal\\\/2021\\\/08\\\/16\\\/piden-denunciar-autoritarismo-que-restringe-derechos-basicos\\\/\",\"url\":\"https:\\\/\\\/www.eldiario.net\\\/portal\\\/2021\\\/08\\\/16\\\/piden-denunciar-autoritarismo-que-restringe-derechos-basicos\\\/\",\"name\":\"Piden denunciar autoritarismo que restringe derechos b\u00e1sicos - El Diario - Bolivia\",\"isPartOf\":{\"@id\":\"https:\\\/\\\/www.eldiario.net\\\/portal\\\/#website\"},\"primaryImageOfPage\":{\"@id\":\"https:\\\/\\\/www.eldiario.net\\\/portal\\\/2021\\\/08\\\/16\\\/piden-denunciar-autoritarismo-que-restringe-derechos-basicos\\\/#primaryimage\"},\"image\":{\"@id\":\"https:\\\/\\\/www.eldiario.net\\\/portal\\\/2021\\\/08\\\/16\\\/piden-denunciar-autoritarismo-que-restringe-derechos-basicos\\\/#primaryimage\"},\"thumbnailUrl\":\"https:\\\/\\\/www.eldiario.net\\\/portal\\\/wp-content\\\/uploads\\\/2021\\\/08\\\/2LP-6.jpg\",\"datePublished\":\"2021-08-16T10:15:03+00:00\",\"breadcrumb\":{\"@id\":\"https:\\\/\\\/www.eldiario.net\\\/portal\\\/2021\\\/08\\\/16\\\/piden-denunciar-autoritarismo-que-restringe-derechos-basicos\\\/#breadcrumb\"},\"inLanguage\":\"es\",\"potentialAction\":[{\"@type\":\"ReadAction\",\"target\":[\"https:\\\/\\\/www.eldiario.net\\\/portal\\\/2021\\\/08\\\/16\\\/piden-denunciar-autoritarismo-que-restringe-derechos-basicos\\\/\"]}]},{\"@type\":\"ImageObject\",\"inLanguage\":\"es\",\"@id\":\"https:\\\/\\\/www.eldiario.net\\\/portal\\\/2021\\\/08\\\/16\\\/piden-denunciar-autoritarismo-que-restringe-derechos-basicos\\\/#primaryimage\",\"url\":\"https:\\\/\\\/www.eldiario.net\\\/portal\\\/wp-content\\\/uploads\\\/2021\\\/08\\\/2LP-6.jpg\",\"contentUrl\":\"https:\\\/\\\/www.eldiario.net\\\/portal\\\/wp-content\\\/uploads\\\/2021\\\/08\\\/2LP-6.jpg\",\"width\":1000,\"height\":684,\"caption\":\"El Obispo de la Di\u00f3cesis de El Alto, Monse\u00f1or Giovani Arana.\"},{\"@type\":\"BreadcrumbList\",\"@id\":\"https:\\\/\\\/www.eldiario.net\\\/portal\\\/2021\\\/08\\\/16\\\/piden-denunciar-autoritarismo-que-restringe-derechos-basicos\\\/#breadcrumb\",\"itemListElement\":[{\"@type\":\"ListItem\",\"position\":1,\"name\":\"Portada\",\"item\":\"https:\\\/\\\/www.eldiario.net\\\/portal\\\/\"},{\"@type\":\"ListItem\",\"position\":2,\"name\":\"Piden denunciar autoritarismo que restringe derechos b\u00e1sicos\"}]},{\"@type\":\"WebSite\",\"@id\":\"https:\\\/\\\/www.eldiario.net\\\/portal\\\/#website\",\"url\":\"https:\\\/\\\/www.eldiario.net\\\/portal\\\/\",\"name\":\"El Diario - Decano de la prensa nacional\",\"description\":\"El Diario - Decano de la prensa nacional\",\"publisher\":{\"@id\":\"https:\\\/\\\/www.eldiario.net\\\/portal\\\/#organization\"},\"potentialAction\":[{\"@type\":\"SearchAction\",\"target\":{\"@type\":\"EntryPoint\",\"urlTemplate\":\"https:\\\/\\\/www.eldiario.net\\\/portal\\\/?s={search_term_string}\"},\"query-input\":{\"@type\":\"PropertyValueSpecification\",\"valueRequired\":true,\"valueName\":\"search_term_string\"}}],\"inLanguage\":\"es\"},{\"@type\":\"Organization\",\"@id\":\"https:\\\/\\\/www.eldiario.net\\\/portal\\\/#organization\",\"name\":\"El Diario - Decano de la prensa nacional\",\"url\":\"https:\\\/\\\/www.eldiario.net\\\/portal\\\/\",\"logo\":{\"@type\":\"ImageObject\",\"inLanguage\":\"es\",\"@id\":\"https:\\\/\\\/www.eldiario.net\\\/portal\\\/#\\\/schema\\\/logo\\\/image\\\/\",\"url\":\"https:\\\/\\\/www.eldiario.net\\\/portal\\\/wp-content\\\/uploads\\\/2023\\\/07\\\/logo_ED.jpg\",\"contentUrl\":\"https:\\\/\\\/www.eldiario.net\\\/portal\\\/wp-content\\\/uploads\\\/2023\\\/07\\\/logo_ED.jpg\",\"width\":272,\"height\":52,\"caption\":\"El Diario - Decano de la prensa nacional\"},\"image\":{\"@id\":\"https:\\\/\\\/www.eldiario.net\\\/portal\\\/#\\\/schema\\\/logo\\\/image\\\/\"},\"sameAs\":[\"https:\\\/\\\/www.facebook.com\\\/eldiario.bolivia\\\/\",\"https:\\\/\\\/x.com\\\/eldiario_net\"]},{\"@type\":\"Person\",\"@id\":\"https:\\\/\\\/www.eldiario.net\\\/portal\\\/#\\\/schema\\\/person\\\/f46445640444750d7d753ccd04ae01b7\",\"name\":\"Jeanette\",\"image\":{\"@type\":\"ImageObject\",\"inLanguage\":\"es\",\"@id\":\"https:\\\/\\\/secure.gravatar.com\\\/avatar\\\/3ea2118a5f7dad2b7138b1187a6b7ee55f160b9968b66013c3a3ef39dd7e5798?s=96&d=mm&r=g\",\"url\":\"https:\\\/\\\/secure.gravatar.com\\\/avatar\\\/3ea2118a5f7dad2b7138b1187a6b7ee55f160b9968b66013c3a3ef39dd7e5798?s=96&d=mm&r=g\",\"contentUrl\":\"https:\\\/\\\/secure.gravatar.com\\\/avatar\\\/3ea2118a5f7dad2b7138b1187a6b7ee55f160b9968b66013c3a3ef39dd7e5798?s=96&d=mm&r=g\",\"caption\":\"Jeanette\"},\"sameAs\":[\"https:\\\/\\\/www.eldiario.net\\\/portal\"],\"url\":\"https:\\\/\\\/www.eldiario.net\\\/portal\\\/author\\\/jeanette\\\/\"}]}<\/script>\n<!-- \/ Yoast SEO plugin. -->","yoast_head_json":{"title":"Piden denunciar autoritarismo que restringe derechos b\u00e1sicos - El Diario - Bolivia","robots":{"index":"index","follow":"follow","max-snippet":"max-snippet:-1","max-image-preview":"max-image-preview:large","max-video-preview":"max-video-preview:-1"},"canonical":"https:\/\/www.eldiario.net\/portal\/2021\/08\/16\/piden-denunciar-autoritarismo-que-restringe-derechos-basicos\/","og_locale":"es_ES","og_type":"article","og_title":"Piden denunciar autoritarismo que restringe derechos b\u00e1sicos - El Diario - Bolivia","og_description":"En la homil\u00eda de este domingo, el obispo de la Di\u00f3cesis de El Alto, monse\u00f1or Giovani Arana, demand\u00f3 a la poblaci\u00f3n denunciar el autoritarismo que atenta contra la vida, acceso a la salud, justicia, ideolog\u00eda y la educaci\u00f3n. En este sentido, la autoridad eclesi\u00e1stica indic\u00f3 que los cristianos tienen la misi\u00f3n de luchar contra todo [&hellip;]","og_url":"https:\/\/www.eldiario.net\/portal\/2021\/08\/16\/piden-denunciar-autoritarismo-que-restringe-derechos-basicos\/","og_site_name":"El Diario - Bolivia","article_publisher":"https:\/\/www.facebook.com\/eldiario.bolivia\/","article_published_time":"2021-08-16T10:15:03+00:00","og_image":[{"width":1000,"height":684,"url":"https:\/\/www.eldiario.net\/portal\/wp-content\/uploads\/2021\/08\/2LP-6.jpg","type":"image\/jpeg"}],"author":"Jeanette","twitter_card":"summary_large_image","twitter_creator":"@eldiario_net","twitter_site":"@eldiario_net","twitter_misc":{"Escrito por":"Jeanette","Tiempo de lectura":"2 minutos"},"schema":{"@context":"https:\/\/schema.org","@graph":[{"@type":"Article","@id":"https:\/\/www.eldiario.net\/portal\/2021\/08\/16\/piden-denunciar-autoritarismo-que-restringe-derechos-basicos\/#article","isPartOf":{"@id":"https:\/\/www.eldiario.net\/portal\/2021\/08\/16\/piden-denunciar-autoritarismo-que-restringe-derechos-basicos\/"},"author":{"name":"Jeanette","@id":"https:\/\/www.eldiario.net\/portal\/#\/schema\/person\/f46445640444750d7d753ccd04ae01b7"},"headline":"Piden denunciar autoritarismo que restringe derechos b\u00e1sicos","datePublished":"2021-08-16T10:15:03+00:00","mainEntityOfPage":{"@id":"https:\/\/www.eldiario.net\/portal\/2021\/08\/16\/piden-denunciar-autoritarismo-que-restringe-derechos-basicos\/"},"wordCount":457,"publisher":{"@id":"https:\/\/www.eldiario.net\/portal\/#organization"},"image":{"@id":"https:\/\/www.eldiario.net\/portal\/2021\/08\/16\/piden-denunciar-autoritarismo-que-restringe-derechos-basicos\/#primaryimage"},"thumbnailUrl":"https:\/\/www.eldiario.net\/portal\/wp-content\/uploads\/2021\/08\/2LP-6.jpg","articleSection":["Nacional"],"inLanguage":"es"},{"@type":"WebPage","@id":"https:\/\/www.eldiario.net\/portal\/2021\/08\/16\/piden-denunciar-autoritarismo-que-restringe-derechos-basicos\/","url":"https:\/\/www.eldiario.net\/portal\/2021\/08\/16\/piden-denunciar-autoritarismo-que-restringe-derechos-basicos\/","name":"Piden denunciar autoritarismo que restringe derechos b\u00e1sicos - El Diario - Bolivia","isPartOf":{"@id":"https:\/\/www.eldiario.net\/portal\/#website"},"primaryImageOfPage":{"@id":"https:\/\/www.eldiario.net\/portal\/2021\/08\/16\/piden-denunciar-autoritarismo-que-restringe-derechos-basicos\/#primaryimage"},"image":{"@id":"https:\/\/www.eldiario.net\/portal\/2021\/08\/16\/piden-denunciar-autoritarismo-que-restringe-derechos-basicos\/#primaryimage"},"thumbnailUrl":"https:\/\/www.eldiario.net\/portal\/wp-content\/uploads\/2021\/08\/2LP-6.jpg","datePublished":"2021-08-16T10:15:03+00:00","breadcrumb":{"@id":"https:\/\/www.eldiario.net\/portal\/2021\/08\/16\/piden-denunciar-autoritarismo-que-restringe-derechos-basicos\/#breadcrumb"},"inLanguage":"es","potentialAction":[{"@type":"ReadAction","target":["https:\/\/www.eldiario.net\/portal\/2021\/08\/16\/piden-denunciar-autoritarismo-que-restringe-derechos-basicos\/"]}]},{"@type":"ImageObject","inLanguage":"es","@id":"https:\/\/www.eldiario.net\/portal\/2021\/08\/16\/piden-denunciar-autoritarismo-que-restringe-derechos-basicos\/#primaryimage","url":"https:\/\/www.eldiario.net\/portal\/wp-content\/uploads\/2021\/08\/2LP-6.jpg","contentUrl":"https:\/\/www.eldiario.net\/portal\/wp-content\/uploads\/2021\/08\/2LP-6.jpg","width":1000,"height":684,"caption":"El Obispo de la Di\u00f3cesis de El Alto, Monse\u00f1or Giovani Arana."},{"@type":"BreadcrumbList","@id":"https:\/\/www.eldiario.net\/portal\/2021\/08\/16\/piden-denunciar-autoritarismo-que-restringe-derechos-basicos\/#breadcrumb","itemListElement":[{"@type":"ListItem","position":1,"name":"Portada","item":"https:\/\/www.eldiario.net\/portal\/"},{"@type":"ListItem","position":2,"name":"Piden denunciar autoritarismo que restringe derechos b\u00e1sicos"}]},{"@type":"WebSite","@id":"https:\/\/www.eldiario.net\/portal\/#website","url":"https:\/\/www.eldiario.net\/portal\/","name":"El Diario - Decano de la prensa nacional","description":"El Diario - Decano de la prensa nacional","publisher":{"@id":"https:\/\/www.eldiario.net\/portal\/#organization"},"potentialAction":[{"@type":"SearchAction","target":{"@type":"EntryPoint","urlTemplate":"https:\/\/www.eldiario.net\/portal\/?s={search_term_string}"},"query-input":{"@type":"PropertyValueSpecification","valueRequired":true,"valueName":"search_term_string"}}],"inLanguage":"es"},{"@type":"Organization","@id":"https:\/\/www.eldiario.net\/portal\/#organization","name":"El Diario - Decano de la prensa nacional","url":"https:\/\/www.eldiario.net\/portal\/","logo":{"@type":"ImageObject","inLanguage":"es","@id":"https:\/\/www.eldiario.net\/portal\/#\/schema\/logo\/image\/","url":"https:\/\/www.eldiario.net\/portal\/wp-content\/uploads\/2023\/07\/logo_ED.jpg","contentUrl":"https:\/\/www.eldiario.net\/portal\/wp-content\/uploads\/2023\/07\/logo_ED.jpg","width":272,"height":52,"caption":"El Diario - Decano de la prensa nacional"},"image":{"@id":"https:\/\/www.eldiario.net\/portal\/#\/schema\/logo\/image\/"},"sameAs":["https:\/\/www.facebook.com\/eldiario.bolivia\/","https:\/\/x.com\/eldiario_net"]},{"@type":"Person","@id":"https:\/\/www.eldiario.net\/portal\/#\/schema\/person\/f46445640444750d7d753ccd04ae01b7","name":"Jeanette","image":{"@type":"ImageObject","inLanguage":"es","@id":"https:\/\/secure.gravatar.com\/avatar\/3ea2118a5f7dad2b7138b1187a6b7ee55f160b9968b66013c3a3ef39dd7e5798?s=96&d=mm&r=g","url":"https:\/\/secure.gravatar.com\/avatar\/3ea2118a5f7dad2b7138b1187a6b7ee55f160b9968b66013c3a3ef39dd7e5798?s=96&d=mm&r=g","contentUrl":"https:\/\/secure.gravatar.com\/avatar\/3ea2118a5f7dad2b7138b1187a6b7ee55f160b9968b66013c3a3ef39dd7e5798?s=96&d=mm&r=g","caption":"Jeanette"},"sameAs":["https:\/\/www.eldiario.net\/portal"],"url":"https:\/\/www.eldiario.net\/portal\/author\/jeanette\/"}]}},"_links":{"self":[{"href":"https:\/\/www.eldiario.net\/portal\/wp-json\/wp\/v2\/posts\/23786","targetHints":{"allow":["GET"]}}],"collection":[{"href":"https:\/\/www.eldiario.net\/portal\/wp-json\/wp\/v2\/posts"}],"about":[{"href":"https:\/\/www.eldiario.net\/portal\/wp-json\/wp\/v2\/types\/post"}],"author":[{"embeddable":true,"href":"https:\/\/www.eldiario.net\/portal\/wp-json\/wp\/v2\/users\/1"}],"replies":[{"embeddable":true,"href":"https:\/\/www.eldiario.net\/portal\/wp-json\/wp\/v2\/comments?post=23786"}],"version-history":[{"count":0,"href":"https:\/\/www.eldiario.net\/portal\/wp-json\/wp\/v2\/posts\/23786\/revisions"}],"wp:featuredmedia":[{"embeddable":true,"href":"https:\/\/www.eldiario.net\/portal\/wp-json\/wp\/v2\/media\/23787"}],"wp:attachment":[{"href":"https:\/\/www.eldiario.net\/portal\/wp-json\/wp\/v2\/media?parent=23786"}],"wp:term":[{"taxonomy":"category","embeddable":true,"href":"https:\/\/www.eldiario.net\/portal\/wp-json\/wp\/v2\/categories?post=23786"},{"taxonomy":"post_tag","embeddable":true,"href":"https:\/\/www.eldiario.net\/portal\/wp-json\/wp\/v2\/tags?post=23786"}],"curies":[{"name":"wp","href":"https:\/\/api.w.org\/{rel}","templated":true}]}}