{"id":23782,"date":"2021-08-16T06:13:40","date_gmt":"2021-08-16T10:13:40","guid":{"rendered":"https:\/\/www.eldiario.net\/portal\/?p=23782"},"modified":"2021-08-16T06:13:40","modified_gmt":"2021-08-16T10:13:40","slug":"municipio-registro-59-abandonos-y-extravios-de-ninos","status":"publish","type":"post","link":"https:\/\/www.eldiario.net\/portal\/2021\/08\/16\/municipio-registro-59-abandonos-y-extravios-de-ninos\/","title":{"rendered":"Municipio registr\u00f3 59 abandonos y extrav\u00edos de ni\u00f1os"},"content":{"rendered":"<p>De enero hasta el 13 de agosto 2021, la Alcald\u00eda de La Paz atendi\u00f3 44 casos de abandono de ni\u00f1os y adolescentes y otros 15 por extrav\u00edos, para los cuales activ\u00f3 acciones de resguardo, seg\u00fan competencia, como la difusi\u00f3n de im\u00e1genes que permiti\u00f3 el 11 de agosto dar con la familia de dos ni\u00f1os que se extraviaron en el mercado Lanza.<br \/>\n\u201cLa l\u00ednea de atenci\u00f3n de emergencias 156 atiende las 24 horas, todos los d\u00edas, incluso s\u00e1bados, domingos y feriados. En esta l\u00ednea, m\u00e1s los servicios que atienden regularmente los casos, que b\u00e1sicamente conocen los casos de extrav\u00edos de ni\u00f1os y adolescentes, en tipolog\u00eda de abandono tenemos 44 y extrav\u00edos 15\u201d, afirm\u00f3 a la Agencia Municipal de Noticias el director de la Defensor\u00eda Municipal, Harry Suaznabar.<br \/>\nExplic\u00f3 que hay un procedimiento de ruta de acci\u00f3n para la atenci\u00f3n de menores extraviados y precis\u00f3 que el primer paso es obtener los datos personales; para este fin se tiene la participaci\u00f3n del \u00e1rea de psicolog\u00eda.<br \/>\n\u201cSi son m\u00e1s peque\u00f1os, tenemos infantes incluso de menos de un a\u00f1o, pues tenemos que hacer algunas acciones; cuando tenemos datos de la familia identificamos, llamamos, incluso nos apersonamos a la familia o vamos al lugar donde residen o trabajan\u201d, asever\u00f3.<br \/>\nSuaznabar sostuvo que en los casos cuando no hay informaci\u00f3n, se difunde por medios de comunicaci\u00f3n y redes sociales las im\u00e1genes de los menores extraviados para que las familias reconozcan y recojan a sus hijos, como ocurri\u00f3 con dos ni\u00f1os de tres y cinco a\u00f1os que fueron reportados como extraviados el martes (10) en el mercado Lanza y al d\u00eda siguiente aparecieron sus familiares.<\/p>\n","protected":false},"excerpt":{"rendered":"<p>De enero hasta el 13 de agosto 2021, la Alcald\u00eda de La Paz atendi\u00f3 44 casos de abandono de ni\u00f1os y adolescentes y otros 15 por extrav\u00edos, para los cuales activ\u00f3 acciones de resguardo, seg\u00fan competencia, como la difusi\u00f3n de im\u00e1genes que permiti\u00f3 el 11 de agosto dar con la familia de dos ni\u00f1os que [&hellip;]<\/p>\n","protected":false},"author":1,"featured_media":0,"comment_status":"closed","ping_status":"closed","sticky":false,"template":"","format":"standard","meta":{"_acf_changed":false,"footnotes":""},"categories":[12],"tags":[],"class_list":["post-23782","post","type-post","status-publish","format-standard","category-nacional"],"acf":{"antetitulo":""},"yoast_head":"<!-- This site is optimized with the Yoast SEO plugin v28.4 - https:\/\/yoast.com\/product\/yoast-seo-wordpress\/ -->\n<title>Municipio registr\u00f3 59 abandonos y extrav\u00edos de ni\u00f1os - El Diario - Bolivia<\/title>\n<meta name=\"robots\" content=\"index, follow, max-snippet:-1, max-image-preview:large, max-video-preview:-1\" \/>\n<link rel=\"canonical\" href=\"https:\/\/www.eldiario.net\/portal\/2021\/08\/16\/municipio-registro-59-abandonos-y-extravios-de-ninos\/\" \/>\n<meta property=\"og:locale\" content=\"es_ES\" \/>\n<meta property=\"og:type\" content=\"article\" \/>\n<meta property=\"og:title\" content=\"Municipio registr\u00f3 59 abandonos y extrav\u00edos de ni\u00f1os - El Diario - Bolivia\" \/>\n<meta property=\"og:description\" content=\"De enero hasta el 13 de agosto 2021, la Alcald\u00eda de La Paz atendi\u00f3 44 casos de abandono de ni\u00f1os y adolescentes y otros 15 por extrav\u00edos, para los cuales activ\u00f3 acciones de resguardo, seg\u00fan competencia, como la difusi\u00f3n de im\u00e1genes que permiti\u00f3 el 11 de agosto dar con la familia de dos ni\u00f1os que [&hellip;]\" \/>\n<meta property=\"og:url\" content=\"https:\/\/www.eldiario.net\/portal\/2021\/08\/16\/municipio-registro-59-abandonos-y-extravios-de-ninos\/\" \/>\n<meta property=\"og:site_name\" content=\"El Diario - Bolivia\" \/>\n<meta property=\"article:publisher\" content=\"https:\/\/www.facebook.com\/eldiario.bolivia\/\" \/>\n<meta property=\"article:published_time\" content=\"2021-08-16T10:13:40+00:00\" \/>\n<meta name=\"author\" content=\"Jeanette\" \/>\n<meta name=\"twitter:card\" content=\"summary_large_image\" \/>\n<meta name=\"twitter:creator\" content=\"@eldiario_net\" \/>\n<meta name=\"twitter:site\" content=\"@eldiario_net\" \/>\n<meta name=\"twitter:label1\" content=\"Escrito por\" \/>\n\t<meta name=\"twitter:data1\" content=\"Jeanette\" \/>\n\t<meta name=\"twitter:label2\" content=\"Tiempo de lectura\" \/>\n\t<meta name=\"twitter:data2\" content=\"2 minutos\" \/>\n<script type=\"application\/ld+json\" class=\"yoast-schema-graph\">{\"@context\":\"https:\\\/\\\/schema.org\",\"@graph\":[{\"@type\":\"Article\",\"@id\":\"https:\\\/\\\/www.eldiario.net\\\/portal\\\/2021\\\/08\\\/16\\\/municipio-registro-59-abandonos-y-extravios-de-ninos\\\/#article\",\"isPartOf\":{\"@id\":\"https:\\\/\\\/www.eldiario.net\\\/portal\\\/2021\\\/08\\\/16\\\/municipio-registro-59-abandonos-y-extravios-de-ninos\\\/\"},\"author\":{\"name\":\"Jeanette\",\"@id\":\"https:\\\/\\\/www.eldiario.net\\\/portal\\\/#\\\/schema\\\/person\\\/f46445640444750d7d753ccd04ae01b7\"},\"headline\":\"Municipio registr\u00f3 59 abandonos y extrav\u00edos de ni\u00f1os\",\"datePublished\":\"2021-08-16T10:13:40+00:00\",\"mainEntityOfPage\":{\"@id\":\"https:\\\/\\\/www.eldiario.net\\\/portal\\\/2021\\\/08\\\/16\\\/municipio-registro-59-abandonos-y-extravios-de-ninos\\\/\"},\"wordCount\":299,\"publisher\":{\"@id\":\"https:\\\/\\\/www.eldiario.net\\\/portal\\\/#organization\"},\"articleSection\":[\"Nacional\"],\"inLanguage\":\"es\"},{\"@type\":\"WebPage\",\"@id\":\"https:\\\/\\\/www.eldiario.net\\\/portal\\\/2021\\\/08\\\/16\\\/municipio-registro-59-abandonos-y-extravios-de-ninos\\\/\",\"url\":\"https:\\\/\\\/www.eldiario.net\\\/portal\\\/2021\\\/08\\\/16\\\/municipio-registro-59-abandonos-y-extravios-de-ninos\\\/\",\"name\":\"Municipio registr\u00f3 59 abandonos y extrav\u00edos de ni\u00f1os - El Diario - Bolivia\",\"isPartOf\":{\"@id\":\"https:\\\/\\\/www.eldiario.net\\\/portal\\\/#website\"},\"datePublished\":\"2021-08-16T10:13:40+00:00\",\"breadcrumb\":{\"@id\":\"https:\\\/\\\/www.eldiario.net\\\/portal\\\/2021\\\/08\\\/16\\\/municipio-registro-59-abandonos-y-extravios-de-ninos\\\/#breadcrumb\"},\"inLanguage\":\"es\",\"potentialAction\":[{\"@type\":\"ReadAction\",\"target\":[\"https:\\\/\\\/www.eldiario.net\\\/portal\\\/2021\\\/08\\\/16\\\/municipio-registro-59-abandonos-y-extravios-de-ninos\\\/\"]}]},{\"@type\":\"BreadcrumbList\",\"@id\":\"https:\\\/\\\/www.eldiario.net\\\/portal\\\/2021\\\/08\\\/16\\\/municipio-registro-59-abandonos-y-extravios-de-ninos\\\/#breadcrumb\",\"itemListElement\":[{\"@type\":\"ListItem\",\"position\":1,\"name\":\"Portada\",\"item\":\"https:\\\/\\\/www.eldiario.net\\\/portal\\\/\"},{\"@type\":\"ListItem\",\"position\":2,\"name\":\"Municipio registr\u00f3 59 abandonos y extrav\u00edos de ni\u00f1os\"}]},{\"@type\":\"WebSite\",\"@id\":\"https:\\\/\\\/www.eldiario.net\\\/portal\\\/#website\",\"url\":\"https:\\\/\\\/www.eldiario.net\\\/portal\\\/\",\"name\":\"El Diario - Decano de la prensa nacional\",\"description\":\"El Diario - Decano de la prensa nacional\",\"publisher\":{\"@id\":\"https:\\\/\\\/www.eldiario.net\\\/portal\\\/#organization\"},\"potentialAction\":[{\"@type\":\"SearchAction\",\"target\":{\"@type\":\"EntryPoint\",\"urlTemplate\":\"https:\\\/\\\/www.eldiario.net\\\/portal\\\/?s={search_term_string}\"},\"query-input\":{\"@type\":\"PropertyValueSpecification\",\"valueRequired\":true,\"valueName\":\"search_term_string\"}}],\"inLanguage\":\"es\"},{\"@type\":\"Organization\",\"@id\":\"https:\\\/\\\/www.eldiario.net\\\/portal\\\/#organization\",\"name\":\"El Diario - Decano de la prensa nacional\",\"url\":\"https:\\\/\\\/www.eldiario.net\\\/portal\\\/\",\"logo\":{\"@type\":\"ImageObject\",\"inLanguage\":\"es\",\"@id\":\"https:\\\/\\\/www.eldiario.net\\\/portal\\\/#\\\/schema\\\/logo\\\/image\\\/\",\"url\":\"https:\\\/\\\/www.eldiario.net\\\/portal\\\/wp-content\\\/uploads\\\/2023\\\/07\\\/logo_ED.jpg\",\"contentUrl\":\"https:\\\/\\\/www.eldiario.net\\\/portal\\\/wp-content\\\/uploads\\\/2023\\\/07\\\/logo_ED.jpg\",\"width\":272,\"height\":52,\"caption\":\"El Diario - Decano de la prensa nacional\"},\"image\":{\"@id\":\"https:\\\/\\\/www.eldiario.net\\\/portal\\\/#\\\/schema\\\/logo\\\/image\\\/\"},\"sameAs\":[\"https:\\\/\\\/www.facebook.com\\\/eldiario.bolivia\\\/\",\"https:\\\/\\\/x.com\\\/eldiario_net\"]},{\"@type\":\"Person\",\"@id\":\"https:\\\/\\\/www.eldiario.net\\\/portal\\\/#\\\/schema\\\/person\\\/f46445640444750d7d753ccd04ae01b7\",\"name\":\"Jeanette\",\"image\":{\"@type\":\"ImageObject\",\"inLanguage\":\"es\",\"@id\":\"https:\\\/\\\/secure.gravatar.com\\\/avatar\\\/3ea2118a5f7dad2b7138b1187a6b7ee55f160b9968b66013c3a3ef39dd7e5798?s=96&d=mm&r=g\",\"url\":\"https:\\\/\\\/secure.gravatar.com\\\/avatar\\\/3ea2118a5f7dad2b7138b1187a6b7ee55f160b9968b66013c3a3ef39dd7e5798?s=96&d=mm&r=g\",\"contentUrl\":\"https:\\\/\\\/secure.gravatar.com\\\/avatar\\\/3ea2118a5f7dad2b7138b1187a6b7ee55f160b9968b66013c3a3ef39dd7e5798?s=96&d=mm&r=g\",\"caption\":\"Jeanette\"},\"sameAs\":[\"https:\\\/\\\/www.eldiario.net\\\/portal\"],\"url\":\"https:\\\/\\\/www.eldiario.net\\\/portal\\\/author\\\/jeanette\\\/\"}]}<\/script>\n<!-- \/ Yoast SEO plugin. -->","yoast_head_json":{"title":"Municipio registr\u00f3 59 abandonos y extrav\u00edos de ni\u00f1os - El Diario - Bolivia","robots":{"index":"index","follow":"follow","max-snippet":"max-snippet:-1","max-image-preview":"max-image-preview:large","max-video-preview":"max-video-preview:-1"},"canonical":"https:\/\/www.eldiario.net\/portal\/2021\/08\/16\/municipio-registro-59-abandonos-y-extravios-de-ninos\/","og_locale":"es_ES","og_type":"article","og_title":"Municipio registr\u00f3 59 abandonos y extrav\u00edos de ni\u00f1os - El Diario - Bolivia","og_description":"De enero hasta el 13 de agosto 2021, la Alcald\u00eda de La Paz atendi\u00f3 44 casos de abandono de ni\u00f1os y adolescentes y otros 15 por extrav\u00edos, para los cuales activ\u00f3 acciones de resguardo, seg\u00fan competencia, como la difusi\u00f3n de im\u00e1genes que permiti\u00f3 el 11 de agosto dar con la familia de dos ni\u00f1os que [&hellip;]","og_url":"https:\/\/www.eldiario.net\/portal\/2021\/08\/16\/municipio-registro-59-abandonos-y-extravios-de-ninos\/","og_site_name":"El Diario - Bolivia","article_publisher":"https:\/\/www.facebook.com\/eldiario.bolivia\/","article_published_time":"2021-08-16T10:13:40+00:00","author":"Jeanette","twitter_card":"summary_large_image","twitter_creator":"@eldiario_net","twitter_site":"@eldiario_net","twitter_misc":{"Escrito por":"Jeanette","Tiempo de lectura":"2 minutos"},"schema":{"@context":"https:\/\/schema.org","@graph":[{"@type":"Article","@id":"https:\/\/www.eldiario.net\/portal\/2021\/08\/16\/municipio-registro-59-abandonos-y-extravios-de-ninos\/#article","isPartOf":{"@id":"https:\/\/www.eldiario.net\/portal\/2021\/08\/16\/municipio-registro-59-abandonos-y-extravios-de-ninos\/"},"author":{"name":"Jeanette","@id":"https:\/\/www.eldiario.net\/portal\/#\/schema\/person\/f46445640444750d7d753ccd04ae01b7"},"headline":"Municipio registr\u00f3 59 abandonos y extrav\u00edos de ni\u00f1os","datePublished":"2021-08-16T10:13:40+00:00","mainEntityOfPage":{"@id":"https:\/\/www.eldiario.net\/portal\/2021\/08\/16\/municipio-registro-59-abandonos-y-extravios-de-ninos\/"},"wordCount":299,"publisher":{"@id":"https:\/\/www.eldiario.net\/portal\/#organization"},"articleSection":["Nacional"],"inLanguage":"es"},{"@type":"WebPage","@id":"https:\/\/www.eldiario.net\/portal\/2021\/08\/16\/municipio-registro-59-abandonos-y-extravios-de-ninos\/","url":"https:\/\/www.eldiario.net\/portal\/2021\/08\/16\/municipio-registro-59-abandonos-y-extravios-de-ninos\/","name":"Municipio registr\u00f3 59 abandonos y extrav\u00edos de ni\u00f1os - El Diario - Bolivia","isPartOf":{"@id":"https:\/\/www.eldiario.net\/portal\/#website"},"datePublished":"2021-08-16T10:13:40+00:00","breadcrumb":{"@id":"https:\/\/www.eldiario.net\/portal\/2021\/08\/16\/municipio-registro-59-abandonos-y-extravios-de-ninos\/#breadcrumb"},"inLanguage":"es","potentialAction":[{"@type":"ReadAction","target":["https:\/\/www.eldiario.net\/portal\/2021\/08\/16\/municipio-registro-59-abandonos-y-extravios-de-ninos\/"]}]},{"@type":"BreadcrumbList","@id":"https:\/\/www.eldiario.net\/portal\/2021\/08\/16\/municipio-registro-59-abandonos-y-extravios-de-ninos\/#breadcrumb","itemListElement":[{"@type":"ListItem","position":1,"name":"Portada","item":"https:\/\/www.eldiario.net\/portal\/"},{"@type":"ListItem","position":2,"name":"Municipio registr\u00f3 59 abandonos y extrav\u00edos de ni\u00f1os"}]},{"@type":"WebSite","@id":"https:\/\/www.eldiario.net\/portal\/#website","url":"https:\/\/www.eldiario.net\/portal\/","name":"El Diario - Decano de la prensa nacional","description":"El Diario - Decano de la prensa nacional","publisher":{"@id":"https:\/\/www.eldiario.net\/portal\/#organization"},"potentialAction":[{"@type":"SearchAction","target":{"@type":"EntryPoint","urlTemplate":"https:\/\/www.eldiario.net\/portal\/?s={search_term_string}"},"query-input":{"@type":"PropertyValueSpecification","valueRequired":true,"valueName":"search_term_string"}}],"inLanguage":"es"},{"@type":"Organization","@id":"https:\/\/www.eldiario.net\/portal\/#organization","name":"El Diario - Decano de la prensa nacional","url":"https:\/\/www.eldiario.net\/portal\/","logo":{"@type":"ImageObject","inLanguage":"es","@id":"https:\/\/www.eldiario.net\/portal\/#\/schema\/logo\/image\/","url":"https:\/\/www.eldiario.net\/portal\/wp-content\/uploads\/2023\/07\/logo_ED.jpg","contentUrl":"https:\/\/www.eldiario.net\/portal\/wp-content\/uploads\/2023\/07\/logo_ED.jpg","width":272,"height":52,"caption":"El Diario - Decano de la prensa nacional"},"image":{"@id":"https:\/\/www.eldiario.net\/portal\/#\/schema\/logo\/image\/"},"sameAs":["https:\/\/www.facebook.com\/eldiario.bolivia\/","https:\/\/x.com\/eldiario_net"]},{"@type":"Person","@id":"https:\/\/www.eldiario.net\/portal\/#\/schema\/person\/f46445640444750d7d753ccd04ae01b7","name":"Jeanette","image":{"@type":"ImageObject","inLanguage":"es","@id":"https:\/\/secure.gravatar.com\/avatar\/3ea2118a5f7dad2b7138b1187a6b7ee55f160b9968b66013c3a3ef39dd7e5798?s=96&d=mm&r=g","url":"https:\/\/secure.gravatar.com\/avatar\/3ea2118a5f7dad2b7138b1187a6b7ee55f160b9968b66013c3a3ef39dd7e5798?s=96&d=mm&r=g","contentUrl":"https:\/\/secure.gravatar.com\/avatar\/3ea2118a5f7dad2b7138b1187a6b7ee55f160b9968b66013c3a3ef39dd7e5798?s=96&d=mm&r=g","caption":"Jeanette"},"sameAs":["https:\/\/www.eldiario.net\/portal"],"url":"https:\/\/www.eldiario.net\/portal\/author\/jeanette\/"}]}},"_links":{"self":[{"href":"https:\/\/www.eldiario.net\/portal\/wp-json\/wp\/v2\/posts\/23782","targetHints":{"allow":["GET"]}}],"collection":[{"href":"https:\/\/www.eldiario.net\/portal\/wp-json\/wp\/v2\/posts"}],"about":[{"href":"https:\/\/www.eldiario.net\/portal\/wp-json\/wp\/v2\/types\/post"}],"author":[{"embeddable":true,"href":"https:\/\/www.eldiario.net\/portal\/wp-json\/wp\/v2\/users\/1"}],"replies":[{"embeddable":true,"href":"https:\/\/www.eldiario.net\/portal\/wp-json\/wp\/v2\/comments?post=23782"}],"version-history":[{"count":0,"href":"https:\/\/www.eldiario.net\/portal\/wp-json\/wp\/v2\/posts\/23782\/revisions"}],"wp:attachment":[{"href":"https:\/\/www.eldiario.net\/portal\/wp-json\/wp\/v2\/media?parent=23782"}],"wp:term":[{"taxonomy":"category","embeddable":true,"href":"https:\/\/www.eldiario.net\/portal\/wp-json\/wp\/v2\/categories?post=23782"},{"taxonomy":"post_tag","embeddable":true,"href":"https:\/\/www.eldiario.net\/portal\/wp-json\/wp\/v2\/tags?post=23782"}],"curies":[{"name":"wp","href":"https:\/\/api.w.org\/{rel}","templated":true}]}}