{"id":23777,"date":"2021-08-16T06:12:18","date_gmt":"2021-08-16T10:12:18","guid":{"rendered":"https:\/\/www.eldiario.net\/portal\/?p=23777"},"modified":"2021-08-16T06:12:18","modified_gmt":"2021-08-16T10:12:18","slug":"mas-del-47-de-poblacion-del-pais-recibio-vacuna-anticovid","status":"publish","type":"post","link":"https:\/\/www.eldiario.net\/portal\/2021\/08\/16\/mas-del-47-de-poblacion-del-pais-recibio-vacuna-anticovid\/","title":{"rendered":"M\u00e1s del 47 % de poblaci\u00f3n del  pa\u00eds recibi\u00f3 vacuna anticovid"},"content":{"rendered":"<p>El 47,6 % de la poblaci\u00f3n en edad de vacunaci\u00f3n del pa\u00eds ya fue inoculada contra el covid-19, inform\u00f3 ayer el ministro de Salud, Jeyson Auza. Tarija es el departamento que registra el mayor porcentaje de habitantes inyectados a la fecha.<br \/>\n\u201cNosotros, a la fecha, en el reporte que hemos consolidado ya el d\u00eda de ayer (s\u00e1bado), podemos decir que con primera dosis han recibido la vacuna 2.982.798 personas, con segundas dosis 1.601.692 personas, y con dosis \u00fanica, la Johnson &amp; Johnson, 436.391 personas vacunadas hasta la fecha\u201d, indic\u00f3 la autoridad en Bolivia Tv.<br \/>\nAuza detall\u00f3 que en el departamento de Tarija se alcanz\u00f3 al 60,3 % de la poblaci\u00f3n vacunable; en Santa Cruz, el 53,9 %; en Cochabamba, el 50 %; en Chuquisaca, el 49 %; en Pando, el 47 %; en Oruro, el 46 %; en La Paz, el 42 %; en Beni, el 39 %; y en Potos\u00ed, el 30 %.<br \/>\n\u201cHasta la fecha, ya han llegado m\u00e1s de 8 millones de vacunas, las cuales nos sirven ya para inmunizar al 62 por ciento de nuestra poblaci\u00f3n (en edad de vacunaci\u00f3n)\u201d, acot\u00f3.<br \/>\nPor otra parte, el ministro Auza solicit\u00f3 el s\u00e1bado a la poblaci\u00f3n alte\u00f1a acudir a los nuevos 14 puntos de vacunaci\u00f3n que se habilitaron en esa urbe para luchar contra el covid-19. La autoridad indic\u00f3 que con esta medida se brinda accesibilidad a las vacunas para la poblaci\u00f3n mayor de 18 a\u00f1os.<br \/>\n\u201cEstamos d\u00e1ndole accesibilidad a las vacunas, ahora necesitamos el apoyo del pueblo (\u2026). Invitamos a nuestro pueblo a que acuda a recibir su dosis de esperanza (vacuna contra el covid-19), as\u00ed vamos a volver a una nueva normalidad\u201d, indic\u00f3 la autoridad mientras ayer realizaba su recorrido de verificaci\u00f3n, junto al presidente Luis Arce, en el punto de vacunaci\u00f3n que se habilit\u00f3 en el Jach\u00b4a Uta, en El Alto.<\/p>\n","protected":false},"excerpt":{"rendered":"<p>El 47,6 % de la poblaci\u00f3n en edad de vacunaci\u00f3n del pa\u00eds ya fue inoculada contra el covid-19, inform\u00f3 ayer el ministro de Salud, Jeyson Auza. Tarija es el departamento que registra el mayor porcentaje de habitantes inyectados a la fecha. \u201cNosotros, a la fecha, en el reporte que hemos consolidado ya el d\u00eda de [&hellip;]<\/p>\n","protected":false},"author":1,"featured_media":0,"comment_status":"closed","ping_status":"closed","sticky":false,"template":"","format":"standard","meta":{"_acf_changed":false,"footnotes":""},"categories":[12],"tags":[],"class_list":["post-23777","post","type-post","status-publish","format-standard","category-nacional"],"acf":{"antetitulo":""},"yoast_head":"<!-- This site is optimized with the Yoast SEO plugin v28.4 - https:\/\/yoast.com\/product\/yoast-seo-wordpress\/ -->\n<title>M\u00e1s del 47 % de poblaci\u00f3n del pa\u00eds recibi\u00f3 vacuna anticovid - El Diario - Bolivia<\/title>\n<meta name=\"robots\" content=\"index, follow, max-snippet:-1, max-image-preview:large, max-video-preview:-1\" \/>\n<link rel=\"canonical\" href=\"https:\/\/www.eldiario.net\/portal\/2021\/08\/16\/mas-del-47-de-poblacion-del-pais-recibio-vacuna-anticovid\/\" \/>\n<meta property=\"og:locale\" content=\"es_ES\" \/>\n<meta property=\"og:type\" content=\"article\" \/>\n<meta property=\"og:title\" content=\"M\u00e1s del 47 % de poblaci\u00f3n del pa\u00eds recibi\u00f3 vacuna anticovid - El Diario - Bolivia\" \/>\n<meta property=\"og:description\" content=\"El 47,6 % de la poblaci\u00f3n en edad de vacunaci\u00f3n del pa\u00eds ya fue inoculada contra el covid-19, inform\u00f3 ayer el ministro de Salud, Jeyson Auza. Tarija es el departamento que registra el mayor porcentaje de habitantes inyectados a la fecha. \u201cNosotros, a la fecha, en el reporte que hemos consolidado ya el d\u00eda de [&hellip;]\" \/>\n<meta property=\"og:url\" content=\"https:\/\/www.eldiario.net\/portal\/2021\/08\/16\/mas-del-47-de-poblacion-del-pais-recibio-vacuna-anticovid\/\" \/>\n<meta property=\"og:site_name\" content=\"El Diario - Bolivia\" \/>\n<meta property=\"article:publisher\" content=\"https:\/\/www.facebook.com\/eldiario.bolivia\/\" \/>\n<meta property=\"article:published_time\" content=\"2021-08-16T10:12:18+00:00\" \/>\n<meta name=\"author\" content=\"Jeanette\" \/>\n<meta name=\"twitter:card\" content=\"summary_large_image\" \/>\n<meta name=\"twitter:creator\" content=\"@eldiario_net\" \/>\n<meta name=\"twitter:site\" content=\"@eldiario_net\" \/>\n<meta name=\"twitter:label1\" content=\"Escrito por\" \/>\n\t<meta name=\"twitter:data1\" content=\"Jeanette\" \/>\n\t<meta name=\"twitter:label2\" content=\"Tiempo de lectura\" \/>\n\t<meta name=\"twitter:data2\" content=\"2 minutos\" \/>\n<script type=\"application\/ld+json\" class=\"yoast-schema-graph\">{\"@context\":\"https:\\\/\\\/schema.org\",\"@graph\":[{\"@type\":\"Article\",\"@id\":\"https:\\\/\\\/www.eldiario.net\\\/portal\\\/2021\\\/08\\\/16\\\/mas-del-47-de-poblacion-del-pais-recibio-vacuna-anticovid\\\/#article\",\"isPartOf\":{\"@id\":\"https:\\\/\\\/www.eldiario.net\\\/portal\\\/2021\\\/08\\\/16\\\/mas-del-47-de-poblacion-del-pais-recibio-vacuna-anticovid\\\/\"},\"author\":{\"name\":\"Jeanette\",\"@id\":\"https:\\\/\\\/www.eldiario.net\\\/portal\\\/#\\\/schema\\\/person\\\/f46445640444750d7d753ccd04ae01b7\"},\"headline\":\"M\u00e1s del 47 % de poblaci\u00f3n del pa\u00eds recibi\u00f3 vacuna anticovid\",\"datePublished\":\"2021-08-16T10:12:18+00:00\",\"mainEntityOfPage\":{\"@id\":\"https:\\\/\\\/www.eldiario.net\\\/portal\\\/2021\\\/08\\\/16\\\/mas-del-47-de-poblacion-del-pais-recibio-vacuna-anticovid\\\/\"},\"wordCount\":308,\"publisher\":{\"@id\":\"https:\\\/\\\/www.eldiario.net\\\/portal\\\/#organization\"},\"articleSection\":[\"Nacional\"],\"inLanguage\":\"es\"},{\"@type\":\"WebPage\",\"@id\":\"https:\\\/\\\/www.eldiario.net\\\/portal\\\/2021\\\/08\\\/16\\\/mas-del-47-de-poblacion-del-pais-recibio-vacuna-anticovid\\\/\",\"url\":\"https:\\\/\\\/www.eldiario.net\\\/portal\\\/2021\\\/08\\\/16\\\/mas-del-47-de-poblacion-del-pais-recibio-vacuna-anticovid\\\/\",\"name\":\"M\u00e1s del 47 % de poblaci\u00f3n del pa\u00eds recibi\u00f3 vacuna anticovid - El Diario - Bolivia\",\"isPartOf\":{\"@id\":\"https:\\\/\\\/www.eldiario.net\\\/portal\\\/#website\"},\"datePublished\":\"2021-08-16T10:12:18+00:00\",\"breadcrumb\":{\"@id\":\"https:\\\/\\\/www.eldiario.net\\\/portal\\\/2021\\\/08\\\/16\\\/mas-del-47-de-poblacion-del-pais-recibio-vacuna-anticovid\\\/#breadcrumb\"},\"inLanguage\":\"es\",\"potentialAction\":[{\"@type\":\"ReadAction\",\"target\":[\"https:\\\/\\\/www.eldiario.net\\\/portal\\\/2021\\\/08\\\/16\\\/mas-del-47-de-poblacion-del-pais-recibio-vacuna-anticovid\\\/\"]}]},{\"@type\":\"BreadcrumbList\",\"@id\":\"https:\\\/\\\/www.eldiario.net\\\/portal\\\/2021\\\/08\\\/16\\\/mas-del-47-de-poblacion-del-pais-recibio-vacuna-anticovid\\\/#breadcrumb\",\"itemListElement\":[{\"@type\":\"ListItem\",\"position\":1,\"name\":\"Portada\",\"item\":\"https:\\\/\\\/www.eldiario.net\\\/portal\\\/\"},{\"@type\":\"ListItem\",\"position\":2,\"name\":\"M\u00e1s del 47 % de poblaci\u00f3n del pa\u00eds recibi\u00f3 vacuna anticovid\"}]},{\"@type\":\"WebSite\",\"@id\":\"https:\\\/\\\/www.eldiario.net\\\/portal\\\/#website\",\"url\":\"https:\\\/\\\/www.eldiario.net\\\/portal\\\/\",\"name\":\"El Diario - Decano de la prensa nacional\",\"description\":\"El Diario - Decano de la prensa nacional\",\"publisher\":{\"@id\":\"https:\\\/\\\/www.eldiario.net\\\/portal\\\/#organization\"},\"potentialAction\":[{\"@type\":\"SearchAction\",\"target\":{\"@type\":\"EntryPoint\",\"urlTemplate\":\"https:\\\/\\\/www.eldiario.net\\\/portal\\\/?s={search_term_string}\"},\"query-input\":{\"@type\":\"PropertyValueSpecification\",\"valueRequired\":true,\"valueName\":\"search_term_string\"}}],\"inLanguage\":\"es\"},{\"@type\":\"Organization\",\"@id\":\"https:\\\/\\\/www.eldiario.net\\\/portal\\\/#organization\",\"name\":\"El Diario - Decano de la prensa nacional\",\"url\":\"https:\\\/\\\/www.eldiario.net\\\/portal\\\/\",\"logo\":{\"@type\":\"ImageObject\",\"inLanguage\":\"es\",\"@id\":\"https:\\\/\\\/www.eldiario.net\\\/portal\\\/#\\\/schema\\\/logo\\\/image\\\/\",\"url\":\"https:\\\/\\\/www.eldiario.net\\\/portal\\\/wp-content\\\/uploads\\\/2023\\\/07\\\/logo_ED.jpg\",\"contentUrl\":\"https:\\\/\\\/www.eldiario.net\\\/portal\\\/wp-content\\\/uploads\\\/2023\\\/07\\\/logo_ED.jpg\",\"width\":272,\"height\":52,\"caption\":\"El Diario - Decano de la prensa nacional\"},\"image\":{\"@id\":\"https:\\\/\\\/www.eldiario.net\\\/portal\\\/#\\\/schema\\\/logo\\\/image\\\/\"},\"sameAs\":[\"https:\\\/\\\/www.facebook.com\\\/eldiario.bolivia\\\/\",\"https:\\\/\\\/x.com\\\/eldiario_net\"]},{\"@type\":\"Person\",\"@id\":\"https:\\\/\\\/www.eldiario.net\\\/portal\\\/#\\\/schema\\\/person\\\/f46445640444750d7d753ccd04ae01b7\",\"name\":\"Jeanette\",\"image\":{\"@type\":\"ImageObject\",\"inLanguage\":\"es\",\"@id\":\"https:\\\/\\\/secure.gravatar.com\\\/avatar\\\/3ea2118a5f7dad2b7138b1187a6b7ee55f160b9968b66013c3a3ef39dd7e5798?s=96&d=mm&r=g\",\"url\":\"https:\\\/\\\/secure.gravatar.com\\\/avatar\\\/3ea2118a5f7dad2b7138b1187a6b7ee55f160b9968b66013c3a3ef39dd7e5798?s=96&d=mm&r=g\",\"contentUrl\":\"https:\\\/\\\/secure.gravatar.com\\\/avatar\\\/3ea2118a5f7dad2b7138b1187a6b7ee55f160b9968b66013c3a3ef39dd7e5798?s=96&d=mm&r=g\",\"caption\":\"Jeanette\"},\"sameAs\":[\"https:\\\/\\\/www.eldiario.net\\\/portal\"],\"url\":\"https:\\\/\\\/www.eldiario.net\\\/portal\\\/author\\\/jeanette\\\/\"}]}<\/script>\n<!-- \/ Yoast SEO plugin. -->","yoast_head_json":{"title":"M\u00e1s del 47 % de poblaci\u00f3n del pa\u00eds recibi\u00f3 vacuna anticovid - El Diario - Bolivia","robots":{"index":"index","follow":"follow","max-snippet":"max-snippet:-1","max-image-preview":"max-image-preview:large","max-video-preview":"max-video-preview:-1"},"canonical":"https:\/\/www.eldiario.net\/portal\/2021\/08\/16\/mas-del-47-de-poblacion-del-pais-recibio-vacuna-anticovid\/","og_locale":"es_ES","og_type":"article","og_title":"M\u00e1s del 47 % de poblaci\u00f3n del pa\u00eds recibi\u00f3 vacuna anticovid - El Diario - Bolivia","og_description":"El 47,6 % de la poblaci\u00f3n en edad de vacunaci\u00f3n del pa\u00eds ya fue inoculada contra el covid-19, inform\u00f3 ayer el ministro de Salud, Jeyson Auza. Tarija es el departamento que registra el mayor porcentaje de habitantes inyectados a la fecha. \u201cNosotros, a la fecha, en el reporte que hemos consolidado ya el d\u00eda de [&hellip;]","og_url":"https:\/\/www.eldiario.net\/portal\/2021\/08\/16\/mas-del-47-de-poblacion-del-pais-recibio-vacuna-anticovid\/","og_site_name":"El Diario - Bolivia","article_publisher":"https:\/\/www.facebook.com\/eldiario.bolivia\/","article_published_time":"2021-08-16T10:12:18+00:00","author":"Jeanette","twitter_card":"summary_large_image","twitter_creator":"@eldiario_net","twitter_site":"@eldiario_net","twitter_misc":{"Escrito por":"Jeanette","Tiempo de lectura":"2 minutos"},"schema":{"@context":"https:\/\/schema.org","@graph":[{"@type":"Article","@id":"https:\/\/www.eldiario.net\/portal\/2021\/08\/16\/mas-del-47-de-poblacion-del-pais-recibio-vacuna-anticovid\/#article","isPartOf":{"@id":"https:\/\/www.eldiario.net\/portal\/2021\/08\/16\/mas-del-47-de-poblacion-del-pais-recibio-vacuna-anticovid\/"},"author":{"name":"Jeanette","@id":"https:\/\/www.eldiario.net\/portal\/#\/schema\/person\/f46445640444750d7d753ccd04ae01b7"},"headline":"M\u00e1s del 47 % de poblaci\u00f3n del pa\u00eds recibi\u00f3 vacuna anticovid","datePublished":"2021-08-16T10:12:18+00:00","mainEntityOfPage":{"@id":"https:\/\/www.eldiario.net\/portal\/2021\/08\/16\/mas-del-47-de-poblacion-del-pais-recibio-vacuna-anticovid\/"},"wordCount":308,"publisher":{"@id":"https:\/\/www.eldiario.net\/portal\/#organization"},"articleSection":["Nacional"],"inLanguage":"es"},{"@type":"WebPage","@id":"https:\/\/www.eldiario.net\/portal\/2021\/08\/16\/mas-del-47-de-poblacion-del-pais-recibio-vacuna-anticovid\/","url":"https:\/\/www.eldiario.net\/portal\/2021\/08\/16\/mas-del-47-de-poblacion-del-pais-recibio-vacuna-anticovid\/","name":"M\u00e1s del 47 % de poblaci\u00f3n del pa\u00eds recibi\u00f3 vacuna anticovid - El Diario - Bolivia","isPartOf":{"@id":"https:\/\/www.eldiario.net\/portal\/#website"},"datePublished":"2021-08-16T10:12:18+00:00","breadcrumb":{"@id":"https:\/\/www.eldiario.net\/portal\/2021\/08\/16\/mas-del-47-de-poblacion-del-pais-recibio-vacuna-anticovid\/#breadcrumb"},"inLanguage":"es","potentialAction":[{"@type":"ReadAction","target":["https:\/\/www.eldiario.net\/portal\/2021\/08\/16\/mas-del-47-de-poblacion-del-pais-recibio-vacuna-anticovid\/"]}]},{"@type":"BreadcrumbList","@id":"https:\/\/www.eldiario.net\/portal\/2021\/08\/16\/mas-del-47-de-poblacion-del-pais-recibio-vacuna-anticovid\/#breadcrumb","itemListElement":[{"@type":"ListItem","position":1,"name":"Portada","item":"https:\/\/www.eldiario.net\/portal\/"},{"@type":"ListItem","position":2,"name":"M\u00e1s del 47 % de poblaci\u00f3n del pa\u00eds recibi\u00f3 vacuna anticovid"}]},{"@type":"WebSite","@id":"https:\/\/www.eldiario.net\/portal\/#website","url":"https:\/\/www.eldiario.net\/portal\/","name":"El Diario - Decano de la prensa nacional","description":"El Diario - Decano de la prensa nacional","publisher":{"@id":"https:\/\/www.eldiario.net\/portal\/#organization"},"potentialAction":[{"@type":"SearchAction","target":{"@type":"EntryPoint","urlTemplate":"https:\/\/www.eldiario.net\/portal\/?s={search_term_string}"},"query-input":{"@type":"PropertyValueSpecification","valueRequired":true,"valueName":"search_term_string"}}],"inLanguage":"es"},{"@type":"Organization","@id":"https:\/\/www.eldiario.net\/portal\/#organization","name":"El Diario - Decano de la prensa nacional","url":"https:\/\/www.eldiario.net\/portal\/","logo":{"@type":"ImageObject","inLanguage":"es","@id":"https:\/\/www.eldiario.net\/portal\/#\/schema\/logo\/image\/","url":"https:\/\/www.eldiario.net\/portal\/wp-content\/uploads\/2023\/07\/logo_ED.jpg","contentUrl":"https:\/\/www.eldiario.net\/portal\/wp-content\/uploads\/2023\/07\/logo_ED.jpg","width":272,"height":52,"caption":"El Diario - Decano de la prensa nacional"},"image":{"@id":"https:\/\/www.eldiario.net\/portal\/#\/schema\/logo\/image\/"},"sameAs":["https:\/\/www.facebook.com\/eldiario.bolivia\/","https:\/\/x.com\/eldiario_net"]},{"@type":"Person","@id":"https:\/\/www.eldiario.net\/portal\/#\/schema\/person\/f46445640444750d7d753ccd04ae01b7","name":"Jeanette","image":{"@type":"ImageObject","inLanguage":"es","@id":"https:\/\/secure.gravatar.com\/avatar\/3ea2118a5f7dad2b7138b1187a6b7ee55f160b9968b66013c3a3ef39dd7e5798?s=96&d=mm&r=g","url":"https:\/\/secure.gravatar.com\/avatar\/3ea2118a5f7dad2b7138b1187a6b7ee55f160b9968b66013c3a3ef39dd7e5798?s=96&d=mm&r=g","contentUrl":"https:\/\/secure.gravatar.com\/avatar\/3ea2118a5f7dad2b7138b1187a6b7ee55f160b9968b66013c3a3ef39dd7e5798?s=96&d=mm&r=g","caption":"Jeanette"},"sameAs":["https:\/\/www.eldiario.net\/portal"],"url":"https:\/\/www.eldiario.net\/portal\/author\/jeanette\/"}]}},"_links":{"self":[{"href":"https:\/\/www.eldiario.net\/portal\/wp-json\/wp\/v2\/posts\/23777","targetHints":{"allow":["GET"]}}],"collection":[{"href":"https:\/\/www.eldiario.net\/portal\/wp-json\/wp\/v2\/posts"}],"about":[{"href":"https:\/\/www.eldiario.net\/portal\/wp-json\/wp\/v2\/types\/post"}],"author":[{"embeddable":true,"href":"https:\/\/www.eldiario.net\/portal\/wp-json\/wp\/v2\/users\/1"}],"replies":[{"embeddable":true,"href":"https:\/\/www.eldiario.net\/portal\/wp-json\/wp\/v2\/comments?post=23777"}],"version-history":[{"count":0,"href":"https:\/\/www.eldiario.net\/portal\/wp-json\/wp\/v2\/posts\/23777\/revisions"}],"wp:attachment":[{"href":"https:\/\/www.eldiario.net\/portal\/wp-json\/wp\/v2\/media?parent=23777"}],"wp:term":[{"taxonomy":"category","embeddable":true,"href":"https:\/\/www.eldiario.net\/portal\/wp-json\/wp\/v2\/categories?post=23777"},{"taxonomy":"post_tag","embeddable":true,"href":"https:\/\/www.eldiario.net\/portal\/wp-json\/wp\/v2\/tags?post=23777"}],"curies":[{"name":"wp","href":"https:\/\/api.w.org\/{rel}","templated":true}]}}