{"id":23767,"date":"2021-08-16T06:08:59","date_gmt":"2021-08-16T10:08:59","guid":{"rendered":"https:\/\/www.eldiario.net\/portal\/?p=23767"},"modified":"2021-08-16T06:08:59","modified_gmt":"2021-08-16T10:08:59","slug":"basura-televisiva-engendra-miseria-humana","status":"publish","type":"post","link":"https:\/\/www.eldiario.net\/portal\/2021\/08\/16\/basura-televisiva-engendra-miseria-humana\/","title":{"rendered":"Basura televisiva engendra miseria humana"},"content":{"rendered":"<p>A veces la televisi\u00f3n de mi casa est\u00e1 encendida y, de reojo, veo lo que transmite. Y todas las veces que eso ocurre siento tristeza, n\u00e1useas y repudio. Todas sensaciones malas. Y es que no solamente los noticieros est\u00e1n llenos de noticias de violaciones, asesinatos, escenas obscenas, miserias pol\u00edticas y llanto en general, sino que toda la programaci\u00f3n de la mayor\u00eda de los canales es basura que no aporta nada a la edificaci\u00f3n ni intelectual y mucho menos espiritual del televidente. Los medios nos han sumergido en una cultura de violencia y enfermedad.<br \/>\nNo s\u00e9 si es solo mi impresi\u00f3n, pero creo que los noticieros bolivianos est\u00e1n adquiriendo cada vez m\u00e1s un tono de cr\u00f3nica roja. Y no quiero decir con esto que las desventuras y los sufrimientos no deban ser contados, pero definitivamente el enfoque period\u00edstico deber\u00eda ser cambiado. Parecer\u00eda que la \u00e9tica period\u00edstica ya no existe, ni la preocupaci\u00f3n por la calidad del producto period\u00edstico. Y es que la industria period\u00edstica se est\u00e1 dejando llevar poco a poco por la ligereza, el mercado y el morbo que se enciende en la audiencia televisiva, sin importarle nada la degeneraci\u00f3n y la miseria a las que la est\u00e1 llevando.<br \/>\nHablo de los noticieros, que creo que son la m\u00e1s aguda expresi\u00f3n de lo mal que van las cosas. Pero tambi\u00e9n se puede mencionar los programas vespertinos, que son realmente embrutecedores. En este sentido, causa nostalgia saber que hubo programas del tipo que hizo Carlos Mesa junto con PAT. En el \u00e1rea del periodismo impreso, hubo ya hace varias d\u00e9cadas revistas literarias y culturales que dieron espacio a las ideas del esp\u00edritu y el arte, pero que duraron poco por la poca receptividad que la poblaci\u00f3n tiene hacia \u00e9stas. Es pues, el periodismo, el term\u00f3metro del nivel cultural de una sociedad.<br \/>\nPero volvamos a la televisi\u00f3n. La televisi\u00f3n extranjera tambi\u00e9n peca de ser no solo fr\u00edvola sino adem\u00e1s desmoralizadora. Hay, por ejemplo, un programa de demandas judiciales que se dirimen por el dictamen de una jueza que, martillo en mano, grita al fin \u00a1caso cerrado! En tal programa solamente se habla de violaciones, violencia dom\u00e9stica, pornograf\u00eda, borracheras y org\u00edas. Este programa se transmite tambi\u00e9n en canales nacionales y lo pasan en horarios pico por el consumo masivo que genera.<br \/>\nVolviendo al asunto del periodismo nacional, creo que, si queremos apuntalar una educaci\u00f3n y una moral sanas, deber\u00eda vetarse legalmente cierto tipo de contenido. Ello, repito, no quiere decir que no se deba contar las cosas malas, pero se las debe contar con tono edificante y de rectificaci\u00f3n. Por ejemplo: el suicidio. Creo que el suicidio no debe ser ocultado, m\u00e1s al contrario: debe ser tratado seriamente. Lo que s\u00ed se debe ocultar es la fotograf\u00eda del cad\u00e1ver sobre el asfalto, debajo del puente\u2026<br \/>\nEl deseo de ver lo morboso, como un voyerista, es innato del ser humano. Y como pocos tienen la claridad mental para darse cuenta de que ese tipo de shows son nocivos para la salud espiritual e intelectual, pocos evaden el morbo. Es cierto que, en alg\u00fan sentido, poner l\u00edmites legales a ese tipo de contenido supondr\u00eda atentar contra la libertad de prensa. Es por eso que la responsabilidad de poner freno a ello no recae tanto en los consumidores de basura televisiva o en los legisladores, cuanto en los medios de informaci\u00f3n y los mismos periodistas, quienes por iniciativa propia deber\u00edan callar ciertas cosas, pues en sus manos tienen una responsabilidad grande: contribuir al nivel cultural y educativo de su sociedad a trav\u00e9s de sus contenidos. No estamos pidiendo que transmitan programas de divulgaci\u00f3n cient\u00edfica o historia del arte, pues poqu\u00edsimos los ver\u00edan, sus audiencias se reducir\u00edan dram\u00e1ticamente y probablemente entrar\u00edan en la quiebra. Pero s\u00ed pedimos que no pasen programas tan sangrientos o tan est\u00fapidos.<\/p>\n<p>Ignacio Vera de Rada es profesor universitario.<\/p>\n","protected":false},"excerpt":{"rendered":"<p>A veces la televisi\u00f3n de mi casa est\u00e1 encendida y, de reojo, veo lo que transmite. Y todas las veces que eso ocurre siento tristeza, n\u00e1useas y repudio. Todas sensaciones malas. Y es que no solamente los noticieros est\u00e1n llenos de noticias de violaciones, asesinatos, escenas obscenas, miserias pol\u00edticas y llanto en general, sino que [&hellip;]<\/p>\n","protected":false},"author":1,"featured_media":6031,"comment_status":"closed","ping_status":"closed","sticky":false,"template":"","format":"standard","meta":{"_acf_changed":false,"footnotes":""},"categories":[9],"tags":[],"class_list":["post-23767","post","type-post","status-publish","format-standard","has-post-thumbnail","category-opinion"],"acf":{"antetitulo":""},"yoast_head":"<!-- This site is optimized with the Yoast SEO plugin v28.4 - https:\/\/yoast.com\/product\/yoast-seo-wordpress\/ -->\n<title>Basura televisiva engendra miseria humana - El Diario - Bolivia<\/title>\n<meta name=\"robots\" content=\"index, follow, max-snippet:-1, max-image-preview:large, max-video-preview:-1\" \/>\n<link rel=\"canonical\" href=\"https:\/\/www.eldiario.net\/portal\/2021\/08\/16\/basura-televisiva-engendra-miseria-humana\/\" \/>\n<meta property=\"og:locale\" content=\"es_ES\" \/>\n<meta property=\"og:type\" content=\"article\" \/>\n<meta property=\"og:title\" content=\"Basura televisiva engendra miseria humana - El Diario - Bolivia\" \/>\n<meta property=\"og:description\" content=\"A veces la televisi\u00f3n de mi casa est\u00e1 encendida y, de reojo, veo lo que transmite. Y todas las veces que eso ocurre siento tristeza, n\u00e1useas y repudio. Todas sensaciones malas. Y es que no solamente los noticieros est\u00e1n llenos de noticias de violaciones, asesinatos, escenas obscenas, miserias pol\u00edticas y llanto en general, sino que [&hellip;]\" \/>\n<meta property=\"og:url\" content=\"https:\/\/www.eldiario.net\/portal\/2021\/08\/16\/basura-televisiva-engendra-miseria-humana\/\" \/>\n<meta property=\"og:site_name\" content=\"El Diario - Bolivia\" \/>\n<meta property=\"article:publisher\" content=\"https:\/\/www.facebook.com\/eldiario.bolivia\/\" \/>\n<meta property=\"article:published_time\" content=\"2021-08-16T10:08:59+00:00\" \/>\n<meta property=\"og:image\" content=\"https:\/\/www.eldiario.net\/portal\/wp-content\/uploads\/2021\/05\/Ignacio-Vera-de-Rada.jpg\" \/>\n\t<meta property=\"og:image:width\" content=\"1200\" \/>\n\t<meta property=\"og:image:height\" content=\"628\" \/>\n\t<meta property=\"og:image:type\" content=\"image\/jpeg\" \/>\n<meta name=\"author\" content=\"Jeanette\" \/>\n<meta name=\"twitter:card\" content=\"summary_large_image\" \/>\n<meta name=\"twitter:creator\" content=\"@eldiario_net\" \/>\n<meta name=\"twitter:site\" content=\"@eldiario_net\" \/>\n<meta name=\"twitter:label1\" content=\"Escrito por\" \/>\n\t<meta name=\"twitter:data1\" content=\"Jeanette\" \/>\n\t<meta name=\"twitter:label2\" content=\"Tiempo de lectura\" \/>\n\t<meta name=\"twitter:data2\" content=\"3 minutos\" \/>\n<script type=\"application\/ld+json\" class=\"yoast-schema-graph\">{\"@context\":\"https:\\\/\\\/schema.org\",\"@graph\":[{\"@type\":\"Article\",\"@id\":\"https:\\\/\\\/www.eldiario.net\\\/portal\\\/2021\\\/08\\\/16\\\/basura-televisiva-engendra-miseria-humana\\\/#article\",\"isPartOf\":{\"@id\":\"https:\\\/\\\/www.eldiario.net\\\/portal\\\/2021\\\/08\\\/16\\\/basura-televisiva-engendra-miseria-humana\\\/\"},\"author\":{\"name\":\"Jeanette\",\"@id\":\"https:\\\/\\\/www.eldiario.net\\\/portal\\\/#\\\/schema\\\/person\\\/f46445640444750d7d753ccd04ae01b7\"},\"headline\":\"Basura televisiva engendra miseria humana\",\"datePublished\":\"2021-08-16T10:08:59+00:00\",\"mainEntityOfPage\":{\"@id\":\"https:\\\/\\\/www.eldiario.net\\\/portal\\\/2021\\\/08\\\/16\\\/basura-televisiva-engendra-miseria-humana\\\/\"},\"wordCount\":696,\"publisher\":{\"@id\":\"https:\\\/\\\/www.eldiario.net\\\/portal\\\/#organization\"},\"image\":{\"@id\":\"https:\\\/\\\/www.eldiario.net\\\/portal\\\/2021\\\/08\\\/16\\\/basura-televisiva-engendra-miseria-humana\\\/#primaryimage\"},\"thumbnailUrl\":\"https:\\\/\\\/www.eldiario.net\\\/portal\\\/wp-content\\\/uploads\\\/2021\\\/05\\\/Ignacio-Vera-de-Rada.jpg\",\"articleSection\":[\"Opini\u00f3n\"],\"inLanguage\":\"es\"},{\"@type\":\"WebPage\",\"@id\":\"https:\\\/\\\/www.eldiario.net\\\/portal\\\/2021\\\/08\\\/16\\\/basura-televisiva-engendra-miseria-humana\\\/\",\"url\":\"https:\\\/\\\/www.eldiario.net\\\/portal\\\/2021\\\/08\\\/16\\\/basura-televisiva-engendra-miseria-humana\\\/\",\"name\":\"Basura televisiva engendra miseria humana - El Diario - Bolivia\",\"isPartOf\":{\"@id\":\"https:\\\/\\\/www.eldiario.net\\\/portal\\\/#website\"},\"primaryImageOfPage\":{\"@id\":\"https:\\\/\\\/www.eldiario.net\\\/portal\\\/2021\\\/08\\\/16\\\/basura-televisiva-engendra-miseria-humana\\\/#primaryimage\"},\"image\":{\"@id\":\"https:\\\/\\\/www.eldiario.net\\\/portal\\\/2021\\\/08\\\/16\\\/basura-televisiva-engendra-miseria-humana\\\/#primaryimage\"},\"thumbnailUrl\":\"https:\\\/\\\/www.eldiario.net\\\/portal\\\/wp-content\\\/uploads\\\/2021\\\/05\\\/Ignacio-Vera-de-Rada.jpg\",\"datePublished\":\"2021-08-16T10:08:59+00:00\",\"breadcrumb\":{\"@id\":\"https:\\\/\\\/www.eldiario.net\\\/portal\\\/2021\\\/08\\\/16\\\/basura-televisiva-engendra-miseria-humana\\\/#breadcrumb\"},\"inLanguage\":\"es\",\"potentialAction\":[{\"@type\":\"ReadAction\",\"target\":[\"https:\\\/\\\/www.eldiario.net\\\/portal\\\/2021\\\/08\\\/16\\\/basura-televisiva-engendra-miseria-humana\\\/\"]}]},{\"@type\":\"ImageObject\",\"inLanguage\":\"es\",\"@id\":\"https:\\\/\\\/www.eldiario.net\\\/portal\\\/2021\\\/08\\\/16\\\/basura-televisiva-engendra-miseria-humana\\\/#primaryimage\",\"url\":\"https:\\\/\\\/www.eldiario.net\\\/portal\\\/wp-content\\\/uploads\\\/2021\\\/05\\\/Ignacio-Vera-de-Rada.jpg\",\"contentUrl\":\"https:\\\/\\\/www.eldiario.net\\\/portal\\\/wp-content\\\/uploads\\\/2021\\\/05\\\/Ignacio-Vera-de-Rada.jpg\",\"width\":1200,\"height\":628},{\"@type\":\"BreadcrumbList\",\"@id\":\"https:\\\/\\\/www.eldiario.net\\\/portal\\\/2021\\\/08\\\/16\\\/basura-televisiva-engendra-miseria-humana\\\/#breadcrumb\",\"itemListElement\":[{\"@type\":\"ListItem\",\"position\":1,\"name\":\"Portada\",\"item\":\"https:\\\/\\\/www.eldiario.net\\\/portal\\\/\"},{\"@type\":\"ListItem\",\"position\":2,\"name\":\"Basura televisiva engendra miseria humana\"}]},{\"@type\":\"WebSite\",\"@id\":\"https:\\\/\\\/www.eldiario.net\\\/portal\\\/#website\",\"url\":\"https:\\\/\\\/www.eldiario.net\\\/portal\\\/\",\"name\":\"El Diario - Decano de la prensa nacional\",\"description\":\"El Diario - Decano de la prensa nacional\",\"publisher\":{\"@id\":\"https:\\\/\\\/www.eldiario.net\\\/portal\\\/#organization\"},\"potentialAction\":[{\"@type\":\"SearchAction\",\"target\":{\"@type\":\"EntryPoint\",\"urlTemplate\":\"https:\\\/\\\/www.eldiario.net\\\/portal\\\/?s={search_term_string}\"},\"query-input\":{\"@type\":\"PropertyValueSpecification\",\"valueRequired\":true,\"valueName\":\"search_term_string\"}}],\"inLanguage\":\"es\"},{\"@type\":\"Organization\",\"@id\":\"https:\\\/\\\/www.eldiario.net\\\/portal\\\/#organization\",\"name\":\"El Diario - Decano de la prensa nacional\",\"url\":\"https:\\\/\\\/www.eldiario.net\\\/portal\\\/\",\"logo\":{\"@type\":\"ImageObject\",\"inLanguage\":\"es\",\"@id\":\"https:\\\/\\\/www.eldiario.net\\\/portal\\\/#\\\/schema\\\/logo\\\/image\\\/\",\"url\":\"https:\\\/\\\/www.eldiario.net\\\/portal\\\/wp-content\\\/uploads\\\/2023\\\/07\\\/logo_ED.jpg\",\"contentUrl\":\"https:\\\/\\\/www.eldiario.net\\\/portal\\\/wp-content\\\/uploads\\\/2023\\\/07\\\/logo_ED.jpg\",\"width\":272,\"height\":52,\"caption\":\"El Diario - Decano de la prensa nacional\"},\"image\":{\"@id\":\"https:\\\/\\\/www.eldiario.net\\\/portal\\\/#\\\/schema\\\/logo\\\/image\\\/\"},\"sameAs\":[\"https:\\\/\\\/www.facebook.com\\\/eldiario.bolivia\\\/\",\"https:\\\/\\\/x.com\\\/eldiario_net\"]},{\"@type\":\"Person\",\"@id\":\"https:\\\/\\\/www.eldiario.net\\\/portal\\\/#\\\/schema\\\/person\\\/f46445640444750d7d753ccd04ae01b7\",\"name\":\"Jeanette\",\"image\":{\"@type\":\"ImageObject\",\"inLanguage\":\"es\",\"@id\":\"https:\\\/\\\/secure.gravatar.com\\\/avatar\\\/3ea2118a5f7dad2b7138b1187a6b7ee55f160b9968b66013c3a3ef39dd7e5798?s=96&d=mm&r=g\",\"url\":\"https:\\\/\\\/secure.gravatar.com\\\/avatar\\\/3ea2118a5f7dad2b7138b1187a6b7ee55f160b9968b66013c3a3ef39dd7e5798?s=96&d=mm&r=g\",\"contentUrl\":\"https:\\\/\\\/secure.gravatar.com\\\/avatar\\\/3ea2118a5f7dad2b7138b1187a6b7ee55f160b9968b66013c3a3ef39dd7e5798?s=96&d=mm&r=g\",\"caption\":\"Jeanette\"},\"sameAs\":[\"https:\\\/\\\/www.eldiario.net\\\/portal\"],\"url\":\"https:\\\/\\\/www.eldiario.net\\\/portal\\\/author\\\/jeanette\\\/\"}]}<\/script>\n<!-- \/ Yoast SEO plugin. -->","yoast_head_json":{"title":"Basura televisiva engendra miseria humana - El Diario - Bolivia","robots":{"index":"index","follow":"follow","max-snippet":"max-snippet:-1","max-image-preview":"max-image-preview:large","max-video-preview":"max-video-preview:-1"},"canonical":"https:\/\/www.eldiario.net\/portal\/2021\/08\/16\/basura-televisiva-engendra-miseria-humana\/","og_locale":"es_ES","og_type":"article","og_title":"Basura televisiva engendra miseria humana - El Diario - Bolivia","og_description":"A veces la televisi\u00f3n de mi casa est\u00e1 encendida y, de reojo, veo lo que transmite. Y todas las veces que eso ocurre siento tristeza, n\u00e1useas y repudio. Todas sensaciones malas. Y es que no solamente los noticieros est\u00e1n llenos de noticias de violaciones, asesinatos, escenas obscenas, miserias pol\u00edticas y llanto en general, sino que [&hellip;]","og_url":"https:\/\/www.eldiario.net\/portal\/2021\/08\/16\/basura-televisiva-engendra-miseria-humana\/","og_site_name":"El Diario - Bolivia","article_publisher":"https:\/\/www.facebook.com\/eldiario.bolivia\/","article_published_time":"2021-08-16T10:08:59+00:00","og_image":[{"width":1200,"height":628,"url":"https:\/\/www.eldiario.net\/portal\/wp-content\/uploads\/2021\/05\/Ignacio-Vera-de-Rada.jpg","type":"image\/jpeg"}],"author":"Jeanette","twitter_card":"summary_large_image","twitter_creator":"@eldiario_net","twitter_site":"@eldiario_net","twitter_misc":{"Escrito por":"Jeanette","Tiempo de lectura":"3 minutos"},"schema":{"@context":"https:\/\/schema.org","@graph":[{"@type":"Article","@id":"https:\/\/www.eldiario.net\/portal\/2021\/08\/16\/basura-televisiva-engendra-miseria-humana\/#article","isPartOf":{"@id":"https:\/\/www.eldiario.net\/portal\/2021\/08\/16\/basura-televisiva-engendra-miseria-humana\/"},"author":{"name":"Jeanette","@id":"https:\/\/www.eldiario.net\/portal\/#\/schema\/person\/f46445640444750d7d753ccd04ae01b7"},"headline":"Basura televisiva engendra miseria humana","datePublished":"2021-08-16T10:08:59+00:00","mainEntityOfPage":{"@id":"https:\/\/www.eldiario.net\/portal\/2021\/08\/16\/basura-televisiva-engendra-miseria-humana\/"},"wordCount":696,"publisher":{"@id":"https:\/\/www.eldiario.net\/portal\/#organization"},"image":{"@id":"https:\/\/www.eldiario.net\/portal\/2021\/08\/16\/basura-televisiva-engendra-miseria-humana\/#primaryimage"},"thumbnailUrl":"https:\/\/www.eldiario.net\/portal\/wp-content\/uploads\/2021\/05\/Ignacio-Vera-de-Rada.jpg","articleSection":["Opini\u00f3n"],"inLanguage":"es"},{"@type":"WebPage","@id":"https:\/\/www.eldiario.net\/portal\/2021\/08\/16\/basura-televisiva-engendra-miseria-humana\/","url":"https:\/\/www.eldiario.net\/portal\/2021\/08\/16\/basura-televisiva-engendra-miseria-humana\/","name":"Basura televisiva engendra miseria humana - El Diario - Bolivia","isPartOf":{"@id":"https:\/\/www.eldiario.net\/portal\/#website"},"primaryImageOfPage":{"@id":"https:\/\/www.eldiario.net\/portal\/2021\/08\/16\/basura-televisiva-engendra-miseria-humana\/#primaryimage"},"image":{"@id":"https:\/\/www.eldiario.net\/portal\/2021\/08\/16\/basura-televisiva-engendra-miseria-humana\/#primaryimage"},"thumbnailUrl":"https:\/\/www.eldiario.net\/portal\/wp-content\/uploads\/2021\/05\/Ignacio-Vera-de-Rada.jpg","datePublished":"2021-08-16T10:08:59+00:00","breadcrumb":{"@id":"https:\/\/www.eldiario.net\/portal\/2021\/08\/16\/basura-televisiva-engendra-miseria-humana\/#breadcrumb"},"inLanguage":"es","potentialAction":[{"@type":"ReadAction","target":["https:\/\/www.eldiario.net\/portal\/2021\/08\/16\/basura-televisiva-engendra-miseria-humana\/"]}]},{"@type":"ImageObject","inLanguage":"es","@id":"https:\/\/www.eldiario.net\/portal\/2021\/08\/16\/basura-televisiva-engendra-miseria-humana\/#primaryimage","url":"https:\/\/www.eldiario.net\/portal\/wp-content\/uploads\/2021\/05\/Ignacio-Vera-de-Rada.jpg","contentUrl":"https:\/\/www.eldiario.net\/portal\/wp-content\/uploads\/2021\/05\/Ignacio-Vera-de-Rada.jpg","width":1200,"height":628},{"@type":"BreadcrumbList","@id":"https:\/\/www.eldiario.net\/portal\/2021\/08\/16\/basura-televisiva-engendra-miseria-humana\/#breadcrumb","itemListElement":[{"@type":"ListItem","position":1,"name":"Portada","item":"https:\/\/www.eldiario.net\/portal\/"},{"@type":"ListItem","position":2,"name":"Basura televisiva engendra miseria humana"}]},{"@type":"WebSite","@id":"https:\/\/www.eldiario.net\/portal\/#website","url":"https:\/\/www.eldiario.net\/portal\/","name":"El Diario - Decano de la prensa nacional","description":"El Diario - Decano de la prensa nacional","publisher":{"@id":"https:\/\/www.eldiario.net\/portal\/#organization"},"potentialAction":[{"@type":"SearchAction","target":{"@type":"EntryPoint","urlTemplate":"https:\/\/www.eldiario.net\/portal\/?s={search_term_string}"},"query-input":{"@type":"PropertyValueSpecification","valueRequired":true,"valueName":"search_term_string"}}],"inLanguage":"es"},{"@type":"Organization","@id":"https:\/\/www.eldiario.net\/portal\/#organization","name":"El Diario - Decano de la prensa nacional","url":"https:\/\/www.eldiario.net\/portal\/","logo":{"@type":"ImageObject","inLanguage":"es","@id":"https:\/\/www.eldiario.net\/portal\/#\/schema\/logo\/image\/","url":"https:\/\/www.eldiario.net\/portal\/wp-content\/uploads\/2023\/07\/logo_ED.jpg","contentUrl":"https:\/\/www.eldiario.net\/portal\/wp-content\/uploads\/2023\/07\/logo_ED.jpg","width":272,"height":52,"caption":"El Diario - Decano de la prensa nacional"},"image":{"@id":"https:\/\/www.eldiario.net\/portal\/#\/schema\/logo\/image\/"},"sameAs":["https:\/\/www.facebook.com\/eldiario.bolivia\/","https:\/\/x.com\/eldiario_net"]},{"@type":"Person","@id":"https:\/\/www.eldiario.net\/portal\/#\/schema\/person\/f46445640444750d7d753ccd04ae01b7","name":"Jeanette","image":{"@type":"ImageObject","inLanguage":"es","@id":"https:\/\/secure.gravatar.com\/avatar\/3ea2118a5f7dad2b7138b1187a6b7ee55f160b9968b66013c3a3ef39dd7e5798?s=96&d=mm&r=g","url":"https:\/\/secure.gravatar.com\/avatar\/3ea2118a5f7dad2b7138b1187a6b7ee55f160b9968b66013c3a3ef39dd7e5798?s=96&d=mm&r=g","contentUrl":"https:\/\/secure.gravatar.com\/avatar\/3ea2118a5f7dad2b7138b1187a6b7ee55f160b9968b66013c3a3ef39dd7e5798?s=96&d=mm&r=g","caption":"Jeanette"},"sameAs":["https:\/\/www.eldiario.net\/portal"],"url":"https:\/\/www.eldiario.net\/portal\/author\/jeanette\/"}]}},"_links":{"self":[{"href":"https:\/\/www.eldiario.net\/portal\/wp-json\/wp\/v2\/posts\/23767","targetHints":{"allow":["GET"]}}],"collection":[{"href":"https:\/\/www.eldiario.net\/portal\/wp-json\/wp\/v2\/posts"}],"about":[{"href":"https:\/\/www.eldiario.net\/portal\/wp-json\/wp\/v2\/types\/post"}],"author":[{"embeddable":true,"href":"https:\/\/www.eldiario.net\/portal\/wp-json\/wp\/v2\/users\/1"}],"replies":[{"embeddable":true,"href":"https:\/\/www.eldiario.net\/portal\/wp-json\/wp\/v2\/comments?post=23767"}],"version-history":[{"count":0,"href":"https:\/\/www.eldiario.net\/portal\/wp-json\/wp\/v2\/posts\/23767\/revisions"}],"wp:featuredmedia":[{"embeddable":true,"href":"https:\/\/www.eldiario.net\/portal\/wp-json\/wp\/v2\/media\/6031"}],"wp:attachment":[{"href":"https:\/\/www.eldiario.net\/portal\/wp-json\/wp\/v2\/media?parent=23767"}],"wp:term":[{"taxonomy":"category","embeddable":true,"href":"https:\/\/www.eldiario.net\/portal\/wp-json\/wp\/v2\/categories?post=23767"},{"taxonomy":"post_tag","embeddable":true,"href":"https:\/\/www.eldiario.net\/portal\/wp-json\/wp\/v2\/tags?post=23767"}],"curies":[{"name":"wp","href":"https:\/\/api.w.org\/{rel}","templated":true}]}}