{"id":23765,"date":"2021-08-16T06:08:08","date_gmt":"2021-08-16T10:08:08","guid":{"rendered":"https:\/\/www.eldiario.net\/portal\/?p=23765"},"modified":"2021-08-16T06:08:08","modified_gmt":"2021-08-16T10:08:08","slug":"el-destino-de-los-partidos","status":"publish","type":"post","link":"https:\/\/www.eldiario.net\/portal\/2021\/08\/16\/el-destino-de-los-partidos\/","title":{"rendered":"El destino de los partidos"},"content":{"rendered":"<p>La pol\u00edtica boliviana est\u00e1 plagada por hechos ins\u00f3litos e inconcebibles, que conmovieron, en muchas ocasiones, no s\u00f3lo a la regi\u00f3n, sino al mundo. Una actividad ingrata, desleal y desacreditada, que tiene sus propios bemoles, que siempre ha restado esfuerzos y dividido al pa\u00eds. Que ha promovido actos de incomprensi\u00f3n e intolerancia, en desmedro de la unidad nacional.<br \/>\nEl debilitamiento de algunos partidos, en la arena de las lides pol\u00edticas, fue el resultado de pugnas, discrepancias y peleas internas, que tocaron fondo, en su momento, marcando el retroceso, de manera traum\u00e1tica. No exist\u00edan se\u00f1ales de reconciliaci\u00f3n que pudieran propiciar la reunificaci\u00f3n. No hab\u00eda ni la menor predisposici\u00f3n para arriar las banderas del divisionismo. La suerte estaba echada y tendr\u00edan que buscar la manera de sobrevivir.<br \/>\nSus jerarcas, ante esta situaci\u00f3n, caminaron sobre ascuas, con el \u201cJes\u00fas en la boca\u201d, inmersos en la desesperaci\u00f3n y la angustia. Golpeados por la adversidad, inesperada. Tratando de maquinar cierta apariencia de unidad. Pero la manzana de la discordia hab\u00eda logrado introducirse, da\u00f1ando la armon\u00eda, la concertaci\u00f3n y unidad partidarias. Ello ha ocurrido en todo tiempo. En consecuencia: hemos asistido en el pa\u00eds al debilitamiento, y en algunos casos al \u201centierro\u201d, de muchos. Unos grandes y otros peque\u00f1os. Populares e impopulares, entre ellos.<br \/>\nPodemos anotar algunos problemas que ocasionaron la ruina partidaria. Por ah\u00ed se ha mencionado el hecho de haber incurrido en desviacionismo, en tergiversaci\u00f3n o se haya apartado del pensamiento program\u00e1tico. Asimismo, el incumplimiento de ofertas electorales, el favoritismo o la imposici\u00f3n, tan rechazada. Ah\u00ed es cuando vino la desgracia.<br \/>\nEl partido m\u00e1s influyente, de esencia revolucionaria, de los a\u00f1os 50 del siglo pasado, por decir, acab\u00f3 debilitado, hasta nuestros d\u00edas, posiblemente por los problemas que hemos mencionado. Hab\u00eda tomado, en el gobierno, las medidas de transformaci\u00f3n m\u00e1s significativas. Hab\u00eda promovido el verdadero cambio, fundado en la teor\u00eda de alianza de clases, con miras a un futuro mejor. Sus acciones gubernamentales jam\u00e1s fueron revertidas ni por las dictaduras militares m\u00e1s recalcitrantes. Desde esas jornadas, a la fecha, los gobiernos de turno, de tendencia derechista o izquierdista, trabajaron buscando la profundizaci\u00f3n de aqu\u00e9llas. De veras que toda instituci\u00f3n tiene su ciclo de vida. Nada ni nadie es imperecedero.<br \/>\nLos errores contribuyeron al desgaste, al debilitamiento y el fraccionamiento de dicho partido, que tuvo, como bien sabemos, la oportunidad de saborear la miel del Poder, por muchos a\u00f1os. Los excesos profundizaron las diferencias, entre los moderados y duros. El oportunismo, aport\u00f3 con su cuota parte. Los apetitos personales, de grupo o intereses creados, acarrearon el divisionismo, hasta sellar su devastaci\u00f3n. Muchos quisieron medrar, pocos se pusieron a trabajar por la unidad.<br \/>\nTodos quisieron liderar, a su modo y de acuerdo con su inspiraci\u00f3n pol\u00edtica, a ese \u201cgigante\u201d, que hab\u00eda nacionalizado las minas y distribuido la tierra a los que trabajaban. Hab\u00eda introducido el voto universal y aplicado la reforma educativa.<br \/>\nEn suma: he ah\u00ed el destino que corren los partidos pol\u00edticos\u2026<\/p>\n","protected":false},"excerpt":{"rendered":"<p>La pol\u00edtica boliviana est\u00e1 plagada por hechos ins\u00f3litos e inconcebibles, que conmovieron, en muchas ocasiones, no s\u00f3lo a la regi\u00f3n, sino al mundo. Una actividad ingrata, desleal y desacreditada, que tiene sus propios bemoles, que siempre ha restado esfuerzos y dividido al pa\u00eds. Que ha promovido actos de incomprensi\u00f3n e intolerancia, en desmedro de la [&hellip;]<\/p>\n","protected":false},"author":1,"featured_media":3790,"comment_status":"closed","ping_status":"closed","sticky":false,"template":"","format":"standard","meta":{"_acf_changed":false,"footnotes":""},"categories":[9],"tags":[],"class_list":["post-23765","post","type-post","status-publish","format-standard","has-post-thumbnail","category-opinion"],"acf":{"antetitulo":""},"yoast_head":"<!-- This site is optimized with the Yoast SEO plugin v28.4 - https:\/\/yoast.com\/product\/yoast-seo-wordpress\/ -->\n<title>El destino de los partidos - El Diario - Bolivia<\/title>\n<meta name=\"robots\" content=\"index, follow, max-snippet:-1, max-image-preview:large, max-video-preview:-1\" \/>\n<link rel=\"canonical\" href=\"https:\/\/www.eldiario.net\/portal\/2021\/08\/16\/el-destino-de-los-partidos\/\" \/>\n<meta property=\"og:locale\" content=\"es_ES\" \/>\n<meta property=\"og:type\" content=\"article\" \/>\n<meta property=\"og:title\" content=\"El destino de los partidos - El Diario - Bolivia\" \/>\n<meta property=\"og:description\" content=\"La pol\u00edtica boliviana est\u00e1 plagada por hechos ins\u00f3litos e inconcebibles, que conmovieron, en muchas ocasiones, no s\u00f3lo a la regi\u00f3n, sino al mundo. Una actividad ingrata, desleal y desacreditada, que tiene sus propios bemoles, que siempre ha restado esfuerzos y dividido al pa\u00eds. Que ha promovido actos de incomprensi\u00f3n e intolerancia, en desmedro de la [&hellip;]\" \/>\n<meta property=\"og:url\" content=\"https:\/\/www.eldiario.net\/portal\/2021\/08\/16\/el-destino-de-los-partidos\/\" \/>\n<meta property=\"og:site_name\" content=\"El Diario - Bolivia\" \/>\n<meta property=\"article:publisher\" content=\"https:\/\/www.facebook.com\/eldiario.bolivia\/\" \/>\n<meta property=\"article:published_time\" content=\"2021-08-16T10:08:08+00:00\" \/>\n<meta name=\"author\" content=\"Jeanette\" \/>\n<meta name=\"twitter:card\" content=\"summary_large_image\" \/>\n<meta name=\"twitter:creator\" content=\"@eldiario_net\" \/>\n<meta name=\"twitter:site\" content=\"@eldiario_net\" \/>\n<meta name=\"twitter:label1\" content=\"Escrito por\" \/>\n\t<meta name=\"twitter:data1\" content=\"Jeanette\" \/>\n\t<meta name=\"twitter:label2\" content=\"Tiempo de lectura\" \/>\n\t<meta name=\"twitter:data2\" content=\"3 minutos\" \/>\n<script type=\"application\/ld+json\" class=\"yoast-schema-graph\">{\"@context\":\"https:\\\/\\\/schema.org\",\"@graph\":[{\"@type\":\"Article\",\"@id\":\"https:\\\/\\\/www.eldiario.net\\\/portal\\\/2021\\\/08\\\/16\\\/el-destino-de-los-partidos\\\/#article\",\"isPartOf\":{\"@id\":\"https:\\\/\\\/www.eldiario.net\\\/portal\\\/2021\\\/08\\\/16\\\/el-destino-de-los-partidos\\\/\"},\"author\":{\"name\":\"Jeanette\",\"@id\":\"https:\\\/\\\/www.eldiario.net\\\/portal\\\/#\\\/schema\\\/person\\\/f46445640444750d7d753ccd04ae01b7\"},\"headline\":\"El destino de los partidos\",\"datePublished\":\"2021-08-16T10:08:08+00:00\",\"mainEntityOfPage\":{\"@id\":\"https:\\\/\\\/www.eldiario.net\\\/portal\\\/2021\\\/08\\\/16\\\/el-destino-de-los-partidos\\\/\"},\"wordCount\":536,\"publisher\":{\"@id\":\"https:\\\/\\\/www.eldiario.net\\\/portal\\\/#organization\"},\"image\":{\"@id\":\"https:\\\/\\\/www.eldiario.net\\\/portal\\\/2021\\\/08\\\/16\\\/el-destino-de-los-partidos\\\/#primaryimage\"},\"thumbnailUrl\":\"\",\"articleSection\":[\"Opini\u00f3n\"],\"inLanguage\":\"es\"},{\"@type\":\"WebPage\",\"@id\":\"https:\\\/\\\/www.eldiario.net\\\/portal\\\/2021\\\/08\\\/16\\\/el-destino-de-los-partidos\\\/\",\"url\":\"https:\\\/\\\/www.eldiario.net\\\/portal\\\/2021\\\/08\\\/16\\\/el-destino-de-los-partidos\\\/\",\"name\":\"El destino de los partidos - El Diario - Bolivia\",\"isPartOf\":{\"@id\":\"https:\\\/\\\/www.eldiario.net\\\/portal\\\/#website\"},\"primaryImageOfPage\":{\"@id\":\"https:\\\/\\\/www.eldiario.net\\\/portal\\\/2021\\\/08\\\/16\\\/el-destino-de-los-partidos\\\/#primaryimage\"},\"image\":{\"@id\":\"https:\\\/\\\/www.eldiario.net\\\/portal\\\/2021\\\/08\\\/16\\\/el-destino-de-los-partidos\\\/#primaryimage\"},\"thumbnailUrl\":\"\",\"datePublished\":\"2021-08-16T10:08:08+00:00\",\"breadcrumb\":{\"@id\":\"https:\\\/\\\/www.eldiario.net\\\/portal\\\/2021\\\/08\\\/16\\\/el-destino-de-los-partidos\\\/#breadcrumb\"},\"inLanguage\":\"es\",\"potentialAction\":[{\"@type\":\"ReadAction\",\"target\":[\"https:\\\/\\\/www.eldiario.net\\\/portal\\\/2021\\\/08\\\/16\\\/el-destino-de-los-partidos\\\/\"]}]},{\"@type\":\"ImageObject\",\"inLanguage\":\"es\",\"@id\":\"https:\\\/\\\/www.eldiario.net\\\/portal\\\/2021\\\/08\\\/16\\\/el-destino-de-los-partidos\\\/#primaryimage\",\"url\":\"\",\"contentUrl\":\"\"},{\"@type\":\"BreadcrumbList\",\"@id\":\"https:\\\/\\\/www.eldiario.net\\\/portal\\\/2021\\\/08\\\/16\\\/el-destino-de-los-partidos\\\/#breadcrumb\",\"itemListElement\":[{\"@type\":\"ListItem\",\"position\":1,\"name\":\"Portada\",\"item\":\"https:\\\/\\\/www.eldiario.net\\\/portal\\\/\"},{\"@type\":\"ListItem\",\"position\":2,\"name\":\"El destino de los partidos\"}]},{\"@type\":\"WebSite\",\"@id\":\"https:\\\/\\\/www.eldiario.net\\\/portal\\\/#website\",\"url\":\"https:\\\/\\\/www.eldiario.net\\\/portal\\\/\",\"name\":\"El Diario - Decano de la prensa nacional\",\"description\":\"El Diario - Decano de la prensa nacional\",\"publisher\":{\"@id\":\"https:\\\/\\\/www.eldiario.net\\\/portal\\\/#organization\"},\"potentialAction\":[{\"@type\":\"SearchAction\",\"target\":{\"@type\":\"EntryPoint\",\"urlTemplate\":\"https:\\\/\\\/www.eldiario.net\\\/portal\\\/?s={search_term_string}\"},\"query-input\":{\"@type\":\"PropertyValueSpecification\",\"valueRequired\":true,\"valueName\":\"search_term_string\"}}],\"inLanguage\":\"es\"},{\"@type\":\"Organization\",\"@id\":\"https:\\\/\\\/www.eldiario.net\\\/portal\\\/#organization\",\"name\":\"El Diario - Decano de la prensa nacional\",\"url\":\"https:\\\/\\\/www.eldiario.net\\\/portal\\\/\",\"logo\":{\"@type\":\"ImageObject\",\"inLanguage\":\"es\",\"@id\":\"https:\\\/\\\/www.eldiario.net\\\/portal\\\/#\\\/schema\\\/logo\\\/image\\\/\",\"url\":\"https:\\\/\\\/www.eldiario.net\\\/portal\\\/wp-content\\\/uploads\\\/2023\\\/07\\\/logo_ED.jpg\",\"contentUrl\":\"https:\\\/\\\/www.eldiario.net\\\/portal\\\/wp-content\\\/uploads\\\/2023\\\/07\\\/logo_ED.jpg\",\"width\":272,\"height\":52,\"caption\":\"El Diario - Decano de la prensa nacional\"},\"image\":{\"@id\":\"https:\\\/\\\/www.eldiario.net\\\/portal\\\/#\\\/schema\\\/logo\\\/image\\\/\"},\"sameAs\":[\"https:\\\/\\\/www.facebook.com\\\/eldiario.bolivia\\\/\",\"https:\\\/\\\/x.com\\\/eldiario_net\"]},{\"@type\":\"Person\",\"@id\":\"https:\\\/\\\/www.eldiario.net\\\/portal\\\/#\\\/schema\\\/person\\\/f46445640444750d7d753ccd04ae01b7\",\"name\":\"Jeanette\",\"image\":{\"@type\":\"ImageObject\",\"inLanguage\":\"es\",\"@id\":\"https:\\\/\\\/secure.gravatar.com\\\/avatar\\\/3ea2118a5f7dad2b7138b1187a6b7ee55f160b9968b66013c3a3ef39dd7e5798?s=96&d=mm&r=g\",\"url\":\"https:\\\/\\\/secure.gravatar.com\\\/avatar\\\/3ea2118a5f7dad2b7138b1187a6b7ee55f160b9968b66013c3a3ef39dd7e5798?s=96&d=mm&r=g\",\"contentUrl\":\"https:\\\/\\\/secure.gravatar.com\\\/avatar\\\/3ea2118a5f7dad2b7138b1187a6b7ee55f160b9968b66013c3a3ef39dd7e5798?s=96&d=mm&r=g\",\"caption\":\"Jeanette\"},\"sameAs\":[\"https:\\\/\\\/www.eldiario.net\\\/portal\"],\"url\":\"https:\\\/\\\/www.eldiario.net\\\/portal\\\/author\\\/jeanette\\\/\"}]}<\/script>\n<!-- \/ Yoast SEO plugin. -->","yoast_head_json":{"title":"El destino de los partidos - El Diario - Bolivia","robots":{"index":"index","follow":"follow","max-snippet":"max-snippet:-1","max-image-preview":"max-image-preview:large","max-video-preview":"max-video-preview:-1"},"canonical":"https:\/\/www.eldiario.net\/portal\/2021\/08\/16\/el-destino-de-los-partidos\/","og_locale":"es_ES","og_type":"article","og_title":"El destino de los partidos - El Diario - Bolivia","og_description":"La pol\u00edtica boliviana est\u00e1 plagada por hechos ins\u00f3litos e inconcebibles, que conmovieron, en muchas ocasiones, no s\u00f3lo a la regi\u00f3n, sino al mundo. Una actividad ingrata, desleal y desacreditada, que tiene sus propios bemoles, que siempre ha restado esfuerzos y dividido al pa\u00eds. Que ha promovido actos de incomprensi\u00f3n e intolerancia, en desmedro de la [&hellip;]","og_url":"https:\/\/www.eldiario.net\/portal\/2021\/08\/16\/el-destino-de-los-partidos\/","og_site_name":"El Diario - Bolivia","article_publisher":"https:\/\/www.facebook.com\/eldiario.bolivia\/","article_published_time":"2021-08-16T10:08:08+00:00","author":"Jeanette","twitter_card":"summary_large_image","twitter_creator":"@eldiario_net","twitter_site":"@eldiario_net","twitter_misc":{"Escrito por":"Jeanette","Tiempo de lectura":"3 minutos"},"schema":{"@context":"https:\/\/schema.org","@graph":[{"@type":"Article","@id":"https:\/\/www.eldiario.net\/portal\/2021\/08\/16\/el-destino-de-los-partidos\/#article","isPartOf":{"@id":"https:\/\/www.eldiario.net\/portal\/2021\/08\/16\/el-destino-de-los-partidos\/"},"author":{"name":"Jeanette","@id":"https:\/\/www.eldiario.net\/portal\/#\/schema\/person\/f46445640444750d7d753ccd04ae01b7"},"headline":"El destino de los partidos","datePublished":"2021-08-16T10:08:08+00:00","mainEntityOfPage":{"@id":"https:\/\/www.eldiario.net\/portal\/2021\/08\/16\/el-destino-de-los-partidos\/"},"wordCount":536,"publisher":{"@id":"https:\/\/www.eldiario.net\/portal\/#organization"},"image":{"@id":"https:\/\/www.eldiario.net\/portal\/2021\/08\/16\/el-destino-de-los-partidos\/#primaryimage"},"thumbnailUrl":"","articleSection":["Opini\u00f3n"],"inLanguage":"es"},{"@type":"WebPage","@id":"https:\/\/www.eldiario.net\/portal\/2021\/08\/16\/el-destino-de-los-partidos\/","url":"https:\/\/www.eldiario.net\/portal\/2021\/08\/16\/el-destino-de-los-partidos\/","name":"El destino de los partidos - El Diario - Bolivia","isPartOf":{"@id":"https:\/\/www.eldiario.net\/portal\/#website"},"primaryImageOfPage":{"@id":"https:\/\/www.eldiario.net\/portal\/2021\/08\/16\/el-destino-de-los-partidos\/#primaryimage"},"image":{"@id":"https:\/\/www.eldiario.net\/portal\/2021\/08\/16\/el-destino-de-los-partidos\/#primaryimage"},"thumbnailUrl":"","datePublished":"2021-08-16T10:08:08+00:00","breadcrumb":{"@id":"https:\/\/www.eldiario.net\/portal\/2021\/08\/16\/el-destino-de-los-partidos\/#breadcrumb"},"inLanguage":"es","potentialAction":[{"@type":"ReadAction","target":["https:\/\/www.eldiario.net\/portal\/2021\/08\/16\/el-destino-de-los-partidos\/"]}]},{"@type":"ImageObject","inLanguage":"es","@id":"https:\/\/www.eldiario.net\/portal\/2021\/08\/16\/el-destino-de-los-partidos\/#primaryimage","url":"","contentUrl":""},{"@type":"BreadcrumbList","@id":"https:\/\/www.eldiario.net\/portal\/2021\/08\/16\/el-destino-de-los-partidos\/#breadcrumb","itemListElement":[{"@type":"ListItem","position":1,"name":"Portada","item":"https:\/\/www.eldiario.net\/portal\/"},{"@type":"ListItem","position":2,"name":"El destino de los partidos"}]},{"@type":"WebSite","@id":"https:\/\/www.eldiario.net\/portal\/#website","url":"https:\/\/www.eldiario.net\/portal\/","name":"El Diario - Decano de la prensa nacional","description":"El Diario - Decano de la prensa nacional","publisher":{"@id":"https:\/\/www.eldiario.net\/portal\/#organization"},"potentialAction":[{"@type":"SearchAction","target":{"@type":"EntryPoint","urlTemplate":"https:\/\/www.eldiario.net\/portal\/?s={search_term_string}"},"query-input":{"@type":"PropertyValueSpecification","valueRequired":true,"valueName":"search_term_string"}}],"inLanguage":"es"},{"@type":"Organization","@id":"https:\/\/www.eldiario.net\/portal\/#organization","name":"El Diario - Decano de la prensa nacional","url":"https:\/\/www.eldiario.net\/portal\/","logo":{"@type":"ImageObject","inLanguage":"es","@id":"https:\/\/www.eldiario.net\/portal\/#\/schema\/logo\/image\/","url":"https:\/\/www.eldiario.net\/portal\/wp-content\/uploads\/2023\/07\/logo_ED.jpg","contentUrl":"https:\/\/www.eldiario.net\/portal\/wp-content\/uploads\/2023\/07\/logo_ED.jpg","width":272,"height":52,"caption":"El Diario - Decano de la prensa nacional"},"image":{"@id":"https:\/\/www.eldiario.net\/portal\/#\/schema\/logo\/image\/"},"sameAs":["https:\/\/www.facebook.com\/eldiario.bolivia\/","https:\/\/x.com\/eldiario_net"]},{"@type":"Person","@id":"https:\/\/www.eldiario.net\/portal\/#\/schema\/person\/f46445640444750d7d753ccd04ae01b7","name":"Jeanette","image":{"@type":"ImageObject","inLanguage":"es","@id":"https:\/\/secure.gravatar.com\/avatar\/3ea2118a5f7dad2b7138b1187a6b7ee55f160b9968b66013c3a3ef39dd7e5798?s=96&d=mm&r=g","url":"https:\/\/secure.gravatar.com\/avatar\/3ea2118a5f7dad2b7138b1187a6b7ee55f160b9968b66013c3a3ef39dd7e5798?s=96&d=mm&r=g","contentUrl":"https:\/\/secure.gravatar.com\/avatar\/3ea2118a5f7dad2b7138b1187a6b7ee55f160b9968b66013c3a3ef39dd7e5798?s=96&d=mm&r=g","caption":"Jeanette"},"sameAs":["https:\/\/www.eldiario.net\/portal"],"url":"https:\/\/www.eldiario.net\/portal\/author\/jeanette\/"}]}},"_links":{"self":[{"href":"https:\/\/www.eldiario.net\/portal\/wp-json\/wp\/v2\/posts\/23765","targetHints":{"allow":["GET"]}}],"collection":[{"href":"https:\/\/www.eldiario.net\/portal\/wp-json\/wp\/v2\/posts"}],"about":[{"href":"https:\/\/www.eldiario.net\/portal\/wp-json\/wp\/v2\/types\/post"}],"author":[{"embeddable":true,"href":"https:\/\/www.eldiario.net\/portal\/wp-json\/wp\/v2\/users\/1"}],"replies":[{"embeddable":true,"href":"https:\/\/www.eldiario.net\/portal\/wp-json\/wp\/v2\/comments?post=23765"}],"version-history":[{"count":0,"href":"https:\/\/www.eldiario.net\/portal\/wp-json\/wp\/v2\/posts\/23765\/revisions"}],"wp:attachment":[{"href":"https:\/\/www.eldiario.net\/portal\/wp-json\/wp\/v2\/media?parent=23765"}],"wp:term":[{"taxonomy":"category","embeddable":true,"href":"https:\/\/www.eldiario.net\/portal\/wp-json\/wp\/v2\/categories?post=23765"},{"taxonomy":"post_tag","embeddable":true,"href":"https:\/\/www.eldiario.net\/portal\/wp-json\/wp\/v2\/tags?post=23765"}],"curies":[{"name":"wp","href":"https:\/\/api.w.org\/{rel}","templated":true}]}}