{"id":23763,"date":"2021-08-16T06:07:36","date_gmt":"2021-08-16T10:07:36","guid":{"rendered":"https:\/\/www.eldiario.net\/portal\/?p=23763"},"modified":"2021-08-16T06:07:36","modified_gmt":"2021-08-16T10:07:36","slug":"criminologia-en-bolivia","status":"publish","type":"post","link":"https:\/\/www.eldiario.net\/portal\/2021\/08\/16\/criminologia-en-bolivia\/","title":{"rendered":"Criminolog\u00eda en Bolivia"},"content":{"rendered":"<p>El estudio metodol\u00f3gico de los hechos criminales se condensa en la ciencia de la Criminolog\u00eda, que ha evolucionado positivamente hasta nuestros d\u00edas. Desde sus principales precursores, como C\u00e9sar Lombroso, Rafael Gar\u00f3falo, y Enrico Ferri, esta disciplina se ha convertido hoy -con m\u00faltiples recursos y disciplinas varias- en un conjunto de diversas teor\u00edas que aportan a la comprensi\u00f3n del comportamiento humano en la comisi\u00f3n de cr\u00edmenes y delitos.<br \/>\nSeg\u00fan estudiosos del Derecho, la Criminolog\u00eda es una ciencia causal explicativa que responde a tres preguntas: 1) \u00bfPor qu\u00e9 delinque el ser humano? 2) \u00bfQu\u00e9 hacer para que no cometa delitos? 3) \u00bfQu\u00e9 hacer con el que delinqui\u00f3?<br \/>\nLas respuestas tienen que ver con aplicaci\u00f3n de la prevenci\u00f3n o control social de la delincuencia y el delito; el manejo cient\u00edfico en el descubrimiento, investigaci\u00f3n e interpretaci\u00f3n de los factores externos e internos que generan delito; y con la soluci\u00f3n de estos cuestionamientos que, finalmente, deben proponer m\u00e9todos de readaptaci\u00f3n social para los delincuentes.<br \/>\nLa Criminolog\u00eda estudia las conductas antisociales del potencial delincuente, por lo que tiene como objeto demostrar al sistema administrador de justicia y sobre todo al experto en materia criminol\u00f3gica (crimin\u00f3logo o criminalista), todas las circunstancias, datos, evidencias y elementos por las que se delinque, sea por culpa o dolo.<br \/>\nEl crimin\u00f3logo Jos\u00e9 Reyes Valenzuela, en su obra \u201cRetazos de Criminolog\u00eda\u201d, establece que el crimin\u00f3logo trabaja sobre una simbiosis o combinaci\u00f3n te\u00f3rica de lo que otras ciencias aportan y responde a los cuestionamientos que la propia Criminolog\u00eda le formula.<br \/>\n\u201cEl criminalista va a aplicar t\u00e9cnicas, vali\u00e9ndose de otras ciencias: primero levantar\u00eda, un plano fotogr\u00e1fico y videos para fijar la escena y rodearla, luego examinar\u00e1, el entorno de lo que hay alrededor de una escena desde los rasgos, huellas hasta lo que hay debajo de las u\u00f1as de la v\u00edctima\u201d, se\u00f1ala Reyes. Bajo este encuadre te\u00f3rico, sin duda que entre las disciplinas que contribuyen a la Criminolog\u00eda como ciencia madre, se destaca a la Criminal\u00edstica, disciplina forense-policial de car\u00e1cter emp\u00edrico y multidisciplinar, directamente relacionada a la Criminolog\u00eda y al Derecho Penal y que tiene como objetivo investigar la escena del crimen para demostrar c\u00f3mo se cometieron los hechos delictivos, qui\u00e9nes fueron sus protagonistas y a qu\u00e9 motivaciones se respondi\u00f3.<br \/>\nLa Criminolog\u00eda en Bolivia adquiere importancia a principios del Siglo XX, en 1901, cuando Bautista Saavedra, futuro Presidente de Bolivia y a la saz\u00f3n profesor de Derecho en la UMSA, publica la primera obra \u201cCompendio de Criminolog\u00eda\u201d, lo que ya determina caracteres especiales y establece al proceso de investigaci\u00f3n criminal como parte esencial del trabajo judicial y policial en Bolivia.<br \/>\nPor su parte, la evoluci\u00f3n de la Criminal\u00edstica en Bolivia (como disciplina complementaria), incluso es anterior a la propia Criminolog\u00eda, pues sus primeros antecedentes se los puede encontrar en la \u201cLey de Reglamentaci\u00f3n de Polic\u00eda\u201d de 11 de noviembre de 1886.<br \/>\nLa tendencia actual del objeto de estudio de la Criminolog\u00eda tiene un alto componente sociol\u00f3gico, determinando a la divergencia social de relevancia penal (en cuanto a las acciones sociales) y al control social penal (en lo que ata\u00f1e a las estructuras sociales), como elementos centrales de debate criminol\u00f3gico.<\/p>\n<p>El autor es Teniente Coronel de Polic\u00eda.<\/p>\n","protected":false},"excerpt":{"rendered":"<p>El estudio metodol\u00f3gico de los hechos criminales se condensa en la ciencia de la Criminolog\u00eda, que ha evolucionado positivamente hasta nuestros d\u00edas. Desde sus principales precursores, como C\u00e9sar Lombroso, Rafael Gar\u00f3falo, y Enrico Ferri, esta disciplina se ha convertido hoy -con m\u00faltiples recursos y disciplinas varias- en un conjunto de diversas teor\u00edas que aportan a [&hellip;]<\/p>\n","protected":false},"author":1,"featured_media":0,"comment_status":"closed","ping_status":"closed","sticky":false,"template":"","format":"standard","meta":{"_acf_changed":false,"footnotes":""},"categories":[9],"tags":[],"class_list":["post-23763","post","type-post","status-publish","format-standard","category-opinion"],"acf":{"antetitulo":""},"yoast_head":"<!-- This site is optimized with the Yoast SEO plugin v28.4 - https:\/\/yoast.com\/product\/yoast-seo-wordpress\/ -->\n<title>Criminolog\u00eda en Bolivia - El Diario - Bolivia<\/title>\n<meta name=\"robots\" content=\"index, follow, max-snippet:-1, max-image-preview:large, max-video-preview:-1\" \/>\n<link rel=\"canonical\" href=\"https:\/\/www.eldiario.net\/portal\/2021\/08\/16\/criminologia-en-bolivia\/\" \/>\n<meta property=\"og:locale\" content=\"es_ES\" \/>\n<meta property=\"og:type\" content=\"article\" \/>\n<meta property=\"og:title\" content=\"Criminolog\u00eda en Bolivia - El Diario - Bolivia\" \/>\n<meta property=\"og:description\" content=\"El estudio metodol\u00f3gico de los hechos criminales se condensa en la ciencia de la Criminolog\u00eda, que ha evolucionado positivamente hasta nuestros d\u00edas. Desde sus principales precursores, como C\u00e9sar Lombroso, Rafael Gar\u00f3falo, y Enrico Ferri, esta disciplina se ha convertido hoy -con m\u00faltiples recursos y disciplinas varias- en un conjunto de diversas teor\u00edas que aportan a [&hellip;]\" \/>\n<meta property=\"og:url\" content=\"https:\/\/www.eldiario.net\/portal\/2021\/08\/16\/criminologia-en-bolivia\/\" \/>\n<meta property=\"og:site_name\" content=\"El Diario - Bolivia\" \/>\n<meta property=\"article:publisher\" content=\"https:\/\/www.facebook.com\/eldiario.bolivia\/\" \/>\n<meta property=\"article:published_time\" content=\"2021-08-16T10:07:36+00:00\" \/>\n<meta name=\"author\" content=\"Jeanette\" \/>\n<meta name=\"twitter:card\" content=\"summary_large_image\" \/>\n<meta name=\"twitter:creator\" content=\"@eldiario_net\" \/>\n<meta name=\"twitter:site\" content=\"@eldiario_net\" \/>\n<meta name=\"twitter:label1\" content=\"Escrito por\" \/>\n\t<meta name=\"twitter:data1\" content=\"Jeanette\" \/>\n\t<meta name=\"twitter:label2\" content=\"Tiempo de lectura\" \/>\n\t<meta name=\"twitter:data2\" content=\"3 minutos\" \/>\n<script type=\"application\/ld+json\" class=\"yoast-schema-graph\">{\"@context\":\"https:\\\/\\\/schema.org\",\"@graph\":[{\"@type\":\"Article\",\"@id\":\"https:\\\/\\\/www.eldiario.net\\\/portal\\\/2021\\\/08\\\/16\\\/criminologia-en-bolivia\\\/#article\",\"isPartOf\":{\"@id\":\"https:\\\/\\\/www.eldiario.net\\\/portal\\\/2021\\\/08\\\/16\\\/criminologia-en-bolivia\\\/\"},\"author\":{\"name\":\"Jeanette\",\"@id\":\"https:\\\/\\\/www.eldiario.net\\\/portal\\\/#\\\/schema\\\/person\\\/f46445640444750d7d753ccd04ae01b7\"},\"headline\":\"Criminolog\u00eda en Bolivia\",\"datePublished\":\"2021-08-16T10:07:36+00:00\",\"mainEntityOfPage\":{\"@id\":\"https:\\\/\\\/www.eldiario.net\\\/portal\\\/2021\\\/08\\\/16\\\/criminologia-en-bolivia\\\/\"},\"wordCount\":579,\"publisher\":{\"@id\":\"https:\\\/\\\/www.eldiario.net\\\/portal\\\/#organization\"},\"articleSection\":[\"Opini\u00f3n\"],\"inLanguage\":\"es\"},{\"@type\":\"WebPage\",\"@id\":\"https:\\\/\\\/www.eldiario.net\\\/portal\\\/2021\\\/08\\\/16\\\/criminologia-en-bolivia\\\/\",\"url\":\"https:\\\/\\\/www.eldiario.net\\\/portal\\\/2021\\\/08\\\/16\\\/criminologia-en-bolivia\\\/\",\"name\":\"Criminolog\u00eda en Bolivia - El Diario - Bolivia\",\"isPartOf\":{\"@id\":\"https:\\\/\\\/www.eldiario.net\\\/portal\\\/#website\"},\"datePublished\":\"2021-08-16T10:07:36+00:00\",\"breadcrumb\":{\"@id\":\"https:\\\/\\\/www.eldiario.net\\\/portal\\\/2021\\\/08\\\/16\\\/criminologia-en-bolivia\\\/#breadcrumb\"},\"inLanguage\":\"es\",\"potentialAction\":[{\"@type\":\"ReadAction\",\"target\":[\"https:\\\/\\\/www.eldiario.net\\\/portal\\\/2021\\\/08\\\/16\\\/criminologia-en-bolivia\\\/\"]}]},{\"@type\":\"BreadcrumbList\",\"@id\":\"https:\\\/\\\/www.eldiario.net\\\/portal\\\/2021\\\/08\\\/16\\\/criminologia-en-bolivia\\\/#breadcrumb\",\"itemListElement\":[{\"@type\":\"ListItem\",\"position\":1,\"name\":\"Portada\",\"item\":\"https:\\\/\\\/www.eldiario.net\\\/portal\\\/\"},{\"@type\":\"ListItem\",\"position\":2,\"name\":\"Criminolog\u00eda en Bolivia\"}]},{\"@type\":\"WebSite\",\"@id\":\"https:\\\/\\\/www.eldiario.net\\\/portal\\\/#website\",\"url\":\"https:\\\/\\\/www.eldiario.net\\\/portal\\\/\",\"name\":\"El Diario - Decano de la prensa nacional\",\"description\":\"El Diario - Decano de la prensa nacional\",\"publisher\":{\"@id\":\"https:\\\/\\\/www.eldiario.net\\\/portal\\\/#organization\"},\"potentialAction\":[{\"@type\":\"SearchAction\",\"target\":{\"@type\":\"EntryPoint\",\"urlTemplate\":\"https:\\\/\\\/www.eldiario.net\\\/portal\\\/?s={search_term_string}\"},\"query-input\":{\"@type\":\"PropertyValueSpecification\",\"valueRequired\":true,\"valueName\":\"search_term_string\"}}],\"inLanguage\":\"es\"},{\"@type\":\"Organization\",\"@id\":\"https:\\\/\\\/www.eldiario.net\\\/portal\\\/#organization\",\"name\":\"El Diario - Decano de la prensa nacional\",\"url\":\"https:\\\/\\\/www.eldiario.net\\\/portal\\\/\",\"logo\":{\"@type\":\"ImageObject\",\"inLanguage\":\"es\",\"@id\":\"https:\\\/\\\/www.eldiario.net\\\/portal\\\/#\\\/schema\\\/logo\\\/image\\\/\",\"url\":\"https:\\\/\\\/www.eldiario.net\\\/portal\\\/wp-content\\\/uploads\\\/2023\\\/07\\\/logo_ED.jpg\",\"contentUrl\":\"https:\\\/\\\/www.eldiario.net\\\/portal\\\/wp-content\\\/uploads\\\/2023\\\/07\\\/logo_ED.jpg\",\"width\":272,\"height\":52,\"caption\":\"El Diario - Decano de la prensa nacional\"},\"image\":{\"@id\":\"https:\\\/\\\/www.eldiario.net\\\/portal\\\/#\\\/schema\\\/logo\\\/image\\\/\"},\"sameAs\":[\"https:\\\/\\\/www.facebook.com\\\/eldiario.bolivia\\\/\",\"https:\\\/\\\/x.com\\\/eldiario_net\"]},{\"@type\":\"Person\",\"@id\":\"https:\\\/\\\/www.eldiario.net\\\/portal\\\/#\\\/schema\\\/person\\\/f46445640444750d7d753ccd04ae01b7\",\"name\":\"Jeanette\",\"image\":{\"@type\":\"ImageObject\",\"inLanguage\":\"es\",\"@id\":\"https:\\\/\\\/secure.gravatar.com\\\/avatar\\\/3ea2118a5f7dad2b7138b1187a6b7ee55f160b9968b66013c3a3ef39dd7e5798?s=96&d=mm&r=g\",\"url\":\"https:\\\/\\\/secure.gravatar.com\\\/avatar\\\/3ea2118a5f7dad2b7138b1187a6b7ee55f160b9968b66013c3a3ef39dd7e5798?s=96&d=mm&r=g\",\"contentUrl\":\"https:\\\/\\\/secure.gravatar.com\\\/avatar\\\/3ea2118a5f7dad2b7138b1187a6b7ee55f160b9968b66013c3a3ef39dd7e5798?s=96&d=mm&r=g\",\"caption\":\"Jeanette\"},\"sameAs\":[\"https:\\\/\\\/www.eldiario.net\\\/portal\"],\"url\":\"https:\\\/\\\/www.eldiario.net\\\/portal\\\/author\\\/jeanette\\\/\"}]}<\/script>\n<!-- \/ Yoast SEO plugin. -->","yoast_head_json":{"title":"Criminolog\u00eda en Bolivia - El Diario - Bolivia","robots":{"index":"index","follow":"follow","max-snippet":"max-snippet:-1","max-image-preview":"max-image-preview:large","max-video-preview":"max-video-preview:-1"},"canonical":"https:\/\/www.eldiario.net\/portal\/2021\/08\/16\/criminologia-en-bolivia\/","og_locale":"es_ES","og_type":"article","og_title":"Criminolog\u00eda en Bolivia - El Diario - Bolivia","og_description":"El estudio metodol\u00f3gico de los hechos criminales se condensa en la ciencia de la Criminolog\u00eda, que ha evolucionado positivamente hasta nuestros d\u00edas. Desde sus principales precursores, como C\u00e9sar Lombroso, Rafael Gar\u00f3falo, y Enrico Ferri, esta disciplina se ha convertido hoy -con m\u00faltiples recursos y disciplinas varias- en un conjunto de diversas teor\u00edas que aportan a [&hellip;]","og_url":"https:\/\/www.eldiario.net\/portal\/2021\/08\/16\/criminologia-en-bolivia\/","og_site_name":"El Diario - Bolivia","article_publisher":"https:\/\/www.facebook.com\/eldiario.bolivia\/","article_published_time":"2021-08-16T10:07:36+00:00","author":"Jeanette","twitter_card":"summary_large_image","twitter_creator":"@eldiario_net","twitter_site":"@eldiario_net","twitter_misc":{"Escrito por":"Jeanette","Tiempo de lectura":"3 minutos"},"schema":{"@context":"https:\/\/schema.org","@graph":[{"@type":"Article","@id":"https:\/\/www.eldiario.net\/portal\/2021\/08\/16\/criminologia-en-bolivia\/#article","isPartOf":{"@id":"https:\/\/www.eldiario.net\/portal\/2021\/08\/16\/criminologia-en-bolivia\/"},"author":{"name":"Jeanette","@id":"https:\/\/www.eldiario.net\/portal\/#\/schema\/person\/f46445640444750d7d753ccd04ae01b7"},"headline":"Criminolog\u00eda en Bolivia","datePublished":"2021-08-16T10:07:36+00:00","mainEntityOfPage":{"@id":"https:\/\/www.eldiario.net\/portal\/2021\/08\/16\/criminologia-en-bolivia\/"},"wordCount":579,"publisher":{"@id":"https:\/\/www.eldiario.net\/portal\/#organization"},"articleSection":["Opini\u00f3n"],"inLanguage":"es"},{"@type":"WebPage","@id":"https:\/\/www.eldiario.net\/portal\/2021\/08\/16\/criminologia-en-bolivia\/","url":"https:\/\/www.eldiario.net\/portal\/2021\/08\/16\/criminologia-en-bolivia\/","name":"Criminolog\u00eda en Bolivia - El Diario - Bolivia","isPartOf":{"@id":"https:\/\/www.eldiario.net\/portal\/#website"},"datePublished":"2021-08-16T10:07:36+00:00","breadcrumb":{"@id":"https:\/\/www.eldiario.net\/portal\/2021\/08\/16\/criminologia-en-bolivia\/#breadcrumb"},"inLanguage":"es","potentialAction":[{"@type":"ReadAction","target":["https:\/\/www.eldiario.net\/portal\/2021\/08\/16\/criminologia-en-bolivia\/"]}]},{"@type":"BreadcrumbList","@id":"https:\/\/www.eldiario.net\/portal\/2021\/08\/16\/criminologia-en-bolivia\/#breadcrumb","itemListElement":[{"@type":"ListItem","position":1,"name":"Portada","item":"https:\/\/www.eldiario.net\/portal\/"},{"@type":"ListItem","position":2,"name":"Criminolog\u00eda en Bolivia"}]},{"@type":"WebSite","@id":"https:\/\/www.eldiario.net\/portal\/#website","url":"https:\/\/www.eldiario.net\/portal\/","name":"El Diario - Decano de la prensa nacional","description":"El Diario - Decano de la prensa nacional","publisher":{"@id":"https:\/\/www.eldiario.net\/portal\/#organization"},"potentialAction":[{"@type":"SearchAction","target":{"@type":"EntryPoint","urlTemplate":"https:\/\/www.eldiario.net\/portal\/?s={search_term_string}"},"query-input":{"@type":"PropertyValueSpecification","valueRequired":true,"valueName":"search_term_string"}}],"inLanguage":"es"},{"@type":"Organization","@id":"https:\/\/www.eldiario.net\/portal\/#organization","name":"El Diario - Decano de la prensa nacional","url":"https:\/\/www.eldiario.net\/portal\/","logo":{"@type":"ImageObject","inLanguage":"es","@id":"https:\/\/www.eldiario.net\/portal\/#\/schema\/logo\/image\/","url":"https:\/\/www.eldiario.net\/portal\/wp-content\/uploads\/2023\/07\/logo_ED.jpg","contentUrl":"https:\/\/www.eldiario.net\/portal\/wp-content\/uploads\/2023\/07\/logo_ED.jpg","width":272,"height":52,"caption":"El Diario - Decano de la prensa nacional"},"image":{"@id":"https:\/\/www.eldiario.net\/portal\/#\/schema\/logo\/image\/"},"sameAs":["https:\/\/www.facebook.com\/eldiario.bolivia\/","https:\/\/x.com\/eldiario_net"]},{"@type":"Person","@id":"https:\/\/www.eldiario.net\/portal\/#\/schema\/person\/f46445640444750d7d753ccd04ae01b7","name":"Jeanette","image":{"@type":"ImageObject","inLanguage":"es","@id":"https:\/\/secure.gravatar.com\/avatar\/3ea2118a5f7dad2b7138b1187a6b7ee55f160b9968b66013c3a3ef39dd7e5798?s=96&d=mm&r=g","url":"https:\/\/secure.gravatar.com\/avatar\/3ea2118a5f7dad2b7138b1187a6b7ee55f160b9968b66013c3a3ef39dd7e5798?s=96&d=mm&r=g","contentUrl":"https:\/\/secure.gravatar.com\/avatar\/3ea2118a5f7dad2b7138b1187a6b7ee55f160b9968b66013c3a3ef39dd7e5798?s=96&d=mm&r=g","caption":"Jeanette"},"sameAs":["https:\/\/www.eldiario.net\/portal"],"url":"https:\/\/www.eldiario.net\/portal\/author\/jeanette\/"}]}},"_links":{"self":[{"href":"https:\/\/www.eldiario.net\/portal\/wp-json\/wp\/v2\/posts\/23763","targetHints":{"allow":["GET"]}}],"collection":[{"href":"https:\/\/www.eldiario.net\/portal\/wp-json\/wp\/v2\/posts"}],"about":[{"href":"https:\/\/www.eldiario.net\/portal\/wp-json\/wp\/v2\/types\/post"}],"author":[{"embeddable":true,"href":"https:\/\/www.eldiario.net\/portal\/wp-json\/wp\/v2\/users\/1"}],"replies":[{"embeddable":true,"href":"https:\/\/www.eldiario.net\/portal\/wp-json\/wp\/v2\/comments?post=23763"}],"version-history":[{"count":0,"href":"https:\/\/www.eldiario.net\/portal\/wp-json\/wp\/v2\/posts\/23763\/revisions"}],"wp:attachment":[{"href":"https:\/\/www.eldiario.net\/portal\/wp-json\/wp\/v2\/media?parent=23763"}],"wp:term":[{"taxonomy":"category","embeddable":true,"href":"https:\/\/www.eldiario.net\/portal\/wp-json\/wp\/v2\/categories?post=23763"},{"taxonomy":"post_tag","embeddable":true,"href":"https:\/\/www.eldiario.net\/portal\/wp-json\/wp\/v2\/tags?post=23763"}],"curies":[{"name":"wp","href":"https:\/\/api.w.org\/{rel}","templated":true}]}}