{"id":237614,"date":"2024-07-31T06:24:14","date_gmt":"2024-07-31T10:24:14","guid":{"rendered":"https:\/\/www.eldiario.net\/portal\/?p=237614"},"modified":"2024-07-31T06:24:14","modified_gmt":"2024-07-31T10:24:14","slug":"garibay-incomodo","status":"publish","type":"post","link":"https:\/\/www.eldiario.net\/portal\/2024\/07\/31\/garibay-incomodo\/","title":{"rendered":"\u00bfGaribay, inc\u00f3modo?"},"content":{"rendered":"<p>&nbsp;<\/p>\n<p>El cr\u00e9dito boliviano en los Juegos Ol\u00edmpicos Paris 2024, durante las \u00faltimas horas hizo noticia en la Redes Sociales por circunstancias que le habr\u00edan incomodado durante su primera estad\u00eda en Francia, en el tiempo de inauguraci\u00f3n de la cita mundial del deporte.<br \/>\nEl fondista boliviano que debe cumplir la prueba de marat\u00f3n (varones) el pr\u00f3ximo 10 de agosto, se habr\u00eda sentido molesto porque su pareja (que est\u00e1 embarazada) no pudo acompa\u00f1arlo en su estad\u00eda, en la Villa Ol\u00edmpica, seg\u00fan inform\u00f3 un amigo boliviano- franc\u00e9s del deportista (quien no se identific\u00f3), seg\u00fan public\u00f3 la red televisora Unitel, en su sitio Web.<br \/>\n\u00abSeg\u00fan esta persona, Garibay le expres\u00f3 su disconformidad por no ser el abanderado principal de la delegaci\u00f3n boliviana durante el acto de inauguraci\u00f3n en los JJOO, ya que la nadadora Mar\u00eda Jos\u00e9 Ribera, co-abanderada, port\u00f3 por m\u00e1s tiempo la rojo, amarillo y verde en la ceremonia en el R\u00edo Sena.<br \/>\nPero la molestia de Garibay fue a\u00fan mayor cuando su pareja, quien est\u00e1 embarazada, no pudo hospedarse en la Villa Ol\u00edmpica y tuvo que marcharse a la casa del amigo entre 1:00 y 2:00 de la madrugada\u00bb, indica la informaci\u00f3n de Unitel.<br \/>\nComo contraparte, la misma fuente citada menciona las publicaciones realizadas por el prestigioso periodista deportivo cruce\u00f1o Fernando \u2018Papi\u2019 N\u00fcrnberg, quien se encuentra en Par\u00eds cubriendo los Juegos Ol\u00edmpicos.<br \/>\n\u00abA trav\u00e9s de las Redes Sociales, el periodista dio una explicaci\u00f3n sobre lo sucedido, argumentando que, en el caso de la inauguraci\u00f3n, Mar\u00eda Jos\u00e9 Ribera port\u00f3 m\u00e1s tiempo la bandera nacional por un tema de peso, aclarando que Garibay no estaba c\u00f3modo con la lluvia y el fr\u00edo durante el recorrido en el r\u00edo Sena.<br \/>\nSobre el tema de la pareja en la Villa Ol\u00edmpica, quien se encuentra en estado de gestaci\u00f3n, \u2018Papi\u2019 N\u00fcrnberg explic\u00f3 que no se trata de un tema de &#8216;discriminaci\u00f3n&#8217;, si no de Reglamento, ya que Garibay estuvo con su novia hasta despu\u00e9s del horario permitido y la seguridad cumpli\u00f3 con su trabajo para la salida de la persona del lugar.<br \/>\nEmpero, H\u00e9ctor Garibay expres\u00f3 su orgullo de portar la bandera nacional en la apertura de los Juegos Ol\u00edmpicos, el fondista volvi\u00f3 a Bolivia para continuar su preparaci\u00f3n para su participaci\u00f3n el 10 de agosto en la prueba de marat\u00f3n.<br \/>\n\u201cLa verdad (estoy) muy contento, sabemos esto. Yo creo que (esto ocurre en) con la mayor\u00eda de los deportistas. Asistir a unos Juegos Ol\u00edmpicos, ver la inauguraci\u00f3n y estar rodeados de tantos deportistas de \u00e9lite en la Villa Ol\u00edmpica, entonces eso hace que se respire otro aire. Cada deportista sabe el esfuerzo que conlleva llegar a unos JJOO, entonces pr\u00e1cticamente fue lo m\u00e1ximo\u201d afirm\u00f3 el nacional en entrevista con la Red Uno de Bolivia, tras su retorno a territorio nacional, sin mencionar nada de lo aparentemente sucedido en Par\u00eds en el arranque de los JJOO.<br \/>\nGaribay es el \u00fanico de los cuatro bolivianos presentes en Par\u00eds que cumpli\u00f3 la marca requerida para competir y es la esperanza del deporte boliviano en estos d\u00edas.<\/p>\n<p><em><strong>GHILKA SANABRIA<\/strong><\/em><\/p>\n<p><img loading=\"lazy\" decoding=\"async\" class=\"aligncenter size-full wp-image-237616\" src=\"https:\/\/www.eldiario.net\/portal\/wp-content\/uploads\/2024\/07\/FOTO-70-B-1.jpg\" alt=\"\" width=\"720\" height=\"477\" srcset=\"https:\/\/www.eldiario.net\/portal\/wp-content\/uploads\/2024\/07\/FOTO-70-B-1.jpg 720w, https:\/\/www.eldiario.net\/portal\/wp-content\/uploads\/2024\/07\/FOTO-70-B-1-300x199.jpg 300w, https:\/\/www.eldiario.net\/portal\/wp-content\/uploads\/2024\/07\/FOTO-70-B-1-634x420.jpg 634w, https:\/\/www.eldiario.net\/portal\/wp-content\/uploads\/2024\/07\/FOTO-70-B-1-696x461.jpg 696w\" sizes=\"auto, (max-width: 720px) 100vw, 720px\" \/><\/p>\n","protected":false},"excerpt":{"rendered":"<p>&nbsp; El cr\u00e9dito boliviano en los Juegos Ol\u00edmpicos Paris 2024, durante las \u00faltimas horas hizo noticia en la Redes Sociales por circunstancias que le habr\u00edan incomodado durante su primera estad\u00eda en Francia, en el tiempo de inauguraci\u00f3n de la cita mundial del deporte. El fondista boliviano que debe cumplir la prueba de marat\u00f3n (varones) el [&hellip;]<\/p>\n","protected":false},"author":1,"featured_media":237615,"comment_status":"open","ping_status":"open","sticky":false,"template":"","format":"standard","meta":{"_acf_changed":false,"footnotes":""},"categories":[6,54],"tags":[],"class_list":["post-237614","post","type-post","status-publish","format-standard","has-post-thumbnail","category-deportes","category-olimpiadas-paris-2024"],"acf":{"antetitulo":""},"yoast_head":"<!-- This site is optimized with the Yoast SEO plugin v28.3 - https:\/\/yoast.com\/product\/yoast-seo-wordpress\/ -->\n<title>\u00bfGaribay, inc\u00f3modo? - El Diario - Bolivia<\/title>\n<meta name=\"robots\" content=\"index, follow, max-snippet:-1, max-image-preview:large, max-video-preview:-1\" \/>\n<link rel=\"canonical\" href=\"https:\/\/www.eldiario.net\/portal\/2024\/07\/31\/garibay-incomodo\/\" \/>\n<meta property=\"og:locale\" content=\"es_ES\" \/>\n<meta property=\"og:type\" content=\"article\" \/>\n<meta property=\"og:title\" content=\"\u00bfGaribay, inc\u00f3modo? - El Diario - Bolivia\" \/>\n<meta property=\"og:description\" content=\"&nbsp; El cr\u00e9dito boliviano en los Juegos Ol\u00edmpicos Paris 2024, durante las \u00faltimas horas hizo noticia en la Redes Sociales por circunstancias que le habr\u00edan incomodado durante su primera estad\u00eda en Francia, en el tiempo de inauguraci\u00f3n de la cita mundial del deporte. El fondista boliviano que debe cumplir la prueba de marat\u00f3n (varones) el [&hellip;]\" \/>\n<meta property=\"og:url\" content=\"https:\/\/www.eldiario.net\/portal\/2024\/07\/31\/garibay-incomodo\/\" \/>\n<meta property=\"og:site_name\" content=\"El Diario - Bolivia\" \/>\n<meta property=\"article:publisher\" content=\"https:\/\/www.facebook.com\/eldiario.bolivia\/\" \/>\n<meta property=\"article:published_time\" content=\"2024-07-31T10:24:14+00:00\" \/>\n<meta property=\"og:image\" content=\"https:\/\/www.eldiario.net\/portal\/wp-content\/uploads\/2024\/07\/FOTO-70-A-1.jpg\" \/>\n\t<meta property=\"og:image:width\" content=\"738\" \/>\n\t<meta property=\"og:image:height\" content=\"427\" \/>\n\t<meta property=\"og:image:type\" content=\"image\/jpeg\" \/>\n<meta name=\"author\" content=\"Jeanette\" \/>\n<meta name=\"twitter:card\" content=\"summary_large_image\" \/>\n<meta name=\"twitter:creator\" content=\"@eldiario_net\" \/>\n<meta name=\"twitter:site\" content=\"@eldiario_net\" \/>\n<meta name=\"twitter:label1\" content=\"Escrito por\" \/>\n\t<meta name=\"twitter:data1\" content=\"Jeanette\" \/>\n\t<meta name=\"twitter:label2\" content=\"Tiempo de lectura\" \/>\n\t<meta name=\"twitter:data2\" content=\"3 minutos\" \/>\n<script type=\"application\/ld+json\" class=\"yoast-schema-graph\">{\"@context\":\"https:\\\/\\\/schema.org\",\"@graph\":[{\"@type\":\"Article\",\"@id\":\"https:\\\/\\\/www.eldiario.net\\\/portal\\\/2024\\\/07\\\/31\\\/garibay-incomodo\\\/#article\",\"isPartOf\":{\"@id\":\"https:\\\/\\\/www.eldiario.net\\\/portal\\\/2024\\\/07\\\/31\\\/garibay-incomodo\\\/\"},\"author\":{\"name\":\"Jeanette\",\"@id\":\"https:\\\/\\\/www.eldiario.net\\\/portal\\\/#\\\/schema\\\/person\\\/f46445640444750d7d753ccd04ae01b7\"},\"headline\":\"\u00bfGaribay, inc\u00f3modo?\",\"datePublished\":\"2024-07-31T10:24:14+00:00\",\"mainEntityOfPage\":{\"@id\":\"https:\\\/\\\/www.eldiario.net\\\/portal\\\/2024\\\/07\\\/31\\\/garibay-incomodo\\\/\"},\"wordCount\":552,\"commentCount\":0,\"publisher\":{\"@id\":\"https:\\\/\\\/www.eldiario.net\\\/portal\\\/#organization\"},\"image\":{\"@id\":\"https:\\\/\\\/www.eldiario.net\\\/portal\\\/2024\\\/07\\\/31\\\/garibay-incomodo\\\/#primaryimage\"},\"thumbnailUrl\":\"https:\\\/\\\/www.eldiario.net\\\/portal\\\/wp-content\\\/uploads\\\/2024\\\/07\\\/FOTO-70-A-1.jpg\",\"articleSection\":[\"Deportes\",\"Olimpiadas Paris 2024\"],\"inLanguage\":\"es\",\"potentialAction\":[{\"@type\":\"CommentAction\",\"name\":\"Comment\",\"target\":[\"https:\\\/\\\/www.eldiario.net\\\/portal\\\/2024\\\/07\\\/31\\\/garibay-incomodo\\\/#respond\"]}]},{\"@type\":\"WebPage\",\"@id\":\"https:\\\/\\\/www.eldiario.net\\\/portal\\\/2024\\\/07\\\/31\\\/garibay-incomodo\\\/\",\"url\":\"https:\\\/\\\/www.eldiario.net\\\/portal\\\/2024\\\/07\\\/31\\\/garibay-incomodo\\\/\",\"name\":\"\u00bfGaribay, inc\u00f3modo? - El Diario - Bolivia\",\"isPartOf\":{\"@id\":\"https:\\\/\\\/www.eldiario.net\\\/portal\\\/#website\"},\"primaryImageOfPage\":{\"@id\":\"https:\\\/\\\/www.eldiario.net\\\/portal\\\/2024\\\/07\\\/31\\\/garibay-incomodo\\\/#primaryimage\"},\"image\":{\"@id\":\"https:\\\/\\\/www.eldiario.net\\\/portal\\\/2024\\\/07\\\/31\\\/garibay-incomodo\\\/#primaryimage\"},\"thumbnailUrl\":\"https:\\\/\\\/www.eldiario.net\\\/portal\\\/wp-content\\\/uploads\\\/2024\\\/07\\\/FOTO-70-A-1.jpg\",\"datePublished\":\"2024-07-31T10:24:14+00:00\",\"breadcrumb\":{\"@id\":\"https:\\\/\\\/www.eldiario.net\\\/portal\\\/2024\\\/07\\\/31\\\/garibay-incomodo\\\/#breadcrumb\"},\"inLanguage\":\"es\",\"potentialAction\":[{\"@type\":\"ReadAction\",\"target\":[\"https:\\\/\\\/www.eldiario.net\\\/portal\\\/2024\\\/07\\\/31\\\/garibay-incomodo\\\/\"]}]},{\"@type\":\"ImageObject\",\"inLanguage\":\"es\",\"@id\":\"https:\\\/\\\/www.eldiario.net\\\/portal\\\/2024\\\/07\\\/31\\\/garibay-incomodo\\\/#primaryimage\",\"url\":\"https:\\\/\\\/www.eldiario.net\\\/portal\\\/wp-content\\\/uploads\\\/2024\\\/07\\\/FOTO-70-A-1.jpg\",\"contentUrl\":\"https:\\\/\\\/www.eldiario.net\\\/portal\\\/wp-content\\\/uploads\\\/2024\\\/07\\\/FOTO-70-A-1.jpg\",\"width\":738,\"height\":427},{\"@type\":\"BreadcrumbList\",\"@id\":\"https:\\\/\\\/www.eldiario.net\\\/portal\\\/2024\\\/07\\\/31\\\/garibay-incomodo\\\/#breadcrumb\",\"itemListElement\":[{\"@type\":\"ListItem\",\"position\":1,\"name\":\"Portada\",\"item\":\"https:\\\/\\\/www.eldiario.net\\\/portal\\\/\"},{\"@type\":\"ListItem\",\"position\":2,\"name\":\"\u00bfGaribay, inc\u00f3modo?\"}]},{\"@type\":\"WebSite\",\"@id\":\"https:\\\/\\\/www.eldiario.net\\\/portal\\\/#website\",\"url\":\"https:\\\/\\\/www.eldiario.net\\\/portal\\\/\",\"name\":\"El Diario - Decano de la prensa nacional\",\"description\":\"El Diario - Decano de la prensa nacional\",\"publisher\":{\"@id\":\"https:\\\/\\\/www.eldiario.net\\\/portal\\\/#organization\"},\"potentialAction\":[{\"@type\":\"SearchAction\",\"target\":{\"@type\":\"EntryPoint\",\"urlTemplate\":\"https:\\\/\\\/www.eldiario.net\\\/portal\\\/?s={search_term_string}\"},\"query-input\":{\"@type\":\"PropertyValueSpecification\",\"valueRequired\":true,\"valueName\":\"search_term_string\"}}],\"inLanguage\":\"es\"},{\"@type\":\"Organization\",\"@id\":\"https:\\\/\\\/www.eldiario.net\\\/portal\\\/#organization\",\"name\":\"El Diario - Decano de la prensa nacional\",\"url\":\"https:\\\/\\\/www.eldiario.net\\\/portal\\\/\",\"logo\":{\"@type\":\"ImageObject\",\"inLanguage\":\"es\",\"@id\":\"https:\\\/\\\/www.eldiario.net\\\/portal\\\/#\\\/schema\\\/logo\\\/image\\\/\",\"url\":\"https:\\\/\\\/www.eldiario.net\\\/portal\\\/wp-content\\\/uploads\\\/2023\\\/07\\\/logo_ED.jpg\",\"contentUrl\":\"https:\\\/\\\/www.eldiario.net\\\/portal\\\/wp-content\\\/uploads\\\/2023\\\/07\\\/logo_ED.jpg\",\"width\":272,\"height\":52,\"caption\":\"El Diario - Decano de la prensa nacional\"},\"image\":{\"@id\":\"https:\\\/\\\/www.eldiario.net\\\/portal\\\/#\\\/schema\\\/logo\\\/image\\\/\"},\"sameAs\":[\"https:\\\/\\\/www.facebook.com\\\/eldiario.bolivia\\\/\",\"https:\\\/\\\/x.com\\\/eldiario_net\"]},{\"@type\":\"Person\",\"@id\":\"https:\\\/\\\/www.eldiario.net\\\/portal\\\/#\\\/schema\\\/person\\\/f46445640444750d7d753ccd04ae01b7\",\"name\":\"Jeanette\",\"image\":{\"@type\":\"ImageObject\",\"inLanguage\":\"es\",\"@id\":\"https:\\\/\\\/secure.gravatar.com\\\/avatar\\\/3ea2118a5f7dad2b7138b1187a6b7ee55f160b9968b66013c3a3ef39dd7e5798?s=96&d=mm&r=g\",\"url\":\"https:\\\/\\\/secure.gravatar.com\\\/avatar\\\/3ea2118a5f7dad2b7138b1187a6b7ee55f160b9968b66013c3a3ef39dd7e5798?s=96&d=mm&r=g\",\"contentUrl\":\"https:\\\/\\\/secure.gravatar.com\\\/avatar\\\/3ea2118a5f7dad2b7138b1187a6b7ee55f160b9968b66013c3a3ef39dd7e5798?s=96&d=mm&r=g\",\"caption\":\"Jeanette\"},\"sameAs\":[\"https:\\\/\\\/www.eldiario.net\\\/portal\"],\"url\":\"https:\\\/\\\/www.eldiario.net\\\/portal\\\/author\\\/jeanette\\\/\"}]}<\/script>\n<!-- \/ Yoast SEO plugin. -->","yoast_head_json":{"title":"\u00bfGaribay, inc\u00f3modo? - El Diario - Bolivia","robots":{"index":"index","follow":"follow","max-snippet":"max-snippet:-1","max-image-preview":"max-image-preview:large","max-video-preview":"max-video-preview:-1"},"canonical":"https:\/\/www.eldiario.net\/portal\/2024\/07\/31\/garibay-incomodo\/","og_locale":"es_ES","og_type":"article","og_title":"\u00bfGaribay, inc\u00f3modo? - El Diario - Bolivia","og_description":"&nbsp; El cr\u00e9dito boliviano en los Juegos Ol\u00edmpicos Paris 2024, durante las \u00faltimas horas hizo noticia en la Redes Sociales por circunstancias que le habr\u00edan incomodado durante su primera estad\u00eda en Francia, en el tiempo de inauguraci\u00f3n de la cita mundial del deporte. El fondista boliviano que debe cumplir la prueba de marat\u00f3n (varones) el [&hellip;]","og_url":"https:\/\/www.eldiario.net\/portal\/2024\/07\/31\/garibay-incomodo\/","og_site_name":"El Diario - Bolivia","article_publisher":"https:\/\/www.facebook.com\/eldiario.bolivia\/","article_published_time":"2024-07-31T10:24:14+00:00","og_image":[{"width":738,"height":427,"url":"https:\/\/www.eldiario.net\/portal\/wp-content\/uploads\/2024\/07\/FOTO-70-A-1.jpg","type":"image\/jpeg"}],"author":"Jeanette","twitter_card":"summary_large_image","twitter_creator":"@eldiario_net","twitter_site":"@eldiario_net","twitter_misc":{"Escrito por":"Jeanette","Tiempo de lectura":"3 minutos"},"schema":{"@context":"https:\/\/schema.org","@graph":[{"@type":"Article","@id":"https:\/\/www.eldiario.net\/portal\/2024\/07\/31\/garibay-incomodo\/#article","isPartOf":{"@id":"https:\/\/www.eldiario.net\/portal\/2024\/07\/31\/garibay-incomodo\/"},"author":{"name":"Jeanette","@id":"https:\/\/www.eldiario.net\/portal\/#\/schema\/person\/f46445640444750d7d753ccd04ae01b7"},"headline":"\u00bfGaribay, inc\u00f3modo?","datePublished":"2024-07-31T10:24:14+00:00","mainEntityOfPage":{"@id":"https:\/\/www.eldiario.net\/portal\/2024\/07\/31\/garibay-incomodo\/"},"wordCount":552,"commentCount":0,"publisher":{"@id":"https:\/\/www.eldiario.net\/portal\/#organization"},"image":{"@id":"https:\/\/www.eldiario.net\/portal\/2024\/07\/31\/garibay-incomodo\/#primaryimage"},"thumbnailUrl":"https:\/\/www.eldiario.net\/portal\/wp-content\/uploads\/2024\/07\/FOTO-70-A-1.jpg","articleSection":["Deportes","Olimpiadas Paris 2024"],"inLanguage":"es","potentialAction":[{"@type":"CommentAction","name":"Comment","target":["https:\/\/www.eldiario.net\/portal\/2024\/07\/31\/garibay-incomodo\/#respond"]}]},{"@type":"WebPage","@id":"https:\/\/www.eldiario.net\/portal\/2024\/07\/31\/garibay-incomodo\/","url":"https:\/\/www.eldiario.net\/portal\/2024\/07\/31\/garibay-incomodo\/","name":"\u00bfGaribay, inc\u00f3modo? - El Diario - Bolivia","isPartOf":{"@id":"https:\/\/www.eldiario.net\/portal\/#website"},"primaryImageOfPage":{"@id":"https:\/\/www.eldiario.net\/portal\/2024\/07\/31\/garibay-incomodo\/#primaryimage"},"image":{"@id":"https:\/\/www.eldiario.net\/portal\/2024\/07\/31\/garibay-incomodo\/#primaryimage"},"thumbnailUrl":"https:\/\/www.eldiario.net\/portal\/wp-content\/uploads\/2024\/07\/FOTO-70-A-1.jpg","datePublished":"2024-07-31T10:24:14+00:00","breadcrumb":{"@id":"https:\/\/www.eldiario.net\/portal\/2024\/07\/31\/garibay-incomodo\/#breadcrumb"},"inLanguage":"es","potentialAction":[{"@type":"ReadAction","target":["https:\/\/www.eldiario.net\/portal\/2024\/07\/31\/garibay-incomodo\/"]}]},{"@type":"ImageObject","inLanguage":"es","@id":"https:\/\/www.eldiario.net\/portal\/2024\/07\/31\/garibay-incomodo\/#primaryimage","url":"https:\/\/www.eldiario.net\/portal\/wp-content\/uploads\/2024\/07\/FOTO-70-A-1.jpg","contentUrl":"https:\/\/www.eldiario.net\/portal\/wp-content\/uploads\/2024\/07\/FOTO-70-A-1.jpg","width":738,"height":427},{"@type":"BreadcrumbList","@id":"https:\/\/www.eldiario.net\/portal\/2024\/07\/31\/garibay-incomodo\/#breadcrumb","itemListElement":[{"@type":"ListItem","position":1,"name":"Portada","item":"https:\/\/www.eldiario.net\/portal\/"},{"@type":"ListItem","position":2,"name":"\u00bfGaribay, inc\u00f3modo?"}]},{"@type":"WebSite","@id":"https:\/\/www.eldiario.net\/portal\/#website","url":"https:\/\/www.eldiario.net\/portal\/","name":"El Diario - Decano de la prensa nacional","description":"El Diario - Decano de la prensa nacional","publisher":{"@id":"https:\/\/www.eldiario.net\/portal\/#organization"},"potentialAction":[{"@type":"SearchAction","target":{"@type":"EntryPoint","urlTemplate":"https:\/\/www.eldiario.net\/portal\/?s={search_term_string}"},"query-input":{"@type":"PropertyValueSpecification","valueRequired":true,"valueName":"search_term_string"}}],"inLanguage":"es"},{"@type":"Organization","@id":"https:\/\/www.eldiario.net\/portal\/#organization","name":"El Diario - Decano de la prensa nacional","url":"https:\/\/www.eldiario.net\/portal\/","logo":{"@type":"ImageObject","inLanguage":"es","@id":"https:\/\/www.eldiario.net\/portal\/#\/schema\/logo\/image\/","url":"https:\/\/www.eldiario.net\/portal\/wp-content\/uploads\/2023\/07\/logo_ED.jpg","contentUrl":"https:\/\/www.eldiario.net\/portal\/wp-content\/uploads\/2023\/07\/logo_ED.jpg","width":272,"height":52,"caption":"El Diario - Decano de la prensa nacional"},"image":{"@id":"https:\/\/www.eldiario.net\/portal\/#\/schema\/logo\/image\/"},"sameAs":["https:\/\/www.facebook.com\/eldiario.bolivia\/","https:\/\/x.com\/eldiario_net"]},{"@type":"Person","@id":"https:\/\/www.eldiario.net\/portal\/#\/schema\/person\/f46445640444750d7d753ccd04ae01b7","name":"Jeanette","image":{"@type":"ImageObject","inLanguage":"es","@id":"https:\/\/secure.gravatar.com\/avatar\/3ea2118a5f7dad2b7138b1187a6b7ee55f160b9968b66013c3a3ef39dd7e5798?s=96&d=mm&r=g","url":"https:\/\/secure.gravatar.com\/avatar\/3ea2118a5f7dad2b7138b1187a6b7ee55f160b9968b66013c3a3ef39dd7e5798?s=96&d=mm&r=g","contentUrl":"https:\/\/secure.gravatar.com\/avatar\/3ea2118a5f7dad2b7138b1187a6b7ee55f160b9968b66013c3a3ef39dd7e5798?s=96&d=mm&r=g","caption":"Jeanette"},"sameAs":["https:\/\/www.eldiario.net\/portal"],"url":"https:\/\/www.eldiario.net\/portal\/author\/jeanette\/"}]}},"_links":{"self":[{"href":"https:\/\/www.eldiario.net\/portal\/wp-json\/wp\/v2\/posts\/237614","targetHints":{"allow":["GET"]}}],"collection":[{"href":"https:\/\/www.eldiario.net\/portal\/wp-json\/wp\/v2\/posts"}],"about":[{"href":"https:\/\/www.eldiario.net\/portal\/wp-json\/wp\/v2\/types\/post"}],"author":[{"embeddable":true,"href":"https:\/\/www.eldiario.net\/portal\/wp-json\/wp\/v2\/users\/1"}],"replies":[{"embeddable":true,"href":"https:\/\/www.eldiario.net\/portal\/wp-json\/wp\/v2\/comments?post=237614"}],"version-history":[{"count":1,"href":"https:\/\/www.eldiario.net\/portal\/wp-json\/wp\/v2\/posts\/237614\/revisions"}],"predecessor-version":[{"id":237617,"href":"https:\/\/www.eldiario.net\/portal\/wp-json\/wp\/v2\/posts\/237614\/revisions\/237617"}],"wp:featuredmedia":[{"embeddable":true,"href":"https:\/\/www.eldiario.net\/portal\/wp-json\/wp\/v2\/media\/237615"}],"wp:attachment":[{"href":"https:\/\/www.eldiario.net\/portal\/wp-json\/wp\/v2\/media?parent=237614"}],"wp:term":[{"taxonomy":"category","embeddable":true,"href":"https:\/\/www.eldiario.net\/portal\/wp-json\/wp\/v2\/categories?post=237614"},{"taxonomy":"post_tag","embeddable":true,"href":"https:\/\/www.eldiario.net\/portal\/wp-json\/wp\/v2\/tags?post=237614"}],"curies":[{"name":"wp","href":"https:\/\/api.w.org\/{rel}","templated":true}]}}