{"id":237608,"date":"2024-07-31T06:22:43","date_gmt":"2024-07-31T10:22:43","guid":{"rendered":"https:\/\/www.eldiario.net\/portal\/?p=237608"},"modified":"2024-07-31T06:22:43","modified_gmt":"2024-07-31T10:22:43","slug":"always-ready-sin-hablar-de-camarilla-torres-se-fue","status":"publish","type":"post","link":"https:\/\/www.eldiario.net\/portal\/2024\/07\/31\/always-ready-sin-hablar-de-camarilla-torres-se-fue\/","title":{"rendered":"Always Ready: Sin hablar de  &#8216;camarilla&#8217;, Torres se fue"},"content":{"rendered":"<p>Always Ready se qued\u00f3 sin director t\u00e9cnico, tras la salida del entrenador Flabio Torres, quien pese a recibir el respaldo de la dirigencia decidi\u00f3 despedirse del plantel en la pr\u00e1ctica de ayer en Villa Ingenio.<br \/>\n\u201cYo veo que no hay una armon\u00eda entre el entrenador y los jugadores, no s\u00e9 cu\u00e1l es la raz\u00f3n, todo iba bien hasta el momento, pero para que se haga un buen trabajo se necesita de la predisposici\u00f3n de todos los futbolistas\u201d, se\u00f1al\u00f3 Torres antes del entrenamiento vespertino del martes.<br \/>\nAlways Ready tuvo contrastes en su producci\u00f3n durante las \u00faltimas semanas. Pese a ganar el encuentro por play-off CONMEBOL, frente a Liga Deportiva Universitaria de Quito, perdi\u00f3 la clasificaci\u00f3n en El Alto, por gol diferencia, el pasado 25 de julio. En el torneo Clausura, empat\u00f3 con Bol\u00edvar 0 a 0 el 21 pasado y este domingo cay\u00f3 en casa frente a FC Universitario (2-1), en casa. Descendi\u00f3 del puesto 3 al 5 en la tabla de valoraciones local y qued\u00f3 con 11 puntos, despu\u00e9s de los cruce\u00f1os Oriente Petrolero y Blooming.<br \/>\nDesde el pasado lunes, el colombiano Torres sostuvo varias reuniones con la dirigencia del cuadro \u201cmillonario\u201d para solucionar la recisi\u00f3n de su contrato, cuestionado por los \u00faltimos resultados.<br \/>\nEl presidente del club, Andr\u00e9s Costa cont\u00f3 que el t\u00e9cnico pidi\u00f3 la salida de algunos jugadores y que pese a los resultados deportivos adversos la dirigencia no estaba de acuerdo con su renuncia.<br \/>\n\u201cNosotros queremos que contin\u00fae, pero tampoco se lo puede obligar a que se quede en el Club, si \u00e9l no est\u00e1 c\u00f3modo porque considera que no tiene el apoyo de algunos jugadores\u201d, manifest\u00f3 el titular del club alte\u00f1o.<br \/>\nEl pr\u00f3ximo compromiso de Always Ready ser\u00e1 ma\u00f1ana 1 de agosto (20:00) frente a The Stongest por la octava fecha del torneo Clausura. En la oportunidad ser\u00e1 Julio C\u00e9sar Quinteros (entrenador que dirigi\u00f3 al club ABB en la fase regional de la Copa Sim\u00f3n Bol\u00edvar), quien comande el cuadro \u201cmillonario\u201d, que oficiar\u00e1 de local. (GUSTAVO SALGUERO)<\/p>\n","protected":false},"excerpt":{"rendered":"<p>Always Ready se qued\u00f3 sin director t\u00e9cnico, tras la salida del entrenador Flabio Torres, quien pese a recibir el respaldo de la dirigencia decidi\u00f3 despedirse del plantel en la pr\u00e1ctica de ayer en Villa Ingenio. \u201cYo veo que no hay una armon\u00eda entre el entrenador y los jugadores, no s\u00e9 cu\u00e1l es la raz\u00f3n, todo [&hellip;]<\/p>\n","protected":false},"author":1,"featured_media":237609,"comment_status":"open","ping_status":"open","sticky":false,"template":"","format":"standard","meta":{"_acf_changed":false,"footnotes":""},"categories":[6],"tags":[],"class_list":["post-237608","post","type-post","status-publish","format-standard","has-post-thumbnail","category-deportes"],"acf":{"antetitulo":""},"yoast_head":"<!-- This site is optimized with the Yoast SEO plugin v28.3 - https:\/\/yoast.com\/product\/yoast-seo-wordpress\/ -->\n<title>Always Ready: Sin hablar de &#039;camarilla&#039;, Torres se fue - El Diario - Bolivia<\/title>\n<meta name=\"robots\" content=\"index, follow, max-snippet:-1, max-image-preview:large, max-video-preview:-1\" \/>\n<link rel=\"canonical\" href=\"https:\/\/www.eldiario.net\/portal\/2024\/07\/31\/always-ready-sin-hablar-de-camarilla-torres-se-fue\/\" \/>\n<meta property=\"og:locale\" content=\"es_ES\" \/>\n<meta property=\"og:type\" content=\"article\" \/>\n<meta property=\"og:title\" content=\"Always Ready: Sin hablar de &#039;camarilla&#039;, Torres se fue - El Diario - Bolivia\" \/>\n<meta property=\"og:description\" content=\"Always Ready se qued\u00f3 sin director t\u00e9cnico, tras la salida del entrenador Flabio Torres, quien pese a recibir el respaldo de la dirigencia decidi\u00f3 despedirse del plantel en la pr\u00e1ctica de ayer en Villa Ingenio. \u201cYo veo que no hay una armon\u00eda entre el entrenador y los jugadores, no s\u00e9 cu\u00e1l es la raz\u00f3n, todo [&hellip;]\" \/>\n<meta property=\"og:url\" content=\"https:\/\/www.eldiario.net\/portal\/2024\/07\/31\/always-ready-sin-hablar-de-camarilla-torres-se-fue\/\" \/>\n<meta property=\"og:site_name\" content=\"El Diario - Bolivia\" \/>\n<meta property=\"article:publisher\" content=\"https:\/\/www.facebook.com\/eldiario.bolivia\/\" \/>\n<meta property=\"article:published_time\" content=\"2024-07-31T10:22:43+00:00\" \/>\n<meta property=\"og:image\" content=\"https:\/\/www.eldiario.net\/portal\/wp-content\/uploads\/2024\/07\/FOTO-73-4.jpg\" \/>\n\t<meta property=\"og:image:width\" content=\"1200\" \/>\n\t<meta property=\"og:image:height\" content=\"671\" \/>\n\t<meta property=\"og:image:type\" content=\"image\/jpeg\" \/>\n<meta name=\"author\" content=\"Jeanette\" \/>\n<meta name=\"twitter:card\" content=\"summary_large_image\" \/>\n<meta name=\"twitter:creator\" content=\"@eldiario_net\" \/>\n<meta name=\"twitter:site\" content=\"@eldiario_net\" \/>\n<meta name=\"twitter:label1\" content=\"Escrito por\" \/>\n\t<meta name=\"twitter:data1\" content=\"Jeanette\" \/>\n\t<meta name=\"twitter:label2\" content=\"Tiempo de lectura\" \/>\n\t<meta name=\"twitter:data2\" content=\"2 minutos\" \/>\n<script type=\"application\/ld+json\" class=\"yoast-schema-graph\">{\"@context\":\"https:\\\/\\\/schema.org\",\"@graph\":[{\"@type\":\"Article\",\"@id\":\"https:\\\/\\\/www.eldiario.net\\\/portal\\\/2024\\\/07\\\/31\\\/always-ready-sin-hablar-de-camarilla-torres-se-fue\\\/#article\",\"isPartOf\":{\"@id\":\"https:\\\/\\\/www.eldiario.net\\\/portal\\\/2024\\\/07\\\/31\\\/always-ready-sin-hablar-de-camarilla-torres-se-fue\\\/\"},\"author\":{\"name\":\"Jeanette\",\"@id\":\"https:\\\/\\\/www.eldiario.net\\\/portal\\\/#\\\/schema\\\/person\\\/f46445640444750d7d753ccd04ae01b7\"},\"headline\":\"Always Ready: Sin hablar de &#8216;camarilla&#8217;, Torres se fue\",\"datePublished\":\"2024-07-31T10:22:43+00:00\",\"mainEntityOfPage\":{\"@id\":\"https:\\\/\\\/www.eldiario.net\\\/portal\\\/2024\\\/07\\\/31\\\/always-ready-sin-hablar-de-camarilla-torres-se-fue\\\/\"},\"wordCount\":354,\"commentCount\":0,\"publisher\":{\"@id\":\"https:\\\/\\\/www.eldiario.net\\\/portal\\\/#organization\"},\"image\":{\"@id\":\"https:\\\/\\\/www.eldiario.net\\\/portal\\\/2024\\\/07\\\/31\\\/always-ready-sin-hablar-de-camarilla-torres-se-fue\\\/#primaryimage\"},\"thumbnailUrl\":\"https:\\\/\\\/www.eldiario.net\\\/portal\\\/wp-content\\\/uploads\\\/2024\\\/07\\\/FOTO-73-4.jpg\",\"articleSection\":[\"Deportes\"],\"inLanguage\":\"es\",\"potentialAction\":[{\"@type\":\"CommentAction\",\"name\":\"Comment\",\"target\":[\"https:\\\/\\\/www.eldiario.net\\\/portal\\\/2024\\\/07\\\/31\\\/always-ready-sin-hablar-de-camarilla-torres-se-fue\\\/#respond\"]}]},{\"@type\":\"WebPage\",\"@id\":\"https:\\\/\\\/www.eldiario.net\\\/portal\\\/2024\\\/07\\\/31\\\/always-ready-sin-hablar-de-camarilla-torres-se-fue\\\/\",\"url\":\"https:\\\/\\\/www.eldiario.net\\\/portal\\\/2024\\\/07\\\/31\\\/always-ready-sin-hablar-de-camarilla-torres-se-fue\\\/\",\"name\":\"Always Ready: Sin hablar de 'camarilla', Torres se fue - El Diario - Bolivia\",\"isPartOf\":{\"@id\":\"https:\\\/\\\/www.eldiario.net\\\/portal\\\/#website\"},\"primaryImageOfPage\":{\"@id\":\"https:\\\/\\\/www.eldiario.net\\\/portal\\\/2024\\\/07\\\/31\\\/always-ready-sin-hablar-de-camarilla-torres-se-fue\\\/#primaryimage\"},\"image\":{\"@id\":\"https:\\\/\\\/www.eldiario.net\\\/portal\\\/2024\\\/07\\\/31\\\/always-ready-sin-hablar-de-camarilla-torres-se-fue\\\/#primaryimage\"},\"thumbnailUrl\":\"https:\\\/\\\/www.eldiario.net\\\/portal\\\/wp-content\\\/uploads\\\/2024\\\/07\\\/FOTO-73-4.jpg\",\"datePublished\":\"2024-07-31T10:22:43+00:00\",\"breadcrumb\":{\"@id\":\"https:\\\/\\\/www.eldiario.net\\\/portal\\\/2024\\\/07\\\/31\\\/always-ready-sin-hablar-de-camarilla-torres-se-fue\\\/#breadcrumb\"},\"inLanguage\":\"es\",\"potentialAction\":[{\"@type\":\"ReadAction\",\"target\":[\"https:\\\/\\\/www.eldiario.net\\\/portal\\\/2024\\\/07\\\/31\\\/always-ready-sin-hablar-de-camarilla-torres-se-fue\\\/\"]}]},{\"@type\":\"ImageObject\",\"inLanguage\":\"es\",\"@id\":\"https:\\\/\\\/www.eldiario.net\\\/portal\\\/2024\\\/07\\\/31\\\/always-ready-sin-hablar-de-camarilla-torres-se-fue\\\/#primaryimage\",\"url\":\"https:\\\/\\\/www.eldiario.net\\\/portal\\\/wp-content\\\/uploads\\\/2024\\\/07\\\/FOTO-73-4.jpg\",\"contentUrl\":\"https:\\\/\\\/www.eldiario.net\\\/portal\\\/wp-content\\\/uploads\\\/2024\\\/07\\\/FOTO-73-4.jpg\",\"width\":1200,\"height\":671},{\"@type\":\"BreadcrumbList\",\"@id\":\"https:\\\/\\\/www.eldiario.net\\\/portal\\\/2024\\\/07\\\/31\\\/always-ready-sin-hablar-de-camarilla-torres-se-fue\\\/#breadcrumb\",\"itemListElement\":[{\"@type\":\"ListItem\",\"position\":1,\"name\":\"Portada\",\"item\":\"https:\\\/\\\/www.eldiario.net\\\/portal\\\/\"},{\"@type\":\"ListItem\",\"position\":2,\"name\":\"Always Ready: Sin hablar de &#8216;camarilla&#8217;, Torres se fue\"}]},{\"@type\":\"WebSite\",\"@id\":\"https:\\\/\\\/www.eldiario.net\\\/portal\\\/#website\",\"url\":\"https:\\\/\\\/www.eldiario.net\\\/portal\\\/\",\"name\":\"El Diario - Decano de la prensa nacional\",\"description\":\"El Diario - Decano de la prensa nacional\",\"publisher\":{\"@id\":\"https:\\\/\\\/www.eldiario.net\\\/portal\\\/#organization\"},\"potentialAction\":[{\"@type\":\"SearchAction\",\"target\":{\"@type\":\"EntryPoint\",\"urlTemplate\":\"https:\\\/\\\/www.eldiario.net\\\/portal\\\/?s={search_term_string}\"},\"query-input\":{\"@type\":\"PropertyValueSpecification\",\"valueRequired\":true,\"valueName\":\"search_term_string\"}}],\"inLanguage\":\"es\"},{\"@type\":\"Organization\",\"@id\":\"https:\\\/\\\/www.eldiario.net\\\/portal\\\/#organization\",\"name\":\"El Diario - Decano de la prensa nacional\",\"url\":\"https:\\\/\\\/www.eldiario.net\\\/portal\\\/\",\"logo\":{\"@type\":\"ImageObject\",\"inLanguage\":\"es\",\"@id\":\"https:\\\/\\\/www.eldiario.net\\\/portal\\\/#\\\/schema\\\/logo\\\/image\\\/\",\"url\":\"https:\\\/\\\/www.eldiario.net\\\/portal\\\/wp-content\\\/uploads\\\/2023\\\/07\\\/logo_ED.jpg\",\"contentUrl\":\"https:\\\/\\\/www.eldiario.net\\\/portal\\\/wp-content\\\/uploads\\\/2023\\\/07\\\/logo_ED.jpg\",\"width\":272,\"height\":52,\"caption\":\"El Diario - Decano de la prensa nacional\"},\"image\":{\"@id\":\"https:\\\/\\\/www.eldiario.net\\\/portal\\\/#\\\/schema\\\/logo\\\/image\\\/\"},\"sameAs\":[\"https:\\\/\\\/www.facebook.com\\\/eldiario.bolivia\\\/\",\"https:\\\/\\\/x.com\\\/eldiario_net\"]},{\"@type\":\"Person\",\"@id\":\"https:\\\/\\\/www.eldiario.net\\\/portal\\\/#\\\/schema\\\/person\\\/f46445640444750d7d753ccd04ae01b7\",\"name\":\"Jeanette\",\"image\":{\"@type\":\"ImageObject\",\"inLanguage\":\"es\",\"@id\":\"https:\\\/\\\/secure.gravatar.com\\\/avatar\\\/3ea2118a5f7dad2b7138b1187a6b7ee55f160b9968b66013c3a3ef39dd7e5798?s=96&d=mm&r=g\",\"url\":\"https:\\\/\\\/secure.gravatar.com\\\/avatar\\\/3ea2118a5f7dad2b7138b1187a6b7ee55f160b9968b66013c3a3ef39dd7e5798?s=96&d=mm&r=g\",\"contentUrl\":\"https:\\\/\\\/secure.gravatar.com\\\/avatar\\\/3ea2118a5f7dad2b7138b1187a6b7ee55f160b9968b66013c3a3ef39dd7e5798?s=96&d=mm&r=g\",\"caption\":\"Jeanette\"},\"sameAs\":[\"https:\\\/\\\/www.eldiario.net\\\/portal\"],\"url\":\"https:\\\/\\\/www.eldiario.net\\\/portal\\\/author\\\/jeanette\\\/\"}]}<\/script>\n<!-- \/ Yoast SEO plugin. -->","yoast_head_json":{"title":"Always Ready: Sin hablar de 'camarilla', Torres se fue - El Diario - Bolivia","robots":{"index":"index","follow":"follow","max-snippet":"max-snippet:-1","max-image-preview":"max-image-preview:large","max-video-preview":"max-video-preview:-1"},"canonical":"https:\/\/www.eldiario.net\/portal\/2024\/07\/31\/always-ready-sin-hablar-de-camarilla-torres-se-fue\/","og_locale":"es_ES","og_type":"article","og_title":"Always Ready: Sin hablar de 'camarilla', Torres se fue - El Diario - Bolivia","og_description":"Always Ready se qued\u00f3 sin director t\u00e9cnico, tras la salida del entrenador Flabio Torres, quien pese a recibir el respaldo de la dirigencia decidi\u00f3 despedirse del plantel en la pr\u00e1ctica de ayer en Villa Ingenio. \u201cYo veo que no hay una armon\u00eda entre el entrenador y los jugadores, no s\u00e9 cu\u00e1l es la raz\u00f3n, todo [&hellip;]","og_url":"https:\/\/www.eldiario.net\/portal\/2024\/07\/31\/always-ready-sin-hablar-de-camarilla-torres-se-fue\/","og_site_name":"El Diario - Bolivia","article_publisher":"https:\/\/www.facebook.com\/eldiario.bolivia\/","article_published_time":"2024-07-31T10:22:43+00:00","og_image":[{"width":1200,"height":671,"url":"https:\/\/www.eldiario.net\/portal\/wp-content\/uploads\/2024\/07\/FOTO-73-4.jpg","type":"image\/jpeg"}],"author":"Jeanette","twitter_card":"summary_large_image","twitter_creator":"@eldiario_net","twitter_site":"@eldiario_net","twitter_misc":{"Escrito por":"Jeanette","Tiempo de lectura":"2 minutos"},"schema":{"@context":"https:\/\/schema.org","@graph":[{"@type":"Article","@id":"https:\/\/www.eldiario.net\/portal\/2024\/07\/31\/always-ready-sin-hablar-de-camarilla-torres-se-fue\/#article","isPartOf":{"@id":"https:\/\/www.eldiario.net\/portal\/2024\/07\/31\/always-ready-sin-hablar-de-camarilla-torres-se-fue\/"},"author":{"name":"Jeanette","@id":"https:\/\/www.eldiario.net\/portal\/#\/schema\/person\/f46445640444750d7d753ccd04ae01b7"},"headline":"Always Ready: Sin hablar de &#8216;camarilla&#8217;, Torres se fue","datePublished":"2024-07-31T10:22:43+00:00","mainEntityOfPage":{"@id":"https:\/\/www.eldiario.net\/portal\/2024\/07\/31\/always-ready-sin-hablar-de-camarilla-torres-se-fue\/"},"wordCount":354,"commentCount":0,"publisher":{"@id":"https:\/\/www.eldiario.net\/portal\/#organization"},"image":{"@id":"https:\/\/www.eldiario.net\/portal\/2024\/07\/31\/always-ready-sin-hablar-de-camarilla-torres-se-fue\/#primaryimage"},"thumbnailUrl":"https:\/\/www.eldiario.net\/portal\/wp-content\/uploads\/2024\/07\/FOTO-73-4.jpg","articleSection":["Deportes"],"inLanguage":"es","potentialAction":[{"@type":"CommentAction","name":"Comment","target":["https:\/\/www.eldiario.net\/portal\/2024\/07\/31\/always-ready-sin-hablar-de-camarilla-torres-se-fue\/#respond"]}]},{"@type":"WebPage","@id":"https:\/\/www.eldiario.net\/portal\/2024\/07\/31\/always-ready-sin-hablar-de-camarilla-torres-se-fue\/","url":"https:\/\/www.eldiario.net\/portal\/2024\/07\/31\/always-ready-sin-hablar-de-camarilla-torres-se-fue\/","name":"Always Ready: Sin hablar de 'camarilla', Torres se fue - El Diario - Bolivia","isPartOf":{"@id":"https:\/\/www.eldiario.net\/portal\/#website"},"primaryImageOfPage":{"@id":"https:\/\/www.eldiario.net\/portal\/2024\/07\/31\/always-ready-sin-hablar-de-camarilla-torres-se-fue\/#primaryimage"},"image":{"@id":"https:\/\/www.eldiario.net\/portal\/2024\/07\/31\/always-ready-sin-hablar-de-camarilla-torres-se-fue\/#primaryimage"},"thumbnailUrl":"https:\/\/www.eldiario.net\/portal\/wp-content\/uploads\/2024\/07\/FOTO-73-4.jpg","datePublished":"2024-07-31T10:22:43+00:00","breadcrumb":{"@id":"https:\/\/www.eldiario.net\/portal\/2024\/07\/31\/always-ready-sin-hablar-de-camarilla-torres-se-fue\/#breadcrumb"},"inLanguage":"es","potentialAction":[{"@type":"ReadAction","target":["https:\/\/www.eldiario.net\/portal\/2024\/07\/31\/always-ready-sin-hablar-de-camarilla-torres-se-fue\/"]}]},{"@type":"ImageObject","inLanguage":"es","@id":"https:\/\/www.eldiario.net\/portal\/2024\/07\/31\/always-ready-sin-hablar-de-camarilla-torres-se-fue\/#primaryimage","url":"https:\/\/www.eldiario.net\/portal\/wp-content\/uploads\/2024\/07\/FOTO-73-4.jpg","contentUrl":"https:\/\/www.eldiario.net\/portal\/wp-content\/uploads\/2024\/07\/FOTO-73-4.jpg","width":1200,"height":671},{"@type":"BreadcrumbList","@id":"https:\/\/www.eldiario.net\/portal\/2024\/07\/31\/always-ready-sin-hablar-de-camarilla-torres-se-fue\/#breadcrumb","itemListElement":[{"@type":"ListItem","position":1,"name":"Portada","item":"https:\/\/www.eldiario.net\/portal\/"},{"@type":"ListItem","position":2,"name":"Always Ready: Sin hablar de &#8216;camarilla&#8217;, Torres se fue"}]},{"@type":"WebSite","@id":"https:\/\/www.eldiario.net\/portal\/#website","url":"https:\/\/www.eldiario.net\/portal\/","name":"El Diario - Decano de la prensa nacional","description":"El Diario - Decano de la prensa nacional","publisher":{"@id":"https:\/\/www.eldiario.net\/portal\/#organization"},"potentialAction":[{"@type":"SearchAction","target":{"@type":"EntryPoint","urlTemplate":"https:\/\/www.eldiario.net\/portal\/?s={search_term_string}"},"query-input":{"@type":"PropertyValueSpecification","valueRequired":true,"valueName":"search_term_string"}}],"inLanguage":"es"},{"@type":"Organization","@id":"https:\/\/www.eldiario.net\/portal\/#organization","name":"El Diario - Decano de la prensa nacional","url":"https:\/\/www.eldiario.net\/portal\/","logo":{"@type":"ImageObject","inLanguage":"es","@id":"https:\/\/www.eldiario.net\/portal\/#\/schema\/logo\/image\/","url":"https:\/\/www.eldiario.net\/portal\/wp-content\/uploads\/2023\/07\/logo_ED.jpg","contentUrl":"https:\/\/www.eldiario.net\/portal\/wp-content\/uploads\/2023\/07\/logo_ED.jpg","width":272,"height":52,"caption":"El Diario - Decano de la prensa nacional"},"image":{"@id":"https:\/\/www.eldiario.net\/portal\/#\/schema\/logo\/image\/"},"sameAs":["https:\/\/www.facebook.com\/eldiario.bolivia\/","https:\/\/x.com\/eldiario_net"]},{"@type":"Person","@id":"https:\/\/www.eldiario.net\/portal\/#\/schema\/person\/f46445640444750d7d753ccd04ae01b7","name":"Jeanette","image":{"@type":"ImageObject","inLanguage":"es","@id":"https:\/\/secure.gravatar.com\/avatar\/3ea2118a5f7dad2b7138b1187a6b7ee55f160b9968b66013c3a3ef39dd7e5798?s=96&d=mm&r=g","url":"https:\/\/secure.gravatar.com\/avatar\/3ea2118a5f7dad2b7138b1187a6b7ee55f160b9968b66013c3a3ef39dd7e5798?s=96&d=mm&r=g","contentUrl":"https:\/\/secure.gravatar.com\/avatar\/3ea2118a5f7dad2b7138b1187a6b7ee55f160b9968b66013c3a3ef39dd7e5798?s=96&d=mm&r=g","caption":"Jeanette"},"sameAs":["https:\/\/www.eldiario.net\/portal"],"url":"https:\/\/www.eldiario.net\/portal\/author\/jeanette\/"}]}},"_links":{"self":[{"href":"https:\/\/www.eldiario.net\/portal\/wp-json\/wp\/v2\/posts\/237608","targetHints":{"allow":["GET"]}}],"collection":[{"href":"https:\/\/www.eldiario.net\/portal\/wp-json\/wp\/v2\/posts"}],"about":[{"href":"https:\/\/www.eldiario.net\/portal\/wp-json\/wp\/v2\/types\/post"}],"author":[{"embeddable":true,"href":"https:\/\/www.eldiario.net\/portal\/wp-json\/wp\/v2\/users\/1"}],"replies":[{"embeddable":true,"href":"https:\/\/www.eldiario.net\/portal\/wp-json\/wp\/v2\/comments?post=237608"}],"version-history":[{"count":1,"href":"https:\/\/www.eldiario.net\/portal\/wp-json\/wp\/v2\/posts\/237608\/revisions"}],"predecessor-version":[{"id":237610,"href":"https:\/\/www.eldiario.net\/portal\/wp-json\/wp\/v2\/posts\/237608\/revisions\/237610"}],"wp:featuredmedia":[{"embeddable":true,"href":"https:\/\/www.eldiario.net\/portal\/wp-json\/wp\/v2\/media\/237609"}],"wp:attachment":[{"href":"https:\/\/www.eldiario.net\/portal\/wp-json\/wp\/v2\/media?parent=237608"}],"wp:term":[{"taxonomy":"category","embeddable":true,"href":"https:\/\/www.eldiario.net\/portal\/wp-json\/wp\/v2\/categories?post=237608"},{"taxonomy":"post_tag","embeddable":true,"href":"https:\/\/www.eldiario.net\/portal\/wp-json\/wp\/v2\/tags?post=237608"}],"curies":[{"name":"wp","href":"https:\/\/api.w.org\/{rel}","templated":true}]}}