{"id":237472,"date":"2024-07-31T05:33:16","date_gmt":"2024-07-31T09:33:16","guid":{"rendered":"https:\/\/www.eldiario.net\/portal\/?p=237472"},"modified":"2024-07-31T09:25:09","modified_gmt":"2024-07-31T13:25:09","slug":"ajuste-tardio-de-la-economia-sera-mas-costoso-y-traumatico","status":"publish","type":"post","link":"https:\/\/www.eldiario.net\/portal\/2024\/07\/31\/ajuste-tardio-de-la-economia-sera-mas-costoso-y-traumatico\/","title":{"rendered":"Ajuste tard\u00edo de la econom\u00eda  ser\u00e1 m\u00e1s costoso y traum\u00e1tico"},"content":{"rendered":"<p>Ante la coyuntura que atraviesa el pa\u00eds, el exdirector del Departamento del Hemisferio Occidental del Fondo Monetario Internacional (FMI), Alejandro Werner, analiz\u00f3 la situaci\u00f3n y consider\u00f3 que hay una necesidad urgente de realizar cambios en materia econ\u00f3mica.<\/p>\n<p>El ejecutivo remarc\u00f3 que los cambios en el pa\u00eds \u201cdeber\u00edan de haber comenzado ya hace varios meses, sino a\u00f1os. Entonces, claramente la situaci\u00f3n es cr\u00edtica y en la medida que se postergan la econom\u00eda boliviana se va a encontrar en una situaci\u00f3n m\u00e1s fr\u00e1gil a la hora de hacer el ajuste\u201d.<\/p>\n<p>\u201cMientras m\u00e1s se retrase este ajuste, sale del \u00e1mbito del sector p\u00fablico y empieza a contaminar a toda la sociedad y, por lo tanto, a la hora de realizarse el ajuste ser\u00e1 m\u00e1s costoso, m\u00e1s traum\u00e1tico en t\u00e9rminos de ca\u00edda de actividad, en t\u00e9rminos de ca\u00edda salarial y en t\u00e9rminos de ca\u00edda de empleo\u201d, concluy\u00f3.<\/p>\n<p>\u00bfPor d\u00f3nde atacar esta situaci\u00f3n cr\u00edtica?<\/p>\n<p>Desde el punto de vista de Werner, todo arranca en el d\u00e9ficit del sector p\u00fablico y por aqu\u00ed tiene que comenzar la correcci\u00f3n, por lo que uno de las claves apunta al equilibrio fiscal, ya sea a trav\u00e9s de mayores impuestos o la reducci\u00f3n del gasto estatal.<\/p>\n<p>A esto se suma un horizonte en el que se refleje una variaci\u00f3n en el tipo de cambio, girando hacia uno m\u00e1s d\u00e9bil que generar\u00e1 incentivos para exportar y reducir\u00e1 los incentivos para importar.<\/p>\n<p>\u201cBolivia tiene que reconocer, como ya los mercados lo reconocen, que el tipo de cambio que lleva fijo m\u00e1s de una d\u00e9cada dej\u00f3 de reflejar la realidad de la oferta y la demanda de divisas\u201d, sostuvo el ejecutivo al t\u00e9rmino del Foro Econ\u00f3mico 2024 de la C\u00e1mara de Industria, Comercio, Servicios y Turismo de Santa Cruz (Cainco).<\/p>\n<p>Para Werner, el retrasar el ajuste ha hecho, por ejemplo, que se vulneren y se debiliten las pensiones de los bolivianos, al b\u00e1sicamente obligar a estos fondos de pensiones a tomar solamente deuda p\u00fablica.<\/p>\n<p>Asimismo, refiri\u00f3 que cualquier cambio debe ser muy cuidadoso con el impacto que tenga sobre los sectores m\u00e1s desprotegidos de la sociedad, advirtiendo que se asumen medidas como eliminar el subsidio energ\u00e9tico, se tendr\u00e1n que asumir acciones para aminorar el impacto de las familias m\u00e1s pobres.<\/p>\n<p>Y en este escenario, tambi\u00e9n se debe tomar en cuenta al sector privado, con un cambio en el que el empresariado pueda dar una respuesta \u00f3ptima frente a la coyuntura actual. (Unitel)<\/p>\n","protected":false},"excerpt":{"rendered":"<p>Ante la coyuntura que atraviesa el pa\u00eds, el exdirector del Departamento del Hemisferio Occidental del Fondo Monetario Internacional (FMI), Alejandro Werner, analiz\u00f3 la situaci\u00f3n y consider\u00f3 que hay una necesidad urgente de realizar cambios en materia econ\u00f3mica. El ejecutivo remarc\u00f3 que los cambios en el pa\u00eds \u201cdeber\u00edan de haber comenzado ya hace varios meses, sino [&hellip;]<\/p>\n","protected":false},"author":1,"featured_media":237676,"comment_status":"open","ping_status":"open","sticky":false,"template":"","format":"standard","meta":{"_acf_changed":false,"footnotes":""},"categories":[15],"tags":[],"class_list":["post-237472","post","type-post","status-publish","format-standard","has-post-thumbnail","category-portada"],"acf":{"antetitulo":"Alejandro Werner, exdirector del FMI"},"yoast_head":"<!-- This site is optimized with the Yoast SEO plugin v28.4 - https:\/\/yoast.com\/product\/yoast-seo-wordpress\/ -->\n<title>Ajuste tard\u00edo de la econom\u00eda ser\u00e1 m\u00e1s costoso y traum\u00e1tico - El Diario - Bolivia<\/title>\n<meta name=\"robots\" content=\"index, follow, max-snippet:-1, max-image-preview:large, max-video-preview:-1\" \/>\n<link rel=\"canonical\" href=\"https:\/\/www.eldiario.net\/portal\/2024\/07\/31\/ajuste-tardio-de-la-economia-sera-mas-costoso-y-traumatico\/\" \/>\n<meta property=\"og:locale\" content=\"es_ES\" \/>\n<meta property=\"og:type\" content=\"article\" \/>\n<meta property=\"og:title\" content=\"Ajuste tard\u00edo de la econom\u00eda ser\u00e1 m\u00e1s costoso y traum\u00e1tico - El Diario - Bolivia\" \/>\n<meta property=\"og:description\" content=\"Ante la coyuntura que atraviesa el pa\u00eds, el exdirector del Departamento del Hemisferio Occidental del Fondo Monetario Internacional (FMI), Alejandro Werner, analiz\u00f3 la situaci\u00f3n y consider\u00f3 que hay una necesidad urgente de realizar cambios en materia econ\u00f3mica. El ejecutivo remarc\u00f3 que los cambios en el pa\u00eds \u201cdeber\u00edan de haber comenzado ya hace varios meses, sino [&hellip;]\" \/>\n<meta property=\"og:url\" content=\"https:\/\/www.eldiario.net\/portal\/2024\/07\/31\/ajuste-tardio-de-la-economia-sera-mas-costoso-y-traumatico\/\" \/>\n<meta property=\"og:site_name\" content=\"El Diario - Bolivia\" \/>\n<meta property=\"article:publisher\" content=\"https:\/\/www.facebook.com\/eldiario.bolivia\/\" \/>\n<meta property=\"article:published_time\" content=\"2024-07-31T09:33:16+00:00\" \/>\n<meta property=\"article:modified_time\" content=\"2024-07-31T13:25:09+00:00\" \/>\n<meta property=\"og:image\" content=\"https:\/\/www.eldiario.net\/portal\/wp-content\/uploads\/2024\/07\/Werner-Unitel.jpg\" \/>\n\t<meta property=\"og:image:width\" content=\"1280\" \/>\n\t<meta property=\"og:image:height\" content=\"545\" \/>\n\t<meta property=\"og:image:type\" content=\"image\/jpeg\" \/>\n<meta name=\"author\" content=\"Jeanette\" \/>\n<meta name=\"twitter:card\" content=\"summary_large_image\" \/>\n<meta name=\"twitter:creator\" content=\"@eldiario_net\" \/>\n<meta name=\"twitter:site\" content=\"@eldiario_net\" \/>\n<meta name=\"twitter:label1\" content=\"Escrito por\" \/>\n\t<meta name=\"twitter:data1\" content=\"Jeanette\" \/>\n\t<meta name=\"twitter:label2\" content=\"Tiempo de lectura\" \/>\n\t<meta name=\"twitter:data2\" content=\"3 minutos\" \/>\n<script type=\"application\/ld+json\" class=\"yoast-schema-graph\">{\"@context\":\"https:\\\/\\\/schema.org\",\"@graph\":[{\"@type\":\"Article\",\"@id\":\"https:\\\/\\\/www.eldiario.net\\\/portal\\\/2024\\\/07\\\/31\\\/ajuste-tardio-de-la-economia-sera-mas-costoso-y-traumatico\\\/#article\",\"isPartOf\":{\"@id\":\"https:\\\/\\\/www.eldiario.net\\\/portal\\\/2024\\\/07\\\/31\\\/ajuste-tardio-de-la-economia-sera-mas-costoso-y-traumatico\\\/\"},\"author\":{\"name\":\"Jeanette\",\"@id\":\"https:\\\/\\\/www.eldiario.net\\\/portal\\\/#\\\/schema\\\/person\\\/2c57cf2b7a7ae032e449e4c9b1019eac\"},\"headline\":\"Ajuste tard\u00edo de la econom\u00eda ser\u00e1 m\u00e1s costoso y traum\u00e1tico\",\"datePublished\":\"2024-07-31T09:33:16+00:00\",\"dateModified\":\"2024-07-31T13:25:09+00:00\",\"mainEntityOfPage\":{\"@id\":\"https:\\\/\\\/www.eldiario.net\\\/portal\\\/2024\\\/07\\\/31\\\/ajuste-tardio-de-la-economia-sera-mas-costoso-y-traumatico\\\/\"},\"wordCount\":458,\"commentCount\":0,\"publisher\":{\"@id\":\"https:\\\/\\\/www.eldiario.net\\\/portal\\\/#organization\"},\"image\":{\"@id\":\"https:\\\/\\\/www.eldiario.net\\\/portal\\\/2024\\\/07\\\/31\\\/ajuste-tardio-de-la-economia-sera-mas-costoso-y-traumatico\\\/#primaryimage\"},\"thumbnailUrl\":\"https:\\\/\\\/www.eldiario.net\\\/portal\\\/wp-content\\\/uploads\\\/2024\\\/07\\\/Werner-Unitel.jpg\",\"articleSection\":[\"Portada\"],\"inLanguage\":\"es\",\"potentialAction\":[{\"@type\":\"CommentAction\",\"name\":\"Comment\",\"target\":[\"https:\\\/\\\/www.eldiario.net\\\/portal\\\/2024\\\/07\\\/31\\\/ajuste-tardio-de-la-economia-sera-mas-costoso-y-traumatico\\\/#respond\"]}]},{\"@type\":\"WebPage\",\"@id\":\"https:\\\/\\\/www.eldiario.net\\\/portal\\\/2024\\\/07\\\/31\\\/ajuste-tardio-de-la-economia-sera-mas-costoso-y-traumatico\\\/\",\"url\":\"https:\\\/\\\/www.eldiario.net\\\/portal\\\/2024\\\/07\\\/31\\\/ajuste-tardio-de-la-economia-sera-mas-costoso-y-traumatico\\\/\",\"name\":\"Ajuste tard\u00edo de la econom\u00eda ser\u00e1 m\u00e1s costoso y traum\u00e1tico - El Diario - Bolivia\",\"isPartOf\":{\"@id\":\"https:\\\/\\\/www.eldiario.net\\\/portal\\\/#website\"},\"primaryImageOfPage\":{\"@id\":\"https:\\\/\\\/www.eldiario.net\\\/portal\\\/2024\\\/07\\\/31\\\/ajuste-tardio-de-la-economia-sera-mas-costoso-y-traumatico\\\/#primaryimage\"},\"image\":{\"@id\":\"https:\\\/\\\/www.eldiario.net\\\/portal\\\/2024\\\/07\\\/31\\\/ajuste-tardio-de-la-economia-sera-mas-costoso-y-traumatico\\\/#primaryimage\"},\"thumbnailUrl\":\"https:\\\/\\\/www.eldiario.net\\\/portal\\\/wp-content\\\/uploads\\\/2024\\\/07\\\/Werner-Unitel.jpg\",\"datePublished\":\"2024-07-31T09:33:16+00:00\",\"dateModified\":\"2024-07-31T13:25:09+00:00\",\"breadcrumb\":{\"@id\":\"https:\\\/\\\/www.eldiario.net\\\/portal\\\/2024\\\/07\\\/31\\\/ajuste-tardio-de-la-economia-sera-mas-costoso-y-traumatico\\\/#breadcrumb\"},\"inLanguage\":\"es\",\"potentialAction\":[{\"@type\":\"ReadAction\",\"target\":[\"https:\\\/\\\/www.eldiario.net\\\/portal\\\/2024\\\/07\\\/31\\\/ajuste-tardio-de-la-economia-sera-mas-costoso-y-traumatico\\\/\"]}]},{\"@type\":\"ImageObject\",\"inLanguage\":\"es\",\"@id\":\"https:\\\/\\\/www.eldiario.net\\\/portal\\\/2024\\\/07\\\/31\\\/ajuste-tardio-de-la-economia-sera-mas-costoso-y-traumatico\\\/#primaryimage\",\"url\":\"https:\\\/\\\/www.eldiario.net\\\/portal\\\/wp-content\\\/uploads\\\/2024\\\/07\\\/Werner-Unitel.jpg\",\"contentUrl\":\"https:\\\/\\\/www.eldiario.net\\\/portal\\\/wp-content\\\/uploads\\\/2024\\\/07\\\/Werner-Unitel.jpg\",\"width\":1280,\"height\":545,\"caption\":\"Alejandro Werner, el exdirector del Departamento del Hemisferio Occidental del Fondo Monetario Internacional (FMI).\"},{\"@type\":\"BreadcrumbList\",\"@id\":\"https:\\\/\\\/www.eldiario.net\\\/portal\\\/2024\\\/07\\\/31\\\/ajuste-tardio-de-la-economia-sera-mas-costoso-y-traumatico\\\/#breadcrumb\",\"itemListElement\":[{\"@type\":\"ListItem\",\"position\":1,\"name\":\"Portada\",\"item\":\"https:\\\/\\\/www.eldiario.net\\\/portal\\\/\"},{\"@type\":\"ListItem\",\"position\":2,\"name\":\"Ajuste tard\u00edo de la econom\u00eda ser\u00e1 m\u00e1s costoso y traum\u00e1tico\"}]},{\"@type\":\"WebSite\",\"@id\":\"https:\\\/\\\/www.eldiario.net\\\/portal\\\/#website\",\"url\":\"https:\\\/\\\/www.eldiario.net\\\/portal\\\/\",\"name\":\"El Diario - Decano de la prensa nacional\",\"description\":\"El Diario - Decano de la prensa nacional\",\"publisher\":{\"@id\":\"https:\\\/\\\/www.eldiario.net\\\/portal\\\/#organization\"},\"potentialAction\":[{\"@type\":\"SearchAction\",\"target\":{\"@type\":\"EntryPoint\",\"urlTemplate\":\"https:\\\/\\\/www.eldiario.net\\\/portal\\\/?s={search_term_string}\"},\"query-input\":{\"@type\":\"PropertyValueSpecification\",\"valueRequired\":true,\"valueName\":\"search_term_string\"}}],\"inLanguage\":\"es\"},{\"@type\":\"Organization\",\"@id\":\"https:\\\/\\\/www.eldiario.net\\\/portal\\\/#organization\",\"name\":\"El Diario - Decano de la prensa nacional\",\"url\":\"https:\\\/\\\/www.eldiario.net\\\/portal\\\/\",\"logo\":{\"@type\":\"ImageObject\",\"inLanguage\":\"es\",\"@id\":\"https:\\\/\\\/www.eldiario.net\\\/portal\\\/#\\\/schema\\\/logo\\\/image\\\/\",\"url\":\"https:\\\/\\\/www.eldiario.net\\\/portal\\\/wp-content\\\/uploads\\\/2023\\\/07\\\/logo_ED.jpg\",\"contentUrl\":\"https:\\\/\\\/www.eldiario.net\\\/portal\\\/wp-content\\\/uploads\\\/2023\\\/07\\\/logo_ED.jpg\",\"width\":272,\"height\":52,\"caption\":\"El Diario - Decano de la prensa nacional\"},\"image\":{\"@id\":\"https:\\\/\\\/www.eldiario.net\\\/portal\\\/#\\\/schema\\\/logo\\\/image\\\/\"},\"sameAs\":[\"https:\\\/\\\/www.facebook.com\\\/eldiario.bolivia\\\/\",\"https:\\\/\\\/x.com\\\/eldiario_net\"]},{\"@type\":\"Person\",\"@id\":\"https:\\\/\\\/www.eldiario.net\\\/portal\\\/#\\\/schema\\\/person\\\/2c57cf2b7a7ae032e449e4c9b1019eac\",\"name\":\"Jeanette\",\"image\":{\"@type\":\"ImageObject\",\"inLanguage\":\"es\",\"@id\":\"https:\\\/\\\/secure.gravatar.com\\\/avatar\\\/3ea2118a5f7dad2b7138b1187a6b7ee55f160b9968b66013c3a3ef39dd7e5798?s=96&d=mm&r=g\",\"url\":\"https:\\\/\\\/secure.gravatar.com\\\/avatar\\\/3ea2118a5f7dad2b7138b1187a6b7ee55f160b9968b66013c3a3ef39dd7e5798?s=96&d=mm&r=g\",\"contentUrl\":\"https:\\\/\\\/secure.gravatar.com\\\/avatar\\\/3ea2118a5f7dad2b7138b1187a6b7ee55f160b9968b66013c3a3ef39dd7e5798?s=96&d=mm&r=g\",\"caption\":\"Jeanette\"},\"sameAs\":[\"https:\\\/\\\/www.eldiario.net\\\/portal\"],\"url\":\"https:\\\/\\\/www.eldiario.net\\\/portal\\\/author\\\/jeanette\\\/\"}]}<\/script>\n<!-- \/ Yoast SEO plugin. -->","yoast_head_json":{"title":"Ajuste tard\u00edo de la econom\u00eda ser\u00e1 m\u00e1s costoso y traum\u00e1tico - El Diario - Bolivia","robots":{"index":"index","follow":"follow","max-snippet":"max-snippet:-1","max-image-preview":"max-image-preview:large","max-video-preview":"max-video-preview:-1"},"canonical":"https:\/\/www.eldiario.net\/portal\/2024\/07\/31\/ajuste-tardio-de-la-economia-sera-mas-costoso-y-traumatico\/","og_locale":"es_ES","og_type":"article","og_title":"Ajuste tard\u00edo de la econom\u00eda ser\u00e1 m\u00e1s costoso y traum\u00e1tico - El Diario - Bolivia","og_description":"Ante la coyuntura que atraviesa el pa\u00eds, el exdirector del Departamento del Hemisferio Occidental del Fondo Monetario Internacional (FMI), Alejandro Werner, analiz\u00f3 la situaci\u00f3n y consider\u00f3 que hay una necesidad urgente de realizar cambios en materia econ\u00f3mica. El ejecutivo remarc\u00f3 que los cambios en el pa\u00eds \u201cdeber\u00edan de haber comenzado ya hace varios meses, sino [&hellip;]","og_url":"https:\/\/www.eldiario.net\/portal\/2024\/07\/31\/ajuste-tardio-de-la-economia-sera-mas-costoso-y-traumatico\/","og_site_name":"El Diario - Bolivia","article_publisher":"https:\/\/www.facebook.com\/eldiario.bolivia\/","article_published_time":"2024-07-31T09:33:16+00:00","article_modified_time":"2024-07-31T13:25:09+00:00","og_image":[{"width":1280,"height":545,"url":"https:\/\/www.eldiario.net\/portal\/wp-content\/uploads\/2024\/07\/Werner-Unitel.jpg","type":"image\/jpeg"}],"author":"Jeanette","twitter_card":"summary_large_image","twitter_creator":"@eldiario_net","twitter_site":"@eldiario_net","twitter_misc":{"Escrito por":"Jeanette","Tiempo de lectura":"3 minutos"},"schema":{"@context":"https:\/\/schema.org","@graph":[{"@type":"Article","@id":"https:\/\/www.eldiario.net\/portal\/2024\/07\/31\/ajuste-tardio-de-la-economia-sera-mas-costoso-y-traumatico\/#article","isPartOf":{"@id":"https:\/\/www.eldiario.net\/portal\/2024\/07\/31\/ajuste-tardio-de-la-economia-sera-mas-costoso-y-traumatico\/"},"author":{"name":"Jeanette","@id":"https:\/\/www.eldiario.net\/portal\/#\/schema\/person\/2c57cf2b7a7ae032e449e4c9b1019eac"},"headline":"Ajuste tard\u00edo de la econom\u00eda ser\u00e1 m\u00e1s costoso y traum\u00e1tico","datePublished":"2024-07-31T09:33:16+00:00","dateModified":"2024-07-31T13:25:09+00:00","mainEntityOfPage":{"@id":"https:\/\/www.eldiario.net\/portal\/2024\/07\/31\/ajuste-tardio-de-la-economia-sera-mas-costoso-y-traumatico\/"},"wordCount":458,"commentCount":0,"publisher":{"@id":"https:\/\/www.eldiario.net\/portal\/#organization"},"image":{"@id":"https:\/\/www.eldiario.net\/portal\/2024\/07\/31\/ajuste-tardio-de-la-economia-sera-mas-costoso-y-traumatico\/#primaryimage"},"thumbnailUrl":"https:\/\/www.eldiario.net\/portal\/wp-content\/uploads\/2024\/07\/Werner-Unitel.jpg","articleSection":["Portada"],"inLanguage":"es","potentialAction":[{"@type":"CommentAction","name":"Comment","target":["https:\/\/www.eldiario.net\/portal\/2024\/07\/31\/ajuste-tardio-de-la-economia-sera-mas-costoso-y-traumatico\/#respond"]}]},{"@type":"WebPage","@id":"https:\/\/www.eldiario.net\/portal\/2024\/07\/31\/ajuste-tardio-de-la-economia-sera-mas-costoso-y-traumatico\/","url":"https:\/\/www.eldiario.net\/portal\/2024\/07\/31\/ajuste-tardio-de-la-economia-sera-mas-costoso-y-traumatico\/","name":"Ajuste tard\u00edo de la econom\u00eda ser\u00e1 m\u00e1s costoso y traum\u00e1tico - El Diario - Bolivia","isPartOf":{"@id":"https:\/\/www.eldiario.net\/portal\/#website"},"primaryImageOfPage":{"@id":"https:\/\/www.eldiario.net\/portal\/2024\/07\/31\/ajuste-tardio-de-la-economia-sera-mas-costoso-y-traumatico\/#primaryimage"},"image":{"@id":"https:\/\/www.eldiario.net\/portal\/2024\/07\/31\/ajuste-tardio-de-la-economia-sera-mas-costoso-y-traumatico\/#primaryimage"},"thumbnailUrl":"https:\/\/www.eldiario.net\/portal\/wp-content\/uploads\/2024\/07\/Werner-Unitel.jpg","datePublished":"2024-07-31T09:33:16+00:00","dateModified":"2024-07-31T13:25:09+00:00","breadcrumb":{"@id":"https:\/\/www.eldiario.net\/portal\/2024\/07\/31\/ajuste-tardio-de-la-economia-sera-mas-costoso-y-traumatico\/#breadcrumb"},"inLanguage":"es","potentialAction":[{"@type":"ReadAction","target":["https:\/\/www.eldiario.net\/portal\/2024\/07\/31\/ajuste-tardio-de-la-economia-sera-mas-costoso-y-traumatico\/"]}]},{"@type":"ImageObject","inLanguage":"es","@id":"https:\/\/www.eldiario.net\/portal\/2024\/07\/31\/ajuste-tardio-de-la-economia-sera-mas-costoso-y-traumatico\/#primaryimage","url":"https:\/\/www.eldiario.net\/portal\/wp-content\/uploads\/2024\/07\/Werner-Unitel.jpg","contentUrl":"https:\/\/www.eldiario.net\/portal\/wp-content\/uploads\/2024\/07\/Werner-Unitel.jpg","width":1280,"height":545,"caption":"Alejandro Werner, el exdirector del Departamento del Hemisferio Occidental del Fondo Monetario Internacional (FMI)."},{"@type":"BreadcrumbList","@id":"https:\/\/www.eldiario.net\/portal\/2024\/07\/31\/ajuste-tardio-de-la-economia-sera-mas-costoso-y-traumatico\/#breadcrumb","itemListElement":[{"@type":"ListItem","position":1,"name":"Portada","item":"https:\/\/www.eldiario.net\/portal\/"},{"@type":"ListItem","position":2,"name":"Ajuste tard\u00edo de la econom\u00eda ser\u00e1 m\u00e1s costoso y traum\u00e1tico"}]},{"@type":"WebSite","@id":"https:\/\/www.eldiario.net\/portal\/#website","url":"https:\/\/www.eldiario.net\/portal\/","name":"El Diario - Decano de la prensa nacional","description":"El Diario - Decano de la prensa nacional","publisher":{"@id":"https:\/\/www.eldiario.net\/portal\/#organization"},"potentialAction":[{"@type":"SearchAction","target":{"@type":"EntryPoint","urlTemplate":"https:\/\/www.eldiario.net\/portal\/?s={search_term_string}"},"query-input":{"@type":"PropertyValueSpecification","valueRequired":true,"valueName":"search_term_string"}}],"inLanguage":"es"},{"@type":"Organization","@id":"https:\/\/www.eldiario.net\/portal\/#organization","name":"El Diario - Decano de la prensa nacional","url":"https:\/\/www.eldiario.net\/portal\/","logo":{"@type":"ImageObject","inLanguage":"es","@id":"https:\/\/www.eldiario.net\/portal\/#\/schema\/logo\/image\/","url":"https:\/\/www.eldiario.net\/portal\/wp-content\/uploads\/2023\/07\/logo_ED.jpg","contentUrl":"https:\/\/www.eldiario.net\/portal\/wp-content\/uploads\/2023\/07\/logo_ED.jpg","width":272,"height":52,"caption":"El Diario - Decano de la prensa nacional"},"image":{"@id":"https:\/\/www.eldiario.net\/portal\/#\/schema\/logo\/image\/"},"sameAs":["https:\/\/www.facebook.com\/eldiario.bolivia\/","https:\/\/x.com\/eldiario_net"]},{"@type":"Person","@id":"https:\/\/www.eldiario.net\/portal\/#\/schema\/person\/2c57cf2b7a7ae032e449e4c9b1019eac","name":"Jeanette","image":{"@type":"ImageObject","inLanguage":"es","@id":"https:\/\/secure.gravatar.com\/avatar\/3ea2118a5f7dad2b7138b1187a6b7ee55f160b9968b66013c3a3ef39dd7e5798?s=96&d=mm&r=g","url":"https:\/\/secure.gravatar.com\/avatar\/3ea2118a5f7dad2b7138b1187a6b7ee55f160b9968b66013c3a3ef39dd7e5798?s=96&d=mm&r=g","contentUrl":"https:\/\/secure.gravatar.com\/avatar\/3ea2118a5f7dad2b7138b1187a6b7ee55f160b9968b66013c3a3ef39dd7e5798?s=96&d=mm&r=g","caption":"Jeanette"},"sameAs":["https:\/\/www.eldiario.net\/portal"],"url":"https:\/\/www.eldiario.net\/portal\/author\/jeanette\/"}]}},"_links":{"self":[{"href":"https:\/\/www.eldiario.net\/portal\/wp-json\/wp\/v2\/posts\/237472","targetHints":{"allow":["GET"]}}],"collection":[{"href":"https:\/\/www.eldiario.net\/portal\/wp-json\/wp\/v2\/posts"}],"about":[{"href":"https:\/\/www.eldiario.net\/portal\/wp-json\/wp\/v2\/types\/post"}],"author":[{"embeddable":true,"href":"https:\/\/www.eldiario.net\/portal\/wp-json\/wp\/v2\/users\/1"}],"replies":[{"embeddable":true,"href":"https:\/\/www.eldiario.net\/portal\/wp-json\/wp\/v2\/comments?post=237472"}],"version-history":[{"count":3,"href":"https:\/\/www.eldiario.net\/portal\/wp-json\/wp\/v2\/posts\/237472\/revisions"}],"predecessor-version":[{"id":237677,"href":"https:\/\/www.eldiario.net\/portal\/wp-json\/wp\/v2\/posts\/237472\/revisions\/237677"}],"wp:featuredmedia":[{"embeddable":true,"href":"https:\/\/www.eldiario.net\/portal\/wp-json\/wp\/v2\/media\/237676"}],"wp:attachment":[{"href":"https:\/\/www.eldiario.net\/portal\/wp-json\/wp\/v2\/media?parent=237472"}],"wp:term":[{"taxonomy":"category","embeddable":true,"href":"https:\/\/www.eldiario.net\/portal\/wp-json\/wp\/v2\/categories?post=237472"},{"taxonomy":"post_tag","embeddable":true,"href":"https:\/\/www.eldiario.net\/portal\/wp-json\/wp\/v2\/tags?post=237472"}],"curies":[{"name":"wp","href":"https:\/\/api.w.org\/{rel}","templated":true}]}}