{"id":237466,"date":"2024-07-30T18:16:52","date_gmt":"2024-07-30T22:16:52","guid":{"rendered":"https:\/\/www.eldiario.net\/portal\/?p=237466"},"modified":"2024-07-30T18:16:52","modified_gmt":"2024-07-30T22:16:52","slug":"empiezan-las-filas-para-la-compra-de-gasolina-en-la-ciudad-de-la-paz","status":"publish","type":"post","link":"https:\/\/www.eldiario.net\/portal\/2024\/07\/30\/empiezan-las-filas-para-la-compra-de-gasolina-en-la-ciudad-de-la-paz\/","title":{"rendered":"Empiezan las filas para la compra de gasolina en la ciudad de La Paz"},"content":{"rendered":"<p>En la ciudad de La Paz comenzaron a aparecer largas filas de veh\u00edculos en inmediaciones de estaciones de servicio para la compra de gasolina.<\/p>\n<p>En la zona de Cota Cota se puede observar decenas de veh\u00edculos parqueados en el ingreso a un surtidor y a lo largo de casi tres cuadras.<\/p>\n<p>Seg\u00fan informaci\u00f3n que circula por las redes sociales, se tiene un panorama similar por una estaci\u00f3n de servicio ubicada por la calle 23 de Calacoto.<\/p>\n<p>Un grupo de personas report\u00f3 que surtidores ubicados por la zona de la Florida y la calle 21 de Calacoto se quedaron sin gasolina.<\/p>\n","protected":false},"excerpt":{"rendered":"<p>En la ciudad de La Paz comenzaron a aparecer largas filas de veh\u00edculos en inmediaciones de estaciones de servicio para la compra de gasolina. En la zona de Cota Cota se puede observar decenas de veh\u00edculos parqueados en el ingreso a un surtidor y a lo largo de casi tres cuadras. Seg\u00fan informaci\u00f3n que circula [&hellip;]<\/p>\n","protected":false},"author":2,"featured_media":237467,"comment_status":"open","ping_status":"open","sticky":false,"template":"","format":"standard","meta":{"_acf_changed":false,"footnotes":""},"categories":[51],"tags":[],"class_list":["post-237466","post","type-post","status-publish","format-standard","has-post-thumbnail","category-ultima-hora"],"acf":{"antetitulo":""},"yoast_head":"<!-- This site is optimized with the Yoast SEO plugin v28.4 - https:\/\/yoast.com\/product\/yoast-seo-wordpress\/ -->\n<title>Empiezan las filas para la compra de gasolina en la ciudad de La Paz - El Diario - Bolivia<\/title>\n<meta name=\"robots\" content=\"index, follow, max-snippet:-1, max-image-preview:large, max-video-preview:-1\" \/>\n<link rel=\"canonical\" href=\"https:\/\/www.eldiario.net\/portal\/2024\/07\/30\/empiezan-las-filas-para-la-compra-de-gasolina-en-la-ciudad-de-la-paz\/\" \/>\n<meta property=\"og:locale\" content=\"es_ES\" \/>\n<meta property=\"og:type\" content=\"article\" \/>\n<meta property=\"og:title\" content=\"Empiezan las filas para la compra de gasolina en la ciudad de La Paz - El Diario - Bolivia\" \/>\n<meta property=\"og:description\" content=\"En la ciudad de La Paz comenzaron a aparecer largas filas de veh\u00edculos en inmediaciones de estaciones de servicio para la compra de gasolina. En la zona de Cota Cota se puede observar decenas de veh\u00edculos parqueados en el ingreso a un surtidor y a lo largo de casi tres cuadras. Seg\u00fan informaci\u00f3n que circula [&hellip;]\" \/>\n<meta property=\"og:url\" content=\"https:\/\/www.eldiario.net\/portal\/2024\/07\/30\/empiezan-las-filas-para-la-compra-de-gasolina-en-la-ciudad-de-la-paz\/\" \/>\n<meta property=\"og:site_name\" content=\"El Diario - Bolivia\" \/>\n<meta property=\"article:publisher\" content=\"https:\/\/www.facebook.com\/eldiario.bolivia\/\" \/>\n<meta property=\"article:published_time\" content=\"2024-07-30T22:16:52+00:00\" \/>\n<meta property=\"og:image\" content=\"https:\/\/www.eldiario.net\/portal\/wp-content\/uploads\/2024\/07\/GASOLINERAS.jpg\" \/>\n\t<meta property=\"og:image:width\" content=\"700\" \/>\n\t<meta property=\"og:image:height\" content=\"455\" \/>\n\t<meta property=\"og:image:type\" content=\"image\/jpeg\" \/>\n<meta name=\"author\" content=\"luis Camacho\" \/>\n<meta name=\"twitter:card\" content=\"summary_large_image\" \/>\n<meta name=\"twitter:creator\" content=\"@eldiario_net\" \/>\n<meta name=\"twitter:site\" content=\"@eldiario_net\" \/>\n<meta name=\"twitter:label1\" content=\"Escrito por\" \/>\n\t<meta name=\"twitter:data1\" content=\"luis Camacho\" \/>\n\t<meta name=\"twitter:label2\" content=\"Tiempo de lectura\" \/>\n\t<meta name=\"twitter:data2\" content=\"1 minuto\" \/>\n<script type=\"application\/ld+json\" class=\"yoast-schema-graph\">{\"@context\":\"https:\\\/\\\/schema.org\",\"@graph\":[{\"@type\":\"Article\",\"@id\":\"https:\\\/\\\/www.eldiario.net\\\/portal\\\/2024\\\/07\\\/30\\\/empiezan-las-filas-para-la-compra-de-gasolina-en-la-ciudad-de-la-paz\\\/#article\",\"isPartOf\":{\"@id\":\"https:\\\/\\\/www.eldiario.net\\\/portal\\\/2024\\\/07\\\/30\\\/empiezan-las-filas-para-la-compra-de-gasolina-en-la-ciudad-de-la-paz\\\/\"},\"author\":{\"name\":\"luis Camacho\",\"@id\":\"https:\\\/\\\/www.eldiario.net\\\/portal\\\/#\\\/schema\\\/person\\\/c1a5d38e458b10c8ebd62f4189b82bbc\"},\"headline\":\"Empiezan las filas para la compra de gasolina en la ciudad de La Paz\",\"datePublished\":\"2024-07-30T22:16:52+00:00\",\"mainEntityOfPage\":{\"@id\":\"https:\\\/\\\/www.eldiario.net\\\/portal\\\/2024\\\/07\\\/30\\\/empiezan-las-filas-para-la-compra-de-gasolina-en-la-ciudad-de-la-paz\\\/\"},\"wordCount\":117,\"commentCount\":0,\"publisher\":{\"@id\":\"https:\\\/\\\/www.eldiario.net\\\/portal\\\/#organization\"},\"image\":{\"@id\":\"https:\\\/\\\/www.eldiario.net\\\/portal\\\/2024\\\/07\\\/30\\\/empiezan-las-filas-para-la-compra-de-gasolina-en-la-ciudad-de-la-paz\\\/#primaryimage\"},\"thumbnailUrl\":\"https:\\\/\\\/www.eldiario.net\\\/portal\\\/wp-content\\\/uploads\\\/2024\\\/07\\\/GASOLINERAS.jpg\",\"articleSection\":[\"\u00daltima Hora\"],\"inLanguage\":\"es\",\"potentialAction\":[{\"@type\":\"CommentAction\",\"name\":\"Comment\",\"target\":[\"https:\\\/\\\/www.eldiario.net\\\/portal\\\/2024\\\/07\\\/30\\\/empiezan-las-filas-para-la-compra-de-gasolina-en-la-ciudad-de-la-paz\\\/#respond\"]}]},{\"@type\":\"WebPage\",\"@id\":\"https:\\\/\\\/www.eldiario.net\\\/portal\\\/2024\\\/07\\\/30\\\/empiezan-las-filas-para-la-compra-de-gasolina-en-la-ciudad-de-la-paz\\\/\",\"url\":\"https:\\\/\\\/www.eldiario.net\\\/portal\\\/2024\\\/07\\\/30\\\/empiezan-las-filas-para-la-compra-de-gasolina-en-la-ciudad-de-la-paz\\\/\",\"name\":\"Empiezan las filas para la compra de gasolina en la ciudad de La Paz - El Diario - Bolivia\",\"isPartOf\":{\"@id\":\"https:\\\/\\\/www.eldiario.net\\\/portal\\\/#website\"},\"primaryImageOfPage\":{\"@id\":\"https:\\\/\\\/www.eldiario.net\\\/portal\\\/2024\\\/07\\\/30\\\/empiezan-las-filas-para-la-compra-de-gasolina-en-la-ciudad-de-la-paz\\\/#primaryimage\"},\"image\":{\"@id\":\"https:\\\/\\\/www.eldiario.net\\\/portal\\\/2024\\\/07\\\/30\\\/empiezan-las-filas-para-la-compra-de-gasolina-en-la-ciudad-de-la-paz\\\/#primaryimage\"},\"thumbnailUrl\":\"https:\\\/\\\/www.eldiario.net\\\/portal\\\/wp-content\\\/uploads\\\/2024\\\/07\\\/GASOLINERAS.jpg\",\"datePublished\":\"2024-07-30T22:16:52+00:00\",\"breadcrumb\":{\"@id\":\"https:\\\/\\\/www.eldiario.net\\\/portal\\\/2024\\\/07\\\/30\\\/empiezan-las-filas-para-la-compra-de-gasolina-en-la-ciudad-de-la-paz\\\/#breadcrumb\"},\"inLanguage\":\"es\",\"potentialAction\":[{\"@type\":\"ReadAction\",\"target\":[\"https:\\\/\\\/www.eldiario.net\\\/portal\\\/2024\\\/07\\\/30\\\/empiezan-las-filas-para-la-compra-de-gasolina-en-la-ciudad-de-la-paz\\\/\"]}]},{\"@type\":\"ImageObject\",\"inLanguage\":\"es\",\"@id\":\"https:\\\/\\\/www.eldiario.net\\\/portal\\\/2024\\\/07\\\/30\\\/empiezan-las-filas-para-la-compra-de-gasolina-en-la-ciudad-de-la-paz\\\/#primaryimage\",\"url\":\"https:\\\/\\\/www.eldiario.net\\\/portal\\\/wp-content\\\/uploads\\\/2024\\\/07\\\/GASOLINERAS.jpg\",\"contentUrl\":\"https:\\\/\\\/www.eldiario.net\\\/portal\\\/wp-content\\\/uploads\\\/2024\\\/07\\\/GASOLINERAS.jpg\",\"width\":700,\"height\":455,\"caption\":\"Foto: Archivo.\"},{\"@type\":\"BreadcrumbList\",\"@id\":\"https:\\\/\\\/www.eldiario.net\\\/portal\\\/2024\\\/07\\\/30\\\/empiezan-las-filas-para-la-compra-de-gasolina-en-la-ciudad-de-la-paz\\\/#breadcrumb\",\"itemListElement\":[{\"@type\":\"ListItem\",\"position\":1,\"name\":\"Portada\",\"item\":\"https:\\\/\\\/www.eldiario.net\\\/portal\\\/\"},{\"@type\":\"ListItem\",\"position\":2,\"name\":\"Empiezan las filas para la compra de gasolina en la ciudad de La Paz\"}]},{\"@type\":\"WebSite\",\"@id\":\"https:\\\/\\\/www.eldiario.net\\\/portal\\\/#website\",\"url\":\"https:\\\/\\\/www.eldiario.net\\\/portal\\\/\",\"name\":\"El Diario - Decano de la prensa nacional\",\"description\":\"El Diario - Decano de la prensa nacional\",\"publisher\":{\"@id\":\"https:\\\/\\\/www.eldiario.net\\\/portal\\\/#organization\"},\"potentialAction\":[{\"@type\":\"SearchAction\",\"target\":{\"@type\":\"EntryPoint\",\"urlTemplate\":\"https:\\\/\\\/www.eldiario.net\\\/portal\\\/?s={search_term_string}\"},\"query-input\":{\"@type\":\"PropertyValueSpecification\",\"valueRequired\":true,\"valueName\":\"search_term_string\"}}],\"inLanguage\":\"es\"},{\"@type\":\"Organization\",\"@id\":\"https:\\\/\\\/www.eldiario.net\\\/portal\\\/#organization\",\"name\":\"El Diario - Decano de la prensa nacional\",\"url\":\"https:\\\/\\\/www.eldiario.net\\\/portal\\\/\",\"logo\":{\"@type\":\"ImageObject\",\"inLanguage\":\"es\",\"@id\":\"https:\\\/\\\/www.eldiario.net\\\/portal\\\/#\\\/schema\\\/logo\\\/image\\\/\",\"url\":\"https:\\\/\\\/www.eldiario.net\\\/portal\\\/wp-content\\\/uploads\\\/2023\\\/07\\\/logo_ED.jpg\",\"contentUrl\":\"https:\\\/\\\/www.eldiario.net\\\/portal\\\/wp-content\\\/uploads\\\/2023\\\/07\\\/logo_ED.jpg\",\"width\":272,\"height\":52,\"caption\":\"El Diario - Decano de la prensa nacional\"},\"image\":{\"@id\":\"https:\\\/\\\/www.eldiario.net\\\/portal\\\/#\\\/schema\\\/logo\\\/image\\\/\"},\"sameAs\":[\"https:\\\/\\\/www.facebook.com\\\/eldiario.bolivia\\\/\",\"https:\\\/\\\/x.com\\\/eldiario_net\"]},{\"@type\":\"Person\",\"@id\":\"https:\\\/\\\/www.eldiario.net\\\/portal\\\/#\\\/schema\\\/person\\\/c1a5d38e458b10c8ebd62f4189b82bbc\",\"name\":\"luis Camacho\",\"image\":{\"@type\":\"ImageObject\",\"inLanguage\":\"es\",\"@id\":\"https:\\\/\\\/secure.gravatar.com\\\/avatar\\\/69ecb836b3826d5a2501bf06ab2a2f2c8ab211cc846758f395df21684cb38313?s=96&d=mm&r=g\",\"url\":\"https:\\\/\\\/secure.gravatar.com\\\/avatar\\\/69ecb836b3826d5a2501bf06ab2a2f2c8ab211cc846758f395df21684cb38313?s=96&d=mm&r=g\",\"contentUrl\":\"https:\\\/\\\/secure.gravatar.com\\\/avatar\\\/69ecb836b3826d5a2501bf06ab2a2f2c8ab211cc846758f395df21684cb38313?s=96&d=mm&r=g\",\"caption\":\"luis Camacho\"},\"url\":\"https:\\\/\\\/www.eldiario.net\\\/portal\\\/author\\\/luis\\\/\"}]}<\/script>\n<!-- \/ Yoast SEO plugin. -->","yoast_head_json":{"title":"Empiezan las filas para la compra de gasolina en la ciudad de La Paz - El Diario - Bolivia","robots":{"index":"index","follow":"follow","max-snippet":"max-snippet:-1","max-image-preview":"max-image-preview:large","max-video-preview":"max-video-preview:-1"},"canonical":"https:\/\/www.eldiario.net\/portal\/2024\/07\/30\/empiezan-las-filas-para-la-compra-de-gasolina-en-la-ciudad-de-la-paz\/","og_locale":"es_ES","og_type":"article","og_title":"Empiezan las filas para la compra de gasolina en la ciudad de La Paz - El Diario - Bolivia","og_description":"En la ciudad de La Paz comenzaron a aparecer largas filas de veh\u00edculos en inmediaciones de estaciones de servicio para la compra de gasolina. En la zona de Cota Cota se puede observar decenas de veh\u00edculos parqueados en el ingreso a un surtidor y a lo largo de casi tres cuadras. Seg\u00fan informaci\u00f3n que circula [&hellip;]","og_url":"https:\/\/www.eldiario.net\/portal\/2024\/07\/30\/empiezan-las-filas-para-la-compra-de-gasolina-en-la-ciudad-de-la-paz\/","og_site_name":"El Diario - Bolivia","article_publisher":"https:\/\/www.facebook.com\/eldiario.bolivia\/","article_published_time":"2024-07-30T22:16:52+00:00","og_image":[{"width":700,"height":455,"url":"https:\/\/www.eldiario.net\/portal\/wp-content\/uploads\/2024\/07\/GASOLINERAS.jpg","type":"image\/jpeg"}],"author":"luis Camacho","twitter_card":"summary_large_image","twitter_creator":"@eldiario_net","twitter_site":"@eldiario_net","twitter_misc":{"Escrito por":"luis Camacho","Tiempo de lectura":"1 minuto"},"schema":{"@context":"https:\/\/schema.org","@graph":[{"@type":"Article","@id":"https:\/\/www.eldiario.net\/portal\/2024\/07\/30\/empiezan-las-filas-para-la-compra-de-gasolina-en-la-ciudad-de-la-paz\/#article","isPartOf":{"@id":"https:\/\/www.eldiario.net\/portal\/2024\/07\/30\/empiezan-las-filas-para-la-compra-de-gasolina-en-la-ciudad-de-la-paz\/"},"author":{"name":"luis Camacho","@id":"https:\/\/www.eldiario.net\/portal\/#\/schema\/person\/c1a5d38e458b10c8ebd62f4189b82bbc"},"headline":"Empiezan las filas para la compra de gasolina en la ciudad de La Paz","datePublished":"2024-07-30T22:16:52+00:00","mainEntityOfPage":{"@id":"https:\/\/www.eldiario.net\/portal\/2024\/07\/30\/empiezan-las-filas-para-la-compra-de-gasolina-en-la-ciudad-de-la-paz\/"},"wordCount":117,"commentCount":0,"publisher":{"@id":"https:\/\/www.eldiario.net\/portal\/#organization"},"image":{"@id":"https:\/\/www.eldiario.net\/portal\/2024\/07\/30\/empiezan-las-filas-para-la-compra-de-gasolina-en-la-ciudad-de-la-paz\/#primaryimage"},"thumbnailUrl":"https:\/\/www.eldiario.net\/portal\/wp-content\/uploads\/2024\/07\/GASOLINERAS.jpg","articleSection":["\u00daltima Hora"],"inLanguage":"es","potentialAction":[{"@type":"CommentAction","name":"Comment","target":["https:\/\/www.eldiario.net\/portal\/2024\/07\/30\/empiezan-las-filas-para-la-compra-de-gasolina-en-la-ciudad-de-la-paz\/#respond"]}]},{"@type":"WebPage","@id":"https:\/\/www.eldiario.net\/portal\/2024\/07\/30\/empiezan-las-filas-para-la-compra-de-gasolina-en-la-ciudad-de-la-paz\/","url":"https:\/\/www.eldiario.net\/portal\/2024\/07\/30\/empiezan-las-filas-para-la-compra-de-gasolina-en-la-ciudad-de-la-paz\/","name":"Empiezan las filas para la compra de gasolina en la ciudad de La Paz - El Diario - Bolivia","isPartOf":{"@id":"https:\/\/www.eldiario.net\/portal\/#website"},"primaryImageOfPage":{"@id":"https:\/\/www.eldiario.net\/portal\/2024\/07\/30\/empiezan-las-filas-para-la-compra-de-gasolina-en-la-ciudad-de-la-paz\/#primaryimage"},"image":{"@id":"https:\/\/www.eldiario.net\/portal\/2024\/07\/30\/empiezan-las-filas-para-la-compra-de-gasolina-en-la-ciudad-de-la-paz\/#primaryimage"},"thumbnailUrl":"https:\/\/www.eldiario.net\/portal\/wp-content\/uploads\/2024\/07\/GASOLINERAS.jpg","datePublished":"2024-07-30T22:16:52+00:00","breadcrumb":{"@id":"https:\/\/www.eldiario.net\/portal\/2024\/07\/30\/empiezan-las-filas-para-la-compra-de-gasolina-en-la-ciudad-de-la-paz\/#breadcrumb"},"inLanguage":"es","potentialAction":[{"@type":"ReadAction","target":["https:\/\/www.eldiario.net\/portal\/2024\/07\/30\/empiezan-las-filas-para-la-compra-de-gasolina-en-la-ciudad-de-la-paz\/"]}]},{"@type":"ImageObject","inLanguage":"es","@id":"https:\/\/www.eldiario.net\/portal\/2024\/07\/30\/empiezan-las-filas-para-la-compra-de-gasolina-en-la-ciudad-de-la-paz\/#primaryimage","url":"https:\/\/www.eldiario.net\/portal\/wp-content\/uploads\/2024\/07\/GASOLINERAS.jpg","contentUrl":"https:\/\/www.eldiario.net\/portal\/wp-content\/uploads\/2024\/07\/GASOLINERAS.jpg","width":700,"height":455,"caption":"Foto: Archivo."},{"@type":"BreadcrumbList","@id":"https:\/\/www.eldiario.net\/portal\/2024\/07\/30\/empiezan-las-filas-para-la-compra-de-gasolina-en-la-ciudad-de-la-paz\/#breadcrumb","itemListElement":[{"@type":"ListItem","position":1,"name":"Portada","item":"https:\/\/www.eldiario.net\/portal\/"},{"@type":"ListItem","position":2,"name":"Empiezan las filas para la compra de gasolina en la ciudad de La Paz"}]},{"@type":"WebSite","@id":"https:\/\/www.eldiario.net\/portal\/#website","url":"https:\/\/www.eldiario.net\/portal\/","name":"El Diario - Decano de la prensa nacional","description":"El Diario - Decano de la prensa nacional","publisher":{"@id":"https:\/\/www.eldiario.net\/portal\/#organization"},"potentialAction":[{"@type":"SearchAction","target":{"@type":"EntryPoint","urlTemplate":"https:\/\/www.eldiario.net\/portal\/?s={search_term_string}"},"query-input":{"@type":"PropertyValueSpecification","valueRequired":true,"valueName":"search_term_string"}}],"inLanguage":"es"},{"@type":"Organization","@id":"https:\/\/www.eldiario.net\/portal\/#organization","name":"El Diario - Decano de la prensa nacional","url":"https:\/\/www.eldiario.net\/portal\/","logo":{"@type":"ImageObject","inLanguage":"es","@id":"https:\/\/www.eldiario.net\/portal\/#\/schema\/logo\/image\/","url":"https:\/\/www.eldiario.net\/portal\/wp-content\/uploads\/2023\/07\/logo_ED.jpg","contentUrl":"https:\/\/www.eldiario.net\/portal\/wp-content\/uploads\/2023\/07\/logo_ED.jpg","width":272,"height":52,"caption":"El Diario - Decano de la prensa nacional"},"image":{"@id":"https:\/\/www.eldiario.net\/portal\/#\/schema\/logo\/image\/"},"sameAs":["https:\/\/www.facebook.com\/eldiario.bolivia\/","https:\/\/x.com\/eldiario_net"]},{"@type":"Person","@id":"https:\/\/www.eldiario.net\/portal\/#\/schema\/person\/c1a5d38e458b10c8ebd62f4189b82bbc","name":"luis Camacho","image":{"@type":"ImageObject","inLanguage":"es","@id":"https:\/\/secure.gravatar.com\/avatar\/69ecb836b3826d5a2501bf06ab2a2f2c8ab211cc846758f395df21684cb38313?s=96&d=mm&r=g","url":"https:\/\/secure.gravatar.com\/avatar\/69ecb836b3826d5a2501bf06ab2a2f2c8ab211cc846758f395df21684cb38313?s=96&d=mm&r=g","contentUrl":"https:\/\/secure.gravatar.com\/avatar\/69ecb836b3826d5a2501bf06ab2a2f2c8ab211cc846758f395df21684cb38313?s=96&d=mm&r=g","caption":"luis Camacho"},"url":"https:\/\/www.eldiario.net\/portal\/author\/luis\/"}]}},"_links":{"self":[{"href":"https:\/\/www.eldiario.net\/portal\/wp-json\/wp\/v2\/posts\/237466","targetHints":{"allow":["GET"]}}],"collection":[{"href":"https:\/\/www.eldiario.net\/portal\/wp-json\/wp\/v2\/posts"}],"about":[{"href":"https:\/\/www.eldiario.net\/portal\/wp-json\/wp\/v2\/types\/post"}],"author":[{"embeddable":true,"href":"https:\/\/www.eldiario.net\/portal\/wp-json\/wp\/v2\/users\/2"}],"replies":[{"embeddable":true,"href":"https:\/\/www.eldiario.net\/portal\/wp-json\/wp\/v2\/comments?post=237466"}],"version-history":[{"count":1,"href":"https:\/\/www.eldiario.net\/portal\/wp-json\/wp\/v2\/posts\/237466\/revisions"}],"predecessor-version":[{"id":237468,"href":"https:\/\/www.eldiario.net\/portal\/wp-json\/wp\/v2\/posts\/237466\/revisions\/237468"}],"wp:featuredmedia":[{"embeddable":true,"href":"https:\/\/www.eldiario.net\/portal\/wp-json\/wp\/v2\/media\/237467"}],"wp:attachment":[{"href":"https:\/\/www.eldiario.net\/portal\/wp-json\/wp\/v2\/media?parent=237466"}],"wp:term":[{"taxonomy":"category","embeddable":true,"href":"https:\/\/www.eldiario.net\/portal\/wp-json\/wp\/v2\/categories?post=237466"},{"taxonomy":"post_tag","embeddable":true,"href":"https:\/\/www.eldiario.net\/portal\/wp-json\/wp\/v2\/tags?post=237466"}],"curies":[{"name":"wp","href":"https:\/\/api.w.org\/{rel}","templated":true}]}}