{"id":237461,"date":"2024-07-30T17:11:27","date_gmt":"2024-07-30T21:11:27","guid":{"rendered":"https:\/\/www.eldiario.net\/portal\/?p=237461"},"modified":"2024-07-30T17:13:36","modified_gmt":"2024-07-30T21:13:36","slug":"continuan-bloqueos-por-conflictos-sociales-en-oruro-chuquisaca-y-santa-cruz","status":"publish","type":"post","link":"https:\/\/www.eldiario.net\/portal\/2024\/07\/30\/continuan-bloqueos-por-conflictos-sociales-en-oruro-chuquisaca-y-santa-cruz\/","title":{"rendered":"Contin\u00faan bloqueos por conflictos sociales en Oruro, Chuquisaca y Santa Cruz"},"content":{"rendered":"<p>En los departamentos de Oruro, Chuquisaca y Santa Cruz se tiene a\u00fan carreteras con\u00a0 bloqueos instalados por conflictos sociales, de acuerdo con informaci\u00f3n de la Administradora Boliviana de Carreteras.<\/p>\n<p>En el territorio orure\u00f1o se tienen 12 v\u00edas con cortes del tr\u00e1fico vehicular desde el lunes, porque transportistas demandan una soluci\u00f3n al problema de la escasez de di\u00e9sel.<\/p>\n<p>El departamento de Chuquisaca tiene bloqueos instalados en la ciudad de Sucre y v\u00edas que est\u00e1n en sus accesos y salidas.<\/p>\n<p>Cientos de conductores de camiones, buses y minibuses de esa regi\u00f3n aplican la medida de presi\u00f3n para exigen una soluci\u00f3n para la escasez de di\u00e9sel y d\u00f3lares.<\/p>\n<p>En el caso de Santa Cruz, los habitantes del municipio de San Juli\u00e1n mantienen bloqueada la carretera hacia el departamento de Beni, por segundo d\u00eda consecutivo, para demandar que las autoridades nacionales aprueben el uso de biotecnolog\u00eda con fines agr\u00edcolas.<\/p>\n","protected":false},"excerpt":{"rendered":"<p>En los departamentos de Oruro, Chuquisaca y Santa Cruz se tiene a\u00fan carreteras con\u00a0 bloqueos instalados por conflictos sociales, de acuerdo con informaci\u00f3n de la Administradora Boliviana de Carreteras. En el territorio orure\u00f1o se tienen 12 v\u00edas con cortes del tr\u00e1fico vehicular desde el lunes, porque transportistas demandan una soluci\u00f3n al problema de la escasez [&hellip;]<\/p>\n","protected":false},"author":2,"featured_media":237462,"comment_status":"open","ping_status":"open","sticky":false,"template":"","format":"standard","meta":{"_acf_changed":false,"footnotes":""},"categories":[51],"tags":[],"class_list":["post-237461","post","type-post","status-publish","format-standard","has-post-thumbnail","category-ultima-hora"],"acf":{"antetitulo":""},"yoast_head":"<!-- This site is optimized with the Yoast SEO plugin v28.4 - https:\/\/yoast.com\/product\/yoast-seo-wordpress\/ -->\n<title>Contin\u00faan bloqueos por conflictos sociales en Oruro, Chuquisaca y Santa Cruz - El Diario - Bolivia<\/title>\n<meta name=\"robots\" content=\"index, follow, max-snippet:-1, max-image-preview:large, max-video-preview:-1\" \/>\n<link rel=\"canonical\" href=\"https:\/\/www.eldiario.net\/portal\/2024\/07\/30\/continuan-bloqueos-por-conflictos-sociales-en-oruro-chuquisaca-y-santa-cruz\/\" \/>\n<meta property=\"og:locale\" content=\"es_ES\" \/>\n<meta property=\"og:type\" content=\"article\" \/>\n<meta property=\"og:title\" content=\"Contin\u00faan bloqueos por conflictos sociales en Oruro, Chuquisaca y Santa Cruz - El Diario - Bolivia\" \/>\n<meta property=\"og:description\" content=\"En los departamentos de Oruro, Chuquisaca y Santa Cruz se tiene a\u00fan carreteras con\u00a0 bloqueos instalados por conflictos sociales, de acuerdo con informaci\u00f3n de la Administradora Boliviana de Carreteras. En el territorio orure\u00f1o se tienen 12 v\u00edas con cortes del tr\u00e1fico vehicular desde el lunes, porque transportistas demandan una soluci\u00f3n al problema de la escasez [&hellip;]\" \/>\n<meta property=\"og:url\" content=\"https:\/\/www.eldiario.net\/portal\/2024\/07\/30\/continuan-bloqueos-por-conflictos-sociales-en-oruro-chuquisaca-y-santa-cruz\/\" \/>\n<meta property=\"og:site_name\" content=\"El Diario - Bolivia\" \/>\n<meta property=\"article:publisher\" content=\"https:\/\/www.facebook.com\/eldiario.bolivia\/\" \/>\n<meta property=\"article:published_time\" content=\"2024-07-30T21:11:27+00:00\" \/>\n<meta property=\"article:modified_time\" content=\"2024-07-30T21:13:36+00:00\" \/>\n<meta property=\"og:image\" content=\"https:\/\/www.eldiario.net\/portal\/wp-content\/uploads\/2024\/07\/SAN-JULIAN.jpg\" \/>\n\t<meta property=\"og:image:width\" content=\"864\" \/>\n\t<meta property=\"og:image:height\" content=\"402\" \/>\n\t<meta property=\"og:image:type\" content=\"image\/jpeg\" \/>\n<meta name=\"author\" content=\"luis Camacho\" \/>\n<meta name=\"twitter:card\" content=\"summary_large_image\" \/>\n<meta name=\"twitter:creator\" content=\"@eldiario_net\" \/>\n<meta name=\"twitter:site\" content=\"@eldiario_net\" \/>\n<meta name=\"twitter:label1\" content=\"Escrito por\" \/>\n\t<meta name=\"twitter:data1\" content=\"luis Camacho\" \/>\n\t<meta name=\"twitter:label2\" content=\"Tiempo de lectura\" \/>\n\t<meta name=\"twitter:data2\" content=\"1 minuto\" \/>\n<script type=\"application\/ld+json\" class=\"yoast-schema-graph\">{\"@context\":\"https:\\\/\\\/schema.org\",\"@graph\":[{\"@type\":\"Article\",\"@id\":\"https:\\\/\\\/www.eldiario.net\\\/portal\\\/2024\\\/07\\\/30\\\/continuan-bloqueos-por-conflictos-sociales-en-oruro-chuquisaca-y-santa-cruz\\\/#article\",\"isPartOf\":{\"@id\":\"https:\\\/\\\/www.eldiario.net\\\/portal\\\/2024\\\/07\\\/30\\\/continuan-bloqueos-por-conflictos-sociales-en-oruro-chuquisaca-y-santa-cruz\\\/\"},\"author\":{\"name\":\"luis Camacho\",\"@id\":\"https:\\\/\\\/www.eldiario.net\\\/portal\\\/#\\\/schema\\\/person\\\/c1a5d38e458b10c8ebd62f4189b82bbc\"},\"headline\":\"Contin\u00faan bloqueos por conflictos sociales en Oruro, Chuquisaca y Santa Cruz\",\"datePublished\":\"2024-07-30T21:11:27+00:00\",\"dateModified\":\"2024-07-30T21:13:36+00:00\",\"mainEntityOfPage\":{\"@id\":\"https:\\\/\\\/www.eldiario.net\\\/portal\\\/2024\\\/07\\\/30\\\/continuan-bloqueos-por-conflictos-sociales-en-oruro-chuquisaca-y-santa-cruz\\\/\"},\"wordCount\":174,\"commentCount\":0,\"publisher\":{\"@id\":\"https:\\\/\\\/www.eldiario.net\\\/portal\\\/#organization\"},\"image\":{\"@id\":\"https:\\\/\\\/www.eldiario.net\\\/portal\\\/2024\\\/07\\\/30\\\/continuan-bloqueos-por-conflictos-sociales-en-oruro-chuquisaca-y-santa-cruz\\\/#primaryimage\"},\"thumbnailUrl\":\"https:\\\/\\\/www.eldiario.net\\\/portal\\\/wp-content\\\/uploads\\\/2024\\\/07\\\/SAN-JULIAN.jpg\",\"articleSection\":[\"\u00daltima Hora\"],\"inLanguage\":\"es\",\"potentialAction\":[{\"@type\":\"CommentAction\",\"name\":\"Comment\",\"target\":[\"https:\\\/\\\/www.eldiario.net\\\/portal\\\/2024\\\/07\\\/30\\\/continuan-bloqueos-por-conflictos-sociales-en-oruro-chuquisaca-y-santa-cruz\\\/#respond\"]}]},{\"@type\":\"WebPage\",\"@id\":\"https:\\\/\\\/www.eldiario.net\\\/portal\\\/2024\\\/07\\\/30\\\/continuan-bloqueos-por-conflictos-sociales-en-oruro-chuquisaca-y-santa-cruz\\\/\",\"url\":\"https:\\\/\\\/www.eldiario.net\\\/portal\\\/2024\\\/07\\\/30\\\/continuan-bloqueos-por-conflictos-sociales-en-oruro-chuquisaca-y-santa-cruz\\\/\",\"name\":\"Contin\u00faan bloqueos por conflictos sociales en Oruro, Chuquisaca y Santa Cruz - El Diario - Bolivia\",\"isPartOf\":{\"@id\":\"https:\\\/\\\/www.eldiario.net\\\/portal\\\/#website\"},\"primaryImageOfPage\":{\"@id\":\"https:\\\/\\\/www.eldiario.net\\\/portal\\\/2024\\\/07\\\/30\\\/continuan-bloqueos-por-conflictos-sociales-en-oruro-chuquisaca-y-santa-cruz\\\/#primaryimage\"},\"image\":{\"@id\":\"https:\\\/\\\/www.eldiario.net\\\/portal\\\/2024\\\/07\\\/30\\\/continuan-bloqueos-por-conflictos-sociales-en-oruro-chuquisaca-y-santa-cruz\\\/#primaryimage\"},\"thumbnailUrl\":\"https:\\\/\\\/www.eldiario.net\\\/portal\\\/wp-content\\\/uploads\\\/2024\\\/07\\\/SAN-JULIAN.jpg\",\"datePublished\":\"2024-07-30T21:11:27+00:00\",\"dateModified\":\"2024-07-30T21:13:36+00:00\",\"breadcrumb\":{\"@id\":\"https:\\\/\\\/www.eldiario.net\\\/portal\\\/2024\\\/07\\\/30\\\/continuan-bloqueos-por-conflictos-sociales-en-oruro-chuquisaca-y-santa-cruz\\\/#breadcrumb\"},\"inLanguage\":\"es\",\"potentialAction\":[{\"@type\":\"ReadAction\",\"target\":[\"https:\\\/\\\/www.eldiario.net\\\/portal\\\/2024\\\/07\\\/30\\\/continuan-bloqueos-por-conflictos-sociales-en-oruro-chuquisaca-y-santa-cruz\\\/\"]}]},{\"@type\":\"ImageObject\",\"inLanguage\":\"es\",\"@id\":\"https:\\\/\\\/www.eldiario.net\\\/portal\\\/2024\\\/07\\\/30\\\/continuan-bloqueos-por-conflictos-sociales-en-oruro-chuquisaca-y-santa-cruz\\\/#primaryimage\",\"url\":\"https:\\\/\\\/www.eldiario.net\\\/portal\\\/wp-content\\\/uploads\\\/2024\\\/07\\\/SAN-JULIAN.jpg\",\"contentUrl\":\"https:\\\/\\\/www.eldiario.net\\\/portal\\\/wp-content\\\/uploads\\\/2024\\\/07\\\/SAN-JULIAN.jpg\",\"width\":864,\"height\":402,\"caption\":\"Foto: El Beni Hoy.\"},{\"@type\":\"BreadcrumbList\",\"@id\":\"https:\\\/\\\/www.eldiario.net\\\/portal\\\/2024\\\/07\\\/30\\\/continuan-bloqueos-por-conflictos-sociales-en-oruro-chuquisaca-y-santa-cruz\\\/#breadcrumb\",\"itemListElement\":[{\"@type\":\"ListItem\",\"position\":1,\"name\":\"Portada\",\"item\":\"https:\\\/\\\/www.eldiario.net\\\/portal\\\/\"},{\"@type\":\"ListItem\",\"position\":2,\"name\":\"Contin\u00faan bloqueos por conflictos sociales en Oruro, Chuquisaca y Santa Cruz\"}]},{\"@type\":\"WebSite\",\"@id\":\"https:\\\/\\\/www.eldiario.net\\\/portal\\\/#website\",\"url\":\"https:\\\/\\\/www.eldiario.net\\\/portal\\\/\",\"name\":\"El Diario - Decano de la prensa nacional\",\"description\":\"El Diario - Decano de la prensa nacional\",\"publisher\":{\"@id\":\"https:\\\/\\\/www.eldiario.net\\\/portal\\\/#organization\"},\"potentialAction\":[{\"@type\":\"SearchAction\",\"target\":{\"@type\":\"EntryPoint\",\"urlTemplate\":\"https:\\\/\\\/www.eldiario.net\\\/portal\\\/?s={search_term_string}\"},\"query-input\":{\"@type\":\"PropertyValueSpecification\",\"valueRequired\":true,\"valueName\":\"search_term_string\"}}],\"inLanguage\":\"es\"},{\"@type\":\"Organization\",\"@id\":\"https:\\\/\\\/www.eldiario.net\\\/portal\\\/#organization\",\"name\":\"El Diario - Decano de la prensa nacional\",\"url\":\"https:\\\/\\\/www.eldiario.net\\\/portal\\\/\",\"logo\":{\"@type\":\"ImageObject\",\"inLanguage\":\"es\",\"@id\":\"https:\\\/\\\/www.eldiario.net\\\/portal\\\/#\\\/schema\\\/logo\\\/image\\\/\",\"url\":\"https:\\\/\\\/www.eldiario.net\\\/portal\\\/wp-content\\\/uploads\\\/2023\\\/07\\\/logo_ED.jpg\",\"contentUrl\":\"https:\\\/\\\/www.eldiario.net\\\/portal\\\/wp-content\\\/uploads\\\/2023\\\/07\\\/logo_ED.jpg\",\"width\":272,\"height\":52,\"caption\":\"El Diario - Decano de la prensa nacional\"},\"image\":{\"@id\":\"https:\\\/\\\/www.eldiario.net\\\/portal\\\/#\\\/schema\\\/logo\\\/image\\\/\"},\"sameAs\":[\"https:\\\/\\\/www.facebook.com\\\/eldiario.bolivia\\\/\",\"https:\\\/\\\/x.com\\\/eldiario_net\"]},{\"@type\":\"Person\",\"@id\":\"https:\\\/\\\/www.eldiario.net\\\/portal\\\/#\\\/schema\\\/person\\\/c1a5d38e458b10c8ebd62f4189b82bbc\",\"name\":\"luis Camacho\",\"image\":{\"@type\":\"ImageObject\",\"inLanguage\":\"es\",\"@id\":\"https:\\\/\\\/secure.gravatar.com\\\/avatar\\\/69ecb836b3826d5a2501bf06ab2a2f2c8ab211cc846758f395df21684cb38313?s=96&d=mm&r=g\",\"url\":\"https:\\\/\\\/secure.gravatar.com\\\/avatar\\\/69ecb836b3826d5a2501bf06ab2a2f2c8ab211cc846758f395df21684cb38313?s=96&d=mm&r=g\",\"contentUrl\":\"https:\\\/\\\/secure.gravatar.com\\\/avatar\\\/69ecb836b3826d5a2501bf06ab2a2f2c8ab211cc846758f395df21684cb38313?s=96&d=mm&r=g\",\"caption\":\"luis Camacho\"},\"url\":\"https:\\\/\\\/www.eldiario.net\\\/portal\\\/author\\\/luis\\\/\"}]}<\/script>\n<!-- \/ Yoast SEO plugin. -->","yoast_head_json":{"title":"Contin\u00faan bloqueos por conflictos sociales en Oruro, Chuquisaca y Santa Cruz - El Diario - Bolivia","robots":{"index":"index","follow":"follow","max-snippet":"max-snippet:-1","max-image-preview":"max-image-preview:large","max-video-preview":"max-video-preview:-1"},"canonical":"https:\/\/www.eldiario.net\/portal\/2024\/07\/30\/continuan-bloqueos-por-conflictos-sociales-en-oruro-chuquisaca-y-santa-cruz\/","og_locale":"es_ES","og_type":"article","og_title":"Contin\u00faan bloqueos por conflictos sociales en Oruro, Chuquisaca y Santa Cruz - El Diario - Bolivia","og_description":"En los departamentos de Oruro, Chuquisaca y Santa Cruz se tiene a\u00fan carreteras con\u00a0 bloqueos instalados por conflictos sociales, de acuerdo con informaci\u00f3n de la Administradora Boliviana de Carreteras. En el territorio orure\u00f1o se tienen 12 v\u00edas con cortes del tr\u00e1fico vehicular desde el lunes, porque transportistas demandan una soluci\u00f3n al problema de la escasez [&hellip;]","og_url":"https:\/\/www.eldiario.net\/portal\/2024\/07\/30\/continuan-bloqueos-por-conflictos-sociales-en-oruro-chuquisaca-y-santa-cruz\/","og_site_name":"El Diario - Bolivia","article_publisher":"https:\/\/www.facebook.com\/eldiario.bolivia\/","article_published_time":"2024-07-30T21:11:27+00:00","article_modified_time":"2024-07-30T21:13:36+00:00","og_image":[{"width":864,"height":402,"url":"https:\/\/www.eldiario.net\/portal\/wp-content\/uploads\/2024\/07\/SAN-JULIAN.jpg","type":"image\/jpeg"}],"author":"luis Camacho","twitter_card":"summary_large_image","twitter_creator":"@eldiario_net","twitter_site":"@eldiario_net","twitter_misc":{"Escrito por":"luis Camacho","Tiempo de lectura":"1 minuto"},"schema":{"@context":"https:\/\/schema.org","@graph":[{"@type":"Article","@id":"https:\/\/www.eldiario.net\/portal\/2024\/07\/30\/continuan-bloqueos-por-conflictos-sociales-en-oruro-chuquisaca-y-santa-cruz\/#article","isPartOf":{"@id":"https:\/\/www.eldiario.net\/portal\/2024\/07\/30\/continuan-bloqueos-por-conflictos-sociales-en-oruro-chuquisaca-y-santa-cruz\/"},"author":{"name":"luis Camacho","@id":"https:\/\/www.eldiario.net\/portal\/#\/schema\/person\/c1a5d38e458b10c8ebd62f4189b82bbc"},"headline":"Contin\u00faan bloqueos por conflictos sociales en Oruro, Chuquisaca y Santa Cruz","datePublished":"2024-07-30T21:11:27+00:00","dateModified":"2024-07-30T21:13:36+00:00","mainEntityOfPage":{"@id":"https:\/\/www.eldiario.net\/portal\/2024\/07\/30\/continuan-bloqueos-por-conflictos-sociales-en-oruro-chuquisaca-y-santa-cruz\/"},"wordCount":174,"commentCount":0,"publisher":{"@id":"https:\/\/www.eldiario.net\/portal\/#organization"},"image":{"@id":"https:\/\/www.eldiario.net\/portal\/2024\/07\/30\/continuan-bloqueos-por-conflictos-sociales-en-oruro-chuquisaca-y-santa-cruz\/#primaryimage"},"thumbnailUrl":"https:\/\/www.eldiario.net\/portal\/wp-content\/uploads\/2024\/07\/SAN-JULIAN.jpg","articleSection":["\u00daltima Hora"],"inLanguage":"es","potentialAction":[{"@type":"CommentAction","name":"Comment","target":["https:\/\/www.eldiario.net\/portal\/2024\/07\/30\/continuan-bloqueos-por-conflictos-sociales-en-oruro-chuquisaca-y-santa-cruz\/#respond"]}]},{"@type":"WebPage","@id":"https:\/\/www.eldiario.net\/portal\/2024\/07\/30\/continuan-bloqueos-por-conflictos-sociales-en-oruro-chuquisaca-y-santa-cruz\/","url":"https:\/\/www.eldiario.net\/portal\/2024\/07\/30\/continuan-bloqueos-por-conflictos-sociales-en-oruro-chuquisaca-y-santa-cruz\/","name":"Contin\u00faan bloqueos por conflictos sociales en Oruro, Chuquisaca y Santa Cruz - El Diario - Bolivia","isPartOf":{"@id":"https:\/\/www.eldiario.net\/portal\/#website"},"primaryImageOfPage":{"@id":"https:\/\/www.eldiario.net\/portal\/2024\/07\/30\/continuan-bloqueos-por-conflictos-sociales-en-oruro-chuquisaca-y-santa-cruz\/#primaryimage"},"image":{"@id":"https:\/\/www.eldiario.net\/portal\/2024\/07\/30\/continuan-bloqueos-por-conflictos-sociales-en-oruro-chuquisaca-y-santa-cruz\/#primaryimage"},"thumbnailUrl":"https:\/\/www.eldiario.net\/portal\/wp-content\/uploads\/2024\/07\/SAN-JULIAN.jpg","datePublished":"2024-07-30T21:11:27+00:00","dateModified":"2024-07-30T21:13:36+00:00","breadcrumb":{"@id":"https:\/\/www.eldiario.net\/portal\/2024\/07\/30\/continuan-bloqueos-por-conflictos-sociales-en-oruro-chuquisaca-y-santa-cruz\/#breadcrumb"},"inLanguage":"es","potentialAction":[{"@type":"ReadAction","target":["https:\/\/www.eldiario.net\/portal\/2024\/07\/30\/continuan-bloqueos-por-conflictos-sociales-en-oruro-chuquisaca-y-santa-cruz\/"]}]},{"@type":"ImageObject","inLanguage":"es","@id":"https:\/\/www.eldiario.net\/portal\/2024\/07\/30\/continuan-bloqueos-por-conflictos-sociales-en-oruro-chuquisaca-y-santa-cruz\/#primaryimage","url":"https:\/\/www.eldiario.net\/portal\/wp-content\/uploads\/2024\/07\/SAN-JULIAN.jpg","contentUrl":"https:\/\/www.eldiario.net\/portal\/wp-content\/uploads\/2024\/07\/SAN-JULIAN.jpg","width":864,"height":402,"caption":"Foto: El Beni Hoy."},{"@type":"BreadcrumbList","@id":"https:\/\/www.eldiario.net\/portal\/2024\/07\/30\/continuan-bloqueos-por-conflictos-sociales-en-oruro-chuquisaca-y-santa-cruz\/#breadcrumb","itemListElement":[{"@type":"ListItem","position":1,"name":"Portada","item":"https:\/\/www.eldiario.net\/portal\/"},{"@type":"ListItem","position":2,"name":"Contin\u00faan bloqueos por conflictos sociales en Oruro, Chuquisaca y Santa Cruz"}]},{"@type":"WebSite","@id":"https:\/\/www.eldiario.net\/portal\/#website","url":"https:\/\/www.eldiario.net\/portal\/","name":"El Diario - Decano de la prensa nacional","description":"El Diario - Decano de la prensa nacional","publisher":{"@id":"https:\/\/www.eldiario.net\/portal\/#organization"},"potentialAction":[{"@type":"SearchAction","target":{"@type":"EntryPoint","urlTemplate":"https:\/\/www.eldiario.net\/portal\/?s={search_term_string}"},"query-input":{"@type":"PropertyValueSpecification","valueRequired":true,"valueName":"search_term_string"}}],"inLanguage":"es"},{"@type":"Organization","@id":"https:\/\/www.eldiario.net\/portal\/#organization","name":"El Diario - Decano de la prensa nacional","url":"https:\/\/www.eldiario.net\/portal\/","logo":{"@type":"ImageObject","inLanguage":"es","@id":"https:\/\/www.eldiario.net\/portal\/#\/schema\/logo\/image\/","url":"https:\/\/www.eldiario.net\/portal\/wp-content\/uploads\/2023\/07\/logo_ED.jpg","contentUrl":"https:\/\/www.eldiario.net\/portal\/wp-content\/uploads\/2023\/07\/logo_ED.jpg","width":272,"height":52,"caption":"El Diario - Decano de la prensa nacional"},"image":{"@id":"https:\/\/www.eldiario.net\/portal\/#\/schema\/logo\/image\/"},"sameAs":["https:\/\/www.facebook.com\/eldiario.bolivia\/","https:\/\/x.com\/eldiario_net"]},{"@type":"Person","@id":"https:\/\/www.eldiario.net\/portal\/#\/schema\/person\/c1a5d38e458b10c8ebd62f4189b82bbc","name":"luis Camacho","image":{"@type":"ImageObject","inLanguage":"es","@id":"https:\/\/secure.gravatar.com\/avatar\/69ecb836b3826d5a2501bf06ab2a2f2c8ab211cc846758f395df21684cb38313?s=96&d=mm&r=g","url":"https:\/\/secure.gravatar.com\/avatar\/69ecb836b3826d5a2501bf06ab2a2f2c8ab211cc846758f395df21684cb38313?s=96&d=mm&r=g","contentUrl":"https:\/\/secure.gravatar.com\/avatar\/69ecb836b3826d5a2501bf06ab2a2f2c8ab211cc846758f395df21684cb38313?s=96&d=mm&r=g","caption":"luis Camacho"},"url":"https:\/\/www.eldiario.net\/portal\/author\/luis\/"}]}},"_links":{"self":[{"href":"https:\/\/www.eldiario.net\/portal\/wp-json\/wp\/v2\/posts\/237461","targetHints":{"allow":["GET"]}}],"collection":[{"href":"https:\/\/www.eldiario.net\/portal\/wp-json\/wp\/v2\/posts"}],"about":[{"href":"https:\/\/www.eldiario.net\/portal\/wp-json\/wp\/v2\/types\/post"}],"author":[{"embeddable":true,"href":"https:\/\/www.eldiario.net\/portal\/wp-json\/wp\/v2\/users\/2"}],"replies":[{"embeddable":true,"href":"https:\/\/www.eldiario.net\/portal\/wp-json\/wp\/v2\/comments?post=237461"}],"version-history":[{"count":2,"href":"https:\/\/www.eldiario.net\/portal\/wp-json\/wp\/v2\/posts\/237461\/revisions"}],"predecessor-version":[{"id":237464,"href":"https:\/\/www.eldiario.net\/portal\/wp-json\/wp\/v2\/posts\/237461\/revisions\/237464"}],"wp:featuredmedia":[{"embeddable":true,"href":"https:\/\/www.eldiario.net\/portal\/wp-json\/wp\/v2\/media\/237462"}],"wp:attachment":[{"href":"https:\/\/www.eldiario.net\/portal\/wp-json\/wp\/v2\/media?parent=237461"}],"wp:term":[{"taxonomy":"category","embeddable":true,"href":"https:\/\/www.eldiario.net\/portal\/wp-json\/wp\/v2\/categories?post=237461"},{"taxonomy":"post_tag","embeddable":true,"href":"https:\/\/www.eldiario.net\/portal\/wp-json\/wp\/v2\/tags?post=237461"}],"curies":[{"name":"wp","href":"https:\/\/api.w.org\/{rel}","templated":true}]}}