{"id":237452,"date":"2024-07-30T16:05:08","date_gmt":"2024-07-30T20:05:08","guid":{"rendered":"https:\/\/www.eldiario.net\/portal\/?p=237452"},"modified":"2024-07-30T16:05:08","modified_gmt":"2024-07-30T20:05:08","slug":"en-cochabamba-mueren-un-nino-y-un-bebe-por-causa-de-la-neumonia","status":"publish","type":"post","link":"https:\/\/www.eldiario.net\/portal\/2024\/07\/30\/en-cochabamba-mueren-un-nino-y-un-bebe-por-causa-de-la-neumonia\/","title":{"rendered":"En Cochabamba mueren un ni\u00f1o y un beb\u00e9 por causa de la neumon\u00eda"},"content":{"rendered":"<p>Un ni\u00f1o de cinco a\u00f1os y dos meses de edad del municipio de Quillacollo y un beb\u00e9 de cinco meses de la ciudad de Cochabamba fallecieron por causa de neumon\u00edas graves.<\/p>\n<p>El jefe de Epidemiologia del Servicio Departamental de Salud de esa regi\u00f3n, Rub\u00e9n Castillo, dio la informaci\u00f3n y explic\u00f3 que ambos ten\u00edan enfermedades de base.<\/p>\n<p>Explic\u00f3 que el menor de cinco a\u00f1os y dos meses estuvo internado nueve d\u00edas y ten\u00eda un linfoma previo que potenci\u00f3 la neumon\u00eda.<\/p>\n<p>La autoridad mencion\u00f3 que el beb\u00e9 de cinco meses permaneci\u00f3 hospitalizado y en terapia intensiva durante ocho d\u00edas y padec\u00eda de una cardiopat\u00eda cong\u00e9nita.<\/p>\n<p>El departamento de Cochabamba tiene 11 fallecidos por causa de la neumon\u00eda en lo que va del a\u00f1o.<\/p>\n","protected":false},"excerpt":{"rendered":"<p>Un ni\u00f1o de cinco a\u00f1os y dos meses de edad del municipio de Quillacollo y un beb\u00e9 de cinco meses de la ciudad de Cochabamba fallecieron por causa de neumon\u00edas graves. El jefe de Epidemiologia del Servicio Departamental de Salud de esa regi\u00f3n, Rub\u00e9n Castillo, dio la informaci\u00f3n y explic\u00f3 que ambos ten\u00edan enfermedades de [&hellip;]<\/p>\n","protected":false},"author":2,"featured_media":237453,"comment_status":"open","ping_status":"open","sticky":false,"template":"","format":"standard","meta":{"_acf_changed":false,"footnotes":""},"categories":[51],"tags":[],"class_list":["post-237452","post","type-post","status-publish","format-standard","has-post-thumbnail","category-ultima-hora"],"acf":{"antetitulo":""},"yoast_head":"<!-- This site is optimized with the Yoast SEO plugin v28.4 - https:\/\/yoast.com\/product\/yoast-seo-wordpress\/ -->\n<title>En Cochabamba mueren un ni\u00f1o y un beb\u00e9 por causa de la neumon\u00eda - El Diario - Bolivia<\/title>\n<meta name=\"robots\" content=\"index, follow, max-snippet:-1, max-image-preview:large, max-video-preview:-1\" \/>\n<link rel=\"canonical\" href=\"https:\/\/www.eldiario.net\/portal\/2024\/07\/30\/en-cochabamba-mueren-un-nino-y-un-bebe-por-causa-de-la-neumonia\/\" \/>\n<meta property=\"og:locale\" content=\"es_ES\" \/>\n<meta property=\"og:type\" content=\"article\" \/>\n<meta property=\"og:title\" content=\"En Cochabamba mueren un ni\u00f1o y un beb\u00e9 por causa de la neumon\u00eda - El Diario - Bolivia\" \/>\n<meta property=\"og:description\" content=\"Un ni\u00f1o de cinco a\u00f1os y dos meses de edad del municipio de Quillacollo y un beb\u00e9 de cinco meses de la ciudad de Cochabamba fallecieron por causa de neumon\u00edas graves. El jefe de Epidemiologia del Servicio Departamental de Salud de esa regi\u00f3n, Rub\u00e9n Castillo, dio la informaci\u00f3n y explic\u00f3 que ambos ten\u00edan enfermedades de [&hellip;]\" \/>\n<meta property=\"og:url\" content=\"https:\/\/www.eldiario.net\/portal\/2024\/07\/30\/en-cochabamba-mueren-un-nino-y-un-bebe-por-causa-de-la-neumonia\/\" \/>\n<meta property=\"og:site_name\" content=\"El Diario - Bolivia\" \/>\n<meta property=\"article:publisher\" content=\"https:\/\/www.facebook.com\/eldiario.bolivia\/\" \/>\n<meta property=\"article:published_time\" content=\"2024-07-30T20:05:08+00:00\" \/>\n<meta property=\"og:image\" content=\"https:\/\/www.eldiario.net\/portal\/wp-content\/uploads\/2024\/07\/NEUMONIAS-30.jpg\" \/>\n\t<meta property=\"og:image:width\" content=\"992\" \/>\n\t<meta property=\"og:image:height\" content=\"606\" \/>\n\t<meta property=\"og:image:type\" content=\"image\/jpeg\" \/>\n<meta name=\"author\" content=\"luis Camacho\" \/>\n<meta name=\"twitter:card\" content=\"summary_large_image\" \/>\n<meta name=\"twitter:creator\" content=\"@eldiario_net\" \/>\n<meta name=\"twitter:site\" content=\"@eldiario_net\" \/>\n<meta name=\"twitter:label1\" content=\"Escrito por\" \/>\n\t<meta name=\"twitter:data1\" content=\"luis Camacho\" \/>\n\t<meta name=\"twitter:label2\" content=\"Tiempo de lectura\" \/>\n\t<meta name=\"twitter:data2\" content=\"1 minuto\" \/>\n<script type=\"application\/ld+json\" class=\"yoast-schema-graph\">{\"@context\":\"https:\\\/\\\/schema.org\",\"@graph\":[{\"@type\":\"Article\",\"@id\":\"https:\\\/\\\/www.eldiario.net\\\/portal\\\/2024\\\/07\\\/30\\\/en-cochabamba-mueren-un-nino-y-un-bebe-por-causa-de-la-neumonia\\\/#article\",\"isPartOf\":{\"@id\":\"https:\\\/\\\/www.eldiario.net\\\/portal\\\/2024\\\/07\\\/30\\\/en-cochabamba-mueren-un-nino-y-un-bebe-por-causa-de-la-neumonia\\\/\"},\"author\":{\"name\":\"luis Camacho\",\"@id\":\"https:\\\/\\\/www.eldiario.net\\\/portal\\\/#\\\/schema\\\/person\\\/cab1ae4db27e5f008a62cbffb05fbfee\"},\"headline\":\"En Cochabamba mueren un ni\u00f1o y un beb\u00e9 por causa de la neumon\u00eda\",\"datePublished\":\"2024-07-30T20:05:08+00:00\",\"mainEntityOfPage\":{\"@id\":\"https:\\\/\\\/www.eldiario.net\\\/portal\\\/2024\\\/07\\\/30\\\/en-cochabamba-mueren-un-nino-y-un-bebe-por-causa-de-la-neumonia\\\/\"},\"wordCount\":152,\"commentCount\":0,\"publisher\":{\"@id\":\"https:\\\/\\\/www.eldiario.net\\\/portal\\\/#organization\"},\"image\":{\"@id\":\"https:\\\/\\\/www.eldiario.net\\\/portal\\\/2024\\\/07\\\/30\\\/en-cochabamba-mueren-un-nino-y-un-bebe-por-causa-de-la-neumonia\\\/#primaryimage\"},\"thumbnailUrl\":\"https:\\\/\\\/www.eldiario.net\\\/portal\\\/wp-content\\\/uploads\\\/2024\\\/07\\\/NEUMONIAS-30.jpg\",\"articleSection\":[\"\u00daltima Hora\"],\"inLanguage\":\"es\",\"potentialAction\":[{\"@type\":\"CommentAction\",\"name\":\"Comment\",\"target\":[\"https:\\\/\\\/www.eldiario.net\\\/portal\\\/2024\\\/07\\\/30\\\/en-cochabamba-mueren-un-nino-y-un-bebe-por-causa-de-la-neumonia\\\/#respond\"]}]},{\"@type\":\"WebPage\",\"@id\":\"https:\\\/\\\/www.eldiario.net\\\/portal\\\/2024\\\/07\\\/30\\\/en-cochabamba-mueren-un-nino-y-un-bebe-por-causa-de-la-neumonia\\\/\",\"url\":\"https:\\\/\\\/www.eldiario.net\\\/portal\\\/2024\\\/07\\\/30\\\/en-cochabamba-mueren-un-nino-y-un-bebe-por-causa-de-la-neumonia\\\/\",\"name\":\"En Cochabamba mueren un ni\u00f1o y un beb\u00e9 por causa de la neumon\u00eda - El Diario - Bolivia\",\"isPartOf\":{\"@id\":\"https:\\\/\\\/www.eldiario.net\\\/portal\\\/#website\"},\"primaryImageOfPage\":{\"@id\":\"https:\\\/\\\/www.eldiario.net\\\/portal\\\/2024\\\/07\\\/30\\\/en-cochabamba-mueren-un-nino-y-un-bebe-por-causa-de-la-neumonia\\\/#primaryimage\"},\"image\":{\"@id\":\"https:\\\/\\\/www.eldiario.net\\\/portal\\\/2024\\\/07\\\/30\\\/en-cochabamba-mueren-un-nino-y-un-bebe-por-causa-de-la-neumonia\\\/#primaryimage\"},\"thumbnailUrl\":\"https:\\\/\\\/www.eldiario.net\\\/portal\\\/wp-content\\\/uploads\\\/2024\\\/07\\\/NEUMONIAS-30.jpg\",\"datePublished\":\"2024-07-30T20:05:08+00:00\",\"breadcrumb\":{\"@id\":\"https:\\\/\\\/www.eldiario.net\\\/portal\\\/2024\\\/07\\\/30\\\/en-cochabamba-mueren-un-nino-y-un-bebe-por-causa-de-la-neumonia\\\/#breadcrumb\"},\"inLanguage\":\"es\",\"potentialAction\":[{\"@type\":\"ReadAction\",\"target\":[\"https:\\\/\\\/www.eldiario.net\\\/portal\\\/2024\\\/07\\\/30\\\/en-cochabamba-mueren-un-nino-y-un-bebe-por-causa-de-la-neumonia\\\/\"]}]},{\"@type\":\"ImageObject\",\"inLanguage\":\"es\",\"@id\":\"https:\\\/\\\/www.eldiario.net\\\/portal\\\/2024\\\/07\\\/30\\\/en-cochabamba-mueren-un-nino-y-un-bebe-por-causa-de-la-neumonia\\\/#primaryimage\",\"url\":\"https:\\\/\\\/www.eldiario.net\\\/portal\\\/wp-content\\\/uploads\\\/2024\\\/07\\\/NEUMONIAS-30.jpg\",\"contentUrl\":\"https:\\\/\\\/www.eldiario.net\\\/portal\\\/wp-content\\\/uploads\\\/2024\\\/07\\\/NEUMONIAS-30.jpg\",\"width\":992,\"height\":606,\"caption\":\"Foto: Infobae.\"},{\"@type\":\"BreadcrumbList\",\"@id\":\"https:\\\/\\\/www.eldiario.net\\\/portal\\\/2024\\\/07\\\/30\\\/en-cochabamba-mueren-un-nino-y-un-bebe-por-causa-de-la-neumonia\\\/#breadcrumb\",\"itemListElement\":[{\"@type\":\"ListItem\",\"position\":1,\"name\":\"Portada\",\"item\":\"https:\\\/\\\/www.eldiario.net\\\/portal\\\/\"},{\"@type\":\"ListItem\",\"position\":2,\"name\":\"En Cochabamba mueren un ni\u00f1o y un beb\u00e9 por causa de la neumon\u00eda\"}]},{\"@type\":\"WebSite\",\"@id\":\"https:\\\/\\\/www.eldiario.net\\\/portal\\\/#website\",\"url\":\"https:\\\/\\\/www.eldiario.net\\\/portal\\\/\",\"name\":\"El Diario - Decano de la prensa nacional\",\"description\":\"El Diario - Decano de la prensa nacional\",\"publisher\":{\"@id\":\"https:\\\/\\\/www.eldiario.net\\\/portal\\\/#organization\"},\"potentialAction\":[{\"@type\":\"SearchAction\",\"target\":{\"@type\":\"EntryPoint\",\"urlTemplate\":\"https:\\\/\\\/www.eldiario.net\\\/portal\\\/?s={search_term_string}\"},\"query-input\":{\"@type\":\"PropertyValueSpecification\",\"valueRequired\":true,\"valueName\":\"search_term_string\"}}],\"inLanguage\":\"es\"},{\"@type\":\"Organization\",\"@id\":\"https:\\\/\\\/www.eldiario.net\\\/portal\\\/#organization\",\"name\":\"El Diario - Decano de la prensa nacional\",\"url\":\"https:\\\/\\\/www.eldiario.net\\\/portal\\\/\",\"logo\":{\"@type\":\"ImageObject\",\"inLanguage\":\"es\",\"@id\":\"https:\\\/\\\/www.eldiario.net\\\/portal\\\/#\\\/schema\\\/logo\\\/image\\\/\",\"url\":\"https:\\\/\\\/www.eldiario.net\\\/portal\\\/wp-content\\\/uploads\\\/2023\\\/07\\\/logo_ED.jpg\",\"contentUrl\":\"https:\\\/\\\/www.eldiario.net\\\/portal\\\/wp-content\\\/uploads\\\/2023\\\/07\\\/logo_ED.jpg\",\"width\":272,\"height\":52,\"caption\":\"El Diario - Decano de la prensa nacional\"},\"image\":{\"@id\":\"https:\\\/\\\/www.eldiario.net\\\/portal\\\/#\\\/schema\\\/logo\\\/image\\\/\"},\"sameAs\":[\"https:\\\/\\\/www.facebook.com\\\/eldiario.bolivia\\\/\",\"https:\\\/\\\/x.com\\\/eldiario_net\"]},{\"@type\":\"Person\",\"@id\":\"https:\\\/\\\/www.eldiario.net\\\/portal\\\/#\\\/schema\\\/person\\\/cab1ae4db27e5f008a62cbffb05fbfee\",\"name\":\"luis Camacho\",\"image\":{\"@type\":\"ImageObject\",\"inLanguage\":\"es\",\"@id\":\"https:\\\/\\\/secure.gravatar.com\\\/avatar\\\/69ecb836b3826d5a2501bf06ab2a2f2c8ab211cc846758f395df21684cb38313?s=96&d=mm&r=g\",\"url\":\"https:\\\/\\\/secure.gravatar.com\\\/avatar\\\/69ecb836b3826d5a2501bf06ab2a2f2c8ab211cc846758f395df21684cb38313?s=96&d=mm&r=g\",\"contentUrl\":\"https:\\\/\\\/secure.gravatar.com\\\/avatar\\\/69ecb836b3826d5a2501bf06ab2a2f2c8ab211cc846758f395df21684cb38313?s=96&d=mm&r=g\",\"caption\":\"luis Camacho\"},\"url\":\"https:\\\/\\\/www.eldiario.net\\\/portal\\\/author\\\/luis\\\/\"}]}<\/script>\n<!-- \/ Yoast SEO plugin. -->","yoast_head_json":{"title":"En Cochabamba mueren un ni\u00f1o y un beb\u00e9 por causa de la neumon\u00eda - El Diario - Bolivia","robots":{"index":"index","follow":"follow","max-snippet":"max-snippet:-1","max-image-preview":"max-image-preview:large","max-video-preview":"max-video-preview:-1"},"canonical":"https:\/\/www.eldiario.net\/portal\/2024\/07\/30\/en-cochabamba-mueren-un-nino-y-un-bebe-por-causa-de-la-neumonia\/","og_locale":"es_ES","og_type":"article","og_title":"En Cochabamba mueren un ni\u00f1o y un beb\u00e9 por causa de la neumon\u00eda - El Diario - Bolivia","og_description":"Un ni\u00f1o de cinco a\u00f1os y dos meses de edad del municipio de Quillacollo y un beb\u00e9 de cinco meses de la ciudad de Cochabamba fallecieron por causa de neumon\u00edas graves. El jefe de Epidemiologia del Servicio Departamental de Salud de esa regi\u00f3n, Rub\u00e9n Castillo, dio la informaci\u00f3n y explic\u00f3 que ambos ten\u00edan enfermedades de [&hellip;]","og_url":"https:\/\/www.eldiario.net\/portal\/2024\/07\/30\/en-cochabamba-mueren-un-nino-y-un-bebe-por-causa-de-la-neumonia\/","og_site_name":"El Diario - Bolivia","article_publisher":"https:\/\/www.facebook.com\/eldiario.bolivia\/","article_published_time":"2024-07-30T20:05:08+00:00","og_image":[{"width":992,"height":606,"url":"https:\/\/www.eldiario.net\/portal\/wp-content\/uploads\/2024\/07\/NEUMONIAS-30.jpg","type":"image\/jpeg"}],"author":"luis Camacho","twitter_card":"summary_large_image","twitter_creator":"@eldiario_net","twitter_site":"@eldiario_net","twitter_misc":{"Escrito por":"luis Camacho","Tiempo de lectura":"1 minuto"},"schema":{"@context":"https:\/\/schema.org","@graph":[{"@type":"Article","@id":"https:\/\/www.eldiario.net\/portal\/2024\/07\/30\/en-cochabamba-mueren-un-nino-y-un-bebe-por-causa-de-la-neumonia\/#article","isPartOf":{"@id":"https:\/\/www.eldiario.net\/portal\/2024\/07\/30\/en-cochabamba-mueren-un-nino-y-un-bebe-por-causa-de-la-neumonia\/"},"author":{"name":"luis Camacho","@id":"https:\/\/www.eldiario.net\/portal\/#\/schema\/person\/cab1ae4db27e5f008a62cbffb05fbfee"},"headline":"En Cochabamba mueren un ni\u00f1o y un beb\u00e9 por causa de la neumon\u00eda","datePublished":"2024-07-30T20:05:08+00:00","mainEntityOfPage":{"@id":"https:\/\/www.eldiario.net\/portal\/2024\/07\/30\/en-cochabamba-mueren-un-nino-y-un-bebe-por-causa-de-la-neumonia\/"},"wordCount":152,"commentCount":0,"publisher":{"@id":"https:\/\/www.eldiario.net\/portal\/#organization"},"image":{"@id":"https:\/\/www.eldiario.net\/portal\/2024\/07\/30\/en-cochabamba-mueren-un-nino-y-un-bebe-por-causa-de-la-neumonia\/#primaryimage"},"thumbnailUrl":"https:\/\/www.eldiario.net\/portal\/wp-content\/uploads\/2024\/07\/NEUMONIAS-30.jpg","articleSection":["\u00daltima Hora"],"inLanguage":"es","potentialAction":[{"@type":"CommentAction","name":"Comment","target":["https:\/\/www.eldiario.net\/portal\/2024\/07\/30\/en-cochabamba-mueren-un-nino-y-un-bebe-por-causa-de-la-neumonia\/#respond"]}]},{"@type":"WebPage","@id":"https:\/\/www.eldiario.net\/portal\/2024\/07\/30\/en-cochabamba-mueren-un-nino-y-un-bebe-por-causa-de-la-neumonia\/","url":"https:\/\/www.eldiario.net\/portal\/2024\/07\/30\/en-cochabamba-mueren-un-nino-y-un-bebe-por-causa-de-la-neumonia\/","name":"En Cochabamba mueren un ni\u00f1o y un beb\u00e9 por causa de la neumon\u00eda - El Diario - Bolivia","isPartOf":{"@id":"https:\/\/www.eldiario.net\/portal\/#website"},"primaryImageOfPage":{"@id":"https:\/\/www.eldiario.net\/portal\/2024\/07\/30\/en-cochabamba-mueren-un-nino-y-un-bebe-por-causa-de-la-neumonia\/#primaryimage"},"image":{"@id":"https:\/\/www.eldiario.net\/portal\/2024\/07\/30\/en-cochabamba-mueren-un-nino-y-un-bebe-por-causa-de-la-neumonia\/#primaryimage"},"thumbnailUrl":"https:\/\/www.eldiario.net\/portal\/wp-content\/uploads\/2024\/07\/NEUMONIAS-30.jpg","datePublished":"2024-07-30T20:05:08+00:00","breadcrumb":{"@id":"https:\/\/www.eldiario.net\/portal\/2024\/07\/30\/en-cochabamba-mueren-un-nino-y-un-bebe-por-causa-de-la-neumonia\/#breadcrumb"},"inLanguage":"es","potentialAction":[{"@type":"ReadAction","target":["https:\/\/www.eldiario.net\/portal\/2024\/07\/30\/en-cochabamba-mueren-un-nino-y-un-bebe-por-causa-de-la-neumonia\/"]}]},{"@type":"ImageObject","inLanguage":"es","@id":"https:\/\/www.eldiario.net\/portal\/2024\/07\/30\/en-cochabamba-mueren-un-nino-y-un-bebe-por-causa-de-la-neumonia\/#primaryimage","url":"https:\/\/www.eldiario.net\/portal\/wp-content\/uploads\/2024\/07\/NEUMONIAS-30.jpg","contentUrl":"https:\/\/www.eldiario.net\/portal\/wp-content\/uploads\/2024\/07\/NEUMONIAS-30.jpg","width":992,"height":606,"caption":"Foto: Infobae."},{"@type":"BreadcrumbList","@id":"https:\/\/www.eldiario.net\/portal\/2024\/07\/30\/en-cochabamba-mueren-un-nino-y-un-bebe-por-causa-de-la-neumonia\/#breadcrumb","itemListElement":[{"@type":"ListItem","position":1,"name":"Portada","item":"https:\/\/www.eldiario.net\/portal\/"},{"@type":"ListItem","position":2,"name":"En Cochabamba mueren un ni\u00f1o y un beb\u00e9 por causa de la neumon\u00eda"}]},{"@type":"WebSite","@id":"https:\/\/www.eldiario.net\/portal\/#website","url":"https:\/\/www.eldiario.net\/portal\/","name":"El Diario - Decano de la prensa nacional","description":"El Diario - Decano de la prensa nacional","publisher":{"@id":"https:\/\/www.eldiario.net\/portal\/#organization"},"potentialAction":[{"@type":"SearchAction","target":{"@type":"EntryPoint","urlTemplate":"https:\/\/www.eldiario.net\/portal\/?s={search_term_string}"},"query-input":{"@type":"PropertyValueSpecification","valueRequired":true,"valueName":"search_term_string"}}],"inLanguage":"es"},{"@type":"Organization","@id":"https:\/\/www.eldiario.net\/portal\/#organization","name":"El Diario - Decano de la prensa nacional","url":"https:\/\/www.eldiario.net\/portal\/","logo":{"@type":"ImageObject","inLanguage":"es","@id":"https:\/\/www.eldiario.net\/portal\/#\/schema\/logo\/image\/","url":"https:\/\/www.eldiario.net\/portal\/wp-content\/uploads\/2023\/07\/logo_ED.jpg","contentUrl":"https:\/\/www.eldiario.net\/portal\/wp-content\/uploads\/2023\/07\/logo_ED.jpg","width":272,"height":52,"caption":"El Diario - Decano de la prensa nacional"},"image":{"@id":"https:\/\/www.eldiario.net\/portal\/#\/schema\/logo\/image\/"},"sameAs":["https:\/\/www.facebook.com\/eldiario.bolivia\/","https:\/\/x.com\/eldiario_net"]},{"@type":"Person","@id":"https:\/\/www.eldiario.net\/portal\/#\/schema\/person\/cab1ae4db27e5f008a62cbffb05fbfee","name":"luis Camacho","image":{"@type":"ImageObject","inLanguage":"es","@id":"https:\/\/secure.gravatar.com\/avatar\/69ecb836b3826d5a2501bf06ab2a2f2c8ab211cc846758f395df21684cb38313?s=96&d=mm&r=g","url":"https:\/\/secure.gravatar.com\/avatar\/69ecb836b3826d5a2501bf06ab2a2f2c8ab211cc846758f395df21684cb38313?s=96&d=mm&r=g","contentUrl":"https:\/\/secure.gravatar.com\/avatar\/69ecb836b3826d5a2501bf06ab2a2f2c8ab211cc846758f395df21684cb38313?s=96&d=mm&r=g","caption":"luis Camacho"},"url":"https:\/\/www.eldiario.net\/portal\/author\/luis\/"}]}},"_links":{"self":[{"href":"https:\/\/www.eldiario.net\/portal\/wp-json\/wp\/v2\/posts\/237452","targetHints":{"allow":["GET"]}}],"collection":[{"href":"https:\/\/www.eldiario.net\/portal\/wp-json\/wp\/v2\/posts"}],"about":[{"href":"https:\/\/www.eldiario.net\/portal\/wp-json\/wp\/v2\/types\/post"}],"author":[{"embeddable":true,"href":"https:\/\/www.eldiario.net\/portal\/wp-json\/wp\/v2\/users\/2"}],"replies":[{"embeddable":true,"href":"https:\/\/www.eldiario.net\/portal\/wp-json\/wp\/v2\/comments?post=237452"}],"version-history":[{"count":1,"href":"https:\/\/www.eldiario.net\/portal\/wp-json\/wp\/v2\/posts\/237452\/revisions"}],"predecessor-version":[{"id":237457,"href":"https:\/\/www.eldiario.net\/portal\/wp-json\/wp\/v2\/posts\/237452\/revisions\/237457"}],"wp:featuredmedia":[{"embeddable":true,"href":"https:\/\/www.eldiario.net\/portal\/wp-json\/wp\/v2\/media\/237453"}],"wp:attachment":[{"href":"https:\/\/www.eldiario.net\/portal\/wp-json\/wp\/v2\/media?parent=237452"}],"wp:term":[{"taxonomy":"category","embeddable":true,"href":"https:\/\/www.eldiario.net\/portal\/wp-json\/wp\/v2\/categories?post=237452"},{"taxonomy":"post_tag","embeddable":true,"href":"https:\/\/www.eldiario.net\/portal\/wp-json\/wp\/v2\/tags?post=237452"}],"curies":[{"name":"wp","href":"https:\/\/api.w.org\/{rel}","templated":true}]}}