{"id":237451,"date":"2024-07-30T15:55:00","date_gmt":"2024-07-30T19:55:00","guid":{"rendered":"https:\/\/www.eldiario.net\/portal\/?p=237451"},"modified":"2024-07-30T15:55:00","modified_gmt":"2024-07-30T19:55:00","slug":"huawei-impulsa-el-conocimiento-de-ia-en-charla-con-periodistas-crucenos","status":"publish","type":"post","link":"https:\/\/www.eldiario.net\/portal\/2024\/07\/30\/huawei-impulsa-el-conocimiento-de-ia-en-charla-con-periodistas-crucenos\/","title":{"rendered":"Huawei impulsa el conocimiento de IA en charla con periodistas cruce\u00f1os"},"content":{"rendered":"<p>Periodistas y estudiantes de comunicaci\u00f3n, participaron de la capacitaci\u00f3n sobre Inteligencia Artificial que ofreci\u00f3 el experto en tecnolog\u00edas de la informaci\u00f3n de Huawei Technologies, Alberto Mendoza Loayza en la Universidad Privada Domingo Savio de Santa Cruz, una iniciativa de la Asociaci\u00f3n de Periodistas de Santa Cruz con el apoyo del Consulado de China en Bolivia.<\/p>\n<p>El C\u00f3nsul General de la Rep\u00fablica Popular de China brind\u00f3 las palabras de bienvenida, agradeciendo a Huawei por la iniciativa: \u201cLa nueva generaci\u00f3n de Inteligencia Artificial ha impulsado el desarrollo econ\u00f3mico. La apertura, inclusi\u00f3n y la no discriminaci\u00f3n son esenciales para que todos los pa\u00edses puedan disfrutar de los beneficios de esta tecnolog\u00eda\u201d.<\/p>\n<p>Mendoza, gerente de desarrollo de negocios para Huawei Bolivia, inici\u00f3 su presentaci\u00f3n brindando un panorama completo acerca de las TIC\u2019s (Tecnolog\u00edas de la Informaci\u00f3n y las Comunicaciones). A partir de su introducci\u00f3n, el experto de la empresa asi\u00e1tica estableci\u00f3 algunas directrices sobre qu\u00e9 es la Inteligencia Artificial, c\u00f3mo funciona y sus diversas aplicaciones tecnol\u00f3gicas en distintos \u00e1mbitos de la industria y la vida diaria.<\/p>\n<p>\u201cLa IA es una mezcla de muchas disciplinas y en esta industria hablamos b\u00e1sicamente de aplicaciones, servicios y plataformas. Hay un concepto clave que es el <em>Machine Learning<\/em>, o Aprendizaje Autom\u00e1tico. A diferencia del proceso humano basado en experiencias, aqu\u00ed tenemos algoritmos o modelos matem\u00e1ticos que dependen de datos hist\u00f3ricos. Mientras m\u00e1s datos le proporcione, la predicci\u00f3n va a ser mucho m\u00e1s precisa\u201d, esclareci\u00f3 Mendoza.<\/p>\n<p>El encuentro forma parte de un ciclo de capacitaciones para profesionales inscritos en la Asociaci\u00f3n de Periodistas de Santa Cruz y para estudiantes de carreras relacionadas con la tecnolog\u00eda de la informaci\u00f3n. Se espera continuar con las ponencias en colaboraci\u00f3n con otras casas de estudios superiores.<\/p>\n<p>\u201cPara la Asociaci\u00f3n de Periodistas son muy importantes estas capacitaciones porque trabajamos con las nuevas herramientas de comunicaci\u00f3n y de informaci\u00f3n. Sabemos que Huawei es uno de los gigantes tecnol\u00f3gicos que est\u00e1n marcando el liderazgo mundial y conocer de primera mano la experiencia, la visi\u00f3n que ellos tienen. Por supuesto que a nosotros tambi\u00e9n nos ayuda a abrir nuestra mente para poder mejorar los recursos con los que trabajamos y poder optimizar tambi\u00e9n el proceso\u201d, asegur\u00f3 Brian Costas Lijer\u00f3n, vicepresidente de la Asociaci\u00f3n de Periodistas de Santa Cruz.<\/p>\n<p>El avance de la Inteligencia Artificial ha transformado la forma en que interactuamos con la tecnolog\u00eda. Las aplicaciones basadas en esta tecnolog\u00eda han demostrado ser herramientas valiosas en diversos campos, permitiendo automatizar tareas, analizar grandes cantidades de datos y ofrecer soluciones personalizadas. A medida que la IA contin\u00faa prosperando, podemos esperar m\u00e1s innovaciones que optimicen nuestra productividad y calidad de vida.<\/p>\n<p><img loading=\"lazy\" decoding=\"async\" class=\"aligncenter size-full wp-image-237454\" src=\"https:\/\/www.eldiario.net\/portal\/wp-content\/uploads\/2024\/07\/WhatsApp-Image-2024-07-30-at-09.57.161.jpeg\" alt=\"\" width=\"1600\" height=\"1066\" srcset=\"https:\/\/www.eldiario.net\/portal\/wp-content\/uploads\/2024\/07\/WhatsApp-Image-2024-07-30-at-09.57.161.jpeg 1600w, https:\/\/www.eldiario.net\/portal\/wp-content\/uploads\/2024\/07\/WhatsApp-Image-2024-07-30-at-09.57.161-300x200.jpeg 300w, https:\/\/www.eldiario.net\/portal\/wp-content\/uploads\/2024\/07\/WhatsApp-Image-2024-07-30-at-09.57.161-1024x682.jpeg 1024w, https:\/\/www.eldiario.net\/portal\/wp-content\/uploads\/2024\/07\/WhatsApp-Image-2024-07-30-at-09.57.161-768x512.jpeg 768w, https:\/\/www.eldiario.net\/portal\/wp-content\/uploads\/2024\/07\/WhatsApp-Image-2024-07-30-at-09.57.161-1536x1023.jpeg 1536w, https:\/\/www.eldiario.net\/portal\/wp-content\/uploads\/2024\/07\/WhatsApp-Image-2024-07-30-at-09.57.161-630x420.jpeg 630w, https:\/\/www.eldiario.net\/portal\/wp-content\/uploads\/2024\/07\/WhatsApp-Image-2024-07-30-at-09.57.161-696x464.jpeg 696w, https:\/\/www.eldiario.net\/portal\/wp-content\/uploads\/2024\/07\/WhatsApp-Image-2024-07-30-at-09.57.161-1068x712.jpeg 1068w\" sizes=\"auto, (max-width: 1600px) 100vw, 1600px\" \/><\/p>\n","protected":false},"excerpt":{"rendered":"<p>Periodistas y estudiantes de comunicaci\u00f3n, participaron de la capacitaci\u00f3n sobre Inteligencia Artificial que ofreci\u00f3 el experto en tecnolog\u00edas de la informaci\u00f3n de Huawei Technologies, Alberto Mendoza Loayza en la Universidad Privada Domingo Savio de Santa Cruz, una iniciativa de la Asociaci\u00f3n de Periodistas de Santa Cruz con el apoyo del Consulado de China en Bolivia. [&hellip;]<\/p>\n","protected":false},"author":2,"featured_media":237455,"comment_status":"open","ping_status":"open","sticky":false,"template":"","format":"standard","meta":{"_acf_changed":false,"footnotes":""},"categories":[15],"tags":[],"class_list":["post-237451","post","type-post","status-publish","format-standard","has-post-thumbnail","category-portada"],"acf":{"antetitulo":""},"yoast_head":"<!-- This site is optimized with the Yoast SEO plugin v28.4 - https:\/\/yoast.com\/product\/yoast-seo-wordpress\/ -->\n<title>Huawei impulsa el conocimiento de IA en charla con periodistas cruce\u00f1os - El Diario - Bolivia<\/title>\n<meta name=\"robots\" content=\"index, follow, max-snippet:-1, max-image-preview:large, max-video-preview:-1\" \/>\n<link rel=\"canonical\" href=\"https:\/\/www.eldiario.net\/portal\/2024\/07\/30\/huawei-impulsa-el-conocimiento-de-ia-en-charla-con-periodistas-crucenos\/\" \/>\n<meta property=\"og:locale\" content=\"es_ES\" \/>\n<meta property=\"og:type\" content=\"article\" \/>\n<meta property=\"og:title\" content=\"Huawei impulsa el conocimiento de IA en charla con periodistas cruce\u00f1os - El Diario - Bolivia\" \/>\n<meta property=\"og:description\" content=\"Periodistas y estudiantes de comunicaci\u00f3n, participaron de la capacitaci\u00f3n sobre Inteligencia Artificial que ofreci\u00f3 el experto en tecnolog\u00edas de la informaci\u00f3n de Huawei Technologies, Alberto Mendoza Loayza en la Universidad Privada Domingo Savio de Santa Cruz, una iniciativa de la Asociaci\u00f3n de Periodistas de Santa Cruz con el apoyo del Consulado de China en Bolivia. [&hellip;]\" \/>\n<meta property=\"og:url\" content=\"https:\/\/www.eldiario.net\/portal\/2024\/07\/30\/huawei-impulsa-el-conocimiento-de-ia-en-charla-con-periodistas-crucenos\/\" \/>\n<meta property=\"og:site_name\" content=\"El Diario - Bolivia\" \/>\n<meta property=\"article:publisher\" content=\"https:\/\/www.facebook.com\/eldiario.bolivia\/\" \/>\n<meta property=\"article:published_time\" content=\"2024-07-30T19:55:00+00:00\" \/>\n<meta property=\"og:image\" content=\"https:\/\/www.eldiario.net\/portal\/wp-content\/uploads\/2024\/07\/WhatsApp-Image-2024-07-30-at-09.57.16.jpeg\" \/>\n\t<meta property=\"og:image:width\" content=\"1600\" \/>\n\t<meta property=\"og:image:height\" content=\"1066\" \/>\n\t<meta property=\"og:image:type\" content=\"image\/jpeg\" \/>\n<meta name=\"author\" content=\"luis Camacho\" \/>\n<meta name=\"twitter:card\" content=\"summary_large_image\" \/>\n<meta name=\"twitter:creator\" content=\"@eldiario_net\" \/>\n<meta name=\"twitter:site\" content=\"@eldiario_net\" \/>\n<meta name=\"twitter:label1\" content=\"Escrito por\" \/>\n\t<meta name=\"twitter:data1\" content=\"luis Camacho\" \/>\n\t<meta name=\"twitter:label2\" content=\"Tiempo de lectura\" \/>\n\t<meta name=\"twitter:data2\" content=\"3 minutos\" \/>\n<script type=\"application\/ld+json\" class=\"yoast-schema-graph\">{\"@context\":\"https:\\\/\\\/schema.org\",\"@graph\":[{\"@type\":\"Article\",\"@id\":\"https:\\\/\\\/www.eldiario.net\\\/portal\\\/2024\\\/07\\\/30\\\/huawei-impulsa-el-conocimiento-de-ia-en-charla-con-periodistas-crucenos\\\/#article\",\"isPartOf\":{\"@id\":\"https:\\\/\\\/www.eldiario.net\\\/portal\\\/2024\\\/07\\\/30\\\/huawei-impulsa-el-conocimiento-de-ia-en-charla-con-periodistas-crucenos\\\/\"},\"author\":{\"name\":\"luis Camacho\",\"@id\":\"https:\\\/\\\/www.eldiario.net\\\/portal\\\/#\\\/schema\\\/person\\\/cab1ae4db27e5f008a62cbffb05fbfee\"},\"headline\":\"Huawei impulsa el conocimiento de IA en charla con periodistas cruce\u00f1os\",\"datePublished\":\"2024-07-30T19:55:00+00:00\",\"mainEntityOfPage\":{\"@id\":\"https:\\\/\\\/www.eldiario.net\\\/portal\\\/2024\\\/07\\\/30\\\/huawei-impulsa-el-conocimiento-de-ia-en-charla-con-periodistas-crucenos\\\/\"},\"wordCount\":490,\"commentCount\":0,\"publisher\":{\"@id\":\"https:\\\/\\\/www.eldiario.net\\\/portal\\\/#organization\"},\"image\":{\"@id\":\"https:\\\/\\\/www.eldiario.net\\\/portal\\\/2024\\\/07\\\/30\\\/huawei-impulsa-el-conocimiento-de-ia-en-charla-con-periodistas-crucenos\\\/#primaryimage\"},\"thumbnailUrl\":\"https:\\\/\\\/www.eldiario.net\\\/portal\\\/wp-content\\\/uploads\\\/2024\\\/07\\\/WhatsApp-Image-2024-07-30-at-09.57.16.jpeg\",\"articleSection\":[\"Portada\"],\"inLanguage\":\"es\",\"potentialAction\":[{\"@type\":\"CommentAction\",\"name\":\"Comment\",\"target\":[\"https:\\\/\\\/www.eldiario.net\\\/portal\\\/2024\\\/07\\\/30\\\/huawei-impulsa-el-conocimiento-de-ia-en-charla-con-periodistas-crucenos\\\/#respond\"]}]},{\"@type\":\"WebPage\",\"@id\":\"https:\\\/\\\/www.eldiario.net\\\/portal\\\/2024\\\/07\\\/30\\\/huawei-impulsa-el-conocimiento-de-ia-en-charla-con-periodistas-crucenos\\\/\",\"url\":\"https:\\\/\\\/www.eldiario.net\\\/portal\\\/2024\\\/07\\\/30\\\/huawei-impulsa-el-conocimiento-de-ia-en-charla-con-periodistas-crucenos\\\/\",\"name\":\"Huawei impulsa el conocimiento de IA en charla con periodistas cruce\u00f1os - El Diario - Bolivia\",\"isPartOf\":{\"@id\":\"https:\\\/\\\/www.eldiario.net\\\/portal\\\/#website\"},\"primaryImageOfPage\":{\"@id\":\"https:\\\/\\\/www.eldiario.net\\\/portal\\\/2024\\\/07\\\/30\\\/huawei-impulsa-el-conocimiento-de-ia-en-charla-con-periodistas-crucenos\\\/#primaryimage\"},\"image\":{\"@id\":\"https:\\\/\\\/www.eldiario.net\\\/portal\\\/2024\\\/07\\\/30\\\/huawei-impulsa-el-conocimiento-de-ia-en-charla-con-periodistas-crucenos\\\/#primaryimage\"},\"thumbnailUrl\":\"https:\\\/\\\/www.eldiario.net\\\/portal\\\/wp-content\\\/uploads\\\/2024\\\/07\\\/WhatsApp-Image-2024-07-30-at-09.57.16.jpeg\",\"datePublished\":\"2024-07-30T19:55:00+00:00\",\"breadcrumb\":{\"@id\":\"https:\\\/\\\/www.eldiario.net\\\/portal\\\/2024\\\/07\\\/30\\\/huawei-impulsa-el-conocimiento-de-ia-en-charla-con-periodistas-crucenos\\\/#breadcrumb\"},\"inLanguage\":\"es\",\"potentialAction\":[{\"@type\":\"ReadAction\",\"target\":[\"https:\\\/\\\/www.eldiario.net\\\/portal\\\/2024\\\/07\\\/30\\\/huawei-impulsa-el-conocimiento-de-ia-en-charla-con-periodistas-crucenos\\\/\"]}]},{\"@type\":\"ImageObject\",\"inLanguage\":\"es\",\"@id\":\"https:\\\/\\\/www.eldiario.net\\\/portal\\\/2024\\\/07\\\/30\\\/huawei-impulsa-el-conocimiento-de-ia-en-charla-con-periodistas-crucenos\\\/#primaryimage\",\"url\":\"https:\\\/\\\/www.eldiario.net\\\/portal\\\/wp-content\\\/uploads\\\/2024\\\/07\\\/WhatsApp-Image-2024-07-30-at-09.57.16.jpeg\",\"contentUrl\":\"https:\\\/\\\/www.eldiario.net\\\/portal\\\/wp-content\\\/uploads\\\/2024\\\/07\\\/WhatsApp-Image-2024-07-30-at-09.57.16.jpeg\",\"width\":1600,\"height\":1066},{\"@type\":\"BreadcrumbList\",\"@id\":\"https:\\\/\\\/www.eldiario.net\\\/portal\\\/2024\\\/07\\\/30\\\/huawei-impulsa-el-conocimiento-de-ia-en-charla-con-periodistas-crucenos\\\/#breadcrumb\",\"itemListElement\":[{\"@type\":\"ListItem\",\"position\":1,\"name\":\"Portada\",\"item\":\"https:\\\/\\\/www.eldiario.net\\\/portal\\\/\"},{\"@type\":\"ListItem\",\"position\":2,\"name\":\"Huawei impulsa el conocimiento de IA en charla con periodistas cruce\u00f1os\"}]},{\"@type\":\"WebSite\",\"@id\":\"https:\\\/\\\/www.eldiario.net\\\/portal\\\/#website\",\"url\":\"https:\\\/\\\/www.eldiario.net\\\/portal\\\/\",\"name\":\"El Diario - Decano de la prensa nacional\",\"description\":\"El Diario - Decano de la prensa nacional\",\"publisher\":{\"@id\":\"https:\\\/\\\/www.eldiario.net\\\/portal\\\/#organization\"},\"potentialAction\":[{\"@type\":\"SearchAction\",\"target\":{\"@type\":\"EntryPoint\",\"urlTemplate\":\"https:\\\/\\\/www.eldiario.net\\\/portal\\\/?s={search_term_string}\"},\"query-input\":{\"@type\":\"PropertyValueSpecification\",\"valueRequired\":true,\"valueName\":\"search_term_string\"}}],\"inLanguage\":\"es\"},{\"@type\":\"Organization\",\"@id\":\"https:\\\/\\\/www.eldiario.net\\\/portal\\\/#organization\",\"name\":\"El Diario - Decano de la prensa nacional\",\"url\":\"https:\\\/\\\/www.eldiario.net\\\/portal\\\/\",\"logo\":{\"@type\":\"ImageObject\",\"inLanguage\":\"es\",\"@id\":\"https:\\\/\\\/www.eldiario.net\\\/portal\\\/#\\\/schema\\\/logo\\\/image\\\/\",\"url\":\"https:\\\/\\\/www.eldiario.net\\\/portal\\\/wp-content\\\/uploads\\\/2023\\\/07\\\/logo_ED.jpg\",\"contentUrl\":\"https:\\\/\\\/www.eldiario.net\\\/portal\\\/wp-content\\\/uploads\\\/2023\\\/07\\\/logo_ED.jpg\",\"width\":272,\"height\":52,\"caption\":\"El Diario - Decano de la prensa nacional\"},\"image\":{\"@id\":\"https:\\\/\\\/www.eldiario.net\\\/portal\\\/#\\\/schema\\\/logo\\\/image\\\/\"},\"sameAs\":[\"https:\\\/\\\/www.facebook.com\\\/eldiario.bolivia\\\/\",\"https:\\\/\\\/x.com\\\/eldiario_net\"]},{\"@type\":\"Person\",\"@id\":\"https:\\\/\\\/www.eldiario.net\\\/portal\\\/#\\\/schema\\\/person\\\/cab1ae4db27e5f008a62cbffb05fbfee\",\"name\":\"luis Camacho\",\"image\":{\"@type\":\"ImageObject\",\"inLanguage\":\"es\",\"@id\":\"https:\\\/\\\/secure.gravatar.com\\\/avatar\\\/69ecb836b3826d5a2501bf06ab2a2f2c8ab211cc846758f395df21684cb38313?s=96&d=mm&r=g\",\"url\":\"https:\\\/\\\/secure.gravatar.com\\\/avatar\\\/69ecb836b3826d5a2501bf06ab2a2f2c8ab211cc846758f395df21684cb38313?s=96&d=mm&r=g\",\"contentUrl\":\"https:\\\/\\\/secure.gravatar.com\\\/avatar\\\/69ecb836b3826d5a2501bf06ab2a2f2c8ab211cc846758f395df21684cb38313?s=96&d=mm&r=g\",\"caption\":\"luis Camacho\"},\"url\":\"https:\\\/\\\/www.eldiario.net\\\/portal\\\/author\\\/luis\\\/\"}]}<\/script>\n<!-- \/ Yoast SEO plugin. -->","yoast_head_json":{"title":"Huawei impulsa el conocimiento de IA en charla con periodistas cruce\u00f1os - El Diario - Bolivia","robots":{"index":"index","follow":"follow","max-snippet":"max-snippet:-1","max-image-preview":"max-image-preview:large","max-video-preview":"max-video-preview:-1"},"canonical":"https:\/\/www.eldiario.net\/portal\/2024\/07\/30\/huawei-impulsa-el-conocimiento-de-ia-en-charla-con-periodistas-crucenos\/","og_locale":"es_ES","og_type":"article","og_title":"Huawei impulsa el conocimiento de IA en charla con periodistas cruce\u00f1os - El Diario - Bolivia","og_description":"Periodistas y estudiantes de comunicaci\u00f3n, participaron de la capacitaci\u00f3n sobre Inteligencia Artificial que ofreci\u00f3 el experto en tecnolog\u00edas de la informaci\u00f3n de Huawei Technologies, Alberto Mendoza Loayza en la Universidad Privada Domingo Savio de Santa Cruz, una iniciativa de la Asociaci\u00f3n de Periodistas de Santa Cruz con el apoyo del Consulado de China en Bolivia. [&hellip;]","og_url":"https:\/\/www.eldiario.net\/portal\/2024\/07\/30\/huawei-impulsa-el-conocimiento-de-ia-en-charla-con-periodistas-crucenos\/","og_site_name":"El Diario - Bolivia","article_publisher":"https:\/\/www.facebook.com\/eldiario.bolivia\/","article_published_time":"2024-07-30T19:55:00+00:00","og_image":[{"width":1600,"height":1066,"url":"https:\/\/www.eldiario.net\/portal\/wp-content\/uploads\/2024\/07\/WhatsApp-Image-2024-07-30-at-09.57.16.jpeg","type":"image\/jpeg"}],"author":"luis Camacho","twitter_card":"summary_large_image","twitter_creator":"@eldiario_net","twitter_site":"@eldiario_net","twitter_misc":{"Escrito por":"luis Camacho","Tiempo de lectura":"3 minutos"},"schema":{"@context":"https:\/\/schema.org","@graph":[{"@type":"Article","@id":"https:\/\/www.eldiario.net\/portal\/2024\/07\/30\/huawei-impulsa-el-conocimiento-de-ia-en-charla-con-periodistas-crucenos\/#article","isPartOf":{"@id":"https:\/\/www.eldiario.net\/portal\/2024\/07\/30\/huawei-impulsa-el-conocimiento-de-ia-en-charla-con-periodistas-crucenos\/"},"author":{"name":"luis Camacho","@id":"https:\/\/www.eldiario.net\/portal\/#\/schema\/person\/cab1ae4db27e5f008a62cbffb05fbfee"},"headline":"Huawei impulsa el conocimiento de IA en charla con periodistas cruce\u00f1os","datePublished":"2024-07-30T19:55:00+00:00","mainEntityOfPage":{"@id":"https:\/\/www.eldiario.net\/portal\/2024\/07\/30\/huawei-impulsa-el-conocimiento-de-ia-en-charla-con-periodistas-crucenos\/"},"wordCount":490,"commentCount":0,"publisher":{"@id":"https:\/\/www.eldiario.net\/portal\/#organization"},"image":{"@id":"https:\/\/www.eldiario.net\/portal\/2024\/07\/30\/huawei-impulsa-el-conocimiento-de-ia-en-charla-con-periodistas-crucenos\/#primaryimage"},"thumbnailUrl":"https:\/\/www.eldiario.net\/portal\/wp-content\/uploads\/2024\/07\/WhatsApp-Image-2024-07-30-at-09.57.16.jpeg","articleSection":["Portada"],"inLanguage":"es","potentialAction":[{"@type":"CommentAction","name":"Comment","target":["https:\/\/www.eldiario.net\/portal\/2024\/07\/30\/huawei-impulsa-el-conocimiento-de-ia-en-charla-con-periodistas-crucenos\/#respond"]}]},{"@type":"WebPage","@id":"https:\/\/www.eldiario.net\/portal\/2024\/07\/30\/huawei-impulsa-el-conocimiento-de-ia-en-charla-con-periodistas-crucenos\/","url":"https:\/\/www.eldiario.net\/portal\/2024\/07\/30\/huawei-impulsa-el-conocimiento-de-ia-en-charla-con-periodistas-crucenos\/","name":"Huawei impulsa el conocimiento de IA en charla con periodistas cruce\u00f1os - El Diario - Bolivia","isPartOf":{"@id":"https:\/\/www.eldiario.net\/portal\/#website"},"primaryImageOfPage":{"@id":"https:\/\/www.eldiario.net\/portal\/2024\/07\/30\/huawei-impulsa-el-conocimiento-de-ia-en-charla-con-periodistas-crucenos\/#primaryimage"},"image":{"@id":"https:\/\/www.eldiario.net\/portal\/2024\/07\/30\/huawei-impulsa-el-conocimiento-de-ia-en-charla-con-periodistas-crucenos\/#primaryimage"},"thumbnailUrl":"https:\/\/www.eldiario.net\/portal\/wp-content\/uploads\/2024\/07\/WhatsApp-Image-2024-07-30-at-09.57.16.jpeg","datePublished":"2024-07-30T19:55:00+00:00","breadcrumb":{"@id":"https:\/\/www.eldiario.net\/portal\/2024\/07\/30\/huawei-impulsa-el-conocimiento-de-ia-en-charla-con-periodistas-crucenos\/#breadcrumb"},"inLanguage":"es","potentialAction":[{"@type":"ReadAction","target":["https:\/\/www.eldiario.net\/portal\/2024\/07\/30\/huawei-impulsa-el-conocimiento-de-ia-en-charla-con-periodistas-crucenos\/"]}]},{"@type":"ImageObject","inLanguage":"es","@id":"https:\/\/www.eldiario.net\/portal\/2024\/07\/30\/huawei-impulsa-el-conocimiento-de-ia-en-charla-con-periodistas-crucenos\/#primaryimage","url":"https:\/\/www.eldiario.net\/portal\/wp-content\/uploads\/2024\/07\/WhatsApp-Image-2024-07-30-at-09.57.16.jpeg","contentUrl":"https:\/\/www.eldiario.net\/portal\/wp-content\/uploads\/2024\/07\/WhatsApp-Image-2024-07-30-at-09.57.16.jpeg","width":1600,"height":1066},{"@type":"BreadcrumbList","@id":"https:\/\/www.eldiario.net\/portal\/2024\/07\/30\/huawei-impulsa-el-conocimiento-de-ia-en-charla-con-periodistas-crucenos\/#breadcrumb","itemListElement":[{"@type":"ListItem","position":1,"name":"Portada","item":"https:\/\/www.eldiario.net\/portal\/"},{"@type":"ListItem","position":2,"name":"Huawei impulsa el conocimiento de IA en charla con periodistas cruce\u00f1os"}]},{"@type":"WebSite","@id":"https:\/\/www.eldiario.net\/portal\/#website","url":"https:\/\/www.eldiario.net\/portal\/","name":"El Diario - Decano de la prensa nacional","description":"El Diario - Decano de la prensa nacional","publisher":{"@id":"https:\/\/www.eldiario.net\/portal\/#organization"},"potentialAction":[{"@type":"SearchAction","target":{"@type":"EntryPoint","urlTemplate":"https:\/\/www.eldiario.net\/portal\/?s={search_term_string}"},"query-input":{"@type":"PropertyValueSpecification","valueRequired":true,"valueName":"search_term_string"}}],"inLanguage":"es"},{"@type":"Organization","@id":"https:\/\/www.eldiario.net\/portal\/#organization","name":"El Diario - Decano de la prensa nacional","url":"https:\/\/www.eldiario.net\/portal\/","logo":{"@type":"ImageObject","inLanguage":"es","@id":"https:\/\/www.eldiario.net\/portal\/#\/schema\/logo\/image\/","url":"https:\/\/www.eldiario.net\/portal\/wp-content\/uploads\/2023\/07\/logo_ED.jpg","contentUrl":"https:\/\/www.eldiario.net\/portal\/wp-content\/uploads\/2023\/07\/logo_ED.jpg","width":272,"height":52,"caption":"El Diario - Decano de la prensa nacional"},"image":{"@id":"https:\/\/www.eldiario.net\/portal\/#\/schema\/logo\/image\/"},"sameAs":["https:\/\/www.facebook.com\/eldiario.bolivia\/","https:\/\/x.com\/eldiario_net"]},{"@type":"Person","@id":"https:\/\/www.eldiario.net\/portal\/#\/schema\/person\/cab1ae4db27e5f008a62cbffb05fbfee","name":"luis Camacho","image":{"@type":"ImageObject","inLanguage":"es","@id":"https:\/\/secure.gravatar.com\/avatar\/69ecb836b3826d5a2501bf06ab2a2f2c8ab211cc846758f395df21684cb38313?s=96&d=mm&r=g","url":"https:\/\/secure.gravatar.com\/avatar\/69ecb836b3826d5a2501bf06ab2a2f2c8ab211cc846758f395df21684cb38313?s=96&d=mm&r=g","contentUrl":"https:\/\/secure.gravatar.com\/avatar\/69ecb836b3826d5a2501bf06ab2a2f2c8ab211cc846758f395df21684cb38313?s=96&d=mm&r=g","caption":"luis Camacho"},"url":"https:\/\/www.eldiario.net\/portal\/author\/luis\/"}]}},"_links":{"self":[{"href":"https:\/\/www.eldiario.net\/portal\/wp-json\/wp\/v2\/posts\/237451","targetHints":{"allow":["GET"]}}],"collection":[{"href":"https:\/\/www.eldiario.net\/portal\/wp-json\/wp\/v2\/posts"}],"about":[{"href":"https:\/\/www.eldiario.net\/portal\/wp-json\/wp\/v2\/types\/post"}],"author":[{"embeddable":true,"href":"https:\/\/www.eldiario.net\/portal\/wp-json\/wp\/v2\/users\/2"}],"replies":[{"embeddable":true,"href":"https:\/\/www.eldiario.net\/portal\/wp-json\/wp\/v2\/comments?post=237451"}],"version-history":[{"count":1,"href":"https:\/\/www.eldiario.net\/portal\/wp-json\/wp\/v2\/posts\/237451\/revisions"}],"predecessor-version":[{"id":237456,"href":"https:\/\/www.eldiario.net\/portal\/wp-json\/wp\/v2\/posts\/237451\/revisions\/237456"}],"wp:featuredmedia":[{"embeddable":true,"href":"https:\/\/www.eldiario.net\/portal\/wp-json\/wp\/v2\/media\/237455"}],"wp:attachment":[{"href":"https:\/\/www.eldiario.net\/portal\/wp-json\/wp\/v2\/media?parent=237451"}],"wp:term":[{"taxonomy":"category","embeddable":true,"href":"https:\/\/www.eldiario.net\/portal\/wp-json\/wp\/v2\/categories?post=237451"},{"taxonomy":"post_tag","embeddable":true,"href":"https:\/\/www.eldiario.net\/portal\/wp-json\/wp\/v2\/tags?post=237451"}],"curies":[{"name":"wp","href":"https:\/\/api.w.org\/{rel}","templated":true}]}}