{"id":237445,"date":"2024-07-30T15:31:06","date_gmt":"2024-07-30T19:31:06","guid":{"rendered":"https:\/\/www.eldiario.net\/portal\/?p=237445"},"modified":"2024-07-30T15:31:06","modified_gmt":"2024-07-30T19:31:06","slug":"seis-fallecidos-46-detenidos-y-decenas-de-heridos-por-protestas-en-venezuela","status":"publish","type":"post","link":"https:\/\/www.eldiario.net\/portal\/2024\/07\/30\/seis-fallecidos-46-detenidos-y-decenas-de-heridos-por-protestas-en-venezuela\/","title":{"rendered":"Seis fallecidos, 46 detenidos y decenas de heridos por protestas en Venezuela"},"content":{"rendered":"<p>Al menos seis personas perdieron la vida, 46 fueron detenidas y decenas resultaron heridas durante las protestas registradas en Venezuela contra el fraude perpetrado por Nicol\u00e1s Maduro, aunque el saldo podr\u00eda incrementarse en medio de reportes sobre la creciente represi\u00f3n del r\u00e9gimen contra los manifestantes en diversas zonas del pa\u00eds.<\/p>\n<p>La primera v\u00edctima fue registrada en el Hospital Cl\u00ednico de Maracay (HCM), en el estado Aragua. Seg\u00fan inform\u00f3 el centro asistencial, el hombre de 30 a\u00f1os perdi\u00f3 la vida en el marco de una manifestaci\u00f3n.<\/p>\n<p>De acuerdo con lo rese\u00f1ado por el portal Efecto Cocuyo, se trata de Ranc\u00e9s Yzarra, un estudiante que fue alcanzado por una bala \u201ccuando protestaba en los alrededores de la Redoma de San Jacinto, en Maracay, estado Aragua\u201d. De acuerdo con los testimonios del medio, Yzarra lleg\u00f3 al centro asistencial sin signos vitales.<\/p>\n<p>Perkins Rocha, vocero del partido de Mar\u00eda Corina Machado, dijo que el saldo de muertes en las protestas en Aragua fue de al menos tres personas<\/p>\n<p>En un contacto telef\u00f3nico para una emisora de radio argentina, el vocero dijo que esperan la confirmaci\u00f3n de las identidades de las v\u00edctimas, asimismo, asegur\u00f3 que manejan informaci\u00f3n de una v\u00edctima mortal m\u00e1s en Zulia, podr\u00eda tratarse de un adolescente de 15 a\u00f1os.<\/p>\n<p>M\u00e1s tarde, el Foro Penal public\u00f3 su propio balance y se\u00f1al\u00f3 \u201cseis asesinatos\u201d, que ubic\u00f3 en Zulia (2), Yaracuy (2), Aragua (1) y T\u00e1chira (1).<\/p>\n<p>\u201cDetenciones y asesinatos verificados, ocurridos el d\u00eda de ayer 29 de julio: 132 detenciones, 6 asesinatos. Aviso: seguimos recibiendo denuncias y actualizando cifras\u00bb, se\u00f1al\u00f3 el organismo.<\/p>\n<p>El saldo total de v\u00edctimas desde el domingo podr\u00eda crecer hasta siete personas de confirmarse un fallecido en Caracas.<\/p>\n<p>Rocha repudi\u00f3 lo hechos de violencia que se han registrado durante las \u00faltimas horas en Venezuela<\/p>\n<p>El HCM tambi\u00e9n difundi\u00f3 una lista con los nombres de otras 18 personas que resultaron afectadas durante las protestas y pidi\u00f3 la colaboraci\u00f3n de los ciudadanos con recursos para atender a las v\u00edctimas.<\/p>\n<p>Las v\u00edctimas de la represi\u00f3n chavista llegan despu\u00e9s de que el l\u00edder del r\u00e9gimen se autoproclamara presidente por tercera vez tras unas elecciones ampliamente repudiadas a nivel internacional.<\/p>\n<p>Pocos d\u00edas antes de las elecciones, Maduro hab\u00eda amenazado con un \u201cba\u00f1o de sangre\u201d si no triunfaba en los comicios: \u201cEl 28 de julio, si no quieren que Venezuela caiga en un ba\u00f1o de sangre, en una guerra civil fratricida producto de los fascistas, garanticemos el m\u00e1s grande \u00e9xito, la m\u00e1s grande victoria de la historia electoral de nuestro pueblo\u201d.<\/p>\n<p>Esa no fue la primera amenaza de Maduro antes del proceso electoral. En un evento d\u00edas despu\u00e9s dijo que el pa\u00eds iba a decidir entre \u201cguerra\u201d y \u201cpaz\u201d en las elecciones presidenciales.<\/p>\n<p>Las fuerzas del orden chavistas reprimieron este lunes protestas espont\u00e1neas en Venezuela, mientras crece el llamado internacional a una mayor transparencia en el recuento de votos.<\/p>\n<p>Las manifestaciones, que se registraron en todo el pa\u00eds, comenzaron desde la ma\u00f1ana de este lunes, incluso en zonas populosas como Petare, el barrio m\u00e1s grande y peligroso del pa\u00eds.<\/p>\n<p>\u201c\u00a1Y va a caer, y va a caer, este gobierno va a caer!\u201d, gritaban miles de manifestantes que marcharon en la gigantesca barriada popular de Petare, la mayor de Caracas. \u201c\u00a1Que entregue el poder ya!\u201d, exclamaban otros.<\/p>\n<p>Las manifestaciones se reportaron en varios sectores de la capital. Una de ellas, en un sector residencial y de oficinas en el este municipio Chacao, al este de la ciudad, fue dispersada con gases lacrim\u00f3genos.<\/p>\n<p>\u201cPor la libertad de nuestro pa\u00eds, por el futuro de nuestros hijos, queremos libertad, queremos que se vaya Maduro, \u00a1vete Maduro!\u201d, dijo a la agencia AFP Marina Sugey, una ama de casa de 42 a\u00f1os, en la protesta de Petare.<\/p>\n<p>En el marco de estas protestas tambi\u00e9n fueron derribadas al menos cuatro estatuas de Hugo Ch\u00e1vez en estados que fueron bastiones del oficialismo.<\/p>\n<p>En videos que circularon en redes sociales se ve la celebraci\u00f3n de los ciudadanos que desmontaron las estructuras, descontentos con el r\u00e9gimen que ya tiene 25 a\u00f1os en el poder y ahora intenta atornillarse al menos seis a\u00f1os m\u00e1s. (Infobae)<\/p>\n","protected":false},"excerpt":{"rendered":"<p>Al menos seis personas perdieron la vida, 46 fueron detenidas y decenas resultaron heridas durante las protestas registradas en Venezuela contra el fraude perpetrado por Nicol\u00e1s Maduro, aunque el saldo podr\u00eda incrementarse en medio de reportes sobre la creciente represi\u00f3n del r\u00e9gimen contra los manifestantes en diversas zonas del pa\u00eds. La primera v\u00edctima fue registrada [&hellip;]<\/p>\n","protected":false},"author":2,"featured_media":237446,"comment_status":"open","ping_status":"open","sticky":false,"template":"","format":"standard","meta":{"_acf_changed":false,"footnotes":""},"categories":[15],"tags":[],"class_list":["post-237445","post","type-post","status-publish","format-standard","has-post-thumbnail","category-portada"],"acf":{"antetitulo":"Rechazan fraude de Nicol\u00e1s Maduro"},"yoast_head":"<!-- This site is optimized with the Yoast SEO plugin v28.4 - https:\/\/yoast.com\/product\/yoast-seo-wordpress\/ -->\n<title>Seis fallecidos, 46 detenidos y decenas de heridos por protestas en Venezuela - El Diario - Bolivia<\/title>\n<meta name=\"robots\" content=\"index, follow, max-snippet:-1, max-image-preview:large, max-video-preview:-1\" \/>\n<link rel=\"canonical\" href=\"https:\/\/www.eldiario.net\/portal\/2024\/07\/30\/seis-fallecidos-46-detenidos-y-decenas-de-heridos-por-protestas-en-venezuela\/\" \/>\n<meta property=\"og:locale\" content=\"es_ES\" \/>\n<meta property=\"og:type\" content=\"article\" \/>\n<meta property=\"og:title\" content=\"Seis fallecidos, 46 detenidos y decenas de heridos por protestas en Venezuela - El Diario - Bolivia\" \/>\n<meta property=\"og:description\" content=\"Al menos seis personas perdieron la vida, 46 fueron detenidas y decenas resultaron heridas durante las protestas registradas en Venezuela contra el fraude perpetrado por Nicol\u00e1s Maduro, aunque el saldo podr\u00eda incrementarse en medio de reportes sobre la creciente represi\u00f3n del r\u00e9gimen contra los manifestantes en diversas zonas del pa\u00eds. La primera v\u00edctima fue registrada [&hellip;]\" \/>\n<meta property=\"og:url\" content=\"https:\/\/www.eldiario.net\/portal\/2024\/07\/30\/seis-fallecidos-46-detenidos-y-decenas-de-heridos-por-protestas-en-venezuela\/\" \/>\n<meta property=\"og:site_name\" content=\"El Diario - Bolivia\" \/>\n<meta property=\"article:publisher\" content=\"https:\/\/www.facebook.com\/eldiario.bolivia\/\" \/>\n<meta property=\"article:published_time\" content=\"2024-07-30T19:31:06+00:00\" \/>\n<meta property=\"og:image\" content=\"https:\/\/www.eldiario.net\/portal\/wp-content\/uploads\/2024\/07\/protestas-EFE.jpg\" \/>\n\t<meta property=\"og:image:width\" content=\"1280\" \/>\n\t<meta property=\"og:image:height\" content=\"545\" \/>\n\t<meta property=\"og:image:type\" content=\"image\/jpeg\" \/>\n<meta name=\"author\" content=\"luis Camacho\" \/>\n<meta name=\"twitter:card\" content=\"summary_large_image\" \/>\n<meta name=\"twitter:creator\" content=\"@eldiario_net\" \/>\n<meta name=\"twitter:site\" content=\"@eldiario_net\" \/>\n<meta name=\"twitter:label1\" content=\"Escrito por\" \/>\n\t<meta name=\"twitter:data1\" content=\"luis Camacho\" \/>\n\t<meta name=\"twitter:label2\" content=\"Tiempo de lectura\" \/>\n\t<meta name=\"twitter:data2\" content=\"4 minutos\" \/>\n<script type=\"application\/ld+json\" class=\"yoast-schema-graph\">{\"@context\":\"https:\\\/\\\/schema.org\",\"@graph\":[{\"@type\":\"Article\",\"@id\":\"https:\\\/\\\/www.eldiario.net\\\/portal\\\/2024\\\/07\\\/30\\\/seis-fallecidos-46-detenidos-y-decenas-de-heridos-por-protestas-en-venezuela\\\/#article\",\"isPartOf\":{\"@id\":\"https:\\\/\\\/www.eldiario.net\\\/portal\\\/2024\\\/07\\\/30\\\/seis-fallecidos-46-detenidos-y-decenas-de-heridos-por-protestas-en-venezuela\\\/\"},\"author\":{\"name\":\"luis Camacho\",\"@id\":\"https:\\\/\\\/www.eldiario.net\\\/portal\\\/#\\\/schema\\\/person\\\/cab1ae4db27e5f008a62cbffb05fbfee\"},\"headline\":\"Seis fallecidos, 46 detenidos y decenas de heridos por protestas en Venezuela\",\"datePublished\":\"2024-07-30T19:31:06+00:00\",\"mainEntityOfPage\":{\"@id\":\"https:\\\/\\\/www.eldiario.net\\\/portal\\\/2024\\\/07\\\/30\\\/seis-fallecidos-46-detenidos-y-decenas-de-heridos-por-protestas-en-venezuela\\\/\"},\"wordCount\":734,\"commentCount\":0,\"publisher\":{\"@id\":\"https:\\\/\\\/www.eldiario.net\\\/portal\\\/#organization\"},\"image\":{\"@id\":\"https:\\\/\\\/www.eldiario.net\\\/portal\\\/2024\\\/07\\\/30\\\/seis-fallecidos-46-detenidos-y-decenas-de-heridos-por-protestas-en-venezuela\\\/#primaryimage\"},\"thumbnailUrl\":\"https:\\\/\\\/www.eldiario.net\\\/portal\\\/wp-content\\\/uploads\\\/2024\\\/07\\\/protestas-EFE.jpg\",\"articleSection\":[\"Portada\"],\"inLanguage\":\"es\",\"potentialAction\":[{\"@type\":\"CommentAction\",\"name\":\"Comment\",\"target\":[\"https:\\\/\\\/www.eldiario.net\\\/portal\\\/2024\\\/07\\\/30\\\/seis-fallecidos-46-detenidos-y-decenas-de-heridos-por-protestas-en-venezuela\\\/#respond\"]}]},{\"@type\":\"WebPage\",\"@id\":\"https:\\\/\\\/www.eldiario.net\\\/portal\\\/2024\\\/07\\\/30\\\/seis-fallecidos-46-detenidos-y-decenas-de-heridos-por-protestas-en-venezuela\\\/\",\"url\":\"https:\\\/\\\/www.eldiario.net\\\/portal\\\/2024\\\/07\\\/30\\\/seis-fallecidos-46-detenidos-y-decenas-de-heridos-por-protestas-en-venezuela\\\/\",\"name\":\"Seis fallecidos, 46 detenidos y decenas de heridos por protestas en Venezuela - El Diario - Bolivia\",\"isPartOf\":{\"@id\":\"https:\\\/\\\/www.eldiario.net\\\/portal\\\/#website\"},\"primaryImageOfPage\":{\"@id\":\"https:\\\/\\\/www.eldiario.net\\\/portal\\\/2024\\\/07\\\/30\\\/seis-fallecidos-46-detenidos-y-decenas-de-heridos-por-protestas-en-venezuela\\\/#primaryimage\"},\"image\":{\"@id\":\"https:\\\/\\\/www.eldiario.net\\\/portal\\\/2024\\\/07\\\/30\\\/seis-fallecidos-46-detenidos-y-decenas-de-heridos-por-protestas-en-venezuela\\\/#primaryimage\"},\"thumbnailUrl\":\"https:\\\/\\\/www.eldiario.net\\\/portal\\\/wp-content\\\/uploads\\\/2024\\\/07\\\/protestas-EFE.jpg\",\"datePublished\":\"2024-07-30T19:31:06+00:00\",\"breadcrumb\":{\"@id\":\"https:\\\/\\\/www.eldiario.net\\\/portal\\\/2024\\\/07\\\/30\\\/seis-fallecidos-46-detenidos-y-decenas-de-heridos-por-protestas-en-venezuela\\\/#breadcrumb\"},\"inLanguage\":\"es\",\"potentialAction\":[{\"@type\":\"ReadAction\",\"target\":[\"https:\\\/\\\/www.eldiario.net\\\/portal\\\/2024\\\/07\\\/30\\\/seis-fallecidos-46-detenidos-y-decenas-de-heridos-por-protestas-en-venezuela\\\/\"]}]},{\"@type\":\"ImageObject\",\"inLanguage\":\"es\",\"@id\":\"https:\\\/\\\/www.eldiario.net\\\/portal\\\/2024\\\/07\\\/30\\\/seis-fallecidos-46-detenidos-y-decenas-de-heridos-por-protestas-en-venezuela\\\/#primaryimage\",\"url\":\"https:\\\/\\\/www.eldiario.net\\\/portal\\\/wp-content\\\/uploads\\\/2024\\\/07\\\/protestas-EFE.jpg\",\"contentUrl\":\"https:\\\/\\\/www.eldiario.net\\\/portal\\\/wp-content\\\/uploads\\\/2024\\\/07\\\/protestas-EFE.jpg\",\"width\":1280,\"height\":545,\"caption\":\"Desde inicio de esta semana se registran protestas en Venezuela. CR\u00c9DITO: EFE\"},{\"@type\":\"BreadcrumbList\",\"@id\":\"https:\\\/\\\/www.eldiario.net\\\/portal\\\/2024\\\/07\\\/30\\\/seis-fallecidos-46-detenidos-y-decenas-de-heridos-por-protestas-en-venezuela\\\/#breadcrumb\",\"itemListElement\":[{\"@type\":\"ListItem\",\"position\":1,\"name\":\"Portada\",\"item\":\"https:\\\/\\\/www.eldiario.net\\\/portal\\\/\"},{\"@type\":\"ListItem\",\"position\":2,\"name\":\"Seis fallecidos, 46 detenidos y decenas de heridos por protestas en Venezuela\"}]},{\"@type\":\"WebSite\",\"@id\":\"https:\\\/\\\/www.eldiario.net\\\/portal\\\/#website\",\"url\":\"https:\\\/\\\/www.eldiario.net\\\/portal\\\/\",\"name\":\"El Diario - Decano de la prensa nacional\",\"description\":\"El Diario - Decano de la prensa nacional\",\"publisher\":{\"@id\":\"https:\\\/\\\/www.eldiario.net\\\/portal\\\/#organization\"},\"potentialAction\":[{\"@type\":\"SearchAction\",\"target\":{\"@type\":\"EntryPoint\",\"urlTemplate\":\"https:\\\/\\\/www.eldiario.net\\\/portal\\\/?s={search_term_string}\"},\"query-input\":{\"@type\":\"PropertyValueSpecification\",\"valueRequired\":true,\"valueName\":\"search_term_string\"}}],\"inLanguage\":\"es\"},{\"@type\":\"Organization\",\"@id\":\"https:\\\/\\\/www.eldiario.net\\\/portal\\\/#organization\",\"name\":\"El Diario - Decano de la prensa nacional\",\"url\":\"https:\\\/\\\/www.eldiario.net\\\/portal\\\/\",\"logo\":{\"@type\":\"ImageObject\",\"inLanguage\":\"es\",\"@id\":\"https:\\\/\\\/www.eldiario.net\\\/portal\\\/#\\\/schema\\\/logo\\\/image\\\/\",\"url\":\"https:\\\/\\\/www.eldiario.net\\\/portal\\\/wp-content\\\/uploads\\\/2023\\\/07\\\/logo_ED.jpg\",\"contentUrl\":\"https:\\\/\\\/www.eldiario.net\\\/portal\\\/wp-content\\\/uploads\\\/2023\\\/07\\\/logo_ED.jpg\",\"width\":272,\"height\":52,\"caption\":\"El Diario - Decano de la prensa nacional\"},\"image\":{\"@id\":\"https:\\\/\\\/www.eldiario.net\\\/portal\\\/#\\\/schema\\\/logo\\\/image\\\/\"},\"sameAs\":[\"https:\\\/\\\/www.facebook.com\\\/eldiario.bolivia\\\/\",\"https:\\\/\\\/x.com\\\/eldiario_net\"]},{\"@type\":\"Person\",\"@id\":\"https:\\\/\\\/www.eldiario.net\\\/portal\\\/#\\\/schema\\\/person\\\/cab1ae4db27e5f008a62cbffb05fbfee\",\"name\":\"luis Camacho\",\"image\":{\"@type\":\"ImageObject\",\"inLanguage\":\"es\",\"@id\":\"https:\\\/\\\/secure.gravatar.com\\\/avatar\\\/69ecb836b3826d5a2501bf06ab2a2f2c8ab211cc846758f395df21684cb38313?s=96&d=mm&r=g\",\"url\":\"https:\\\/\\\/secure.gravatar.com\\\/avatar\\\/69ecb836b3826d5a2501bf06ab2a2f2c8ab211cc846758f395df21684cb38313?s=96&d=mm&r=g\",\"contentUrl\":\"https:\\\/\\\/secure.gravatar.com\\\/avatar\\\/69ecb836b3826d5a2501bf06ab2a2f2c8ab211cc846758f395df21684cb38313?s=96&d=mm&r=g\",\"caption\":\"luis Camacho\"},\"url\":\"https:\\\/\\\/www.eldiario.net\\\/portal\\\/author\\\/luis\\\/\"}]}<\/script>\n<!-- \/ Yoast SEO plugin. -->","yoast_head_json":{"title":"Seis fallecidos, 46 detenidos y decenas de heridos por protestas en Venezuela - El Diario - Bolivia","robots":{"index":"index","follow":"follow","max-snippet":"max-snippet:-1","max-image-preview":"max-image-preview:large","max-video-preview":"max-video-preview:-1"},"canonical":"https:\/\/www.eldiario.net\/portal\/2024\/07\/30\/seis-fallecidos-46-detenidos-y-decenas-de-heridos-por-protestas-en-venezuela\/","og_locale":"es_ES","og_type":"article","og_title":"Seis fallecidos, 46 detenidos y decenas de heridos por protestas en Venezuela - El Diario - Bolivia","og_description":"Al menos seis personas perdieron la vida, 46 fueron detenidas y decenas resultaron heridas durante las protestas registradas en Venezuela contra el fraude perpetrado por Nicol\u00e1s Maduro, aunque el saldo podr\u00eda incrementarse en medio de reportes sobre la creciente represi\u00f3n del r\u00e9gimen contra los manifestantes en diversas zonas del pa\u00eds. La primera v\u00edctima fue registrada [&hellip;]","og_url":"https:\/\/www.eldiario.net\/portal\/2024\/07\/30\/seis-fallecidos-46-detenidos-y-decenas-de-heridos-por-protestas-en-venezuela\/","og_site_name":"El Diario - Bolivia","article_publisher":"https:\/\/www.facebook.com\/eldiario.bolivia\/","article_published_time":"2024-07-30T19:31:06+00:00","og_image":[{"width":1280,"height":545,"url":"https:\/\/www.eldiario.net\/portal\/wp-content\/uploads\/2024\/07\/protestas-EFE.jpg","type":"image\/jpeg"}],"author":"luis Camacho","twitter_card":"summary_large_image","twitter_creator":"@eldiario_net","twitter_site":"@eldiario_net","twitter_misc":{"Escrito por":"luis Camacho","Tiempo de lectura":"4 minutos"},"schema":{"@context":"https:\/\/schema.org","@graph":[{"@type":"Article","@id":"https:\/\/www.eldiario.net\/portal\/2024\/07\/30\/seis-fallecidos-46-detenidos-y-decenas-de-heridos-por-protestas-en-venezuela\/#article","isPartOf":{"@id":"https:\/\/www.eldiario.net\/portal\/2024\/07\/30\/seis-fallecidos-46-detenidos-y-decenas-de-heridos-por-protestas-en-venezuela\/"},"author":{"name":"luis Camacho","@id":"https:\/\/www.eldiario.net\/portal\/#\/schema\/person\/cab1ae4db27e5f008a62cbffb05fbfee"},"headline":"Seis fallecidos, 46 detenidos y decenas de heridos por protestas en Venezuela","datePublished":"2024-07-30T19:31:06+00:00","mainEntityOfPage":{"@id":"https:\/\/www.eldiario.net\/portal\/2024\/07\/30\/seis-fallecidos-46-detenidos-y-decenas-de-heridos-por-protestas-en-venezuela\/"},"wordCount":734,"commentCount":0,"publisher":{"@id":"https:\/\/www.eldiario.net\/portal\/#organization"},"image":{"@id":"https:\/\/www.eldiario.net\/portal\/2024\/07\/30\/seis-fallecidos-46-detenidos-y-decenas-de-heridos-por-protestas-en-venezuela\/#primaryimage"},"thumbnailUrl":"https:\/\/www.eldiario.net\/portal\/wp-content\/uploads\/2024\/07\/protestas-EFE.jpg","articleSection":["Portada"],"inLanguage":"es","potentialAction":[{"@type":"CommentAction","name":"Comment","target":["https:\/\/www.eldiario.net\/portal\/2024\/07\/30\/seis-fallecidos-46-detenidos-y-decenas-de-heridos-por-protestas-en-venezuela\/#respond"]}]},{"@type":"WebPage","@id":"https:\/\/www.eldiario.net\/portal\/2024\/07\/30\/seis-fallecidos-46-detenidos-y-decenas-de-heridos-por-protestas-en-venezuela\/","url":"https:\/\/www.eldiario.net\/portal\/2024\/07\/30\/seis-fallecidos-46-detenidos-y-decenas-de-heridos-por-protestas-en-venezuela\/","name":"Seis fallecidos, 46 detenidos y decenas de heridos por protestas en Venezuela - El Diario - Bolivia","isPartOf":{"@id":"https:\/\/www.eldiario.net\/portal\/#website"},"primaryImageOfPage":{"@id":"https:\/\/www.eldiario.net\/portal\/2024\/07\/30\/seis-fallecidos-46-detenidos-y-decenas-de-heridos-por-protestas-en-venezuela\/#primaryimage"},"image":{"@id":"https:\/\/www.eldiario.net\/portal\/2024\/07\/30\/seis-fallecidos-46-detenidos-y-decenas-de-heridos-por-protestas-en-venezuela\/#primaryimage"},"thumbnailUrl":"https:\/\/www.eldiario.net\/portal\/wp-content\/uploads\/2024\/07\/protestas-EFE.jpg","datePublished":"2024-07-30T19:31:06+00:00","breadcrumb":{"@id":"https:\/\/www.eldiario.net\/portal\/2024\/07\/30\/seis-fallecidos-46-detenidos-y-decenas-de-heridos-por-protestas-en-venezuela\/#breadcrumb"},"inLanguage":"es","potentialAction":[{"@type":"ReadAction","target":["https:\/\/www.eldiario.net\/portal\/2024\/07\/30\/seis-fallecidos-46-detenidos-y-decenas-de-heridos-por-protestas-en-venezuela\/"]}]},{"@type":"ImageObject","inLanguage":"es","@id":"https:\/\/www.eldiario.net\/portal\/2024\/07\/30\/seis-fallecidos-46-detenidos-y-decenas-de-heridos-por-protestas-en-venezuela\/#primaryimage","url":"https:\/\/www.eldiario.net\/portal\/wp-content\/uploads\/2024\/07\/protestas-EFE.jpg","contentUrl":"https:\/\/www.eldiario.net\/portal\/wp-content\/uploads\/2024\/07\/protestas-EFE.jpg","width":1280,"height":545,"caption":"Desde inicio de esta semana se registran protestas en Venezuela. CR\u00c9DITO: EFE"},{"@type":"BreadcrumbList","@id":"https:\/\/www.eldiario.net\/portal\/2024\/07\/30\/seis-fallecidos-46-detenidos-y-decenas-de-heridos-por-protestas-en-venezuela\/#breadcrumb","itemListElement":[{"@type":"ListItem","position":1,"name":"Portada","item":"https:\/\/www.eldiario.net\/portal\/"},{"@type":"ListItem","position":2,"name":"Seis fallecidos, 46 detenidos y decenas de heridos por protestas en Venezuela"}]},{"@type":"WebSite","@id":"https:\/\/www.eldiario.net\/portal\/#website","url":"https:\/\/www.eldiario.net\/portal\/","name":"El Diario - Decano de la prensa nacional","description":"El Diario - Decano de la prensa nacional","publisher":{"@id":"https:\/\/www.eldiario.net\/portal\/#organization"},"potentialAction":[{"@type":"SearchAction","target":{"@type":"EntryPoint","urlTemplate":"https:\/\/www.eldiario.net\/portal\/?s={search_term_string}"},"query-input":{"@type":"PropertyValueSpecification","valueRequired":true,"valueName":"search_term_string"}}],"inLanguage":"es"},{"@type":"Organization","@id":"https:\/\/www.eldiario.net\/portal\/#organization","name":"El Diario - Decano de la prensa nacional","url":"https:\/\/www.eldiario.net\/portal\/","logo":{"@type":"ImageObject","inLanguage":"es","@id":"https:\/\/www.eldiario.net\/portal\/#\/schema\/logo\/image\/","url":"https:\/\/www.eldiario.net\/portal\/wp-content\/uploads\/2023\/07\/logo_ED.jpg","contentUrl":"https:\/\/www.eldiario.net\/portal\/wp-content\/uploads\/2023\/07\/logo_ED.jpg","width":272,"height":52,"caption":"El Diario - Decano de la prensa nacional"},"image":{"@id":"https:\/\/www.eldiario.net\/portal\/#\/schema\/logo\/image\/"},"sameAs":["https:\/\/www.facebook.com\/eldiario.bolivia\/","https:\/\/x.com\/eldiario_net"]},{"@type":"Person","@id":"https:\/\/www.eldiario.net\/portal\/#\/schema\/person\/cab1ae4db27e5f008a62cbffb05fbfee","name":"luis Camacho","image":{"@type":"ImageObject","inLanguage":"es","@id":"https:\/\/secure.gravatar.com\/avatar\/69ecb836b3826d5a2501bf06ab2a2f2c8ab211cc846758f395df21684cb38313?s=96&d=mm&r=g","url":"https:\/\/secure.gravatar.com\/avatar\/69ecb836b3826d5a2501bf06ab2a2f2c8ab211cc846758f395df21684cb38313?s=96&d=mm&r=g","contentUrl":"https:\/\/secure.gravatar.com\/avatar\/69ecb836b3826d5a2501bf06ab2a2f2c8ab211cc846758f395df21684cb38313?s=96&d=mm&r=g","caption":"luis Camacho"},"url":"https:\/\/www.eldiario.net\/portal\/author\/luis\/"}]}},"_links":{"self":[{"href":"https:\/\/www.eldiario.net\/portal\/wp-json\/wp\/v2\/posts\/237445","targetHints":{"allow":["GET"]}}],"collection":[{"href":"https:\/\/www.eldiario.net\/portal\/wp-json\/wp\/v2\/posts"}],"about":[{"href":"https:\/\/www.eldiario.net\/portal\/wp-json\/wp\/v2\/types\/post"}],"author":[{"embeddable":true,"href":"https:\/\/www.eldiario.net\/portal\/wp-json\/wp\/v2\/users\/2"}],"replies":[{"embeddable":true,"href":"https:\/\/www.eldiario.net\/portal\/wp-json\/wp\/v2\/comments?post=237445"}],"version-history":[{"count":1,"href":"https:\/\/www.eldiario.net\/portal\/wp-json\/wp\/v2\/posts\/237445\/revisions"}],"predecessor-version":[{"id":237447,"href":"https:\/\/www.eldiario.net\/portal\/wp-json\/wp\/v2\/posts\/237445\/revisions\/237447"}],"wp:featuredmedia":[{"embeddable":true,"href":"https:\/\/www.eldiario.net\/portal\/wp-json\/wp\/v2\/media\/237446"}],"wp:attachment":[{"href":"https:\/\/www.eldiario.net\/portal\/wp-json\/wp\/v2\/media?parent=237445"}],"wp:term":[{"taxonomy":"category","embeddable":true,"href":"https:\/\/www.eldiario.net\/portal\/wp-json\/wp\/v2\/categories?post=237445"},{"taxonomy":"post_tag","embeddable":true,"href":"https:\/\/www.eldiario.net\/portal\/wp-json\/wp\/v2\/tags?post=237445"}],"curies":[{"name":"wp","href":"https:\/\/api.w.org\/{rel}","templated":true}]}}