{"id":237439,"date":"2024-07-30T12:10:26","date_gmt":"2024-07-30T16:10:26","guid":{"rendered":"https:\/\/www.eldiario.net\/portal\/?p=237439"},"modified":"2024-07-30T12:10:26","modified_gmt":"2024-07-30T16:10:26","slug":"en-la-paz-comienzan-protestas-por-escasez-de-dolares-e-incremento-de-precios","status":"publish","type":"post","link":"https:\/\/www.eldiario.net\/portal\/2024\/07\/30\/en-la-paz-comienzan-protestas-por-escasez-de-dolares-e-incremento-de-precios\/","title":{"rendered":"En La Paz comienzan protestas por escasez de d\u00f3lares e incremento de precios"},"content":{"rendered":"<p>Los afiliados a la Central de Trabajadores de Bolivia y los gremiales de El Alto comenzaron un ciclo de marchas y bloqueos en la ciudad de La Paz, para protestar por la escasez de d\u00f3lares y di\u00e9sel y el incremento de los precios de los productos de la canasta familiar.<\/p>\n<p>Los movilizados marcharon por varias calles c\u00e9ntricas de la urbe pace\u00f1a e instalaron una vigilia breve en frente del edificio del Ministerio de Econom\u00eda y Finanzas P\u00fablicas que est\u00e1 en la avenida Mariscal Santa Cruz.<\/p>\n<p>El dirigente de los movilizados, To\u00f1o Si\u00f1ani, dijo que la marcha fue la primera de varias que se realizar\u00e1n en los pr\u00f3ximos d\u00edas. \u201cVan a haber muchas m\u00e1s despu\u00e9s del 5 de agosto si el Gobierno no entiende (nuestro reclamo) y no nos llama a una mesa de di\u00e1logo\u201d, asever\u00f3.<\/p>\n<p>El representante de los marchistas dijo que el problema de la escasez de d\u00f3lares afecta a la poblaci\u00f3n, porque provoc\u00f3 que el precio de la divisa norteamericana en el mercado paralelo llegue hasta los Bs 12 y que se encarezca la compra y la venta de productos en todo el pa\u00eds.<\/p>\n<p>En el caso de los costos de los productos de la canasta familiar, Si\u00f1ani dijo que el precio de los alimentos est\u00e1 en aumento a diario, lo que perjudica a la econom\u00eda de los trabajadores y los gremiales.<\/p>\n<p>El dirigente mencion\u00f3, adem\u00e1s, que la escasez de di\u00e9sel ocasiona conflictos a los transportistas, porque dejan de trabajar por horas e incluso d\u00edas para hacer filas en las estaciones de servicio con el fin de comprar ese combustible.<\/p>\n","protected":false},"excerpt":{"rendered":"<p>Los afiliados a la Central de Trabajadores de Bolivia y los gremiales de El Alto comenzaron un ciclo de marchas y bloqueos en la ciudad de La Paz, para protestar por la escasez de d\u00f3lares y di\u00e9sel y el incremento de los precios de los productos de la canasta familiar. Los movilizados marcharon por varias [&hellip;]<\/p>\n","protected":false},"author":2,"featured_media":237440,"comment_status":"open","ping_status":"open","sticky":false,"template":"","format":"standard","meta":{"_acf_changed":false,"footnotes":""},"categories":[51],"tags":[],"class_list":["post-237439","post","type-post","status-publish","format-standard","has-post-thumbnail","category-ultima-hora"],"acf":{"antetitulo":""},"yoast_head":"<!-- This site is optimized with the Yoast SEO plugin v28.4 - https:\/\/yoast.com\/product\/yoast-seo-wordpress\/ -->\n<title>En La Paz comienzan protestas por escasez de d\u00f3lares e incremento de precios - El Diario - Bolivia<\/title>\n<meta name=\"robots\" content=\"index, follow, max-snippet:-1, max-image-preview:large, max-video-preview:-1\" \/>\n<link rel=\"canonical\" href=\"https:\/\/www.eldiario.net\/portal\/2024\/07\/30\/en-la-paz-comienzan-protestas-por-escasez-de-dolares-e-incremento-de-precios\/\" \/>\n<meta property=\"og:locale\" content=\"es_ES\" \/>\n<meta property=\"og:type\" content=\"article\" \/>\n<meta property=\"og:title\" content=\"En La Paz comienzan protestas por escasez de d\u00f3lares e incremento de precios - El Diario - Bolivia\" \/>\n<meta property=\"og:description\" content=\"Los afiliados a la Central de Trabajadores de Bolivia y los gremiales de El Alto comenzaron un ciclo de marchas y bloqueos en la ciudad de La Paz, para protestar por la escasez de d\u00f3lares y di\u00e9sel y el incremento de los precios de los productos de la canasta familiar. Los movilizados marcharon por varias [&hellip;]\" \/>\n<meta property=\"og:url\" content=\"https:\/\/www.eldiario.net\/portal\/2024\/07\/30\/en-la-paz-comienzan-protestas-por-escasez-de-dolares-e-incremento-de-precios\/\" \/>\n<meta property=\"og:site_name\" content=\"El Diario - Bolivia\" \/>\n<meta property=\"article:publisher\" content=\"https:\/\/www.facebook.com\/eldiario.bolivia\/\" \/>\n<meta property=\"article:published_time\" content=\"2024-07-30T16:10:26+00:00\" \/>\n<meta property=\"og:image\" content=\"https:\/\/www.eldiario.net\/portal\/wp-content\/uploads\/2024\/07\/CENTRAL.jpg\" \/>\n\t<meta property=\"og:image:width\" content=\"1000\" \/>\n\t<meta property=\"og:image:height\" content=\"667\" \/>\n\t<meta property=\"og:image:type\" content=\"image\/jpeg\" \/>\n<meta name=\"author\" content=\"luis Camacho\" \/>\n<meta name=\"twitter:card\" content=\"summary_large_image\" \/>\n<meta name=\"twitter:creator\" content=\"@eldiario_net\" \/>\n<meta name=\"twitter:site\" content=\"@eldiario_net\" \/>\n<meta name=\"twitter:label1\" content=\"Escrito por\" \/>\n\t<meta name=\"twitter:data1\" content=\"luis Camacho\" \/>\n\t<meta name=\"twitter:label2\" content=\"Tiempo de lectura\" \/>\n\t<meta name=\"twitter:data2\" content=\"2 minutos\" \/>\n<script type=\"application\/ld+json\" class=\"yoast-schema-graph\">{\"@context\":\"https:\\\/\\\/schema.org\",\"@graph\":[{\"@type\":\"Article\",\"@id\":\"https:\\\/\\\/www.eldiario.net\\\/portal\\\/2024\\\/07\\\/30\\\/en-la-paz-comienzan-protestas-por-escasez-de-dolares-e-incremento-de-precios\\\/#article\",\"isPartOf\":{\"@id\":\"https:\\\/\\\/www.eldiario.net\\\/portal\\\/2024\\\/07\\\/30\\\/en-la-paz-comienzan-protestas-por-escasez-de-dolares-e-incremento-de-precios\\\/\"},\"author\":{\"name\":\"luis Camacho\",\"@id\":\"https:\\\/\\\/www.eldiario.net\\\/portal\\\/#\\\/schema\\\/person\\\/cab1ae4db27e5f008a62cbffb05fbfee\"},\"headline\":\"En La Paz comienzan protestas por escasez de d\u00f3lares e incremento de precios\",\"datePublished\":\"2024-07-30T16:10:26+00:00\",\"mainEntityOfPage\":{\"@id\":\"https:\\\/\\\/www.eldiario.net\\\/portal\\\/2024\\\/07\\\/30\\\/en-la-paz-comienzan-protestas-por-escasez-de-dolares-e-incremento-de-precios\\\/\"},\"wordCount\":296,\"commentCount\":0,\"publisher\":{\"@id\":\"https:\\\/\\\/www.eldiario.net\\\/portal\\\/#organization\"},\"image\":{\"@id\":\"https:\\\/\\\/www.eldiario.net\\\/portal\\\/2024\\\/07\\\/30\\\/en-la-paz-comienzan-protestas-por-escasez-de-dolares-e-incremento-de-precios\\\/#primaryimage\"},\"thumbnailUrl\":\"https:\\\/\\\/www.eldiario.net\\\/portal\\\/wp-content\\\/uploads\\\/2024\\\/07\\\/CENTRAL.jpg\",\"articleSection\":[\"\u00daltima Hora\"],\"inLanguage\":\"es\",\"potentialAction\":[{\"@type\":\"CommentAction\",\"name\":\"Comment\",\"target\":[\"https:\\\/\\\/www.eldiario.net\\\/portal\\\/2024\\\/07\\\/30\\\/en-la-paz-comienzan-protestas-por-escasez-de-dolares-e-incremento-de-precios\\\/#respond\"]}]},{\"@type\":\"WebPage\",\"@id\":\"https:\\\/\\\/www.eldiario.net\\\/portal\\\/2024\\\/07\\\/30\\\/en-la-paz-comienzan-protestas-por-escasez-de-dolares-e-incremento-de-precios\\\/\",\"url\":\"https:\\\/\\\/www.eldiario.net\\\/portal\\\/2024\\\/07\\\/30\\\/en-la-paz-comienzan-protestas-por-escasez-de-dolares-e-incremento-de-precios\\\/\",\"name\":\"En La Paz comienzan protestas por escasez de d\u00f3lares e incremento de precios - El Diario - Bolivia\",\"isPartOf\":{\"@id\":\"https:\\\/\\\/www.eldiario.net\\\/portal\\\/#website\"},\"primaryImageOfPage\":{\"@id\":\"https:\\\/\\\/www.eldiario.net\\\/portal\\\/2024\\\/07\\\/30\\\/en-la-paz-comienzan-protestas-por-escasez-de-dolares-e-incremento-de-precios\\\/#primaryimage\"},\"image\":{\"@id\":\"https:\\\/\\\/www.eldiario.net\\\/portal\\\/2024\\\/07\\\/30\\\/en-la-paz-comienzan-protestas-por-escasez-de-dolares-e-incremento-de-precios\\\/#primaryimage\"},\"thumbnailUrl\":\"https:\\\/\\\/www.eldiario.net\\\/portal\\\/wp-content\\\/uploads\\\/2024\\\/07\\\/CENTRAL.jpg\",\"datePublished\":\"2024-07-30T16:10:26+00:00\",\"breadcrumb\":{\"@id\":\"https:\\\/\\\/www.eldiario.net\\\/portal\\\/2024\\\/07\\\/30\\\/en-la-paz-comienzan-protestas-por-escasez-de-dolares-e-incremento-de-precios\\\/#breadcrumb\"},\"inLanguage\":\"es\",\"potentialAction\":[{\"@type\":\"ReadAction\",\"target\":[\"https:\\\/\\\/www.eldiario.net\\\/portal\\\/2024\\\/07\\\/30\\\/en-la-paz-comienzan-protestas-por-escasez-de-dolares-e-incremento-de-precios\\\/\"]}]},{\"@type\":\"ImageObject\",\"inLanguage\":\"es\",\"@id\":\"https:\\\/\\\/www.eldiario.net\\\/portal\\\/2024\\\/07\\\/30\\\/en-la-paz-comienzan-protestas-por-escasez-de-dolares-e-incremento-de-precios\\\/#primaryimage\",\"url\":\"https:\\\/\\\/www.eldiario.net\\\/portal\\\/wp-content\\\/uploads\\\/2024\\\/07\\\/CENTRAL.jpg\",\"contentUrl\":\"https:\\\/\\\/www.eldiario.net\\\/portal\\\/wp-content\\\/uploads\\\/2024\\\/07\\\/CENTRAL.jpg\",\"width\":1000,\"height\":667,\"caption\":\"Foto: El Diario.\"},{\"@type\":\"BreadcrumbList\",\"@id\":\"https:\\\/\\\/www.eldiario.net\\\/portal\\\/2024\\\/07\\\/30\\\/en-la-paz-comienzan-protestas-por-escasez-de-dolares-e-incremento-de-precios\\\/#breadcrumb\",\"itemListElement\":[{\"@type\":\"ListItem\",\"position\":1,\"name\":\"Portada\",\"item\":\"https:\\\/\\\/www.eldiario.net\\\/portal\\\/\"},{\"@type\":\"ListItem\",\"position\":2,\"name\":\"En La Paz comienzan protestas por escasez de d\u00f3lares e incremento de precios\"}]},{\"@type\":\"WebSite\",\"@id\":\"https:\\\/\\\/www.eldiario.net\\\/portal\\\/#website\",\"url\":\"https:\\\/\\\/www.eldiario.net\\\/portal\\\/\",\"name\":\"El Diario - Decano de la prensa nacional\",\"description\":\"El Diario - Decano de la prensa nacional\",\"publisher\":{\"@id\":\"https:\\\/\\\/www.eldiario.net\\\/portal\\\/#organization\"},\"potentialAction\":[{\"@type\":\"SearchAction\",\"target\":{\"@type\":\"EntryPoint\",\"urlTemplate\":\"https:\\\/\\\/www.eldiario.net\\\/portal\\\/?s={search_term_string}\"},\"query-input\":{\"@type\":\"PropertyValueSpecification\",\"valueRequired\":true,\"valueName\":\"search_term_string\"}}],\"inLanguage\":\"es\"},{\"@type\":\"Organization\",\"@id\":\"https:\\\/\\\/www.eldiario.net\\\/portal\\\/#organization\",\"name\":\"El Diario - Decano de la prensa nacional\",\"url\":\"https:\\\/\\\/www.eldiario.net\\\/portal\\\/\",\"logo\":{\"@type\":\"ImageObject\",\"inLanguage\":\"es\",\"@id\":\"https:\\\/\\\/www.eldiario.net\\\/portal\\\/#\\\/schema\\\/logo\\\/image\\\/\",\"url\":\"https:\\\/\\\/www.eldiario.net\\\/portal\\\/wp-content\\\/uploads\\\/2023\\\/07\\\/logo_ED.jpg\",\"contentUrl\":\"https:\\\/\\\/www.eldiario.net\\\/portal\\\/wp-content\\\/uploads\\\/2023\\\/07\\\/logo_ED.jpg\",\"width\":272,\"height\":52,\"caption\":\"El Diario - Decano de la prensa nacional\"},\"image\":{\"@id\":\"https:\\\/\\\/www.eldiario.net\\\/portal\\\/#\\\/schema\\\/logo\\\/image\\\/\"},\"sameAs\":[\"https:\\\/\\\/www.facebook.com\\\/eldiario.bolivia\\\/\",\"https:\\\/\\\/x.com\\\/eldiario_net\"]},{\"@type\":\"Person\",\"@id\":\"https:\\\/\\\/www.eldiario.net\\\/portal\\\/#\\\/schema\\\/person\\\/cab1ae4db27e5f008a62cbffb05fbfee\",\"name\":\"luis Camacho\",\"image\":{\"@type\":\"ImageObject\",\"inLanguage\":\"es\",\"@id\":\"https:\\\/\\\/secure.gravatar.com\\\/avatar\\\/69ecb836b3826d5a2501bf06ab2a2f2c8ab211cc846758f395df21684cb38313?s=96&d=mm&r=g\",\"url\":\"https:\\\/\\\/secure.gravatar.com\\\/avatar\\\/69ecb836b3826d5a2501bf06ab2a2f2c8ab211cc846758f395df21684cb38313?s=96&d=mm&r=g\",\"contentUrl\":\"https:\\\/\\\/secure.gravatar.com\\\/avatar\\\/69ecb836b3826d5a2501bf06ab2a2f2c8ab211cc846758f395df21684cb38313?s=96&d=mm&r=g\",\"caption\":\"luis Camacho\"},\"url\":\"https:\\\/\\\/www.eldiario.net\\\/portal\\\/author\\\/luis\\\/\"}]}<\/script>\n<!-- \/ Yoast SEO plugin. -->","yoast_head_json":{"title":"En La Paz comienzan protestas por escasez de d\u00f3lares e incremento de precios - El Diario - Bolivia","robots":{"index":"index","follow":"follow","max-snippet":"max-snippet:-1","max-image-preview":"max-image-preview:large","max-video-preview":"max-video-preview:-1"},"canonical":"https:\/\/www.eldiario.net\/portal\/2024\/07\/30\/en-la-paz-comienzan-protestas-por-escasez-de-dolares-e-incremento-de-precios\/","og_locale":"es_ES","og_type":"article","og_title":"En La Paz comienzan protestas por escasez de d\u00f3lares e incremento de precios - El Diario - Bolivia","og_description":"Los afiliados a la Central de Trabajadores de Bolivia y los gremiales de El Alto comenzaron un ciclo de marchas y bloqueos en la ciudad de La Paz, para protestar por la escasez de d\u00f3lares y di\u00e9sel y el incremento de los precios de los productos de la canasta familiar. Los movilizados marcharon por varias [&hellip;]","og_url":"https:\/\/www.eldiario.net\/portal\/2024\/07\/30\/en-la-paz-comienzan-protestas-por-escasez-de-dolares-e-incremento-de-precios\/","og_site_name":"El Diario - Bolivia","article_publisher":"https:\/\/www.facebook.com\/eldiario.bolivia\/","article_published_time":"2024-07-30T16:10:26+00:00","og_image":[{"width":1000,"height":667,"url":"https:\/\/www.eldiario.net\/portal\/wp-content\/uploads\/2024\/07\/CENTRAL.jpg","type":"image\/jpeg"}],"author":"luis Camacho","twitter_card":"summary_large_image","twitter_creator":"@eldiario_net","twitter_site":"@eldiario_net","twitter_misc":{"Escrito por":"luis Camacho","Tiempo de lectura":"2 minutos"},"schema":{"@context":"https:\/\/schema.org","@graph":[{"@type":"Article","@id":"https:\/\/www.eldiario.net\/portal\/2024\/07\/30\/en-la-paz-comienzan-protestas-por-escasez-de-dolares-e-incremento-de-precios\/#article","isPartOf":{"@id":"https:\/\/www.eldiario.net\/portal\/2024\/07\/30\/en-la-paz-comienzan-protestas-por-escasez-de-dolares-e-incremento-de-precios\/"},"author":{"name":"luis Camacho","@id":"https:\/\/www.eldiario.net\/portal\/#\/schema\/person\/cab1ae4db27e5f008a62cbffb05fbfee"},"headline":"En La Paz comienzan protestas por escasez de d\u00f3lares e incremento de precios","datePublished":"2024-07-30T16:10:26+00:00","mainEntityOfPage":{"@id":"https:\/\/www.eldiario.net\/portal\/2024\/07\/30\/en-la-paz-comienzan-protestas-por-escasez-de-dolares-e-incremento-de-precios\/"},"wordCount":296,"commentCount":0,"publisher":{"@id":"https:\/\/www.eldiario.net\/portal\/#organization"},"image":{"@id":"https:\/\/www.eldiario.net\/portal\/2024\/07\/30\/en-la-paz-comienzan-protestas-por-escasez-de-dolares-e-incremento-de-precios\/#primaryimage"},"thumbnailUrl":"https:\/\/www.eldiario.net\/portal\/wp-content\/uploads\/2024\/07\/CENTRAL.jpg","articleSection":["\u00daltima Hora"],"inLanguage":"es","potentialAction":[{"@type":"CommentAction","name":"Comment","target":["https:\/\/www.eldiario.net\/portal\/2024\/07\/30\/en-la-paz-comienzan-protestas-por-escasez-de-dolares-e-incremento-de-precios\/#respond"]}]},{"@type":"WebPage","@id":"https:\/\/www.eldiario.net\/portal\/2024\/07\/30\/en-la-paz-comienzan-protestas-por-escasez-de-dolares-e-incremento-de-precios\/","url":"https:\/\/www.eldiario.net\/portal\/2024\/07\/30\/en-la-paz-comienzan-protestas-por-escasez-de-dolares-e-incremento-de-precios\/","name":"En La Paz comienzan protestas por escasez de d\u00f3lares e incremento de precios - El Diario - Bolivia","isPartOf":{"@id":"https:\/\/www.eldiario.net\/portal\/#website"},"primaryImageOfPage":{"@id":"https:\/\/www.eldiario.net\/portal\/2024\/07\/30\/en-la-paz-comienzan-protestas-por-escasez-de-dolares-e-incremento-de-precios\/#primaryimage"},"image":{"@id":"https:\/\/www.eldiario.net\/portal\/2024\/07\/30\/en-la-paz-comienzan-protestas-por-escasez-de-dolares-e-incremento-de-precios\/#primaryimage"},"thumbnailUrl":"https:\/\/www.eldiario.net\/portal\/wp-content\/uploads\/2024\/07\/CENTRAL.jpg","datePublished":"2024-07-30T16:10:26+00:00","breadcrumb":{"@id":"https:\/\/www.eldiario.net\/portal\/2024\/07\/30\/en-la-paz-comienzan-protestas-por-escasez-de-dolares-e-incremento-de-precios\/#breadcrumb"},"inLanguage":"es","potentialAction":[{"@type":"ReadAction","target":["https:\/\/www.eldiario.net\/portal\/2024\/07\/30\/en-la-paz-comienzan-protestas-por-escasez-de-dolares-e-incremento-de-precios\/"]}]},{"@type":"ImageObject","inLanguage":"es","@id":"https:\/\/www.eldiario.net\/portal\/2024\/07\/30\/en-la-paz-comienzan-protestas-por-escasez-de-dolares-e-incremento-de-precios\/#primaryimage","url":"https:\/\/www.eldiario.net\/portal\/wp-content\/uploads\/2024\/07\/CENTRAL.jpg","contentUrl":"https:\/\/www.eldiario.net\/portal\/wp-content\/uploads\/2024\/07\/CENTRAL.jpg","width":1000,"height":667,"caption":"Foto: El Diario."},{"@type":"BreadcrumbList","@id":"https:\/\/www.eldiario.net\/portal\/2024\/07\/30\/en-la-paz-comienzan-protestas-por-escasez-de-dolares-e-incremento-de-precios\/#breadcrumb","itemListElement":[{"@type":"ListItem","position":1,"name":"Portada","item":"https:\/\/www.eldiario.net\/portal\/"},{"@type":"ListItem","position":2,"name":"En La Paz comienzan protestas por escasez de d\u00f3lares e incremento de precios"}]},{"@type":"WebSite","@id":"https:\/\/www.eldiario.net\/portal\/#website","url":"https:\/\/www.eldiario.net\/portal\/","name":"El Diario - Decano de la prensa nacional","description":"El Diario - Decano de la prensa nacional","publisher":{"@id":"https:\/\/www.eldiario.net\/portal\/#organization"},"potentialAction":[{"@type":"SearchAction","target":{"@type":"EntryPoint","urlTemplate":"https:\/\/www.eldiario.net\/portal\/?s={search_term_string}"},"query-input":{"@type":"PropertyValueSpecification","valueRequired":true,"valueName":"search_term_string"}}],"inLanguage":"es"},{"@type":"Organization","@id":"https:\/\/www.eldiario.net\/portal\/#organization","name":"El Diario - Decano de la prensa nacional","url":"https:\/\/www.eldiario.net\/portal\/","logo":{"@type":"ImageObject","inLanguage":"es","@id":"https:\/\/www.eldiario.net\/portal\/#\/schema\/logo\/image\/","url":"https:\/\/www.eldiario.net\/portal\/wp-content\/uploads\/2023\/07\/logo_ED.jpg","contentUrl":"https:\/\/www.eldiario.net\/portal\/wp-content\/uploads\/2023\/07\/logo_ED.jpg","width":272,"height":52,"caption":"El Diario - Decano de la prensa nacional"},"image":{"@id":"https:\/\/www.eldiario.net\/portal\/#\/schema\/logo\/image\/"},"sameAs":["https:\/\/www.facebook.com\/eldiario.bolivia\/","https:\/\/x.com\/eldiario_net"]},{"@type":"Person","@id":"https:\/\/www.eldiario.net\/portal\/#\/schema\/person\/cab1ae4db27e5f008a62cbffb05fbfee","name":"luis Camacho","image":{"@type":"ImageObject","inLanguage":"es","@id":"https:\/\/secure.gravatar.com\/avatar\/69ecb836b3826d5a2501bf06ab2a2f2c8ab211cc846758f395df21684cb38313?s=96&d=mm&r=g","url":"https:\/\/secure.gravatar.com\/avatar\/69ecb836b3826d5a2501bf06ab2a2f2c8ab211cc846758f395df21684cb38313?s=96&d=mm&r=g","contentUrl":"https:\/\/secure.gravatar.com\/avatar\/69ecb836b3826d5a2501bf06ab2a2f2c8ab211cc846758f395df21684cb38313?s=96&d=mm&r=g","caption":"luis Camacho"},"url":"https:\/\/www.eldiario.net\/portal\/author\/luis\/"}]}},"_links":{"self":[{"href":"https:\/\/www.eldiario.net\/portal\/wp-json\/wp\/v2\/posts\/237439","targetHints":{"allow":["GET"]}}],"collection":[{"href":"https:\/\/www.eldiario.net\/portal\/wp-json\/wp\/v2\/posts"}],"about":[{"href":"https:\/\/www.eldiario.net\/portal\/wp-json\/wp\/v2\/types\/post"}],"author":[{"embeddable":true,"href":"https:\/\/www.eldiario.net\/portal\/wp-json\/wp\/v2\/users\/2"}],"replies":[{"embeddable":true,"href":"https:\/\/www.eldiario.net\/portal\/wp-json\/wp\/v2\/comments?post=237439"}],"version-history":[{"count":1,"href":"https:\/\/www.eldiario.net\/portal\/wp-json\/wp\/v2\/posts\/237439\/revisions"}],"predecessor-version":[{"id":237441,"href":"https:\/\/www.eldiario.net\/portal\/wp-json\/wp\/v2\/posts\/237439\/revisions\/237441"}],"wp:featuredmedia":[{"embeddable":true,"href":"https:\/\/www.eldiario.net\/portal\/wp-json\/wp\/v2\/media\/237440"}],"wp:attachment":[{"href":"https:\/\/www.eldiario.net\/portal\/wp-json\/wp\/v2\/media?parent=237439"}],"wp:term":[{"taxonomy":"category","embeddable":true,"href":"https:\/\/www.eldiario.net\/portal\/wp-json\/wp\/v2\/categories?post=237439"},{"taxonomy":"post_tag","embeddable":true,"href":"https:\/\/www.eldiario.net\/portal\/wp-json\/wp\/v2\/tags?post=237439"}],"curies":[{"name":"wp","href":"https:\/\/api.w.org\/{rel}","templated":true}]}}