{"id":237430,"date":"2024-07-30T10:50:38","date_gmt":"2024-07-30T14:50:38","guid":{"rendered":"https:\/\/www.eldiario.net\/portal\/?p=237430"},"modified":"2024-07-30T10:52:27","modified_gmt":"2024-07-30T14:52:27","slug":"transportistas-de-chuquisaca-se-suman-a-bloqueos-por-la-escasez-de-diesel","status":"publish","type":"post","link":"https:\/\/www.eldiario.net\/portal\/2024\/07\/30\/transportistas-de-chuquisaca-se-suman-a-bloqueos-por-la-escasez-de-diesel\/","title":{"rendered":"Transportistas de Chuquisaca se suman a bloqueos por la escasez de di\u00e9sel"},"content":{"rendered":"<p>Los transportistas del departamento de Chuquisaca bloquean las calles de la ciudad de Sucre como medida de protesta por la escasez de di\u00e9sel y d\u00f3lares en el pa\u00eds.<\/p>\n<p>Los conductores de camiones, buses y minibuses impiden el tr\u00e1fico vehicular con sus motorizados estacionados por inmediaciones de la Plaza 25 de Mayo y las calles Jun\u00edn y Bustillos, entre otras v\u00edas c\u00e9ntricas y de acceso y salida de la urbe sucrense.<\/p>\n<p>El secretario general de la Federaci\u00f3n de Ch\u00f3feres de Chuquisaca, Marco Antonio Huaranca, explic\u00f3 que la medida de presi\u00f3n se ejecutar\u00e1 durante todo el d\u00eda.<\/p>\n<p>Varios de los transportistas que ejecutan los bloqueos manifestaron que est\u00e1n molestos, porque hace semanas que tienen que permanecer durante varios d\u00edas en filas instaladas en inmediaciones de estaciones de servicio para conseguir di\u00e9sel.<\/p>\n<p>En el caso de los d\u00f3lares, recordaron que la escasez de la divisa norteamericana provoc\u00f3 que su precio se eleve hasta los Bs 11 en el mercado paralelo, con el consiguiente incremento en los costos de comercializaci\u00f3n de llantas y repuestos.<\/p>\n","protected":false},"excerpt":{"rendered":"<p>Los transportistas del departamento de Chuquisaca bloquean las calles de la ciudad de Sucre como medida de protesta por la escasez de di\u00e9sel y d\u00f3lares en el pa\u00eds. Los conductores de camiones, buses y minibuses impiden el tr\u00e1fico vehicular con sus motorizados estacionados por inmediaciones de la Plaza 25 de Mayo y las calles Jun\u00edn [&hellip;]<\/p>\n","protected":false},"author":2,"featured_media":237431,"comment_status":"open","ping_status":"open","sticky":false,"template":"","format":"standard","meta":{"_acf_changed":false,"footnotes":""},"categories":[51],"tags":[],"class_list":["post-237430","post","type-post","status-publish","format-standard","has-post-thumbnail","category-ultima-hora"],"acf":{"antetitulo":""},"yoast_head":"<!-- This site is optimized with the Yoast SEO plugin v28.4 - https:\/\/yoast.com\/product\/yoast-seo-wordpress\/ -->\n<title>Transportistas de Chuquisaca se suman a bloqueos por la escasez de di\u00e9sel - El Diario - Bolivia<\/title>\n<meta name=\"robots\" content=\"index, follow, max-snippet:-1, max-image-preview:large, max-video-preview:-1\" \/>\n<link rel=\"canonical\" href=\"https:\/\/www.eldiario.net\/portal\/2024\/07\/30\/transportistas-de-chuquisaca-se-suman-a-bloqueos-por-la-escasez-de-diesel\/\" \/>\n<meta property=\"og:locale\" content=\"es_ES\" \/>\n<meta property=\"og:type\" content=\"article\" \/>\n<meta property=\"og:title\" content=\"Transportistas de Chuquisaca se suman a bloqueos por la escasez de di\u00e9sel - El Diario - Bolivia\" \/>\n<meta property=\"og:description\" content=\"Los transportistas del departamento de Chuquisaca bloquean las calles de la ciudad de Sucre como medida de protesta por la escasez de di\u00e9sel y d\u00f3lares en el pa\u00eds. Los conductores de camiones, buses y minibuses impiden el tr\u00e1fico vehicular con sus motorizados estacionados por inmediaciones de la Plaza 25 de Mayo y las calles Jun\u00edn [&hellip;]\" \/>\n<meta property=\"og:url\" content=\"https:\/\/www.eldiario.net\/portal\/2024\/07\/30\/transportistas-de-chuquisaca-se-suman-a-bloqueos-por-la-escasez-de-diesel\/\" \/>\n<meta property=\"og:site_name\" content=\"El Diario - Bolivia\" \/>\n<meta property=\"article:publisher\" content=\"https:\/\/www.facebook.com\/eldiario.bolivia\/\" \/>\n<meta property=\"article:published_time\" content=\"2024-07-30T14:50:38+00:00\" \/>\n<meta property=\"article:modified_time\" content=\"2024-07-30T14:52:27+00:00\" \/>\n<meta property=\"og:image\" content=\"https:\/\/www.eldiario.net\/portal\/wp-content\/uploads\/2024\/07\/SUCRE-30.jpg\" \/>\n\t<meta property=\"og:image:width\" content=\"1000\" \/>\n\t<meta property=\"og:image:height\" content=\"750\" \/>\n\t<meta property=\"og:image:type\" content=\"image\/jpeg\" \/>\n<meta name=\"author\" content=\"luis Camacho\" \/>\n<meta name=\"twitter:card\" content=\"summary_large_image\" \/>\n<meta name=\"twitter:creator\" content=\"@eldiario_net\" \/>\n<meta name=\"twitter:site\" content=\"@eldiario_net\" \/>\n<meta name=\"twitter:label1\" content=\"Escrito por\" \/>\n\t<meta name=\"twitter:data1\" content=\"luis Camacho\" \/>\n\t<meta name=\"twitter:label2\" content=\"Tiempo de lectura\" \/>\n\t<meta name=\"twitter:data2\" content=\"1 minuto\" \/>\n<script type=\"application\/ld+json\" class=\"yoast-schema-graph\">{\"@context\":\"https:\\\/\\\/schema.org\",\"@graph\":[{\"@type\":\"Article\",\"@id\":\"https:\\\/\\\/www.eldiario.net\\\/portal\\\/2024\\\/07\\\/30\\\/transportistas-de-chuquisaca-se-suman-a-bloqueos-por-la-escasez-de-diesel\\\/#article\",\"isPartOf\":{\"@id\":\"https:\\\/\\\/www.eldiario.net\\\/portal\\\/2024\\\/07\\\/30\\\/transportistas-de-chuquisaca-se-suman-a-bloqueos-por-la-escasez-de-diesel\\\/\"},\"author\":{\"name\":\"luis Camacho\",\"@id\":\"https:\\\/\\\/www.eldiario.net\\\/portal\\\/#\\\/schema\\\/person\\\/cab1ae4db27e5f008a62cbffb05fbfee\"},\"headline\":\"Transportistas de Chuquisaca se suman a bloqueos por la escasez de di\u00e9sel\",\"datePublished\":\"2024-07-30T14:50:38+00:00\",\"dateModified\":\"2024-07-30T14:52:27+00:00\",\"mainEntityOfPage\":{\"@id\":\"https:\\\/\\\/www.eldiario.net\\\/portal\\\/2024\\\/07\\\/30\\\/transportistas-de-chuquisaca-se-suman-a-bloqueos-por-la-escasez-de-diesel\\\/\"},\"wordCount\":197,\"commentCount\":0,\"publisher\":{\"@id\":\"https:\\\/\\\/www.eldiario.net\\\/portal\\\/#organization\"},\"image\":{\"@id\":\"https:\\\/\\\/www.eldiario.net\\\/portal\\\/2024\\\/07\\\/30\\\/transportistas-de-chuquisaca-se-suman-a-bloqueos-por-la-escasez-de-diesel\\\/#primaryimage\"},\"thumbnailUrl\":\"https:\\\/\\\/www.eldiario.net\\\/portal\\\/wp-content\\\/uploads\\\/2024\\\/07\\\/SUCRE-30.jpg\",\"articleSection\":[\"\u00daltima Hora\"],\"inLanguage\":\"es\",\"potentialAction\":[{\"@type\":\"CommentAction\",\"name\":\"Comment\",\"target\":[\"https:\\\/\\\/www.eldiario.net\\\/portal\\\/2024\\\/07\\\/30\\\/transportistas-de-chuquisaca-se-suman-a-bloqueos-por-la-escasez-de-diesel\\\/#respond\"]}]},{\"@type\":\"WebPage\",\"@id\":\"https:\\\/\\\/www.eldiario.net\\\/portal\\\/2024\\\/07\\\/30\\\/transportistas-de-chuquisaca-se-suman-a-bloqueos-por-la-escasez-de-diesel\\\/\",\"url\":\"https:\\\/\\\/www.eldiario.net\\\/portal\\\/2024\\\/07\\\/30\\\/transportistas-de-chuquisaca-se-suman-a-bloqueos-por-la-escasez-de-diesel\\\/\",\"name\":\"Transportistas de Chuquisaca se suman a bloqueos por la escasez de di\u00e9sel - El Diario - Bolivia\",\"isPartOf\":{\"@id\":\"https:\\\/\\\/www.eldiario.net\\\/portal\\\/#website\"},\"primaryImageOfPage\":{\"@id\":\"https:\\\/\\\/www.eldiario.net\\\/portal\\\/2024\\\/07\\\/30\\\/transportistas-de-chuquisaca-se-suman-a-bloqueos-por-la-escasez-de-diesel\\\/#primaryimage\"},\"image\":{\"@id\":\"https:\\\/\\\/www.eldiario.net\\\/portal\\\/2024\\\/07\\\/30\\\/transportistas-de-chuquisaca-se-suman-a-bloqueos-por-la-escasez-de-diesel\\\/#primaryimage\"},\"thumbnailUrl\":\"https:\\\/\\\/www.eldiario.net\\\/portal\\\/wp-content\\\/uploads\\\/2024\\\/07\\\/SUCRE-30.jpg\",\"datePublished\":\"2024-07-30T14:50:38+00:00\",\"dateModified\":\"2024-07-30T14:52:27+00:00\",\"breadcrumb\":{\"@id\":\"https:\\\/\\\/www.eldiario.net\\\/portal\\\/2024\\\/07\\\/30\\\/transportistas-de-chuquisaca-se-suman-a-bloqueos-por-la-escasez-de-diesel\\\/#breadcrumb\"},\"inLanguage\":\"es\",\"potentialAction\":[{\"@type\":\"ReadAction\",\"target\":[\"https:\\\/\\\/www.eldiario.net\\\/portal\\\/2024\\\/07\\\/30\\\/transportistas-de-chuquisaca-se-suman-a-bloqueos-por-la-escasez-de-diesel\\\/\"]}]},{\"@type\":\"ImageObject\",\"inLanguage\":\"es\",\"@id\":\"https:\\\/\\\/www.eldiario.net\\\/portal\\\/2024\\\/07\\\/30\\\/transportistas-de-chuquisaca-se-suman-a-bloqueos-por-la-escasez-de-diesel\\\/#primaryimage\",\"url\":\"https:\\\/\\\/www.eldiario.net\\\/portal\\\/wp-content\\\/uploads\\\/2024\\\/07\\\/SUCRE-30.jpg\",\"contentUrl\":\"https:\\\/\\\/www.eldiario.net\\\/portal\\\/wp-content\\\/uploads\\\/2024\\\/07\\\/SUCRE-30.jpg\",\"width\":1000,\"height\":750,\"caption\":\"Foto: Radio La Bruja.\"},{\"@type\":\"BreadcrumbList\",\"@id\":\"https:\\\/\\\/www.eldiario.net\\\/portal\\\/2024\\\/07\\\/30\\\/transportistas-de-chuquisaca-se-suman-a-bloqueos-por-la-escasez-de-diesel\\\/#breadcrumb\",\"itemListElement\":[{\"@type\":\"ListItem\",\"position\":1,\"name\":\"Portada\",\"item\":\"https:\\\/\\\/www.eldiario.net\\\/portal\\\/\"},{\"@type\":\"ListItem\",\"position\":2,\"name\":\"Transportistas de Chuquisaca se suman a bloqueos por la escasez de di\u00e9sel\"}]},{\"@type\":\"WebSite\",\"@id\":\"https:\\\/\\\/www.eldiario.net\\\/portal\\\/#website\",\"url\":\"https:\\\/\\\/www.eldiario.net\\\/portal\\\/\",\"name\":\"El Diario - Decano de la prensa nacional\",\"description\":\"El Diario - Decano de la prensa nacional\",\"publisher\":{\"@id\":\"https:\\\/\\\/www.eldiario.net\\\/portal\\\/#organization\"},\"potentialAction\":[{\"@type\":\"SearchAction\",\"target\":{\"@type\":\"EntryPoint\",\"urlTemplate\":\"https:\\\/\\\/www.eldiario.net\\\/portal\\\/?s={search_term_string}\"},\"query-input\":{\"@type\":\"PropertyValueSpecification\",\"valueRequired\":true,\"valueName\":\"search_term_string\"}}],\"inLanguage\":\"es\"},{\"@type\":\"Organization\",\"@id\":\"https:\\\/\\\/www.eldiario.net\\\/portal\\\/#organization\",\"name\":\"El Diario - Decano de la prensa nacional\",\"url\":\"https:\\\/\\\/www.eldiario.net\\\/portal\\\/\",\"logo\":{\"@type\":\"ImageObject\",\"inLanguage\":\"es\",\"@id\":\"https:\\\/\\\/www.eldiario.net\\\/portal\\\/#\\\/schema\\\/logo\\\/image\\\/\",\"url\":\"https:\\\/\\\/www.eldiario.net\\\/portal\\\/wp-content\\\/uploads\\\/2023\\\/07\\\/logo_ED.jpg\",\"contentUrl\":\"https:\\\/\\\/www.eldiario.net\\\/portal\\\/wp-content\\\/uploads\\\/2023\\\/07\\\/logo_ED.jpg\",\"width\":272,\"height\":52,\"caption\":\"El Diario - Decano de la prensa nacional\"},\"image\":{\"@id\":\"https:\\\/\\\/www.eldiario.net\\\/portal\\\/#\\\/schema\\\/logo\\\/image\\\/\"},\"sameAs\":[\"https:\\\/\\\/www.facebook.com\\\/eldiario.bolivia\\\/\",\"https:\\\/\\\/x.com\\\/eldiario_net\"]},{\"@type\":\"Person\",\"@id\":\"https:\\\/\\\/www.eldiario.net\\\/portal\\\/#\\\/schema\\\/person\\\/cab1ae4db27e5f008a62cbffb05fbfee\",\"name\":\"luis Camacho\",\"image\":{\"@type\":\"ImageObject\",\"inLanguage\":\"es\",\"@id\":\"https:\\\/\\\/secure.gravatar.com\\\/avatar\\\/69ecb836b3826d5a2501bf06ab2a2f2c8ab211cc846758f395df21684cb38313?s=96&d=mm&r=g\",\"url\":\"https:\\\/\\\/secure.gravatar.com\\\/avatar\\\/69ecb836b3826d5a2501bf06ab2a2f2c8ab211cc846758f395df21684cb38313?s=96&d=mm&r=g\",\"contentUrl\":\"https:\\\/\\\/secure.gravatar.com\\\/avatar\\\/69ecb836b3826d5a2501bf06ab2a2f2c8ab211cc846758f395df21684cb38313?s=96&d=mm&r=g\",\"caption\":\"luis Camacho\"},\"url\":\"https:\\\/\\\/www.eldiario.net\\\/portal\\\/author\\\/luis\\\/\"}]}<\/script>\n<!-- \/ Yoast SEO plugin. -->","yoast_head_json":{"title":"Transportistas de Chuquisaca se suman a bloqueos por la escasez de di\u00e9sel - El Diario - Bolivia","robots":{"index":"index","follow":"follow","max-snippet":"max-snippet:-1","max-image-preview":"max-image-preview:large","max-video-preview":"max-video-preview:-1"},"canonical":"https:\/\/www.eldiario.net\/portal\/2024\/07\/30\/transportistas-de-chuquisaca-se-suman-a-bloqueos-por-la-escasez-de-diesel\/","og_locale":"es_ES","og_type":"article","og_title":"Transportistas de Chuquisaca se suman a bloqueos por la escasez de di\u00e9sel - El Diario - Bolivia","og_description":"Los transportistas del departamento de Chuquisaca bloquean las calles de la ciudad de Sucre como medida de protesta por la escasez de di\u00e9sel y d\u00f3lares en el pa\u00eds. Los conductores de camiones, buses y minibuses impiden el tr\u00e1fico vehicular con sus motorizados estacionados por inmediaciones de la Plaza 25 de Mayo y las calles Jun\u00edn [&hellip;]","og_url":"https:\/\/www.eldiario.net\/portal\/2024\/07\/30\/transportistas-de-chuquisaca-se-suman-a-bloqueos-por-la-escasez-de-diesel\/","og_site_name":"El Diario - Bolivia","article_publisher":"https:\/\/www.facebook.com\/eldiario.bolivia\/","article_published_time":"2024-07-30T14:50:38+00:00","article_modified_time":"2024-07-30T14:52:27+00:00","og_image":[{"width":1000,"height":750,"url":"https:\/\/www.eldiario.net\/portal\/wp-content\/uploads\/2024\/07\/SUCRE-30.jpg","type":"image\/jpeg"}],"author":"luis Camacho","twitter_card":"summary_large_image","twitter_creator":"@eldiario_net","twitter_site":"@eldiario_net","twitter_misc":{"Escrito por":"luis Camacho","Tiempo de lectura":"1 minuto"},"schema":{"@context":"https:\/\/schema.org","@graph":[{"@type":"Article","@id":"https:\/\/www.eldiario.net\/portal\/2024\/07\/30\/transportistas-de-chuquisaca-se-suman-a-bloqueos-por-la-escasez-de-diesel\/#article","isPartOf":{"@id":"https:\/\/www.eldiario.net\/portal\/2024\/07\/30\/transportistas-de-chuquisaca-se-suman-a-bloqueos-por-la-escasez-de-diesel\/"},"author":{"name":"luis Camacho","@id":"https:\/\/www.eldiario.net\/portal\/#\/schema\/person\/cab1ae4db27e5f008a62cbffb05fbfee"},"headline":"Transportistas de Chuquisaca se suman a bloqueos por la escasez de di\u00e9sel","datePublished":"2024-07-30T14:50:38+00:00","dateModified":"2024-07-30T14:52:27+00:00","mainEntityOfPage":{"@id":"https:\/\/www.eldiario.net\/portal\/2024\/07\/30\/transportistas-de-chuquisaca-se-suman-a-bloqueos-por-la-escasez-de-diesel\/"},"wordCount":197,"commentCount":0,"publisher":{"@id":"https:\/\/www.eldiario.net\/portal\/#organization"},"image":{"@id":"https:\/\/www.eldiario.net\/portal\/2024\/07\/30\/transportistas-de-chuquisaca-se-suman-a-bloqueos-por-la-escasez-de-diesel\/#primaryimage"},"thumbnailUrl":"https:\/\/www.eldiario.net\/portal\/wp-content\/uploads\/2024\/07\/SUCRE-30.jpg","articleSection":["\u00daltima Hora"],"inLanguage":"es","potentialAction":[{"@type":"CommentAction","name":"Comment","target":["https:\/\/www.eldiario.net\/portal\/2024\/07\/30\/transportistas-de-chuquisaca-se-suman-a-bloqueos-por-la-escasez-de-diesel\/#respond"]}]},{"@type":"WebPage","@id":"https:\/\/www.eldiario.net\/portal\/2024\/07\/30\/transportistas-de-chuquisaca-se-suman-a-bloqueos-por-la-escasez-de-diesel\/","url":"https:\/\/www.eldiario.net\/portal\/2024\/07\/30\/transportistas-de-chuquisaca-se-suman-a-bloqueos-por-la-escasez-de-diesel\/","name":"Transportistas de Chuquisaca se suman a bloqueos por la escasez de di\u00e9sel - El Diario - Bolivia","isPartOf":{"@id":"https:\/\/www.eldiario.net\/portal\/#website"},"primaryImageOfPage":{"@id":"https:\/\/www.eldiario.net\/portal\/2024\/07\/30\/transportistas-de-chuquisaca-se-suman-a-bloqueos-por-la-escasez-de-diesel\/#primaryimage"},"image":{"@id":"https:\/\/www.eldiario.net\/portal\/2024\/07\/30\/transportistas-de-chuquisaca-se-suman-a-bloqueos-por-la-escasez-de-diesel\/#primaryimage"},"thumbnailUrl":"https:\/\/www.eldiario.net\/portal\/wp-content\/uploads\/2024\/07\/SUCRE-30.jpg","datePublished":"2024-07-30T14:50:38+00:00","dateModified":"2024-07-30T14:52:27+00:00","breadcrumb":{"@id":"https:\/\/www.eldiario.net\/portal\/2024\/07\/30\/transportistas-de-chuquisaca-se-suman-a-bloqueos-por-la-escasez-de-diesel\/#breadcrumb"},"inLanguage":"es","potentialAction":[{"@type":"ReadAction","target":["https:\/\/www.eldiario.net\/portal\/2024\/07\/30\/transportistas-de-chuquisaca-se-suman-a-bloqueos-por-la-escasez-de-diesel\/"]}]},{"@type":"ImageObject","inLanguage":"es","@id":"https:\/\/www.eldiario.net\/portal\/2024\/07\/30\/transportistas-de-chuquisaca-se-suman-a-bloqueos-por-la-escasez-de-diesel\/#primaryimage","url":"https:\/\/www.eldiario.net\/portal\/wp-content\/uploads\/2024\/07\/SUCRE-30.jpg","contentUrl":"https:\/\/www.eldiario.net\/portal\/wp-content\/uploads\/2024\/07\/SUCRE-30.jpg","width":1000,"height":750,"caption":"Foto: Radio La Bruja."},{"@type":"BreadcrumbList","@id":"https:\/\/www.eldiario.net\/portal\/2024\/07\/30\/transportistas-de-chuquisaca-se-suman-a-bloqueos-por-la-escasez-de-diesel\/#breadcrumb","itemListElement":[{"@type":"ListItem","position":1,"name":"Portada","item":"https:\/\/www.eldiario.net\/portal\/"},{"@type":"ListItem","position":2,"name":"Transportistas de Chuquisaca se suman a bloqueos por la escasez de di\u00e9sel"}]},{"@type":"WebSite","@id":"https:\/\/www.eldiario.net\/portal\/#website","url":"https:\/\/www.eldiario.net\/portal\/","name":"El Diario - Decano de la prensa nacional","description":"El Diario - Decano de la prensa nacional","publisher":{"@id":"https:\/\/www.eldiario.net\/portal\/#organization"},"potentialAction":[{"@type":"SearchAction","target":{"@type":"EntryPoint","urlTemplate":"https:\/\/www.eldiario.net\/portal\/?s={search_term_string}"},"query-input":{"@type":"PropertyValueSpecification","valueRequired":true,"valueName":"search_term_string"}}],"inLanguage":"es"},{"@type":"Organization","@id":"https:\/\/www.eldiario.net\/portal\/#organization","name":"El Diario - Decano de la prensa nacional","url":"https:\/\/www.eldiario.net\/portal\/","logo":{"@type":"ImageObject","inLanguage":"es","@id":"https:\/\/www.eldiario.net\/portal\/#\/schema\/logo\/image\/","url":"https:\/\/www.eldiario.net\/portal\/wp-content\/uploads\/2023\/07\/logo_ED.jpg","contentUrl":"https:\/\/www.eldiario.net\/portal\/wp-content\/uploads\/2023\/07\/logo_ED.jpg","width":272,"height":52,"caption":"El Diario - Decano de la prensa nacional"},"image":{"@id":"https:\/\/www.eldiario.net\/portal\/#\/schema\/logo\/image\/"},"sameAs":["https:\/\/www.facebook.com\/eldiario.bolivia\/","https:\/\/x.com\/eldiario_net"]},{"@type":"Person","@id":"https:\/\/www.eldiario.net\/portal\/#\/schema\/person\/cab1ae4db27e5f008a62cbffb05fbfee","name":"luis Camacho","image":{"@type":"ImageObject","inLanguage":"es","@id":"https:\/\/secure.gravatar.com\/avatar\/69ecb836b3826d5a2501bf06ab2a2f2c8ab211cc846758f395df21684cb38313?s=96&d=mm&r=g","url":"https:\/\/secure.gravatar.com\/avatar\/69ecb836b3826d5a2501bf06ab2a2f2c8ab211cc846758f395df21684cb38313?s=96&d=mm&r=g","contentUrl":"https:\/\/secure.gravatar.com\/avatar\/69ecb836b3826d5a2501bf06ab2a2f2c8ab211cc846758f395df21684cb38313?s=96&d=mm&r=g","caption":"luis Camacho"},"url":"https:\/\/www.eldiario.net\/portal\/author\/luis\/"}]}},"_links":{"self":[{"href":"https:\/\/www.eldiario.net\/portal\/wp-json\/wp\/v2\/posts\/237430","targetHints":{"allow":["GET"]}}],"collection":[{"href":"https:\/\/www.eldiario.net\/portal\/wp-json\/wp\/v2\/posts"}],"about":[{"href":"https:\/\/www.eldiario.net\/portal\/wp-json\/wp\/v2\/types\/post"}],"author":[{"embeddable":true,"href":"https:\/\/www.eldiario.net\/portal\/wp-json\/wp\/v2\/users\/2"}],"replies":[{"embeddable":true,"href":"https:\/\/www.eldiario.net\/portal\/wp-json\/wp\/v2\/comments?post=237430"}],"version-history":[{"count":3,"href":"https:\/\/www.eldiario.net\/portal\/wp-json\/wp\/v2\/posts\/237430\/revisions"}],"predecessor-version":[{"id":237434,"href":"https:\/\/www.eldiario.net\/portal\/wp-json\/wp\/v2\/posts\/237430\/revisions\/237434"}],"wp:featuredmedia":[{"embeddable":true,"href":"https:\/\/www.eldiario.net\/portal\/wp-json\/wp\/v2\/media\/237431"}],"wp:attachment":[{"href":"https:\/\/www.eldiario.net\/portal\/wp-json\/wp\/v2\/media?parent=237430"}],"wp:term":[{"taxonomy":"category","embeddable":true,"href":"https:\/\/www.eldiario.net\/portal\/wp-json\/wp\/v2\/categories?post=237430"},{"taxonomy":"post_tag","embeddable":true,"href":"https:\/\/www.eldiario.net\/portal\/wp-json\/wp\/v2\/tags?post=237430"}],"curies":[{"name":"wp","href":"https:\/\/api.w.org\/{rel}","templated":true}]}}