{"id":237412,"date":"2024-07-30T06:49:07","date_gmt":"2024-07-30T10:49:07","guid":{"rendered":"https:\/\/www.eldiario.net\/portal\/?p=237412"},"modified":"2024-07-30T06:49:07","modified_gmt":"2024-07-30T10:49:07","slug":"protestas-y-cacerolazos-se-extienden-en-caracas-tras-denuncias-de-fraude","status":"publish","type":"post","link":"https:\/\/www.eldiario.net\/portal\/2024\/07\/30\/protestas-y-cacerolazos-se-extienden-en-caracas-tras-denuncias-de-fraude\/","title":{"rendered":"Protestas y cacerolazos se extienden  en Caracas tras denuncias de fraude"},"content":{"rendered":"<p class=\"v1MsoNormal\">Las protestas con cacerolas se extendieron a todo Caracas, un d\u00eda despu\u00e9s de que\u00a0Nicol\u00e1s Maduro\u00a0se proclamara vencedor en las elecciones presidenciales en ese pa\u00eds en medio de las\u00a0acusaciones de fraude\u00a0de la oposici\u00f3n y las dudas de la comunidad internacional. La oposici\u00f3n y los principales pa\u00edses de la regi\u00f3n rechazaron los resultados oficiales.<\/p>\n<p class=\"v1MsoNormal\">Los manifestantes se congregaron ayer en las calles de pueblos y ciudades de Venezuela, despu\u00e9s de que Nicol\u00e1s Maduro se asegurara un tercer mandato en una tensa elecci\u00f3n el fin de semana, en medio de reclamos de la oposici\u00f3n y de la comunidad internacional de que se den a conocer conteos completos.<\/p>\n<p class=\"v1MsoNormal\">Durante la tarde, multitudes estaban en las calles y en varias zonas las concentraciones eran dispersadas por los cuerpos de seguridad. Mientras, gobiernos en Washington y otros pa\u00edses pon\u00edan en duda los resultados oficiales que mostraron un triunfo de Maduro sobre el candidato opositor Edmundo Gonz\u00e1lez.<\/p>\n<p class=\"v1MsoNormal\">Las fuerzas de seguridad de Venezuela usaron gases lacrim\u00f3genos contra manifestantes que desafiaban la victoria de la reelecci\u00f3n reivindicada por Maduro, pero cuestionada por la oposici\u00f3n y cuestionada internacionalmente.<\/p>\n<p class=\"v1MsoNormal\">Luego de caminar cerca de 10 kil\u00f3metros por el este de la capital venezolana, los miles de manifestantes llegaron a un punto cercano a la autopista principal, donde efectivos de la Guardia Nacional Bolivariana (GNB, Polic\u00eda militarizada) y de la Polic\u00eda Nacional Bolivariana (PNB) impidieron la continuaci\u00f3n de la caminata.<\/p>\n<p class=\"v1MsoNormal\">Manifestaciones se reportaron en varios sectores de la capital, algunos muy pobres, constataron periodistas de la agencia AFP. Una de ellas, en un sector residencial y de oficinas en el este de la ciudad, fue dispersada con gases lacrim\u00f3genos.<\/p>\n<p class=\"v1MsoNormal\">Miles de personas inundaron m\u00e1s temprano las calles de varios barrios, coreando \u00ab\u00a1Libertad, libertad!\u00bb y \u00ab\u00a1Este gobierno va a caer!\u00bb. Algunos arrancaron carteles de la campa\u00f1a de Maduro de postes callejeros y los quemaron.<\/p>\n<p class=\"v1MsoNormal\">\u00ab\u00a1Y va a caer, y va a caer, este gobierno va a caer!\u00bb, gritaban miles de manifestantes que marcharon en la gigantesca barriada popular de Petare, la mayor de Caracas. \u00ab\u00a1Que entregue el poder ya!\u00bb, exclamaban otros.<\/p>\n<p class=\"v1MsoNormal\">Por otro lado, cientos de motoristas protestan en Caracas. Los manifestantes circularon por una de las principales avenidas de la capital venezolana, en direcci\u00f3n al oeste de la ciudad, donde est\u00e1n ubicadas las sedes de los poderes p\u00fablicos, entre ellos el palacio presidencial de Miraflores.<\/p>\n<p class=\"v1MsoNormal\">Seg\u00fan mostraron videos compartidos en las redes sociales, el sonido de las protestas se escuch\u00f3 con fuerza en Petare, el barrio popular m\u00e1s grande de Am\u00e9rica Latina y antiguo basti\u00f3n chavista. Adem\u00e1s de las cacerolas, tambi\u00e9n se escuch\u00f3 el himno venezolano. Reproducir el himno hab\u00eda sido una de las consignas de la oposici\u00f3n liderada por Mar\u00eda Corina Machado en la jornada de ayer.<\/p>\n<p class=\"v1MsoNormal\">Cacerolazos tambi\u00e9n se reportaron en los barrios de Palo Verde, Terrazas del \u00c1vila, el Junquito, Caricuao y El Valle, e incluso cerca del Palacio de Miraflores, sede de la presidencia.<\/p>\n<p class=\"v1MsoNormal\">Adem\u00e1s, varias calles se vieron cortadas en im\u00e1genes tomadas por periodistas presentes en el lugar.<\/p>\n<p class=\"v1MsoNormal\">Por otro lado, ha habido concentraciones y marchas espont\u00e1neas como la registrada en la carretera Petare-Guarenas, concretamente en la parroquia de Caucag\u00fcita del Municipio Sucre, estado de Miranda.<\/p>\n<p class=\"v1MsoNormal\">Y en la autopista Caracas-La Guaira se han quemado hileras de neum\u00e1ticos, seg\u00fan difunde la cuenta del partido opositor Voluntad Popular: \u00abLa Guardia Nacional Bolivariana se niega a reprimir al pueblo que pide respetar la voluntad\u00bb.<\/p>\n<p class=\"v1MsoNormal\">Igualmente ha habido protestas espont\u00e1neas en otras ciudades como Maracay, seg\u00fan han publicado activistas de la oposici\u00f3n en redes sociales.<\/p>\n<p class=\"v1MsoNormal\">En tanto, en la ciudad de Coro, en el estado de Falc\u00f3n, manifestantes tumbaron una estatua erigida en homenaje al ex mandatario Hugo Ch\u00e1vez.<\/p>\n<p class=\"v1MsoNormal\">\n<p class=\"v1MsoNormal\"><b>Desaz\u00f3n en Caracas: \u00abS\u00e9 que la \u00fanica salida es irse\u00bb<\/b><\/p>\n<p class=\"v1MsoNormal\">M\u00e1s all\u00e1 de estas protestas pac\u00edficas, las calles de Caracas amanecieron desiertas, en un ambiente casi f\u00fanebre. Algunos comercios permanecieron cerrados y cacerolas sonaron en calles y edificios en son de protesta. Unas horas antes, cerca de la medianoche, una mezcla de ira, l\u00e1grimas y ruidosos golpes de cacerolas saludaron el anuncio de los resultados por parte del Consejo Nacional Electoral, controlado por Maduro.<\/p>\n<p class=\"v1MsoNormal\">Desayunando en un banco junto a un negocio sin abrir, Deyvid Cadenas, de 28 a\u00f1os, dijo sentirse enga\u00f1ado.<\/p>\n<p class=\"v1MsoNormal\">\u00abLa mayor\u00eda vot\u00f3 por la oposici\u00f3n\u00bb, dijo a la agencia AP Cadenas, que el domingo vot\u00f3 por primera vez en unas elecciones presidenciales. \u00abNo me creo los resultados de ayer\u00bb.<\/p>\n<p class=\"v1MsoNormal\">\u00abNo era lo que esper\u00e1bamos\u00bb, dijo a la AFP Veruska Donado, una enfermera de 34 a\u00f1os. \u00abTen\u00edamos la esperanza de que por lo menos hubiese un cambio, pero siempre gana la tiran\u00eda y siempre gana la trampa. S\u00e9 que la \u00fanica salida es irse\u00bb, a\u00f1adi\u00f3.<\/p>\n<p class=\"v1MsoNormal\">Freddy Polanco, un chef de 54 a\u00f1os, tach\u00f3 el resultado de \u00abfraude\u00bb. \u00abQueremos un cambio para Venezuela, que nuestra familia venga otra vez para Venezuela, que volvieran las grandes empresas aqu\u00ed a nuestro pa\u00eds\u00bb.<\/p>\n<p class=\"v1MsoNormal\">La oposici\u00f3n, tras fracasar en su intento de derrocar a Maduro durante tres rondas de manifestaciones desde 2014, deposit\u00f3 su fe en las urnas. Las elecciones fueron de las m\u00e1s pac\u00edficas de la memoria reciente, lo que refleja las esperanzas de muchos de que podr\u00eda evitar el derramamiento de sangre y poner fin a 25 a\u00f1os de gobierno de partido \u00fanico.<\/p>\n<p class=\"v1MsoNormal\">Varios gobiernos extranjeros, entre ellos Estados Unidos y la Uni\u00f3n Europea, se abstuvieron de reconocer los resultados de las elecciones del domingo, ya que los funcionarios retrasaron la publicaci\u00f3n de los recuentos detallados de votos despu\u00e9s de proclamar a Maduro como ganador con el 51%, frente al 44% del ex diplom\u00e1tico Edmundo Gonz\u00e1lez. (Infobae)<\/p>\n\r\n                <style type=\"text\/css\">\r\n                    \r\n                    #tdi_1  .td-doubleSlider-2 .td-item1 {\r\n                        background: url(https:\/\/www.eldiario.net\/portal\/wp-content\/uploads\/2024\/07\/Protesta-3-Efe-80x60.jpg) 0 0 no-repeat;\r\n                    }\r\n                    #tdi_1  .td-doubleSlider-2 .td-item2 {\r\n                        background: url(https:\/\/www.eldiario.net\/portal\/wp-content\/uploads\/2024\/07\/Protesta-2-AP-80x60.jpg) 0 0 no-repeat;\r\n                    }\r\n                    #tdi_1  .td-doubleSlider-2 .td-item3 {\r\n                        background: url(https:\/\/www.eldiario.net\/portal\/wp-content\/uploads\/2024\/07\/Protesta-1-AP-80x60.jpg) 0 0 no-repeat;\r\n                    }\r\n                <\/style>\r\n\r\n                <div id=\"tdi_1\" class=\"td-gallery td-slide-on-2-columns\">\r\n                    <div class=\"post_td_gallery\">\r\n                        <div class=\"td-gallery-slide-top\">\r\n                           <div class=\"td-gallery-title\"><\/div>\r\n\r\n                            <div class=\"td-gallery-controls-wrapper\">\r\n                                <div class=\"td-gallery-slide-count\"><span class=\"td-gallery-slide-item-focus\">1<\/span> de 3<\/div>\r\n                                <div class=\"td-gallery-slide-prev-next-but\">\r\n                                    <i class = \"td-icon-left doubleSliderPrevButton\"><\/i>\r\n                                    <i class = \"td-icon-right doubleSliderNextButton\"><\/i>\r\n                                <\/div>\r\n                            <\/div>\r\n                        <\/div>\r\n\r\n                        <div class = \"td-doubleSlider-1 \">\r\n                            <div class = \"td-slider\">\r\n                                \r\n                    <div class = \"td-slide-item td-item1\">\r\n                        <figure class=\"td-slide-galery-figure td-slide-popup-gallery\">\r\n                            <a class=\"slide-gallery-image-link\" href=\"https:\/\/www.eldiario.net\/portal\/wp-content\/uploads\/2024\/07\/Protesta-3-Efe.jpg\" title=\"Protesta-3-Efe\"  data-caption=\"Una mujer sostiene una pancarta en la manifestaci\u00f3n convocada por la oposici\u00f3n venezolana un d\u00eda despu\u00e9s de las elecciones en el pa\u00eds, este lunes en Madrid.     CR\u00c9DITO: EFE\"  data-description=\"\">\r\n                                <img decoding=\"async\" src=\"https:\/\/www.eldiario.net\/portal\/wp-content\/uploads\/2024\/07\/Protesta-3-Efe-630x420.jpg\" srcset=\"https:\/\/www.eldiario.net\/portal\/wp-content\/uploads\/2024\/07\/Protesta-3-Efe-630x420.jpg 630w, https:\/\/www.eldiario.net\/portal\/wp-content\/uploads\/2024\/07\/Protesta-3-Efe-300x200.jpg 300w, https:\/\/www.eldiario.net\/portal\/wp-content\/uploads\/2024\/07\/Protesta-3-Efe-768x512.jpg 768w, https:\/\/www.eldiario.net\/portal\/wp-content\/uploads\/2024\/07\/Protesta-3-Efe-696x464.jpg 696w, https:\/\/www.eldiario.net\/portal\/wp-content\/uploads\/2024\/07\/Protesta-3-Efe.jpg 992w\" sizes=\"(max-width: 630px) 100vw, 630px\" alt=\"\">\r\n                            <\/a>\r\n                            <figcaption class = \"td-slide-caption td-gallery-slide-content\"><div class = \"td-gallery-slide-copywrite\">Una mujer sostiene una pancarta en la manifestaci\u00f3n convocada por la oposici\u00f3n venezolana un d\u00eda despu\u00e9s de las elecciones en el pa\u00eds, este lunes en Madrid.     CR\u00c9DITO: EFE<\/div><\/figcaption>\r\n                        <\/figure>\r\n                    <\/div>\r\n                    <div class = \"td-slide-item td-item2\">\r\n                        <figure class=\"td-slide-galery-figure td-slide-popup-gallery\">\r\n                            <a class=\"slide-gallery-image-link\" href=\"https:\/\/www.eldiario.net\/portal\/wp-content\/uploads\/2024\/07\/Protesta-2-AP.jpg\" title=\"Protesta-2-AP\"  data-caption=\"Residentes se enfrentaron a la Guardia Nacional para protestar por los resultados oficiales el d\u00eda despu\u00e9s de las elecciones en Venezuela.     CR\u00c9DITO: AP\"  data-description=\"\">\r\n                                <img decoding=\"async\" src=\"https:\/\/www.eldiario.net\/portal\/wp-content\/uploads\/2024\/07\/Protesta-2-AP-747x420.jpg\" srcset=\"https:\/\/www.eldiario.net\/portal\/wp-content\/uploads\/2024\/07\/Protesta-2-AP-747x420.jpg 747w, https:\/\/www.eldiario.net\/portal\/wp-content\/uploads\/2024\/07\/Protesta-2-AP-300x169.jpg 300w, https:\/\/www.eldiario.net\/portal\/wp-content\/uploads\/2024\/07\/Protesta-2-AP-768x432.jpg 768w, https:\/\/www.eldiario.net\/portal\/wp-content\/uploads\/2024\/07\/Protesta-2-AP-696x392.jpg 696w, https:\/\/www.eldiario.net\/portal\/wp-content\/uploads\/2024\/07\/Protesta-2-AP.jpg 992w\" sizes=\"(max-width: 747px) 100vw, 747px\" alt=\"\">\r\n                            <\/a>\r\n                            <figcaption class = \"td-slide-caption td-gallery-slide-content\"><div class = \"td-gallery-slide-copywrite\">Residentes se enfrentaron a la Guardia Nacional para protestar por los resultados oficiales el d\u00eda despu\u00e9s de las elecciones en Venezuela.     CR\u00c9DITO: AP<\/div><\/figcaption>\r\n                        <\/figure>\r\n                    <\/div>\r\n                    <div class = \"td-slide-item td-item3\">\r\n                        <figure class=\"td-slide-galery-figure td-slide-popup-gallery\">\r\n                            <a class=\"slide-gallery-image-link\" href=\"https:\/\/www.eldiario.net\/portal\/wp-content\/uploads\/2024\/07\/Protesta-1-AP.jpg\" title=\"Protesta-1-AP\"  data-caption=\"Manifestantes marchan contra los resultados oficiales de las elecciones que declaran ganador al presidente Nicol\u00e1s Maduro, el d\u00eda despu\u00e9s de los comicios en Caracas, Venezuela, el lunes 29 de julio de 2024.\"  data-description=\"\">\r\n                                <img decoding=\"async\" src=\"https:\/\/www.eldiario.net\/portal\/wp-content\/uploads\/2024\/07\/Protesta-1-AP-630x420.jpg\" srcset=\"https:\/\/www.eldiario.net\/portal\/wp-content\/uploads\/2024\/07\/Protesta-1-AP-630x420.jpg 630w, https:\/\/www.eldiario.net\/portal\/wp-content\/uploads\/2024\/07\/Protesta-1-AP-300x200.jpg 300w, https:\/\/www.eldiario.net\/portal\/wp-content\/uploads\/2024\/07\/Protesta-1-AP-768x512.jpg 768w, https:\/\/www.eldiario.net\/portal\/wp-content\/uploads\/2024\/07\/Protesta-1-AP-696x464.jpg 696w, https:\/\/www.eldiario.net\/portal\/wp-content\/uploads\/2024\/07\/Protesta-1-AP.jpg 992w\" sizes=\"(max-width: 630px) 100vw, 630px\" alt=\"\">\r\n                            <\/a>\r\n                            <figcaption class = \"td-slide-caption td-gallery-slide-content\"><div class = \"td-gallery-slide-copywrite\">Manifestantes marchan contra los resultados oficiales de las elecciones que declaran ganador al presidente Nicol\u00e1s Maduro, el d\u00eda despu\u00e9s de los comicios en Caracas, Venezuela, el lunes 29 de julio de 2024.<\/div><\/figcaption>\r\n                        <\/figure>\r\n                    <\/div>\r\n                            <\/div>\r\n                        <\/div>\r\n\r\n                        <div class = \"td-doubleSlider-2\">\r\n                            <div class = \"td-slider\">\r\n                                \r\n                    <div class = \"td-button td-item1\">\r\n                        <div class = \"td-border\"><\/div>\r\n                    <\/div>\r\n                    <div class = \"td-button td-item2\">\r\n                        <div class = \"td-border\"><\/div>\r\n                    <\/div>\r\n                    <div class = \"td-button td-item3\">\r\n                        <div class = \"td-border\"><\/div>\r\n                    <\/div>\r\n                            <\/div>\r\n                        <\/div>\r\n\r\n                    <\/div>\r\n\r\n                <\/div>\r\n                \n","protected":false},"excerpt":{"rendered":"<p>Las protestas con cacerolas se extendieron a todo Caracas, un d\u00eda despu\u00e9s de que\u00a0Nicol\u00e1s Maduro\u00a0se proclamara vencedor en las elecciones presidenciales en ese pa\u00eds en medio de las\u00a0acusaciones de fraude\u00a0de la oposici\u00f3n y las dudas de la comunidad internacional. La oposici\u00f3n y los principales pa\u00edses de la regi\u00f3n rechazaron los resultados oficiales. Los manifestantes se [&hellip;]<\/p>\n","protected":false},"author":1,"featured_media":237413,"comment_status":"open","ping_status":"open","sticky":false,"template":"","format":"standard","meta":{"_acf_changed":false,"footnotes":""},"categories":[3],"tags":[],"class_list":["post-237412","post","type-post","status-publish","format-standard","has-post-thumbnail","category-internacional"],"acf":{"antetitulo":"Tras elecciones presidenciales"},"yoast_head":"<!-- This site is optimized with the Yoast SEO plugin v28.4 - https:\/\/yoast.com\/product\/yoast-seo-wordpress\/ -->\n<title>Protestas y cacerolazos se extienden en Caracas tras denuncias de fraude - El Diario - Bolivia<\/title>\n<meta name=\"robots\" content=\"index, follow, max-snippet:-1, max-image-preview:large, max-video-preview:-1\" \/>\n<link rel=\"canonical\" href=\"https:\/\/www.eldiario.net\/portal\/2024\/07\/30\/protestas-y-cacerolazos-se-extienden-en-caracas-tras-denuncias-de-fraude\/\" \/>\n<meta property=\"og:locale\" content=\"es_ES\" \/>\n<meta property=\"og:type\" content=\"article\" \/>\n<meta property=\"og:title\" content=\"Protestas y cacerolazos se extienden en Caracas tras denuncias de fraude - El Diario - Bolivia\" \/>\n<meta property=\"og:description\" content=\"Las protestas con cacerolas se extendieron a todo Caracas, un d\u00eda despu\u00e9s de que\u00a0Nicol\u00e1s Maduro\u00a0se proclamara vencedor en las elecciones presidenciales en ese pa\u00eds en medio de las\u00a0acusaciones de fraude\u00a0de la oposici\u00f3n y las dudas de la comunidad internacional. La oposici\u00f3n y los principales pa\u00edses de la regi\u00f3n rechazaron los resultados oficiales. Los manifestantes se [&hellip;]\" \/>\n<meta property=\"og:url\" content=\"https:\/\/www.eldiario.net\/portal\/2024\/07\/30\/protestas-y-cacerolazos-se-extienden-en-caracas-tras-denuncias-de-fraude\/\" \/>\n<meta property=\"og:site_name\" content=\"El Diario - Bolivia\" \/>\n<meta property=\"article:publisher\" content=\"https:\/\/www.facebook.com\/eldiario.bolivia\/\" \/>\n<meta property=\"article:published_time\" content=\"2024-07-30T10:49:07+00:00\" \/>\n<meta property=\"og:image\" content=\"https:\/\/www.eldiario.net\/portal\/wp-content\/uploads\/2024\/07\/Protesta-3-Efe.jpg\" \/>\n\t<meta property=\"og:image:width\" content=\"992\" \/>\n\t<meta property=\"og:image:height\" content=\"661\" \/>\n\t<meta property=\"og:image:type\" content=\"image\/jpeg\" \/>\n<meta name=\"author\" content=\"Jeanette\" \/>\n<meta name=\"twitter:card\" content=\"summary_large_image\" \/>\n<meta name=\"twitter:creator\" content=\"@eldiario_net\" \/>\n<meta name=\"twitter:site\" content=\"@eldiario_net\" \/>\n<meta name=\"twitter:label1\" content=\"Escrito por\" \/>\n\t<meta name=\"twitter:data1\" content=\"Jeanette\" \/>\n\t<meta name=\"twitter:label2\" content=\"Tiempo de lectura\" \/>\n\t<meta name=\"twitter:data2\" content=\"5 minutos\" \/>\n<script type=\"application\/ld+json\" class=\"yoast-schema-graph\">{\"@context\":\"https:\\\/\\\/schema.org\",\"@graph\":[{\"@type\":\"Article\",\"@id\":\"https:\\\/\\\/www.eldiario.net\\\/portal\\\/2024\\\/07\\\/30\\\/protestas-y-cacerolazos-se-extienden-en-caracas-tras-denuncias-de-fraude\\\/#article\",\"isPartOf\":{\"@id\":\"https:\\\/\\\/www.eldiario.net\\\/portal\\\/2024\\\/07\\\/30\\\/protestas-y-cacerolazos-se-extienden-en-caracas-tras-denuncias-de-fraude\\\/\"},\"author\":{\"name\":\"Jeanette\",\"@id\":\"https:\\\/\\\/www.eldiario.net\\\/portal\\\/#\\\/schema\\\/person\\\/f46445640444750d7d753ccd04ae01b7\"},\"headline\":\"Protestas y cacerolazos se extienden en Caracas tras denuncias de fraude\",\"datePublished\":\"2024-07-30T10:49:07+00:00\",\"mainEntityOfPage\":{\"@id\":\"https:\\\/\\\/www.eldiario.net\\\/portal\\\/2024\\\/07\\\/30\\\/protestas-y-cacerolazos-se-extienden-en-caracas-tras-denuncias-de-fraude\\\/\"},\"wordCount\":1007,\"commentCount\":0,\"publisher\":{\"@id\":\"https:\\\/\\\/www.eldiario.net\\\/portal\\\/#organization\"},\"image\":{\"@id\":\"https:\\\/\\\/www.eldiario.net\\\/portal\\\/2024\\\/07\\\/30\\\/protestas-y-cacerolazos-se-extienden-en-caracas-tras-denuncias-de-fraude\\\/#primaryimage\"},\"thumbnailUrl\":\"https:\\\/\\\/www.eldiario.net\\\/portal\\\/wp-content\\\/uploads\\\/2024\\\/07\\\/Protesta-3-Efe.jpg\",\"articleSection\":[\"Internacional\"],\"inLanguage\":\"es\",\"potentialAction\":[{\"@type\":\"CommentAction\",\"name\":\"Comment\",\"target\":[\"https:\\\/\\\/www.eldiario.net\\\/portal\\\/2024\\\/07\\\/30\\\/protestas-y-cacerolazos-se-extienden-en-caracas-tras-denuncias-de-fraude\\\/#respond\"]}]},{\"@type\":\"WebPage\",\"@id\":\"https:\\\/\\\/www.eldiario.net\\\/portal\\\/2024\\\/07\\\/30\\\/protestas-y-cacerolazos-se-extienden-en-caracas-tras-denuncias-de-fraude\\\/\",\"url\":\"https:\\\/\\\/www.eldiario.net\\\/portal\\\/2024\\\/07\\\/30\\\/protestas-y-cacerolazos-se-extienden-en-caracas-tras-denuncias-de-fraude\\\/\",\"name\":\"Protestas y cacerolazos se extienden en Caracas tras denuncias de fraude - El Diario - Bolivia\",\"isPartOf\":{\"@id\":\"https:\\\/\\\/www.eldiario.net\\\/portal\\\/#website\"},\"primaryImageOfPage\":{\"@id\":\"https:\\\/\\\/www.eldiario.net\\\/portal\\\/2024\\\/07\\\/30\\\/protestas-y-cacerolazos-se-extienden-en-caracas-tras-denuncias-de-fraude\\\/#primaryimage\"},\"image\":{\"@id\":\"https:\\\/\\\/www.eldiario.net\\\/portal\\\/2024\\\/07\\\/30\\\/protestas-y-cacerolazos-se-extienden-en-caracas-tras-denuncias-de-fraude\\\/#primaryimage\"},\"thumbnailUrl\":\"https:\\\/\\\/www.eldiario.net\\\/portal\\\/wp-content\\\/uploads\\\/2024\\\/07\\\/Protesta-3-Efe.jpg\",\"datePublished\":\"2024-07-30T10:49:07+00:00\",\"breadcrumb\":{\"@id\":\"https:\\\/\\\/www.eldiario.net\\\/portal\\\/2024\\\/07\\\/30\\\/protestas-y-cacerolazos-se-extienden-en-caracas-tras-denuncias-de-fraude\\\/#breadcrumb\"},\"inLanguage\":\"es\",\"potentialAction\":[{\"@type\":\"ReadAction\",\"target\":[\"https:\\\/\\\/www.eldiario.net\\\/portal\\\/2024\\\/07\\\/30\\\/protestas-y-cacerolazos-se-extienden-en-caracas-tras-denuncias-de-fraude\\\/\"]}]},{\"@type\":\"ImageObject\",\"inLanguage\":\"es\",\"@id\":\"https:\\\/\\\/www.eldiario.net\\\/portal\\\/2024\\\/07\\\/30\\\/protestas-y-cacerolazos-se-extienden-en-caracas-tras-denuncias-de-fraude\\\/#primaryimage\",\"url\":\"https:\\\/\\\/www.eldiario.net\\\/portal\\\/wp-content\\\/uploads\\\/2024\\\/07\\\/Protesta-3-Efe.jpg\",\"contentUrl\":\"https:\\\/\\\/www.eldiario.net\\\/portal\\\/wp-content\\\/uploads\\\/2024\\\/07\\\/Protesta-3-Efe.jpg\",\"width\":992,\"height\":661,\"caption\":\"Una mujer sostiene una pancarta en la manifestaci\u00f3n convocada por la oposici\u00f3n venezolana un d\u00eda despu\u00e9s de las elecciones en el pa\u00eds, este lunes en Madrid. CR\u00c9DITO: EFE\"},{\"@type\":\"BreadcrumbList\",\"@id\":\"https:\\\/\\\/www.eldiario.net\\\/portal\\\/2024\\\/07\\\/30\\\/protestas-y-cacerolazos-se-extienden-en-caracas-tras-denuncias-de-fraude\\\/#breadcrumb\",\"itemListElement\":[{\"@type\":\"ListItem\",\"position\":1,\"name\":\"Portada\",\"item\":\"https:\\\/\\\/www.eldiario.net\\\/portal\\\/\"},{\"@type\":\"ListItem\",\"position\":2,\"name\":\"Protestas y cacerolazos se extienden en Caracas tras denuncias de fraude\"}]},{\"@type\":\"WebSite\",\"@id\":\"https:\\\/\\\/www.eldiario.net\\\/portal\\\/#website\",\"url\":\"https:\\\/\\\/www.eldiario.net\\\/portal\\\/\",\"name\":\"El Diario - Decano de la prensa nacional\",\"description\":\"El Diario - Decano de la prensa nacional\",\"publisher\":{\"@id\":\"https:\\\/\\\/www.eldiario.net\\\/portal\\\/#organization\"},\"potentialAction\":[{\"@type\":\"SearchAction\",\"target\":{\"@type\":\"EntryPoint\",\"urlTemplate\":\"https:\\\/\\\/www.eldiario.net\\\/portal\\\/?s={search_term_string}\"},\"query-input\":{\"@type\":\"PropertyValueSpecification\",\"valueRequired\":true,\"valueName\":\"search_term_string\"}}],\"inLanguage\":\"es\"},{\"@type\":\"Organization\",\"@id\":\"https:\\\/\\\/www.eldiario.net\\\/portal\\\/#organization\",\"name\":\"El Diario - Decano de la prensa nacional\",\"url\":\"https:\\\/\\\/www.eldiario.net\\\/portal\\\/\",\"logo\":{\"@type\":\"ImageObject\",\"inLanguage\":\"es\",\"@id\":\"https:\\\/\\\/www.eldiario.net\\\/portal\\\/#\\\/schema\\\/logo\\\/image\\\/\",\"url\":\"https:\\\/\\\/www.eldiario.net\\\/portal\\\/wp-content\\\/uploads\\\/2023\\\/07\\\/logo_ED.jpg\",\"contentUrl\":\"https:\\\/\\\/www.eldiario.net\\\/portal\\\/wp-content\\\/uploads\\\/2023\\\/07\\\/logo_ED.jpg\",\"width\":272,\"height\":52,\"caption\":\"El Diario - Decano de la prensa nacional\"},\"image\":{\"@id\":\"https:\\\/\\\/www.eldiario.net\\\/portal\\\/#\\\/schema\\\/logo\\\/image\\\/\"},\"sameAs\":[\"https:\\\/\\\/www.facebook.com\\\/eldiario.bolivia\\\/\",\"https:\\\/\\\/x.com\\\/eldiario_net\"]},{\"@type\":\"Person\",\"@id\":\"https:\\\/\\\/www.eldiario.net\\\/portal\\\/#\\\/schema\\\/person\\\/f46445640444750d7d753ccd04ae01b7\",\"name\":\"Jeanette\",\"image\":{\"@type\":\"ImageObject\",\"inLanguage\":\"es\",\"@id\":\"https:\\\/\\\/secure.gravatar.com\\\/avatar\\\/3ea2118a5f7dad2b7138b1187a6b7ee55f160b9968b66013c3a3ef39dd7e5798?s=96&d=mm&r=g\",\"url\":\"https:\\\/\\\/secure.gravatar.com\\\/avatar\\\/3ea2118a5f7dad2b7138b1187a6b7ee55f160b9968b66013c3a3ef39dd7e5798?s=96&d=mm&r=g\",\"contentUrl\":\"https:\\\/\\\/secure.gravatar.com\\\/avatar\\\/3ea2118a5f7dad2b7138b1187a6b7ee55f160b9968b66013c3a3ef39dd7e5798?s=96&d=mm&r=g\",\"caption\":\"Jeanette\"},\"sameAs\":[\"https:\\\/\\\/www.eldiario.net\\\/portal\"],\"url\":\"https:\\\/\\\/www.eldiario.net\\\/portal\\\/author\\\/jeanette\\\/\"}]}<\/script>\n<!-- \/ Yoast SEO plugin. -->","yoast_head_json":{"title":"Protestas y cacerolazos se extienden en Caracas tras denuncias de fraude - El Diario - Bolivia","robots":{"index":"index","follow":"follow","max-snippet":"max-snippet:-1","max-image-preview":"max-image-preview:large","max-video-preview":"max-video-preview:-1"},"canonical":"https:\/\/www.eldiario.net\/portal\/2024\/07\/30\/protestas-y-cacerolazos-se-extienden-en-caracas-tras-denuncias-de-fraude\/","og_locale":"es_ES","og_type":"article","og_title":"Protestas y cacerolazos se extienden en Caracas tras denuncias de fraude - El Diario - Bolivia","og_description":"Las protestas con cacerolas se extendieron a todo Caracas, un d\u00eda despu\u00e9s de que\u00a0Nicol\u00e1s Maduro\u00a0se proclamara vencedor en las elecciones presidenciales en ese pa\u00eds en medio de las\u00a0acusaciones de fraude\u00a0de la oposici\u00f3n y las dudas de la comunidad internacional. La oposici\u00f3n y los principales pa\u00edses de la regi\u00f3n rechazaron los resultados oficiales. Los manifestantes se [&hellip;]","og_url":"https:\/\/www.eldiario.net\/portal\/2024\/07\/30\/protestas-y-cacerolazos-se-extienden-en-caracas-tras-denuncias-de-fraude\/","og_site_name":"El Diario - Bolivia","article_publisher":"https:\/\/www.facebook.com\/eldiario.bolivia\/","article_published_time":"2024-07-30T10:49:07+00:00","og_image":[{"width":992,"height":661,"url":"https:\/\/www.eldiario.net\/portal\/wp-content\/uploads\/2024\/07\/Protesta-3-Efe.jpg","type":"image\/jpeg"}],"author":"Jeanette","twitter_card":"summary_large_image","twitter_creator":"@eldiario_net","twitter_site":"@eldiario_net","twitter_misc":{"Escrito por":"Jeanette","Tiempo de lectura":"5 minutos"},"schema":{"@context":"https:\/\/schema.org","@graph":[{"@type":"Article","@id":"https:\/\/www.eldiario.net\/portal\/2024\/07\/30\/protestas-y-cacerolazos-se-extienden-en-caracas-tras-denuncias-de-fraude\/#article","isPartOf":{"@id":"https:\/\/www.eldiario.net\/portal\/2024\/07\/30\/protestas-y-cacerolazos-se-extienden-en-caracas-tras-denuncias-de-fraude\/"},"author":{"name":"Jeanette","@id":"https:\/\/www.eldiario.net\/portal\/#\/schema\/person\/f46445640444750d7d753ccd04ae01b7"},"headline":"Protestas y cacerolazos se extienden en Caracas tras denuncias de fraude","datePublished":"2024-07-30T10:49:07+00:00","mainEntityOfPage":{"@id":"https:\/\/www.eldiario.net\/portal\/2024\/07\/30\/protestas-y-cacerolazos-se-extienden-en-caracas-tras-denuncias-de-fraude\/"},"wordCount":1007,"commentCount":0,"publisher":{"@id":"https:\/\/www.eldiario.net\/portal\/#organization"},"image":{"@id":"https:\/\/www.eldiario.net\/portal\/2024\/07\/30\/protestas-y-cacerolazos-se-extienden-en-caracas-tras-denuncias-de-fraude\/#primaryimage"},"thumbnailUrl":"https:\/\/www.eldiario.net\/portal\/wp-content\/uploads\/2024\/07\/Protesta-3-Efe.jpg","articleSection":["Internacional"],"inLanguage":"es","potentialAction":[{"@type":"CommentAction","name":"Comment","target":["https:\/\/www.eldiario.net\/portal\/2024\/07\/30\/protestas-y-cacerolazos-se-extienden-en-caracas-tras-denuncias-de-fraude\/#respond"]}]},{"@type":"WebPage","@id":"https:\/\/www.eldiario.net\/portal\/2024\/07\/30\/protestas-y-cacerolazos-se-extienden-en-caracas-tras-denuncias-de-fraude\/","url":"https:\/\/www.eldiario.net\/portal\/2024\/07\/30\/protestas-y-cacerolazos-se-extienden-en-caracas-tras-denuncias-de-fraude\/","name":"Protestas y cacerolazos se extienden en Caracas tras denuncias de fraude - El Diario - Bolivia","isPartOf":{"@id":"https:\/\/www.eldiario.net\/portal\/#website"},"primaryImageOfPage":{"@id":"https:\/\/www.eldiario.net\/portal\/2024\/07\/30\/protestas-y-cacerolazos-se-extienden-en-caracas-tras-denuncias-de-fraude\/#primaryimage"},"image":{"@id":"https:\/\/www.eldiario.net\/portal\/2024\/07\/30\/protestas-y-cacerolazos-se-extienden-en-caracas-tras-denuncias-de-fraude\/#primaryimage"},"thumbnailUrl":"https:\/\/www.eldiario.net\/portal\/wp-content\/uploads\/2024\/07\/Protesta-3-Efe.jpg","datePublished":"2024-07-30T10:49:07+00:00","breadcrumb":{"@id":"https:\/\/www.eldiario.net\/portal\/2024\/07\/30\/protestas-y-cacerolazos-se-extienden-en-caracas-tras-denuncias-de-fraude\/#breadcrumb"},"inLanguage":"es","potentialAction":[{"@type":"ReadAction","target":["https:\/\/www.eldiario.net\/portal\/2024\/07\/30\/protestas-y-cacerolazos-se-extienden-en-caracas-tras-denuncias-de-fraude\/"]}]},{"@type":"ImageObject","inLanguage":"es","@id":"https:\/\/www.eldiario.net\/portal\/2024\/07\/30\/protestas-y-cacerolazos-se-extienden-en-caracas-tras-denuncias-de-fraude\/#primaryimage","url":"https:\/\/www.eldiario.net\/portal\/wp-content\/uploads\/2024\/07\/Protesta-3-Efe.jpg","contentUrl":"https:\/\/www.eldiario.net\/portal\/wp-content\/uploads\/2024\/07\/Protesta-3-Efe.jpg","width":992,"height":661,"caption":"Una mujer sostiene una pancarta en la manifestaci\u00f3n convocada por la oposici\u00f3n venezolana un d\u00eda despu\u00e9s de las elecciones en el pa\u00eds, este lunes en Madrid. CR\u00c9DITO: EFE"},{"@type":"BreadcrumbList","@id":"https:\/\/www.eldiario.net\/portal\/2024\/07\/30\/protestas-y-cacerolazos-se-extienden-en-caracas-tras-denuncias-de-fraude\/#breadcrumb","itemListElement":[{"@type":"ListItem","position":1,"name":"Portada","item":"https:\/\/www.eldiario.net\/portal\/"},{"@type":"ListItem","position":2,"name":"Protestas y cacerolazos se extienden en Caracas tras denuncias de fraude"}]},{"@type":"WebSite","@id":"https:\/\/www.eldiario.net\/portal\/#website","url":"https:\/\/www.eldiario.net\/portal\/","name":"El Diario - Decano de la prensa nacional","description":"El Diario - Decano de la prensa nacional","publisher":{"@id":"https:\/\/www.eldiario.net\/portal\/#organization"},"potentialAction":[{"@type":"SearchAction","target":{"@type":"EntryPoint","urlTemplate":"https:\/\/www.eldiario.net\/portal\/?s={search_term_string}"},"query-input":{"@type":"PropertyValueSpecification","valueRequired":true,"valueName":"search_term_string"}}],"inLanguage":"es"},{"@type":"Organization","@id":"https:\/\/www.eldiario.net\/portal\/#organization","name":"El Diario - Decano de la prensa nacional","url":"https:\/\/www.eldiario.net\/portal\/","logo":{"@type":"ImageObject","inLanguage":"es","@id":"https:\/\/www.eldiario.net\/portal\/#\/schema\/logo\/image\/","url":"https:\/\/www.eldiario.net\/portal\/wp-content\/uploads\/2023\/07\/logo_ED.jpg","contentUrl":"https:\/\/www.eldiario.net\/portal\/wp-content\/uploads\/2023\/07\/logo_ED.jpg","width":272,"height":52,"caption":"El Diario - Decano de la prensa nacional"},"image":{"@id":"https:\/\/www.eldiario.net\/portal\/#\/schema\/logo\/image\/"},"sameAs":["https:\/\/www.facebook.com\/eldiario.bolivia\/","https:\/\/x.com\/eldiario_net"]},{"@type":"Person","@id":"https:\/\/www.eldiario.net\/portal\/#\/schema\/person\/f46445640444750d7d753ccd04ae01b7","name":"Jeanette","image":{"@type":"ImageObject","inLanguage":"es","@id":"https:\/\/secure.gravatar.com\/avatar\/3ea2118a5f7dad2b7138b1187a6b7ee55f160b9968b66013c3a3ef39dd7e5798?s=96&d=mm&r=g","url":"https:\/\/secure.gravatar.com\/avatar\/3ea2118a5f7dad2b7138b1187a6b7ee55f160b9968b66013c3a3ef39dd7e5798?s=96&d=mm&r=g","contentUrl":"https:\/\/secure.gravatar.com\/avatar\/3ea2118a5f7dad2b7138b1187a6b7ee55f160b9968b66013c3a3ef39dd7e5798?s=96&d=mm&r=g","caption":"Jeanette"},"sameAs":["https:\/\/www.eldiario.net\/portal"],"url":"https:\/\/www.eldiario.net\/portal\/author\/jeanette\/"}]}},"_links":{"self":[{"href":"https:\/\/www.eldiario.net\/portal\/wp-json\/wp\/v2\/posts\/237412","targetHints":{"allow":["GET"]}}],"collection":[{"href":"https:\/\/www.eldiario.net\/portal\/wp-json\/wp\/v2\/posts"}],"about":[{"href":"https:\/\/www.eldiario.net\/portal\/wp-json\/wp\/v2\/types\/post"}],"author":[{"embeddable":true,"href":"https:\/\/www.eldiario.net\/portal\/wp-json\/wp\/v2\/users\/1"}],"replies":[{"embeddable":true,"href":"https:\/\/www.eldiario.net\/portal\/wp-json\/wp\/v2\/comments?post=237412"}],"version-history":[{"count":1,"href":"https:\/\/www.eldiario.net\/portal\/wp-json\/wp\/v2\/posts\/237412\/revisions"}],"predecessor-version":[{"id":237416,"href":"https:\/\/www.eldiario.net\/portal\/wp-json\/wp\/v2\/posts\/237412\/revisions\/237416"}],"wp:featuredmedia":[{"embeddable":true,"href":"https:\/\/www.eldiario.net\/portal\/wp-json\/wp\/v2\/media\/237413"}],"wp:attachment":[{"href":"https:\/\/www.eldiario.net\/portal\/wp-json\/wp\/v2\/media?parent=237412"}],"wp:term":[{"taxonomy":"category","embeddable":true,"href":"https:\/\/www.eldiario.net\/portal\/wp-json\/wp\/v2\/categories?post=237412"},{"taxonomy":"post_tag","embeddable":true,"href":"https:\/\/www.eldiario.net\/portal\/wp-json\/wp\/v2\/tags?post=237412"}],"curies":[{"name":"wp","href":"https:\/\/api.w.org\/{rel}","templated":true}]}}