{"id":237406,"date":"2024-07-30T06:45:36","date_gmt":"2024-07-30T10:45:36","guid":{"rendered":"https:\/\/www.eldiario.net\/portal\/?p=237406"},"modified":"2024-07-30T06:45:36","modified_gmt":"2024-07-30T10:45:36","slug":"panama-suspende-relaciones-con-venezuela-y-retira-a-diplomaticos","status":"publish","type":"post","link":"https:\/\/www.eldiario.net\/portal\/2024\/07\/30\/panama-suspende-relaciones-con-venezuela-y-retira-a-diplomaticos\/","title":{"rendered":"Panam\u00e1 suspende relaciones con  Venezuela y retira a diplom\u00e1ticos"},"content":{"rendered":"<p class=\"v1MsoNormal\">El Gobierno de Panam\u00e1 anunci\u00f3 ayer que suspende las relaciones diplom\u00e1ticas con Venezuela y confirm\u00f3 el retiro de su personal diplom\u00e1tico del pa\u00eds latinoamericano \u00abhasta que no se realice una revisi\u00f3n de las actas\u00bb de las elecciones presidenciales del pasado domingo.<\/p>\n<p class=\"v1MsoNormal\">\u00abLa fr\u00e1gil relaci\u00f3n establecida en los \u00faltimos a\u00f1os con la Rep\u00fablica de Venezuela se ha da\u00f1ado de forma contundente en los \u00faltimos d\u00edas. Primero, a ra\u00edz del cierre unilateral por parte del Gobierno venezolano del espacio a\u00e9reo para vuelos de nuestra l\u00ednea a\u00e9rea Copa Airlines el d\u00eda viernes 26 de julio\u00bb, ha explicado el presidente Jos\u00e9 Ra\u00fal Mulino.<\/p>\n<p class=\"v1MsoNormal\">Asimismo, tild\u00f3 las elecciones de \u00abavasallamiento sobre el sistema democr\u00e1tico libre, abierto y transparente\u00bb. \u00abNo podemos mirar para otro lado ante el intento de golpe institucional a la decisi\u00f3n soberana del pueblo de Venezuela\u00bb, agreg\u00f3.<\/p>\n<p class=\"v1MsoNormal\">El presidente paname\u00f1o indic\u00f3 que \u00abno queda otro camino que esta decisi\u00f3n\u00bb hasta que las autoridades venezolanas no lleven a cabo una revisi\u00f3n de las actas electorales, as\u00ed como del sistema inform\u00e1tico del escrutinio de votaci\u00f3n.<\/p>\n<p class=\"v1MsoNormal\">\u00abLos millones de venezolanos en su pa\u00eds y en el exterior merecen que se respete la genuina voluntad popular. Los principios y valores democr\u00e1ticos no son negociables\u00bb, resalt\u00f3, agregando que no puede permitir que su silencio \u00abse convierta en complicidad\u00bb.<\/p>\n<p class=\"v1MsoNormal\">Preguntado por una ruptura total, Mulino se\u00f1al\u00f3 que quedan suspendidas las relaciones, \u00abque hasta el d\u00eda de hoy no eran las mejores ni las de m\u00e1s alto nivel\u00bb. \u00abVenezuela no ten\u00eda o no tiene hasta el d\u00eda de hoy embajador en Panam\u00e1. Panam\u00e1 no tiene embajador en Caracas y no va a tener embajador en Caracas\u00bb, manifest\u00f3.<\/p>\n<p class=\"v1MsoNormal\">Esto se produce despu\u00e9s de que varios expresidentes latinoamericanos a bordo de un avi\u00f3n de la aerol\u00ednea paname\u00f1a Copa Airlines con destino a Venezuela para ser observadores de las elecciones presidenciales se quedaran en tierra el viernes en el aeropuerto de Panam\u00e1 debido a un \u00abbloqueo del espacio a\u00e9reo venezolano\u00bb.<\/p>\n<p class=\"v1MsoNormal\">A bordo del avi\u00f3n iba el expresidente mexicano Vicente Fox, la expresidenta paname\u00f1a Mireya Moscoso, as\u00ed como el exmandatario costarricense Miguel \u00c1nguel Rodr\u00edguez y el boliviano Jorge Tuto Quiroga. Tambi\u00e9n estuvo presente la exvicepresidenta colombiana Marta Luc\u00eda Ram\u00edrez.<\/p>\n<p class=\"v1MsoNormal\">El episodio provoc\u00f3 una condena por parte del ministro de Exteriores de Panam\u00e1, Javier Mart\u00ednez Acha, quien anunci\u00f3 que el Ejecutivo convocar\u00eda a la responsable de la misi\u00f3n diplom\u00e1tica de Venezuela en Panam\u00e1 para dar explicaciones por lo sucedido.<\/p>\n<p class=\"v1MsoNormal\">El presidente venezolano, Nicol\u00e1s Maduro, ha obtenido 5,1 millones de votos, seg\u00fan el 80 por ciento del escrutinio. Por su parte, el candidato opositor, Edmundo Gonz\u00e1lez, ha quedado en segundo lugar con el 44 por ciento de los votos (4,4 millones de votos). (Europa Press)<\/p>\n","protected":false},"excerpt":{"rendered":"<p>El Gobierno de Panam\u00e1 anunci\u00f3 ayer que suspende las relaciones diplom\u00e1ticas con Venezuela y confirm\u00f3 el retiro de su personal diplom\u00e1tico del pa\u00eds latinoamericano \u00abhasta que no se realice una revisi\u00f3n de las actas\u00bb de las elecciones presidenciales del pasado domingo. \u00abLa fr\u00e1gil relaci\u00f3n establecida en los \u00faltimos a\u00f1os con la Rep\u00fablica de Venezuela se [&hellip;]<\/p>\n","protected":false},"author":1,"featured_media":237407,"comment_status":"open","ping_status":"open","sticky":false,"template":"","format":"standard","meta":{"_acf_changed":false,"footnotes":""},"categories":[3],"tags":[],"class_list":["post-237406","post","type-post","status-publish","format-standard","has-post-thumbnail","category-internacional"],"acf":{"antetitulo":"Pide revisi\u00f3n de las actas"},"yoast_head":"<!-- This site is optimized with the Yoast SEO plugin v28.4 - https:\/\/yoast.com\/product\/yoast-seo-wordpress\/ -->\n<title>Panam\u00e1 suspende relaciones con Venezuela y retira a diplom\u00e1ticos - El Diario - Bolivia<\/title>\n<meta name=\"robots\" content=\"index, follow, max-snippet:-1, max-image-preview:large, max-video-preview:-1\" \/>\n<link rel=\"canonical\" href=\"https:\/\/www.eldiario.net\/portal\/2024\/07\/30\/panama-suspende-relaciones-con-venezuela-y-retira-a-diplomaticos\/\" \/>\n<meta property=\"og:locale\" content=\"es_ES\" \/>\n<meta property=\"og:type\" content=\"article\" \/>\n<meta property=\"og:title\" content=\"Panam\u00e1 suspende relaciones con Venezuela y retira a diplom\u00e1ticos - El Diario - Bolivia\" \/>\n<meta property=\"og:description\" content=\"El Gobierno de Panam\u00e1 anunci\u00f3 ayer que suspende las relaciones diplom\u00e1ticas con Venezuela y confirm\u00f3 el retiro de su personal diplom\u00e1tico del pa\u00eds latinoamericano \u00abhasta que no se realice una revisi\u00f3n de las actas\u00bb de las elecciones presidenciales del pasado domingo. \u00abLa fr\u00e1gil relaci\u00f3n establecida en los \u00faltimos a\u00f1os con la Rep\u00fablica de Venezuela se [&hellip;]\" \/>\n<meta property=\"og:url\" content=\"https:\/\/www.eldiario.net\/portal\/2024\/07\/30\/panama-suspende-relaciones-con-venezuela-y-retira-a-diplomaticos\/\" \/>\n<meta property=\"og:site_name\" content=\"El Diario - Bolivia\" \/>\n<meta property=\"article:publisher\" content=\"https:\/\/www.facebook.com\/eldiario.bolivia\/\" \/>\n<meta property=\"article:published_time\" content=\"2024-07-30T10:45:36+00:00\" \/>\n<meta property=\"og:image\" content=\"https:\/\/www.eldiario.net\/portal\/wp-content\/uploads\/2024\/07\/Panama-LG.jpg\" \/>\n\t<meta property=\"og:image:width\" content=\"1199\" \/>\n\t<meta property=\"og:image:height\" content=\"800\" \/>\n\t<meta property=\"og:image:type\" content=\"image\/jpeg\" \/>\n<meta name=\"author\" content=\"Jeanette\" \/>\n<meta name=\"twitter:card\" content=\"summary_large_image\" \/>\n<meta name=\"twitter:creator\" content=\"@eldiario_net\" \/>\n<meta name=\"twitter:site\" content=\"@eldiario_net\" \/>\n<meta name=\"twitter:label1\" content=\"Escrito por\" \/>\n\t<meta name=\"twitter:data1\" content=\"Jeanette\" \/>\n\t<meta name=\"twitter:label2\" content=\"Tiempo de lectura\" \/>\n\t<meta name=\"twitter:data2\" content=\"3 minutos\" \/>\n<script type=\"application\/ld+json\" class=\"yoast-schema-graph\">{\"@context\":\"https:\\\/\\\/schema.org\",\"@graph\":[{\"@type\":\"Article\",\"@id\":\"https:\\\/\\\/www.eldiario.net\\\/portal\\\/2024\\\/07\\\/30\\\/panama-suspende-relaciones-con-venezuela-y-retira-a-diplomaticos\\\/#article\",\"isPartOf\":{\"@id\":\"https:\\\/\\\/www.eldiario.net\\\/portal\\\/2024\\\/07\\\/30\\\/panama-suspende-relaciones-con-venezuela-y-retira-a-diplomaticos\\\/\"},\"author\":{\"name\":\"Jeanette\",\"@id\":\"https:\\\/\\\/www.eldiario.net\\\/portal\\\/#\\\/schema\\\/person\\\/2c57cf2b7a7ae032e449e4c9b1019eac\"},\"headline\":\"Panam\u00e1 suspende relaciones con Venezuela y retira a diplom\u00e1ticos\",\"datePublished\":\"2024-07-30T10:45:36+00:00\",\"mainEntityOfPage\":{\"@id\":\"https:\\\/\\\/www.eldiario.net\\\/portal\\\/2024\\\/07\\\/30\\\/panama-suspende-relaciones-con-venezuela-y-retira-a-diplomaticos\\\/\"},\"wordCount\":492,\"commentCount\":0,\"publisher\":{\"@id\":\"https:\\\/\\\/www.eldiario.net\\\/portal\\\/#organization\"},\"image\":{\"@id\":\"https:\\\/\\\/www.eldiario.net\\\/portal\\\/2024\\\/07\\\/30\\\/panama-suspende-relaciones-con-venezuela-y-retira-a-diplomaticos\\\/#primaryimage\"},\"thumbnailUrl\":\"https:\\\/\\\/www.eldiario.net\\\/portal\\\/wp-content\\\/uploads\\\/2024\\\/07\\\/Panama-LG.jpg\",\"articleSection\":[\"Internacional\"],\"inLanguage\":\"es\",\"potentialAction\":[{\"@type\":\"CommentAction\",\"name\":\"Comment\",\"target\":[\"https:\\\/\\\/www.eldiario.net\\\/portal\\\/2024\\\/07\\\/30\\\/panama-suspende-relaciones-con-venezuela-y-retira-a-diplomaticos\\\/#respond\"]}]},{\"@type\":\"WebPage\",\"@id\":\"https:\\\/\\\/www.eldiario.net\\\/portal\\\/2024\\\/07\\\/30\\\/panama-suspende-relaciones-con-venezuela-y-retira-a-diplomaticos\\\/\",\"url\":\"https:\\\/\\\/www.eldiario.net\\\/portal\\\/2024\\\/07\\\/30\\\/panama-suspende-relaciones-con-venezuela-y-retira-a-diplomaticos\\\/\",\"name\":\"Panam\u00e1 suspende relaciones con Venezuela y retira a diplom\u00e1ticos - El Diario - Bolivia\",\"isPartOf\":{\"@id\":\"https:\\\/\\\/www.eldiario.net\\\/portal\\\/#website\"},\"primaryImageOfPage\":{\"@id\":\"https:\\\/\\\/www.eldiario.net\\\/portal\\\/2024\\\/07\\\/30\\\/panama-suspende-relaciones-con-venezuela-y-retira-a-diplomaticos\\\/#primaryimage\"},\"image\":{\"@id\":\"https:\\\/\\\/www.eldiario.net\\\/portal\\\/2024\\\/07\\\/30\\\/panama-suspende-relaciones-con-venezuela-y-retira-a-diplomaticos\\\/#primaryimage\"},\"thumbnailUrl\":\"https:\\\/\\\/www.eldiario.net\\\/portal\\\/wp-content\\\/uploads\\\/2024\\\/07\\\/Panama-LG.jpg\",\"datePublished\":\"2024-07-30T10:45:36+00:00\",\"breadcrumb\":{\"@id\":\"https:\\\/\\\/www.eldiario.net\\\/portal\\\/2024\\\/07\\\/30\\\/panama-suspende-relaciones-con-venezuela-y-retira-a-diplomaticos\\\/#breadcrumb\"},\"inLanguage\":\"es\",\"potentialAction\":[{\"@type\":\"ReadAction\",\"target\":[\"https:\\\/\\\/www.eldiario.net\\\/portal\\\/2024\\\/07\\\/30\\\/panama-suspende-relaciones-con-venezuela-y-retira-a-diplomaticos\\\/\"]}]},{\"@type\":\"ImageObject\",\"inLanguage\":\"es\",\"@id\":\"https:\\\/\\\/www.eldiario.net\\\/portal\\\/2024\\\/07\\\/30\\\/panama-suspende-relaciones-con-venezuela-y-retira-a-diplomaticos\\\/#primaryimage\",\"url\":\"https:\\\/\\\/www.eldiario.net\\\/portal\\\/wp-content\\\/uploads\\\/2024\\\/07\\\/Panama-LG.jpg\",\"contentUrl\":\"https:\\\/\\\/www.eldiario.net\\\/portal\\\/wp-content\\\/uploads\\\/2024\\\/07\\\/Panama-LG.jpg\",\"width\":1199,\"height\":800,\"caption\":\"El presidente de Panam\u00e1, Jos\u00e9 Ra\u00fal Mulino. CR\u00c9DITO: La Gaceta\"},{\"@type\":\"BreadcrumbList\",\"@id\":\"https:\\\/\\\/www.eldiario.net\\\/portal\\\/2024\\\/07\\\/30\\\/panama-suspende-relaciones-con-venezuela-y-retira-a-diplomaticos\\\/#breadcrumb\",\"itemListElement\":[{\"@type\":\"ListItem\",\"position\":1,\"name\":\"Portada\",\"item\":\"https:\\\/\\\/www.eldiario.net\\\/portal\\\/\"},{\"@type\":\"ListItem\",\"position\":2,\"name\":\"Panam\u00e1 suspende relaciones con Venezuela y retira a diplom\u00e1ticos\"}]},{\"@type\":\"WebSite\",\"@id\":\"https:\\\/\\\/www.eldiario.net\\\/portal\\\/#website\",\"url\":\"https:\\\/\\\/www.eldiario.net\\\/portal\\\/\",\"name\":\"El Diario - Decano de la prensa nacional\",\"description\":\"El Diario - Decano de la prensa nacional\",\"publisher\":{\"@id\":\"https:\\\/\\\/www.eldiario.net\\\/portal\\\/#organization\"},\"potentialAction\":[{\"@type\":\"SearchAction\",\"target\":{\"@type\":\"EntryPoint\",\"urlTemplate\":\"https:\\\/\\\/www.eldiario.net\\\/portal\\\/?s={search_term_string}\"},\"query-input\":{\"@type\":\"PropertyValueSpecification\",\"valueRequired\":true,\"valueName\":\"search_term_string\"}}],\"inLanguage\":\"es\"},{\"@type\":\"Organization\",\"@id\":\"https:\\\/\\\/www.eldiario.net\\\/portal\\\/#organization\",\"name\":\"El Diario - Decano de la prensa nacional\",\"url\":\"https:\\\/\\\/www.eldiario.net\\\/portal\\\/\",\"logo\":{\"@type\":\"ImageObject\",\"inLanguage\":\"es\",\"@id\":\"https:\\\/\\\/www.eldiario.net\\\/portal\\\/#\\\/schema\\\/logo\\\/image\\\/\",\"url\":\"https:\\\/\\\/www.eldiario.net\\\/portal\\\/wp-content\\\/uploads\\\/2023\\\/07\\\/logo_ED.jpg\",\"contentUrl\":\"https:\\\/\\\/www.eldiario.net\\\/portal\\\/wp-content\\\/uploads\\\/2023\\\/07\\\/logo_ED.jpg\",\"width\":272,\"height\":52,\"caption\":\"El Diario - Decano de la prensa nacional\"},\"image\":{\"@id\":\"https:\\\/\\\/www.eldiario.net\\\/portal\\\/#\\\/schema\\\/logo\\\/image\\\/\"},\"sameAs\":[\"https:\\\/\\\/www.facebook.com\\\/eldiario.bolivia\\\/\",\"https:\\\/\\\/x.com\\\/eldiario_net\"]},{\"@type\":\"Person\",\"@id\":\"https:\\\/\\\/www.eldiario.net\\\/portal\\\/#\\\/schema\\\/person\\\/2c57cf2b7a7ae032e449e4c9b1019eac\",\"name\":\"Jeanette\",\"image\":{\"@type\":\"ImageObject\",\"inLanguage\":\"es\",\"@id\":\"https:\\\/\\\/secure.gravatar.com\\\/avatar\\\/3ea2118a5f7dad2b7138b1187a6b7ee55f160b9968b66013c3a3ef39dd7e5798?s=96&d=mm&r=g\",\"url\":\"https:\\\/\\\/secure.gravatar.com\\\/avatar\\\/3ea2118a5f7dad2b7138b1187a6b7ee55f160b9968b66013c3a3ef39dd7e5798?s=96&d=mm&r=g\",\"contentUrl\":\"https:\\\/\\\/secure.gravatar.com\\\/avatar\\\/3ea2118a5f7dad2b7138b1187a6b7ee55f160b9968b66013c3a3ef39dd7e5798?s=96&d=mm&r=g\",\"caption\":\"Jeanette\"},\"sameAs\":[\"https:\\\/\\\/www.eldiario.net\\\/portal\"],\"url\":\"https:\\\/\\\/www.eldiario.net\\\/portal\\\/author\\\/jeanette\\\/\"}]}<\/script>\n<!-- \/ Yoast SEO plugin. -->","yoast_head_json":{"title":"Panam\u00e1 suspende relaciones con Venezuela y retira a diplom\u00e1ticos - El Diario - Bolivia","robots":{"index":"index","follow":"follow","max-snippet":"max-snippet:-1","max-image-preview":"max-image-preview:large","max-video-preview":"max-video-preview:-1"},"canonical":"https:\/\/www.eldiario.net\/portal\/2024\/07\/30\/panama-suspende-relaciones-con-venezuela-y-retira-a-diplomaticos\/","og_locale":"es_ES","og_type":"article","og_title":"Panam\u00e1 suspende relaciones con Venezuela y retira a diplom\u00e1ticos - El Diario - Bolivia","og_description":"El Gobierno de Panam\u00e1 anunci\u00f3 ayer que suspende las relaciones diplom\u00e1ticas con Venezuela y confirm\u00f3 el retiro de su personal diplom\u00e1tico del pa\u00eds latinoamericano \u00abhasta que no se realice una revisi\u00f3n de las actas\u00bb de las elecciones presidenciales del pasado domingo. \u00abLa fr\u00e1gil relaci\u00f3n establecida en los \u00faltimos a\u00f1os con la Rep\u00fablica de Venezuela se [&hellip;]","og_url":"https:\/\/www.eldiario.net\/portal\/2024\/07\/30\/panama-suspende-relaciones-con-venezuela-y-retira-a-diplomaticos\/","og_site_name":"El Diario - Bolivia","article_publisher":"https:\/\/www.facebook.com\/eldiario.bolivia\/","article_published_time":"2024-07-30T10:45:36+00:00","og_image":[{"width":1199,"height":800,"url":"https:\/\/www.eldiario.net\/portal\/wp-content\/uploads\/2024\/07\/Panama-LG.jpg","type":"image\/jpeg"}],"author":"Jeanette","twitter_card":"summary_large_image","twitter_creator":"@eldiario_net","twitter_site":"@eldiario_net","twitter_misc":{"Escrito por":"Jeanette","Tiempo de lectura":"3 minutos"},"schema":{"@context":"https:\/\/schema.org","@graph":[{"@type":"Article","@id":"https:\/\/www.eldiario.net\/portal\/2024\/07\/30\/panama-suspende-relaciones-con-venezuela-y-retira-a-diplomaticos\/#article","isPartOf":{"@id":"https:\/\/www.eldiario.net\/portal\/2024\/07\/30\/panama-suspende-relaciones-con-venezuela-y-retira-a-diplomaticos\/"},"author":{"name":"Jeanette","@id":"https:\/\/www.eldiario.net\/portal\/#\/schema\/person\/2c57cf2b7a7ae032e449e4c9b1019eac"},"headline":"Panam\u00e1 suspende relaciones con Venezuela y retira a diplom\u00e1ticos","datePublished":"2024-07-30T10:45:36+00:00","mainEntityOfPage":{"@id":"https:\/\/www.eldiario.net\/portal\/2024\/07\/30\/panama-suspende-relaciones-con-venezuela-y-retira-a-diplomaticos\/"},"wordCount":492,"commentCount":0,"publisher":{"@id":"https:\/\/www.eldiario.net\/portal\/#organization"},"image":{"@id":"https:\/\/www.eldiario.net\/portal\/2024\/07\/30\/panama-suspende-relaciones-con-venezuela-y-retira-a-diplomaticos\/#primaryimage"},"thumbnailUrl":"https:\/\/www.eldiario.net\/portal\/wp-content\/uploads\/2024\/07\/Panama-LG.jpg","articleSection":["Internacional"],"inLanguage":"es","potentialAction":[{"@type":"CommentAction","name":"Comment","target":["https:\/\/www.eldiario.net\/portal\/2024\/07\/30\/panama-suspende-relaciones-con-venezuela-y-retira-a-diplomaticos\/#respond"]}]},{"@type":"WebPage","@id":"https:\/\/www.eldiario.net\/portal\/2024\/07\/30\/panama-suspende-relaciones-con-venezuela-y-retira-a-diplomaticos\/","url":"https:\/\/www.eldiario.net\/portal\/2024\/07\/30\/panama-suspende-relaciones-con-venezuela-y-retira-a-diplomaticos\/","name":"Panam\u00e1 suspende relaciones con Venezuela y retira a diplom\u00e1ticos - El Diario - Bolivia","isPartOf":{"@id":"https:\/\/www.eldiario.net\/portal\/#website"},"primaryImageOfPage":{"@id":"https:\/\/www.eldiario.net\/portal\/2024\/07\/30\/panama-suspende-relaciones-con-venezuela-y-retira-a-diplomaticos\/#primaryimage"},"image":{"@id":"https:\/\/www.eldiario.net\/portal\/2024\/07\/30\/panama-suspende-relaciones-con-venezuela-y-retira-a-diplomaticos\/#primaryimage"},"thumbnailUrl":"https:\/\/www.eldiario.net\/portal\/wp-content\/uploads\/2024\/07\/Panama-LG.jpg","datePublished":"2024-07-30T10:45:36+00:00","breadcrumb":{"@id":"https:\/\/www.eldiario.net\/portal\/2024\/07\/30\/panama-suspende-relaciones-con-venezuela-y-retira-a-diplomaticos\/#breadcrumb"},"inLanguage":"es","potentialAction":[{"@type":"ReadAction","target":["https:\/\/www.eldiario.net\/portal\/2024\/07\/30\/panama-suspende-relaciones-con-venezuela-y-retira-a-diplomaticos\/"]}]},{"@type":"ImageObject","inLanguage":"es","@id":"https:\/\/www.eldiario.net\/portal\/2024\/07\/30\/panama-suspende-relaciones-con-venezuela-y-retira-a-diplomaticos\/#primaryimage","url":"https:\/\/www.eldiario.net\/portal\/wp-content\/uploads\/2024\/07\/Panama-LG.jpg","contentUrl":"https:\/\/www.eldiario.net\/portal\/wp-content\/uploads\/2024\/07\/Panama-LG.jpg","width":1199,"height":800,"caption":"El presidente de Panam\u00e1, Jos\u00e9 Ra\u00fal Mulino. CR\u00c9DITO: La Gaceta"},{"@type":"BreadcrumbList","@id":"https:\/\/www.eldiario.net\/portal\/2024\/07\/30\/panama-suspende-relaciones-con-venezuela-y-retira-a-diplomaticos\/#breadcrumb","itemListElement":[{"@type":"ListItem","position":1,"name":"Portada","item":"https:\/\/www.eldiario.net\/portal\/"},{"@type":"ListItem","position":2,"name":"Panam\u00e1 suspende relaciones con Venezuela y retira a diplom\u00e1ticos"}]},{"@type":"WebSite","@id":"https:\/\/www.eldiario.net\/portal\/#website","url":"https:\/\/www.eldiario.net\/portal\/","name":"El Diario - Decano de la prensa nacional","description":"El Diario - Decano de la prensa nacional","publisher":{"@id":"https:\/\/www.eldiario.net\/portal\/#organization"},"potentialAction":[{"@type":"SearchAction","target":{"@type":"EntryPoint","urlTemplate":"https:\/\/www.eldiario.net\/portal\/?s={search_term_string}"},"query-input":{"@type":"PropertyValueSpecification","valueRequired":true,"valueName":"search_term_string"}}],"inLanguage":"es"},{"@type":"Organization","@id":"https:\/\/www.eldiario.net\/portal\/#organization","name":"El Diario - Decano de la prensa nacional","url":"https:\/\/www.eldiario.net\/portal\/","logo":{"@type":"ImageObject","inLanguage":"es","@id":"https:\/\/www.eldiario.net\/portal\/#\/schema\/logo\/image\/","url":"https:\/\/www.eldiario.net\/portal\/wp-content\/uploads\/2023\/07\/logo_ED.jpg","contentUrl":"https:\/\/www.eldiario.net\/portal\/wp-content\/uploads\/2023\/07\/logo_ED.jpg","width":272,"height":52,"caption":"El Diario - Decano de la prensa nacional"},"image":{"@id":"https:\/\/www.eldiario.net\/portal\/#\/schema\/logo\/image\/"},"sameAs":["https:\/\/www.facebook.com\/eldiario.bolivia\/","https:\/\/x.com\/eldiario_net"]},{"@type":"Person","@id":"https:\/\/www.eldiario.net\/portal\/#\/schema\/person\/2c57cf2b7a7ae032e449e4c9b1019eac","name":"Jeanette","image":{"@type":"ImageObject","inLanguage":"es","@id":"https:\/\/secure.gravatar.com\/avatar\/3ea2118a5f7dad2b7138b1187a6b7ee55f160b9968b66013c3a3ef39dd7e5798?s=96&d=mm&r=g","url":"https:\/\/secure.gravatar.com\/avatar\/3ea2118a5f7dad2b7138b1187a6b7ee55f160b9968b66013c3a3ef39dd7e5798?s=96&d=mm&r=g","contentUrl":"https:\/\/secure.gravatar.com\/avatar\/3ea2118a5f7dad2b7138b1187a6b7ee55f160b9968b66013c3a3ef39dd7e5798?s=96&d=mm&r=g","caption":"Jeanette"},"sameAs":["https:\/\/www.eldiario.net\/portal"],"url":"https:\/\/www.eldiario.net\/portal\/author\/jeanette\/"}]}},"_links":{"self":[{"href":"https:\/\/www.eldiario.net\/portal\/wp-json\/wp\/v2\/posts\/237406","targetHints":{"allow":["GET"]}}],"collection":[{"href":"https:\/\/www.eldiario.net\/portal\/wp-json\/wp\/v2\/posts"}],"about":[{"href":"https:\/\/www.eldiario.net\/portal\/wp-json\/wp\/v2\/types\/post"}],"author":[{"embeddable":true,"href":"https:\/\/www.eldiario.net\/portal\/wp-json\/wp\/v2\/users\/1"}],"replies":[{"embeddable":true,"href":"https:\/\/www.eldiario.net\/portal\/wp-json\/wp\/v2\/comments?post=237406"}],"version-history":[{"count":1,"href":"https:\/\/www.eldiario.net\/portal\/wp-json\/wp\/v2\/posts\/237406\/revisions"}],"predecessor-version":[{"id":237408,"href":"https:\/\/www.eldiario.net\/portal\/wp-json\/wp\/v2\/posts\/237406\/revisions\/237408"}],"wp:featuredmedia":[{"embeddable":true,"href":"https:\/\/www.eldiario.net\/portal\/wp-json\/wp\/v2\/media\/237407"}],"wp:attachment":[{"href":"https:\/\/www.eldiario.net\/portal\/wp-json\/wp\/v2\/media?parent=237406"}],"wp:term":[{"taxonomy":"category","embeddable":true,"href":"https:\/\/www.eldiario.net\/portal\/wp-json\/wp\/v2\/categories?post=237406"},{"taxonomy":"post_tag","embeddable":true,"href":"https:\/\/www.eldiario.net\/portal\/wp-json\/wp\/v2\/tags?post=237406"}],"curies":[{"name":"wp","href":"https:\/\/api.w.org\/{rel}","templated":true}]}}