{"id":237400,"date":"2024-07-30T06:44:02","date_gmt":"2024-07-30T10:44:02","guid":{"rendered":"https:\/\/www.eldiario.net\/portal\/?p=237400"},"modified":"2024-07-30T06:44:02","modified_gmt":"2024-07-30T10:44:02","slug":"autoridades-declaran-epidemia-de-polio-en-la-franja-de-gaza","status":"publish","type":"post","link":"https:\/\/www.eldiario.net\/portal\/2024\/07\/30\/autoridades-declaran-epidemia-de-polio-en-la-franja-de-gaza\/","title":{"rendered":"Autoridades declaran epidemia  de polio en la Franja de Gaza"},"content":{"rendered":"<p class=\"v1MsoNormal\">El Ministerio de Sanidad del Gobierno gazat\u00ed, controlado por el Movimiento de Resistencia Isl\u00e1mica (Ham\u00e1s), declar\u00f3 este lunes la Franja de Gaza zona epid\u00e9mica de poliomielitis.<\/p>\n<p class=\"v1MsoNormal\">El Ministerio recuerda que la polio estaba erradicada en Palestina desde hace muchos a\u00f1os, pero que \u00abla miserable situaci\u00f3n\u00bb de la poblaci\u00f3n como consecuencia de la \u00abbrutal agresi\u00f3n israel\u00ed\u00bb han provocado un empeoramiento dr\u00e1stico de las condiciones de vida que han propiciado esta epidemia.<\/p>\n<p class=\"v1MsoNormal\">En concreto menciona la privaci\u00f3n de agua potable, la destrucci\u00f3n de la infraestructura de alcantarillado, la acumulaci\u00f3n de miles de toneladas de basura, la falta de la seguridad alimentaria y la acumulaci\u00f3n de poblaci\u00f3n en lugares de desplazamiento forzado.<\/p>\n<p class=\"v1MsoNormal\">A estas circunstancias se suma ahora el descubrimiento de la presencia del virus que causa la polio del tipo CVPV2 en las aguas residuales de las gobernaciones de Jan Yunis y Central.<\/p>\n<p class=\"v1MsoNormal\">Esta epidemia de polio \u00abconstituye una amenaza para la salud de los habitantes de la Franja de Gaza y de los pa\u00edses vecinos y un rev\u00e9s para el programa mundial de erradicaci\u00f3n de la polio\u00bb, advierte.<\/p>\n<p class=\"v1MsoNormal\">Las autoridades sanitarias gazat\u00edes advierten de que el actual programa vigente que cuenta con la colaboraci\u00f3n de organizaciones internacionales \u00abno ser\u00e1 suficiente a menos que haya una intervenci\u00f3n inmediata para poner fin a la agresi\u00f3n y encontrar soluciones radicales al problema de la falta de agua potable y medios de higiene personal, como detergentes, desinfectantes, reparaci\u00f3n de redes de agua potable y transporte de toneladas de basura y desechos s\u00f3lidos\u00bb.<\/p>\n<p class=\"v1MsoNormal\">El pasado 21 de julio las Fuerzas Armadas israel\u00edes informaron de que han puesto en marcha una campa\u00f1a de vacunaci\u00f3n general de sus efectivos tras detectar un brote de polio en la poblaci\u00f3n palestina.<\/p>\n<p class=\"v1MsoNormal\">El comunicado militar israel\u00ed asegura que tambi\u00e9n se est\u00e1n realizando gestiones para que lleguen vacunas para la poblaci\u00f3n de la Franja de Gaza en colaboraci\u00f3n con organizaciones internacionales. As\u00ed, unas 300.000 vacunas contra la polio han entrado en el enclave palestino desde el inicio de la guerra que bastar\u00edan para vacunar a m\u00e1s de un mill\u00f3n de gazat\u00edes, seg\u00fan Israel. (Europa Press)<\/p>\n<p class=\"v1MsoNormal\">\n","protected":false},"excerpt":{"rendered":"<p>El Ministerio de Sanidad del Gobierno gazat\u00ed, controlado por el Movimiento de Resistencia Isl\u00e1mica (Ham\u00e1s), declar\u00f3 este lunes la Franja de Gaza zona epid\u00e9mica de poliomielitis. El Ministerio recuerda que la polio estaba erradicada en Palestina desde hace muchos a\u00f1os, pero que \u00abla miserable situaci\u00f3n\u00bb de la poblaci\u00f3n como consecuencia de la \u00abbrutal agresi\u00f3n israel\u00ed\u00bb [&hellip;]<\/p>\n","protected":false},"author":1,"featured_media":237401,"comment_status":"open","ping_status":"open","sticky":false,"template":"","format":"standard","meta":{"_acf_changed":false,"footnotes":""},"categories":[3],"tags":[],"class_list":["post-237400","post","type-post","status-publish","format-standard","has-post-thumbnail","category-internacional"],"acf":{"antetitulo":"Constituye amenaza para la salud"},"yoast_head":"<!-- This site is optimized with the Yoast SEO plugin v28.4 - https:\/\/yoast.com\/product\/yoast-seo-wordpress\/ -->\n<title>Autoridades declaran epidemia de polio en la Franja de Gaza - El Diario - Bolivia<\/title>\n<meta name=\"robots\" content=\"index, follow, max-snippet:-1, max-image-preview:large, max-video-preview:-1\" \/>\n<link rel=\"canonical\" href=\"https:\/\/www.eldiario.net\/portal\/2024\/07\/30\/autoridades-declaran-epidemia-de-polio-en-la-franja-de-gaza\/\" \/>\n<meta property=\"og:locale\" content=\"es_ES\" \/>\n<meta property=\"og:type\" content=\"article\" \/>\n<meta property=\"og:title\" content=\"Autoridades declaran epidemia de polio en la Franja de Gaza - El Diario - Bolivia\" \/>\n<meta property=\"og:description\" content=\"El Ministerio de Sanidad del Gobierno gazat\u00ed, controlado por el Movimiento de Resistencia Isl\u00e1mica (Ham\u00e1s), declar\u00f3 este lunes la Franja de Gaza zona epid\u00e9mica de poliomielitis. El Ministerio recuerda que la polio estaba erradicada en Palestina desde hace muchos a\u00f1os, pero que \u00abla miserable situaci\u00f3n\u00bb de la poblaci\u00f3n como consecuencia de la \u00abbrutal agresi\u00f3n israel\u00ed\u00bb [&hellip;]\" \/>\n<meta property=\"og:url\" content=\"https:\/\/www.eldiario.net\/portal\/2024\/07\/30\/autoridades-declaran-epidemia-de-polio-en-la-franja-de-gaza\/\" \/>\n<meta property=\"og:site_name\" content=\"El Diario - Bolivia\" \/>\n<meta property=\"article:publisher\" content=\"https:\/\/www.facebook.com\/eldiario.bolivia\/\" \/>\n<meta property=\"article:published_time\" content=\"2024-07-30T10:44:02+00:00\" \/>\n<meta property=\"og:image\" content=\"https:\/\/www.eldiario.net\/portal\/wp-content\/uploads\/2024\/07\/Polio-UNRWA.jpg\" \/>\n\t<meta property=\"og:image:width\" content=\"1170\" \/>\n\t<meta property=\"og:image:height\" content=\"530\" \/>\n\t<meta property=\"og:image:type\" content=\"image\/jpeg\" \/>\n<meta name=\"author\" content=\"Jeanette\" \/>\n<meta name=\"twitter:card\" content=\"summary_large_image\" \/>\n<meta name=\"twitter:creator\" content=\"@eldiario_net\" \/>\n<meta name=\"twitter:site\" content=\"@eldiario_net\" \/>\n<meta name=\"twitter:label1\" content=\"Escrito por\" \/>\n\t<meta name=\"twitter:data1\" content=\"Jeanette\" \/>\n\t<meta name=\"twitter:label2\" content=\"Tiempo de lectura\" \/>\n\t<meta name=\"twitter:data2\" content=\"2 minutos\" \/>\n<script type=\"application\/ld+json\" class=\"yoast-schema-graph\">{\"@context\":\"https:\\\/\\\/schema.org\",\"@graph\":[{\"@type\":\"Article\",\"@id\":\"https:\\\/\\\/www.eldiario.net\\\/portal\\\/2024\\\/07\\\/30\\\/autoridades-declaran-epidemia-de-polio-en-la-franja-de-gaza\\\/#article\",\"isPartOf\":{\"@id\":\"https:\\\/\\\/www.eldiario.net\\\/portal\\\/2024\\\/07\\\/30\\\/autoridades-declaran-epidemia-de-polio-en-la-franja-de-gaza\\\/\"},\"author\":{\"name\":\"Jeanette\",\"@id\":\"https:\\\/\\\/www.eldiario.net\\\/portal\\\/#\\\/schema\\\/person\\\/2c57cf2b7a7ae032e449e4c9b1019eac\"},\"headline\":\"Autoridades declaran epidemia de polio en la Franja de Gaza\",\"datePublished\":\"2024-07-30T10:44:02+00:00\",\"mainEntityOfPage\":{\"@id\":\"https:\\\/\\\/www.eldiario.net\\\/portal\\\/2024\\\/07\\\/30\\\/autoridades-declaran-epidemia-de-polio-en-la-franja-de-gaza\\\/\"},\"wordCount\":386,\"commentCount\":0,\"publisher\":{\"@id\":\"https:\\\/\\\/www.eldiario.net\\\/portal\\\/#organization\"},\"image\":{\"@id\":\"https:\\\/\\\/www.eldiario.net\\\/portal\\\/2024\\\/07\\\/30\\\/autoridades-declaran-epidemia-de-polio-en-la-franja-de-gaza\\\/#primaryimage\"},\"thumbnailUrl\":\"https:\\\/\\\/www.eldiario.net\\\/portal\\\/wp-content\\\/uploads\\\/2024\\\/07\\\/Polio-UNRWA.jpg\",\"articleSection\":[\"Internacional\"],\"inLanguage\":\"es\",\"potentialAction\":[{\"@type\":\"CommentAction\",\"name\":\"Comment\",\"target\":[\"https:\\\/\\\/www.eldiario.net\\\/portal\\\/2024\\\/07\\\/30\\\/autoridades-declaran-epidemia-de-polio-en-la-franja-de-gaza\\\/#respond\"]}]},{\"@type\":\"WebPage\",\"@id\":\"https:\\\/\\\/www.eldiario.net\\\/portal\\\/2024\\\/07\\\/30\\\/autoridades-declaran-epidemia-de-polio-en-la-franja-de-gaza\\\/\",\"url\":\"https:\\\/\\\/www.eldiario.net\\\/portal\\\/2024\\\/07\\\/30\\\/autoridades-declaran-epidemia-de-polio-en-la-franja-de-gaza\\\/\",\"name\":\"Autoridades declaran epidemia de polio en la Franja de Gaza - El Diario - Bolivia\",\"isPartOf\":{\"@id\":\"https:\\\/\\\/www.eldiario.net\\\/portal\\\/#website\"},\"primaryImageOfPage\":{\"@id\":\"https:\\\/\\\/www.eldiario.net\\\/portal\\\/2024\\\/07\\\/30\\\/autoridades-declaran-epidemia-de-polio-en-la-franja-de-gaza\\\/#primaryimage\"},\"image\":{\"@id\":\"https:\\\/\\\/www.eldiario.net\\\/portal\\\/2024\\\/07\\\/30\\\/autoridades-declaran-epidemia-de-polio-en-la-franja-de-gaza\\\/#primaryimage\"},\"thumbnailUrl\":\"https:\\\/\\\/www.eldiario.net\\\/portal\\\/wp-content\\\/uploads\\\/2024\\\/07\\\/Polio-UNRWA.jpg\",\"datePublished\":\"2024-07-30T10:44:02+00:00\",\"breadcrumb\":{\"@id\":\"https:\\\/\\\/www.eldiario.net\\\/portal\\\/2024\\\/07\\\/30\\\/autoridades-declaran-epidemia-de-polio-en-la-franja-de-gaza\\\/#breadcrumb\"},\"inLanguage\":\"es\",\"potentialAction\":[{\"@type\":\"ReadAction\",\"target\":[\"https:\\\/\\\/www.eldiario.net\\\/portal\\\/2024\\\/07\\\/30\\\/autoridades-declaran-epidemia-de-polio-en-la-franja-de-gaza\\\/\"]}]},{\"@type\":\"ImageObject\",\"inLanguage\":\"es\",\"@id\":\"https:\\\/\\\/www.eldiario.net\\\/portal\\\/2024\\\/07\\\/30\\\/autoridades-declaran-epidemia-de-polio-en-la-franja-de-gaza\\\/#primaryimage\",\"url\":\"https:\\\/\\\/www.eldiario.net\\\/portal\\\/wp-content\\\/uploads\\\/2024\\\/07\\\/Polio-UNRWA.jpg\",\"contentUrl\":\"https:\\\/\\\/www.eldiario.net\\\/portal\\\/wp-content\\\/uploads\\\/2024\\\/07\\\/Polio-UNRWA.jpg\",\"width\":1170,\"height\":530,\"caption\":\"En la Franja de Gaza sigue escaseando el agua limpia y los alimentos nutritivos, lo que impulsa el aumento de las enfermedades y disminuye los niveles de inmunidad de la poblaci\u00f3n. CR\u00c9DITO: UNRWA\"},{\"@type\":\"BreadcrumbList\",\"@id\":\"https:\\\/\\\/www.eldiario.net\\\/portal\\\/2024\\\/07\\\/30\\\/autoridades-declaran-epidemia-de-polio-en-la-franja-de-gaza\\\/#breadcrumb\",\"itemListElement\":[{\"@type\":\"ListItem\",\"position\":1,\"name\":\"Portada\",\"item\":\"https:\\\/\\\/www.eldiario.net\\\/portal\\\/\"},{\"@type\":\"ListItem\",\"position\":2,\"name\":\"Autoridades declaran epidemia de polio en la Franja de Gaza\"}]},{\"@type\":\"WebSite\",\"@id\":\"https:\\\/\\\/www.eldiario.net\\\/portal\\\/#website\",\"url\":\"https:\\\/\\\/www.eldiario.net\\\/portal\\\/\",\"name\":\"El Diario - Decano de la prensa nacional\",\"description\":\"El Diario - Decano de la prensa nacional\",\"publisher\":{\"@id\":\"https:\\\/\\\/www.eldiario.net\\\/portal\\\/#organization\"},\"potentialAction\":[{\"@type\":\"SearchAction\",\"target\":{\"@type\":\"EntryPoint\",\"urlTemplate\":\"https:\\\/\\\/www.eldiario.net\\\/portal\\\/?s={search_term_string}\"},\"query-input\":{\"@type\":\"PropertyValueSpecification\",\"valueRequired\":true,\"valueName\":\"search_term_string\"}}],\"inLanguage\":\"es\"},{\"@type\":\"Organization\",\"@id\":\"https:\\\/\\\/www.eldiario.net\\\/portal\\\/#organization\",\"name\":\"El Diario - Decano de la prensa nacional\",\"url\":\"https:\\\/\\\/www.eldiario.net\\\/portal\\\/\",\"logo\":{\"@type\":\"ImageObject\",\"inLanguage\":\"es\",\"@id\":\"https:\\\/\\\/www.eldiario.net\\\/portal\\\/#\\\/schema\\\/logo\\\/image\\\/\",\"url\":\"https:\\\/\\\/www.eldiario.net\\\/portal\\\/wp-content\\\/uploads\\\/2023\\\/07\\\/logo_ED.jpg\",\"contentUrl\":\"https:\\\/\\\/www.eldiario.net\\\/portal\\\/wp-content\\\/uploads\\\/2023\\\/07\\\/logo_ED.jpg\",\"width\":272,\"height\":52,\"caption\":\"El Diario - Decano de la prensa nacional\"},\"image\":{\"@id\":\"https:\\\/\\\/www.eldiario.net\\\/portal\\\/#\\\/schema\\\/logo\\\/image\\\/\"},\"sameAs\":[\"https:\\\/\\\/www.facebook.com\\\/eldiario.bolivia\\\/\",\"https:\\\/\\\/x.com\\\/eldiario_net\"]},{\"@type\":\"Person\",\"@id\":\"https:\\\/\\\/www.eldiario.net\\\/portal\\\/#\\\/schema\\\/person\\\/2c57cf2b7a7ae032e449e4c9b1019eac\",\"name\":\"Jeanette\",\"image\":{\"@type\":\"ImageObject\",\"inLanguage\":\"es\",\"@id\":\"https:\\\/\\\/secure.gravatar.com\\\/avatar\\\/3ea2118a5f7dad2b7138b1187a6b7ee55f160b9968b66013c3a3ef39dd7e5798?s=96&d=mm&r=g\",\"url\":\"https:\\\/\\\/secure.gravatar.com\\\/avatar\\\/3ea2118a5f7dad2b7138b1187a6b7ee55f160b9968b66013c3a3ef39dd7e5798?s=96&d=mm&r=g\",\"contentUrl\":\"https:\\\/\\\/secure.gravatar.com\\\/avatar\\\/3ea2118a5f7dad2b7138b1187a6b7ee55f160b9968b66013c3a3ef39dd7e5798?s=96&d=mm&r=g\",\"caption\":\"Jeanette\"},\"sameAs\":[\"https:\\\/\\\/www.eldiario.net\\\/portal\"],\"url\":\"https:\\\/\\\/www.eldiario.net\\\/portal\\\/author\\\/jeanette\\\/\"}]}<\/script>\n<!-- \/ Yoast SEO plugin. -->","yoast_head_json":{"title":"Autoridades declaran epidemia de polio en la Franja de Gaza - El Diario - Bolivia","robots":{"index":"index","follow":"follow","max-snippet":"max-snippet:-1","max-image-preview":"max-image-preview:large","max-video-preview":"max-video-preview:-1"},"canonical":"https:\/\/www.eldiario.net\/portal\/2024\/07\/30\/autoridades-declaran-epidemia-de-polio-en-la-franja-de-gaza\/","og_locale":"es_ES","og_type":"article","og_title":"Autoridades declaran epidemia de polio en la Franja de Gaza - El Diario - Bolivia","og_description":"El Ministerio de Sanidad del Gobierno gazat\u00ed, controlado por el Movimiento de Resistencia Isl\u00e1mica (Ham\u00e1s), declar\u00f3 este lunes la Franja de Gaza zona epid\u00e9mica de poliomielitis. El Ministerio recuerda que la polio estaba erradicada en Palestina desde hace muchos a\u00f1os, pero que \u00abla miserable situaci\u00f3n\u00bb de la poblaci\u00f3n como consecuencia de la \u00abbrutal agresi\u00f3n israel\u00ed\u00bb [&hellip;]","og_url":"https:\/\/www.eldiario.net\/portal\/2024\/07\/30\/autoridades-declaran-epidemia-de-polio-en-la-franja-de-gaza\/","og_site_name":"El Diario - Bolivia","article_publisher":"https:\/\/www.facebook.com\/eldiario.bolivia\/","article_published_time":"2024-07-30T10:44:02+00:00","og_image":[{"width":1170,"height":530,"url":"https:\/\/www.eldiario.net\/portal\/wp-content\/uploads\/2024\/07\/Polio-UNRWA.jpg","type":"image\/jpeg"}],"author":"Jeanette","twitter_card":"summary_large_image","twitter_creator":"@eldiario_net","twitter_site":"@eldiario_net","twitter_misc":{"Escrito por":"Jeanette","Tiempo de lectura":"2 minutos"},"schema":{"@context":"https:\/\/schema.org","@graph":[{"@type":"Article","@id":"https:\/\/www.eldiario.net\/portal\/2024\/07\/30\/autoridades-declaran-epidemia-de-polio-en-la-franja-de-gaza\/#article","isPartOf":{"@id":"https:\/\/www.eldiario.net\/portal\/2024\/07\/30\/autoridades-declaran-epidemia-de-polio-en-la-franja-de-gaza\/"},"author":{"name":"Jeanette","@id":"https:\/\/www.eldiario.net\/portal\/#\/schema\/person\/2c57cf2b7a7ae032e449e4c9b1019eac"},"headline":"Autoridades declaran epidemia de polio en la Franja de Gaza","datePublished":"2024-07-30T10:44:02+00:00","mainEntityOfPage":{"@id":"https:\/\/www.eldiario.net\/portal\/2024\/07\/30\/autoridades-declaran-epidemia-de-polio-en-la-franja-de-gaza\/"},"wordCount":386,"commentCount":0,"publisher":{"@id":"https:\/\/www.eldiario.net\/portal\/#organization"},"image":{"@id":"https:\/\/www.eldiario.net\/portal\/2024\/07\/30\/autoridades-declaran-epidemia-de-polio-en-la-franja-de-gaza\/#primaryimage"},"thumbnailUrl":"https:\/\/www.eldiario.net\/portal\/wp-content\/uploads\/2024\/07\/Polio-UNRWA.jpg","articleSection":["Internacional"],"inLanguage":"es","potentialAction":[{"@type":"CommentAction","name":"Comment","target":["https:\/\/www.eldiario.net\/portal\/2024\/07\/30\/autoridades-declaran-epidemia-de-polio-en-la-franja-de-gaza\/#respond"]}]},{"@type":"WebPage","@id":"https:\/\/www.eldiario.net\/portal\/2024\/07\/30\/autoridades-declaran-epidemia-de-polio-en-la-franja-de-gaza\/","url":"https:\/\/www.eldiario.net\/portal\/2024\/07\/30\/autoridades-declaran-epidemia-de-polio-en-la-franja-de-gaza\/","name":"Autoridades declaran epidemia de polio en la Franja de Gaza - El Diario - Bolivia","isPartOf":{"@id":"https:\/\/www.eldiario.net\/portal\/#website"},"primaryImageOfPage":{"@id":"https:\/\/www.eldiario.net\/portal\/2024\/07\/30\/autoridades-declaran-epidemia-de-polio-en-la-franja-de-gaza\/#primaryimage"},"image":{"@id":"https:\/\/www.eldiario.net\/portal\/2024\/07\/30\/autoridades-declaran-epidemia-de-polio-en-la-franja-de-gaza\/#primaryimage"},"thumbnailUrl":"https:\/\/www.eldiario.net\/portal\/wp-content\/uploads\/2024\/07\/Polio-UNRWA.jpg","datePublished":"2024-07-30T10:44:02+00:00","breadcrumb":{"@id":"https:\/\/www.eldiario.net\/portal\/2024\/07\/30\/autoridades-declaran-epidemia-de-polio-en-la-franja-de-gaza\/#breadcrumb"},"inLanguage":"es","potentialAction":[{"@type":"ReadAction","target":["https:\/\/www.eldiario.net\/portal\/2024\/07\/30\/autoridades-declaran-epidemia-de-polio-en-la-franja-de-gaza\/"]}]},{"@type":"ImageObject","inLanguage":"es","@id":"https:\/\/www.eldiario.net\/portal\/2024\/07\/30\/autoridades-declaran-epidemia-de-polio-en-la-franja-de-gaza\/#primaryimage","url":"https:\/\/www.eldiario.net\/portal\/wp-content\/uploads\/2024\/07\/Polio-UNRWA.jpg","contentUrl":"https:\/\/www.eldiario.net\/portal\/wp-content\/uploads\/2024\/07\/Polio-UNRWA.jpg","width":1170,"height":530,"caption":"En la Franja de Gaza sigue escaseando el agua limpia y los alimentos nutritivos, lo que impulsa el aumento de las enfermedades y disminuye los niveles de inmunidad de la poblaci\u00f3n. CR\u00c9DITO: UNRWA"},{"@type":"BreadcrumbList","@id":"https:\/\/www.eldiario.net\/portal\/2024\/07\/30\/autoridades-declaran-epidemia-de-polio-en-la-franja-de-gaza\/#breadcrumb","itemListElement":[{"@type":"ListItem","position":1,"name":"Portada","item":"https:\/\/www.eldiario.net\/portal\/"},{"@type":"ListItem","position":2,"name":"Autoridades declaran epidemia de polio en la Franja de Gaza"}]},{"@type":"WebSite","@id":"https:\/\/www.eldiario.net\/portal\/#website","url":"https:\/\/www.eldiario.net\/portal\/","name":"El Diario - Decano de la prensa nacional","description":"El Diario - Decano de la prensa nacional","publisher":{"@id":"https:\/\/www.eldiario.net\/portal\/#organization"},"potentialAction":[{"@type":"SearchAction","target":{"@type":"EntryPoint","urlTemplate":"https:\/\/www.eldiario.net\/portal\/?s={search_term_string}"},"query-input":{"@type":"PropertyValueSpecification","valueRequired":true,"valueName":"search_term_string"}}],"inLanguage":"es"},{"@type":"Organization","@id":"https:\/\/www.eldiario.net\/portal\/#organization","name":"El Diario - Decano de la prensa nacional","url":"https:\/\/www.eldiario.net\/portal\/","logo":{"@type":"ImageObject","inLanguage":"es","@id":"https:\/\/www.eldiario.net\/portal\/#\/schema\/logo\/image\/","url":"https:\/\/www.eldiario.net\/portal\/wp-content\/uploads\/2023\/07\/logo_ED.jpg","contentUrl":"https:\/\/www.eldiario.net\/portal\/wp-content\/uploads\/2023\/07\/logo_ED.jpg","width":272,"height":52,"caption":"El Diario - Decano de la prensa nacional"},"image":{"@id":"https:\/\/www.eldiario.net\/portal\/#\/schema\/logo\/image\/"},"sameAs":["https:\/\/www.facebook.com\/eldiario.bolivia\/","https:\/\/x.com\/eldiario_net"]},{"@type":"Person","@id":"https:\/\/www.eldiario.net\/portal\/#\/schema\/person\/2c57cf2b7a7ae032e449e4c9b1019eac","name":"Jeanette","image":{"@type":"ImageObject","inLanguage":"es","@id":"https:\/\/secure.gravatar.com\/avatar\/3ea2118a5f7dad2b7138b1187a6b7ee55f160b9968b66013c3a3ef39dd7e5798?s=96&d=mm&r=g","url":"https:\/\/secure.gravatar.com\/avatar\/3ea2118a5f7dad2b7138b1187a6b7ee55f160b9968b66013c3a3ef39dd7e5798?s=96&d=mm&r=g","contentUrl":"https:\/\/secure.gravatar.com\/avatar\/3ea2118a5f7dad2b7138b1187a6b7ee55f160b9968b66013c3a3ef39dd7e5798?s=96&d=mm&r=g","caption":"Jeanette"},"sameAs":["https:\/\/www.eldiario.net\/portal"],"url":"https:\/\/www.eldiario.net\/portal\/author\/jeanette\/"}]}},"_links":{"self":[{"href":"https:\/\/www.eldiario.net\/portal\/wp-json\/wp\/v2\/posts\/237400","targetHints":{"allow":["GET"]}}],"collection":[{"href":"https:\/\/www.eldiario.net\/portal\/wp-json\/wp\/v2\/posts"}],"about":[{"href":"https:\/\/www.eldiario.net\/portal\/wp-json\/wp\/v2\/types\/post"}],"author":[{"embeddable":true,"href":"https:\/\/www.eldiario.net\/portal\/wp-json\/wp\/v2\/users\/1"}],"replies":[{"embeddable":true,"href":"https:\/\/www.eldiario.net\/portal\/wp-json\/wp\/v2\/comments?post=237400"}],"version-history":[{"count":1,"href":"https:\/\/www.eldiario.net\/portal\/wp-json\/wp\/v2\/posts\/237400\/revisions"}],"predecessor-version":[{"id":237402,"href":"https:\/\/www.eldiario.net\/portal\/wp-json\/wp\/v2\/posts\/237400\/revisions\/237402"}],"wp:featuredmedia":[{"embeddable":true,"href":"https:\/\/www.eldiario.net\/portal\/wp-json\/wp\/v2\/media\/237401"}],"wp:attachment":[{"href":"https:\/\/www.eldiario.net\/portal\/wp-json\/wp\/v2\/media?parent=237400"}],"wp:term":[{"taxonomy":"category","embeddable":true,"href":"https:\/\/www.eldiario.net\/portal\/wp-json\/wp\/v2\/categories?post=237400"},{"taxonomy":"post_tag","embeddable":true,"href":"https:\/\/www.eldiario.net\/portal\/wp-json\/wp\/v2\/tags?post=237400"}],"curies":[{"name":"wp","href":"https:\/\/api.w.org\/{rel}","templated":true}]}}