{"id":237397,"date":"2024-07-30T06:43:17","date_gmt":"2024-07-30T10:43:17","guid":{"rendered":"https:\/\/www.eldiario.net\/portal\/?p=237397"},"modified":"2024-07-30T06:43:17","modified_gmt":"2024-07-30T10:43:17","slug":"el-22-de-julio-fue-el-dia-mas-caluroso-registrado-en-la-tierra","status":"publish","type":"post","link":"https:\/\/www.eldiario.net\/portal\/2024\/07\/30\/el-22-de-julio-fue-el-dia-mas-caluroso-registrado-en-la-tierra\/","title":{"rendered":"El 22 de julio fue el d\u00eda m\u00e1s  caluroso registrado en la Tierra"},"content":{"rendered":"<p class=\"v1MsoNormal\">El 22 de julio de 2024 fue el d\u00eda m\u00e1s caluroso registrado en el mundo, seg\u00fan un an\u00e1lisis de la NASA de los datos de temperatura diaria global. El 21 y el 23 de julio de este a\u00f1o tambi\u00e9n superaron el r\u00e9cord diario anterior, establecido en julio de 2023. Estas temperaturas r\u00e9cord son parte de una tendencia de calentamiento a largo plazo.<\/p>\n<p class=\"v1MsoNormal\">Estas temperaturas r\u00e9cord son parte de una tendencia de calentamiento a largo plazo impulsada por las actividades humanas, principalmente la emisi\u00f3n de gases de efecto invernadero, seg\u00fan informa la agencia espacial estadounidense.<\/p>\n<p class=\"v1MsoNormal\">\u00abEn un a\u00f1o que ha sido el m\u00e1s caluroso registrado hasta la fecha, estas \u00faltimas dos semanas han sido particularmente brutales\u00bb, dijo en un comunicado el administrador de la NASA Bill Nelson.<\/p>\n<p class=\"v1MsoNormal\">Este hallazgo preliminar proviene de los an\u00e1lisis de datos de los sistemas Modern-Era Retrospective analysis for Research and Applications, Version 2 (MERRA-2) y Goddard Earth Observing System Forward Processing (GEOS-FP), que combinan millones de observaciones globales de instrumentos en tierra, mar, aire y sat\u00e9lites utilizando modelos atmosf\u00e9ricos.<\/p>\n<p class=\"v1MsoNormal\">GEOS-FP proporciona datos meteorol\u00f3gicos r\u00e1pidos y casi en tiempo real, mientras que el rean\u00e1lisis clim\u00e1tico de MERRA-2 lleva m\u00e1s tiempo, pero garantiza el uso de observaciones de la mejor calidad, seg\u00fan la NASA. Estos modelos son ejecutados por la Oficina de Modelado y Asimilaci\u00f3n Global (GMAO) en el Centro de Vuelo Espacial Goddard de la NASA en Greenbelt, Maryland.<\/p>\n<p class=\"v1MsoNormal\">En el gr\u00e1fico de arriba, los valores de temperatura media global diaria de MERRA-2 para los a\u00f1os 1980-2022 se muestran en blanco, los valores para el a\u00f1o 2023 se muestran en rosa y los valores desde 2024 hasta junio se muestran en rojo. Los valores de temperatura global diaria del 1 al 23 de julio de 2024 de GEOS-FP se muestran en violeta.<\/p>\n<p class=\"v1MsoNormal\">Los resultados coinciden con un an\u00e1lisis independiente del Programa de Observaci\u00f3n de la Tierra Copernicus de la Uni\u00f3n Europea. Si bien los an\u00e1lisis presentan peque\u00f1as diferencias, muestran una amplia coincidencia en cuanto al cambio de temperatura a lo largo del tiempo y los d\u00edas m\u00e1s calurosos.<\/p>\n<p class=\"v1MsoNormal\">Los \u00faltimos registros de temperatura diaria se producen tras 13 meses de r\u00e9cords mensuales consecutivos de temperatura, seg\u00fan los cient\u00edficos del Instituto Goddard de Estudios Espaciales de la NASA en Nueva York.<\/p>\n<p class=\"v1MsoNormal\">Su an\u00e1lisis se bas\u00f3 en el registro GISTEMP, que utiliza \u00fanicamente datos instrumentales de superficie y proporciona una visi\u00f3n a m\u00e1s largo plazo de los cambios en las temperaturas globales con resoluciones mensuales y anuales que se remontan a finales del siglo XIX. (Europa Press)<\/p>\n","protected":false},"excerpt":{"rendered":"<p>El 22 de julio de 2024 fue el d\u00eda m\u00e1s caluroso registrado en el mundo, seg\u00fan un an\u00e1lisis de la NASA de los datos de temperatura diaria global. El 21 y el 23 de julio de este a\u00f1o tambi\u00e9n superaron el r\u00e9cord diario anterior, establecido en julio de 2023. Estas temperaturas r\u00e9cord son parte de [&hellip;]<\/p>\n","protected":false},"author":1,"featured_media":237398,"comment_status":"open","ping_status":"open","sticky":false,"template":"","format":"standard","meta":{"_acf_changed":false,"footnotes":""},"categories":[3],"tags":[],"class_list":["post-237397","post","type-post","status-publish","format-standard","has-post-thumbnail","category-internacional"],"acf":{"antetitulo":"Seg\u00fan an\u00e1lisis de la NASA"},"yoast_head":"<!-- This site is optimized with the Yoast SEO plugin v28.4 - https:\/\/yoast.com\/product\/yoast-seo-wordpress\/ -->\n<title>El 22 de julio fue el d\u00eda m\u00e1s caluroso registrado en la Tierra - El Diario - Bolivia<\/title>\n<meta name=\"robots\" content=\"index, follow, max-snippet:-1, max-image-preview:large, max-video-preview:-1\" \/>\n<link rel=\"canonical\" href=\"https:\/\/www.eldiario.net\/portal\/2024\/07\/30\/el-22-de-julio-fue-el-dia-mas-caluroso-registrado-en-la-tierra\/\" \/>\n<meta property=\"og:locale\" content=\"es_ES\" \/>\n<meta property=\"og:type\" content=\"article\" \/>\n<meta property=\"og:title\" content=\"El 22 de julio fue el d\u00eda m\u00e1s caluroso registrado en la Tierra - El Diario - Bolivia\" \/>\n<meta property=\"og:description\" content=\"El 22 de julio de 2024 fue el d\u00eda m\u00e1s caluroso registrado en el mundo, seg\u00fan un an\u00e1lisis de la NASA de los datos de temperatura diaria global. El 21 y el 23 de julio de este a\u00f1o tambi\u00e9n superaron el r\u00e9cord diario anterior, establecido en julio de 2023. Estas temperaturas r\u00e9cord son parte de [&hellip;]\" \/>\n<meta property=\"og:url\" content=\"https:\/\/www.eldiario.net\/portal\/2024\/07\/30\/el-22-de-julio-fue-el-dia-mas-caluroso-registrado-en-la-tierra\/\" \/>\n<meta property=\"og:site_name\" content=\"El Diario - Bolivia\" \/>\n<meta property=\"article:publisher\" content=\"https:\/\/www.facebook.com\/eldiario.bolivia\/\" \/>\n<meta property=\"article:published_time\" content=\"2024-07-30T10:43:17+00:00\" \/>\n<meta property=\"og:image\" content=\"https:\/\/www.eldiario.net\/portal\/wp-content\/uploads\/2024\/07\/Calor-Cronica-Viva.jpg\" \/>\n\t<meta property=\"og:image:width\" content=\"800\" \/>\n\t<meta property=\"og:image:height\" content=\"461\" \/>\n\t<meta property=\"og:image:type\" content=\"image\/jpeg\" \/>\n<meta name=\"author\" content=\"Jeanette\" \/>\n<meta name=\"twitter:card\" content=\"summary_large_image\" \/>\n<meta name=\"twitter:creator\" content=\"@eldiario_net\" \/>\n<meta name=\"twitter:site\" content=\"@eldiario_net\" \/>\n<meta name=\"twitter:label1\" content=\"Escrito por\" \/>\n\t<meta name=\"twitter:data1\" content=\"Jeanette\" \/>\n\t<meta name=\"twitter:label2\" content=\"Tiempo de lectura\" \/>\n\t<meta name=\"twitter:data2\" content=\"3 minutos\" \/>\n<script type=\"application\/ld+json\" class=\"yoast-schema-graph\">{\"@context\":\"https:\\\/\\\/schema.org\",\"@graph\":[{\"@type\":\"Article\",\"@id\":\"https:\\\/\\\/www.eldiario.net\\\/portal\\\/2024\\\/07\\\/30\\\/el-22-de-julio-fue-el-dia-mas-caluroso-registrado-en-la-tierra\\\/#article\",\"isPartOf\":{\"@id\":\"https:\\\/\\\/www.eldiario.net\\\/portal\\\/2024\\\/07\\\/30\\\/el-22-de-julio-fue-el-dia-mas-caluroso-registrado-en-la-tierra\\\/\"},\"author\":{\"name\":\"Jeanette\",\"@id\":\"https:\\\/\\\/www.eldiario.net\\\/portal\\\/#\\\/schema\\\/person\\\/2c57cf2b7a7ae032e449e4c9b1019eac\"},\"headline\":\"El 22 de julio fue el d\u00eda m\u00e1s caluroso registrado en la Tierra\",\"datePublished\":\"2024-07-30T10:43:17+00:00\",\"mainEntityOfPage\":{\"@id\":\"https:\\\/\\\/www.eldiario.net\\\/portal\\\/2024\\\/07\\\/30\\\/el-22-de-julio-fue-el-dia-mas-caluroso-registrado-en-la-tierra\\\/\"},\"wordCount\":459,\"commentCount\":0,\"publisher\":{\"@id\":\"https:\\\/\\\/www.eldiario.net\\\/portal\\\/#organization\"},\"image\":{\"@id\":\"https:\\\/\\\/www.eldiario.net\\\/portal\\\/2024\\\/07\\\/30\\\/el-22-de-julio-fue-el-dia-mas-caluroso-registrado-en-la-tierra\\\/#primaryimage\"},\"thumbnailUrl\":\"https:\\\/\\\/www.eldiario.net\\\/portal\\\/wp-content\\\/uploads\\\/2024\\\/07\\\/Calor-Cronica-Viva.jpg\",\"articleSection\":[\"Internacional\"],\"inLanguage\":\"es\",\"potentialAction\":[{\"@type\":\"CommentAction\",\"name\":\"Comment\",\"target\":[\"https:\\\/\\\/www.eldiario.net\\\/portal\\\/2024\\\/07\\\/30\\\/el-22-de-julio-fue-el-dia-mas-caluroso-registrado-en-la-tierra\\\/#respond\"]}]},{\"@type\":\"WebPage\",\"@id\":\"https:\\\/\\\/www.eldiario.net\\\/portal\\\/2024\\\/07\\\/30\\\/el-22-de-julio-fue-el-dia-mas-caluroso-registrado-en-la-tierra\\\/\",\"url\":\"https:\\\/\\\/www.eldiario.net\\\/portal\\\/2024\\\/07\\\/30\\\/el-22-de-julio-fue-el-dia-mas-caluroso-registrado-en-la-tierra\\\/\",\"name\":\"El 22 de julio fue el d\u00eda m\u00e1s caluroso registrado en la Tierra - El Diario - Bolivia\",\"isPartOf\":{\"@id\":\"https:\\\/\\\/www.eldiario.net\\\/portal\\\/#website\"},\"primaryImageOfPage\":{\"@id\":\"https:\\\/\\\/www.eldiario.net\\\/portal\\\/2024\\\/07\\\/30\\\/el-22-de-julio-fue-el-dia-mas-caluroso-registrado-en-la-tierra\\\/#primaryimage\"},\"image\":{\"@id\":\"https:\\\/\\\/www.eldiario.net\\\/portal\\\/2024\\\/07\\\/30\\\/el-22-de-julio-fue-el-dia-mas-caluroso-registrado-en-la-tierra\\\/#primaryimage\"},\"thumbnailUrl\":\"https:\\\/\\\/www.eldiario.net\\\/portal\\\/wp-content\\\/uploads\\\/2024\\\/07\\\/Calor-Cronica-Viva.jpg\",\"datePublished\":\"2024-07-30T10:43:17+00:00\",\"breadcrumb\":{\"@id\":\"https:\\\/\\\/www.eldiario.net\\\/portal\\\/2024\\\/07\\\/30\\\/el-22-de-julio-fue-el-dia-mas-caluroso-registrado-en-la-tierra\\\/#breadcrumb\"},\"inLanguage\":\"es\",\"potentialAction\":[{\"@type\":\"ReadAction\",\"target\":[\"https:\\\/\\\/www.eldiario.net\\\/portal\\\/2024\\\/07\\\/30\\\/el-22-de-julio-fue-el-dia-mas-caluroso-registrado-en-la-tierra\\\/\"]}]},{\"@type\":\"ImageObject\",\"inLanguage\":\"es\",\"@id\":\"https:\\\/\\\/www.eldiario.net\\\/portal\\\/2024\\\/07\\\/30\\\/el-22-de-julio-fue-el-dia-mas-caluroso-registrado-en-la-tierra\\\/#primaryimage\",\"url\":\"https:\\\/\\\/www.eldiario.net\\\/portal\\\/wp-content\\\/uploads\\\/2024\\\/07\\\/Calor-Cronica-Viva.jpg\",\"contentUrl\":\"https:\\\/\\\/www.eldiario.net\\\/portal\\\/wp-content\\\/uploads\\\/2024\\\/07\\\/Calor-Cronica-Viva.jpg\",\"width\":800,\"height\":461,\"caption\":\"Los valores diarios de temperatura global del 1 al 23 de julio de 2024, de GEOS-FP se muestran en violeta. CR\u00c9DITO \u2013 Cr\u00f3nica Viva\"},{\"@type\":\"BreadcrumbList\",\"@id\":\"https:\\\/\\\/www.eldiario.net\\\/portal\\\/2024\\\/07\\\/30\\\/el-22-de-julio-fue-el-dia-mas-caluroso-registrado-en-la-tierra\\\/#breadcrumb\",\"itemListElement\":[{\"@type\":\"ListItem\",\"position\":1,\"name\":\"Portada\",\"item\":\"https:\\\/\\\/www.eldiario.net\\\/portal\\\/\"},{\"@type\":\"ListItem\",\"position\":2,\"name\":\"El 22 de julio fue el d\u00eda m\u00e1s caluroso registrado en la Tierra\"}]},{\"@type\":\"WebSite\",\"@id\":\"https:\\\/\\\/www.eldiario.net\\\/portal\\\/#website\",\"url\":\"https:\\\/\\\/www.eldiario.net\\\/portal\\\/\",\"name\":\"El Diario - Decano de la prensa nacional\",\"description\":\"El Diario - Decano de la prensa nacional\",\"publisher\":{\"@id\":\"https:\\\/\\\/www.eldiario.net\\\/portal\\\/#organization\"},\"potentialAction\":[{\"@type\":\"SearchAction\",\"target\":{\"@type\":\"EntryPoint\",\"urlTemplate\":\"https:\\\/\\\/www.eldiario.net\\\/portal\\\/?s={search_term_string}\"},\"query-input\":{\"@type\":\"PropertyValueSpecification\",\"valueRequired\":true,\"valueName\":\"search_term_string\"}}],\"inLanguage\":\"es\"},{\"@type\":\"Organization\",\"@id\":\"https:\\\/\\\/www.eldiario.net\\\/portal\\\/#organization\",\"name\":\"El Diario - Decano de la prensa nacional\",\"url\":\"https:\\\/\\\/www.eldiario.net\\\/portal\\\/\",\"logo\":{\"@type\":\"ImageObject\",\"inLanguage\":\"es\",\"@id\":\"https:\\\/\\\/www.eldiario.net\\\/portal\\\/#\\\/schema\\\/logo\\\/image\\\/\",\"url\":\"https:\\\/\\\/www.eldiario.net\\\/portal\\\/wp-content\\\/uploads\\\/2023\\\/07\\\/logo_ED.jpg\",\"contentUrl\":\"https:\\\/\\\/www.eldiario.net\\\/portal\\\/wp-content\\\/uploads\\\/2023\\\/07\\\/logo_ED.jpg\",\"width\":272,\"height\":52,\"caption\":\"El Diario - Decano de la prensa nacional\"},\"image\":{\"@id\":\"https:\\\/\\\/www.eldiario.net\\\/portal\\\/#\\\/schema\\\/logo\\\/image\\\/\"},\"sameAs\":[\"https:\\\/\\\/www.facebook.com\\\/eldiario.bolivia\\\/\",\"https:\\\/\\\/x.com\\\/eldiario_net\"]},{\"@type\":\"Person\",\"@id\":\"https:\\\/\\\/www.eldiario.net\\\/portal\\\/#\\\/schema\\\/person\\\/2c57cf2b7a7ae032e449e4c9b1019eac\",\"name\":\"Jeanette\",\"image\":{\"@type\":\"ImageObject\",\"inLanguage\":\"es\",\"@id\":\"https:\\\/\\\/secure.gravatar.com\\\/avatar\\\/3ea2118a5f7dad2b7138b1187a6b7ee55f160b9968b66013c3a3ef39dd7e5798?s=96&d=mm&r=g\",\"url\":\"https:\\\/\\\/secure.gravatar.com\\\/avatar\\\/3ea2118a5f7dad2b7138b1187a6b7ee55f160b9968b66013c3a3ef39dd7e5798?s=96&d=mm&r=g\",\"contentUrl\":\"https:\\\/\\\/secure.gravatar.com\\\/avatar\\\/3ea2118a5f7dad2b7138b1187a6b7ee55f160b9968b66013c3a3ef39dd7e5798?s=96&d=mm&r=g\",\"caption\":\"Jeanette\"},\"sameAs\":[\"https:\\\/\\\/www.eldiario.net\\\/portal\"],\"url\":\"https:\\\/\\\/www.eldiario.net\\\/portal\\\/author\\\/jeanette\\\/\"}]}<\/script>\n<!-- \/ Yoast SEO plugin. -->","yoast_head_json":{"title":"El 22 de julio fue el d\u00eda m\u00e1s caluroso registrado en la Tierra - El Diario - Bolivia","robots":{"index":"index","follow":"follow","max-snippet":"max-snippet:-1","max-image-preview":"max-image-preview:large","max-video-preview":"max-video-preview:-1"},"canonical":"https:\/\/www.eldiario.net\/portal\/2024\/07\/30\/el-22-de-julio-fue-el-dia-mas-caluroso-registrado-en-la-tierra\/","og_locale":"es_ES","og_type":"article","og_title":"El 22 de julio fue el d\u00eda m\u00e1s caluroso registrado en la Tierra - El Diario - Bolivia","og_description":"El 22 de julio de 2024 fue el d\u00eda m\u00e1s caluroso registrado en el mundo, seg\u00fan un an\u00e1lisis de la NASA de los datos de temperatura diaria global. El 21 y el 23 de julio de este a\u00f1o tambi\u00e9n superaron el r\u00e9cord diario anterior, establecido en julio de 2023. Estas temperaturas r\u00e9cord son parte de [&hellip;]","og_url":"https:\/\/www.eldiario.net\/portal\/2024\/07\/30\/el-22-de-julio-fue-el-dia-mas-caluroso-registrado-en-la-tierra\/","og_site_name":"El Diario - Bolivia","article_publisher":"https:\/\/www.facebook.com\/eldiario.bolivia\/","article_published_time":"2024-07-30T10:43:17+00:00","og_image":[{"width":800,"height":461,"url":"https:\/\/www.eldiario.net\/portal\/wp-content\/uploads\/2024\/07\/Calor-Cronica-Viva.jpg","type":"image\/jpeg"}],"author":"Jeanette","twitter_card":"summary_large_image","twitter_creator":"@eldiario_net","twitter_site":"@eldiario_net","twitter_misc":{"Escrito por":"Jeanette","Tiempo de lectura":"3 minutos"},"schema":{"@context":"https:\/\/schema.org","@graph":[{"@type":"Article","@id":"https:\/\/www.eldiario.net\/portal\/2024\/07\/30\/el-22-de-julio-fue-el-dia-mas-caluroso-registrado-en-la-tierra\/#article","isPartOf":{"@id":"https:\/\/www.eldiario.net\/portal\/2024\/07\/30\/el-22-de-julio-fue-el-dia-mas-caluroso-registrado-en-la-tierra\/"},"author":{"name":"Jeanette","@id":"https:\/\/www.eldiario.net\/portal\/#\/schema\/person\/2c57cf2b7a7ae032e449e4c9b1019eac"},"headline":"El 22 de julio fue el d\u00eda m\u00e1s caluroso registrado en la Tierra","datePublished":"2024-07-30T10:43:17+00:00","mainEntityOfPage":{"@id":"https:\/\/www.eldiario.net\/portal\/2024\/07\/30\/el-22-de-julio-fue-el-dia-mas-caluroso-registrado-en-la-tierra\/"},"wordCount":459,"commentCount":0,"publisher":{"@id":"https:\/\/www.eldiario.net\/portal\/#organization"},"image":{"@id":"https:\/\/www.eldiario.net\/portal\/2024\/07\/30\/el-22-de-julio-fue-el-dia-mas-caluroso-registrado-en-la-tierra\/#primaryimage"},"thumbnailUrl":"https:\/\/www.eldiario.net\/portal\/wp-content\/uploads\/2024\/07\/Calor-Cronica-Viva.jpg","articleSection":["Internacional"],"inLanguage":"es","potentialAction":[{"@type":"CommentAction","name":"Comment","target":["https:\/\/www.eldiario.net\/portal\/2024\/07\/30\/el-22-de-julio-fue-el-dia-mas-caluroso-registrado-en-la-tierra\/#respond"]}]},{"@type":"WebPage","@id":"https:\/\/www.eldiario.net\/portal\/2024\/07\/30\/el-22-de-julio-fue-el-dia-mas-caluroso-registrado-en-la-tierra\/","url":"https:\/\/www.eldiario.net\/portal\/2024\/07\/30\/el-22-de-julio-fue-el-dia-mas-caluroso-registrado-en-la-tierra\/","name":"El 22 de julio fue el d\u00eda m\u00e1s caluroso registrado en la Tierra - El Diario - Bolivia","isPartOf":{"@id":"https:\/\/www.eldiario.net\/portal\/#website"},"primaryImageOfPage":{"@id":"https:\/\/www.eldiario.net\/portal\/2024\/07\/30\/el-22-de-julio-fue-el-dia-mas-caluroso-registrado-en-la-tierra\/#primaryimage"},"image":{"@id":"https:\/\/www.eldiario.net\/portal\/2024\/07\/30\/el-22-de-julio-fue-el-dia-mas-caluroso-registrado-en-la-tierra\/#primaryimage"},"thumbnailUrl":"https:\/\/www.eldiario.net\/portal\/wp-content\/uploads\/2024\/07\/Calor-Cronica-Viva.jpg","datePublished":"2024-07-30T10:43:17+00:00","breadcrumb":{"@id":"https:\/\/www.eldiario.net\/portal\/2024\/07\/30\/el-22-de-julio-fue-el-dia-mas-caluroso-registrado-en-la-tierra\/#breadcrumb"},"inLanguage":"es","potentialAction":[{"@type":"ReadAction","target":["https:\/\/www.eldiario.net\/portal\/2024\/07\/30\/el-22-de-julio-fue-el-dia-mas-caluroso-registrado-en-la-tierra\/"]}]},{"@type":"ImageObject","inLanguage":"es","@id":"https:\/\/www.eldiario.net\/portal\/2024\/07\/30\/el-22-de-julio-fue-el-dia-mas-caluroso-registrado-en-la-tierra\/#primaryimage","url":"https:\/\/www.eldiario.net\/portal\/wp-content\/uploads\/2024\/07\/Calor-Cronica-Viva.jpg","contentUrl":"https:\/\/www.eldiario.net\/portal\/wp-content\/uploads\/2024\/07\/Calor-Cronica-Viva.jpg","width":800,"height":461,"caption":"Los valores diarios de temperatura global del 1 al 23 de julio de 2024, de GEOS-FP se muestran en violeta. CR\u00c9DITO \u2013 Cr\u00f3nica Viva"},{"@type":"BreadcrumbList","@id":"https:\/\/www.eldiario.net\/portal\/2024\/07\/30\/el-22-de-julio-fue-el-dia-mas-caluroso-registrado-en-la-tierra\/#breadcrumb","itemListElement":[{"@type":"ListItem","position":1,"name":"Portada","item":"https:\/\/www.eldiario.net\/portal\/"},{"@type":"ListItem","position":2,"name":"El 22 de julio fue el d\u00eda m\u00e1s caluroso registrado en la Tierra"}]},{"@type":"WebSite","@id":"https:\/\/www.eldiario.net\/portal\/#website","url":"https:\/\/www.eldiario.net\/portal\/","name":"El Diario - Decano de la prensa nacional","description":"El Diario - Decano de la prensa nacional","publisher":{"@id":"https:\/\/www.eldiario.net\/portal\/#organization"},"potentialAction":[{"@type":"SearchAction","target":{"@type":"EntryPoint","urlTemplate":"https:\/\/www.eldiario.net\/portal\/?s={search_term_string}"},"query-input":{"@type":"PropertyValueSpecification","valueRequired":true,"valueName":"search_term_string"}}],"inLanguage":"es"},{"@type":"Organization","@id":"https:\/\/www.eldiario.net\/portal\/#organization","name":"El Diario - Decano de la prensa nacional","url":"https:\/\/www.eldiario.net\/portal\/","logo":{"@type":"ImageObject","inLanguage":"es","@id":"https:\/\/www.eldiario.net\/portal\/#\/schema\/logo\/image\/","url":"https:\/\/www.eldiario.net\/portal\/wp-content\/uploads\/2023\/07\/logo_ED.jpg","contentUrl":"https:\/\/www.eldiario.net\/portal\/wp-content\/uploads\/2023\/07\/logo_ED.jpg","width":272,"height":52,"caption":"El Diario - Decano de la prensa nacional"},"image":{"@id":"https:\/\/www.eldiario.net\/portal\/#\/schema\/logo\/image\/"},"sameAs":["https:\/\/www.facebook.com\/eldiario.bolivia\/","https:\/\/x.com\/eldiario_net"]},{"@type":"Person","@id":"https:\/\/www.eldiario.net\/portal\/#\/schema\/person\/2c57cf2b7a7ae032e449e4c9b1019eac","name":"Jeanette","image":{"@type":"ImageObject","inLanguage":"es","@id":"https:\/\/secure.gravatar.com\/avatar\/3ea2118a5f7dad2b7138b1187a6b7ee55f160b9968b66013c3a3ef39dd7e5798?s=96&d=mm&r=g","url":"https:\/\/secure.gravatar.com\/avatar\/3ea2118a5f7dad2b7138b1187a6b7ee55f160b9968b66013c3a3ef39dd7e5798?s=96&d=mm&r=g","contentUrl":"https:\/\/secure.gravatar.com\/avatar\/3ea2118a5f7dad2b7138b1187a6b7ee55f160b9968b66013c3a3ef39dd7e5798?s=96&d=mm&r=g","caption":"Jeanette"},"sameAs":["https:\/\/www.eldiario.net\/portal"],"url":"https:\/\/www.eldiario.net\/portal\/author\/jeanette\/"}]}},"_links":{"self":[{"href":"https:\/\/www.eldiario.net\/portal\/wp-json\/wp\/v2\/posts\/237397","targetHints":{"allow":["GET"]}}],"collection":[{"href":"https:\/\/www.eldiario.net\/portal\/wp-json\/wp\/v2\/posts"}],"about":[{"href":"https:\/\/www.eldiario.net\/portal\/wp-json\/wp\/v2\/types\/post"}],"author":[{"embeddable":true,"href":"https:\/\/www.eldiario.net\/portal\/wp-json\/wp\/v2\/users\/1"}],"replies":[{"embeddable":true,"href":"https:\/\/www.eldiario.net\/portal\/wp-json\/wp\/v2\/comments?post=237397"}],"version-history":[{"count":1,"href":"https:\/\/www.eldiario.net\/portal\/wp-json\/wp\/v2\/posts\/237397\/revisions"}],"predecessor-version":[{"id":237399,"href":"https:\/\/www.eldiario.net\/portal\/wp-json\/wp\/v2\/posts\/237397\/revisions\/237399"}],"wp:featuredmedia":[{"embeddable":true,"href":"https:\/\/www.eldiario.net\/portal\/wp-json\/wp\/v2\/media\/237398"}],"wp:attachment":[{"href":"https:\/\/www.eldiario.net\/portal\/wp-json\/wp\/v2\/media?parent=237397"}],"wp:term":[{"taxonomy":"category","embeddable":true,"href":"https:\/\/www.eldiario.net\/portal\/wp-json\/wp\/v2\/categories?post=237397"},{"taxonomy":"post_tag","embeddable":true,"href":"https:\/\/www.eldiario.net\/portal\/wp-json\/wp\/v2\/tags?post=237397"}],"curies":[{"name":"wp","href":"https:\/\/api.w.org\/{rel}","templated":true}]}}