{"id":237394,"date":"2024-07-30T06:36:47","date_gmt":"2024-07-30T10:36:47","guid":{"rendered":"https:\/\/www.eldiario.net\/portal\/?p=237394"},"modified":"2024-07-30T06:36:47","modified_gmt":"2024-07-30T10:36:47","slug":"guatemala-monitorea-posible-formacion-de-ciclones-tropicales","status":"publish","type":"post","link":"https:\/\/www.eldiario.net\/portal\/2024\/07\/30\/guatemala-monitorea-posible-formacion-de-ciclones-tropicales\/","title":{"rendered":"Guatemala monitorea posible  formaci\u00f3n de ciclones tropicales"},"content":{"rendered":"<p class=\"v1MsoNormal\">El Instituto Nacional de Sismolog\u00eda, Vulcanolog\u00eda, Meteorolog\u00eda e Hidrolog\u00eda (Insivumeh) de Guatemala monitorea este lunes la evoluci\u00f3n de dos \u00e1reas con una probabilidad media\/alta de formaci\u00f3n de ciclones tropicales en los pr\u00f3ximos d\u00edas; empero, sostiene que el fen\u00f3meno atmosf\u00e9rico no representa peligro directo para el pa\u00eds hasta el momento.<\/p>\n<p class=\"v1MsoNormal\">Su oficina de an\u00e1lisis y pron\u00f3sticos explic\u00f3 que las lluvias previstas durante las siguientes 48 horas son asociadas a los remanentes de humedad dejados por el paso de la onda del este n\u00famero 14.<\/p>\n<p class=\"v1MsoNormal\">Incluy\u00f3 la inestabilidad atmosf\u00e9rica, lo que promueve la presencia de tormentas locales severas principalmente en sectores monta\u00f1osos o volc\u00e1nicos.<\/p>\n<p class=\"v1MsoNormal\">El Insivumeh estim\u00f3 que los mayores acumulados de precipitaciones pueden presentarse en las regiones de Bocacosta, occidente, Altiplano Central, Franja Transversal del Norte y el departamento de Pet\u00e9n.<\/p>\n<p class=\"v1MsoNormal\">Las condiciones \u2013agreg\u00f3- pueden promover tormentas locales severas (abundantes precipitaciones, viento fuerte y posible ca\u00edda de granizos).<\/p>\n<p class=\"v1MsoNormal\">Registr\u00f3 los mayores acumulados de lluvias de las \u00faltimas 24 horas en Chiquimula (40,6 mil\u00edmetros), esta capital (19,7), Pet\u00e9n (18,6), Alta Verapaz (13,0), Jutiapa (12,4) y Zacapa con 9,7 mil\u00edmetros.<\/p>\n<p class=\"v1MsoNormal\">La entidad recomend\u00f3 mantener las precauciones necesarias ante las precipitaciones previstas que podr\u00edan provocar crecidas repentinas de r\u00edos, inundaciones, movimientos en masa, lahares en la cadena volc\u00e1nica o da\u00f1os a la red vial.<\/p>\n<p class=\"v1MsoNormal\">La Coordinadora Nacional para la Reducci\u00f3n de Desastres (Conred) advirti\u00f3, por su parte, que continuar\u00e1 la nubosidad con lluvias acompa\u00f1adas de actividad el\u00e9ctrica durante la tarde noche.<\/p>\n<p class=\"v1MsoNormal\">A consecuencia de las \u00faltimas precipitaciones y saturaci\u00f3n de suelo se report\u00f3 deslizamiento en el kil\u00f3metro 183, aldea Quival\u00e1, del municipio de Santa Cruz del Quich\u00e9, Quich\u00e9.<\/p>\n<p class=\"v1MsoNormal\">Medios locales de prensa se\u00f1alaron un derrumbe en la carretera Chixt\u00fan, ruta Tucur\u00fa a Tamh\u00fa, Alta Verapaz, por las fuertes lluvias, lo cual impide el paso de autos y motos.<\/p>\n<p class=\"v1MsoNormal\">En un \u00faltimo informe sobre la actual temporada, que comenz\u00f3 en mayo hasta octubre, la Conred report\u00f3 mil 395 incidentes en toda la naci\u00f3n, con el traslado de 22 mil 193 personas.<\/p>\n<p class=\"v1MsoNormal\">Entre los afectados, ocho mil 30 damnificados y seis mil 817 en alto riesgo, mientras que 731 fueron albergadas, 18 personas fallecieron y 13 resultaron heridas.<\/p>\n<p class=\"v1MsoNormal\">Tambi\u00e9n subray\u00f3 el impacto en 41 centros educativos, 539 carreteras, 14 edificios y 41 puentes, con la destrucci\u00f3n total de cinco de estos adicionales.<\/p>\n<p class=\"v1MsoNormal\">El Gobierno de Guatemala decret\u00f3 a inicios de este mes Estado de Calamidad por el alto \u00edndice de acumulaci\u00f3n de agua desde los primeros d\u00edas de junio y la saturaci\u00f3n de los suelos, pero el Congreso (unicameral) desaprob\u00f3 la medida. (Prensa Latina)<\/p>\n<p class=\"v1MsoNormal\">\n","protected":false},"excerpt":{"rendered":"<p>El Instituto Nacional de Sismolog\u00eda, Vulcanolog\u00eda, Meteorolog\u00eda e Hidrolog\u00eda (Insivumeh) de Guatemala monitorea este lunes la evoluci\u00f3n de dos \u00e1reas con una probabilidad media\/alta de formaci\u00f3n de ciclones tropicales en los pr\u00f3ximos d\u00edas; empero, sostiene que el fen\u00f3meno atmosf\u00e9rico no representa peligro directo para el pa\u00eds hasta el momento. Su oficina de an\u00e1lisis y pron\u00f3sticos [&hellip;]<\/p>\n","protected":false},"author":1,"featured_media":237395,"comment_status":"open","ping_status":"open","sticky":false,"template":"","format":"standard","meta":{"_acf_changed":false,"footnotes":""},"categories":[3],"tags":[],"class_list":["post-237394","post","type-post","status-publish","format-standard","has-post-thumbnail","category-internacional"],"acf":{"antetitulo":"Seg\u00fan instituto de sismolog\u00eda"},"yoast_head":"<!-- This site is optimized with the Yoast SEO plugin v28.4 - https:\/\/yoast.com\/product\/yoast-seo-wordpress\/ -->\n<title>Guatemala monitorea posible formaci\u00f3n de ciclones tropicales - El Diario - Bolivia<\/title>\n<meta name=\"robots\" content=\"index, follow, max-snippet:-1, max-image-preview:large, max-video-preview:-1\" \/>\n<link rel=\"canonical\" href=\"https:\/\/www.eldiario.net\/portal\/2024\/07\/30\/guatemala-monitorea-posible-formacion-de-ciclones-tropicales\/\" \/>\n<meta property=\"og:locale\" content=\"es_ES\" \/>\n<meta property=\"og:type\" content=\"article\" \/>\n<meta property=\"og:title\" content=\"Guatemala monitorea posible formaci\u00f3n de ciclones tropicales - El Diario - Bolivia\" \/>\n<meta property=\"og:description\" content=\"El Instituto Nacional de Sismolog\u00eda, Vulcanolog\u00eda, Meteorolog\u00eda e Hidrolog\u00eda (Insivumeh) de Guatemala monitorea este lunes la evoluci\u00f3n de dos \u00e1reas con una probabilidad media\/alta de formaci\u00f3n de ciclones tropicales en los pr\u00f3ximos d\u00edas; empero, sostiene que el fen\u00f3meno atmosf\u00e9rico no representa peligro directo para el pa\u00eds hasta el momento. Su oficina de an\u00e1lisis y pron\u00f3sticos [&hellip;]\" \/>\n<meta property=\"og:url\" content=\"https:\/\/www.eldiario.net\/portal\/2024\/07\/30\/guatemala-monitorea-posible-formacion-de-ciclones-tropicales\/\" \/>\n<meta property=\"og:site_name\" content=\"El Diario - Bolivia\" \/>\n<meta property=\"article:publisher\" content=\"https:\/\/www.facebook.com\/eldiario.bolivia\/\" \/>\n<meta property=\"article:published_time\" content=\"2024-07-30T10:36:47+00:00\" \/>\n<meta property=\"og:image\" content=\"https:\/\/www.eldiario.net\/portal\/wp-content\/uploads\/2024\/07\/Ciclones-Soy502.jpg\" \/>\n\t<meta property=\"og:image:width\" content=\"750\" \/>\n\t<meta property=\"og:image:height\" content=\"375\" \/>\n\t<meta property=\"og:image:type\" content=\"image\/jpeg\" \/>\n<meta name=\"author\" content=\"Jeanette\" \/>\n<meta name=\"twitter:card\" content=\"summary_large_image\" \/>\n<meta name=\"twitter:creator\" content=\"@eldiario_net\" \/>\n<meta name=\"twitter:site\" content=\"@eldiario_net\" \/>\n<meta name=\"twitter:label1\" content=\"Escrito por\" \/>\n\t<meta name=\"twitter:data1\" content=\"Jeanette\" \/>\n\t<meta name=\"twitter:label2\" content=\"Tiempo de lectura\" \/>\n\t<meta name=\"twitter:data2\" content=\"3 minutos\" \/>\n<script type=\"application\/ld+json\" class=\"yoast-schema-graph\">{\"@context\":\"https:\\\/\\\/schema.org\",\"@graph\":[{\"@type\":\"Article\",\"@id\":\"https:\\\/\\\/www.eldiario.net\\\/portal\\\/2024\\\/07\\\/30\\\/guatemala-monitorea-posible-formacion-de-ciclones-tropicales\\\/#article\",\"isPartOf\":{\"@id\":\"https:\\\/\\\/www.eldiario.net\\\/portal\\\/2024\\\/07\\\/30\\\/guatemala-monitorea-posible-formacion-de-ciclones-tropicales\\\/\"},\"author\":{\"name\":\"Jeanette\",\"@id\":\"https:\\\/\\\/www.eldiario.net\\\/portal\\\/#\\\/schema\\\/person\\\/2c57cf2b7a7ae032e449e4c9b1019eac\"},\"headline\":\"Guatemala monitorea posible formaci\u00f3n de ciclones tropicales\",\"datePublished\":\"2024-07-30T10:36:47+00:00\",\"mainEntityOfPage\":{\"@id\":\"https:\\\/\\\/www.eldiario.net\\\/portal\\\/2024\\\/07\\\/30\\\/guatemala-monitorea-posible-formacion-de-ciclones-tropicales\\\/\"},\"wordCount\":445,\"commentCount\":0,\"publisher\":{\"@id\":\"https:\\\/\\\/www.eldiario.net\\\/portal\\\/#organization\"},\"image\":{\"@id\":\"https:\\\/\\\/www.eldiario.net\\\/portal\\\/2024\\\/07\\\/30\\\/guatemala-monitorea-posible-formacion-de-ciclones-tropicales\\\/#primaryimage\"},\"thumbnailUrl\":\"https:\\\/\\\/www.eldiario.net\\\/portal\\\/wp-content\\\/uploads\\\/2024\\\/07\\\/Ciclones-Soy502.jpg\",\"articleSection\":[\"Internacional\"],\"inLanguage\":\"es\",\"potentialAction\":[{\"@type\":\"CommentAction\",\"name\":\"Comment\",\"target\":[\"https:\\\/\\\/www.eldiario.net\\\/portal\\\/2024\\\/07\\\/30\\\/guatemala-monitorea-posible-formacion-de-ciclones-tropicales\\\/#respond\"]}]},{\"@type\":\"WebPage\",\"@id\":\"https:\\\/\\\/www.eldiario.net\\\/portal\\\/2024\\\/07\\\/30\\\/guatemala-monitorea-posible-formacion-de-ciclones-tropicales\\\/\",\"url\":\"https:\\\/\\\/www.eldiario.net\\\/portal\\\/2024\\\/07\\\/30\\\/guatemala-monitorea-posible-formacion-de-ciclones-tropicales\\\/\",\"name\":\"Guatemala monitorea posible formaci\u00f3n de ciclones tropicales - El Diario - Bolivia\",\"isPartOf\":{\"@id\":\"https:\\\/\\\/www.eldiario.net\\\/portal\\\/#website\"},\"primaryImageOfPage\":{\"@id\":\"https:\\\/\\\/www.eldiario.net\\\/portal\\\/2024\\\/07\\\/30\\\/guatemala-monitorea-posible-formacion-de-ciclones-tropicales\\\/#primaryimage\"},\"image\":{\"@id\":\"https:\\\/\\\/www.eldiario.net\\\/portal\\\/2024\\\/07\\\/30\\\/guatemala-monitorea-posible-formacion-de-ciclones-tropicales\\\/#primaryimage\"},\"thumbnailUrl\":\"https:\\\/\\\/www.eldiario.net\\\/portal\\\/wp-content\\\/uploads\\\/2024\\\/07\\\/Ciclones-Soy502.jpg\",\"datePublished\":\"2024-07-30T10:36:47+00:00\",\"breadcrumb\":{\"@id\":\"https:\\\/\\\/www.eldiario.net\\\/portal\\\/2024\\\/07\\\/30\\\/guatemala-monitorea-posible-formacion-de-ciclones-tropicales\\\/#breadcrumb\"},\"inLanguage\":\"es\",\"potentialAction\":[{\"@type\":\"ReadAction\",\"target\":[\"https:\\\/\\\/www.eldiario.net\\\/portal\\\/2024\\\/07\\\/30\\\/guatemala-monitorea-posible-formacion-de-ciclones-tropicales\\\/\"]}]},{\"@type\":\"ImageObject\",\"inLanguage\":\"es\",\"@id\":\"https:\\\/\\\/www.eldiario.net\\\/portal\\\/2024\\\/07\\\/30\\\/guatemala-monitorea-posible-formacion-de-ciclones-tropicales\\\/#primaryimage\",\"url\":\"https:\\\/\\\/www.eldiario.net\\\/portal\\\/wp-content\\\/uploads\\\/2024\\\/07\\\/Ciclones-Soy502.jpg\",\"contentUrl\":\"https:\\\/\\\/www.eldiario.net\\\/portal\\\/wp-content\\\/uploads\\\/2024\\\/07\\\/Ciclones-Soy502.jpg\",\"width\":750,\"height\":375,\"caption\":\"Alerta por tormenta tropical cercana a Guatemala. CR\u00c9DITO: SOY502\"},{\"@type\":\"BreadcrumbList\",\"@id\":\"https:\\\/\\\/www.eldiario.net\\\/portal\\\/2024\\\/07\\\/30\\\/guatemala-monitorea-posible-formacion-de-ciclones-tropicales\\\/#breadcrumb\",\"itemListElement\":[{\"@type\":\"ListItem\",\"position\":1,\"name\":\"Portada\",\"item\":\"https:\\\/\\\/www.eldiario.net\\\/portal\\\/\"},{\"@type\":\"ListItem\",\"position\":2,\"name\":\"Guatemala monitorea posible formaci\u00f3n de ciclones tropicales\"}]},{\"@type\":\"WebSite\",\"@id\":\"https:\\\/\\\/www.eldiario.net\\\/portal\\\/#website\",\"url\":\"https:\\\/\\\/www.eldiario.net\\\/portal\\\/\",\"name\":\"El Diario - Decano de la prensa nacional\",\"description\":\"El Diario - Decano de la prensa nacional\",\"publisher\":{\"@id\":\"https:\\\/\\\/www.eldiario.net\\\/portal\\\/#organization\"},\"potentialAction\":[{\"@type\":\"SearchAction\",\"target\":{\"@type\":\"EntryPoint\",\"urlTemplate\":\"https:\\\/\\\/www.eldiario.net\\\/portal\\\/?s={search_term_string}\"},\"query-input\":{\"@type\":\"PropertyValueSpecification\",\"valueRequired\":true,\"valueName\":\"search_term_string\"}}],\"inLanguage\":\"es\"},{\"@type\":\"Organization\",\"@id\":\"https:\\\/\\\/www.eldiario.net\\\/portal\\\/#organization\",\"name\":\"El Diario - Decano de la prensa nacional\",\"url\":\"https:\\\/\\\/www.eldiario.net\\\/portal\\\/\",\"logo\":{\"@type\":\"ImageObject\",\"inLanguage\":\"es\",\"@id\":\"https:\\\/\\\/www.eldiario.net\\\/portal\\\/#\\\/schema\\\/logo\\\/image\\\/\",\"url\":\"https:\\\/\\\/www.eldiario.net\\\/portal\\\/wp-content\\\/uploads\\\/2023\\\/07\\\/logo_ED.jpg\",\"contentUrl\":\"https:\\\/\\\/www.eldiario.net\\\/portal\\\/wp-content\\\/uploads\\\/2023\\\/07\\\/logo_ED.jpg\",\"width\":272,\"height\":52,\"caption\":\"El Diario - Decano de la prensa nacional\"},\"image\":{\"@id\":\"https:\\\/\\\/www.eldiario.net\\\/portal\\\/#\\\/schema\\\/logo\\\/image\\\/\"},\"sameAs\":[\"https:\\\/\\\/www.facebook.com\\\/eldiario.bolivia\\\/\",\"https:\\\/\\\/x.com\\\/eldiario_net\"]},{\"@type\":\"Person\",\"@id\":\"https:\\\/\\\/www.eldiario.net\\\/portal\\\/#\\\/schema\\\/person\\\/2c57cf2b7a7ae032e449e4c9b1019eac\",\"name\":\"Jeanette\",\"image\":{\"@type\":\"ImageObject\",\"inLanguage\":\"es\",\"@id\":\"https:\\\/\\\/secure.gravatar.com\\\/avatar\\\/3ea2118a5f7dad2b7138b1187a6b7ee55f160b9968b66013c3a3ef39dd7e5798?s=96&d=mm&r=g\",\"url\":\"https:\\\/\\\/secure.gravatar.com\\\/avatar\\\/3ea2118a5f7dad2b7138b1187a6b7ee55f160b9968b66013c3a3ef39dd7e5798?s=96&d=mm&r=g\",\"contentUrl\":\"https:\\\/\\\/secure.gravatar.com\\\/avatar\\\/3ea2118a5f7dad2b7138b1187a6b7ee55f160b9968b66013c3a3ef39dd7e5798?s=96&d=mm&r=g\",\"caption\":\"Jeanette\"},\"sameAs\":[\"https:\\\/\\\/www.eldiario.net\\\/portal\"],\"url\":\"https:\\\/\\\/www.eldiario.net\\\/portal\\\/author\\\/jeanette\\\/\"}]}<\/script>\n<!-- \/ Yoast SEO plugin. -->","yoast_head_json":{"title":"Guatemala monitorea posible formaci\u00f3n de ciclones tropicales - El Diario - Bolivia","robots":{"index":"index","follow":"follow","max-snippet":"max-snippet:-1","max-image-preview":"max-image-preview:large","max-video-preview":"max-video-preview:-1"},"canonical":"https:\/\/www.eldiario.net\/portal\/2024\/07\/30\/guatemala-monitorea-posible-formacion-de-ciclones-tropicales\/","og_locale":"es_ES","og_type":"article","og_title":"Guatemala monitorea posible formaci\u00f3n de ciclones tropicales - El Diario - Bolivia","og_description":"El Instituto Nacional de Sismolog\u00eda, Vulcanolog\u00eda, Meteorolog\u00eda e Hidrolog\u00eda (Insivumeh) de Guatemala monitorea este lunes la evoluci\u00f3n de dos \u00e1reas con una probabilidad media\/alta de formaci\u00f3n de ciclones tropicales en los pr\u00f3ximos d\u00edas; empero, sostiene que el fen\u00f3meno atmosf\u00e9rico no representa peligro directo para el pa\u00eds hasta el momento. Su oficina de an\u00e1lisis y pron\u00f3sticos [&hellip;]","og_url":"https:\/\/www.eldiario.net\/portal\/2024\/07\/30\/guatemala-monitorea-posible-formacion-de-ciclones-tropicales\/","og_site_name":"El Diario - Bolivia","article_publisher":"https:\/\/www.facebook.com\/eldiario.bolivia\/","article_published_time":"2024-07-30T10:36:47+00:00","og_image":[{"width":750,"height":375,"url":"https:\/\/www.eldiario.net\/portal\/wp-content\/uploads\/2024\/07\/Ciclones-Soy502.jpg","type":"image\/jpeg"}],"author":"Jeanette","twitter_card":"summary_large_image","twitter_creator":"@eldiario_net","twitter_site":"@eldiario_net","twitter_misc":{"Escrito por":"Jeanette","Tiempo de lectura":"3 minutos"},"schema":{"@context":"https:\/\/schema.org","@graph":[{"@type":"Article","@id":"https:\/\/www.eldiario.net\/portal\/2024\/07\/30\/guatemala-monitorea-posible-formacion-de-ciclones-tropicales\/#article","isPartOf":{"@id":"https:\/\/www.eldiario.net\/portal\/2024\/07\/30\/guatemala-monitorea-posible-formacion-de-ciclones-tropicales\/"},"author":{"name":"Jeanette","@id":"https:\/\/www.eldiario.net\/portal\/#\/schema\/person\/2c57cf2b7a7ae032e449e4c9b1019eac"},"headline":"Guatemala monitorea posible formaci\u00f3n de ciclones tropicales","datePublished":"2024-07-30T10:36:47+00:00","mainEntityOfPage":{"@id":"https:\/\/www.eldiario.net\/portal\/2024\/07\/30\/guatemala-monitorea-posible-formacion-de-ciclones-tropicales\/"},"wordCount":445,"commentCount":0,"publisher":{"@id":"https:\/\/www.eldiario.net\/portal\/#organization"},"image":{"@id":"https:\/\/www.eldiario.net\/portal\/2024\/07\/30\/guatemala-monitorea-posible-formacion-de-ciclones-tropicales\/#primaryimage"},"thumbnailUrl":"https:\/\/www.eldiario.net\/portal\/wp-content\/uploads\/2024\/07\/Ciclones-Soy502.jpg","articleSection":["Internacional"],"inLanguage":"es","potentialAction":[{"@type":"CommentAction","name":"Comment","target":["https:\/\/www.eldiario.net\/portal\/2024\/07\/30\/guatemala-monitorea-posible-formacion-de-ciclones-tropicales\/#respond"]}]},{"@type":"WebPage","@id":"https:\/\/www.eldiario.net\/portal\/2024\/07\/30\/guatemala-monitorea-posible-formacion-de-ciclones-tropicales\/","url":"https:\/\/www.eldiario.net\/portal\/2024\/07\/30\/guatemala-monitorea-posible-formacion-de-ciclones-tropicales\/","name":"Guatemala monitorea posible formaci\u00f3n de ciclones tropicales - El Diario - Bolivia","isPartOf":{"@id":"https:\/\/www.eldiario.net\/portal\/#website"},"primaryImageOfPage":{"@id":"https:\/\/www.eldiario.net\/portal\/2024\/07\/30\/guatemala-monitorea-posible-formacion-de-ciclones-tropicales\/#primaryimage"},"image":{"@id":"https:\/\/www.eldiario.net\/portal\/2024\/07\/30\/guatemala-monitorea-posible-formacion-de-ciclones-tropicales\/#primaryimage"},"thumbnailUrl":"https:\/\/www.eldiario.net\/portal\/wp-content\/uploads\/2024\/07\/Ciclones-Soy502.jpg","datePublished":"2024-07-30T10:36:47+00:00","breadcrumb":{"@id":"https:\/\/www.eldiario.net\/portal\/2024\/07\/30\/guatemala-monitorea-posible-formacion-de-ciclones-tropicales\/#breadcrumb"},"inLanguage":"es","potentialAction":[{"@type":"ReadAction","target":["https:\/\/www.eldiario.net\/portal\/2024\/07\/30\/guatemala-monitorea-posible-formacion-de-ciclones-tropicales\/"]}]},{"@type":"ImageObject","inLanguage":"es","@id":"https:\/\/www.eldiario.net\/portal\/2024\/07\/30\/guatemala-monitorea-posible-formacion-de-ciclones-tropicales\/#primaryimage","url":"https:\/\/www.eldiario.net\/portal\/wp-content\/uploads\/2024\/07\/Ciclones-Soy502.jpg","contentUrl":"https:\/\/www.eldiario.net\/portal\/wp-content\/uploads\/2024\/07\/Ciclones-Soy502.jpg","width":750,"height":375,"caption":"Alerta por tormenta tropical cercana a Guatemala. CR\u00c9DITO: SOY502"},{"@type":"BreadcrumbList","@id":"https:\/\/www.eldiario.net\/portal\/2024\/07\/30\/guatemala-monitorea-posible-formacion-de-ciclones-tropicales\/#breadcrumb","itemListElement":[{"@type":"ListItem","position":1,"name":"Portada","item":"https:\/\/www.eldiario.net\/portal\/"},{"@type":"ListItem","position":2,"name":"Guatemala monitorea posible formaci\u00f3n de ciclones tropicales"}]},{"@type":"WebSite","@id":"https:\/\/www.eldiario.net\/portal\/#website","url":"https:\/\/www.eldiario.net\/portal\/","name":"El Diario - Decano de la prensa nacional","description":"El Diario - Decano de la prensa nacional","publisher":{"@id":"https:\/\/www.eldiario.net\/portal\/#organization"},"potentialAction":[{"@type":"SearchAction","target":{"@type":"EntryPoint","urlTemplate":"https:\/\/www.eldiario.net\/portal\/?s={search_term_string}"},"query-input":{"@type":"PropertyValueSpecification","valueRequired":true,"valueName":"search_term_string"}}],"inLanguage":"es"},{"@type":"Organization","@id":"https:\/\/www.eldiario.net\/portal\/#organization","name":"El Diario - Decano de la prensa nacional","url":"https:\/\/www.eldiario.net\/portal\/","logo":{"@type":"ImageObject","inLanguage":"es","@id":"https:\/\/www.eldiario.net\/portal\/#\/schema\/logo\/image\/","url":"https:\/\/www.eldiario.net\/portal\/wp-content\/uploads\/2023\/07\/logo_ED.jpg","contentUrl":"https:\/\/www.eldiario.net\/portal\/wp-content\/uploads\/2023\/07\/logo_ED.jpg","width":272,"height":52,"caption":"El Diario - Decano de la prensa nacional"},"image":{"@id":"https:\/\/www.eldiario.net\/portal\/#\/schema\/logo\/image\/"},"sameAs":["https:\/\/www.facebook.com\/eldiario.bolivia\/","https:\/\/x.com\/eldiario_net"]},{"@type":"Person","@id":"https:\/\/www.eldiario.net\/portal\/#\/schema\/person\/2c57cf2b7a7ae032e449e4c9b1019eac","name":"Jeanette","image":{"@type":"ImageObject","inLanguage":"es","@id":"https:\/\/secure.gravatar.com\/avatar\/3ea2118a5f7dad2b7138b1187a6b7ee55f160b9968b66013c3a3ef39dd7e5798?s=96&d=mm&r=g","url":"https:\/\/secure.gravatar.com\/avatar\/3ea2118a5f7dad2b7138b1187a6b7ee55f160b9968b66013c3a3ef39dd7e5798?s=96&d=mm&r=g","contentUrl":"https:\/\/secure.gravatar.com\/avatar\/3ea2118a5f7dad2b7138b1187a6b7ee55f160b9968b66013c3a3ef39dd7e5798?s=96&d=mm&r=g","caption":"Jeanette"},"sameAs":["https:\/\/www.eldiario.net\/portal"],"url":"https:\/\/www.eldiario.net\/portal\/author\/jeanette\/"}]}},"_links":{"self":[{"href":"https:\/\/www.eldiario.net\/portal\/wp-json\/wp\/v2\/posts\/237394","targetHints":{"allow":["GET"]}}],"collection":[{"href":"https:\/\/www.eldiario.net\/portal\/wp-json\/wp\/v2\/posts"}],"about":[{"href":"https:\/\/www.eldiario.net\/portal\/wp-json\/wp\/v2\/types\/post"}],"author":[{"embeddable":true,"href":"https:\/\/www.eldiario.net\/portal\/wp-json\/wp\/v2\/users\/1"}],"replies":[{"embeddable":true,"href":"https:\/\/www.eldiario.net\/portal\/wp-json\/wp\/v2\/comments?post=237394"}],"version-history":[{"count":1,"href":"https:\/\/www.eldiario.net\/portal\/wp-json\/wp\/v2\/posts\/237394\/revisions"}],"predecessor-version":[{"id":237396,"href":"https:\/\/www.eldiario.net\/portal\/wp-json\/wp\/v2\/posts\/237394\/revisions\/237396"}],"wp:featuredmedia":[{"embeddable":true,"href":"https:\/\/www.eldiario.net\/portal\/wp-json\/wp\/v2\/media\/237395"}],"wp:attachment":[{"href":"https:\/\/www.eldiario.net\/portal\/wp-json\/wp\/v2\/media?parent=237394"}],"wp:term":[{"taxonomy":"category","embeddable":true,"href":"https:\/\/www.eldiario.net\/portal\/wp-json\/wp\/v2\/categories?post=237394"},{"taxonomy":"post_tag","embeddable":true,"href":"https:\/\/www.eldiario.net\/portal\/wp-json\/wp\/v2\/tags?post=237394"}],"curies":[{"name":"wp","href":"https:\/\/api.w.org\/{rel}","templated":true}]}}