{"id":237388,"date":"2024-07-30T06:24:12","date_gmt":"2024-07-30T10:24:12","guid":{"rendered":"https:\/\/www.eldiario.net\/portal\/?p=237388"},"modified":"2024-07-30T06:24:12","modified_gmt":"2024-07-30T10:24:12","slug":"aymara-aquize-representara-al-pais-en-la-maraton-pour-tous","status":"publish","type":"post","link":"https:\/\/www.eldiario.net\/portal\/2024\/07\/30\/aymara-aquize-representara-al-pais-en-la-maraton-pour-tous\/","title":{"rendered":"Aymara Aquize representar\u00e1 al pa\u00eds en la Marat\u00f3n Pour Tous"},"content":{"rendered":"<p>Con disciplina y perseverancia, la atleta Aymara Aquize logr\u00f3 ganarse un cupo para representar a Bolivia en el Marathon Pour Tous, que se llevar\u00e1 adelante la noche del 10 de agosto (15:00 HB), recorriendo la misma ruta del marat\u00f3n de los Juegos Ol\u00edmpicos Paris 2024.<\/p>\n<p>Aquize se sumar\u00e1 a la experiencia inolvidable de correr un marat\u00f3n por las mismas calles y avenidas, sitios hist\u00f3ricos y atractivos tur\u00edsticos de Paris, por los cuales pasar\u00e1n los corredores elites varones en horas de la ma\u00f1ana del 10 de agosto.<\/p>\n<p>Esta carrera para amateurs estar\u00e1 bajo la organizaci\u00f3n de los Juegos Ol\u00edmpicos Paris 2024, sin ning\u00fan costo de inscripci\u00f3n, pero dispuso sus reglas para ganarse los dorsales. Aquize eligi\u00f3, hace dos a\u00f1os, hacer los retos mensuales deportivos con la aplicaci\u00f3n que dispuso el comit\u00e9 organizador. Cada cierto tiempo, entre los participantes, que alcanzaban a 150 mil registrados, se sorteaban cupos.<\/p>\n<p>\u00abEste a\u00f1o pens\u00e9 que no iba a llegar mi dorsal, pese a que hice los retos y a finales de abril me lleg\u00f3 el correo. Me le\u00ed el correo hasta cinco veces para saber que no estaba so\u00f1ando, que me hab\u00eda ganado mi dorsal para Paris 2024\u00bb, coment\u00f3 Aquize, de 32 a\u00f1os, quien se encuentra en Madrid entren\u00e1ndose y que se trasladar\u00e1 a Paris los primeros d\u00edas de agosto.<\/p>\n<p>La hoja de vida de Aquize est\u00e1 marcada por el atletismo, comenz\u00f3 con distancias de semi fondo hasta consolidarse como corredora de distancias largas y en particular desafiar a la naturaleza en las pruebas de trail y skyrunning. Fue ganadora de la 30K en la Ultra Machu Picchu, entre sus logros en terreno monta\u00f1oso, llegando a formar parte del seleccionado de Bolivia.<\/p>\n<p>\u00abTodos los d\u00edas entreno. Mi d\u00eda de descanso implica un trote de ocho kil\u00f3metros a ritmo tranquilo, el resto de la semana, cuando entreno a tope, hago dos entrenamientos ma\u00f1ana y tarde, con gimnasio\u00bb, explic\u00f3 Aquize, que con la carrera cada vez m\u00e1s pr\u00f3xima hace un turno todos los d\u00edas y tres veces a la semana incluye una sesi\u00f3n extra. Cada entrenamiento consta de dos horas.<\/p>\n<p>La fondista nutri\u00f3 su preparaci\u00f3n con el asesoramiento de las atletas Helen Baltazar y Nelbi S\u00e1nchez y los entrenadores Ariel Quispe y el cusque\u00f1o Policarpio Vargas. Tambi\u00e9n recibi\u00f3 ayuda de la Agencia El Primer Deporte, que busca recaudar fondos, a trav\u00e9s de carreras trail, para que los atletas puedan cubrir sus gastos de transporte y alimentaci\u00f3n en competencias internacionales.<\/p>\n<p>Durante estos d\u00edas, realiza sus sesiones por carretera en Madrid, las efect\u00faa bajo una temperatura de 37 grados. \u00abUna de mis caracter\u00edsticas es la adaptaci\u00f3n, eso es muy bueno para el deporte. Aqu\u00ed es verano, tengo muchas horas de luz y tengo que priorizar el descanso\u00bb, dijo en entrevista con APG Noticias.<\/p>\n<p>Gracias a las amistades que hizo en el deporte y en el trabajo, Aquize tiene el alojamiento cubierto en Paris, desde donde sus amigos y familiares podr\u00e1n seguir en vivo su participaci\u00f3n a trav\u00e9s de la plataforma de la organizaci\u00f3n.<\/p>\n","protected":false},"excerpt":{"rendered":"<p>Con disciplina y perseverancia, la atleta Aymara Aquize logr\u00f3 ganarse un cupo para representar a Bolivia en el Marathon Pour Tous, que se llevar\u00e1 adelante la noche del 10 de agosto (15:00 HB), recorriendo la misma ruta del marat\u00f3n de los Juegos Ol\u00edmpicos Paris 2024. Aquize se sumar\u00e1 a la experiencia inolvidable de correr un [&hellip;]<\/p>\n","protected":false},"author":1,"featured_media":237389,"comment_status":"open","ping_status":"open","sticky":false,"template":"","format":"standard","meta":{"_acf_changed":false,"footnotes":""},"categories":[6,54],"tags":[],"class_list":["post-237388","post","type-post","status-publish","format-standard","has-post-thumbnail","category-deportes","category-olimpiadas-paris-2024"],"acf":{"antetitulo":""},"yoast_head":"<!-- This site is optimized with the Yoast SEO plugin v28.3 - https:\/\/yoast.com\/product\/yoast-seo-wordpress\/ -->\n<title>Aymara Aquize representar\u00e1 al pa\u00eds en la Marat\u00f3n Pour Tous - El Diario - Bolivia<\/title>\n<meta name=\"robots\" content=\"index, follow, max-snippet:-1, max-image-preview:large, max-video-preview:-1\" \/>\n<link rel=\"canonical\" href=\"https:\/\/www.eldiario.net\/portal\/2024\/07\/30\/aymara-aquize-representara-al-pais-en-la-maraton-pour-tous\/\" \/>\n<meta property=\"og:locale\" content=\"es_ES\" \/>\n<meta property=\"og:type\" content=\"article\" \/>\n<meta property=\"og:title\" content=\"Aymara Aquize representar\u00e1 al pa\u00eds en la Marat\u00f3n Pour Tous - El Diario - Bolivia\" \/>\n<meta property=\"og:description\" content=\"Con disciplina y perseverancia, la atleta Aymara Aquize logr\u00f3 ganarse un cupo para representar a Bolivia en el Marathon Pour Tous, que se llevar\u00e1 adelante la noche del 10 de agosto (15:00 HB), recorriendo la misma ruta del marat\u00f3n de los Juegos Ol\u00edmpicos Paris 2024. Aquize se sumar\u00e1 a la experiencia inolvidable de correr un [&hellip;]\" \/>\n<meta property=\"og:url\" content=\"https:\/\/www.eldiario.net\/portal\/2024\/07\/30\/aymara-aquize-representara-al-pais-en-la-maraton-pour-tous\/\" \/>\n<meta property=\"og:site_name\" content=\"El Diario - Bolivia\" \/>\n<meta property=\"article:publisher\" content=\"https:\/\/www.facebook.com\/eldiario.bolivia\/\" \/>\n<meta property=\"article:published_time\" content=\"2024-07-30T10:24:12+00:00\" \/>\n<meta property=\"og:image\" content=\"https:\/\/www.eldiario.net\/portal\/wp-content\/uploads\/2024\/07\/FB_IMG_1722310748495.jpg\" \/>\n\t<meta property=\"og:image:width\" content=\"951\" \/>\n\t<meta property=\"og:image:height\" content=\"960\" \/>\n\t<meta property=\"og:image:type\" content=\"image\/jpeg\" \/>\n<meta name=\"author\" content=\"Jeanette\" \/>\n<meta name=\"twitter:card\" content=\"summary_large_image\" \/>\n<meta name=\"twitter:creator\" content=\"@eldiario_net\" \/>\n<meta name=\"twitter:site\" content=\"@eldiario_net\" \/>\n<meta name=\"twitter:label1\" content=\"Escrito por\" \/>\n\t<meta name=\"twitter:data1\" content=\"Jeanette\" \/>\n\t<meta name=\"twitter:label2\" content=\"Tiempo de lectura\" \/>\n\t<meta name=\"twitter:data2\" content=\"3 minutos\" \/>\n<script type=\"application\/ld+json\" class=\"yoast-schema-graph\">{\"@context\":\"https:\\\/\\\/schema.org\",\"@graph\":[{\"@type\":\"Article\",\"@id\":\"https:\\\/\\\/www.eldiario.net\\\/portal\\\/2024\\\/07\\\/30\\\/aymara-aquize-representara-al-pais-en-la-maraton-pour-tous\\\/#article\",\"isPartOf\":{\"@id\":\"https:\\\/\\\/www.eldiario.net\\\/portal\\\/2024\\\/07\\\/30\\\/aymara-aquize-representara-al-pais-en-la-maraton-pour-tous\\\/\"},\"author\":{\"name\":\"Jeanette\",\"@id\":\"https:\\\/\\\/www.eldiario.net\\\/portal\\\/#\\\/schema\\\/person\\\/f46445640444750d7d753ccd04ae01b7\"},\"headline\":\"Aymara Aquize representar\u00e1 al pa\u00eds en la Marat\u00f3n Pour Tous\",\"datePublished\":\"2024-07-30T10:24:12+00:00\",\"mainEntityOfPage\":{\"@id\":\"https:\\\/\\\/www.eldiario.net\\\/portal\\\/2024\\\/07\\\/30\\\/aymara-aquize-representara-al-pais-en-la-maraton-pour-tous\\\/\"},\"wordCount\":539,\"commentCount\":0,\"publisher\":{\"@id\":\"https:\\\/\\\/www.eldiario.net\\\/portal\\\/#organization\"},\"image\":{\"@id\":\"https:\\\/\\\/www.eldiario.net\\\/portal\\\/2024\\\/07\\\/30\\\/aymara-aquize-representara-al-pais-en-la-maraton-pour-tous\\\/#primaryimage\"},\"thumbnailUrl\":\"https:\\\/\\\/www.eldiario.net\\\/portal\\\/wp-content\\\/uploads\\\/2024\\\/07\\\/FB_IMG_1722310748495.jpg\",\"articleSection\":[\"Deportes\",\"Olimpiadas Paris 2024\"],\"inLanguage\":\"es\",\"potentialAction\":[{\"@type\":\"CommentAction\",\"name\":\"Comment\",\"target\":[\"https:\\\/\\\/www.eldiario.net\\\/portal\\\/2024\\\/07\\\/30\\\/aymara-aquize-representara-al-pais-en-la-maraton-pour-tous\\\/#respond\"]}]},{\"@type\":\"WebPage\",\"@id\":\"https:\\\/\\\/www.eldiario.net\\\/portal\\\/2024\\\/07\\\/30\\\/aymara-aquize-representara-al-pais-en-la-maraton-pour-tous\\\/\",\"url\":\"https:\\\/\\\/www.eldiario.net\\\/portal\\\/2024\\\/07\\\/30\\\/aymara-aquize-representara-al-pais-en-la-maraton-pour-tous\\\/\",\"name\":\"Aymara Aquize representar\u00e1 al pa\u00eds en la Marat\u00f3n Pour Tous - El Diario - Bolivia\",\"isPartOf\":{\"@id\":\"https:\\\/\\\/www.eldiario.net\\\/portal\\\/#website\"},\"primaryImageOfPage\":{\"@id\":\"https:\\\/\\\/www.eldiario.net\\\/portal\\\/2024\\\/07\\\/30\\\/aymara-aquize-representara-al-pais-en-la-maraton-pour-tous\\\/#primaryimage\"},\"image\":{\"@id\":\"https:\\\/\\\/www.eldiario.net\\\/portal\\\/2024\\\/07\\\/30\\\/aymara-aquize-representara-al-pais-en-la-maraton-pour-tous\\\/#primaryimage\"},\"thumbnailUrl\":\"https:\\\/\\\/www.eldiario.net\\\/portal\\\/wp-content\\\/uploads\\\/2024\\\/07\\\/FB_IMG_1722310748495.jpg\",\"datePublished\":\"2024-07-30T10:24:12+00:00\",\"breadcrumb\":{\"@id\":\"https:\\\/\\\/www.eldiario.net\\\/portal\\\/2024\\\/07\\\/30\\\/aymara-aquize-representara-al-pais-en-la-maraton-pour-tous\\\/#breadcrumb\"},\"inLanguage\":\"es\",\"potentialAction\":[{\"@type\":\"ReadAction\",\"target\":[\"https:\\\/\\\/www.eldiario.net\\\/portal\\\/2024\\\/07\\\/30\\\/aymara-aquize-representara-al-pais-en-la-maraton-pour-tous\\\/\"]}]},{\"@type\":\"ImageObject\",\"inLanguage\":\"es\",\"@id\":\"https:\\\/\\\/www.eldiario.net\\\/portal\\\/2024\\\/07\\\/30\\\/aymara-aquize-representara-al-pais-en-la-maraton-pour-tous\\\/#primaryimage\",\"url\":\"https:\\\/\\\/www.eldiario.net\\\/portal\\\/wp-content\\\/uploads\\\/2024\\\/07\\\/FB_IMG_1722310748495.jpg\",\"contentUrl\":\"https:\\\/\\\/www.eldiario.net\\\/portal\\\/wp-content\\\/uploads\\\/2024\\\/07\\\/FB_IMG_1722310748495.jpg\",\"width\":951,\"height\":960},{\"@type\":\"BreadcrumbList\",\"@id\":\"https:\\\/\\\/www.eldiario.net\\\/portal\\\/2024\\\/07\\\/30\\\/aymara-aquize-representara-al-pais-en-la-maraton-pour-tous\\\/#breadcrumb\",\"itemListElement\":[{\"@type\":\"ListItem\",\"position\":1,\"name\":\"Portada\",\"item\":\"https:\\\/\\\/www.eldiario.net\\\/portal\\\/\"},{\"@type\":\"ListItem\",\"position\":2,\"name\":\"Aymara Aquize representar\u00e1 al pa\u00eds en la Marat\u00f3n Pour Tous\"}]},{\"@type\":\"WebSite\",\"@id\":\"https:\\\/\\\/www.eldiario.net\\\/portal\\\/#website\",\"url\":\"https:\\\/\\\/www.eldiario.net\\\/portal\\\/\",\"name\":\"El Diario - Decano de la prensa nacional\",\"description\":\"El Diario - Decano de la prensa nacional\",\"publisher\":{\"@id\":\"https:\\\/\\\/www.eldiario.net\\\/portal\\\/#organization\"},\"potentialAction\":[{\"@type\":\"SearchAction\",\"target\":{\"@type\":\"EntryPoint\",\"urlTemplate\":\"https:\\\/\\\/www.eldiario.net\\\/portal\\\/?s={search_term_string}\"},\"query-input\":{\"@type\":\"PropertyValueSpecification\",\"valueRequired\":true,\"valueName\":\"search_term_string\"}}],\"inLanguage\":\"es\"},{\"@type\":\"Organization\",\"@id\":\"https:\\\/\\\/www.eldiario.net\\\/portal\\\/#organization\",\"name\":\"El Diario - Decano de la prensa nacional\",\"url\":\"https:\\\/\\\/www.eldiario.net\\\/portal\\\/\",\"logo\":{\"@type\":\"ImageObject\",\"inLanguage\":\"es\",\"@id\":\"https:\\\/\\\/www.eldiario.net\\\/portal\\\/#\\\/schema\\\/logo\\\/image\\\/\",\"url\":\"https:\\\/\\\/www.eldiario.net\\\/portal\\\/wp-content\\\/uploads\\\/2023\\\/07\\\/logo_ED.jpg\",\"contentUrl\":\"https:\\\/\\\/www.eldiario.net\\\/portal\\\/wp-content\\\/uploads\\\/2023\\\/07\\\/logo_ED.jpg\",\"width\":272,\"height\":52,\"caption\":\"El Diario - Decano de la prensa nacional\"},\"image\":{\"@id\":\"https:\\\/\\\/www.eldiario.net\\\/portal\\\/#\\\/schema\\\/logo\\\/image\\\/\"},\"sameAs\":[\"https:\\\/\\\/www.facebook.com\\\/eldiario.bolivia\\\/\",\"https:\\\/\\\/x.com\\\/eldiario_net\"]},{\"@type\":\"Person\",\"@id\":\"https:\\\/\\\/www.eldiario.net\\\/portal\\\/#\\\/schema\\\/person\\\/f46445640444750d7d753ccd04ae01b7\",\"name\":\"Jeanette\",\"image\":{\"@type\":\"ImageObject\",\"inLanguage\":\"es\",\"@id\":\"https:\\\/\\\/secure.gravatar.com\\\/avatar\\\/3ea2118a5f7dad2b7138b1187a6b7ee55f160b9968b66013c3a3ef39dd7e5798?s=96&d=mm&r=g\",\"url\":\"https:\\\/\\\/secure.gravatar.com\\\/avatar\\\/3ea2118a5f7dad2b7138b1187a6b7ee55f160b9968b66013c3a3ef39dd7e5798?s=96&d=mm&r=g\",\"contentUrl\":\"https:\\\/\\\/secure.gravatar.com\\\/avatar\\\/3ea2118a5f7dad2b7138b1187a6b7ee55f160b9968b66013c3a3ef39dd7e5798?s=96&d=mm&r=g\",\"caption\":\"Jeanette\"},\"sameAs\":[\"https:\\\/\\\/www.eldiario.net\\\/portal\"],\"url\":\"https:\\\/\\\/www.eldiario.net\\\/portal\\\/author\\\/jeanette\\\/\"}]}<\/script>\n<!-- \/ Yoast SEO plugin. -->","yoast_head_json":{"title":"Aymara Aquize representar\u00e1 al pa\u00eds en la Marat\u00f3n Pour Tous - El Diario - Bolivia","robots":{"index":"index","follow":"follow","max-snippet":"max-snippet:-1","max-image-preview":"max-image-preview:large","max-video-preview":"max-video-preview:-1"},"canonical":"https:\/\/www.eldiario.net\/portal\/2024\/07\/30\/aymara-aquize-representara-al-pais-en-la-maraton-pour-tous\/","og_locale":"es_ES","og_type":"article","og_title":"Aymara Aquize representar\u00e1 al pa\u00eds en la Marat\u00f3n Pour Tous - El Diario - Bolivia","og_description":"Con disciplina y perseverancia, la atleta Aymara Aquize logr\u00f3 ganarse un cupo para representar a Bolivia en el Marathon Pour Tous, que se llevar\u00e1 adelante la noche del 10 de agosto (15:00 HB), recorriendo la misma ruta del marat\u00f3n de los Juegos Ol\u00edmpicos Paris 2024. Aquize se sumar\u00e1 a la experiencia inolvidable de correr un [&hellip;]","og_url":"https:\/\/www.eldiario.net\/portal\/2024\/07\/30\/aymara-aquize-representara-al-pais-en-la-maraton-pour-tous\/","og_site_name":"El Diario - Bolivia","article_publisher":"https:\/\/www.facebook.com\/eldiario.bolivia\/","article_published_time":"2024-07-30T10:24:12+00:00","og_image":[{"width":951,"height":960,"url":"https:\/\/www.eldiario.net\/portal\/wp-content\/uploads\/2024\/07\/FB_IMG_1722310748495.jpg","type":"image\/jpeg"}],"author":"Jeanette","twitter_card":"summary_large_image","twitter_creator":"@eldiario_net","twitter_site":"@eldiario_net","twitter_misc":{"Escrito por":"Jeanette","Tiempo de lectura":"3 minutos"},"schema":{"@context":"https:\/\/schema.org","@graph":[{"@type":"Article","@id":"https:\/\/www.eldiario.net\/portal\/2024\/07\/30\/aymara-aquize-representara-al-pais-en-la-maraton-pour-tous\/#article","isPartOf":{"@id":"https:\/\/www.eldiario.net\/portal\/2024\/07\/30\/aymara-aquize-representara-al-pais-en-la-maraton-pour-tous\/"},"author":{"name":"Jeanette","@id":"https:\/\/www.eldiario.net\/portal\/#\/schema\/person\/f46445640444750d7d753ccd04ae01b7"},"headline":"Aymara Aquize representar\u00e1 al pa\u00eds en la Marat\u00f3n Pour Tous","datePublished":"2024-07-30T10:24:12+00:00","mainEntityOfPage":{"@id":"https:\/\/www.eldiario.net\/portal\/2024\/07\/30\/aymara-aquize-representara-al-pais-en-la-maraton-pour-tous\/"},"wordCount":539,"commentCount":0,"publisher":{"@id":"https:\/\/www.eldiario.net\/portal\/#organization"},"image":{"@id":"https:\/\/www.eldiario.net\/portal\/2024\/07\/30\/aymara-aquize-representara-al-pais-en-la-maraton-pour-tous\/#primaryimage"},"thumbnailUrl":"https:\/\/www.eldiario.net\/portal\/wp-content\/uploads\/2024\/07\/FB_IMG_1722310748495.jpg","articleSection":["Deportes","Olimpiadas Paris 2024"],"inLanguage":"es","potentialAction":[{"@type":"CommentAction","name":"Comment","target":["https:\/\/www.eldiario.net\/portal\/2024\/07\/30\/aymara-aquize-representara-al-pais-en-la-maraton-pour-tous\/#respond"]}]},{"@type":"WebPage","@id":"https:\/\/www.eldiario.net\/portal\/2024\/07\/30\/aymara-aquize-representara-al-pais-en-la-maraton-pour-tous\/","url":"https:\/\/www.eldiario.net\/portal\/2024\/07\/30\/aymara-aquize-representara-al-pais-en-la-maraton-pour-tous\/","name":"Aymara Aquize representar\u00e1 al pa\u00eds en la Marat\u00f3n Pour Tous - El Diario - Bolivia","isPartOf":{"@id":"https:\/\/www.eldiario.net\/portal\/#website"},"primaryImageOfPage":{"@id":"https:\/\/www.eldiario.net\/portal\/2024\/07\/30\/aymara-aquize-representara-al-pais-en-la-maraton-pour-tous\/#primaryimage"},"image":{"@id":"https:\/\/www.eldiario.net\/portal\/2024\/07\/30\/aymara-aquize-representara-al-pais-en-la-maraton-pour-tous\/#primaryimage"},"thumbnailUrl":"https:\/\/www.eldiario.net\/portal\/wp-content\/uploads\/2024\/07\/FB_IMG_1722310748495.jpg","datePublished":"2024-07-30T10:24:12+00:00","breadcrumb":{"@id":"https:\/\/www.eldiario.net\/portal\/2024\/07\/30\/aymara-aquize-representara-al-pais-en-la-maraton-pour-tous\/#breadcrumb"},"inLanguage":"es","potentialAction":[{"@type":"ReadAction","target":["https:\/\/www.eldiario.net\/portal\/2024\/07\/30\/aymara-aquize-representara-al-pais-en-la-maraton-pour-tous\/"]}]},{"@type":"ImageObject","inLanguage":"es","@id":"https:\/\/www.eldiario.net\/portal\/2024\/07\/30\/aymara-aquize-representara-al-pais-en-la-maraton-pour-tous\/#primaryimage","url":"https:\/\/www.eldiario.net\/portal\/wp-content\/uploads\/2024\/07\/FB_IMG_1722310748495.jpg","contentUrl":"https:\/\/www.eldiario.net\/portal\/wp-content\/uploads\/2024\/07\/FB_IMG_1722310748495.jpg","width":951,"height":960},{"@type":"BreadcrumbList","@id":"https:\/\/www.eldiario.net\/portal\/2024\/07\/30\/aymara-aquize-representara-al-pais-en-la-maraton-pour-tous\/#breadcrumb","itemListElement":[{"@type":"ListItem","position":1,"name":"Portada","item":"https:\/\/www.eldiario.net\/portal\/"},{"@type":"ListItem","position":2,"name":"Aymara Aquize representar\u00e1 al pa\u00eds en la Marat\u00f3n Pour Tous"}]},{"@type":"WebSite","@id":"https:\/\/www.eldiario.net\/portal\/#website","url":"https:\/\/www.eldiario.net\/portal\/","name":"El Diario - Decano de la prensa nacional","description":"El Diario - Decano de la prensa nacional","publisher":{"@id":"https:\/\/www.eldiario.net\/portal\/#organization"},"potentialAction":[{"@type":"SearchAction","target":{"@type":"EntryPoint","urlTemplate":"https:\/\/www.eldiario.net\/portal\/?s={search_term_string}"},"query-input":{"@type":"PropertyValueSpecification","valueRequired":true,"valueName":"search_term_string"}}],"inLanguage":"es"},{"@type":"Organization","@id":"https:\/\/www.eldiario.net\/portal\/#organization","name":"El Diario - Decano de la prensa nacional","url":"https:\/\/www.eldiario.net\/portal\/","logo":{"@type":"ImageObject","inLanguage":"es","@id":"https:\/\/www.eldiario.net\/portal\/#\/schema\/logo\/image\/","url":"https:\/\/www.eldiario.net\/portal\/wp-content\/uploads\/2023\/07\/logo_ED.jpg","contentUrl":"https:\/\/www.eldiario.net\/portal\/wp-content\/uploads\/2023\/07\/logo_ED.jpg","width":272,"height":52,"caption":"El Diario - Decano de la prensa nacional"},"image":{"@id":"https:\/\/www.eldiario.net\/portal\/#\/schema\/logo\/image\/"},"sameAs":["https:\/\/www.facebook.com\/eldiario.bolivia\/","https:\/\/x.com\/eldiario_net"]},{"@type":"Person","@id":"https:\/\/www.eldiario.net\/portal\/#\/schema\/person\/f46445640444750d7d753ccd04ae01b7","name":"Jeanette","image":{"@type":"ImageObject","inLanguage":"es","@id":"https:\/\/secure.gravatar.com\/avatar\/3ea2118a5f7dad2b7138b1187a6b7ee55f160b9968b66013c3a3ef39dd7e5798?s=96&d=mm&r=g","url":"https:\/\/secure.gravatar.com\/avatar\/3ea2118a5f7dad2b7138b1187a6b7ee55f160b9968b66013c3a3ef39dd7e5798?s=96&d=mm&r=g","contentUrl":"https:\/\/secure.gravatar.com\/avatar\/3ea2118a5f7dad2b7138b1187a6b7ee55f160b9968b66013c3a3ef39dd7e5798?s=96&d=mm&r=g","caption":"Jeanette"},"sameAs":["https:\/\/www.eldiario.net\/portal"],"url":"https:\/\/www.eldiario.net\/portal\/author\/jeanette\/"}]}},"_links":{"self":[{"href":"https:\/\/www.eldiario.net\/portal\/wp-json\/wp\/v2\/posts\/237388","targetHints":{"allow":["GET"]}}],"collection":[{"href":"https:\/\/www.eldiario.net\/portal\/wp-json\/wp\/v2\/posts"}],"about":[{"href":"https:\/\/www.eldiario.net\/portal\/wp-json\/wp\/v2\/types\/post"}],"author":[{"embeddable":true,"href":"https:\/\/www.eldiario.net\/portal\/wp-json\/wp\/v2\/users\/1"}],"replies":[{"embeddable":true,"href":"https:\/\/www.eldiario.net\/portal\/wp-json\/wp\/v2\/comments?post=237388"}],"version-history":[{"count":1,"href":"https:\/\/www.eldiario.net\/portal\/wp-json\/wp\/v2\/posts\/237388\/revisions"}],"predecessor-version":[{"id":237390,"href":"https:\/\/www.eldiario.net\/portal\/wp-json\/wp\/v2\/posts\/237388\/revisions\/237390"}],"wp:featuredmedia":[{"embeddable":true,"href":"https:\/\/www.eldiario.net\/portal\/wp-json\/wp\/v2\/media\/237389"}],"wp:attachment":[{"href":"https:\/\/www.eldiario.net\/portal\/wp-json\/wp\/v2\/media?parent=237388"}],"wp:term":[{"taxonomy":"category","embeddable":true,"href":"https:\/\/www.eldiario.net\/portal\/wp-json\/wp\/v2\/categories?post=237388"},{"taxonomy":"post_tag","embeddable":true,"href":"https:\/\/www.eldiario.net\/portal\/wp-json\/wp\/v2\/tags?post=237388"}],"curies":[{"name":"wp","href":"https:\/\/api.w.org\/{rel}","templated":true}]}}