{"id":237373,"date":"2024-07-30T06:21:01","date_gmt":"2024-07-30T10:21:01","guid":{"rendered":"https:\/\/www.eldiario.net\/portal\/?p=237373"},"modified":"2024-07-30T06:21:01","modified_gmt":"2024-07-30T10:21:01","slug":"amplian-atencion-en-paso-fronterizo-con-paraguay","status":"publish","type":"post","link":"https:\/\/www.eldiario.net\/portal\/2024\/07\/30\/amplian-atencion-en-paso-fronterizo-con-paraguay\/","title":{"rendered":"Ampl\u00edan atenci\u00f3n en paso  fronterizo con Paraguay"},"content":{"rendered":"<p>Instituciones de Paraguay aceptaron ampliar a 24 horas, los siete d\u00edas de la semana (24\/7) la atenci\u00f3n para el comercio exterior boliviano en el Recinto Multiprop\u00f3sito de Frontera Ca\u00f1ada Oruro \u2013 Infante Rivarola, inform\u00f3 la presidenta de la Aduana Nacional (AN), Karina Serrudo.<\/p>\n<p>\u201cLas autoridades tanto de Aduana, Migraci\u00f3n y Senacsa de Paraguay han aceptado esta solicitud por parte de nuestro pa\u00eds y hemos logrado que Paraguay nos otorgue esta posibilidad de ampliar los horarios 24\/7\u201d, afirm\u00f3 en conferencia de prensa.<\/p>\n<p>Indic\u00f3 que entre el 18 y 19 de este mes, la Aduana particip\u00f3 de la II Reuni\u00f3n del Comit\u00e9 de Integraci\u00f3n Ca\u00f1ada Oruro (Bolivia) \u2013 Infante Rivarola (Paraguay), en el municipio de Villa Montes del departamento de Tarija, y solicit\u00f3 la ampliaci\u00f3n de los horarios de atenci\u00f3n en esta frontera.<\/p>\n<p>La m\u00e1xima autoridad de la Aduana de Bolivia calific\u00f3 de positiva esta noticia para los operadores de comercio exterior, considerando que en ese Recinto Multiprop\u00f3sito se ten\u00eda una atenci\u00f3n continua de 12 horas; es decir, de 07h30 a 19h30.<\/p>\n<p>\u201cEs una frontera totalmente completa que cuenta con todos los servicios, es muy c\u00f3moda, muy accesible y esperamos que nuestros operadores del comercio exterior puedan incrementar sus exportaciones por esta ruta hacia el Atl\u00e1ntico\u201d, resalt\u00f3.<\/p>\n<p>Por otro lado, inform\u00f3 tambi\u00e9n que la Aduana boliviana solicit\u00f3 a su par de Paraguay ampliar los horarios de atenci\u00f3n para las personas y este pa\u00eds le respondi\u00f3 que para ello se har\u00e1 una prueba piloto desde octubre hasta enero de 2025.<\/p>\n<p>\u201cEn estos cuatro meses vamos a evaluar si es que el flujo de pasajeros, ya sea por buses o cyber tours, se ampl\u00eda, vamos a consolidar este paso tambi\u00e9n 24\/7 para las personas\u201d, afirm\u00f3 Serrudo.<\/p>\n<p>Bolivia y Paraguay comparten la infraestructura del Recinto Multiprop\u00f3sito Ca\u00f1ada Oruro \u2013 Infante Rivarola, inaugurado por autoridades bolivianas el 1 de abril de 2023. Desde entonces experiment\u00f3 un crecimiento en el flujo comercial y de pasajeros, as\u00ed como en el aumento en las recaudaciones aduaneras.<\/p>\n<p>En cuanto a las exportaciones por este punto, en esta gesti\u00f3n destacan productos como gas licuado de petr\u00f3leo (GLP), urea, cloruro de potasio, acumuladores el\u00e9ctricos, cueros, detergentes y sueros con anticuerpos, entre otros.<\/p>\n<p>En importaciones, se incluyen productos como combustibles (gasolina y di\u00e9sel), envases y tapas de aluminio, fosfato monoam\u00f3nico, almid\u00f3n de trigo, almid\u00f3n de ma\u00edz, harina de trigo, entre otros productos, seg\u00fan los datos oficiales.<\/p>\n","protected":false},"excerpt":{"rendered":"<p>Instituciones de Paraguay aceptaron ampliar a 24 horas, los siete d\u00edas de la semana (24\/7) la atenci\u00f3n para el comercio exterior boliviano en el Recinto Multiprop\u00f3sito de Frontera Ca\u00f1ada Oruro \u2013 Infante Rivarola, inform\u00f3 la presidenta de la Aduana Nacional (AN), Karina Serrudo. \u201cLas autoridades tanto de Aduana, Migraci\u00f3n y Senacsa de Paraguay han aceptado [&hellip;]<\/p>\n","protected":false},"author":1,"featured_media":237374,"comment_status":"open","ping_status":"open","sticky":false,"template":"","format":"standard","meta":{"_acf_changed":false,"footnotes":""},"categories":[7],"tags":[],"class_list":["post-237373","post","type-post","status-publish","format-standard","has-post-thumbnail","category-economia"],"acf":{"antetitulo":""},"yoast_head":"<!-- This site is optimized with the Yoast SEO plugin v28.3 - https:\/\/yoast.com\/product\/yoast-seo-wordpress\/ -->\n<title>Ampl\u00edan atenci\u00f3n en paso fronterizo con Paraguay - El Diario - Bolivia<\/title>\n<meta name=\"robots\" content=\"index, follow, max-snippet:-1, max-image-preview:large, max-video-preview:-1\" \/>\n<link rel=\"canonical\" href=\"https:\/\/www.eldiario.net\/portal\/2024\/07\/30\/amplian-atencion-en-paso-fronterizo-con-paraguay\/\" \/>\n<meta property=\"og:locale\" content=\"es_ES\" \/>\n<meta property=\"og:type\" content=\"article\" \/>\n<meta property=\"og:title\" content=\"Ampl\u00edan atenci\u00f3n en paso fronterizo con Paraguay - El Diario - Bolivia\" \/>\n<meta property=\"og:description\" content=\"Instituciones de Paraguay aceptaron ampliar a 24 horas, los siete d\u00edas de la semana (24\/7) la atenci\u00f3n para el comercio exterior boliviano en el Recinto Multiprop\u00f3sito de Frontera Ca\u00f1ada Oruro \u2013 Infante Rivarola, inform\u00f3 la presidenta de la Aduana Nacional (AN), Karina Serrudo. \u201cLas autoridades tanto de Aduana, Migraci\u00f3n y Senacsa de Paraguay han aceptado [&hellip;]\" \/>\n<meta property=\"og:url\" content=\"https:\/\/www.eldiario.net\/portal\/2024\/07\/30\/amplian-atencion-en-paso-fronterizo-con-paraguay\/\" \/>\n<meta property=\"og:site_name\" content=\"El Diario - Bolivia\" \/>\n<meta property=\"article:publisher\" content=\"https:\/\/www.facebook.com\/eldiario.bolivia\/\" \/>\n<meta property=\"article:published_time\" content=\"2024-07-30T10:21:01+00:00\" \/>\n<meta property=\"og:image\" content=\"https:\/\/www.eldiario.net\/portal\/wp-content\/uploads\/2024\/07\/ADUANA-FOTO.jpg\" \/>\n\t<meta property=\"og:image:width\" content=\"1124\" \/>\n\t<meta property=\"og:image:height\" content=\"750\" \/>\n\t<meta property=\"og:image:type\" content=\"image\/jpeg\" \/>\n<meta name=\"author\" content=\"Jeanette\" \/>\n<meta name=\"twitter:card\" content=\"summary_large_image\" \/>\n<meta name=\"twitter:creator\" content=\"@eldiario_net\" \/>\n<meta name=\"twitter:site\" content=\"@eldiario_net\" \/>\n<meta name=\"twitter:label1\" content=\"Escrito por\" \/>\n\t<meta name=\"twitter:data1\" content=\"Jeanette\" \/>\n\t<meta name=\"twitter:label2\" content=\"Tiempo de lectura\" \/>\n\t<meta name=\"twitter:data2\" content=\"2 minutos\" \/>\n<script type=\"application\/ld+json\" class=\"yoast-schema-graph\">{\"@context\":\"https:\\\/\\\/schema.org\",\"@graph\":[{\"@type\":\"Article\",\"@id\":\"https:\\\/\\\/www.eldiario.net\\\/portal\\\/2024\\\/07\\\/30\\\/amplian-atencion-en-paso-fronterizo-con-paraguay\\\/#article\",\"isPartOf\":{\"@id\":\"https:\\\/\\\/www.eldiario.net\\\/portal\\\/2024\\\/07\\\/30\\\/amplian-atencion-en-paso-fronterizo-con-paraguay\\\/\"},\"author\":{\"name\":\"Jeanette\",\"@id\":\"https:\\\/\\\/www.eldiario.net\\\/portal\\\/#\\\/schema\\\/person\\\/f46445640444750d7d753ccd04ae01b7\"},\"headline\":\"Ampl\u00edan atenci\u00f3n en paso fronterizo con Paraguay\",\"datePublished\":\"2024-07-30T10:21:01+00:00\",\"mainEntityOfPage\":{\"@id\":\"https:\\\/\\\/www.eldiario.net\\\/portal\\\/2024\\\/07\\\/30\\\/amplian-atencion-en-paso-fronterizo-con-paraguay\\\/\"},\"wordCount\":422,\"commentCount\":0,\"publisher\":{\"@id\":\"https:\\\/\\\/www.eldiario.net\\\/portal\\\/#organization\"},\"image\":{\"@id\":\"https:\\\/\\\/www.eldiario.net\\\/portal\\\/2024\\\/07\\\/30\\\/amplian-atencion-en-paso-fronterizo-con-paraguay\\\/#primaryimage\"},\"thumbnailUrl\":\"https:\\\/\\\/www.eldiario.net\\\/portal\\\/wp-content\\\/uploads\\\/2024\\\/07\\\/ADUANA-FOTO.jpg\",\"articleSection\":[\"Econom\u00eda\"],\"inLanguage\":\"es\",\"potentialAction\":[{\"@type\":\"CommentAction\",\"name\":\"Comment\",\"target\":[\"https:\\\/\\\/www.eldiario.net\\\/portal\\\/2024\\\/07\\\/30\\\/amplian-atencion-en-paso-fronterizo-con-paraguay\\\/#respond\"]}]},{\"@type\":\"WebPage\",\"@id\":\"https:\\\/\\\/www.eldiario.net\\\/portal\\\/2024\\\/07\\\/30\\\/amplian-atencion-en-paso-fronterizo-con-paraguay\\\/\",\"url\":\"https:\\\/\\\/www.eldiario.net\\\/portal\\\/2024\\\/07\\\/30\\\/amplian-atencion-en-paso-fronterizo-con-paraguay\\\/\",\"name\":\"Ampl\u00edan atenci\u00f3n en paso fronterizo con Paraguay - El Diario - Bolivia\",\"isPartOf\":{\"@id\":\"https:\\\/\\\/www.eldiario.net\\\/portal\\\/#website\"},\"primaryImageOfPage\":{\"@id\":\"https:\\\/\\\/www.eldiario.net\\\/portal\\\/2024\\\/07\\\/30\\\/amplian-atencion-en-paso-fronterizo-con-paraguay\\\/#primaryimage\"},\"image\":{\"@id\":\"https:\\\/\\\/www.eldiario.net\\\/portal\\\/2024\\\/07\\\/30\\\/amplian-atencion-en-paso-fronterizo-con-paraguay\\\/#primaryimage\"},\"thumbnailUrl\":\"https:\\\/\\\/www.eldiario.net\\\/portal\\\/wp-content\\\/uploads\\\/2024\\\/07\\\/ADUANA-FOTO.jpg\",\"datePublished\":\"2024-07-30T10:21:01+00:00\",\"breadcrumb\":{\"@id\":\"https:\\\/\\\/www.eldiario.net\\\/portal\\\/2024\\\/07\\\/30\\\/amplian-atencion-en-paso-fronterizo-con-paraguay\\\/#breadcrumb\"},\"inLanguage\":\"es\",\"potentialAction\":[{\"@type\":\"ReadAction\",\"target\":[\"https:\\\/\\\/www.eldiario.net\\\/portal\\\/2024\\\/07\\\/30\\\/amplian-atencion-en-paso-fronterizo-con-paraguay\\\/\"]}]},{\"@type\":\"ImageObject\",\"inLanguage\":\"es\",\"@id\":\"https:\\\/\\\/www.eldiario.net\\\/portal\\\/2024\\\/07\\\/30\\\/amplian-atencion-en-paso-fronterizo-con-paraguay\\\/#primaryimage\",\"url\":\"https:\\\/\\\/www.eldiario.net\\\/portal\\\/wp-content\\\/uploads\\\/2024\\\/07\\\/ADUANA-FOTO.jpg\",\"contentUrl\":\"https:\\\/\\\/www.eldiario.net\\\/portal\\\/wp-content\\\/uploads\\\/2024\\\/07\\\/ADUANA-FOTO.jpg\",\"width\":1124,\"height\":750,\"caption\":\"Presidenta de Aduana Nacional, Karina Serrudo. Foto EL DIARIO\"},{\"@type\":\"BreadcrumbList\",\"@id\":\"https:\\\/\\\/www.eldiario.net\\\/portal\\\/2024\\\/07\\\/30\\\/amplian-atencion-en-paso-fronterizo-con-paraguay\\\/#breadcrumb\",\"itemListElement\":[{\"@type\":\"ListItem\",\"position\":1,\"name\":\"Portada\",\"item\":\"https:\\\/\\\/www.eldiario.net\\\/portal\\\/\"},{\"@type\":\"ListItem\",\"position\":2,\"name\":\"Ampl\u00edan atenci\u00f3n en paso fronterizo con Paraguay\"}]},{\"@type\":\"WebSite\",\"@id\":\"https:\\\/\\\/www.eldiario.net\\\/portal\\\/#website\",\"url\":\"https:\\\/\\\/www.eldiario.net\\\/portal\\\/\",\"name\":\"El Diario - Decano de la prensa nacional\",\"description\":\"El Diario - Decano de la prensa nacional\",\"publisher\":{\"@id\":\"https:\\\/\\\/www.eldiario.net\\\/portal\\\/#organization\"},\"potentialAction\":[{\"@type\":\"SearchAction\",\"target\":{\"@type\":\"EntryPoint\",\"urlTemplate\":\"https:\\\/\\\/www.eldiario.net\\\/portal\\\/?s={search_term_string}\"},\"query-input\":{\"@type\":\"PropertyValueSpecification\",\"valueRequired\":true,\"valueName\":\"search_term_string\"}}],\"inLanguage\":\"es\"},{\"@type\":\"Organization\",\"@id\":\"https:\\\/\\\/www.eldiario.net\\\/portal\\\/#organization\",\"name\":\"El Diario - Decano de la prensa nacional\",\"url\":\"https:\\\/\\\/www.eldiario.net\\\/portal\\\/\",\"logo\":{\"@type\":\"ImageObject\",\"inLanguage\":\"es\",\"@id\":\"https:\\\/\\\/www.eldiario.net\\\/portal\\\/#\\\/schema\\\/logo\\\/image\\\/\",\"url\":\"https:\\\/\\\/www.eldiario.net\\\/portal\\\/wp-content\\\/uploads\\\/2023\\\/07\\\/logo_ED.jpg\",\"contentUrl\":\"https:\\\/\\\/www.eldiario.net\\\/portal\\\/wp-content\\\/uploads\\\/2023\\\/07\\\/logo_ED.jpg\",\"width\":272,\"height\":52,\"caption\":\"El Diario - Decano de la prensa nacional\"},\"image\":{\"@id\":\"https:\\\/\\\/www.eldiario.net\\\/portal\\\/#\\\/schema\\\/logo\\\/image\\\/\"},\"sameAs\":[\"https:\\\/\\\/www.facebook.com\\\/eldiario.bolivia\\\/\",\"https:\\\/\\\/x.com\\\/eldiario_net\"]},{\"@type\":\"Person\",\"@id\":\"https:\\\/\\\/www.eldiario.net\\\/portal\\\/#\\\/schema\\\/person\\\/f46445640444750d7d753ccd04ae01b7\",\"name\":\"Jeanette\",\"image\":{\"@type\":\"ImageObject\",\"inLanguage\":\"es\",\"@id\":\"https:\\\/\\\/secure.gravatar.com\\\/avatar\\\/3ea2118a5f7dad2b7138b1187a6b7ee55f160b9968b66013c3a3ef39dd7e5798?s=96&d=mm&r=g\",\"url\":\"https:\\\/\\\/secure.gravatar.com\\\/avatar\\\/3ea2118a5f7dad2b7138b1187a6b7ee55f160b9968b66013c3a3ef39dd7e5798?s=96&d=mm&r=g\",\"contentUrl\":\"https:\\\/\\\/secure.gravatar.com\\\/avatar\\\/3ea2118a5f7dad2b7138b1187a6b7ee55f160b9968b66013c3a3ef39dd7e5798?s=96&d=mm&r=g\",\"caption\":\"Jeanette\"},\"sameAs\":[\"https:\\\/\\\/www.eldiario.net\\\/portal\"],\"url\":\"https:\\\/\\\/www.eldiario.net\\\/portal\\\/author\\\/jeanette\\\/\"}]}<\/script>\n<!-- \/ Yoast SEO plugin. -->","yoast_head_json":{"title":"Ampl\u00edan atenci\u00f3n en paso fronterizo con Paraguay - El Diario - Bolivia","robots":{"index":"index","follow":"follow","max-snippet":"max-snippet:-1","max-image-preview":"max-image-preview:large","max-video-preview":"max-video-preview:-1"},"canonical":"https:\/\/www.eldiario.net\/portal\/2024\/07\/30\/amplian-atencion-en-paso-fronterizo-con-paraguay\/","og_locale":"es_ES","og_type":"article","og_title":"Ampl\u00edan atenci\u00f3n en paso fronterizo con Paraguay - El Diario - Bolivia","og_description":"Instituciones de Paraguay aceptaron ampliar a 24 horas, los siete d\u00edas de la semana (24\/7) la atenci\u00f3n para el comercio exterior boliviano en el Recinto Multiprop\u00f3sito de Frontera Ca\u00f1ada Oruro \u2013 Infante Rivarola, inform\u00f3 la presidenta de la Aduana Nacional (AN), Karina Serrudo. \u201cLas autoridades tanto de Aduana, Migraci\u00f3n y Senacsa de Paraguay han aceptado [&hellip;]","og_url":"https:\/\/www.eldiario.net\/portal\/2024\/07\/30\/amplian-atencion-en-paso-fronterizo-con-paraguay\/","og_site_name":"El Diario - Bolivia","article_publisher":"https:\/\/www.facebook.com\/eldiario.bolivia\/","article_published_time":"2024-07-30T10:21:01+00:00","og_image":[{"width":1124,"height":750,"url":"https:\/\/www.eldiario.net\/portal\/wp-content\/uploads\/2024\/07\/ADUANA-FOTO.jpg","type":"image\/jpeg"}],"author":"Jeanette","twitter_card":"summary_large_image","twitter_creator":"@eldiario_net","twitter_site":"@eldiario_net","twitter_misc":{"Escrito por":"Jeanette","Tiempo de lectura":"2 minutos"},"schema":{"@context":"https:\/\/schema.org","@graph":[{"@type":"Article","@id":"https:\/\/www.eldiario.net\/portal\/2024\/07\/30\/amplian-atencion-en-paso-fronterizo-con-paraguay\/#article","isPartOf":{"@id":"https:\/\/www.eldiario.net\/portal\/2024\/07\/30\/amplian-atencion-en-paso-fronterizo-con-paraguay\/"},"author":{"name":"Jeanette","@id":"https:\/\/www.eldiario.net\/portal\/#\/schema\/person\/f46445640444750d7d753ccd04ae01b7"},"headline":"Ampl\u00edan atenci\u00f3n en paso fronterizo con Paraguay","datePublished":"2024-07-30T10:21:01+00:00","mainEntityOfPage":{"@id":"https:\/\/www.eldiario.net\/portal\/2024\/07\/30\/amplian-atencion-en-paso-fronterizo-con-paraguay\/"},"wordCount":422,"commentCount":0,"publisher":{"@id":"https:\/\/www.eldiario.net\/portal\/#organization"},"image":{"@id":"https:\/\/www.eldiario.net\/portal\/2024\/07\/30\/amplian-atencion-en-paso-fronterizo-con-paraguay\/#primaryimage"},"thumbnailUrl":"https:\/\/www.eldiario.net\/portal\/wp-content\/uploads\/2024\/07\/ADUANA-FOTO.jpg","articleSection":["Econom\u00eda"],"inLanguage":"es","potentialAction":[{"@type":"CommentAction","name":"Comment","target":["https:\/\/www.eldiario.net\/portal\/2024\/07\/30\/amplian-atencion-en-paso-fronterizo-con-paraguay\/#respond"]}]},{"@type":"WebPage","@id":"https:\/\/www.eldiario.net\/portal\/2024\/07\/30\/amplian-atencion-en-paso-fronterizo-con-paraguay\/","url":"https:\/\/www.eldiario.net\/portal\/2024\/07\/30\/amplian-atencion-en-paso-fronterizo-con-paraguay\/","name":"Ampl\u00edan atenci\u00f3n en paso fronterizo con Paraguay - El Diario - Bolivia","isPartOf":{"@id":"https:\/\/www.eldiario.net\/portal\/#website"},"primaryImageOfPage":{"@id":"https:\/\/www.eldiario.net\/portal\/2024\/07\/30\/amplian-atencion-en-paso-fronterizo-con-paraguay\/#primaryimage"},"image":{"@id":"https:\/\/www.eldiario.net\/portal\/2024\/07\/30\/amplian-atencion-en-paso-fronterizo-con-paraguay\/#primaryimage"},"thumbnailUrl":"https:\/\/www.eldiario.net\/portal\/wp-content\/uploads\/2024\/07\/ADUANA-FOTO.jpg","datePublished":"2024-07-30T10:21:01+00:00","breadcrumb":{"@id":"https:\/\/www.eldiario.net\/portal\/2024\/07\/30\/amplian-atencion-en-paso-fronterizo-con-paraguay\/#breadcrumb"},"inLanguage":"es","potentialAction":[{"@type":"ReadAction","target":["https:\/\/www.eldiario.net\/portal\/2024\/07\/30\/amplian-atencion-en-paso-fronterizo-con-paraguay\/"]}]},{"@type":"ImageObject","inLanguage":"es","@id":"https:\/\/www.eldiario.net\/portal\/2024\/07\/30\/amplian-atencion-en-paso-fronterizo-con-paraguay\/#primaryimage","url":"https:\/\/www.eldiario.net\/portal\/wp-content\/uploads\/2024\/07\/ADUANA-FOTO.jpg","contentUrl":"https:\/\/www.eldiario.net\/portal\/wp-content\/uploads\/2024\/07\/ADUANA-FOTO.jpg","width":1124,"height":750,"caption":"Presidenta de Aduana Nacional, Karina Serrudo. Foto EL DIARIO"},{"@type":"BreadcrumbList","@id":"https:\/\/www.eldiario.net\/portal\/2024\/07\/30\/amplian-atencion-en-paso-fronterizo-con-paraguay\/#breadcrumb","itemListElement":[{"@type":"ListItem","position":1,"name":"Portada","item":"https:\/\/www.eldiario.net\/portal\/"},{"@type":"ListItem","position":2,"name":"Ampl\u00edan atenci\u00f3n en paso fronterizo con Paraguay"}]},{"@type":"WebSite","@id":"https:\/\/www.eldiario.net\/portal\/#website","url":"https:\/\/www.eldiario.net\/portal\/","name":"El Diario - Decano de la prensa nacional","description":"El Diario - Decano de la prensa nacional","publisher":{"@id":"https:\/\/www.eldiario.net\/portal\/#organization"},"potentialAction":[{"@type":"SearchAction","target":{"@type":"EntryPoint","urlTemplate":"https:\/\/www.eldiario.net\/portal\/?s={search_term_string}"},"query-input":{"@type":"PropertyValueSpecification","valueRequired":true,"valueName":"search_term_string"}}],"inLanguage":"es"},{"@type":"Organization","@id":"https:\/\/www.eldiario.net\/portal\/#organization","name":"El Diario - Decano de la prensa nacional","url":"https:\/\/www.eldiario.net\/portal\/","logo":{"@type":"ImageObject","inLanguage":"es","@id":"https:\/\/www.eldiario.net\/portal\/#\/schema\/logo\/image\/","url":"https:\/\/www.eldiario.net\/portal\/wp-content\/uploads\/2023\/07\/logo_ED.jpg","contentUrl":"https:\/\/www.eldiario.net\/portal\/wp-content\/uploads\/2023\/07\/logo_ED.jpg","width":272,"height":52,"caption":"El Diario - Decano de la prensa nacional"},"image":{"@id":"https:\/\/www.eldiario.net\/portal\/#\/schema\/logo\/image\/"},"sameAs":["https:\/\/www.facebook.com\/eldiario.bolivia\/","https:\/\/x.com\/eldiario_net"]},{"@type":"Person","@id":"https:\/\/www.eldiario.net\/portal\/#\/schema\/person\/f46445640444750d7d753ccd04ae01b7","name":"Jeanette","image":{"@type":"ImageObject","inLanguage":"es","@id":"https:\/\/secure.gravatar.com\/avatar\/3ea2118a5f7dad2b7138b1187a6b7ee55f160b9968b66013c3a3ef39dd7e5798?s=96&d=mm&r=g","url":"https:\/\/secure.gravatar.com\/avatar\/3ea2118a5f7dad2b7138b1187a6b7ee55f160b9968b66013c3a3ef39dd7e5798?s=96&d=mm&r=g","contentUrl":"https:\/\/secure.gravatar.com\/avatar\/3ea2118a5f7dad2b7138b1187a6b7ee55f160b9968b66013c3a3ef39dd7e5798?s=96&d=mm&r=g","caption":"Jeanette"},"sameAs":["https:\/\/www.eldiario.net\/portal"],"url":"https:\/\/www.eldiario.net\/portal\/author\/jeanette\/"}]}},"_links":{"self":[{"href":"https:\/\/www.eldiario.net\/portal\/wp-json\/wp\/v2\/posts\/237373","targetHints":{"allow":["GET"]}}],"collection":[{"href":"https:\/\/www.eldiario.net\/portal\/wp-json\/wp\/v2\/posts"}],"about":[{"href":"https:\/\/www.eldiario.net\/portal\/wp-json\/wp\/v2\/types\/post"}],"author":[{"embeddable":true,"href":"https:\/\/www.eldiario.net\/portal\/wp-json\/wp\/v2\/users\/1"}],"replies":[{"embeddable":true,"href":"https:\/\/www.eldiario.net\/portal\/wp-json\/wp\/v2\/comments?post=237373"}],"version-history":[{"count":1,"href":"https:\/\/www.eldiario.net\/portal\/wp-json\/wp\/v2\/posts\/237373\/revisions"}],"predecessor-version":[{"id":237375,"href":"https:\/\/www.eldiario.net\/portal\/wp-json\/wp\/v2\/posts\/237373\/revisions\/237375"}],"wp:featuredmedia":[{"embeddable":true,"href":"https:\/\/www.eldiario.net\/portal\/wp-json\/wp\/v2\/media\/237374"}],"wp:attachment":[{"href":"https:\/\/www.eldiario.net\/portal\/wp-json\/wp\/v2\/media?parent=237373"}],"wp:term":[{"taxonomy":"category","embeddable":true,"href":"https:\/\/www.eldiario.net\/portal\/wp-json\/wp\/v2\/categories?post=237373"},{"taxonomy":"post_tag","embeddable":true,"href":"https:\/\/www.eldiario.net\/portal\/wp-json\/wp\/v2\/tags?post=237373"}],"curies":[{"name":"wp","href":"https:\/\/api.w.org\/{rel}","templated":true}]}}